{"id":8167,"date":"2026-04-30T14:12:08","date_gmt":"2026-04-30T20:12:08","guid":{"rendered":"https:\/\/coparmexjal.org.mx\/entorno-empresarial\/?p=8167"},"modified":"2026-04-30T14:12:09","modified_gmt":"2026-04-30T20:12:09","slug":"incertidumbre-estrategia","status":"publish","type":"post","link":"https:\/\/coparmexjal.org.mx\/entorno-empresarial\/incertidumbre-estrategia\/","title":{"rendered":"Innovaci\u00f3n en tiempos inciertos"},"content":{"rendered":"\n<p><em>Una br\u00fajula para los l\u00edderes de la empresa mexicana<\/em><\/p>\n\n\n\n<p>La incertidumbre dej\u00f3 de ser un episodio para convertirse en el clima permanente de los negocios. Tipos de cambio que se mueven sin previo aviso, cadenas de suministro que se reordenan en cuesti\u00f3n de semanas, regulaciones que cambian de sentido entre una administraci\u00f3n y otra, y una ola tecnol\u00f3gica \u2014encabezada por la inteligencia artificial\u2014 que reescribe procesos enteros antes de que el director general termine de aprobar el presupuesto del a\u00f1o. Para el empresario, acostumbrado a planear con un horizonte de tres a cinco a\u00f1os, esta nueva normalidad puede sentirse como conducir con la mitad del parabrisas empa\u00f1ado.<\/p>\n\n\n\n<p>Y sin embargo, es justamente en esa neblina donde la innovaci\u00f3n cobra su sentido m\u00e1s profundo. No la innovaci\u00f3n entendida como adquirir la herramienta de moda, ni como un departamento que produce prototipos vistosos, sino la innovaci\u00f3n como disciplina de adaptaci\u00f3n deliberada. La pregunta que separa a las empresas que prosperar\u00e1n de las que apenas sobrevivir\u00e1n no es \u00bfcu\u00e1nto vamos a invertir en tecnolog\u00eda? sino: \u00bfen qu\u00e9 resultado concreto queremos mover la aguja, y c\u00f3mo sabremos, mes con mes, si lo estamos logrando?<\/p>\n\n\n\n<h2 class=\"wp-block-heading\"><strong>El espejismo de innovar por innovar<\/strong><\/h2>\n\n\n\n<p>La tentaci\u00f3n est\u00e1 en todas partes. Un competidor anuncia una plataforma con IA generativa y, al d\u00eda siguiente, el comit\u00e9 directivo pide &#8220;que nosotros tambi\u00e9n tengamos una&#8221;. Un proveedor presenta un dashboard impresionante y, sin m\u00e1s diagn\u00f3stico, se firma el contrato. Innovar se vuelve un verbo defensivo, una forma de calmar la ansiedad ejecutiva. El problema es que la innovaci\u00f3n sin foco consume tres recursos que la empresa mediana no puede desperdiciar: capital, atenci\u00f3n directiva y la paciencia de los equipos.<\/p>\n\n\n\n<p>Los datos son elocuentes: menos del 3% de las empresas mexicanas ha incorporado tecnolog\u00edas avanzadas como inteligencia artificial, rob\u00f3tica o impresi\u00f3n 3D, y apenas el 0.5% reporta uso formal de IA<em> (INEGI, Censos Econ\u00f3micos 2024). <\/em>La buena noticia es que el rezago es tambi\u00e9n una ventana: el 72% de los trabajadores de oficina en M\u00e9xico ya utilizan alguna forma de IA en su trabajo, una base m\u00e1s s\u00f3lida de la que muchos suponen para dar el siguiente salto. La mala es que el salto solo rendir\u00e1 si est\u00e1 orientado por una pregunta clara: \u00bfqu\u00e9 queremos cambiar?<\/p>\n\n\n\n<h2 class=\"wp-block-heading\"><strong>Innovaci\u00f3n con prop\u00f3sito: la disciplina del foco<\/strong><\/h2>\n\n\n\n<p>Llamemos a este enfoque <strong>innovaci\u00f3n con prop\u00f3sito<\/strong> \u2014o, si se prefiere, <strong>innovaci\u00f3n con foco<\/strong>\u2014. Su premisa es sencilla y, por lo mismo, exigente: cada iniciativa de innovaci\u00f3n debe estar atada a un resultado espec\u00edfico que la empresa quiere mover (un margen, un tiempo de ciclo, un \u00edndice de retenci\u00f3n, un costo de adquisici\u00f3n), debe expresarse en una hip\u00f3tesis verificable y debe medirse de forma continua para confirmar \u2014o desmentir\u2014 que la hip\u00f3tesis se est\u00e1 cumpliendo.<\/p>\n\n\n\n<p>Esa \u00faltima parte es la m\u00e1s inc\u00f3moda. Medir continuamente significa aceptar que muchas iniciativas no funcionar\u00e1n, y que descubrirlo pronto es una victoria, no una derrota. La empresa que mide, aprende; la que solo invierte, apuesta. En tiempos inciertos, apostar es un lujo que pocos se pueden permitir.<\/p>\n\n\n\n<p><em>\u201cToda persona, organizaci\u00f3n e incluso sociedad llega a un punto en que se debe a s\u00ed misma &#8216;pulsar refresh&#8217;: reenergizarse, renovarse, replantearse y repensar su prop\u00f3sito.\u201d<\/em>&nbsp; \u2014 Satya Nadella, Hit Refresh (2017)<\/p>\n\n\n\n<p>Nadella, al frente de la transformaci\u00f3n cultural de Microsoft, llev\u00f3 esta idea a su libro <em>Hit Refresh<\/em>. Su diagn\u00f3stico para una organizaci\u00f3n que se hab\u00eda vuelto r\u00edgida fue, antes que t\u00e9cnico, cultural: pasar de una cultura del <em>know-it-all<\/em> \u2014el que ya lo sabe todo\u2014 a una del <em>learn-it-all<\/em> \u2014el que aprende todo el tiempo\u2014. Para la empresa mediana mexicana, donde el fundador o el director general suelen concentrar la decisi\u00f3n y el conocimiento, esta distinci\u00f3n es cr\u00edtica: la innovaci\u00f3n con prop\u00f3sito requiere que la organizaci\u00f3n entera tenga permiso de aprender, de proponer y, sobre todo, de equivocarse a tiempo.<\/p>\n\n\n\n<h2 class=\"wp-block-heading\"><strong>El &#8220;por qu\u00e9&#8221; como ancla en la tormenta<\/strong><\/h2>\n\n\n\n<p>Si Nadella ofrece la actitud, Simon Sinek ofrece la br\u00fajula. Su tesis, reiterada en <em>Start with Why<\/em> y profundizada en <em>The Infinite Game<\/em>, es que las organizaciones duraderas se distinguen no por lo que hacen, sino por la claridad del por qu\u00e9 lo hacen. En entornos vol\u00e1tiles, esa claridad es el ancla que impide que la empresa cambie de estrategia con cada titular.<\/p>\n\n\n\n<p><em>\u201cUn l\u00edder con mentalidad infinita no busca solo construir una empresa que resista el cambio, sino una que pueda ser transformada por \u00e9l.\u201d<\/em>&nbsp; \u2014 Simon Sinek, The Infinite Game (2019)<\/p>\n\n\n\n<p>La distinci\u00f3n importa. Resistir el cambio es una postura defensiva: levantar muros, esperar que pase la tormenta. Ser transformado por \u00e9l, en cambio, supone una actitud activa: usar la presi\u00f3n externa como palanca para reordenar capacidades, replantear el modelo y descubrir mercados que antes no exist\u00edan. Las empresas mexicanas que sobrevivieron a la pandemia y crecieron despu\u00e9s fueron, casi sin excepci\u00f3n, las que se dejaron transformar.<\/p>\n\n\n\n<h2 class=\"wp-block-heading\"><strong>La energ\u00eda humana detr\u00e1s de la innovaci\u00f3n<\/strong><\/h2>\n\n\n\n<p>Toda estrategia de innovaci\u00f3n es, al final, una apuesta por la energ\u00eda de las personas. Y aqu\u00ed Daniel Pink aporta una pieza que muchos directivos pasan por alto. En <em>Drive<\/em>, Pink sintetiza d\u00e9cadas de investigaci\u00f3n en psicolog\u00eda organizacional para concluir que la motivaci\u00f3n intr\u00ednseca \u2014la que mueve a alguien a dar lo mejor de s\u00ed sin que se lo paguen extra\u2014 se sostiene en tres pilares: <strong>autonom\u00eda, maestr\u00eda y prop\u00f3sito<\/strong>. Los bonos y las metas trimestrales sirven para tareas mec\u00e1nicas; cuando se trata de problemas complejos y creativos \u2014que es donde vive la innovaci\u00f3n\u2014 son insuficientes y, en muchos casos, contraproducentes.<\/p>\n\n\n\n<p>Para el l\u00edder de una empresa mediana esto se traduce en preguntas concretas: \u00bfle doy a mi equipo de operaciones espacio real para experimentar con nuevas formas de hacer, o cada cambio tiene que pasar por mi escritorio? \u00bfInvierto en que mi gente domine las herramientas digitales que ya tenemos, o saturamos la agenda con licencias nuevas que nadie usa? \u00bfLa iniciativa de innovaci\u00f3n est\u00e1 conectada con un prop\u00f3sito que el almacenista y la contadora puedan repetir con sus propias palabras?<\/p>\n\n\n\n<h2 class=\"wp-block-heading\"><strong>Medir como acto de honestidad<\/strong><\/h2>\n\n\n\n<p>La innovaci\u00f3n con prop\u00f3sito vive o muere en el tablero. No basta declarar el resultado deseado; hay que instrumentarlo. Tres reglas pr\u00e1cticas:<\/p>\n\n\n\n<ul class=\"wp-block-list\">\n<li><strong>Una m\u00e9trica de resultado por iniciativa, no diez. <\/strong>Si todo es importante, nada lo es. La empresa mediana suele tener tiempo para mover dos o tres palancas reales por a\u00f1o.<\/li>\n\n\n\n<li><strong>Cadencia mensual de revisi\u00f3n, con datos, no con an\u00e9cdotas. <\/strong>La pregunta no es &#8220;\u00bfc\u00f3mo van?&#8221;, sino &#8220;\u00bfqu\u00e9 muestran los n\u00fameros?&#8221;. Aceptar que un proyecto no est\u00e1 moviendo la m\u00e9trica es informaci\u00f3n valiosa: libera capital y atenci\u00f3n para la siguiente apuesta.<\/li>\n\n\n\n<li><strong>Plazos de aprendizaje, no plazos de \u00e9xito. <\/strong>En lugar de comprometerse a &#8220;lograr X en seis meses&#8221;, comprometerse a &#8220;saber en seis meses si X es posible&#8221;. Es un cambio sutil de lenguaje con un efecto enorme sobre la cultura.<\/li>\n<\/ul>\n\n\n\n<p><em>\u201cEl \u00e9xito puede llevar a las personas a desaprender los h\u00e1bitos que las hicieron exitosas.\u201d<\/em>&nbsp; \u2014 Satya Nadella, Hit Refresh (2017)<\/p>\n\n\n\n<h2 class=\"wp-block-heading\"><strong>Cinco recomendaciones para el director que lee esto un lunes por la ma\u00f1ana<\/strong><\/h2>\n\n\n\n<ul class=\"wp-block-list\">\n<li><strong>Defina un \u00fanico resultado de negocio para los pr\u00f3ximos doce meses. <\/strong>Margen, ciclo de cobranza, retenci\u00f3n de clientes, productividad por colaborador. Uno. Comun\u00edquelo en cada junta hasta que canse.<\/li>\n\n\n\n<li><strong>Convierta cada iniciativa en una hip\u00f3tesis. <\/strong>&#8220;Si automatizamos la cotizaci\u00f3n con IA, reduciremos el tiempo de respuesta a clientes en 40% sin afectar la conversi\u00f3n&#8221;. Hip\u00f3tesis verificable, no aspiraci\u00f3n.<\/li>\n\n\n\n<li><strong>Asigne presupuesto en tramos. <\/strong>Libere fondos por etapas, atados a evidencia. La empresa mediana no puede darse el lujo de comprometer un a\u00f1o entero de inversi\u00f3n antes de la primera medici\u00f3n.<\/li>\n\n\n\n<li><strong>Invierta en aprendizaje, no solo en herramientas. <\/strong>Una licencia de IA sin un programa serio de formaci\u00f3n es una factura. Un programa de formaci\u00f3n sin licencia es un curr\u00edculum. Lo poderoso es la combinaci\u00f3n, en ese orden.<\/li>\n\n\n\n<li><strong>Proteja a quien reporta resultados inc\u00f3modos. <\/strong>La cultura del &#8220;learn-it-all&#8221; se construye o se destruye en la primera junta donde alguien dice: &#8220;esto no funcion\u00f3, esto aprendimos&#8221;.<\/li>\n<\/ul>\n\n\n\n<h2 class=\"wp-block-heading\"><strong>La innovaci\u00f3n como h\u00e1bito, no como evento<\/strong><\/h2>\n\n\n\n<p>Las empresas medianas tienen una ventaja estructural que rara vez se reconoce: son lo bastante grandes para tener m\u00fasculo y lo bastante chicas para girar el barco. En tiempos inciertos, esa combinaci\u00f3n \u2014si se dirige con prop\u00f3sito y se mide con honestidad\u2014 es dif\u00edcil de igualar para los gigantes y para los emprendimientos j\u00f3venes.<\/p>\n\n\n\n<p>La innovaci\u00f3n, vista as\u00ed, no es un evento del que se sale con un nuevo software, sino un h\u00e1bito que se cultiva en cada junta de los lunes. No promete certezas; promete algo m\u00e1s \u00fatil: la capacidad de ajustar el rumbo antes que los dem\u00e1s. Esa, en un pa\u00eds y en una \u00e9poca como las nuestras, es probablemente la \u00fanica ventaja competitiva que el tiempo no erosiona.<\/p>\n\n\n\n<h2 class=\"wp-block-heading\"><strong>Referencias<\/strong><\/h2>\n\n\n\n<ol class=\"wp-block-list\">\n<li>Nadella, S. (2017). <em>Hit Refresh: The Quest to Rediscover Microsoft&#8217;s Soul and Imagine a Better Future for Everyone<\/em>. Nueva York: HarperBusiness.<\/li>\n\n\n\n<li>Sinek, S. (2009). <em>Start with Why: How Great Leaders Inspire Everyone to Take Action<\/em>. Nueva York: Portfolio \/ Penguin.<\/li>\n\n\n\n<li>Sinek, S. (2019). <em>The Infinite Game<\/em>. Nueva York: Portfolio \/ Penguin.<\/li>\n\n\n\n<li>Pink, D. H. (2009). <em>Drive: The Surprising Truth About What Motivates Us<\/em>. Nueva York: Riverhead Books.<\/li>\n\n\n\n<li>Instituto Nacional de Estad\u00edstica y Geograf\u00eda (2024). <em>Censos Econ\u00f3micos 2024. Resultados oportunos<\/em>. M\u00e9xico: INEGI. Disponible en <a href=\"https:\/\/censoseconomicos2024.mx\/\">https:\/\/censoseconomicos2024.mx\/<\/a>.<\/li>\n\n\n\n<li>Instituto Nacional de Estad\u00edstica y Geograf\u00eda (2024). <em>Estad\u00edsticas a prop\u00f3sito de las MIPYMES (D\u00eda Mundial de las MIPYMES)<\/em>. M\u00e9xico: INEGI. Disponible en <a href=\"https:\/\/www.inegi.org.mx\/contenidos\/saladeprensa\/aproposito\/2024\/EAP_MIPYMES24.pdf\">https:\/\/www.inegi.org.mx\/contenidos\/saladeprensa\/aproposito\/2024\/EAP_MIPYMES24.pdf<\/a>.<\/li>\n\n\n\n<li>IDC &amp; Microsoft (2024). <em>2024 Business Opportunity of AI<\/em>. Disponible en <a href=\"https:\/\/blogs.microsoft.com\/blog\/2024\/11\/12\/idcs-2024-ai-opportunity-study-top-five-ai-trends-to-watch\/\">https:\/\/blogs.microsoft.com\/blog\/2024\/11\/12\/idcs-2024-ai-opportunity-study-top-five-ai-trends-to-watch\/<\/a>.<\/li>\n<\/ol>\n","protected":false},"excerpt":{"rendered":"<p>Una br\u00fajula para los l\u00edderes de la empresa mexicana La incertidumbre dej\u00f3 de ser un episodio para convertirse en el clima permanente de los negocios.<\/p>\n","protected":false},"author":14,"featured_media":8168,"comment_status":"open","ping_status":"open","sticky":false,"template":"","format":"standard","meta":{"footnotes":""},"categories":[495],"tags":[957,1118,1945,1016],"class_list":["post-8167","post","type-post","status-publish","format-standard","has-post-thumbnail","hentry","category-innovacion","tag-innovacion-empresarial","tag-inteligencia-artificial","tag-liderazgo-estrategico","tag-transformacion-digital"],"yoast_head":"<!-- This site is optimized with the Yoast SEO plugin v27.5 - https:\/\/yoast.com\/product\/yoast-seo-wordpress\/ -->\n<title>Liderazgo e innovaci\u00f3n en tiempos inciertos: claves para crecer<\/title>\n<meta name=\"description\" content=\"Mejora tu estrategia empresarial con innovaci\u00f3n enfocada en resultados y adapta tu empresa a la incertidumbre actual.\" \/>\n<meta name=\"robots\" content=\"index, follow, max-snippet:-1, max-image-preview:large, max-video-preview:-1\" \/>\n<link rel=\"canonical\" href=\"https:\/\/coparmexjal.org.mx\/entorno-empresarial\/incertidumbre-estrategia\/\" \/>\n<meta property=\"og:locale\" content=\"es_MX\" \/>\n<meta property=\"og:type\" content=\"article\" \/>\n<meta property=\"og:title\" content=\"Liderazgo e innovaci\u00f3n en tiempos inciertos: claves para crecer\" \/>\n<meta property=\"og:description\" content=\"Mejora tu estrategia empresarial con innovaci\u00f3n enfocada en resultados y adapta tu empresa a la incertidumbre actual.\" \/>\n<meta property=\"og:url\" content=\"https:\/\/coparmexjal.org.mx\/entorno-empresarial\/incertidumbre-estrategia\/\" \/>\n<meta property=\"og:site_name\" content=\"Entorno Empresarial\" \/>\n<meta property=\"article:publisher\" content=\"https:\/\/facebook.com\/comcoparmex\" \/>\n<meta property=\"article:published_time\" content=\"2026-04-30T20:12:08+00:00\" \/>\n<meta property=\"article:modified_time\" content=\"2026-04-30T20:12:09+00:00\" \/>\n<meta property=\"og:image\" content=\"https:\/\/coparmexjal.org.mx\/entorno-empresarial\/wp-content\/uploads\/2026\/04\/innovacion-en-tiempos-inciertos.jpg\" \/>\n\t<meta property=\"og:image:width\" content=\"1427\" \/>\n\t<meta property=\"og:image:height\" content=\"800\" \/>\n\t<meta property=\"og:image:type\" content=\"image\/jpeg\" \/>\n<meta name=\"author\" content=\"Juan Demetrio Panas Aguilera\" \/>\n<meta name=\"twitter:card\" content=\"summary_large_image\" \/>\n<meta name=\"twitter:creator\" content=\"@comcoparmex\" \/>\n<meta name=\"twitter:site\" content=\"@comcoparmex\" \/>\n<meta name=\"twitter:label1\" content=\"Escrito por\" \/>\n\t<meta name=\"twitter:data1\" content=\"Juan Demetrio Panas Aguilera\" \/>\n\t<meta name=\"twitter:label2\" content=\"Tiempo de lectura\" \/>\n\t<meta name=\"twitter:data2\" content=\"8 minutos\" \/>\n<script type=\"application\/ld+json\" class=\"yoast-schema-graph\">{\"@context\":\"https:\\\/\\\/schema.org\",\"@graph\":[{\"@type\":\"Article\",\"@id\":\"https:\\\/\\\/coparmexjal.org.mx\\\/entorno-empresarial\\\/incertidumbre-estrategia\\\/#article\",\"isPartOf\":{\"@id\":\"https:\\\/\\\/coparmexjal.org.mx\\\/entorno-empresarial\\\/incertidumbre-estrategia\\\/\"},\"author\":{\"name\":\"Juan Demetrio Panas Aguilera\",\"@id\":\"https:\\\/\\\/coparmexjal.org.mx\\\/entorno-empresarial\\\/#\\\/schema\\\/person\\\/23a2117f422f0ffd14a1b65d19bae873\"},\"headline\":\"Innovaci\u00f3n en tiempos inciertos\",\"datePublished\":\"2026-04-30T20:12:08+00:00\",\"dateModified\":\"2026-04-30T20:12:09+00:00\",\"mainEntityOfPage\":{\"@id\":\"https:\\\/\\\/coparmexjal.org.mx\\\/entorno-empresarial\\\/incertidumbre-estrategia\\\/\"},\"wordCount\":1706,\"commentCount\":0,\"publisher\":{\"@id\":\"https:\\\/\\\/coparmexjal.org.mx\\\/entorno-empresarial\\\/#organization\"},\"image\":{\"@id\":\"https:\\\/\\\/coparmexjal.org.mx\\\/entorno-empresarial\\\/incertidumbre-estrategia\\\/#primaryimage\"},\"thumbnailUrl\":\"https:\\\/\\\/coparmexjal.org.mx\\\/entorno-empresarial\\\/wp-content\\\/uploads\\\/2026\\\/04\\\/innovacion-en-tiempos-inciertos.jpg\",\"keywords\":[\"Innovaci\u00f3n empresarial\",\"inteligencia artificial\",\"liderazgo estrat\u00e9gico\",\"Transformaci\u00f3n Digital\"],\"articleSection\":[\"Innovaci\u00f3n\"],\"inLanguage\":\"es\",\"potentialAction\":[{\"@type\":\"CommentAction\",\"name\":\"Comment\",\"target\":[\"https:\\\/\\\/coparmexjal.org.mx\\\/entorno-empresarial\\\/incertidumbre-estrategia\\\/#respond\"]}]},{\"@type\":\"WebPage\",\"@id\":\"https:\\\/\\\/coparmexjal.org.mx\\\/entorno-empresarial\\\/incertidumbre-estrategia\\\/\",\"url\":\"https:\\\/\\\/coparmexjal.org.mx\\\/entorno-empresarial\\\/incertidumbre-estrategia\\\/\",\"name\":\"Liderazgo e innovaci\u00f3n en tiempos inciertos: claves para crecer\",\"isPartOf\":{\"@id\":\"https:\\\/\\\/coparmexjal.org.mx\\\/entorno-empresarial\\\/#website\"},\"primaryImageOfPage\":{\"@id\":\"https:\\\/\\\/coparmexjal.org.mx\\\/entorno-empresarial\\\/incertidumbre-estrategia\\\/#primaryimage\"},\"image\":{\"@id\":\"https:\\\/\\\/coparmexjal.org.mx\\\/entorno-empresarial\\\/incertidumbre-estrategia\\\/#primaryimage\"},\"thumbnailUrl\":\"https:\\\/\\\/coparmexjal.org.mx\\\/entorno-empresarial\\\/wp-content\\\/uploads\\\/2026\\\/04\\\/innovacion-en-tiempos-inciertos.jpg\",\"datePublished\":\"2026-04-30T20:12:08+00:00\",\"dateModified\":\"2026-04-30T20:12:09+00:00\",\"description\":\"Mejora tu estrategia empresarial con innovaci\u00f3n enfocada en resultados y adapta tu empresa a la incertidumbre actual.\",\"breadcrumb\":{\"@id\":\"https:\\\/\\\/coparmexjal.org.mx\\\/entorno-empresarial\\\/incertidumbre-estrategia\\\/#breadcrumb\"},\"inLanguage\":\"es\",\"potentialAction\":[{\"@type\":\"ReadAction\",\"target\":[\"https:\\\/\\\/coparmexjal.org.mx\\\/entorno-empresarial\\\/incertidumbre-estrategia\\\/\"]}]},{\"@type\":\"ImageObject\",\"inLanguage\":\"es\",\"@id\":\"https:\\\/\\\/coparmexjal.org.mx\\\/entorno-empresarial\\\/incertidumbre-estrategia\\\/#primaryimage\",\"url\":\"https:\\\/\\\/coparmexjal.org.mx\\\/entorno-empresarial\\\/wp-content\\\/uploads\\\/2026\\\/04\\\/innovacion-en-tiempos-inciertos.jpg\",\"contentUrl\":\"https:\\\/\\\/coparmexjal.org.mx\\\/entorno-empresarial\\\/wp-content\\\/uploads\\\/2026\\\/04\\\/innovacion-en-tiempos-inciertos.jpg\",\"width\":1427,\"height\":800},{\"@type\":\"BreadcrumbList\",\"@id\":\"https:\\\/\\\/coparmexjal.org.mx\\\/entorno-empresarial\\\/incertidumbre-estrategia\\\/#breadcrumb\",\"itemListElement\":[{\"@type\":\"ListItem\",\"position\":1,\"name\":\"Inicio\",\"item\":\"https:\\\/\\\/coparmexjal.org.mx\\\/entorno-empresarial\\\/\"},{\"@type\":\"ListItem\",\"position\":2,\"name\":\"Innovaci\u00f3n en tiempos inciertos\"}]},{\"@type\":\"WebSite\",\"@id\":\"https:\\\/\\\/coparmexjal.org.mx\\\/entorno-empresarial\\\/#website\",\"url\":\"https:\\\/\\\/coparmexjal.org.mx\\\/entorno-empresarial\\\/\",\"name\":\"Revista Entorno Empresarial\",\"description\":\"Coparmex Jalisco\",\"publisher\":{\"@id\":\"https:\\\/\\\/coparmexjal.org.mx\\\/entorno-empresarial\\\/#organization\"},\"potentialAction\":[{\"@type\":\"SearchAction\",\"target\":{\"@type\":\"EntryPoint\",\"urlTemplate\":\"https:\\\/\\\/coparmexjal.org.mx\\\/entorno-empresarial\\\/?s={search_term_string}\"},\"query-input\":{\"@type\":\"PropertyValueSpecification\",\"valueRequired\":true,\"valueName\":\"search_term_string\"}}],\"inLanguage\":\"es\"},{\"@type\":\"Organization\",\"@id\":\"https:\\\/\\\/coparmexjal.org.mx\\\/entorno-empresarial\\\/#organization\",\"name\":\"Coparmex Jalisco\",\"url\":\"https:\\\/\\\/coparmexjal.org.mx\\\/entorno-empresarial\\\/\",\"logo\":{\"@type\":\"ImageObject\",\"inLanguage\":\"es\",\"@id\":\"https:\\\/\\\/coparmexjal.org.mx\\\/entorno-empresarial\\\/#\\\/schema\\\/logo\\\/image\\\/\",\"url\":\"https:\\\/\\\/coparmexjal.org.mx\\\/entorno-empresarial\\\/wp-content\\\/uploads\\\/2020\\\/02\\\/logo-amp.png\",\"contentUrl\":\"https:\\\/\\\/coparmexjal.org.mx\\\/entorno-empresarial\\\/wp-content\\\/uploads\\\/2020\\\/02\\\/logo-amp.png\",\"width\":120,\"height\":90,\"caption\":\"Coparmex Jalisco\"},\"image\":{\"@id\":\"https:\\\/\\\/coparmexjal.org.mx\\\/entorno-empresarial\\\/#\\\/schema\\\/logo\\\/image\\\/\"},\"sameAs\":[\"https:\\\/\\\/facebook.com\\\/comcoparmex\",\"https:\\\/\\\/x.com\\\/comcoparmex\",\"http:\\\/\\\/instagram.com\\\/coparmexjalisco\",\"https:\\\/\\\/mx.linkedin.com\\\/company\\\/coparmex-jalisco\",\"https:\\\/\\\/www.youtube.com\\\/c\\\/CoparmexJaliscomx\"]},{\"@type\":\"Person\",\"@id\":\"https:\\\/\\\/coparmexjal.org.mx\\\/entorno-empresarial\\\/#\\\/schema\\\/person\\\/23a2117f422f0ffd14a1b65d19bae873\",\"name\":\"Juan Demetrio Panas Aguilera\",\"image\":{\"@type\":\"ImageObject\",\"inLanguage\":\"es\",\"@id\":\"https:\\\/\\\/secure.gravatar.com\\\/avatar\\\/c9a8d355795860cd5acb1b4693172b82fbef2cfe971b59a2daf30a0503f34578?s=96&d=mm&r=g\",\"url\":\"https:\\\/\\\/secure.gravatar.com\\\/avatar\\\/c9a8d355795860cd5acb1b4693172b82fbef2cfe971b59a2daf30a0503f34578?s=96&d=mm&r=g\",\"contentUrl\":\"https:\\\/\\\/secure.gravatar.com\\\/avatar\\\/c9a8d355795860cd5acb1b4693172b82fbef2cfe971b59a2daf30a0503f34578?s=96&d=mm&r=g\",\"caption\":\"Juan Demetrio Panas Aguilera\"},\"url\":\"https:\\\/\\\/coparmexjal.org.mx\\\/entorno-empresarial\\\/author\\\/juan-panas\\\/\"}]}<\/script>\n<!-- \/ Yoast SEO plugin. -->","yoast_head_json":{"title":"Liderazgo e innovaci\u00f3n en tiempos inciertos: claves para crecer","description":"Mejora tu estrategia empresarial con innovaci\u00f3n enfocada en resultados y adapta tu empresa a la incertidumbre actual.","robots":{"index":"index","follow":"follow","max-snippet":"max-snippet:-1","max-image-preview":"max-image-preview:large","max-video-preview":"max-video-preview:-1"},"canonical":"https:\/\/coparmexjal.org.mx\/entorno-empresarial\/incertidumbre-estrategia\/","og_locale":"es_MX","og_type":"article","og_title":"Liderazgo e innovaci\u00f3n en tiempos inciertos: claves para crecer","og_description":"Mejora tu estrategia empresarial con innovaci\u00f3n enfocada en resultados y adapta tu empresa a la incertidumbre actual.","og_url":"https:\/\/coparmexjal.org.mx\/entorno-empresarial\/incertidumbre-estrategia\/","og_site_name":"Entorno Empresarial","article_publisher":"https:\/\/facebook.com\/comcoparmex","article_published_time":"2026-04-30T20:12:08+00:00","article_modified_time":"2026-04-30T20:12:09+00:00","og_image":[{"width":1427,"height":800,"url":"https:\/\/coparmexjal.org.mx\/entorno-empresarial\/wp-content\/uploads\/2026\/04\/innovacion-en-tiempos-inciertos.jpg","type":"image\/jpeg"}],"author":"Juan Demetrio Panas Aguilera","twitter_card":"summary_large_image","twitter_creator":"@comcoparmex","twitter_site":"@comcoparmex","twitter_misc":{"Escrito por":"Juan Demetrio Panas Aguilera","Tiempo de lectura":"8 minutos"},"schema":{"@context":"https:\/\/schema.org","@graph":[{"@type":"Article","@id":"https:\/\/coparmexjal.org.mx\/entorno-empresarial\/incertidumbre-estrategia\/#article","isPartOf":{"@id":"https:\/\/coparmexjal.org.mx\/entorno-empresarial\/incertidumbre-estrategia\/"},"author":{"name":"Juan Demetrio Panas Aguilera","@id":"https:\/\/coparmexjal.org.mx\/entorno-empresarial\/#\/schema\/person\/23a2117f422f0ffd14a1b65d19bae873"},"headline":"Innovaci\u00f3n en tiempos inciertos","datePublished":"2026-04-30T20:12:08+00:00","dateModified":"2026-04-30T20:12:09+00:00","mainEntityOfPage":{"@id":"https:\/\/coparmexjal.org.mx\/entorno-empresarial\/incertidumbre-estrategia\/"},"wordCount":1706,"commentCount":0,"publisher":{"@id":"https:\/\/coparmexjal.org.mx\/entorno-empresarial\/#organization"},"image":{"@id":"https:\/\/coparmexjal.org.mx\/entorno-empresarial\/incertidumbre-estrategia\/#primaryimage"},"thumbnailUrl":"https:\/\/coparmexjal.org.mx\/entorno-empresarial\/wp-content\/uploads\/2026\/04\/innovacion-en-tiempos-inciertos.jpg","keywords":["Innovaci\u00f3n empresarial","inteligencia artificial","liderazgo estrat\u00e9gico","Transformaci\u00f3n Digital"],"articleSection":["Innovaci\u00f3n"],"inLanguage":"es","potentialAction":[{"@type":"CommentAction","name":"Comment","target":["https:\/\/coparmexjal.org.mx\/entorno-empresarial\/incertidumbre-estrategia\/#respond"]}]},{"@type":"WebPage","@id":"https:\/\/coparmexjal.org.mx\/entorno-empresarial\/incertidumbre-estrategia\/","url":"https:\/\/coparmexjal.org.mx\/entorno-empresarial\/incertidumbre-estrategia\/","name":"Liderazgo e innovaci\u00f3n en tiempos inciertos: claves para crecer","isPartOf":{"@id":"https:\/\/coparmexjal.org.mx\/entorno-empresarial\/#website"},"primaryImageOfPage":{"@id":"https:\/\/coparmexjal.org.mx\/entorno-empresarial\/incertidumbre-estrategia\/#primaryimage"},"image":{"@id":"https:\/\/coparmexjal.org.mx\/entorno-empresarial\/incertidumbre-estrategia\/#primaryimage"},"thumbnailUrl":"https:\/\/coparmexjal.org.mx\/entorno-empresarial\/wp-content\/uploads\/2026\/04\/innovacion-en-tiempos-inciertos.jpg","datePublished":"2026-04-30T20:12:08+00:00","dateModified":"2026-04-30T20:12:09+00:00","description":"Mejora tu estrategia empresarial con innovaci\u00f3n enfocada en resultados y adapta tu empresa a la incertidumbre actual.","breadcrumb":{"@id":"https:\/\/coparmexjal.org.mx\/entorno-empresarial\/incertidumbre-estrategia\/#breadcrumb"},"inLanguage":"es","potentialAction":[{"@type":"ReadAction","target":["https:\/\/coparmexjal.org.mx\/entorno-empresarial\/incertidumbre-estrategia\/"]}]},{"@type":"ImageObject","inLanguage":"es","@id":"https:\/\/coparmexjal.org.mx\/entorno-empresarial\/incertidumbre-estrategia\/#primaryimage","url":"https:\/\/coparmexjal.org.mx\/entorno-empresarial\/wp-content\/uploads\/2026\/04\/innovacion-en-tiempos-inciertos.jpg","contentUrl":"https:\/\/coparmexjal.org.mx\/entorno-empresarial\/wp-content\/uploads\/2026\/04\/innovacion-en-tiempos-inciertos.jpg","width":1427,"height":800},{"@type":"BreadcrumbList","@id":"https:\/\/coparmexjal.org.mx\/entorno-empresarial\/incertidumbre-estrategia\/#breadcrumb","itemListElement":[{"@type":"ListItem","position":1,"name":"Inicio","item":"https:\/\/coparmexjal.org.mx\/entorno-empresarial\/"},{"@type":"ListItem","position":2,"name":"Innovaci\u00f3n en tiempos inciertos"}]},{"@type":"WebSite","@id":"https:\/\/coparmexjal.org.mx\/entorno-empresarial\/#website","url":"https:\/\/coparmexjal.org.mx\/entorno-empresarial\/","name":"Revista Entorno Empresarial","description":"Coparmex Jalisco","publisher":{"@id":"https:\/\/coparmexjal.org.mx\/entorno-empresarial\/#organization"},"potentialAction":[{"@type":"SearchAction","target":{"@type":"EntryPoint","urlTemplate":"https:\/\/coparmexjal.org.mx\/entorno-empresarial\/?s={search_term_string}"},"query-input":{"@type":"PropertyValueSpecification","valueRequired":true,"valueName":"search_term_string"}}],"inLanguage":"es"},{"@type":"Organization","@id":"https:\/\/coparmexjal.org.mx\/entorno-empresarial\/#organization","name":"Coparmex Jalisco","url":"https:\/\/coparmexjal.org.mx\/entorno-empresarial\/","logo":{"@type":"ImageObject","inLanguage":"es","@id":"https:\/\/coparmexjal.org.mx\/entorno-empresarial\/#\/schema\/logo\/image\/","url":"https:\/\/coparmexjal.org.mx\/entorno-empresarial\/wp-content\/uploads\/2020\/02\/logo-amp.png","contentUrl":"https:\/\/coparmexjal.org.mx\/entorno-empresarial\/wp-content\/uploads\/2020\/02\/logo-amp.png","width":120,"height":90,"caption":"Coparmex Jalisco"},"image":{"@id":"https:\/\/coparmexjal.org.mx\/entorno-empresarial\/#\/schema\/logo\/image\/"},"sameAs":["https:\/\/facebook.com\/comcoparmex","https:\/\/x.com\/comcoparmex","http:\/\/instagram.com\/coparmexjalisco","https:\/\/mx.linkedin.com\/company\/coparmex-jalisco","https:\/\/www.youtube.com\/c\/CoparmexJaliscomx"]},{"@type":"Person","@id":"https:\/\/coparmexjal.org.mx\/entorno-empresarial\/#\/schema\/person\/23a2117f422f0ffd14a1b65d19bae873","name":"Juan Demetrio Panas Aguilera","image":{"@type":"ImageObject","inLanguage":"es","@id":"https:\/\/secure.gravatar.com\/avatar\/c9a8d355795860cd5acb1b4693172b82fbef2cfe971b59a2daf30a0503f34578?s=96&d=mm&r=g","url":"https:\/\/secure.gravatar.com\/avatar\/c9a8d355795860cd5acb1b4693172b82fbef2cfe971b59a2daf30a0503f34578?s=96&d=mm&r=g","contentUrl":"https:\/\/secure.gravatar.com\/avatar\/c9a8d355795860cd5acb1b4693172b82fbef2cfe971b59a2daf30a0503f34578?s=96&d=mm&r=g","caption":"Juan Demetrio Panas Aguilera"},"url":"https:\/\/coparmexjal.org.mx\/entorno-empresarial\/author\/juan-panas\/"}]}},"_links":{"self":[{"href":"https:\/\/coparmexjal.org.mx\/entorno-empresarial\/wp-json\/wp\/v2\/posts\/8167","targetHints":{"allow":["GET"]}}],"collection":[{"href":"https:\/\/coparmexjal.org.mx\/entorno-empresarial\/wp-json\/wp\/v2\/posts"}],"about":[{"href":"https:\/\/coparmexjal.org.mx\/entorno-empresarial\/wp-json\/wp\/v2\/types\/post"}],"author":[{"embeddable":true,"href":"https:\/\/coparmexjal.org.mx\/entorno-empresarial\/wp-json\/wp\/v2\/users\/14"}],"replies":[{"embeddable":true,"href":"https:\/\/coparmexjal.org.mx\/entorno-empresarial\/wp-json\/wp\/v2\/comments?post=8167"}],"version-history":[{"count":1,"href":"https:\/\/coparmexjal.org.mx\/entorno-empresarial\/wp-json\/wp\/v2\/posts\/8167\/revisions"}],"predecessor-version":[{"id":8169,"href":"https:\/\/coparmexjal.org.mx\/entorno-empresarial\/wp-json\/wp\/v2\/posts\/8167\/revisions\/8169"}],"wp:featuredmedia":[{"embeddable":true,"href":"https:\/\/coparmexjal.org.mx\/entorno-empresarial\/wp-json\/wp\/v2\/media\/8168"}],"wp:attachment":[{"href":"https:\/\/coparmexjal.org.mx\/entorno-empresarial\/wp-json\/wp\/v2\/media?parent=8167"}],"wp:term":[{"taxonomy":"category","embeddable":true,"href":"https:\/\/coparmexjal.org.mx\/entorno-empresarial\/wp-json\/wp\/v2\/categories?post=8167"},{"taxonomy":"post_tag","embeddable":true,"href":"https:\/\/coparmexjal.org.mx\/entorno-empresarial\/wp-json\/wp\/v2\/tags?post=8167"}],"curies":[{"name":"wp","href":"https:\/\/api.w.org\/{rel}","templated":true}]}}