{"id":8164,"date":"2026-04-28T10:57:54","date_gmt":"2026-04-28T16:57:54","guid":{"rendered":"https:\/\/coparmexjal.org.mx\/entorno-empresarial\/?p=8164"},"modified":"2026-04-28T10:57:55","modified_gmt":"2026-04-28T16:57:55","slug":"maraton-vida","status":"publish","type":"post","link":"https:\/\/coparmexjal.org.mx\/entorno-empresarial\/maraton-vida\/","title":{"rendered":"El Marat\u00f3n de la Vida: Una filosof\u00eda de liderazgo y resiliencia corporativa"},"content":{"rendered":"\n<p>En el entorno empresarial actual, donde la competitividad y la velocidad suelen ser las \u00fanicas m\u00e9tricas de \u00e9xito, surge una propuesta que invita a la pausa reflexiva para fortalecer el liderazgo de fondo. Manuel \u00c1valos, un ejecutivo con una trayectoria de m\u00e1s de tres d\u00e9cadas en corporativos globales como IBM, presenta su obra <strong><em>El marat\u00f3n de la vida<\/em><\/strong>, un texto que trasciende la gesti\u00f3n administrativa para enfocarse en el activo m\u00e1s valioso de cualquier organizaci\u00f3n: el ser humano.<\/p>\n\n\n\n<p>Nacido en Michoac\u00e1n y actualmente radicado en Guadalajara \u2014desde donde proyecta su nueva etapa como consultor y conferencista tras su &#8220;graduaci\u00f3n&#8221; corporativa en 2024\u2014, \u00c1valos utiliza su experiencia como corredor de m\u00e1s de 35 maratones para trazar una analog\u00eda poderosa sobre la direcci\u00f3n de empresas y de vida.<\/p>\n\n\n\n<p>Este libro no es un manual de procedimientos, sino una bit\u00e1cora emocional que utiliza la disciplina del atletismo de alto rendimiento para proponer un liderazgo con significado. \u00c1valos sostiene que liderar no es solo alcanzar objetivos trimestrales; es tambi\u00e9n saber sostener a los equipos en la duda, gestionar el miedo y aprender a levantarse tras los reveses del mercado o de la vida personal.<\/p>\n\n\n\n<p>Para el empresario y el directivo de hoy, la obra ofrece:<\/p>\n\n\n\n<ul class=\"wp-block-list\">\n<li><strong>Gesti\u00f3n del motor interno:<\/strong> Herramientas para reconectar con el &#8220;para qu\u00e9&#8221; de nuestra actividad profesional.<\/li>\n\n\n\n<li><strong>Metodolog\u00eda pr\u00e1ctica:<\/strong> Ejercicios y conclusiones dise\u00f1ados para aplicarse en contextos ejecutivos y personales.<\/li>\n\n\n\n<li><strong>Resiliencia estrat\u00e9gica:<\/strong> Una hoja de ruta para construir metas que muevan el alma y generen un impacto sostenible.<\/li>\n<\/ul>\n\n\n\n<p>A trav\u00e9s de narraciones profundas, el autor comparte c\u00f3mo las heridas y cicatrices del camino profesional se convierten en herramientas de mentor\u00eda. \u00c1valos enfatiza que, tanto en la pista como en la oficina, la meta no es simplemente llegar primero, sino llegar con integridad y con una historia que inspire a otros a correr su propio marat\u00f3n.<\/p>\n\n\n\n<p><strong><em>El marat\u00f3n de la vida<\/em><\/strong> es una invitaci\u00f3n para los l\u00edderes de Coparmex a replantear sus narrativas de \u00e9xito, record\u00e1ndonos que el verdadero liderazgo es aquel que permite trascender la propia existencia a trav\u00e9s del servicio y el prop\u00f3sito. Como bien se\u00f1ala el autor: no se trata de la velocidad, sino de vivir tan profundamente que el eco de nuestros pasos resuene mucho despu\u00e9s de haber cruzado la meta.<\/p>\n","protected":false},"excerpt":{"rendered":"<p>En el entorno empresarial actual, donde la competitividad y la velocidad suelen ser las \u00fanicas m\u00e9tricas de \u00e9xito, surge una propuesta que invita a la<\/p>\n","protected":false},"author":149,"featured_media":8165,"comment_status":"open","ping_status":"open","sticky":false,"template":"","format":"standard","meta":{"footnotes":""},"categories":[157],"tags":[405,1944,173,245,1943],"class_list":["post-8164","post","type-post","status-publish","format-standard","has-post-thumbnail","hentry","category-editorial","tag-coparmex-jalisco","tag-desarrollo-directivo","tag-empresas","tag-liderazgo-empresarial","tag-resiliencia-corporativa"],"yoast_head":"<!-- This site is optimized with the Yoast SEO plugin v27.4 - https:\/\/yoast.com\/product\/yoast-seo-wordpress\/ -->\n<title>El Marat\u00f3n de la Vida: liderazgo, resiliencia y prop\u00f3sito empresarial<\/title>\n<meta name=\"description\" content=\"Descubre c\u00f3mo desarrollar liderazgo y resiliencia empresarial con El Marat\u00f3n de la Vida y fortalece tu prop\u00f3sito como directivo.\" \/>\n<meta name=\"robots\" content=\"index, follow, max-snippet:-1, max-image-preview:large, max-video-preview:-1\" \/>\n<link rel=\"canonical\" href=\"https:\/\/coparmexjal.org.mx\/entorno-empresarial\/maraton-vida\/\" \/>\n<meta property=\"og:locale\" content=\"es_MX\" \/>\n<meta property=\"og:type\" content=\"article\" \/>\n<meta property=\"og:title\" content=\"El Marat\u00f3n de la Vida: liderazgo, resiliencia y prop\u00f3sito empresarial\" \/>\n<meta property=\"og:description\" content=\"Descubre c\u00f3mo desarrollar liderazgo y resiliencia empresarial con El Marat\u00f3n de la Vida y fortalece tu prop\u00f3sito como directivo.\" \/>\n<meta property=\"og:url\" content=\"https:\/\/coparmexjal.org.mx\/entorno-empresarial\/maraton-vida\/\" \/>\n<meta property=\"og:site_name\" content=\"Entorno Empresarial\" \/>\n<meta property=\"article:publisher\" content=\"https:\/\/facebook.com\/comcoparmex\" \/>\n<meta property=\"article:published_time\" content=\"2026-04-28T16:57:54+00:00\" \/>\n<meta property=\"article:modified_time\" content=\"2026-04-28T16:57:55+00:00\" \/>\n<meta property=\"og:image\" content=\"https:\/\/coparmexjal.org.mx\/entorno-empresarial\/wp-content\/uploads\/2026\/04\/el-maraton-era.jpg\" \/>\n\t<meta property=\"og:image:width\" content=\"510\" \/>\n\t<meta property=\"og:image:height\" content=\"800\" \/>\n\t<meta property=\"og:image:type\" content=\"image\/jpeg\" \/>\n<meta name=\"author\" content=\"LID Editorial\" \/>\n<meta name=\"twitter:card\" content=\"summary_large_image\" \/>\n<meta name=\"twitter:creator\" content=\"@comcoparmex\" \/>\n<meta name=\"twitter:site\" content=\"@comcoparmex\" \/>\n<meta name=\"twitter:label1\" content=\"Escrito por\" \/>\n\t<meta name=\"twitter:data1\" content=\"LID Editorial\" \/>\n\t<meta name=\"twitter:label2\" content=\"Tiempo de lectura\" \/>\n\t<meta name=\"twitter:data2\" content=\"2 minutos\" \/>\n<script type=\"application\/ld+json\" class=\"yoast-schema-graph\">{\"@context\":\"https:\\\/\\\/schema.org\",\"@graph\":[{\"@type\":\"Article\",\"@id\":\"https:\\\/\\\/coparmexjal.org.mx\\\/entorno-empresarial\\\/maraton-vida\\\/#article\",\"isPartOf\":{\"@id\":\"https:\\\/\\\/coparmexjal.org.mx\\\/entorno-empresarial\\\/maraton-vida\\\/\"},\"author\":{\"name\":\"LID Editorial\",\"@id\":\"https:\\\/\\\/coparmexjal.org.mx\\\/entorno-empresarial\\\/#\\\/schema\\\/person\\\/4db8e3bb3b699ec5ec49b5156494f8eb\"},\"headline\":\"El Marat\u00f3n de la Vida: Una filosof\u00eda de liderazgo y resiliencia corporativa\",\"datePublished\":\"2026-04-28T16:57:54+00:00\",\"dateModified\":\"2026-04-28T16:57:55+00:00\",\"mainEntityOfPage\":{\"@id\":\"https:\\\/\\\/coparmexjal.org.mx\\\/entorno-empresarial\\\/maraton-vida\\\/\"},\"wordCount\":416,\"commentCount\":0,\"publisher\":{\"@id\":\"https:\\\/\\\/coparmexjal.org.mx\\\/entorno-empresarial\\\/#organization\"},\"image\":{\"@id\":\"https:\\\/\\\/coparmexjal.org.mx\\\/entorno-empresarial\\\/maraton-vida\\\/#primaryimage\"},\"thumbnailUrl\":\"https:\\\/\\\/coparmexjal.org.mx\\\/entorno-empresarial\\\/wp-content\\\/uploads\\\/2026\\\/04\\\/el-maraton-era.jpg\",\"keywords\":[\"coparmex jalisco\",\"desarrollo directivo\",\"empresas\",\"liderazgo empresarial\",\"resiliencia corporativa\"],\"articleSection\":[\"Editorial\"],\"inLanguage\":\"es\",\"potentialAction\":[{\"@type\":\"CommentAction\",\"name\":\"Comment\",\"target\":[\"https:\\\/\\\/coparmexjal.org.mx\\\/entorno-empresarial\\\/maraton-vida\\\/#respond\"]}]},{\"@type\":\"WebPage\",\"@id\":\"https:\\\/\\\/coparmexjal.org.mx\\\/entorno-empresarial\\\/maraton-vida\\\/\",\"url\":\"https:\\\/\\\/coparmexjal.org.mx\\\/entorno-empresarial\\\/maraton-vida\\\/\",\"name\":\"El Marat\u00f3n de la Vida: liderazgo, resiliencia y prop\u00f3sito empresarial\",\"isPartOf\":{\"@id\":\"https:\\\/\\\/coparmexjal.org.mx\\\/entorno-empresarial\\\/#website\"},\"primaryImageOfPage\":{\"@id\":\"https:\\\/\\\/coparmexjal.org.mx\\\/entorno-empresarial\\\/maraton-vida\\\/#primaryimage\"},\"image\":{\"@id\":\"https:\\\/\\\/coparmexjal.org.mx\\\/entorno-empresarial\\\/maraton-vida\\\/#primaryimage\"},\"thumbnailUrl\":\"https:\\\/\\\/coparmexjal.org.mx\\\/entorno-empresarial\\\/wp-content\\\/uploads\\\/2026\\\/04\\\/el-maraton-era.jpg\",\"datePublished\":\"2026-04-28T16:57:54+00:00\",\"dateModified\":\"2026-04-28T16:57:55+00:00\",\"description\":\"Descubre c\u00f3mo desarrollar liderazgo y resiliencia empresarial con El Marat\u00f3n de la Vida y fortalece tu prop\u00f3sito como directivo.\",\"breadcrumb\":{\"@id\":\"https:\\\/\\\/coparmexjal.org.mx\\\/entorno-empresarial\\\/maraton-vida\\\/#breadcrumb\"},\"inLanguage\":\"es\",\"potentialAction\":[{\"@type\":\"ReadAction\",\"target\":[\"https:\\\/\\\/coparmexjal.org.mx\\\/entorno-empresarial\\\/maraton-vida\\\/\"]}]},{\"@type\":\"ImageObject\",\"inLanguage\":\"es\",\"@id\":\"https:\\\/\\\/coparmexjal.org.mx\\\/entorno-empresarial\\\/maraton-vida\\\/#primaryimage\",\"url\":\"https:\\\/\\\/coparmexjal.org.mx\\\/entorno-empresarial\\\/wp-content\\\/uploads\\\/2026\\\/04\\\/el-maraton-era.jpg\",\"contentUrl\":\"https:\\\/\\\/coparmexjal.org.mx\\\/entorno-empresarial\\\/wp-content\\\/uploads\\\/2026\\\/04\\\/el-maraton-era.jpg\",\"width\":510,\"height\":800},{\"@type\":\"BreadcrumbList\",\"@id\":\"https:\\\/\\\/coparmexjal.org.mx\\\/entorno-empresarial\\\/maraton-vida\\\/#breadcrumb\",\"itemListElement\":[{\"@type\":\"ListItem\",\"position\":1,\"name\":\"Inicio\",\"item\":\"https:\\\/\\\/coparmexjal.org.mx\\\/entorno-empresarial\\\/\"},{\"@type\":\"ListItem\",\"position\":2,\"name\":\"El Marat\u00f3n de la Vida: Una filosof\u00eda de liderazgo y resiliencia corporativa\"}]},{\"@type\":\"WebSite\",\"@id\":\"https:\\\/\\\/coparmexjal.org.mx\\\/entorno-empresarial\\\/#website\",\"url\":\"https:\\\/\\\/coparmexjal.org.mx\\\/entorno-empresarial\\\/\",\"name\":\"Revista Entorno Empresarial\",\"description\":\"Coparmex Jalisco\",\"publisher\":{\"@id\":\"https:\\\/\\\/coparmexjal.org.mx\\\/entorno-empresarial\\\/#organization\"},\"potentialAction\":[{\"@type\":\"SearchAction\",\"target\":{\"@type\":\"EntryPoint\",\"urlTemplate\":\"https:\\\/\\\/coparmexjal.org.mx\\\/entorno-empresarial\\\/?s={search_term_string}\"},\"query-input\":{\"@type\":\"PropertyValueSpecification\",\"valueRequired\":true,\"valueName\":\"search_term_string\"}}],\"inLanguage\":\"es\"},{\"@type\":\"Organization\",\"@id\":\"https:\\\/\\\/coparmexjal.org.mx\\\/entorno-empresarial\\\/#organization\",\"name\":\"Coparmex Jalisco\",\"url\":\"https:\\\/\\\/coparmexjal.org.mx\\\/entorno-empresarial\\\/\",\"logo\":{\"@type\":\"ImageObject\",\"inLanguage\":\"es\",\"@id\":\"https:\\\/\\\/coparmexjal.org.mx\\\/entorno-empresarial\\\/#\\\/schema\\\/logo\\\/image\\\/\",\"url\":\"https:\\\/\\\/coparmexjal.org.mx\\\/entorno-empresarial\\\/wp-content\\\/uploads\\\/2020\\\/02\\\/logo-amp.png\",\"contentUrl\":\"https:\\\/\\\/coparmexjal.org.mx\\\/entorno-empresarial\\\/wp-content\\\/uploads\\\/2020\\\/02\\\/logo-amp.png\",\"width\":120,\"height\":90,\"caption\":\"Coparmex Jalisco\"},\"image\":{\"@id\":\"https:\\\/\\\/coparmexjal.org.mx\\\/entorno-empresarial\\\/#\\\/schema\\\/logo\\\/image\\\/\"},\"sameAs\":[\"https:\\\/\\\/facebook.com\\\/comcoparmex\",\"https:\\\/\\\/x.com\\\/comcoparmex\",\"http:\\\/\\\/instagram.com\\\/coparmexjalisco\",\"https:\\\/\\\/mx.linkedin.com\\\/company\\\/coparmex-jalisco\",\"https:\\\/\\\/www.youtube.com\\\/c\\\/CoparmexJaliscomx\"]},{\"@type\":\"Person\",\"@id\":\"https:\\\/\\\/coparmexjal.org.mx\\\/entorno-empresarial\\\/#\\\/schema\\\/person\\\/4db8e3bb3b699ec5ec49b5156494f8eb\",\"name\":\"LID Editorial\",\"image\":{\"@type\":\"ImageObject\",\"inLanguage\":\"es\",\"@id\":\"https:\\\/\\\/coparmexjal.org.mx\\\/entorno-empresarial\\\/wp-content\\\/uploads\\\/2025\\\/04\\\/lid-150x150.png\",\"url\":\"https:\\\/\\\/coparmexjal.org.mx\\\/entorno-empresarial\\\/wp-content\\\/uploads\\\/2025\\\/04\\\/lid-150x150.png\",\"contentUrl\":\"https:\\\/\\\/coparmexjal.org.mx\\\/entorno-empresarial\\\/wp-content\\\/uploads\\\/2025\\\/04\\\/lid-150x150.png\",\"caption\":\"LID Editorial\"},\"url\":\"https:\\\/\\\/coparmexjal.org.mx\\\/entorno-empresarial\\\/author\\\/lid\\\/\"}]}<\/script>\n<!-- \/ Yoast SEO plugin. -->","yoast_head_json":{"title":"El Marat\u00f3n de la Vida: liderazgo, resiliencia y prop\u00f3sito empresarial","description":"Descubre c\u00f3mo desarrollar liderazgo y resiliencia empresarial con El Marat\u00f3n de la Vida y fortalece tu prop\u00f3sito como directivo.","robots":{"index":"index","follow":"follow","max-snippet":"max-snippet:-1","max-image-preview":"max-image-preview:large","max-video-preview":"max-video-preview:-1"},"canonical":"https:\/\/coparmexjal.org.mx\/entorno-empresarial\/maraton-vida\/","og_locale":"es_MX","og_type":"article","og_title":"El Marat\u00f3n de la Vida: liderazgo, resiliencia y prop\u00f3sito empresarial","og_description":"Descubre c\u00f3mo desarrollar liderazgo y resiliencia empresarial con El Marat\u00f3n de la Vida y fortalece tu prop\u00f3sito como directivo.","og_url":"https:\/\/coparmexjal.org.mx\/entorno-empresarial\/maraton-vida\/","og_site_name":"Entorno Empresarial","article_publisher":"https:\/\/facebook.com\/comcoparmex","article_published_time":"2026-04-28T16:57:54+00:00","article_modified_time":"2026-04-28T16:57:55+00:00","og_image":[{"width":510,"height":800,"url":"https:\/\/coparmexjal.org.mx\/entorno-empresarial\/wp-content\/uploads\/2026\/04\/el-maraton-era.jpg","type":"image\/jpeg"}],"author":"LID Editorial","twitter_card":"summary_large_image","twitter_creator":"@comcoparmex","twitter_site":"@comcoparmex","twitter_misc":{"Escrito por":"LID Editorial","Tiempo de lectura":"2 minutos"},"schema":{"@context":"https:\/\/schema.org","@graph":[{"@type":"Article","@id":"https:\/\/coparmexjal.org.mx\/entorno-empresarial\/maraton-vida\/#article","isPartOf":{"@id":"https:\/\/coparmexjal.org.mx\/entorno-empresarial\/maraton-vida\/"},"author":{"name":"LID Editorial","@id":"https:\/\/coparmexjal.org.mx\/entorno-empresarial\/#\/schema\/person\/4db8e3bb3b699ec5ec49b5156494f8eb"},"headline":"El Marat\u00f3n de la Vida: Una filosof\u00eda de liderazgo y resiliencia corporativa","datePublished":"2026-04-28T16:57:54+00:00","dateModified":"2026-04-28T16:57:55+00:00","mainEntityOfPage":{"@id":"https:\/\/coparmexjal.org.mx\/entorno-empresarial\/maraton-vida\/"},"wordCount":416,"commentCount":0,"publisher":{"@id":"https:\/\/coparmexjal.org.mx\/entorno-empresarial\/#organization"},"image":{"@id":"https:\/\/coparmexjal.org.mx\/entorno-empresarial\/maraton-vida\/#primaryimage"},"thumbnailUrl":"https:\/\/coparmexjal.org.mx\/entorno-empresarial\/wp-content\/uploads\/2026\/04\/el-maraton-era.jpg","keywords":["coparmex jalisco","desarrollo directivo","empresas","liderazgo empresarial","resiliencia corporativa"],"articleSection":["Editorial"],"inLanguage":"es","potentialAction":[{"@type":"CommentAction","name":"Comment","target":["https:\/\/coparmexjal.org.mx\/entorno-empresarial\/maraton-vida\/#respond"]}]},{"@type":"WebPage","@id":"https:\/\/coparmexjal.org.mx\/entorno-empresarial\/maraton-vida\/","url":"https:\/\/coparmexjal.org.mx\/entorno-empresarial\/maraton-vida\/","name":"El Marat\u00f3n de la Vida: liderazgo, resiliencia y prop\u00f3sito empresarial","isPartOf":{"@id":"https:\/\/coparmexjal.org.mx\/entorno-empresarial\/#website"},"primaryImageOfPage":{"@id":"https:\/\/coparmexjal.org.mx\/entorno-empresarial\/maraton-vida\/#primaryimage"},"image":{"@id":"https:\/\/coparmexjal.org.mx\/entorno-empresarial\/maraton-vida\/#primaryimage"},"thumbnailUrl":"https:\/\/coparmexjal.org.mx\/entorno-empresarial\/wp-content\/uploads\/2026\/04\/el-maraton-era.jpg","datePublished":"2026-04-28T16:57:54+00:00","dateModified":"2026-04-28T16:57:55+00:00","description":"Descubre c\u00f3mo desarrollar liderazgo y resiliencia empresarial con El Marat\u00f3n de la Vida y fortalece tu prop\u00f3sito como directivo.","breadcrumb":{"@id":"https:\/\/coparmexjal.org.mx\/entorno-empresarial\/maraton-vida\/#breadcrumb"},"inLanguage":"es","potentialAction":[{"@type":"ReadAction","target":["https:\/\/coparmexjal.org.mx\/entorno-empresarial\/maraton-vida\/"]}]},{"@type":"ImageObject","inLanguage":"es","@id":"https:\/\/coparmexjal.org.mx\/entorno-empresarial\/maraton-vida\/#primaryimage","url":"https:\/\/coparmexjal.org.mx\/entorno-empresarial\/wp-content\/uploads\/2026\/04\/el-maraton-era.jpg","contentUrl":"https:\/\/coparmexjal.org.mx\/entorno-empresarial\/wp-content\/uploads\/2026\/04\/el-maraton-era.jpg","width":510,"height":800},{"@type":"BreadcrumbList","@id":"https:\/\/coparmexjal.org.mx\/entorno-empresarial\/maraton-vida\/#breadcrumb","itemListElement":[{"@type":"ListItem","position":1,"name":"Inicio","item":"https:\/\/coparmexjal.org.mx\/entorno-empresarial\/"},{"@type":"ListItem","position":2,"name":"El Marat\u00f3n de la Vida: Una filosof\u00eda de liderazgo y resiliencia corporativa"}]},{"@type":"WebSite","@id":"https:\/\/coparmexjal.org.mx\/entorno-empresarial\/#website","url":"https:\/\/coparmexjal.org.mx\/entorno-empresarial\/","name":"Revista Entorno Empresarial","description":"Coparmex Jalisco","publisher":{"@id":"https:\/\/coparmexjal.org.mx\/entorno-empresarial\/#organization"},"potentialAction":[{"@type":"SearchAction","target":{"@type":"EntryPoint","urlTemplate":"https:\/\/coparmexjal.org.mx\/entorno-empresarial\/?s={search_term_string}"},"query-input":{"@type":"PropertyValueSpecification","valueRequired":true,"valueName":"search_term_string"}}],"inLanguage":"es"},{"@type":"Organization","@id":"https:\/\/coparmexjal.org.mx\/entorno-empresarial\/#organization","name":"Coparmex Jalisco","url":"https:\/\/coparmexjal.org.mx\/entorno-empresarial\/","logo":{"@type":"ImageObject","inLanguage":"es","@id":"https:\/\/coparmexjal.org.mx\/entorno-empresarial\/#\/schema\/logo\/image\/","url":"https:\/\/coparmexjal.org.mx\/entorno-empresarial\/wp-content\/uploads\/2020\/02\/logo-amp.png","contentUrl":"https:\/\/coparmexjal.org.mx\/entorno-empresarial\/wp-content\/uploads\/2020\/02\/logo-amp.png","width":120,"height":90,"caption":"Coparmex Jalisco"},"image":{"@id":"https:\/\/coparmexjal.org.mx\/entorno-empresarial\/#\/schema\/logo\/image\/"},"sameAs":["https:\/\/facebook.com\/comcoparmex","https:\/\/x.com\/comcoparmex","http:\/\/instagram.com\/coparmexjalisco","https:\/\/mx.linkedin.com\/company\/coparmex-jalisco","https:\/\/www.youtube.com\/c\/CoparmexJaliscomx"]},{"@type":"Person","@id":"https:\/\/coparmexjal.org.mx\/entorno-empresarial\/#\/schema\/person\/4db8e3bb3b699ec5ec49b5156494f8eb","name":"LID Editorial","image":{"@type":"ImageObject","inLanguage":"es","@id":"https:\/\/coparmexjal.org.mx\/entorno-empresarial\/wp-content\/uploads\/2025\/04\/lid-150x150.png","url":"https:\/\/coparmexjal.org.mx\/entorno-empresarial\/wp-content\/uploads\/2025\/04\/lid-150x150.png","contentUrl":"https:\/\/coparmexjal.org.mx\/entorno-empresarial\/wp-content\/uploads\/2025\/04\/lid-150x150.png","caption":"LID Editorial"},"url":"https:\/\/coparmexjal.org.mx\/entorno-empresarial\/author\/lid\/"}]}},"_links":{"self":[{"href":"https:\/\/coparmexjal.org.mx\/entorno-empresarial\/wp-json\/wp\/v2\/posts\/8164","targetHints":{"allow":["GET"]}}],"collection":[{"href":"https:\/\/coparmexjal.org.mx\/entorno-empresarial\/wp-json\/wp\/v2\/posts"}],"about":[{"href":"https:\/\/coparmexjal.org.mx\/entorno-empresarial\/wp-json\/wp\/v2\/types\/post"}],"author":[{"embeddable":true,"href":"https:\/\/coparmexjal.org.mx\/entorno-empresarial\/wp-json\/wp\/v2\/users\/149"}],"replies":[{"embeddable":true,"href":"https:\/\/coparmexjal.org.mx\/entorno-empresarial\/wp-json\/wp\/v2\/comments?post=8164"}],"version-history":[{"count":1,"href":"https:\/\/coparmexjal.org.mx\/entorno-empresarial\/wp-json\/wp\/v2\/posts\/8164\/revisions"}],"predecessor-version":[{"id":8166,"href":"https:\/\/coparmexjal.org.mx\/entorno-empresarial\/wp-json\/wp\/v2\/posts\/8164\/revisions\/8166"}],"wp:featuredmedia":[{"embeddable":true,"href":"https:\/\/coparmexjal.org.mx\/entorno-empresarial\/wp-json\/wp\/v2\/media\/8165"}],"wp:attachment":[{"href":"https:\/\/coparmexjal.org.mx\/entorno-empresarial\/wp-json\/wp\/v2\/media?parent=8164"}],"wp:term":[{"taxonomy":"category","embeddable":true,"href":"https:\/\/coparmexjal.org.mx\/entorno-empresarial\/wp-json\/wp\/v2\/categories?post=8164"},{"taxonomy":"post_tag","embeddable":true,"href":"https:\/\/coparmexjal.org.mx\/entorno-empresarial\/wp-json\/wp\/v2\/tags?post=8164"}],"curies":[{"name":"wp","href":"https:\/\/api.w.org\/{rel}","templated":true}]}}