{"id":8086,"date":"2026-01-30T10:41:05","date_gmt":"2026-01-30T16:41:05","guid":{"rendered":"https:\/\/coparmexjal.org.mx\/entorno-empresarial\/?p=8086"},"modified":"2026-01-30T10:44:57","modified_gmt":"2026-01-30T16:44:57","slug":"cambios-cff-2026","status":"publish","type":"post","link":"https:\/\/coparmexjal.org.mx\/entorno-empresarial\/cambios-cff-2026\/","title":{"rendered":"Reforma 2026 al C\u00f3digo Fiscal de la Federaci\u00f3n"},"content":{"rendered":"\n<p>El pasado 7 de noviembre de 2025 se public\u00f3 en el Diario Oficial de la Federaci\u00f3n (DOF) el Decreto por el cual se realizan diversas modificaciones al C\u00f3digo Fiscal de la Federaci\u00f3n (CFF), mismas que entrar\u00e1n en vigor a partir del 1 de enero de 2026. Estos cambios representan un reto importante para las empresas, al requerir una adecuada implementaci\u00f3n y el aseguramiento del debido cumplimiento.<\/p>\n\n\n\n<p>En ese sentido, a continuaci\u00f3n, lo m\u00e1s importante de la reforma a este ordenamiento:<\/p>\n\n\n\n<p><strong>Se ampl\u00edan los supuestos en los que procede la restricci\u00f3n al Certificado de Sello Digital, art\u00edculo 17-H Bis<\/strong><\/p>\n\n\n\n<ul class=\"wp-block-list\">\n<li>Omisi\u00f3n de tres o m\u00e1s pagos mensuales en un a\u00f1o, consecutivos o no, para el R\u00e9gimen Simplificado de Confianza.<\/li>\n\n\n\n<li>Detecten que el ingreso declarado, el valor de los actos o actividades gravados declarados, as\u00ed como el impuesto retenido por el contribuyente, manifestados en las declaraciones de pagos provisionales o definitivos, de retenciones o del ejercicio, o bien, las informativas, no concuerden con los ingresos o valor de actos o actividades se\u00f1alados en los comprobantes fiscales digitales por internet (CFDI), sus complementos de pago o estados de cuenta bancarios.<\/li>\n\n\n\n<li>Cr\u00e9ditos fiscales firmes, no pagados en su totalidad junto con sus accesorios.<\/li>\n\n\n\n<li>En la expedici\u00f3n de comprobantes fiscales, se omita;<\/li>\n<\/ul>\n\n\n\n<ol class=\"wp-block-list\">\n<li>Clave de ingreso correspondiente en el campo tipo de comprobante,\u00a0<\/li>\n\n\n\n<li>Clave del permiso emitido por la Comisi\u00f3n Nacional de Energ\u00eda.<\/li>\n<\/ol>\n\n\n\n<ul class=\"wp-block-list\">\n<li>No reviertan el efecto fiscal realizado a los CFDI recibidos falsos, dentro de un plazo de 30 d\u00edas naturales a la publicaci\u00f3n del proveedor en el portal del SAT.<\/li>\n<\/ul>\n\n\n\n<p><strong>Negativa de inscripci\u00f3n en el Registro Federal de Contribuyentes (RFC), <\/strong><strong>art\u00edculo<\/strong><strong> 27<\/strong><\/p>\n\n\n\n<ul class=\"wp-block-list\">\n<li>El Servicio de Administraci\u00f3n Tributaria (SAT) puede negar la inscripci\u00f3n al RFC a personas morales, cuando detecte que su representante o integrantes estuvieron en las listas del 69, 69-B, 69-B Bis o supuestos an\u00e1logos (EDOS o EFOS).<\/li>\n<\/ul>\n\n\n\n<p><strong>Requisitos de los comprobantes fiscales y plazo de cancelaci\u00f3n, art\u00edculo 29-A<\/strong><\/p>\n\n\n\n<ul class=\"wp-block-list\">\n<li>Se presumir\u00e1n falsos los CFDI que no cumplan con los requisitos establecidos en el art\u00edculo 29-A del CFF.<\/li>\n<\/ul>\n\n\n\n<ul class=\"wp-block-list\">\n<li>Se ampl\u00eda el plazo m\u00e1ximo de cancelaci\u00f3n de los CFDI, hasta el mes en que se presente la declaraci\u00f3n anual del Impuesto sobre la Renta (ISR) del ejercicio (de reglas generales pasa a disposici\u00f3n legal).\u00a0<\/li>\n<\/ul>\n\n\n\n<p><strong>Nueva facultad de comprobaci\u00f3n, <\/strong><strong>art\u00edculo<\/strong><strong> 42, fracci\u00f3n V, inciso g<\/strong><\/p>\n\n\n\n<p>La autoridad fiscal podr\u00e1 verificar que los comprobantes emitidos realmente amparen operaciones existentes y ver\u00eddicas, as\u00ed como actos jur\u00eddicos aut\u00e9nticos, cuando presuma que dichos comprobantes pudieran no corresponder a la realidad.<\/p>\n\n\n\n<p><strong>Procedimiento de visitas domiciliarias por la emisi\u00f3n de CFDI que carecen de sustento real, art\u00edculo 49 Bis<\/strong><\/p>\n\n\n\n<p><strong>I<\/strong>.- Se ordenar\u00e1 la suspensi\u00f3n de la emisi\u00f3n de comprobantes, a partir de la entrega o notificaci\u00f3n de la orden.<\/p>\n\n\n\n<p><strong>II<\/strong>. Durante este procedimiento, la autoridad fiscal podr\u00e1 hacer uso de herramientas tecnol\u00f3gicas, como c\u00e1maras fotogr\u00e1ficas, grabaciones de audio y video, para documentar las diligencias y asegurar la transparencia del proceso.<\/p>\n\n\n\n<p><strong>III<\/strong>. El plazo para que el contribuyente presente pruebas que desvirt\u00faen la presunci\u00f3n de falsedad de los CFDI se reduce a 5 d\u00edas h\u00e1biles, y la autoridad fiscal deber\u00e1 emitir una resoluci\u00f3n en 15 d\u00edas h\u00e1biles.<\/p>\n\n\n\n<p><strong>IV<\/strong>.- El procedimiento completo deber\u00e1 concluir en un m\u00e1ximo de 24 d\u00edas h\u00e1biles.<\/p>\n\n\n\n<p><strong>V<\/strong>.- Si la autoridad considera que los CFDI son falsos, se publicar\u00e1 el nombre y RFC del emisor en el portal del SAT y en el DOF.<\/p>\n\n\n\n<p><strong>VI<\/strong>.- Los receptores de comprobantes fiscales falsos tendr\u00e1n un plazo de 30 d\u00edas naturales para regularizar su situaci\u00f3n fiscal. En caso de no hacerlo, se les restringir\u00e1 temporalmente el uso de su certificado de sello digital.<\/p>\n\n\n\n<p><strong>Conclusiones:<\/strong><\/p>\n\n\n\n<p>Estas modificaciones al C\u00f3digo exigen un mayor control, trazabilidad y consistencia en las operaciones fiscales y administrativas de las empresas. Asimismo, la autoridad ha fortalecido los procesos de fiscalizaci\u00f3n, haci\u00e9ndolos m\u00e1s profundos, m\u00e1s \u00e1giles y con consecuencias considerablemente m\u00e1s severas.<br>En este contexto, ser\u00e1 fundamental realizar un an\u00e1lisis detallado para identificar cu\u00e1les de estos cambios impactar\u00e1n directamente a la organizaci\u00f3n y establecer las medidas necesarias para mitigar riesgos y asegurar el debido cumplimiento.<\/p>\n","protected":false},"excerpt":{"rendered":"<p>El pasado 7 de noviembre de 2025 se public\u00f3 en el Diario Oficial de la Federaci\u00f3n (DOF) el Decreto por el cual se realizan diversas<\/p>\n","protected":false},"author":160,"featured_media":8087,"comment_status":"open","ping_status":"open","sticky":false,"template":"","format":"standard","meta":{"footnotes":""},"categories":[1182],"tags":[1130,1911,1122,1260,981,1912],"class_list":["post-8086","post","type-post","status-publish","format-standard","has-post-thumbnail","hentry","category-fiscal","tag-cfdi","tag-fiscalizacion-2","tag-impuestos","tag-obligaciones-fiscales","tag-reforma-fiscal","tag-rfc"],"yoast_head":"<!-- This site is optimized with the Yoast SEO plugin v27.5 - https:\/\/yoast.com\/product\/yoast-seo-wordpress\/ -->\n<title>Reforma fiscal 2026: nuevas obligaciones y facultades del SAT<\/title>\n<meta name=\"description\" content=\"Conoce los principales cambios de la Reforma 2026 al C\u00f3digo Fiscal de la Federaci\u00f3n y su impacto en el cumplimiento fiscal de las empresas.\" \/>\n<meta name=\"robots\" content=\"index, follow, max-snippet:-1, max-image-preview:large, max-video-preview:-1\" \/>\n<link rel=\"canonical\" href=\"https:\/\/coparmexjal.org.mx\/entorno-empresarial\/cambios-cff-2026\/\" \/>\n<meta property=\"og:locale\" content=\"es_MX\" \/>\n<meta property=\"og:type\" content=\"article\" \/>\n<meta property=\"og:title\" content=\"Reforma fiscal 2026: nuevas obligaciones y facultades del SAT\" \/>\n<meta property=\"og:description\" content=\"Conoce los principales cambios de la Reforma 2026 al C\u00f3digo Fiscal de la Federaci\u00f3n y su impacto en el cumplimiento fiscal de las empresas.\" \/>\n<meta property=\"og:url\" content=\"https:\/\/coparmexjal.org.mx\/entorno-empresarial\/cambios-cff-2026\/\" \/>\n<meta property=\"og:site_name\" content=\"Entorno Empresarial\" \/>\n<meta property=\"article:publisher\" content=\"https:\/\/facebook.com\/comcoparmex\" \/>\n<meta property=\"article:published_time\" content=\"2026-01-30T16:41:05+00:00\" \/>\n<meta property=\"article:modified_time\" content=\"2026-01-30T16:44:57+00:00\" \/>\n<meta property=\"og:image\" content=\"https:\/\/coparmexjal.org.mx\/entorno-empresarial\/wp-content\/uploads\/2026\/01\/reforma-fiscal-2026.jpg\" \/>\n\t<meta property=\"og:image:width\" content=\"1200\" \/>\n\t<meta property=\"og:image:height\" content=\"800\" \/>\n\t<meta property=\"og:image:type\" content=\"image\/jpeg\" \/>\n<meta name=\"author\" content=\"LCP Antonio Solano Moran\" \/>\n<meta name=\"twitter:card\" content=\"summary_large_image\" \/>\n<meta name=\"twitter:creator\" content=\"@comcoparmex\" \/>\n<meta name=\"twitter:site\" content=\"@comcoparmex\" \/>\n<meta name=\"twitter:label1\" content=\"Escrito por\" \/>\n\t<meta name=\"twitter:data1\" content=\"LCP Antonio Solano Moran\" \/>\n\t<meta name=\"twitter:label2\" content=\"Tiempo de lectura\" \/>\n\t<meta name=\"twitter:data2\" content=\"4 minutos\" \/>\n<script type=\"application\/ld+json\" class=\"yoast-schema-graph\">{\"@context\":\"https:\\\/\\\/schema.org\",\"@graph\":[{\"@type\":\"Article\",\"@id\":\"https:\\\/\\\/coparmexjal.org.mx\\\/entorno-empresarial\\\/cambios-cff-2026\\\/#article\",\"isPartOf\":{\"@id\":\"https:\\\/\\\/coparmexjal.org.mx\\\/entorno-empresarial\\\/cambios-cff-2026\\\/\"},\"author\":{\"name\":\"LCP Antonio Solano Moran\",\"@id\":\"https:\\\/\\\/coparmexjal.org.mx\\\/entorno-empresarial\\\/#\\\/schema\\\/person\\\/2884d6cb8219899c879d125eed21e9c8\"},\"headline\":\"Reforma 2026 al C\u00f3digo Fiscal de la Federaci\u00f3n\",\"datePublished\":\"2026-01-30T16:41:05+00:00\",\"dateModified\":\"2026-01-30T16:44:57+00:00\",\"mainEntityOfPage\":{\"@id\":\"https:\\\/\\\/coparmexjal.org.mx\\\/entorno-empresarial\\\/cambios-cff-2026\\\/\"},\"wordCount\":735,\"commentCount\":0,\"publisher\":{\"@id\":\"https:\\\/\\\/coparmexjal.org.mx\\\/entorno-empresarial\\\/#organization\"},\"image\":{\"@id\":\"https:\\\/\\\/coparmexjal.org.mx\\\/entorno-empresarial\\\/cambios-cff-2026\\\/#primaryimage\"},\"thumbnailUrl\":\"https:\\\/\\\/coparmexjal.org.mx\\\/entorno-empresarial\\\/wp-content\\\/uploads\\\/2026\\\/01\\\/reforma-fiscal-2026.jpg\",\"keywords\":[\"CFDI\",\"fiscalizacion\",\"impuestos\",\"obligaciones fiscales\",\"reforma fiscal\",\"rfc\"],\"articleSection\":[\"Fiscal\"],\"inLanguage\":\"es\",\"potentialAction\":[{\"@type\":\"CommentAction\",\"name\":\"Comment\",\"target\":[\"https:\\\/\\\/coparmexjal.org.mx\\\/entorno-empresarial\\\/cambios-cff-2026\\\/#respond\"]}]},{\"@type\":\"WebPage\",\"@id\":\"https:\\\/\\\/coparmexjal.org.mx\\\/entorno-empresarial\\\/cambios-cff-2026\\\/\",\"url\":\"https:\\\/\\\/coparmexjal.org.mx\\\/entorno-empresarial\\\/cambios-cff-2026\\\/\",\"name\":\"Reforma fiscal 2026: nuevas obligaciones y facultades del SAT\",\"isPartOf\":{\"@id\":\"https:\\\/\\\/coparmexjal.org.mx\\\/entorno-empresarial\\\/#website\"},\"primaryImageOfPage\":{\"@id\":\"https:\\\/\\\/coparmexjal.org.mx\\\/entorno-empresarial\\\/cambios-cff-2026\\\/#primaryimage\"},\"image\":{\"@id\":\"https:\\\/\\\/coparmexjal.org.mx\\\/entorno-empresarial\\\/cambios-cff-2026\\\/#primaryimage\"},\"thumbnailUrl\":\"https:\\\/\\\/coparmexjal.org.mx\\\/entorno-empresarial\\\/wp-content\\\/uploads\\\/2026\\\/01\\\/reforma-fiscal-2026.jpg\",\"datePublished\":\"2026-01-30T16:41:05+00:00\",\"dateModified\":\"2026-01-30T16:44:57+00:00\",\"description\":\"Conoce los principales cambios de la Reforma 2026 al C\u00f3digo Fiscal de la Federaci\u00f3n y su impacto en el cumplimiento fiscal de las empresas.\",\"breadcrumb\":{\"@id\":\"https:\\\/\\\/coparmexjal.org.mx\\\/entorno-empresarial\\\/cambios-cff-2026\\\/#breadcrumb\"},\"inLanguage\":\"es\",\"potentialAction\":[{\"@type\":\"ReadAction\",\"target\":[\"https:\\\/\\\/coparmexjal.org.mx\\\/entorno-empresarial\\\/cambios-cff-2026\\\/\"]}]},{\"@type\":\"ImageObject\",\"inLanguage\":\"es\",\"@id\":\"https:\\\/\\\/coparmexjal.org.mx\\\/entorno-empresarial\\\/cambios-cff-2026\\\/#primaryimage\",\"url\":\"https:\\\/\\\/coparmexjal.org.mx\\\/entorno-empresarial\\\/wp-content\\\/uploads\\\/2026\\\/01\\\/reforma-fiscal-2026.jpg\",\"contentUrl\":\"https:\\\/\\\/coparmexjal.org.mx\\\/entorno-empresarial\\\/wp-content\\\/uploads\\\/2026\\\/01\\\/reforma-fiscal-2026.jpg\",\"width\":1200,\"height\":800,\"caption\":\"Business team analyzing income charts. Close up.Business analysis and strategy concept.\"},{\"@type\":\"BreadcrumbList\",\"@id\":\"https:\\\/\\\/coparmexjal.org.mx\\\/entorno-empresarial\\\/cambios-cff-2026\\\/#breadcrumb\",\"itemListElement\":[{\"@type\":\"ListItem\",\"position\":1,\"name\":\"Inicio\",\"item\":\"https:\\\/\\\/coparmexjal.org.mx\\\/entorno-empresarial\\\/\"},{\"@type\":\"ListItem\",\"position\":2,\"name\":\"Reforma 2026 al C\u00f3digo Fiscal de la Federaci\u00f3n\"}]},{\"@type\":\"WebSite\",\"@id\":\"https:\\\/\\\/coparmexjal.org.mx\\\/entorno-empresarial\\\/#website\",\"url\":\"https:\\\/\\\/coparmexjal.org.mx\\\/entorno-empresarial\\\/\",\"name\":\"Revista Entorno Empresarial\",\"description\":\"Coparmex Jalisco\",\"publisher\":{\"@id\":\"https:\\\/\\\/coparmexjal.org.mx\\\/entorno-empresarial\\\/#organization\"},\"potentialAction\":[{\"@type\":\"SearchAction\",\"target\":{\"@type\":\"EntryPoint\",\"urlTemplate\":\"https:\\\/\\\/coparmexjal.org.mx\\\/entorno-empresarial\\\/?s={search_term_string}\"},\"query-input\":{\"@type\":\"PropertyValueSpecification\",\"valueRequired\":true,\"valueName\":\"search_term_string\"}}],\"inLanguage\":\"es\"},{\"@type\":\"Organization\",\"@id\":\"https:\\\/\\\/coparmexjal.org.mx\\\/entorno-empresarial\\\/#organization\",\"name\":\"Coparmex Jalisco\",\"url\":\"https:\\\/\\\/coparmexjal.org.mx\\\/entorno-empresarial\\\/\",\"logo\":{\"@type\":\"ImageObject\",\"inLanguage\":\"es\",\"@id\":\"https:\\\/\\\/coparmexjal.org.mx\\\/entorno-empresarial\\\/#\\\/schema\\\/logo\\\/image\\\/\",\"url\":\"https:\\\/\\\/coparmexjal.org.mx\\\/entorno-empresarial\\\/wp-content\\\/uploads\\\/2020\\\/02\\\/logo-amp.png\",\"contentUrl\":\"https:\\\/\\\/coparmexjal.org.mx\\\/entorno-empresarial\\\/wp-content\\\/uploads\\\/2020\\\/02\\\/logo-amp.png\",\"width\":120,\"height\":90,\"caption\":\"Coparmex Jalisco\"},\"image\":{\"@id\":\"https:\\\/\\\/coparmexjal.org.mx\\\/entorno-empresarial\\\/#\\\/schema\\\/logo\\\/image\\\/\"},\"sameAs\":[\"https:\\\/\\\/facebook.com\\\/comcoparmex\",\"https:\\\/\\\/x.com\\\/comcoparmex\",\"http:\\\/\\\/instagram.com\\\/coparmexjalisco\",\"https:\\\/\\\/mx.linkedin.com\\\/company\\\/coparmex-jalisco\",\"https:\\\/\\\/www.youtube.com\\\/c\\\/CoparmexJaliscomx\"]},{\"@type\":\"Person\",\"@id\":\"https:\\\/\\\/coparmexjal.org.mx\\\/entorno-empresarial\\\/#\\\/schema\\\/person\\\/2884d6cb8219899c879d125eed21e9c8\",\"name\":\"LCP Antonio Solano Moran\",\"image\":{\"@type\":\"ImageObject\",\"inLanguage\":\"es\",\"@id\":\"https:\\\/\\\/secure.gravatar.com\\\/avatar\\\/fbeb90c9787900f607a7fb6760adcc4569796a54c1334f8f8b00916a695b16cc?s=96&d=mm&r=g\",\"url\":\"https:\\\/\\\/secure.gravatar.com\\\/avatar\\\/fbeb90c9787900f607a7fb6760adcc4569796a54c1334f8f8b00916a695b16cc?s=96&d=mm&r=g\",\"contentUrl\":\"https:\\\/\\\/secure.gravatar.com\\\/avatar\\\/fbeb90c9787900f607a7fb6760adcc4569796a54c1334f8f8b00916a695b16cc?s=96&d=mm&r=g\",\"caption\":\"LCP Antonio Solano Moran\"},\"url\":\"https:\\\/\\\/coparmexjal.org.mx\\\/entorno-empresarial\\\/author\\\/antoniosolanomoran\\\/\"}]}<\/script>\n<!-- \/ Yoast SEO plugin. -->","yoast_head_json":{"title":"Reforma fiscal 2026: nuevas obligaciones y facultades del SAT","description":"Conoce los principales cambios de la Reforma 2026 al C\u00f3digo Fiscal de la Federaci\u00f3n y su impacto en el cumplimiento fiscal de las empresas.","robots":{"index":"index","follow":"follow","max-snippet":"max-snippet:-1","max-image-preview":"max-image-preview:large","max-video-preview":"max-video-preview:-1"},"canonical":"https:\/\/coparmexjal.org.mx\/entorno-empresarial\/cambios-cff-2026\/","og_locale":"es_MX","og_type":"article","og_title":"Reforma fiscal 2026: nuevas obligaciones y facultades del SAT","og_description":"Conoce los principales cambios de la Reforma 2026 al C\u00f3digo Fiscal de la Federaci\u00f3n y su impacto en el cumplimiento fiscal de las empresas.","og_url":"https:\/\/coparmexjal.org.mx\/entorno-empresarial\/cambios-cff-2026\/","og_site_name":"Entorno Empresarial","article_publisher":"https:\/\/facebook.com\/comcoparmex","article_published_time":"2026-01-30T16:41:05+00:00","article_modified_time":"2026-01-30T16:44:57+00:00","og_image":[{"width":1200,"height":800,"url":"https:\/\/coparmexjal.org.mx\/entorno-empresarial\/wp-content\/uploads\/2026\/01\/reforma-fiscal-2026.jpg","type":"image\/jpeg"}],"author":"LCP Antonio Solano Moran","twitter_card":"summary_large_image","twitter_creator":"@comcoparmex","twitter_site":"@comcoparmex","twitter_misc":{"Escrito por":"LCP Antonio Solano Moran","Tiempo de lectura":"4 minutos"},"schema":{"@context":"https:\/\/schema.org","@graph":[{"@type":"Article","@id":"https:\/\/coparmexjal.org.mx\/entorno-empresarial\/cambios-cff-2026\/#article","isPartOf":{"@id":"https:\/\/coparmexjal.org.mx\/entorno-empresarial\/cambios-cff-2026\/"},"author":{"name":"LCP Antonio Solano Moran","@id":"https:\/\/coparmexjal.org.mx\/entorno-empresarial\/#\/schema\/person\/2884d6cb8219899c879d125eed21e9c8"},"headline":"Reforma 2026 al C\u00f3digo Fiscal de la Federaci\u00f3n","datePublished":"2026-01-30T16:41:05+00:00","dateModified":"2026-01-30T16:44:57+00:00","mainEntityOfPage":{"@id":"https:\/\/coparmexjal.org.mx\/entorno-empresarial\/cambios-cff-2026\/"},"wordCount":735,"commentCount":0,"publisher":{"@id":"https:\/\/coparmexjal.org.mx\/entorno-empresarial\/#organization"},"image":{"@id":"https:\/\/coparmexjal.org.mx\/entorno-empresarial\/cambios-cff-2026\/#primaryimage"},"thumbnailUrl":"https:\/\/coparmexjal.org.mx\/entorno-empresarial\/wp-content\/uploads\/2026\/01\/reforma-fiscal-2026.jpg","keywords":["CFDI","fiscalizacion","impuestos","obligaciones fiscales","reforma fiscal","rfc"],"articleSection":["Fiscal"],"inLanguage":"es","potentialAction":[{"@type":"CommentAction","name":"Comment","target":["https:\/\/coparmexjal.org.mx\/entorno-empresarial\/cambios-cff-2026\/#respond"]}]},{"@type":"WebPage","@id":"https:\/\/coparmexjal.org.mx\/entorno-empresarial\/cambios-cff-2026\/","url":"https:\/\/coparmexjal.org.mx\/entorno-empresarial\/cambios-cff-2026\/","name":"Reforma fiscal 2026: nuevas obligaciones y facultades del SAT","isPartOf":{"@id":"https:\/\/coparmexjal.org.mx\/entorno-empresarial\/#website"},"primaryImageOfPage":{"@id":"https:\/\/coparmexjal.org.mx\/entorno-empresarial\/cambios-cff-2026\/#primaryimage"},"image":{"@id":"https:\/\/coparmexjal.org.mx\/entorno-empresarial\/cambios-cff-2026\/#primaryimage"},"thumbnailUrl":"https:\/\/coparmexjal.org.mx\/entorno-empresarial\/wp-content\/uploads\/2026\/01\/reforma-fiscal-2026.jpg","datePublished":"2026-01-30T16:41:05+00:00","dateModified":"2026-01-30T16:44:57+00:00","description":"Conoce los principales cambios de la Reforma 2026 al C\u00f3digo Fiscal de la Federaci\u00f3n y su impacto en el cumplimiento fiscal de las empresas.","breadcrumb":{"@id":"https:\/\/coparmexjal.org.mx\/entorno-empresarial\/cambios-cff-2026\/#breadcrumb"},"inLanguage":"es","potentialAction":[{"@type":"ReadAction","target":["https:\/\/coparmexjal.org.mx\/entorno-empresarial\/cambios-cff-2026\/"]}]},{"@type":"ImageObject","inLanguage":"es","@id":"https:\/\/coparmexjal.org.mx\/entorno-empresarial\/cambios-cff-2026\/#primaryimage","url":"https:\/\/coparmexjal.org.mx\/entorno-empresarial\/wp-content\/uploads\/2026\/01\/reforma-fiscal-2026.jpg","contentUrl":"https:\/\/coparmexjal.org.mx\/entorno-empresarial\/wp-content\/uploads\/2026\/01\/reforma-fiscal-2026.jpg","width":1200,"height":800,"caption":"Business team analyzing income charts. Close up.Business analysis and strategy concept."},{"@type":"BreadcrumbList","@id":"https:\/\/coparmexjal.org.mx\/entorno-empresarial\/cambios-cff-2026\/#breadcrumb","itemListElement":[{"@type":"ListItem","position":1,"name":"Inicio","item":"https:\/\/coparmexjal.org.mx\/entorno-empresarial\/"},{"@type":"ListItem","position":2,"name":"Reforma 2026 al C\u00f3digo Fiscal de la Federaci\u00f3n"}]},{"@type":"WebSite","@id":"https:\/\/coparmexjal.org.mx\/entorno-empresarial\/#website","url":"https:\/\/coparmexjal.org.mx\/entorno-empresarial\/","name":"Revista Entorno Empresarial","description":"Coparmex Jalisco","publisher":{"@id":"https:\/\/coparmexjal.org.mx\/entorno-empresarial\/#organization"},"potentialAction":[{"@type":"SearchAction","target":{"@type":"EntryPoint","urlTemplate":"https:\/\/coparmexjal.org.mx\/entorno-empresarial\/?s={search_term_string}"},"query-input":{"@type":"PropertyValueSpecification","valueRequired":true,"valueName":"search_term_string"}}],"inLanguage":"es"},{"@type":"Organization","@id":"https:\/\/coparmexjal.org.mx\/entorno-empresarial\/#organization","name":"Coparmex Jalisco","url":"https:\/\/coparmexjal.org.mx\/entorno-empresarial\/","logo":{"@type":"ImageObject","inLanguage":"es","@id":"https:\/\/coparmexjal.org.mx\/entorno-empresarial\/#\/schema\/logo\/image\/","url":"https:\/\/coparmexjal.org.mx\/entorno-empresarial\/wp-content\/uploads\/2020\/02\/logo-amp.png","contentUrl":"https:\/\/coparmexjal.org.mx\/entorno-empresarial\/wp-content\/uploads\/2020\/02\/logo-amp.png","width":120,"height":90,"caption":"Coparmex Jalisco"},"image":{"@id":"https:\/\/coparmexjal.org.mx\/entorno-empresarial\/#\/schema\/logo\/image\/"},"sameAs":["https:\/\/facebook.com\/comcoparmex","https:\/\/x.com\/comcoparmex","http:\/\/instagram.com\/coparmexjalisco","https:\/\/mx.linkedin.com\/company\/coparmex-jalisco","https:\/\/www.youtube.com\/c\/CoparmexJaliscomx"]},{"@type":"Person","@id":"https:\/\/coparmexjal.org.mx\/entorno-empresarial\/#\/schema\/person\/2884d6cb8219899c879d125eed21e9c8","name":"LCP Antonio Solano Moran","image":{"@type":"ImageObject","inLanguage":"es","@id":"https:\/\/secure.gravatar.com\/avatar\/fbeb90c9787900f607a7fb6760adcc4569796a54c1334f8f8b00916a695b16cc?s=96&d=mm&r=g","url":"https:\/\/secure.gravatar.com\/avatar\/fbeb90c9787900f607a7fb6760adcc4569796a54c1334f8f8b00916a695b16cc?s=96&d=mm&r=g","contentUrl":"https:\/\/secure.gravatar.com\/avatar\/fbeb90c9787900f607a7fb6760adcc4569796a54c1334f8f8b00916a695b16cc?s=96&d=mm&r=g","caption":"LCP Antonio Solano Moran"},"url":"https:\/\/coparmexjal.org.mx\/entorno-empresarial\/author\/antoniosolanomoran\/"}]}},"_links":{"self":[{"href":"https:\/\/coparmexjal.org.mx\/entorno-empresarial\/wp-json\/wp\/v2\/posts\/8086","targetHints":{"allow":["GET"]}}],"collection":[{"href":"https:\/\/coparmexjal.org.mx\/entorno-empresarial\/wp-json\/wp\/v2\/posts"}],"about":[{"href":"https:\/\/coparmexjal.org.mx\/entorno-empresarial\/wp-json\/wp\/v2\/types\/post"}],"author":[{"embeddable":true,"href":"https:\/\/coparmexjal.org.mx\/entorno-empresarial\/wp-json\/wp\/v2\/users\/160"}],"replies":[{"embeddable":true,"href":"https:\/\/coparmexjal.org.mx\/entorno-empresarial\/wp-json\/wp\/v2\/comments?post=8086"}],"version-history":[{"count":1,"href":"https:\/\/coparmexjal.org.mx\/entorno-empresarial\/wp-json\/wp\/v2\/posts\/8086\/revisions"}],"predecessor-version":[{"id":8088,"href":"https:\/\/coparmexjal.org.mx\/entorno-empresarial\/wp-json\/wp\/v2\/posts\/8086\/revisions\/8088"}],"wp:featuredmedia":[{"embeddable":true,"href":"https:\/\/coparmexjal.org.mx\/entorno-empresarial\/wp-json\/wp\/v2\/media\/8087"}],"wp:attachment":[{"href":"https:\/\/coparmexjal.org.mx\/entorno-empresarial\/wp-json\/wp\/v2\/media?parent=8086"}],"wp:term":[{"taxonomy":"category","embeddable":true,"href":"https:\/\/coparmexjal.org.mx\/entorno-empresarial\/wp-json\/wp\/v2\/categories?post=8086"},{"taxonomy":"post_tag","embeddable":true,"href":"https:\/\/coparmexjal.org.mx\/entorno-empresarial\/wp-json\/wp\/v2\/tags?post=8086"}],"curies":[{"name":"wp","href":"https:\/\/api.w.org\/{rel}","templated":true}]}}