{"id":8004,"date":"2025-12-02T11:27:27","date_gmt":"2025-12-02T17:27:27","guid":{"rendered":"https:\/\/coparmexjal.org.mx\/entorno-empresarial\/?p=8004"},"modified":"2025-12-02T11:31:18","modified_gmt":"2025-12-02T17:31:18","slug":"reforma-judicial-jalisco","status":"publish","type":"post","link":"https:\/\/coparmexjal.org.mx\/entorno-empresarial\/reforma-judicial-jalisco\/","title":{"rendered":"Reforma Judicial Para Jalisco"},"content":{"rendered":"\n<p>Posicionamiento<\/p>\n\n\n\n<p>El grupo conformado por el ITESO, la Universidad Panamericana, la Universidad del Valle de Atemajac, el cap\u00edtulo Jalisco de la Barra Mexicana Colegio de Abogados, el cap\u00edtulo Occidente del Ilustre y Nacional Colegio de Abogados, la Coparmex Jalisco, acad\u00e9micas y acad\u00e9micos del derecho<strong><em>, <\/em><\/strong>Juicio Justo y el observatorio ciudadano Jalisco C\u00f3mo Vamos, desde septiembre de 2024 comenz\u00f3 a elaborar una iniciativa para reformar el Poder Judicial del estado de Jalisco, derivada de la reforma constitucional del Poder Judicial de la Federaci\u00f3n aprobada por el Congreso de la Uni\u00f3n y publicada el d\u00eda 15 de ese mes.<\/p>\n\n\n\n<p>Ante la dilaci\u00f3n en la aprobaci\u00f3n de dicha reforma, MANIFESTAMOS:<\/p>\n\n\n\n<p><sup><\/sup> Despu\u00e9s de un periodo excesivamente prolongado, la Comisi\u00f3n de Puntos Constitucionales del Congreso de Jalisco integr\u00f3 en un solo dictamen las siete iniciativas recibidas, una de ellas la elaborada por este grupo. Cabe se\u00f1alar que, de acuerdo con el mandato de la Constituci\u00f3n Federal, la modificaci\u00f3n en Jalisco debi\u00f3 haberse aprobado el 14 de marzo de 2025.<\/p>\n\n\n\n<p><sup><\/sup> El plazo para modificar la Constituci\u00f3n local y aprobar las leyes complementarias vence en abril de 2026.<\/p>\n\n\n\n<p><sup><\/sup> El dictamen presentado por la Comisi\u00f3n en octubre pasado, si bien reaviv\u00f3 el inter\u00e9s por la reforma, no gener\u00f3 los acuerdos necesarios para que fuera votado. Prevalecieron los desacuerdos. Es una obviedad, pero no es lo mismo carecer de acuerdo, debatir y avanzar, que tener desacuerdos sin deliberaci\u00f3n legislativa.<\/p>\n\n\n\n<p><sup><\/sup> En este grupo tenemos claro que el futuro de la justicia, del desarrollo econ\u00f3mico y del capital social en Jalisco estar\u00e1 marcado, para bien o para mal, por el contenido y la calidad de la reforma.<\/p>\n\n\n\n<p><sup><\/sup> Por ello, proponemos retomar el debate en enero de 2026, y que sea del tipo del que propici\u00f3 la iniciativa elaborada por este grupo plural, al margen de los tiempos establecidos por imperativos ajenos al bien com\u00fan.<\/p>\n\n\n\n<p><sup><\/sup> Por nuestra parte, en enero abriremos la discusi\u00f3n p\u00fablica desde nuestra iniciativa original. Sostenemos que contiene los elementos necesarios para cumplir el anhelo de justicia que pasa por la independencia y la autonom\u00eda de las personas juzgadoras, quienes deber\u00e1n ser elegidas entre las mejores, y reconocidas por su honestidad, su experiencia probada y su prestigio, y sin que medie el azar como mecanismo para determinar qui\u00e9n impartir\u00e1 justicia. De este modo, el Poder Judicial podr\u00e1 ser un verdadero contrapeso republicano, independiente y eficaz frente a los otros \u00f3rganos de poder, y sobre todo estar\u00e1 orientado al beneficio de la ciudadan\u00eda.<\/p>\n\n\n\n<p><sup><\/sup> Desde las universidades, las asociaciones de abogados y la sociedad civil, proponemos reiniciar el proceso, al margen del dictamen integrado, mismo que no fue factor para impulsar la mejor reforma posible. Proponemos que se sumen otras voces y que nuestra iniciativa \u2014que ser\u00e1 germen de la discusi\u00f3n y del trabajo ciudadano\u2014 se vuelva a\u00fan m\u00e1s incluyente.<\/p>\n\n\n\n<p>Hay mucho en juego: el Estado de Derecho, de cuya confiabilidad depende el desarrollo social, econ\u00f3mico y pol\u00edtico de Jalisco. No es una buena se\u00f1al para Jalisco que esta reforma sea un paquete m\u00e1s entre los que el Congreso del estado est\u00e1 discutiendo.<\/p>\n","protected":false},"excerpt":{"rendered":"<p>Posicionamiento El grupo conformado por el ITESO, la Universidad Panamericana, la Universidad del Valle de Atemajac, el cap\u00edtulo Jalisco de la Barra Mexicana Colegio de<\/p>\n","protected":false},"author":2,"featured_media":8006,"comment_status":"open","ping_status":"open","sticky":false,"template":"","format":"standard","meta":{"footnotes":""},"categories":[348],"tags":[257,787,1415,1883],"class_list":["post-8004","post","type-post","status-publish","format-standard","has-post-thumbnail","hentry","category-noticias","tag-jalisco","tag-poder-judicial","tag-reforma-judicial","tag-universidades-jalisco"],"yoast_head":"<!-- This site is optimized with the Yoast SEO plugin v27.4 - https:\/\/yoast.com\/product\/yoast-seo-wordpress\/ -->\n<title>Jalisco necesita una reforma judicial independiente y de calidad<\/title>\n<meta name=\"description\" content=\"An\u00e1lisis y llamado a reactivar la Reforma Judicial de Jalisco en 2026, impulsada por universidades, abogados y organizaciones ciudadanas.\" \/>\n<meta name=\"robots\" content=\"index, follow, max-snippet:-1, max-image-preview:large, max-video-preview:-1\" \/>\n<link rel=\"canonical\" href=\"https:\/\/coparmexjal.org.mx\/entorno-empresarial\/reforma-judicial-jalisco\/\" \/>\n<meta property=\"og:locale\" content=\"es_MX\" \/>\n<meta property=\"og:type\" content=\"article\" \/>\n<meta property=\"og:title\" content=\"Jalisco necesita una reforma judicial independiente y de calidad\" \/>\n<meta property=\"og:description\" content=\"An\u00e1lisis y llamado a reactivar la Reforma Judicial de Jalisco en 2026, impulsada por universidades, abogados y organizaciones ciudadanas.\" \/>\n<meta property=\"og:url\" content=\"https:\/\/coparmexjal.org.mx\/entorno-empresarial\/reforma-judicial-jalisco\/\" \/>\n<meta property=\"og:site_name\" content=\"Entorno Empresarial\" \/>\n<meta property=\"article:publisher\" content=\"https:\/\/facebook.com\/comcoparmex\" \/>\n<meta property=\"article:published_time\" content=\"2025-12-02T17:27:27+00:00\" \/>\n<meta property=\"article:modified_time\" content=\"2025-12-02T17:31:18+00:00\" \/>\n<meta property=\"og:image\" content=\"https:\/\/coparmexjal.org.mx\/entorno-empresarial\/wp-content\/uploads\/2025\/12\/reforma-judicial-jalisco-coparmex.png\" \/>\n\t<meta property=\"og:image:width\" content=\"640\" \/>\n\t<meta property=\"og:image:height\" content=\"148\" \/>\n\t<meta property=\"og:image:type\" content=\"image\/png\" \/>\n<meta name=\"author\" content=\"Coparmex Jalisco\" \/>\n<meta name=\"twitter:card\" content=\"summary_large_image\" \/>\n<meta name=\"twitter:creator\" content=\"@comcoparmex\" \/>\n<meta name=\"twitter:site\" content=\"@comcoparmex\" \/>\n<meta name=\"twitter:label1\" content=\"Escrito por\" \/>\n\t<meta name=\"twitter:data1\" content=\"Coparmex Jalisco\" \/>\n\t<meta name=\"twitter:label2\" content=\"Tiempo de lectura\" \/>\n\t<meta name=\"twitter:data2\" content=\"3 minutos\" \/>\n<script type=\"application\/ld+json\" class=\"yoast-schema-graph\">{\"@context\":\"https:\\\/\\\/schema.org\",\"@graph\":[{\"@type\":\"Article\",\"@id\":\"https:\\\/\\\/coparmexjal.org.mx\\\/entorno-empresarial\\\/reforma-judicial-jalisco\\\/#article\",\"isPartOf\":{\"@id\":\"https:\\\/\\\/coparmexjal.org.mx\\\/entorno-empresarial\\\/reforma-judicial-jalisco\\\/\"},\"author\":{\"name\":\"Coparmex Jalisco\",\"@id\":\"https:\\\/\\\/coparmexjal.org.mx\\\/entorno-empresarial\\\/#\\\/schema\\\/person\\\/7d1d56a9587bfb3a725cd3dbfbdb9d44\"},\"headline\":\"Reforma Judicial Para Jalisco\",\"datePublished\":\"2025-12-02T17:27:27+00:00\",\"dateModified\":\"2025-12-02T17:31:18+00:00\",\"mainEntityOfPage\":{\"@id\":\"https:\\\/\\\/coparmexjal.org.mx\\\/entorno-empresarial\\\/reforma-judicial-jalisco\\\/\"},\"wordCount\":534,\"commentCount\":0,\"publisher\":{\"@id\":\"https:\\\/\\\/coparmexjal.org.mx\\\/entorno-empresarial\\\/#organization\"},\"image\":{\"@id\":\"https:\\\/\\\/coparmexjal.org.mx\\\/entorno-empresarial\\\/reforma-judicial-jalisco\\\/#primaryimage\"},\"thumbnailUrl\":\"https:\\\/\\\/coparmexjal.org.mx\\\/entorno-empresarial\\\/wp-content\\\/uploads\\\/2025\\\/12\\\/reforma-judicial-jalisco-coparmex.png\",\"keywords\":[\"Jalisco\",\"Poder Judicial\",\"Reforma Judicial\",\"Universidades Jalisco\"],\"articleSection\":[\"Noticias\"],\"inLanguage\":\"es\",\"potentialAction\":[{\"@type\":\"CommentAction\",\"name\":\"Comment\",\"target\":[\"https:\\\/\\\/coparmexjal.org.mx\\\/entorno-empresarial\\\/reforma-judicial-jalisco\\\/#respond\"]}]},{\"@type\":\"WebPage\",\"@id\":\"https:\\\/\\\/coparmexjal.org.mx\\\/entorno-empresarial\\\/reforma-judicial-jalisco\\\/\",\"url\":\"https:\\\/\\\/coparmexjal.org.mx\\\/entorno-empresarial\\\/reforma-judicial-jalisco\\\/\",\"name\":\"Jalisco necesita una reforma judicial independiente y de calidad\",\"isPartOf\":{\"@id\":\"https:\\\/\\\/coparmexjal.org.mx\\\/entorno-empresarial\\\/#website\"},\"primaryImageOfPage\":{\"@id\":\"https:\\\/\\\/coparmexjal.org.mx\\\/entorno-empresarial\\\/reforma-judicial-jalisco\\\/#primaryimage\"},\"image\":{\"@id\":\"https:\\\/\\\/coparmexjal.org.mx\\\/entorno-empresarial\\\/reforma-judicial-jalisco\\\/#primaryimage\"},\"thumbnailUrl\":\"https:\\\/\\\/coparmexjal.org.mx\\\/entorno-empresarial\\\/wp-content\\\/uploads\\\/2025\\\/12\\\/reforma-judicial-jalisco-coparmex.png\",\"datePublished\":\"2025-12-02T17:27:27+00:00\",\"dateModified\":\"2025-12-02T17:31:18+00:00\",\"description\":\"An\u00e1lisis y llamado a reactivar la Reforma Judicial de Jalisco en 2026, impulsada por universidades, abogados y organizaciones ciudadanas.\",\"breadcrumb\":{\"@id\":\"https:\\\/\\\/coparmexjal.org.mx\\\/entorno-empresarial\\\/reforma-judicial-jalisco\\\/#breadcrumb\"},\"inLanguage\":\"es\",\"potentialAction\":[{\"@type\":\"ReadAction\",\"target\":[\"https:\\\/\\\/coparmexjal.org.mx\\\/entorno-empresarial\\\/reforma-judicial-jalisco\\\/\"]}]},{\"@type\":\"ImageObject\",\"inLanguage\":\"es\",\"@id\":\"https:\\\/\\\/coparmexjal.org.mx\\\/entorno-empresarial\\\/reforma-judicial-jalisco\\\/#primaryimage\",\"url\":\"https:\\\/\\\/coparmexjal.org.mx\\\/entorno-empresarial\\\/wp-content\\\/uploads\\\/2025\\\/12\\\/reforma-judicial-jalisco-coparmex.png\",\"contentUrl\":\"https:\\\/\\\/coparmexjal.org.mx\\\/entorno-empresarial\\\/wp-content\\\/uploads\\\/2025\\\/12\\\/reforma-judicial-jalisco-coparmex.png\",\"width\":640,\"height\":148},{\"@type\":\"BreadcrumbList\",\"@id\":\"https:\\\/\\\/coparmexjal.org.mx\\\/entorno-empresarial\\\/reforma-judicial-jalisco\\\/#breadcrumb\",\"itemListElement\":[{\"@type\":\"ListItem\",\"position\":1,\"name\":\"Inicio\",\"item\":\"https:\\\/\\\/coparmexjal.org.mx\\\/entorno-empresarial\\\/\"},{\"@type\":\"ListItem\",\"position\":2,\"name\":\"Reforma Judicial Para Jalisco\"}]},{\"@type\":\"WebSite\",\"@id\":\"https:\\\/\\\/coparmexjal.org.mx\\\/entorno-empresarial\\\/#website\",\"url\":\"https:\\\/\\\/coparmexjal.org.mx\\\/entorno-empresarial\\\/\",\"name\":\"Revista Entorno Empresarial\",\"description\":\"Coparmex Jalisco\",\"publisher\":{\"@id\":\"https:\\\/\\\/coparmexjal.org.mx\\\/entorno-empresarial\\\/#organization\"},\"potentialAction\":[{\"@type\":\"SearchAction\",\"target\":{\"@type\":\"EntryPoint\",\"urlTemplate\":\"https:\\\/\\\/coparmexjal.org.mx\\\/entorno-empresarial\\\/?s={search_term_string}\"},\"query-input\":{\"@type\":\"PropertyValueSpecification\",\"valueRequired\":true,\"valueName\":\"search_term_string\"}}],\"inLanguage\":\"es\"},{\"@type\":\"Organization\",\"@id\":\"https:\\\/\\\/coparmexjal.org.mx\\\/entorno-empresarial\\\/#organization\",\"name\":\"Coparmex Jalisco\",\"url\":\"https:\\\/\\\/coparmexjal.org.mx\\\/entorno-empresarial\\\/\",\"logo\":{\"@type\":\"ImageObject\",\"inLanguage\":\"es\",\"@id\":\"https:\\\/\\\/coparmexjal.org.mx\\\/entorno-empresarial\\\/#\\\/schema\\\/logo\\\/image\\\/\",\"url\":\"https:\\\/\\\/coparmexjal.org.mx\\\/entorno-empresarial\\\/wp-content\\\/uploads\\\/2020\\\/02\\\/logo-amp.png\",\"contentUrl\":\"https:\\\/\\\/coparmexjal.org.mx\\\/entorno-empresarial\\\/wp-content\\\/uploads\\\/2020\\\/02\\\/logo-amp.png\",\"width\":120,\"height\":90,\"caption\":\"Coparmex Jalisco\"},\"image\":{\"@id\":\"https:\\\/\\\/coparmexjal.org.mx\\\/entorno-empresarial\\\/#\\\/schema\\\/logo\\\/image\\\/\"},\"sameAs\":[\"https:\\\/\\\/facebook.com\\\/comcoparmex\",\"https:\\\/\\\/x.com\\\/comcoparmex\",\"http:\\\/\\\/instagram.com\\\/coparmexjalisco\",\"https:\\\/\\\/mx.linkedin.com\\\/company\\\/coparmex-jalisco\",\"https:\\\/\\\/www.youtube.com\\\/c\\\/CoparmexJaliscomx\"]},{\"@type\":\"Person\",\"@id\":\"https:\\\/\\\/coparmexjal.org.mx\\\/entorno-empresarial\\\/#\\\/schema\\\/person\\\/7d1d56a9587bfb3a725cd3dbfbdb9d44\",\"name\":\"Coparmex Jalisco\",\"image\":{\"@type\":\"ImageObject\",\"inLanguage\":\"es\",\"@id\":\"https:\\\/\\\/coparmexjal.org.mx\\\/entorno-empresarial\\\/wp-content\\\/uploads\\\/2020\\\/06\\\/favicon-150x133.png\",\"url\":\"https:\\\/\\\/coparmexjal.org.mx\\\/entorno-empresarial\\\/wp-content\\\/uploads\\\/2020\\\/06\\\/favicon-150x133.png\",\"contentUrl\":\"https:\\\/\\\/coparmexjal.org.mx\\\/entorno-empresarial\\\/wp-content\\\/uploads\\\/2020\\\/06\\\/favicon-150x133.png\",\"caption\":\"Coparmex Jalisco\"},\"url\":\"https:\\\/\\\/coparmexjal.org.mx\\\/entorno-empresarial\\\/author\\\/coparmexjalisco\\\/\"}]}<\/script>\n<!-- \/ Yoast SEO plugin. -->","yoast_head_json":{"title":"Jalisco necesita una reforma judicial independiente y de calidad","description":"An\u00e1lisis y llamado a reactivar la Reforma Judicial de Jalisco en 2026, impulsada por universidades, abogados y organizaciones ciudadanas.","robots":{"index":"index","follow":"follow","max-snippet":"max-snippet:-1","max-image-preview":"max-image-preview:large","max-video-preview":"max-video-preview:-1"},"canonical":"https:\/\/coparmexjal.org.mx\/entorno-empresarial\/reforma-judicial-jalisco\/","og_locale":"es_MX","og_type":"article","og_title":"Jalisco necesita una reforma judicial independiente y de calidad","og_description":"An\u00e1lisis y llamado a reactivar la Reforma Judicial de Jalisco en 2026, impulsada por universidades, abogados y organizaciones ciudadanas.","og_url":"https:\/\/coparmexjal.org.mx\/entorno-empresarial\/reforma-judicial-jalisco\/","og_site_name":"Entorno Empresarial","article_publisher":"https:\/\/facebook.com\/comcoparmex","article_published_time":"2025-12-02T17:27:27+00:00","article_modified_time":"2025-12-02T17:31:18+00:00","og_image":[{"width":640,"height":148,"url":"https:\/\/coparmexjal.org.mx\/entorno-empresarial\/wp-content\/uploads\/2025\/12\/reforma-judicial-jalisco-coparmex.png","type":"image\/png"}],"author":"Coparmex Jalisco","twitter_card":"summary_large_image","twitter_creator":"@comcoparmex","twitter_site":"@comcoparmex","twitter_misc":{"Escrito por":"Coparmex Jalisco","Tiempo de lectura":"3 minutos"},"schema":{"@context":"https:\/\/schema.org","@graph":[{"@type":"Article","@id":"https:\/\/coparmexjal.org.mx\/entorno-empresarial\/reforma-judicial-jalisco\/#article","isPartOf":{"@id":"https:\/\/coparmexjal.org.mx\/entorno-empresarial\/reforma-judicial-jalisco\/"},"author":{"name":"Coparmex Jalisco","@id":"https:\/\/coparmexjal.org.mx\/entorno-empresarial\/#\/schema\/person\/7d1d56a9587bfb3a725cd3dbfbdb9d44"},"headline":"Reforma Judicial Para Jalisco","datePublished":"2025-12-02T17:27:27+00:00","dateModified":"2025-12-02T17:31:18+00:00","mainEntityOfPage":{"@id":"https:\/\/coparmexjal.org.mx\/entorno-empresarial\/reforma-judicial-jalisco\/"},"wordCount":534,"commentCount":0,"publisher":{"@id":"https:\/\/coparmexjal.org.mx\/entorno-empresarial\/#organization"},"image":{"@id":"https:\/\/coparmexjal.org.mx\/entorno-empresarial\/reforma-judicial-jalisco\/#primaryimage"},"thumbnailUrl":"https:\/\/coparmexjal.org.mx\/entorno-empresarial\/wp-content\/uploads\/2025\/12\/reforma-judicial-jalisco-coparmex.png","keywords":["Jalisco","Poder Judicial","Reforma Judicial","Universidades Jalisco"],"articleSection":["Noticias"],"inLanguage":"es","potentialAction":[{"@type":"CommentAction","name":"Comment","target":["https:\/\/coparmexjal.org.mx\/entorno-empresarial\/reforma-judicial-jalisco\/#respond"]}]},{"@type":"WebPage","@id":"https:\/\/coparmexjal.org.mx\/entorno-empresarial\/reforma-judicial-jalisco\/","url":"https:\/\/coparmexjal.org.mx\/entorno-empresarial\/reforma-judicial-jalisco\/","name":"Jalisco necesita una reforma judicial independiente y de calidad","isPartOf":{"@id":"https:\/\/coparmexjal.org.mx\/entorno-empresarial\/#website"},"primaryImageOfPage":{"@id":"https:\/\/coparmexjal.org.mx\/entorno-empresarial\/reforma-judicial-jalisco\/#primaryimage"},"image":{"@id":"https:\/\/coparmexjal.org.mx\/entorno-empresarial\/reforma-judicial-jalisco\/#primaryimage"},"thumbnailUrl":"https:\/\/coparmexjal.org.mx\/entorno-empresarial\/wp-content\/uploads\/2025\/12\/reforma-judicial-jalisco-coparmex.png","datePublished":"2025-12-02T17:27:27+00:00","dateModified":"2025-12-02T17:31:18+00:00","description":"An\u00e1lisis y llamado a reactivar la Reforma Judicial de Jalisco en 2026, impulsada por universidades, abogados y organizaciones ciudadanas.","breadcrumb":{"@id":"https:\/\/coparmexjal.org.mx\/entorno-empresarial\/reforma-judicial-jalisco\/#breadcrumb"},"inLanguage":"es","potentialAction":[{"@type":"ReadAction","target":["https:\/\/coparmexjal.org.mx\/entorno-empresarial\/reforma-judicial-jalisco\/"]}]},{"@type":"ImageObject","inLanguage":"es","@id":"https:\/\/coparmexjal.org.mx\/entorno-empresarial\/reforma-judicial-jalisco\/#primaryimage","url":"https:\/\/coparmexjal.org.mx\/entorno-empresarial\/wp-content\/uploads\/2025\/12\/reforma-judicial-jalisco-coparmex.png","contentUrl":"https:\/\/coparmexjal.org.mx\/entorno-empresarial\/wp-content\/uploads\/2025\/12\/reforma-judicial-jalisco-coparmex.png","width":640,"height":148},{"@type":"BreadcrumbList","@id":"https:\/\/coparmexjal.org.mx\/entorno-empresarial\/reforma-judicial-jalisco\/#breadcrumb","itemListElement":[{"@type":"ListItem","position":1,"name":"Inicio","item":"https:\/\/coparmexjal.org.mx\/entorno-empresarial\/"},{"@type":"ListItem","position":2,"name":"Reforma Judicial Para Jalisco"}]},{"@type":"WebSite","@id":"https:\/\/coparmexjal.org.mx\/entorno-empresarial\/#website","url":"https:\/\/coparmexjal.org.mx\/entorno-empresarial\/","name":"Revista Entorno Empresarial","description":"Coparmex Jalisco","publisher":{"@id":"https:\/\/coparmexjal.org.mx\/entorno-empresarial\/#organization"},"potentialAction":[{"@type":"SearchAction","target":{"@type":"EntryPoint","urlTemplate":"https:\/\/coparmexjal.org.mx\/entorno-empresarial\/?s={search_term_string}"},"query-input":{"@type":"PropertyValueSpecification","valueRequired":true,"valueName":"search_term_string"}}],"inLanguage":"es"},{"@type":"Organization","@id":"https:\/\/coparmexjal.org.mx\/entorno-empresarial\/#organization","name":"Coparmex Jalisco","url":"https:\/\/coparmexjal.org.mx\/entorno-empresarial\/","logo":{"@type":"ImageObject","inLanguage":"es","@id":"https:\/\/coparmexjal.org.mx\/entorno-empresarial\/#\/schema\/logo\/image\/","url":"https:\/\/coparmexjal.org.mx\/entorno-empresarial\/wp-content\/uploads\/2020\/02\/logo-amp.png","contentUrl":"https:\/\/coparmexjal.org.mx\/entorno-empresarial\/wp-content\/uploads\/2020\/02\/logo-amp.png","width":120,"height":90,"caption":"Coparmex Jalisco"},"image":{"@id":"https:\/\/coparmexjal.org.mx\/entorno-empresarial\/#\/schema\/logo\/image\/"},"sameAs":["https:\/\/facebook.com\/comcoparmex","https:\/\/x.com\/comcoparmex","http:\/\/instagram.com\/coparmexjalisco","https:\/\/mx.linkedin.com\/company\/coparmex-jalisco","https:\/\/www.youtube.com\/c\/CoparmexJaliscomx"]},{"@type":"Person","@id":"https:\/\/coparmexjal.org.mx\/entorno-empresarial\/#\/schema\/person\/7d1d56a9587bfb3a725cd3dbfbdb9d44","name":"Coparmex Jalisco","image":{"@type":"ImageObject","inLanguage":"es","@id":"https:\/\/coparmexjal.org.mx\/entorno-empresarial\/wp-content\/uploads\/2020\/06\/favicon-150x133.png","url":"https:\/\/coparmexjal.org.mx\/entorno-empresarial\/wp-content\/uploads\/2020\/06\/favicon-150x133.png","contentUrl":"https:\/\/coparmexjal.org.mx\/entorno-empresarial\/wp-content\/uploads\/2020\/06\/favicon-150x133.png","caption":"Coparmex Jalisco"},"url":"https:\/\/coparmexjal.org.mx\/entorno-empresarial\/author\/coparmexjalisco\/"}]}},"_links":{"self":[{"href":"https:\/\/coparmexjal.org.mx\/entorno-empresarial\/wp-json\/wp\/v2\/posts\/8004","targetHints":{"allow":["GET"]}}],"collection":[{"href":"https:\/\/coparmexjal.org.mx\/entorno-empresarial\/wp-json\/wp\/v2\/posts"}],"about":[{"href":"https:\/\/coparmexjal.org.mx\/entorno-empresarial\/wp-json\/wp\/v2\/types\/post"}],"author":[{"embeddable":true,"href":"https:\/\/coparmexjal.org.mx\/entorno-empresarial\/wp-json\/wp\/v2\/users\/2"}],"replies":[{"embeddable":true,"href":"https:\/\/coparmexjal.org.mx\/entorno-empresarial\/wp-json\/wp\/v2\/comments?post=8004"}],"version-history":[{"count":2,"href":"https:\/\/coparmexjal.org.mx\/entorno-empresarial\/wp-json\/wp\/v2\/posts\/8004\/revisions"}],"predecessor-version":[{"id":8009,"href":"https:\/\/coparmexjal.org.mx\/entorno-empresarial\/wp-json\/wp\/v2\/posts\/8004\/revisions\/8009"}],"wp:featuredmedia":[{"embeddable":true,"href":"https:\/\/coparmexjal.org.mx\/entorno-empresarial\/wp-json\/wp\/v2\/media\/8006"}],"wp:attachment":[{"href":"https:\/\/coparmexjal.org.mx\/entorno-empresarial\/wp-json\/wp\/v2\/media?parent=8004"}],"wp:term":[{"taxonomy":"category","embeddable":true,"href":"https:\/\/coparmexjal.org.mx\/entorno-empresarial\/wp-json\/wp\/v2\/categories?post=8004"},{"taxonomy":"post_tag","embeddable":true,"href":"https:\/\/coparmexjal.org.mx\/entorno-empresarial\/wp-json\/wp\/v2\/tags?post=8004"}],"curies":[{"name":"wp","href":"https:\/\/api.w.org\/{rel}","templated":true}]}}