{"id":7883,"date":"2025-10-30T14:45:46","date_gmt":"2025-10-30T20:45:46","guid":{"rendered":"https:\/\/coparmexjal.org.mx\/entorno-empresarial\/?p=7883"},"modified":"2025-10-30T14:45:47","modified_gmt":"2025-10-30T20:45:47","slug":"etica-ia-filosofia-empresarial","status":"publish","type":"post","link":"https:\/\/coparmexjal.org.mx\/entorno-empresarial\/etica-ia-filosofia-empresarial\/","title":{"rendered":"El Imperativo \u00c9tico ante la IA: Por qu\u00e9 la Filosof\u00eda Debe Liderar la Innovaci\u00f3n Empresarial"},"content":{"rendered":"\n<p>El advenimiento de la Inteligencia Artificial (IA) ha catalizado una transformaci\u00f3n de nuestro entorno empresarial, llev\u00e1ndolo a un estado permanente de <strong>volatilidad, incertidumbre, complejidad y ambig\u00fcedad (VUCA)<\/strong>. Mientras la tecnolog\u00eda nos promete eficiencias sin precedentes, su implementaci\u00f3n sin un marco moral robusto nos expone a riesgos existenciales y sociales. La IA no es solo una herramienta de c\u00e1lculo, es un agente de cambio cultural y un espejo que refleja las fallas \u00e9ticas de la propia humanidad.<\/p>\n\n\n\n<p>La tarea del liderazgo en esta era es clara: <strong>abrazar la IA con realismo, pero guiarla con un prop\u00f3sito superior y una \u00e9tica inquebrantable<\/strong>.<\/p>\n\n\n\n<p><strong>La Dualidad de la Existencia: Entre el Flujo y el Fundamento<\/strong><\/p>\n\n\n\n<p>Para abordar la IA de forma responsable, debemos primero entender su naturaleza desde una perspectiva filos\u00f3fica. La tecnolog\u00eda encarna la doctrina de <strong>Her\u00e1clito<\/strong>, el fil\u00f3sofo del cambio: &#8220;todo fluye&#8221; (<em>panta rhei<\/em>). La IA est\u00e1 en constante mutaci\u00f3n, haciendo obsoletos los modelos de negocio y la legislaci\u00f3n con una rapidez que desaf\u00eda la previsi\u00f3n humana. Gestionar el <em>software<\/em> es gestionar la disrupci\u00f3n perpetua.<\/p>\n\n\n\n<p>No obstante, esta ola de cambio debe anclarse en algo permanente. El <strong>Realismo<\/strong> nos invita a reconocer la IA como una condici\u00f3n objetiva e irreversible, sin caer en la negaci\u00f3n. Pero, m\u00e1s all\u00e1 de la realidad, el fundamento \u00e9tico debe ser inamovible. Al igual que <strong>Parm\u00e9nides<\/strong> buscaba el &#8220;ser&#8221; estable bajo el velo de la ilusi\u00f3n, el liderazgo debe buscar y asegurar el <strong>prop\u00f3sito humano y los valores fundamentales<\/strong> de la organizaci\u00f3n. Sin este anclaje, la eficiencia de la IA podr\u00eda llevarnos por un camino que es funcional, pero profundamente inmoral.<\/p>\n\n\n\n<p><strong>El Deber de Kant y la Responsabilidad de Nietzsche<\/strong><\/p>\n\n\n\n<p>El uso responsable de la IA requiere que elevemos el debate de la eficiencia al plano de la \u00e9tica. Dos pensadores ofrecen herramientas conceptuales esenciales para esta transici\u00f3n:<\/p>\n\n\n\n<p><strong>Immanuel Kant: El Imperativo Categ\u00f3rico.<\/strong> La filosof\u00eda de <strong>Kant<\/strong> nos proporciona la base de la \u00e9tica deontol\u00f3gica. El imperativo categ\u00f3rico establece que debemos tratar a la humanidad, sea en la persona del trabajador, el cliente o el ciudadano, <strong>siempre como un fin en s\u00ed mismo, y nunca meramente como un medio<\/strong>. La IA, si se utiliza solo para maximizar el margen de beneficio a costa de la dignidad laboral o de la privacidad del usuario, viola este principio fundamental. Un l\u00edder \u00e9tico debe preguntarse: \u00bfEstoy utilizando la IA para servir a las personas, o estoy usando a las personas para servir a mi IA?<\/p>\n\n\n\n<p><strong>Friedrich Nietzsche: La Responsabilidad Creadora.<\/strong> La incertidumbre de la IA nos coloca en un vac\u00edo moral donde las viejas reglas se desvanecen. <strong>Nietzsche<\/strong> entendi\u00f3 que si &#8220;Dios ha muerto&#8221; (es decir, si las verdades absolutas se han disuelto), el ser humano tiene la <strong>responsabilidad radical<\/strong> de crear sus propios valores. El liderazgo debe ser el <strong><em>\u00dcbermensch<\/em><\/strong><strong> (Superhombre)<\/strong> de la \u00e9tica en la IA: no se limita a seguir reglamentos t\u00e9cnicos, sino que activamente <strong>forja la moralidad y el <\/strong><strong><em>ethos<\/em><\/strong> de la tecnolog\u00eda dentro de la empresa. Asumir esta responsabilidad existencial es el primer paso hacia una gobernanza \u00e9tica.<\/p>\n\n\n\n<p><strong>Gestionar la Incertidumbre, No Ocultar la Responsabilidad<\/strong><\/p>\n\n\n\n<p>La gesti\u00f3n de la incertidumbre ya no es solo una cuesti\u00f3n de estrategia, sino de <strong>integridad<\/strong>. Mi <strong>Modelo de Gesti\u00f3n de la Incertidumbre (MGI)<\/strong>, basado en el estoicismo, el pragmatismo y el existencialismo, est\u00e1 dise\u00f1ado para integrar este rigor \u00e9tico en la pr\u00e1ctica diaria.<\/p>\n\n\n\n<p>El <strong>Estoicismo<\/strong>, al ense\u00f1arnos la <strong>Dicotom\u00eda del Control<\/strong>, nos permite enfocar nuestra energ\u00eda. No podemos controlar el desarrollo de la IA, pero s\u00ed podemos y <strong>debemos controlar la \u00e9tica y las pautas que le imponemos<\/strong>. Esta disciplina mental es crucial para evitar el p\u00e1nico y eludir la tentaci\u00f3n de delegar nuestra responsabilidad moral en un algoritmo.En esencia, la IA es el <em>c\u00f3mo<\/em> que transforma nuestro negocio; nuestra <strong>Filosof\u00eda del Prop\u00f3sito Superior<\/strong> debe ser el <em>porqu\u00e9<\/em> que nos impide deshumanizar ese proceso. La \u00fanica manera de garantizar un uso responsable es elevando la filosof\u00eda aplicada a un nivel estrat\u00e9gico, donde la sabidur\u00eda ilumine la innovaci\u00f3n. Esto no es solo una postura \u00e9tica, es una ventaja competitiva de largo plazo, pues solo las empresas arraigadas en valores trascendentes ser\u00e1n vistas como agentes de confianza en el futuro<\/p>\n","protected":false},"excerpt":{"rendered":"<p>El advenimiento de la Inteligencia Artificial (IA) ha catalizado una transformaci\u00f3n de nuestro entorno empresarial, llev\u00e1ndolo a un estado permanente de volatilidad, incertidumbre, complejidad y<\/p>\n","protected":false},"author":158,"featured_media":7884,"comment_status":"open","ping_status":"open","sticky":false,"template":"","format":"standard","meta":{"footnotes":""},"categories":[495],"tags":[1664,1665,1525,1118,1666],"class_list":["post-7883","post","type-post","status-publish","format-standard","has-post-thumbnail","hentry","category-innovacion","tag-etica-empresarial","tag-filosofia-aplicada","tag-innovacion-tecnologica","tag-inteligencia-artificial","tag-liderazgo-etico"],"yoast_head":"<!-- This site is optimized with the Yoast SEO plugin v27.5 - https:\/\/yoast.com\/product\/yoast-seo-wordpress\/ -->\n<title>C\u00f3mo la Filosof\u00eda puede Guiar la Inteligencia Artificial Empresarial<\/title>\n<meta name=\"description\" content=\"La IA transforma negocios, pero solo la \u00e9tica puede guiarlos. Conoce c\u00f3mo el pensamiento filos\u00f3fico impulsa la innovaci\u00f3n responsable.\" \/>\n<meta name=\"robots\" content=\"index, follow, max-snippet:-1, max-image-preview:large, max-video-preview:-1\" \/>\n<link rel=\"canonical\" href=\"https:\/\/coparmexjal.org.mx\/entorno-empresarial\/etica-ia-filosofia-empresarial\/\" \/>\n<meta property=\"og:locale\" content=\"es_MX\" \/>\n<meta property=\"og:type\" content=\"article\" \/>\n<meta property=\"og:title\" content=\"C\u00f3mo la Filosof\u00eda puede Guiar la Inteligencia Artificial Empresarial\" \/>\n<meta property=\"og:description\" content=\"La IA transforma negocios, pero solo la \u00e9tica puede guiarlos. Conoce c\u00f3mo el pensamiento filos\u00f3fico impulsa la innovaci\u00f3n responsable.\" \/>\n<meta property=\"og:url\" content=\"https:\/\/coparmexjal.org.mx\/entorno-empresarial\/etica-ia-filosofia-empresarial\/\" \/>\n<meta property=\"og:site_name\" content=\"Entorno Empresarial\" \/>\n<meta property=\"article:publisher\" content=\"https:\/\/facebook.com\/comcoparmex\" \/>\n<meta property=\"article:published_time\" content=\"2025-10-30T20:45:46+00:00\" \/>\n<meta property=\"article:modified_time\" content=\"2025-10-30T20:45:47+00:00\" \/>\n<meta property=\"og:image\" content=\"https:\/\/coparmexjal.org.mx\/entorno-empresarial\/wp-content\/uploads\/2025\/10\/ia-aplicada1.jpg\" \/>\n\t<meta property=\"og:image:width\" content=\"1422\" \/>\n\t<meta property=\"og:image:height\" content=\"800\" \/>\n\t<meta property=\"og:image:type\" content=\"image\/jpeg\" \/>\n<meta name=\"author\" content=\"Juan P\u00e9rez\" \/>\n<meta name=\"twitter:card\" content=\"summary_large_image\" \/>\n<meta name=\"twitter:creator\" content=\"@comcoparmex\" \/>\n<meta name=\"twitter:site\" content=\"@comcoparmex\" \/>\n<meta name=\"twitter:label1\" content=\"Escrito por\" \/>\n\t<meta name=\"twitter:data1\" content=\"Juan P\u00e9rez\" \/>\n\t<meta name=\"twitter:label2\" content=\"Tiempo de lectura\" \/>\n\t<meta name=\"twitter:data2\" content=\"4 minutos\" \/>\n<script type=\"application\/ld+json\" class=\"yoast-schema-graph\">{\"@context\":\"https:\\\/\\\/schema.org\",\"@graph\":[{\"@type\":\"Article\",\"@id\":\"https:\\\/\\\/coparmexjal.org.mx\\\/entorno-empresarial\\\/etica-ia-filosofia-empresarial\\\/#article\",\"isPartOf\":{\"@id\":\"https:\\\/\\\/coparmexjal.org.mx\\\/entorno-empresarial\\\/etica-ia-filosofia-empresarial\\\/\"},\"author\":{\"name\":\"Juan P\u00e9rez\",\"@id\":\"https:\\\/\\\/coparmexjal.org.mx\\\/entorno-empresarial\\\/#\\\/schema\\\/person\\\/7c46c207ea78c7b38ca18e9c6f457073\"},\"headline\":\"El Imperativo \u00c9tico ante la IA: Por qu\u00e9 la Filosof\u00eda Debe Liderar la Innovaci\u00f3n Empresarial\",\"datePublished\":\"2025-10-30T20:45:46+00:00\",\"dateModified\":\"2025-10-30T20:45:47+00:00\",\"mainEntityOfPage\":{\"@id\":\"https:\\\/\\\/coparmexjal.org.mx\\\/entorno-empresarial\\\/etica-ia-filosofia-empresarial\\\/\"},\"wordCount\":758,\"commentCount\":0,\"publisher\":{\"@id\":\"https:\\\/\\\/coparmexjal.org.mx\\\/entorno-empresarial\\\/#organization\"},\"image\":{\"@id\":\"https:\\\/\\\/coparmexjal.org.mx\\\/entorno-empresarial\\\/etica-ia-filosofia-empresarial\\\/#primaryimage\"},\"thumbnailUrl\":\"https:\\\/\\\/coparmexjal.org.mx\\\/entorno-empresarial\\\/wp-content\\\/uploads\\\/2025\\\/10\\\/ia-aplicada1.jpg\",\"keywords\":[\"\u00c9tica empresarial\",\"Filosof\u00eda aplicada\",\"innovaci\u00f3n tecnol\u00f3gica\",\"inteligencia artificial\",\"Liderazgo \u00e9tico\"],\"articleSection\":[\"Innovaci\u00f3n\"],\"inLanguage\":\"es\",\"potentialAction\":[{\"@type\":\"CommentAction\",\"name\":\"Comment\",\"target\":[\"https:\\\/\\\/coparmexjal.org.mx\\\/entorno-empresarial\\\/etica-ia-filosofia-empresarial\\\/#respond\"]}]},{\"@type\":\"WebPage\",\"@id\":\"https:\\\/\\\/coparmexjal.org.mx\\\/entorno-empresarial\\\/etica-ia-filosofia-empresarial\\\/\",\"url\":\"https:\\\/\\\/coparmexjal.org.mx\\\/entorno-empresarial\\\/etica-ia-filosofia-empresarial\\\/\",\"name\":\"C\u00f3mo la Filosof\u00eda puede Guiar la Inteligencia Artificial Empresarial\",\"isPartOf\":{\"@id\":\"https:\\\/\\\/coparmexjal.org.mx\\\/entorno-empresarial\\\/#website\"},\"primaryImageOfPage\":{\"@id\":\"https:\\\/\\\/coparmexjal.org.mx\\\/entorno-empresarial\\\/etica-ia-filosofia-empresarial\\\/#primaryimage\"},\"image\":{\"@id\":\"https:\\\/\\\/coparmexjal.org.mx\\\/entorno-empresarial\\\/etica-ia-filosofia-empresarial\\\/#primaryimage\"},\"thumbnailUrl\":\"https:\\\/\\\/coparmexjal.org.mx\\\/entorno-empresarial\\\/wp-content\\\/uploads\\\/2025\\\/10\\\/ia-aplicada1.jpg\",\"datePublished\":\"2025-10-30T20:45:46+00:00\",\"dateModified\":\"2025-10-30T20:45:47+00:00\",\"description\":\"La IA transforma negocios, pero solo la \u00e9tica puede guiarlos. Conoce c\u00f3mo el pensamiento filos\u00f3fico impulsa la innovaci\u00f3n responsable.\",\"breadcrumb\":{\"@id\":\"https:\\\/\\\/coparmexjal.org.mx\\\/entorno-empresarial\\\/etica-ia-filosofia-empresarial\\\/#breadcrumb\"},\"inLanguage\":\"es\",\"potentialAction\":[{\"@type\":\"ReadAction\",\"target\":[\"https:\\\/\\\/coparmexjal.org.mx\\\/entorno-empresarial\\\/etica-ia-filosofia-empresarial\\\/\"]}]},{\"@type\":\"ImageObject\",\"inLanguage\":\"es\",\"@id\":\"https:\\\/\\\/coparmexjal.org.mx\\\/entorno-empresarial\\\/etica-ia-filosofia-empresarial\\\/#primaryimage\",\"url\":\"https:\\\/\\\/coparmexjal.org.mx\\\/entorno-empresarial\\\/wp-content\\\/uploads\\\/2025\\\/10\\\/ia-aplicada1.jpg\",\"contentUrl\":\"https:\\\/\\\/coparmexjal.org.mx\\\/entorno-empresarial\\\/wp-content\\\/uploads\\\/2025\\\/10\\\/ia-aplicada1.jpg\",\"width\":1422,\"height\":800,\"caption\":\"Woman using virtual screen futuristic technology\"},{\"@type\":\"BreadcrumbList\",\"@id\":\"https:\\\/\\\/coparmexjal.org.mx\\\/entorno-empresarial\\\/etica-ia-filosofia-empresarial\\\/#breadcrumb\",\"itemListElement\":[{\"@type\":\"ListItem\",\"position\":1,\"name\":\"Inicio\",\"item\":\"https:\\\/\\\/coparmexjal.org.mx\\\/entorno-empresarial\\\/\"},{\"@type\":\"ListItem\",\"position\":2,\"name\":\"El Imperativo \u00c9tico ante la IA: Por qu\u00e9 la Filosof\u00eda Debe Liderar la Innovaci\u00f3n Empresarial\"}]},{\"@type\":\"WebSite\",\"@id\":\"https:\\\/\\\/coparmexjal.org.mx\\\/entorno-empresarial\\\/#website\",\"url\":\"https:\\\/\\\/coparmexjal.org.mx\\\/entorno-empresarial\\\/\",\"name\":\"Revista Entorno Empresarial\",\"description\":\"Coparmex Jalisco\",\"publisher\":{\"@id\":\"https:\\\/\\\/coparmexjal.org.mx\\\/entorno-empresarial\\\/#organization\"},\"potentialAction\":[{\"@type\":\"SearchAction\",\"target\":{\"@type\":\"EntryPoint\",\"urlTemplate\":\"https:\\\/\\\/coparmexjal.org.mx\\\/entorno-empresarial\\\/?s={search_term_string}\"},\"query-input\":{\"@type\":\"PropertyValueSpecification\",\"valueRequired\":true,\"valueName\":\"search_term_string\"}}],\"inLanguage\":\"es\"},{\"@type\":\"Organization\",\"@id\":\"https:\\\/\\\/coparmexjal.org.mx\\\/entorno-empresarial\\\/#organization\",\"name\":\"Coparmex Jalisco\",\"url\":\"https:\\\/\\\/coparmexjal.org.mx\\\/entorno-empresarial\\\/\",\"logo\":{\"@type\":\"ImageObject\",\"inLanguage\":\"es\",\"@id\":\"https:\\\/\\\/coparmexjal.org.mx\\\/entorno-empresarial\\\/#\\\/schema\\\/logo\\\/image\\\/\",\"url\":\"https:\\\/\\\/coparmexjal.org.mx\\\/entorno-empresarial\\\/wp-content\\\/uploads\\\/2020\\\/02\\\/logo-amp.png\",\"contentUrl\":\"https:\\\/\\\/coparmexjal.org.mx\\\/entorno-empresarial\\\/wp-content\\\/uploads\\\/2020\\\/02\\\/logo-amp.png\",\"width\":120,\"height\":90,\"caption\":\"Coparmex Jalisco\"},\"image\":{\"@id\":\"https:\\\/\\\/coparmexjal.org.mx\\\/entorno-empresarial\\\/#\\\/schema\\\/logo\\\/image\\\/\"},\"sameAs\":[\"https:\\\/\\\/facebook.com\\\/comcoparmex\",\"https:\\\/\\\/x.com\\\/comcoparmex\",\"http:\\\/\\\/instagram.com\\\/coparmexjalisco\",\"https:\\\/\\\/mx.linkedin.com\\\/company\\\/coparmex-jalisco\",\"https:\\\/\\\/www.youtube.com\\\/c\\\/CoparmexJaliscomx\"]},{\"@type\":\"Person\",\"@id\":\"https:\\\/\\\/coparmexjal.org.mx\\\/entorno-empresarial\\\/#\\\/schema\\\/person\\\/7c46c207ea78c7b38ca18e9c6f457073\",\"name\":\"Juan P\u00e9rez\",\"image\":{\"@type\":\"ImageObject\",\"inLanguage\":\"es\",\"@id\":\"https:\\\/\\\/secure.gravatar.com\\\/avatar\\\/d296bdc2eb3ba9ed92bf8929ea298169ddddd1b4dfa278c17ce36841c931d4da?s=96&d=mm&r=g\",\"url\":\"https:\\\/\\\/secure.gravatar.com\\\/avatar\\\/d296bdc2eb3ba9ed92bf8929ea298169ddddd1b4dfa278c17ce36841c931d4da?s=96&d=mm&r=g\",\"contentUrl\":\"https:\\\/\\\/secure.gravatar.com\\\/avatar\\\/d296bdc2eb3ba9ed92bf8929ea298169ddddd1b4dfa278c17ce36841c931d4da?s=96&d=mm&r=g\",\"caption\":\"Juan P\u00e9rez\"},\"url\":\"https:\\\/\\\/coparmexjal.org.mx\\\/entorno-empresarial\\\/author\\\/juanperez\\\/\"}]}<\/script>\n<!-- \/ Yoast SEO plugin. -->","yoast_head_json":{"title":"C\u00f3mo la Filosof\u00eda puede Guiar la Inteligencia Artificial Empresarial","description":"La IA transforma negocios, pero solo la \u00e9tica puede guiarlos. Conoce c\u00f3mo el pensamiento filos\u00f3fico impulsa la innovaci\u00f3n responsable.","robots":{"index":"index","follow":"follow","max-snippet":"max-snippet:-1","max-image-preview":"max-image-preview:large","max-video-preview":"max-video-preview:-1"},"canonical":"https:\/\/coparmexjal.org.mx\/entorno-empresarial\/etica-ia-filosofia-empresarial\/","og_locale":"es_MX","og_type":"article","og_title":"C\u00f3mo la Filosof\u00eda puede Guiar la Inteligencia Artificial Empresarial","og_description":"La IA transforma negocios, pero solo la \u00e9tica puede guiarlos. Conoce c\u00f3mo el pensamiento filos\u00f3fico impulsa la innovaci\u00f3n responsable.","og_url":"https:\/\/coparmexjal.org.mx\/entorno-empresarial\/etica-ia-filosofia-empresarial\/","og_site_name":"Entorno Empresarial","article_publisher":"https:\/\/facebook.com\/comcoparmex","article_published_time":"2025-10-30T20:45:46+00:00","article_modified_time":"2025-10-30T20:45:47+00:00","og_image":[{"width":1422,"height":800,"url":"https:\/\/coparmexjal.org.mx\/entorno-empresarial\/wp-content\/uploads\/2025\/10\/ia-aplicada1.jpg","type":"image\/jpeg"}],"author":"Juan P\u00e9rez","twitter_card":"summary_large_image","twitter_creator":"@comcoparmex","twitter_site":"@comcoparmex","twitter_misc":{"Escrito por":"Juan P\u00e9rez","Tiempo de lectura":"4 minutos"},"schema":{"@context":"https:\/\/schema.org","@graph":[{"@type":"Article","@id":"https:\/\/coparmexjal.org.mx\/entorno-empresarial\/etica-ia-filosofia-empresarial\/#article","isPartOf":{"@id":"https:\/\/coparmexjal.org.mx\/entorno-empresarial\/etica-ia-filosofia-empresarial\/"},"author":{"name":"Juan P\u00e9rez","@id":"https:\/\/coparmexjal.org.mx\/entorno-empresarial\/#\/schema\/person\/7c46c207ea78c7b38ca18e9c6f457073"},"headline":"El Imperativo \u00c9tico ante la IA: Por qu\u00e9 la Filosof\u00eda Debe Liderar la Innovaci\u00f3n Empresarial","datePublished":"2025-10-30T20:45:46+00:00","dateModified":"2025-10-30T20:45:47+00:00","mainEntityOfPage":{"@id":"https:\/\/coparmexjal.org.mx\/entorno-empresarial\/etica-ia-filosofia-empresarial\/"},"wordCount":758,"commentCount":0,"publisher":{"@id":"https:\/\/coparmexjal.org.mx\/entorno-empresarial\/#organization"},"image":{"@id":"https:\/\/coparmexjal.org.mx\/entorno-empresarial\/etica-ia-filosofia-empresarial\/#primaryimage"},"thumbnailUrl":"https:\/\/coparmexjal.org.mx\/entorno-empresarial\/wp-content\/uploads\/2025\/10\/ia-aplicada1.jpg","keywords":["\u00c9tica empresarial","Filosof\u00eda aplicada","innovaci\u00f3n tecnol\u00f3gica","inteligencia artificial","Liderazgo \u00e9tico"],"articleSection":["Innovaci\u00f3n"],"inLanguage":"es","potentialAction":[{"@type":"CommentAction","name":"Comment","target":["https:\/\/coparmexjal.org.mx\/entorno-empresarial\/etica-ia-filosofia-empresarial\/#respond"]}]},{"@type":"WebPage","@id":"https:\/\/coparmexjal.org.mx\/entorno-empresarial\/etica-ia-filosofia-empresarial\/","url":"https:\/\/coparmexjal.org.mx\/entorno-empresarial\/etica-ia-filosofia-empresarial\/","name":"C\u00f3mo la Filosof\u00eda puede Guiar la Inteligencia Artificial Empresarial","isPartOf":{"@id":"https:\/\/coparmexjal.org.mx\/entorno-empresarial\/#website"},"primaryImageOfPage":{"@id":"https:\/\/coparmexjal.org.mx\/entorno-empresarial\/etica-ia-filosofia-empresarial\/#primaryimage"},"image":{"@id":"https:\/\/coparmexjal.org.mx\/entorno-empresarial\/etica-ia-filosofia-empresarial\/#primaryimage"},"thumbnailUrl":"https:\/\/coparmexjal.org.mx\/entorno-empresarial\/wp-content\/uploads\/2025\/10\/ia-aplicada1.jpg","datePublished":"2025-10-30T20:45:46+00:00","dateModified":"2025-10-30T20:45:47+00:00","description":"La IA transforma negocios, pero solo la \u00e9tica puede guiarlos. Conoce c\u00f3mo el pensamiento filos\u00f3fico impulsa la innovaci\u00f3n responsable.","breadcrumb":{"@id":"https:\/\/coparmexjal.org.mx\/entorno-empresarial\/etica-ia-filosofia-empresarial\/#breadcrumb"},"inLanguage":"es","potentialAction":[{"@type":"ReadAction","target":["https:\/\/coparmexjal.org.mx\/entorno-empresarial\/etica-ia-filosofia-empresarial\/"]}]},{"@type":"ImageObject","inLanguage":"es","@id":"https:\/\/coparmexjal.org.mx\/entorno-empresarial\/etica-ia-filosofia-empresarial\/#primaryimage","url":"https:\/\/coparmexjal.org.mx\/entorno-empresarial\/wp-content\/uploads\/2025\/10\/ia-aplicada1.jpg","contentUrl":"https:\/\/coparmexjal.org.mx\/entorno-empresarial\/wp-content\/uploads\/2025\/10\/ia-aplicada1.jpg","width":1422,"height":800,"caption":"Woman using virtual screen futuristic technology"},{"@type":"BreadcrumbList","@id":"https:\/\/coparmexjal.org.mx\/entorno-empresarial\/etica-ia-filosofia-empresarial\/#breadcrumb","itemListElement":[{"@type":"ListItem","position":1,"name":"Inicio","item":"https:\/\/coparmexjal.org.mx\/entorno-empresarial\/"},{"@type":"ListItem","position":2,"name":"El Imperativo \u00c9tico ante la IA: Por qu\u00e9 la Filosof\u00eda Debe Liderar la Innovaci\u00f3n Empresarial"}]},{"@type":"WebSite","@id":"https:\/\/coparmexjal.org.mx\/entorno-empresarial\/#website","url":"https:\/\/coparmexjal.org.mx\/entorno-empresarial\/","name":"Revista Entorno Empresarial","description":"Coparmex Jalisco","publisher":{"@id":"https:\/\/coparmexjal.org.mx\/entorno-empresarial\/#organization"},"potentialAction":[{"@type":"SearchAction","target":{"@type":"EntryPoint","urlTemplate":"https:\/\/coparmexjal.org.mx\/entorno-empresarial\/?s={search_term_string}"},"query-input":{"@type":"PropertyValueSpecification","valueRequired":true,"valueName":"search_term_string"}}],"inLanguage":"es"},{"@type":"Organization","@id":"https:\/\/coparmexjal.org.mx\/entorno-empresarial\/#organization","name":"Coparmex Jalisco","url":"https:\/\/coparmexjal.org.mx\/entorno-empresarial\/","logo":{"@type":"ImageObject","inLanguage":"es","@id":"https:\/\/coparmexjal.org.mx\/entorno-empresarial\/#\/schema\/logo\/image\/","url":"https:\/\/coparmexjal.org.mx\/entorno-empresarial\/wp-content\/uploads\/2020\/02\/logo-amp.png","contentUrl":"https:\/\/coparmexjal.org.mx\/entorno-empresarial\/wp-content\/uploads\/2020\/02\/logo-amp.png","width":120,"height":90,"caption":"Coparmex Jalisco"},"image":{"@id":"https:\/\/coparmexjal.org.mx\/entorno-empresarial\/#\/schema\/logo\/image\/"},"sameAs":["https:\/\/facebook.com\/comcoparmex","https:\/\/x.com\/comcoparmex","http:\/\/instagram.com\/coparmexjalisco","https:\/\/mx.linkedin.com\/company\/coparmex-jalisco","https:\/\/www.youtube.com\/c\/CoparmexJaliscomx"]},{"@type":"Person","@id":"https:\/\/coparmexjal.org.mx\/entorno-empresarial\/#\/schema\/person\/7c46c207ea78c7b38ca18e9c6f457073","name":"Juan P\u00e9rez","image":{"@type":"ImageObject","inLanguage":"es","@id":"https:\/\/secure.gravatar.com\/avatar\/d296bdc2eb3ba9ed92bf8929ea298169ddddd1b4dfa278c17ce36841c931d4da?s=96&d=mm&r=g","url":"https:\/\/secure.gravatar.com\/avatar\/d296bdc2eb3ba9ed92bf8929ea298169ddddd1b4dfa278c17ce36841c931d4da?s=96&d=mm&r=g","contentUrl":"https:\/\/secure.gravatar.com\/avatar\/d296bdc2eb3ba9ed92bf8929ea298169ddddd1b4dfa278c17ce36841c931d4da?s=96&d=mm&r=g","caption":"Juan P\u00e9rez"},"url":"https:\/\/coparmexjal.org.mx\/entorno-empresarial\/author\/juanperez\/"}]}},"_links":{"self":[{"href":"https:\/\/coparmexjal.org.mx\/entorno-empresarial\/wp-json\/wp\/v2\/posts\/7883","targetHints":{"allow":["GET"]}}],"collection":[{"href":"https:\/\/coparmexjal.org.mx\/entorno-empresarial\/wp-json\/wp\/v2\/posts"}],"about":[{"href":"https:\/\/coparmexjal.org.mx\/entorno-empresarial\/wp-json\/wp\/v2\/types\/post"}],"author":[{"embeddable":true,"href":"https:\/\/coparmexjal.org.mx\/entorno-empresarial\/wp-json\/wp\/v2\/users\/158"}],"replies":[{"embeddable":true,"href":"https:\/\/coparmexjal.org.mx\/entorno-empresarial\/wp-json\/wp\/v2\/comments?post=7883"}],"version-history":[{"count":1,"href":"https:\/\/coparmexjal.org.mx\/entorno-empresarial\/wp-json\/wp\/v2\/posts\/7883\/revisions"}],"predecessor-version":[{"id":7885,"href":"https:\/\/coparmexjal.org.mx\/entorno-empresarial\/wp-json\/wp\/v2\/posts\/7883\/revisions\/7885"}],"wp:featuredmedia":[{"embeddable":true,"href":"https:\/\/coparmexjal.org.mx\/entorno-empresarial\/wp-json\/wp\/v2\/media\/7884"}],"wp:attachment":[{"href":"https:\/\/coparmexjal.org.mx\/entorno-empresarial\/wp-json\/wp\/v2\/media?parent=7883"}],"wp:term":[{"taxonomy":"category","embeddable":true,"href":"https:\/\/coparmexjal.org.mx\/entorno-empresarial\/wp-json\/wp\/v2\/categories?post=7883"},{"taxonomy":"post_tag","embeddable":true,"href":"https:\/\/coparmexjal.org.mx\/entorno-empresarial\/wp-json\/wp\/v2\/tags?post=7883"}],"curies":[{"name":"wp","href":"https:\/\/api.w.org\/{rel}","templated":true}]}}