{"id":7876,"date":"2025-10-30T12:07:11","date_gmt":"2025-10-30T18:07:11","guid":{"rendered":"https:\/\/coparmexjal.org.mx\/entorno-empresarial\/?p=7876"},"modified":"2025-10-30T12:07:12","modified_gmt":"2025-10-30T18:07:12","slug":"liderar-con-empatia","status":"publish","type":"post","link":"https:\/\/coparmexjal.org.mx\/entorno-empresarial\/liderar-con-empatia\/","title":{"rendered":"Liderar es crear armon\u00eda: intuici\u00f3n, prop\u00f3sito y diversidad"},"content":{"rendered":"\n<p><strong>Liderazgo y una taza de t\u00e9<\/strong> es una obra que invita a cultivar un liderazgo personal, consciente y con prop\u00f3sito, combinando intuici\u00f3n, reflexi\u00f3n y experiencia como ingredientes de una infusi\u00f3n \u00fanica. La autora propone una met\u00e1fora inspiradora: el liderazgo como una taza de t\u00e9, resultado de una mezcla equilibrada de emociones, pensamientos y vivencias que, bien integradas, generan un impacto profundo. El lector, sin importar su profesi\u00f3n o sector, encontrar\u00e1 en estas p\u00e1ginas una conversaci\u00f3n pausada con un mentor, ideal para acompa\u00f1ar con una taza humeante.<\/p>\n\n\n\n<p>Su autora, <strong>Esther Clarke<\/strong>, es creadora de contenido especializada en estrategia, innovaci\u00f3n y liderazgo. Colabora con medios como <em>Forbes<\/em>, <em>Am\u00e9rica Econom\u00eda<\/em> y el <em>Foro Econ\u00f3mico Mundial<\/em>, donde comparte su visi\u00f3n sobre transformaci\u00f3n empresarial. Fue reconocida por <em>Think Global<\/em> como una de las cuarenta mujeres m\u00e1s influyentes del mundo y es ganadora del <strong>Global Peter Drucker Challenge<\/strong>.<\/p>\n\n\n\n<p>El libro aborda seis ejes esenciales del liderazgo contempor\u00e1neo:<\/p>\n\n\n\n<p><br><strong>Liderazgo y equilibrio.<\/strong> Ser l\u00edder implica encontrar armon\u00eda entre lo humano y lo corporativo, lo racional y lo creativo. La coherencia entre valores y acciones es la base de la autenticidad.<\/p>\n\n\n\n<p><br><strong>Visi\u00f3n aut\u00e9ntica.<\/strong> M\u00e1s que seguir modelos, se trata de construir una visi\u00f3n propia y movilizadora. L\u00edderes como Martin Luther King inspiran no por sus estrategias, sino por sus sue\u00f1os compartidos.<\/p>\n\n\n\n<p><br><strong>Mentalidad de jazz y flow.<\/strong> Inspirado en la improvisaci\u00f3n del jazz, este enfoque promueve flexibilidad, colaboraci\u00f3n y escucha activa: dirigir es tan importante como saber escuchar.<\/p>\n\n\n\n<p><br><strong>Liderazgo al servicio de otros.<\/strong> El liderazgo genuino protege, inspira y genera confianza. Los l\u00edderes crean \u201cc\u00edrculos de seguridad\u201d donde las personas se sienten valoradas y respaldadas.<\/p>\n\n\n\n<p><br><strong>Diversidad como fortaleza.<\/strong> La inclusi\u00f3n de diferentes perspectivas impulsa la innovaci\u00f3n y la resiliencia. La diversidad no solo es un valor \u00e9tico, sino una ventaja competitiva.<br><strong>Autenticidad y resultados sostenibles.<\/strong> Las organizaciones coherentes entre lo que dicen y hacen construyen confianza y relaciones duraderas en un entorno cada vez m\u00e1s consciente.M\u00e1s que un manual, esta obra es una invitaci\u00f3n a <strong>liderar con alma<\/strong>. Disponible en Amazon y principales plataformas digitales, <em>Liderazgo y una taza de t\u00e9<\/em> es una lectura inspiradora para quienes buscan nuevas formas de conectar con sus equipos, clientes, inversionistas y consigo mismos.<\/p>\n","protected":false},"excerpt":{"rendered":"<p>Liderazgo y una taza de t\u00e9 es una obra que invita a cultivar un liderazgo personal, consciente y con prop\u00f3sito, combinando intuici\u00f3n, reflexi\u00f3n y experiencia<\/p>\n","protected":false},"author":149,"featured_media":7877,"comment_status":"open","ping_status":"open","sticky":false,"template":"","format":"standard","meta":{"footnotes":""},"categories":[157],"tags":[1386,1662,1661,1660],"class_list":["post-7876","post","type-post","status-publish","format-standard","has-post-thumbnail","hentry","category-editorial","tag-desarrollo-personal","tag-diversidad-e-inclusion","tag-liderazgo-con-proposito","tag-liderazgo-consciente"],"yoast_head":"<!-- This site is optimized with the Yoast SEO plugin v27.5 - https:\/\/yoast.com\/product\/yoast-seo-wordpress\/ -->\n<title>C\u00f3mo liderar con empat\u00eda y diversidad en tiempos de cambio<\/title>\n<meta name=\"description\" content=\"Descubre c\u00f3mo liderar con prop\u00f3sito, intuici\u00f3n y diversidad con las ense\u00f1anzas del libro Liderazgo y una taza de t\u00e9 de Esther Clarke.\" \/>\n<meta name=\"robots\" content=\"index, follow, max-snippet:-1, max-image-preview:large, max-video-preview:-1\" \/>\n<link rel=\"canonical\" href=\"https:\/\/coparmexjal.org.mx\/entorno-empresarial\/liderar-con-empatia\/\" \/>\n<meta property=\"og:locale\" content=\"es_MX\" \/>\n<meta property=\"og:type\" content=\"article\" \/>\n<meta property=\"og:title\" content=\"C\u00f3mo liderar con empat\u00eda y diversidad en tiempos de cambio\" \/>\n<meta property=\"og:description\" content=\"Descubre c\u00f3mo liderar con prop\u00f3sito, intuici\u00f3n y diversidad con las ense\u00f1anzas del libro Liderazgo y una taza de t\u00e9 de Esther Clarke.\" \/>\n<meta property=\"og:url\" content=\"https:\/\/coparmexjal.org.mx\/entorno-empresarial\/liderar-con-empatia\/\" \/>\n<meta property=\"og:site_name\" content=\"Entorno Empresarial\" \/>\n<meta property=\"article:publisher\" content=\"https:\/\/facebook.com\/comcoparmex\" \/>\n<meta property=\"article:published_time\" content=\"2025-10-30T18:07:11+00:00\" \/>\n<meta property=\"article:modified_time\" content=\"2025-10-30T18:07:12+00:00\" \/>\n<meta property=\"og:image\" content=\"https:\/\/coparmexjal.org.mx\/entorno-empresarial\/wp-content\/uploads\/2025\/10\/1era-forros-Liderazgo-y-una-taza-de-te.jpg\" \/>\n\t<meta property=\"og:image:width\" content=\"534\" \/>\n\t<meta property=\"og:image:height\" content=\"800\" \/>\n\t<meta property=\"og:image:type\" content=\"image\/jpeg\" \/>\n<meta name=\"author\" content=\"LID Editorial\" \/>\n<meta name=\"twitter:card\" content=\"summary_large_image\" \/>\n<meta name=\"twitter:creator\" content=\"@comcoparmex\" \/>\n<meta name=\"twitter:site\" content=\"@comcoparmex\" \/>\n<meta name=\"twitter:label1\" content=\"Escrito por\" \/>\n\t<meta name=\"twitter:data1\" content=\"LID Editorial\" \/>\n\t<meta name=\"twitter:label2\" content=\"Tiempo de lectura\" \/>\n\t<meta name=\"twitter:data2\" content=\"2 minutos\" \/>\n<script type=\"application\/ld+json\" class=\"yoast-schema-graph\">{\"@context\":\"https:\\\/\\\/schema.org\",\"@graph\":[{\"@type\":\"Article\",\"@id\":\"https:\\\/\\\/coparmexjal.org.mx\\\/entorno-empresarial\\\/liderar-con-empatia\\\/#article\",\"isPartOf\":{\"@id\":\"https:\\\/\\\/coparmexjal.org.mx\\\/entorno-empresarial\\\/liderar-con-empatia\\\/\"},\"author\":{\"name\":\"LID Editorial\",\"@id\":\"https:\\\/\\\/coparmexjal.org.mx\\\/entorno-empresarial\\\/#\\\/schema\\\/person\\\/4db8e3bb3b699ec5ec49b5156494f8eb\"},\"headline\":\"Liderar es crear armon\u00eda: intuici\u00f3n, prop\u00f3sito y diversidad\",\"datePublished\":\"2025-10-30T18:07:11+00:00\",\"dateModified\":\"2025-10-30T18:07:12+00:00\",\"mainEntityOfPage\":{\"@id\":\"https:\\\/\\\/coparmexjal.org.mx\\\/entorno-empresarial\\\/liderar-con-empatia\\\/\"},\"wordCount\":406,\"commentCount\":0,\"publisher\":{\"@id\":\"https:\\\/\\\/coparmexjal.org.mx\\\/entorno-empresarial\\\/#organization\"},\"image\":{\"@id\":\"https:\\\/\\\/coparmexjal.org.mx\\\/entorno-empresarial\\\/liderar-con-empatia\\\/#primaryimage\"},\"thumbnailUrl\":\"https:\\\/\\\/coparmexjal.org.mx\\\/entorno-empresarial\\\/wp-content\\\/uploads\\\/2025\\\/10\\\/1era-forros-Liderazgo-y-una-taza-de-te.jpg\",\"keywords\":[\"Desarrollo Personal\",\"diversidad e inclusi\u00f3n\",\"liderazgo con prop\u00f3sito\",\"liderazgo consciente\"],\"articleSection\":[\"Editorial\"],\"inLanguage\":\"es\",\"potentialAction\":[{\"@type\":\"CommentAction\",\"name\":\"Comment\",\"target\":[\"https:\\\/\\\/coparmexjal.org.mx\\\/entorno-empresarial\\\/liderar-con-empatia\\\/#respond\"]}]},{\"@type\":\"WebPage\",\"@id\":\"https:\\\/\\\/coparmexjal.org.mx\\\/entorno-empresarial\\\/liderar-con-empatia\\\/\",\"url\":\"https:\\\/\\\/coparmexjal.org.mx\\\/entorno-empresarial\\\/liderar-con-empatia\\\/\",\"name\":\"C\u00f3mo liderar con empat\u00eda y diversidad en tiempos de cambio\",\"isPartOf\":{\"@id\":\"https:\\\/\\\/coparmexjal.org.mx\\\/entorno-empresarial\\\/#website\"},\"primaryImageOfPage\":{\"@id\":\"https:\\\/\\\/coparmexjal.org.mx\\\/entorno-empresarial\\\/liderar-con-empatia\\\/#primaryimage\"},\"image\":{\"@id\":\"https:\\\/\\\/coparmexjal.org.mx\\\/entorno-empresarial\\\/liderar-con-empatia\\\/#primaryimage\"},\"thumbnailUrl\":\"https:\\\/\\\/coparmexjal.org.mx\\\/entorno-empresarial\\\/wp-content\\\/uploads\\\/2025\\\/10\\\/1era-forros-Liderazgo-y-una-taza-de-te.jpg\",\"datePublished\":\"2025-10-30T18:07:11+00:00\",\"dateModified\":\"2025-10-30T18:07:12+00:00\",\"description\":\"Descubre c\u00f3mo liderar con prop\u00f3sito, intuici\u00f3n y diversidad con las ense\u00f1anzas del libro Liderazgo y una taza de t\u00e9 de Esther Clarke.\",\"breadcrumb\":{\"@id\":\"https:\\\/\\\/coparmexjal.org.mx\\\/entorno-empresarial\\\/liderar-con-empatia\\\/#breadcrumb\"},\"inLanguage\":\"es\",\"potentialAction\":[{\"@type\":\"ReadAction\",\"target\":[\"https:\\\/\\\/coparmexjal.org.mx\\\/entorno-empresarial\\\/liderar-con-empatia\\\/\"]}]},{\"@type\":\"ImageObject\",\"inLanguage\":\"es\",\"@id\":\"https:\\\/\\\/coparmexjal.org.mx\\\/entorno-empresarial\\\/liderar-con-empatia\\\/#primaryimage\",\"url\":\"https:\\\/\\\/coparmexjal.org.mx\\\/entorno-empresarial\\\/wp-content\\\/uploads\\\/2025\\\/10\\\/1era-forros-Liderazgo-y-una-taza-de-te.jpg\",\"contentUrl\":\"https:\\\/\\\/coparmexjal.org.mx\\\/entorno-empresarial\\\/wp-content\\\/uploads\\\/2025\\\/10\\\/1era-forros-Liderazgo-y-una-taza-de-te.jpg\",\"width\":534,\"height\":800},{\"@type\":\"BreadcrumbList\",\"@id\":\"https:\\\/\\\/coparmexjal.org.mx\\\/entorno-empresarial\\\/liderar-con-empatia\\\/#breadcrumb\",\"itemListElement\":[{\"@type\":\"ListItem\",\"position\":1,\"name\":\"Inicio\",\"item\":\"https:\\\/\\\/coparmexjal.org.mx\\\/entorno-empresarial\\\/\"},{\"@type\":\"ListItem\",\"position\":2,\"name\":\"Liderar es crear armon\u00eda: intuici\u00f3n, prop\u00f3sito y diversidad\"}]},{\"@type\":\"WebSite\",\"@id\":\"https:\\\/\\\/coparmexjal.org.mx\\\/entorno-empresarial\\\/#website\",\"url\":\"https:\\\/\\\/coparmexjal.org.mx\\\/entorno-empresarial\\\/\",\"name\":\"Revista Entorno Empresarial\",\"description\":\"Coparmex Jalisco\",\"publisher\":{\"@id\":\"https:\\\/\\\/coparmexjal.org.mx\\\/entorno-empresarial\\\/#organization\"},\"potentialAction\":[{\"@type\":\"SearchAction\",\"target\":{\"@type\":\"EntryPoint\",\"urlTemplate\":\"https:\\\/\\\/coparmexjal.org.mx\\\/entorno-empresarial\\\/?s={search_term_string}\"},\"query-input\":{\"@type\":\"PropertyValueSpecification\",\"valueRequired\":true,\"valueName\":\"search_term_string\"}}],\"inLanguage\":\"es\"},{\"@type\":\"Organization\",\"@id\":\"https:\\\/\\\/coparmexjal.org.mx\\\/entorno-empresarial\\\/#organization\",\"name\":\"Coparmex Jalisco\",\"url\":\"https:\\\/\\\/coparmexjal.org.mx\\\/entorno-empresarial\\\/\",\"logo\":{\"@type\":\"ImageObject\",\"inLanguage\":\"es\",\"@id\":\"https:\\\/\\\/coparmexjal.org.mx\\\/entorno-empresarial\\\/#\\\/schema\\\/logo\\\/image\\\/\",\"url\":\"https:\\\/\\\/coparmexjal.org.mx\\\/entorno-empresarial\\\/wp-content\\\/uploads\\\/2020\\\/02\\\/logo-amp.png\",\"contentUrl\":\"https:\\\/\\\/coparmexjal.org.mx\\\/entorno-empresarial\\\/wp-content\\\/uploads\\\/2020\\\/02\\\/logo-amp.png\",\"width\":120,\"height\":90,\"caption\":\"Coparmex Jalisco\"},\"image\":{\"@id\":\"https:\\\/\\\/coparmexjal.org.mx\\\/entorno-empresarial\\\/#\\\/schema\\\/logo\\\/image\\\/\"},\"sameAs\":[\"https:\\\/\\\/facebook.com\\\/comcoparmex\",\"https:\\\/\\\/x.com\\\/comcoparmex\",\"http:\\\/\\\/instagram.com\\\/coparmexjalisco\",\"https:\\\/\\\/mx.linkedin.com\\\/company\\\/coparmex-jalisco\",\"https:\\\/\\\/www.youtube.com\\\/c\\\/CoparmexJaliscomx\"]},{\"@type\":\"Person\",\"@id\":\"https:\\\/\\\/coparmexjal.org.mx\\\/entorno-empresarial\\\/#\\\/schema\\\/person\\\/4db8e3bb3b699ec5ec49b5156494f8eb\",\"name\":\"LID Editorial\",\"image\":{\"@type\":\"ImageObject\",\"inLanguage\":\"es\",\"@id\":\"https:\\\/\\\/coparmexjal.org.mx\\\/entorno-empresarial\\\/wp-content\\\/uploads\\\/2025\\\/04\\\/lid-150x150.png\",\"url\":\"https:\\\/\\\/coparmexjal.org.mx\\\/entorno-empresarial\\\/wp-content\\\/uploads\\\/2025\\\/04\\\/lid-150x150.png\",\"contentUrl\":\"https:\\\/\\\/coparmexjal.org.mx\\\/entorno-empresarial\\\/wp-content\\\/uploads\\\/2025\\\/04\\\/lid-150x150.png\",\"caption\":\"LID Editorial\"},\"url\":\"https:\\\/\\\/coparmexjal.org.mx\\\/entorno-empresarial\\\/author\\\/lid\\\/\"}]}<\/script>\n<!-- \/ Yoast SEO plugin. -->","yoast_head_json":{"title":"C\u00f3mo liderar con empat\u00eda y diversidad en tiempos de cambio","description":"Descubre c\u00f3mo liderar con prop\u00f3sito, intuici\u00f3n y diversidad con las ense\u00f1anzas del libro Liderazgo y una taza de t\u00e9 de Esther Clarke.","robots":{"index":"index","follow":"follow","max-snippet":"max-snippet:-1","max-image-preview":"max-image-preview:large","max-video-preview":"max-video-preview:-1"},"canonical":"https:\/\/coparmexjal.org.mx\/entorno-empresarial\/liderar-con-empatia\/","og_locale":"es_MX","og_type":"article","og_title":"C\u00f3mo liderar con empat\u00eda y diversidad en tiempos de cambio","og_description":"Descubre c\u00f3mo liderar con prop\u00f3sito, intuici\u00f3n y diversidad con las ense\u00f1anzas del libro Liderazgo y una taza de t\u00e9 de Esther Clarke.","og_url":"https:\/\/coparmexjal.org.mx\/entorno-empresarial\/liderar-con-empatia\/","og_site_name":"Entorno Empresarial","article_publisher":"https:\/\/facebook.com\/comcoparmex","article_published_time":"2025-10-30T18:07:11+00:00","article_modified_time":"2025-10-30T18:07:12+00:00","og_image":[{"width":534,"height":800,"url":"https:\/\/coparmexjal.org.mx\/entorno-empresarial\/wp-content\/uploads\/2025\/10\/1era-forros-Liderazgo-y-una-taza-de-te.jpg","type":"image\/jpeg"}],"author":"LID Editorial","twitter_card":"summary_large_image","twitter_creator":"@comcoparmex","twitter_site":"@comcoparmex","twitter_misc":{"Escrito por":"LID Editorial","Tiempo de lectura":"2 minutos"},"schema":{"@context":"https:\/\/schema.org","@graph":[{"@type":"Article","@id":"https:\/\/coparmexjal.org.mx\/entorno-empresarial\/liderar-con-empatia\/#article","isPartOf":{"@id":"https:\/\/coparmexjal.org.mx\/entorno-empresarial\/liderar-con-empatia\/"},"author":{"name":"LID Editorial","@id":"https:\/\/coparmexjal.org.mx\/entorno-empresarial\/#\/schema\/person\/4db8e3bb3b699ec5ec49b5156494f8eb"},"headline":"Liderar es crear armon\u00eda: intuici\u00f3n, prop\u00f3sito y diversidad","datePublished":"2025-10-30T18:07:11+00:00","dateModified":"2025-10-30T18:07:12+00:00","mainEntityOfPage":{"@id":"https:\/\/coparmexjal.org.mx\/entorno-empresarial\/liderar-con-empatia\/"},"wordCount":406,"commentCount":0,"publisher":{"@id":"https:\/\/coparmexjal.org.mx\/entorno-empresarial\/#organization"},"image":{"@id":"https:\/\/coparmexjal.org.mx\/entorno-empresarial\/liderar-con-empatia\/#primaryimage"},"thumbnailUrl":"https:\/\/coparmexjal.org.mx\/entorno-empresarial\/wp-content\/uploads\/2025\/10\/1era-forros-Liderazgo-y-una-taza-de-te.jpg","keywords":["Desarrollo Personal","diversidad e inclusi\u00f3n","liderazgo con prop\u00f3sito","liderazgo consciente"],"articleSection":["Editorial"],"inLanguage":"es","potentialAction":[{"@type":"CommentAction","name":"Comment","target":["https:\/\/coparmexjal.org.mx\/entorno-empresarial\/liderar-con-empatia\/#respond"]}]},{"@type":"WebPage","@id":"https:\/\/coparmexjal.org.mx\/entorno-empresarial\/liderar-con-empatia\/","url":"https:\/\/coparmexjal.org.mx\/entorno-empresarial\/liderar-con-empatia\/","name":"C\u00f3mo liderar con empat\u00eda y diversidad en tiempos de cambio","isPartOf":{"@id":"https:\/\/coparmexjal.org.mx\/entorno-empresarial\/#website"},"primaryImageOfPage":{"@id":"https:\/\/coparmexjal.org.mx\/entorno-empresarial\/liderar-con-empatia\/#primaryimage"},"image":{"@id":"https:\/\/coparmexjal.org.mx\/entorno-empresarial\/liderar-con-empatia\/#primaryimage"},"thumbnailUrl":"https:\/\/coparmexjal.org.mx\/entorno-empresarial\/wp-content\/uploads\/2025\/10\/1era-forros-Liderazgo-y-una-taza-de-te.jpg","datePublished":"2025-10-30T18:07:11+00:00","dateModified":"2025-10-30T18:07:12+00:00","description":"Descubre c\u00f3mo liderar con prop\u00f3sito, intuici\u00f3n y diversidad con las ense\u00f1anzas del libro Liderazgo y una taza de t\u00e9 de Esther Clarke.","breadcrumb":{"@id":"https:\/\/coparmexjal.org.mx\/entorno-empresarial\/liderar-con-empatia\/#breadcrumb"},"inLanguage":"es","potentialAction":[{"@type":"ReadAction","target":["https:\/\/coparmexjal.org.mx\/entorno-empresarial\/liderar-con-empatia\/"]}]},{"@type":"ImageObject","inLanguage":"es","@id":"https:\/\/coparmexjal.org.mx\/entorno-empresarial\/liderar-con-empatia\/#primaryimage","url":"https:\/\/coparmexjal.org.mx\/entorno-empresarial\/wp-content\/uploads\/2025\/10\/1era-forros-Liderazgo-y-una-taza-de-te.jpg","contentUrl":"https:\/\/coparmexjal.org.mx\/entorno-empresarial\/wp-content\/uploads\/2025\/10\/1era-forros-Liderazgo-y-una-taza-de-te.jpg","width":534,"height":800},{"@type":"BreadcrumbList","@id":"https:\/\/coparmexjal.org.mx\/entorno-empresarial\/liderar-con-empatia\/#breadcrumb","itemListElement":[{"@type":"ListItem","position":1,"name":"Inicio","item":"https:\/\/coparmexjal.org.mx\/entorno-empresarial\/"},{"@type":"ListItem","position":2,"name":"Liderar es crear armon\u00eda: intuici\u00f3n, prop\u00f3sito y diversidad"}]},{"@type":"WebSite","@id":"https:\/\/coparmexjal.org.mx\/entorno-empresarial\/#website","url":"https:\/\/coparmexjal.org.mx\/entorno-empresarial\/","name":"Revista Entorno Empresarial","description":"Coparmex Jalisco","publisher":{"@id":"https:\/\/coparmexjal.org.mx\/entorno-empresarial\/#organization"},"potentialAction":[{"@type":"SearchAction","target":{"@type":"EntryPoint","urlTemplate":"https:\/\/coparmexjal.org.mx\/entorno-empresarial\/?s={search_term_string}"},"query-input":{"@type":"PropertyValueSpecification","valueRequired":true,"valueName":"search_term_string"}}],"inLanguage":"es"},{"@type":"Organization","@id":"https:\/\/coparmexjal.org.mx\/entorno-empresarial\/#organization","name":"Coparmex Jalisco","url":"https:\/\/coparmexjal.org.mx\/entorno-empresarial\/","logo":{"@type":"ImageObject","inLanguage":"es","@id":"https:\/\/coparmexjal.org.mx\/entorno-empresarial\/#\/schema\/logo\/image\/","url":"https:\/\/coparmexjal.org.mx\/entorno-empresarial\/wp-content\/uploads\/2020\/02\/logo-amp.png","contentUrl":"https:\/\/coparmexjal.org.mx\/entorno-empresarial\/wp-content\/uploads\/2020\/02\/logo-amp.png","width":120,"height":90,"caption":"Coparmex Jalisco"},"image":{"@id":"https:\/\/coparmexjal.org.mx\/entorno-empresarial\/#\/schema\/logo\/image\/"},"sameAs":["https:\/\/facebook.com\/comcoparmex","https:\/\/x.com\/comcoparmex","http:\/\/instagram.com\/coparmexjalisco","https:\/\/mx.linkedin.com\/company\/coparmex-jalisco","https:\/\/www.youtube.com\/c\/CoparmexJaliscomx"]},{"@type":"Person","@id":"https:\/\/coparmexjal.org.mx\/entorno-empresarial\/#\/schema\/person\/4db8e3bb3b699ec5ec49b5156494f8eb","name":"LID Editorial","image":{"@type":"ImageObject","inLanguage":"es","@id":"https:\/\/coparmexjal.org.mx\/entorno-empresarial\/wp-content\/uploads\/2025\/04\/lid-150x150.png","url":"https:\/\/coparmexjal.org.mx\/entorno-empresarial\/wp-content\/uploads\/2025\/04\/lid-150x150.png","contentUrl":"https:\/\/coparmexjal.org.mx\/entorno-empresarial\/wp-content\/uploads\/2025\/04\/lid-150x150.png","caption":"LID Editorial"},"url":"https:\/\/coparmexjal.org.mx\/entorno-empresarial\/author\/lid\/"}]}},"_links":{"self":[{"href":"https:\/\/coparmexjal.org.mx\/entorno-empresarial\/wp-json\/wp\/v2\/posts\/7876","targetHints":{"allow":["GET"]}}],"collection":[{"href":"https:\/\/coparmexjal.org.mx\/entorno-empresarial\/wp-json\/wp\/v2\/posts"}],"about":[{"href":"https:\/\/coparmexjal.org.mx\/entorno-empresarial\/wp-json\/wp\/v2\/types\/post"}],"author":[{"embeddable":true,"href":"https:\/\/coparmexjal.org.mx\/entorno-empresarial\/wp-json\/wp\/v2\/users\/149"}],"replies":[{"embeddable":true,"href":"https:\/\/coparmexjal.org.mx\/entorno-empresarial\/wp-json\/wp\/v2\/comments?post=7876"}],"version-history":[{"count":1,"href":"https:\/\/coparmexjal.org.mx\/entorno-empresarial\/wp-json\/wp\/v2\/posts\/7876\/revisions"}],"predecessor-version":[{"id":7878,"href":"https:\/\/coparmexjal.org.mx\/entorno-empresarial\/wp-json\/wp\/v2\/posts\/7876\/revisions\/7878"}],"wp:featuredmedia":[{"embeddable":true,"href":"https:\/\/coparmexjal.org.mx\/entorno-empresarial\/wp-json\/wp\/v2\/media\/7877"}],"wp:attachment":[{"href":"https:\/\/coparmexjal.org.mx\/entorno-empresarial\/wp-json\/wp\/v2\/media?parent=7876"}],"wp:term":[{"taxonomy":"category","embeddable":true,"href":"https:\/\/coparmexjal.org.mx\/entorno-empresarial\/wp-json\/wp\/v2\/categories?post=7876"},{"taxonomy":"post_tag","embeddable":true,"href":"https:\/\/coparmexjal.org.mx\/entorno-empresarial\/wp-json\/wp\/v2\/tags?post=7876"}],"curies":[{"name":"wp","href":"https:\/\/api.w.org\/{rel}","templated":true}]}}