{"id":7873,"date":"2025-10-28T17:06:05","date_gmt":"2025-10-28T23:06:05","guid":{"rendered":"https:\/\/coparmexjal.org.mx\/entorno-empresarial\/?p=7873"},"modified":"2025-10-28T17:06:06","modified_gmt":"2025-10-28T23:06:06","slug":"bloqueos-carreteros-jalisco","status":"publish","type":"post","link":"https:\/\/coparmexjal.org.mx\/entorno-empresarial\/bloqueos-carreteros-jalisco\/","title":{"rendered":"Empresas jaliscienses enfrentan afectaciones por bloqueos carreteros; Coparmex solicita acci\u00f3n inmediata"},"content":{"rendered":"\n<p>Desde Coparmex Jalisco hacemos un llamado urgente a las autoridades federales y estatales para que atiendan de manera inmediata los bloqueos carreteros que se han registrado en distintas zonas del estado.<\/p>\n\n\n\n<p>Si bien entendemos la preocupaci\u00f3n del sector agr\u00edcola y reconocemos la relevancia del campo jalisciense, es indispensable garantizar el libre tr\u00e1nsito de las personas, el traslado de mercanc\u00edas y la movilidad en general. Estos bloqueos est\u00e1n generando graves afectaciones econ\u00f3micas, laborales e industriales, adem\u00e1s de perjudicar al turismo y a los servicios.<\/p>\n\n\n\n<p>Diversas empresas socias, de distintos tama\u00f1os y sectores, nos han manifestado su preocupaci\u00f3n ante la incertidumbre que afecta su operatividad, debido a que los bloqueos retrasan la llegada de materias primas y suministros, as\u00ed como el ausentismo laboral, el traslado de carga y el transporte de personal for\u00e1neo; lo que repercute directamente en la productividad de las empresas, en el tiempo de las personas y en la econom\u00eda de Jalisco.<\/p>\n\n\n\n<p>Por ello, exhortamos al Gobierno Federal a atender con urgencia las demandas del sector agr\u00edcola mediante el di\u00e1logo y la b\u00fasqueda de soluciones concretas, evitando que las manifestaciones deriven en mayores consecuencias para la econom\u00eda y el bienestar de las y los jaliscienses.<\/p>\n\n\n\n<p>Asimismo, pedimos al Gobierno del Estado su intervenci\u00f3n para proteger a las empresas locales y garantizar el respeto al libre tr\u00e1nsito, evitando que este tipo de situaciones se repitan.<\/p>\n\n\n\n<p>En Coparmex Jalisco reafirmamos que el di\u00e1logo y la colaboraci\u00f3n son las v\u00edas para resolver los conflictos, fortalecer la econom\u00eda y preservar la estabilidad social que distingue a nuestro estado.<\/p>\n","protected":false},"excerpt":{"rendered":"<p>Desde Coparmex Jalisco hacemos un llamado urgente a las autoridades federales y estatales para que atiendan de manera inmediata los bloqueos carreteros que se han<\/p>\n","protected":false},"author":2,"featured_media":7874,"comment_status":"open","ping_status":"open","sticky":false,"template":"","format":"standard","meta":{"footnotes":""},"categories":[348],"tags":[1657,405,1658,173,1659],"class_list":["post-7873","post","type-post","status-publish","format-standard","has-post-thumbnail","hentry","category-noticias","tag-bloqueos-carreteros","tag-coparmex-jalisco","tag-economia-jalisciense","tag-empresas","tag-sector-productivo"],"yoast_head":"<!-- This site is optimized with the Yoast SEO plugin v27.5 - https:\/\/yoast.com\/product\/yoast-seo-wordpress\/ -->\n<title>Coparmex Jalisco exige soluci\u00f3n inmediata a bloqueos carreteros<\/title>\n<meta name=\"description\" content=\"Los bloqueos carreteros generan p\u00e9rdidas econ\u00f3micas y laborales en Jalisco. Coparmex pide atenci\u00f3n inmediata y soluciones concretas.\" \/>\n<meta name=\"robots\" content=\"index, follow, max-snippet:-1, max-image-preview:large, max-video-preview:-1\" \/>\n<link rel=\"canonical\" href=\"https:\/\/coparmexjal.org.mx\/entorno-empresarial\/bloqueos-carreteros-jalisco\/\" \/>\n<meta property=\"og:locale\" content=\"es_MX\" \/>\n<meta property=\"og:type\" content=\"article\" \/>\n<meta property=\"og:title\" content=\"Coparmex Jalisco exige soluci\u00f3n inmediata a bloqueos carreteros\" \/>\n<meta property=\"og:description\" content=\"Los bloqueos carreteros generan p\u00e9rdidas econ\u00f3micas y laborales en Jalisco. Coparmex pide atenci\u00f3n inmediata y soluciones concretas.\" \/>\n<meta property=\"og:url\" content=\"https:\/\/coparmexjal.org.mx\/entorno-empresarial\/bloqueos-carreteros-jalisco\/\" \/>\n<meta property=\"og:site_name\" content=\"Entorno Empresarial\" \/>\n<meta property=\"article:publisher\" content=\"https:\/\/facebook.com\/comcoparmex\" \/>\n<meta property=\"article:published_time\" content=\"2025-10-28T23:06:05+00:00\" \/>\n<meta property=\"article:modified_time\" content=\"2025-10-28T23:06:06+00:00\" \/>\n<meta property=\"og:image\" content=\"https:\/\/coparmexjal.org.mx\/entorno-empresarial\/wp-content\/uploads\/2025\/10\/bloqueos-carreteras-jalisco.webp\" \/>\n\t<meta property=\"og:image:width\" content=\"1422\" \/>\n\t<meta property=\"og:image:height\" content=\"800\" \/>\n\t<meta property=\"og:image:type\" content=\"image\/webp\" \/>\n<meta name=\"author\" content=\"Coparmex Jalisco\" \/>\n<meta name=\"twitter:card\" content=\"summary_large_image\" \/>\n<meta name=\"twitter:creator\" content=\"@comcoparmex\" \/>\n<meta name=\"twitter:site\" content=\"@comcoparmex\" \/>\n<meta name=\"twitter:label1\" content=\"Escrito por\" \/>\n\t<meta name=\"twitter:data1\" content=\"Coparmex Jalisco\" \/>\n\t<meta name=\"twitter:label2\" content=\"Tiempo de lectura\" \/>\n\t<meta name=\"twitter:data2\" content=\"2 minutos\" \/>\n<script type=\"application\/ld+json\" class=\"yoast-schema-graph\">{\"@context\":\"https:\\\/\\\/schema.org\",\"@graph\":[{\"@type\":\"Article\",\"@id\":\"https:\\\/\\\/coparmexjal.org.mx\\\/entorno-empresarial\\\/bloqueos-carreteros-jalisco\\\/#article\",\"isPartOf\":{\"@id\":\"https:\\\/\\\/coparmexjal.org.mx\\\/entorno-empresarial\\\/bloqueos-carreteros-jalisco\\\/\"},\"author\":{\"name\":\"Coparmex Jalisco\",\"@id\":\"https:\\\/\\\/coparmexjal.org.mx\\\/entorno-empresarial\\\/#\\\/schema\\\/person\\\/7d1d56a9587bfb3a725cd3dbfbdb9d44\"},\"headline\":\"Empresas jaliscienses enfrentan afectaciones por bloqueos carreteros; Coparmex solicita acci\u00f3n inmediata\",\"datePublished\":\"2025-10-28T23:06:05+00:00\",\"dateModified\":\"2025-10-28T23:06:06+00:00\",\"mainEntityOfPage\":{\"@id\":\"https:\\\/\\\/coparmexjal.org.mx\\\/entorno-empresarial\\\/bloqueos-carreteros-jalisco\\\/\"},\"wordCount\":288,\"commentCount\":0,\"publisher\":{\"@id\":\"https:\\\/\\\/coparmexjal.org.mx\\\/entorno-empresarial\\\/#organization\"},\"image\":{\"@id\":\"https:\\\/\\\/coparmexjal.org.mx\\\/entorno-empresarial\\\/bloqueos-carreteros-jalisco\\\/#primaryimage\"},\"thumbnailUrl\":\"https:\\\/\\\/coparmexjal.org.mx\\\/entorno-empresarial\\\/wp-content\\\/uploads\\\/2025\\\/10\\\/bloqueos-carreteras-jalisco.webp\",\"keywords\":[\"bloqueos carreteros\",\"coparmex jalisco\",\"econom\u00eda jalisciense\",\"empresas\",\"sector productivo\"],\"articleSection\":[\"Noticias\"],\"inLanguage\":\"es\",\"potentialAction\":[{\"@type\":\"CommentAction\",\"name\":\"Comment\",\"target\":[\"https:\\\/\\\/coparmexjal.org.mx\\\/entorno-empresarial\\\/bloqueos-carreteros-jalisco\\\/#respond\"]}]},{\"@type\":\"WebPage\",\"@id\":\"https:\\\/\\\/coparmexjal.org.mx\\\/entorno-empresarial\\\/bloqueos-carreteros-jalisco\\\/\",\"url\":\"https:\\\/\\\/coparmexjal.org.mx\\\/entorno-empresarial\\\/bloqueos-carreteros-jalisco\\\/\",\"name\":\"Coparmex Jalisco exige soluci\u00f3n inmediata a bloqueos carreteros\",\"isPartOf\":{\"@id\":\"https:\\\/\\\/coparmexjal.org.mx\\\/entorno-empresarial\\\/#website\"},\"primaryImageOfPage\":{\"@id\":\"https:\\\/\\\/coparmexjal.org.mx\\\/entorno-empresarial\\\/bloqueos-carreteros-jalisco\\\/#primaryimage\"},\"image\":{\"@id\":\"https:\\\/\\\/coparmexjal.org.mx\\\/entorno-empresarial\\\/bloqueos-carreteros-jalisco\\\/#primaryimage\"},\"thumbnailUrl\":\"https:\\\/\\\/coparmexjal.org.mx\\\/entorno-empresarial\\\/wp-content\\\/uploads\\\/2025\\\/10\\\/bloqueos-carreteras-jalisco.webp\",\"datePublished\":\"2025-10-28T23:06:05+00:00\",\"dateModified\":\"2025-10-28T23:06:06+00:00\",\"description\":\"Los bloqueos carreteros generan p\u00e9rdidas econ\u00f3micas y laborales en Jalisco. Coparmex pide atenci\u00f3n inmediata y soluciones concretas.\",\"breadcrumb\":{\"@id\":\"https:\\\/\\\/coparmexjal.org.mx\\\/entorno-empresarial\\\/bloqueos-carreteros-jalisco\\\/#breadcrumb\"},\"inLanguage\":\"es\",\"potentialAction\":[{\"@type\":\"ReadAction\",\"target\":[\"https:\\\/\\\/coparmexjal.org.mx\\\/entorno-empresarial\\\/bloqueos-carreteros-jalisco\\\/\"]}]},{\"@type\":\"ImageObject\",\"inLanguage\":\"es\",\"@id\":\"https:\\\/\\\/coparmexjal.org.mx\\\/entorno-empresarial\\\/bloqueos-carreteros-jalisco\\\/#primaryimage\",\"url\":\"https:\\\/\\\/coparmexjal.org.mx\\\/entorno-empresarial\\\/wp-content\\\/uploads\\\/2025\\\/10\\\/bloqueos-carreteras-jalisco.webp\",\"contentUrl\":\"https:\\\/\\\/coparmexjal.org.mx\\\/entorno-empresarial\\\/wp-content\\\/uploads\\\/2025\\\/10\\\/bloqueos-carreteras-jalisco.webp\",\"width\":1422,\"height\":800},{\"@type\":\"BreadcrumbList\",\"@id\":\"https:\\\/\\\/coparmexjal.org.mx\\\/entorno-empresarial\\\/bloqueos-carreteros-jalisco\\\/#breadcrumb\",\"itemListElement\":[{\"@type\":\"ListItem\",\"position\":1,\"name\":\"Inicio\",\"item\":\"https:\\\/\\\/coparmexjal.org.mx\\\/entorno-empresarial\\\/\"},{\"@type\":\"ListItem\",\"position\":2,\"name\":\"Empresas jaliscienses enfrentan afectaciones por bloqueos carreteros; Coparmex solicita acci\u00f3n inmediata\"}]},{\"@type\":\"WebSite\",\"@id\":\"https:\\\/\\\/coparmexjal.org.mx\\\/entorno-empresarial\\\/#website\",\"url\":\"https:\\\/\\\/coparmexjal.org.mx\\\/entorno-empresarial\\\/\",\"name\":\"Revista Entorno Empresarial\",\"description\":\"Coparmex Jalisco\",\"publisher\":{\"@id\":\"https:\\\/\\\/coparmexjal.org.mx\\\/entorno-empresarial\\\/#organization\"},\"potentialAction\":[{\"@type\":\"SearchAction\",\"target\":{\"@type\":\"EntryPoint\",\"urlTemplate\":\"https:\\\/\\\/coparmexjal.org.mx\\\/entorno-empresarial\\\/?s={search_term_string}\"},\"query-input\":{\"@type\":\"PropertyValueSpecification\",\"valueRequired\":true,\"valueName\":\"search_term_string\"}}],\"inLanguage\":\"es\"},{\"@type\":\"Organization\",\"@id\":\"https:\\\/\\\/coparmexjal.org.mx\\\/entorno-empresarial\\\/#organization\",\"name\":\"Coparmex Jalisco\",\"url\":\"https:\\\/\\\/coparmexjal.org.mx\\\/entorno-empresarial\\\/\",\"logo\":{\"@type\":\"ImageObject\",\"inLanguage\":\"es\",\"@id\":\"https:\\\/\\\/coparmexjal.org.mx\\\/entorno-empresarial\\\/#\\\/schema\\\/logo\\\/image\\\/\",\"url\":\"https:\\\/\\\/coparmexjal.org.mx\\\/entorno-empresarial\\\/wp-content\\\/uploads\\\/2020\\\/02\\\/logo-amp.png\",\"contentUrl\":\"https:\\\/\\\/coparmexjal.org.mx\\\/entorno-empresarial\\\/wp-content\\\/uploads\\\/2020\\\/02\\\/logo-amp.png\",\"width\":120,\"height\":90,\"caption\":\"Coparmex Jalisco\"},\"image\":{\"@id\":\"https:\\\/\\\/coparmexjal.org.mx\\\/entorno-empresarial\\\/#\\\/schema\\\/logo\\\/image\\\/\"},\"sameAs\":[\"https:\\\/\\\/facebook.com\\\/comcoparmex\",\"https:\\\/\\\/x.com\\\/comcoparmex\",\"http:\\\/\\\/instagram.com\\\/coparmexjalisco\",\"https:\\\/\\\/mx.linkedin.com\\\/company\\\/coparmex-jalisco\",\"https:\\\/\\\/www.youtube.com\\\/c\\\/CoparmexJaliscomx\"]},{\"@type\":\"Person\",\"@id\":\"https:\\\/\\\/coparmexjal.org.mx\\\/entorno-empresarial\\\/#\\\/schema\\\/person\\\/7d1d56a9587bfb3a725cd3dbfbdb9d44\",\"name\":\"Coparmex Jalisco\",\"image\":{\"@type\":\"ImageObject\",\"inLanguage\":\"es\",\"@id\":\"https:\\\/\\\/coparmexjal.org.mx\\\/entorno-empresarial\\\/wp-content\\\/uploads\\\/2020\\\/06\\\/favicon-150x133.png\",\"url\":\"https:\\\/\\\/coparmexjal.org.mx\\\/entorno-empresarial\\\/wp-content\\\/uploads\\\/2020\\\/06\\\/favicon-150x133.png\",\"contentUrl\":\"https:\\\/\\\/coparmexjal.org.mx\\\/entorno-empresarial\\\/wp-content\\\/uploads\\\/2020\\\/06\\\/favicon-150x133.png\",\"caption\":\"Coparmex Jalisco\"},\"url\":\"https:\\\/\\\/coparmexjal.org.mx\\\/entorno-empresarial\\\/author\\\/coparmexjalisco\\\/\"}]}<\/script>\n<!-- \/ Yoast SEO plugin. -->","yoast_head_json":{"title":"Coparmex Jalisco exige soluci\u00f3n inmediata a bloqueos carreteros","description":"Los bloqueos carreteros generan p\u00e9rdidas econ\u00f3micas y laborales en Jalisco. Coparmex pide atenci\u00f3n inmediata y soluciones concretas.","robots":{"index":"index","follow":"follow","max-snippet":"max-snippet:-1","max-image-preview":"max-image-preview:large","max-video-preview":"max-video-preview:-1"},"canonical":"https:\/\/coparmexjal.org.mx\/entorno-empresarial\/bloqueos-carreteros-jalisco\/","og_locale":"es_MX","og_type":"article","og_title":"Coparmex Jalisco exige soluci\u00f3n inmediata a bloqueos carreteros","og_description":"Los bloqueos carreteros generan p\u00e9rdidas econ\u00f3micas y laborales en Jalisco. Coparmex pide atenci\u00f3n inmediata y soluciones concretas.","og_url":"https:\/\/coparmexjal.org.mx\/entorno-empresarial\/bloqueos-carreteros-jalisco\/","og_site_name":"Entorno Empresarial","article_publisher":"https:\/\/facebook.com\/comcoparmex","article_published_time":"2025-10-28T23:06:05+00:00","article_modified_time":"2025-10-28T23:06:06+00:00","og_image":[{"width":1422,"height":800,"url":"https:\/\/coparmexjal.org.mx\/entorno-empresarial\/wp-content\/uploads\/2025\/10\/bloqueos-carreteras-jalisco.webp","type":"image\/webp"}],"author":"Coparmex Jalisco","twitter_card":"summary_large_image","twitter_creator":"@comcoparmex","twitter_site":"@comcoparmex","twitter_misc":{"Escrito por":"Coparmex Jalisco","Tiempo de lectura":"2 minutos"},"schema":{"@context":"https:\/\/schema.org","@graph":[{"@type":"Article","@id":"https:\/\/coparmexjal.org.mx\/entorno-empresarial\/bloqueos-carreteros-jalisco\/#article","isPartOf":{"@id":"https:\/\/coparmexjal.org.mx\/entorno-empresarial\/bloqueos-carreteros-jalisco\/"},"author":{"name":"Coparmex Jalisco","@id":"https:\/\/coparmexjal.org.mx\/entorno-empresarial\/#\/schema\/person\/7d1d56a9587bfb3a725cd3dbfbdb9d44"},"headline":"Empresas jaliscienses enfrentan afectaciones por bloqueos carreteros; Coparmex solicita acci\u00f3n inmediata","datePublished":"2025-10-28T23:06:05+00:00","dateModified":"2025-10-28T23:06:06+00:00","mainEntityOfPage":{"@id":"https:\/\/coparmexjal.org.mx\/entorno-empresarial\/bloqueos-carreteros-jalisco\/"},"wordCount":288,"commentCount":0,"publisher":{"@id":"https:\/\/coparmexjal.org.mx\/entorno-empresarial\/#organization"},"image":{"@id":"https:\/\/coparmexjal.org.mx\/entorno-empresarial\/bloqueos-carreteros-jalisco\/#primaryimage"},"thumbnailUrl":"https:\/\/coparmexjal.org.mx\/entorno-empresarial\/wp-content\/uploads\/2025\/10\/bloqueos-carreteras-jalisco.webp","keywords":["bloqueos carreteros","coparmex jalisco","econom\u00eda jalisciense","empresas","sector productivo"],"articleSection":["Noticias"],"inLanguage":"es","potentialAction":[{"@type":"CommentAction","name":"Comment","target":["https:\/\/coparmexjal.org.mx\/entorno-empresarial\/bloqueos-carreteros-jalisco\/#respond"]}]},{"@type":"WebPage","@id":"https:\/\/coparmexjal.org.mx\/entorno-empresarial\/bloqueos-carreteros-jalisco\/","url":"https:\/\/coparmexjal.org.mx\/entorno-empresarial\/bloqueos-carreteros-jalisco\/","name":"Coparmex Jalisco exige soluci\u00f3n inmediata a bloqueos carreteros","isPartOf":{"@id":"https:\/\/coparmexjal.org.mx\/entorno-empresarial\/#website"},"primaryImageOfPage":{"@id":"https:\/\/coparmexjal.org.mx\/entorno-empresarial\/bloqueos-carreteros-jalisco\/#primaryimage"},"image":{"@id":"https:\/\/coparmexjal.org.mx\/entorno-empresarial\/bloqueos-carreteros-jalisco\/#primaryimage"},"thumbnailUrl":"https:\/\/coparmexjal.org.mx\/entorno-empresarial\/wp-content\/uploads\/2025\/10\/bloqueos-carreteras-jalisco.webp","datePublished":"2025-10-28T23:06:05+00:00","dateModified":"2025-10-28T23:06:06+00:00","description":"Los bloqueos carreteros generan p\u00e9rdidas econ\u00f3micas y laborales en Jalisco. Coparmex pide atenci\u00f3n inmediata y soluciones concretas.","breadcrumb":{"@id":"https:\/\/coparmexjal.org.mx\/entorno-empresarial\/bloqueos-carreteros-jalisco\/#breadcrumb"},"inLanguage":"es","potentialAction":[{"@type":"ReadAction","target":["https:\/\/coparmexjal.org.mx\/entorno-empresarial\/bloqueos-carreteros-jalisco\/"]}]},{"@type":"ImageObject","inLanguage":"es","@id":"https:\/\/coparmexjal.org.mx\/entorno-empresarial\/bloqueos-carreteros-jalisco\/#primaryimage","url":"https:\/\/coparmexjal.org.mx\/entorno-empresarial\/wp-content\/uploads\/2025\/10\/bloqueos-carreteras-jalisco.webp","contentUrl":"https:\/\/coparmexjal.org.mx\/entorno-empresarial\/wp-content\/uploads\/2025\/10\/bloqueos-carreteras-jalisco.webp","width":1422,"height":800},{"@type":"BreadcrumbList","@id":"https:\/\/coparmexjal.org.mx\/entorno-empresarial\/bloqueos-carreteros-jalisco\/#breadcrumb","itemListElement":[{"@type":"ListItem","position":1,"name":"Inicio","item":"https:\/\/coparmexjal.org.mx\/entorno-empresarial\/"},{"@type":"ListItem","position":2,"name":"Empresas jaliscienses enfrentan afectaciones por bloqueos carreteros; Coparmex solicita acci\u00f3n inmediata"}]},{"@type":"WebSite","@id":"https:\/\/coparmexjal.org.mx\/entorno-empresarial\/#website","url":"https:\/\/coparmexjal.org.mx\/entorno-empresarial\/","name":"Revista Entorno Empresarial","description":"Coparmex Jalisco","publisher":{"@id":"https:\/\/coparmexjal.org.mx\/entorno-empresarial\/#organization"},"potentialAction":[{"@type":"SearchAction","target":{"@type":"EntryPoint","urlTemplate":"https:\/\/coparmexjal.org.mx\/entorno-empresarial\/?s={search_term_string}"},"query-input":{"@type":"PropertyValueSpecification","valueRequired":true,"valueName":"search_term_string"}}],"inLanguage":"es"},{"@type":"Organization","@id":"https:\/\/coparmexjal.org.mx\/entorno-empresarial\/#organization","name":"Coparmex Jalisco","url":"https:\/\/coparmexjal.org.mx\/entorno-empresarial\/","logo":{"@type":"ImageObject","inLanguage":"es","@id":"https:\/\/coparmexjal.org.mx\/entorno-empresarial\/#\/schema\/logo\/image\/","url":"https:\/\/coparmexjal.org.mx\/entorno-empresarial\/wp-content\/uploads\/2020\/02\/logo-amp.png","contentUrl":"https:\/\/coparmexjal.org.mx\/entorno-empresarial\/wp-content\/uploads\/2020\/02\/logo-amp.png","width":120,"height":90,"caption":"Coparmex Jalisco"},"image":{"@id":"https:\/\/coparmexjal.org.mx\/entorno-empresarial\/#\/schema\/logo\/image\/"},"sameAs":["https:\/\/facebook.com\/comcoparmex","https:\/\/x.com\/comcoparmex","http:\/\/instagram.com\/coparmexjalisco","https:\/\/mx.linkedin.com\/company\/coparmex-jalisco","https:\/\/www.youtube.com\/c\/CoparmexJaliscomx"]},{"@type":"Person","@id":"https:\/\/coparmexjal.org.mx\/entorno-empresarial\/#\/schema\/person\/7d1d56a9587bfb3a725cd3dbfbdb9d44","name":"Coparmex Jalisco","image":{"@type":"ImageObject","inLanguage":"es","@id":"https:\/\/coparmexjal.org.mx\/entorno-empresarial\/wp-content\/uploads\/2020\/06\/favicon-150x133.png","url":"https:\/\/coparmexjal.org.mx\/entorno-empresarial\/wp-content\/uploads\/2020\/06\/favicon-150x133.png","contentUrl":"https:\/\/coparmexjal.org.mx\/entorno-empresarial\/wp-content\/uploads\/2020\/06\/favicon-150x133.png","caption":"Coparmex Jalisco"},"url":"https:\/\/coparmexjal.org.mx\/entorno-empresarial\/author\/coparmexjalisco\/"}]}},"_links":{"self":[{"href":"https:\/\/coparmexjal.org.mx\/entorno-empresarial\/wp-json\/wp\/v2\/posts\/7873","targetHints":{"allow":["GET"]}}],"collection":[{"href":"https:\/\/coparmexjal.org.mx\/entorno-empresarial\/wp-json\/wp\/v2\/posts"}],"about":[{"href":"https:\/\/coparmexjal.org.mx\/entorno-empresarial\/wp-json\/wp\/v2\/types\/post"}],"author":[{"embeddable":true,"href":"https:\/\/coparmexjal.org.mx\/entorno-empresarial\/wp-json\/wp\/v2\/users\/2"}],"replies":[{"embeddable":true,"href":"https:\/\/coparmexjal.org.mx\/entorno-empresarial\/wp-json\/wp\/v2\/comments?post=7873"}],"version-history":[{"count":1,"href":"https:\/\/coparmexjal.org.mx\/entorno-empresarial\/wp-json\/wp\/v2\/posts\/7873\/revisions"}],"predecessor-version":[{"id":7875,"href":"https:\/\/coparmexjal.org.mx\/entorno-empresarial\/wp-json\/wp\/v2\/posts\/7873\/revisions\/7875"}],"wp:featuredmedia":[{"embeddable":true,"href":"https:\/\/coparmexjal.org.mx\/entorno-empresarial\/wp-json\/wp\/v2\/media\/7874"}],"wp:attachment":[{"href":"https:\/\/coparmexjal.org.mx\/entorno-empresarial\/wp-json\/wp\/v2\/media?parent=7873"}],"wp:term":[{"taxonomy":"category","embeddable":true,"href":"https:\/\/coparmexjal.org.mx\/entorno-empresarial\/wp-json\/wp\/v2\/categories?post=7873"},{"taxonomy":"post_tag","embeddable":true,"href":"https:\/\/coparmexjal.org.mx\/entorno-empresarial\/wp-json\/wp\/v2\/tags?post=7873"}],"curies":[{"name":"wp","href":"https:\/\/api.w.org\/{rel}","templated":true}]}}