{"id":7862,"date":"2025-10-17T11:53:31","date_gmt":"2025-10-17T17:53:31","guid":{"rendered":"https:\/\/coparmexjal.org.mx\/entorno-empresarial\/?p=7862"},"modified":"2025-10-17T11:54:10","modified_gmt":"2025-10-17T17:54:10","slug":"trabajo-ikt","status":"publish","type":"post","link":"https:\/\/coparmexjal.org.mx\/entorno-empresarial\/trabajo-ikt\/","title":{"rendered":"El Llamado de la Justicia: C\u00f3mo una Injusticia Familiar Impuls\u00f3 un Emprendimiento Social S\u00f3lido"},"content":{"rendered":"\n<p>La vida profesional de <strong>Claudia V\u00e1zquez Serrano<\/strong> estaba destinada a la medicina, pero su <strong>prop\u00f3sito<\/strong> la encontr\u00f3 en un lugar inesperado: una profunda injusticia familiar.<\/p>\n\n\n<div class=\"wp-block-image\">\n<figure class=\"alignleft size-full is-resized\"><img fetchpriority=\"high\" decoding=\"async\" width=\"900\" height=\"511\" src=\"https:\/\/coparmexjal.org.mx\/entorno-empresarial\/wp-content\/uploads\/2025\/10\/ikt2.jpg\" alt=\"\" class=\"wp-image-7864\" style=\"width:491px;height:auto\" srcset=\"https:\/\/coparmexjal.org.mx\/entorno-empresarial\/wp-content\/uploads\/2025\/10\/ikt2.jpg 900w, https:\/\/coparmexjal.org.mx\/entorno-empresarial\/wp-content\/uploads\/2025\/10\/ikt2-300x170.jpg 300w, https:\/\/coparmexjal.org.mx\/entorno-empresarial\/wp-content\/uploads\/2025\/10\/ikt2-768x436.jpg 768w\" sizes=\"(max-width: 900px) 100vw, 900px\" \/><\/figure><\/div>\n\n\n<p>Cuando su suegro fue despedido sin prestaciones ni seguridad, Claudia vio la otra cara del mundo empresarial: la <strong>informalidad<\/strong> y la <strong>irresponsabilidad humana<\/strong>. Aquel dolor se convirti\u00f3 en el combustible para crear <strong>Soluciones Integrales IKT<\/strong>, una empresa con una misi\u00f3n clara: brindar servicios con la <strong>formalidad, la humanidad y la responsabilidad<\/strong> que a otros les fue negada.<\/p>\n\n\n\n<h3 class=\"wp-block-heading\"><strong>Un Emprendimiento Intergeneracional con Prop\u00f3sito<\/strong><\/h3>\n\n\n\n<p>Soluciones Integrales IKT es una <strong>iniciativa social<\/strong> que cree firmemente que <strong>todos merecen una oportunidad<\/strong>. Su misi\u00f3n es conectar a <strong>adultos mayores y j\u00f3venes<\/strong> con <strong>empleos dignos en oficios pr\u00e1cticos<\/strong>. La plataforma garantiza <strong>capacitaci\u00f3n, prestaciones y oportunidades de crecimiento<\/strong>, mientras cubre necesidades reales del mercado con servicios confiables y de calidad.<\/p>\n\n\n\n<p>Al ver el impacto potencial de este modelo, Claudia tom\u00f3 una decisi\u00f3n de coraje: puso en pausa su carrera m\u00e9dica para dedicarse de lleno a esta causa, junto a su esposo, un ingeniero civil. Su negocio es m\u00e1s que una fuente de empleo; es un <strong>escudo contra la precariedad laboral<\/strong>.<\/p>\n\n\n\n<figure class=\"wp-block-image size-full is-resized\"><img decoding=\"async\" width=\"640\" height=\"800\" src=\"https:\/\/coparmexjal.org.mx\/entorno-empresarial\/wp-content\/uploads\/2025\/10\/ikt3.jpg\" alt=\"\" class=\"wp-image-7863\" style=\"width:423px;height:auto\" srcset=\"https:\/\/coparmexjal.org.mx\/entorno-empresarial\/wp-content\/uploads\/2025\/10\/ikt3.jpg 640w, https:\/\/coparmexjal.org.mx\/entorno-empresarial\/wp-content\/uploads\/2025\/10\/ikt3-240x300.jpg 240w\" sizes=\"(max-width: 640px) 100vw, 640px\" \/><\/figure>\n\n\n\n<h2 class=\"wp-block-heading\"><strong>Kiva: El Acto de F\u00e9 que Aterriza el Sue\u00f1o<\/strong><\/h2>\n\n\n\n<p>Tener el coraz\u00f3n en el lugar correcto es esencial, pero crecer requiere <strong>ra\u00edces firmes<\/strong>. Este es el punto de inflexi\u00f3n en la historia de IKT, marcado por el <strong>Premio Emprendedor Coparmex Jalisco<\/strong>.<\/p>\n\n\n\n<p>Para Claudia, el encuentro con <strong>Kiva<\/strong>, su empresa padrino, fue una conexi\u00f3n inmediata. &#8220;Lo mejor es que son muy c\u00e1lidos y directos, justo como yo. <strong>\u00a1Y fue la empresa que m\u00e1s quer\u00eda!<\/strong>&#8221; Este entusiasmo genuino resalta la fe mutua: Kiva vio el potencial y el alma del proyecto, y Claudia encontr\u00f3 al gu\u00eda ideal.<\/p>\n\n\n\n<p>El proceso de mentor\u00eda con Kiva no es solo apoyo; es la <strong>formalizaci\u00f3n<\/strong> de un sue\u00f1o con impacto. En las primeras sesiones, juntos identificaron la hoja de ruta para construir una base inquebrantable, enfoc\u00e1ndose en tres \u00e1reas estrat\u00e9gicas:<\/p>\n\n\n\n<ol class=\"wp-block-list\">\n<li><strong>Formalidad con Clientes:<\/strong> Establecer relaciones profesionales y seguras.<\/li>\n\n\n\n<li><strong>Revisi\u00f3n de Costos:<\/strong> Conocer los n\u00fameros para tomar decisiones con certeza.<\/li>\n\n\n\n<li><strong>Organizaci\u00f3n Interna:<\/strong> Crear un balance y una estructura que soporten el crecimiento.<\/li>\n<\/ol>\n\n\n\n<h2 class=\"wp-block-heading\"><strong>Ra\u00edces Firmes para un Futuro Humano<\/strong><\/h2>\n\n\n\n<p>El reto de Soluciones Integrales IKT es el reto de todo emprendimiento social: <strong>escalar sin perder el alma<\/strong>.1<\/p>\n\n\n\n<p>Las sesiones se centran precisamente en eso: en las herramientas pr\u00e1cticas que le permiten a Claudia formalizar la operaci\u00f3n sin perder el enfoque humano. Como ella lo expresa: <strong>&#8220;Este proceso me est\u00e1 poniendo los pies sobre la tierra y me est\u00e1 dando ra\u00edces firmes para continuar.&#8221;<\/strong><\/p>\n\n\n\n<p>Conocer sus n\u00fameros, replantear la estructura del equipo y elevar el profesionalismo son las metas del presente. Pero la visi\u00f3n de futuro sigue siendo la misma: <strong>ayudar a m\u00e1s personas<\/strong> a trav\u00e9s de la formalidad.<\/p>\n\n\n\n<h2 class=\"wp-block-heading\"><strong>Gratitud: La Palabra que lo Resume Todo<\/strong><\/h2>\n\n\n\n<p>Cuando se le pregunta a Claudia qu\u00e9 representa esta etapa, solo hay una palabra: <strong>Gratitud<\/strong>.<\/p>\n\n\n\n<p>Es la gratitud de saber que un sue\u00f1o, nacido de una injusticia y alimentado por el coraz\u00f3n, ha encontrado la <strong>estrategia<\/strong> y el <strong>acto de fe<\/strong> de un mentor. Es la prueba de que el emprendimiento, cuando tiene un <strong>prop\u00f3sito profundo<\/strong>, siempre encontrar\u00e1 el camino para crecer con solidez.<\/p>\n\n\n\n<hr class=\"wp-block-separator has-alpha-channel-opacity\"\/>\n\n\n\n<h3 class=\"wp-block-heading\"><strong>Conecta con Soluciones Integrales IKT:<\/strong><\/h3>\n\n\n\n<p><em>Sigue a Claudia y a su equipo en Instagram: <a href=\"https:\/\/www.instagram.com\/soluciones_integrales_ikt\/\"><strong>@soluciones_integrales_ikt<\/strong><\/a><\/em><\/p>\n\n\n\n<p><\/p>\n","protected":false},"excerpt":{"rendered":"<p>La vida profesional de Claudia V\u00e1zquez Serrano estaba destinada a la medicina, pero su prop\u00f3sito la encontr\u00f3 en un lugar inesperado: una profunda injusticia familiar.<\/p>\n","protected":false},"author":2,"featured_media":7865,"comment_status":"open","ping_status":"open","sticky":false,"template":"","format":"standard","meta":{"footnotes":""},"categories":[161],"tags":[405,1564,1400,1520,1650],"class_list":["post-7862","post","type-post","status-publish","format-standard","has-post-thumbnail","hentry","category-emprende","tag-coparmex-jalisco","tag-impacto-social","tag-justicia-laboral","tag-mentoria-empresarial","tag-premioemprendedor2025"],"yoast_head":"<!-- This site is optimized with the Yoast SEO plugin v27.5 - https:\/\/yoast.com\/product\/yoast-seo-wordpress\/ -->\n<title>C\u00f3mo una Injusticia Familiar Cre\u00f3 un Proyecto Social S\u00f3lido<\/title>\n<meta name=\"description\" content=\"Descubre c\u00f3mo una injusticia familiar inspir\u00f3 a Claudia V\u00e1zquez a crear un emprendimiento social que une formalidad, humanidad y prop\u00f3sito.\" \/>\n<meta name=\"robots\" content=\"index, follow, max-snippet:-1, max-image-preview:large, max-video-preview:-1\" \/>\n<link rel=\"canonical\" href=\"https:\/\/coparmexjal.org.mx\/entorno-empresarial\/trabajo-ikt\/\" \/>\n<meta property=\"og:locale\" content=\"es_MX\" \/>\n<meta property=\"og:type\" content=\"article\" \/>\n<meta property=\"og:title\" content=\"C\u00f3mo una Injusticia Familiar Cre\u00f3 un Proyecto Social S\u00f3lido\" \/>\n<meta property=\"og:description\" content=\"Descubre c\u00f3mo una injusticia familiar inspir\u00f3 a Claudia V\u00e1zquez a crear un emprendimiento social que une formalidad, humanidad y prop\u00f3sito.\" \/>\n<meta property=\"og:url\" content=\"https:\/\/coparmexjal.org.mx\/entorno-empresarial\/trabajo-ikt\/\" \/>\n<meta property=\"og:site_name\" content=\"Entorno Empresarial\" \/>\n<meta property=\"article:publisher\" content=\"https:\/\/facebook.com\/comcoparmex\" \/>\n<meta property=\"article:published_time\" content=\"2025-10-17T17:53:31+00:00\" \/>\n<meta property=\"article:modified_time\" content=\"2025-10-17T17:54:10+00:00\" \/>\n<meta property=\"og:image\" content=\"https:\/\/coparmexjal.org.mx\/entorno-empresarial\/wp-content\/uploads\/2025\/10\/ikt.jpg\" \/>\n\t<meta property=\"og:image:width\" content=\"600\" \/>\n\t<meta property=\"og:image:height\" content=\"350\" \/>\n\t<meta property=\"og:image:type\" content=\"image\/jpeg\" \/>\n<meta name=\"author\" content=\"Coparmex Jalisco\" \/>\n<meta name=\"twitter:card\" content=\"summary_large_image\" \/>\n<meta name=\"twitter:creator\" content=\"@comcoparmex\" \/>\n<meta name=\"twitter:site\" content=\"@comcoparmex\" \/>\n<meta name=\"twitter:label1\" content=\"Escrito por\" \/>\n\t<meta name=\"twitter:data1\" content=\"Coparmex Jalisco\" \/>\n\t<meta name=\"twitter:label2\" content=\"Tiempo de lectura\" \/>\n\t<meta name=\"twitter:data2\" content=\"4 minutos\" \/>\n<script type=\"application\/ld+json\" class=\"yoast-schema-graph\">{\"@context\":\"https:\\\/\\\/schema.org\",\"@graph\":[{\"@type\":\"Article\",\"@id\":\"https:\\\/\\\/coparmexjal.org.mx\\\/entorno-empresarial\\\/trabajo-ikt\\\/#article\",\"isPartOf\":{\"@id\":\"https:\\\/\\\/coparmexjal.org.mx\\\/entorno-empresarial\\\/trabajo-ikt\\\/\"},\"author\":{\"name\":\"Coparmex Jalisco\",\"@id\":\"https:\\\/\\\/coparmexjal.org.mx\\\/entorno-empresarial\\\/#\\\/schema\\\/person\\\/7d1d56a9587bfb3a725cd3dbfbdb9d44\"},\"headline\":\"El Llamado de la Justicia: C\u00f3mo una Injusticia Familiar Impuls\u00f3 un Emprendimiento Social S\u00f3lido\",\"datePublished\":\"2025-10-17T17:53:31+00:00\",\"dateModified\":\"2025-10-17T17:54:10+00:00\",\"mainEntityOfPage\":{\"@id\":\"https:\\\/\\\/coparmexjal.org.mx\\\/entorno-empresarial\\\/trabajo-ikt\\\/\"},\"wordCount\":600,\"commentCount\":0,\"publisher\":{\"@id\":\"https:\\\/\\\/coparmexjal.org.mx\\\/entorno-empresarial\\\/#organization\"},\"image\":{\"@id\":\"https:\\\/\\\/coparmexjal.org.mx\\\/entorno-empresarial\\\/trabajo-ikt\\\/#primaryimage\"},\"thumbnailUrl\":\"https:\\\/\\\/coparmexjal.org.mx\\\/entorno-empresarial\\\/wp-content\\\/uploads\\\/2025\\\/10\\\/ikt.jpg\",\"keywords\":[\"coparmex jalisco\",\"Impacto social\",\"Justicia laboral\",\"Mentor\u00eda Empresarial\",\"PremioEmprendedor2025\"],\"articleSection\":[\"Emprende\"],\"inLanguage\":\"es\",\"potentialAction\":[{\"@type\":\"CommentAction\",\"name\":\"Comment\",\"target\":[\"https:\\\/\\\/coparmexjal.org.mx\\\/entorno-empresarial\\\/trabajo-ikt\\\/#respond\"]}]},{\"@type\":\"WebPage\",\"@id\":\"https:\\\/\\\/coparmexjal.org.mx\\\/entorno-empresarial\\\/trabajo-ikt\\\/\",\"url\":\"https:\\\/\\\/coparmexjal.org.mx\\\/entorno-empresarial\\\/trabajo-ikt\\\/\",\"name\":\"C\u00f3mo una Injusticia Familiar Cre\u00f3 un Proyecto Social S\u00f3lido\",\"isPartOf\":{\"@id\":\"https:\\\/\\\/coparmexjal.org.mx\\\/entorno-empresarial\\\/#website\"},\"primaryImageOfPage\":{\"@id\":\"https:\\\/\\\/coparmexjal.org.mx\\\/entorno-empresarial\\\/trabajo-ikt\\\/#primaryimage\"},\"image\":{\"@id\":\"https:\\\/\\\/coparmexjal.org.mx\\\/entorno-empresarial\\\/trabajo-ikt\\\/#primaryimage\"},\"thumbnailUrl\":\"https:\\\/\\\/coparmexjal.org.mx\\\/entorno-empresarial\\\/wp-content\\\/uploads\\\/2025\\\/10\\\/ikt.jpg\",\"datePublished\":\"2025-10-17T17:53:31+00:00\",\"dateModified\":\"2025-10-17T17:54:10+00:00\",\"description\":\"Descubre c\u00f3mo una injusticia familiar inspir\u00f3 a Claudia V\u00e1zquez a crear un emprendimiento social que une formalidad, humanidad y prop\u00f3sito.\",\"breadcrumb\":{\"@id\":\"https:\\\/\\\/coparmexjal.org.mx\\\/entorno-empresarial\\\/trabajo-ikt\\\/#breadcrumb\"},\"inLanguage\":\"es\",\"potentialAction\":[{\"@type\":\"ReadAction\",\"target\":[\"https:\\\/\\\/coparmexjal.org.mx\\\/entorno-empresarial\\\/trabajo-ikt\\\/\"]}]},{\"@type\":\"ImageObject\",\"inLanguage\":\"es\",\"@id\":\"https:\\\/\\\/coparmexjal.org.mx\\\/entorno-empresarial\\\/trabajo-ikt\\\/#primaryimage\",\"url\":\"https:\\\/\\\/coparmexjal.org.mx\\\/entorno-empresarial\\\/wp-content\\\/uploads\\\/2025\\\/10\\\/ikt.jpg\",\"contentUrl\":\"https:\\\/\\\/coparmexjal.org.mx\\\/entorno-empresarial\\\/wp-content\\\/uploads\\\/2025\\\/10\\\/ikt.jpg\",\"width\":600,\"height\":350},{\"@type\":\"BreadcrumbList\",\"@id\":\"https:\\\/\\\/coparmexjal.org.mx\\\/entorno-empresarial\\\/trabajo-ikt\\\/#breadcrumb\",\"itemListElement\":[{\"@type\":\"ListItem\",\"position\":1,\"name\":\"Inicio\",\"item\":\"https:\\\/\\\/coparmexjal.org.mx\\\/entorno-empresarial\\\/\"},{\"@type\":\"ListItem\",\"position\":2,\"name\":\"El Llamado de la Justicia: C\u00f3mo una Injusticia Familiar Impuls\u00f3 un Emprendimiento Social S\u00f3lido\"}]},{\"@type\":\"WebSite\",\"@id\":\"https:\\\/\\\/coparmexjal.org.mx\\\/entorno-empresarial\\\/#website\",\"url\":\"https:\\\/\\\/coparmexjal.org.mx\\\/entorno-empresarial\\\/\",\"name\":\"Revista Entorno Empresarial\",\"description\":\"Coparmex Jalisco\",\"publisher\":{\"@id\":\"https:\\\/\\\/coparmexjal.org.mx\\\/entorno-empresarial\\\/#organization\"},\"potentialAction\":[{\"@type\":\"SearchAction\",\"target\":{\"@type\":\"EntryPoint\",\"urlTemplate\":\"https:\\\/\\\/coparmexjal.org.mx\\\/entorno-empresarial\\\/?s={search_term_string}\"},\"query-input\":{\"@type\":\"PropertyValueSpecification\",\"valueRequired\":true,\"valueName\":\"search_term_string\"}}],\"inLanguage\":\"es\"},{\"@type\":\"Organization\",\"@id\":\"https:\\\/\\\/coparmexjal.org.mx\\\/entorno-empresarial\\\/#organization\",\"name\":\"Coparmex Jalisco\",\"url\":\"https:\\\/\\\/coparmexjal.org.mx\\\/entorno-empresarial\\\/\",\"logo\":{\"@type\":\"ImageObject\",\"inLanguage\":\"es\",\"@id\":\"https:\\\/\\\/coparmexjal.org.mx\\\/entorno-empresarial\\\/#\\\/schema\\\/logo\\\/image\\\/\",\"url\":\"https:\\\/\\\/coparmexjal.org.mx\\\/entorno-empresarial\\\/wp-content\\\/uploads\\\/2020\\\/02\\\/logo-amp.png\",\"contentUrl\":\"https:\\\/\\\/coparmexjal.org.mx\\\/entorno-empresarial\\\/wp-content\\\/uploads\\\/2020\\\/02\\\/logo-amp.png\",\"width\":120,\"height\":90,\"caption\":\"Coparmex Jalisco\"},\"image\":{\"@id\":\"https:\\\/\\\/coparmexjal.org.mx\\\/entorno-empresarial\\\/#\\\/schema\\\/logo\\\/image\\\/\"},\"sameAs\":[\"https:\\\/\\\/facebook.com\\\/comcoparmex\",\"https:\\\/\\\/x.com\\\/comcoparmex\",\"http:\\\/\\\/instagram.com\\\/coparmexjalisco\",\"https:\\\/\\\/mx.linkedin.com\\\/company\\\/coparmex-jalisco\",\"https:\\\/\\\/www.youtube.com\\\/c\\\/CoparmexJaliscomx\"]},{\"@type\":\"Person\",\"@id\":\"https:\\\/\\\/coparmexjal.org.mx\\\/entorno-empresarial\\\/#\\\/schema\\\/person\\\/7d1d56a9587bfb3a725cd3dbfbdb9d44\",\"name\":\"Coparmex Jalisco\",\"image\":{\"@type\":\"ImageObject\",\"inLanguage\":\"es\",\"@id\":\"https:\\\/\\\/coparmexjal.org.mx\\\/entorno-empresarial\\\/wp-content\\\/uploads\\\/2020\\\/06\\\/favicon-150x133.png\",\"url\":\"https:\\\/\\\/coparmexjal.org.mx\\\/entorno-empresarial\\\/wp-content\\\/uploads\\\/2020\\\/06\\\/favicon-150x133.png\",\"contentUrl\":\"https:\\\/\\\/coparmexjal.org.mx\\\/entorno-empresarial\\\/wp-content\\\/uploads\\\/2020\\\/06\\\/favicon-150x133.png\",\"caption\":\"Coparmex Jalisco\"},\"url\":\"https:\\\/\\\/coparmexjal.org.mx\\\/entorno-empresarial\\\/author\\\/coparmexjalisco\\\/\"}]}<\/script>\n<!-- \/ Yoast SEO plugin. -->","yoast_head_json":{"title":"C\u00f3mo una Injusticia Familiar Cre\u00f3 un Proyecto Social S\u00f3lido","description":"Descubre c\u00f3mo una injusticia familiar inspir\u00f3 a Claudia V\u00e1zquez a crear un emprendimiento social que une formalidad, humanidad y prop\u00f3sito.","robots":{"index":"index","follow":"follow","max-snippet":"max-snippet:-1","max-image-preview":"max-image-preview:large","max-video-preview":"max-video-preview:-1"},"canonical":"https:\/\/coparmexjal.org.mx\/entorno-empresarial\/trabajo-ikt\/","og_locale":"es_MX","og_type":"article","og_title":"C\u00f3mo una Injusticia Familiar Cre\u00f3 un Proyecto Social S\u00f3lido","og_description":"Descubre c\u00f3mo una injusticia familiar inspir\u00f3 a Claudia V\u00e1zquez a crear un emprendimiento social que une formalidad, humanidad y prop\u00f3sito.","og_url":"https:\/\/coparmexjal.org.mx\/entorno-empresarial\/trabajo-ikt\/","og_site_name":"Entorno Empresarial","article_publisher":"https:\/\/facebook.com\/comcoparmex","article_published_time":"2025-10-17T17:53:31+00:00","article_modified_time":"2025-10-17T17:54:10+00:00","og_image":[{"width":600,"height":350,"url":"https:\/\/coparmexjal.org.mx\/entorno-empresarial\/wp-content\/uploads\/2025\/10\/ikt.jpg","type":"image\/jpeg"}],"author":"Coparmex Jalisco","twitter_card":"summary_large_image","twitter_creator":"@comcoparmex","twitter_site":"@comcoparmex","twitter_misc":{"Escrito por":"Coparmex Jalisco","Tiempo de lectura":"4 minutos"},"schema":{"@context":"https:\/\/schema.org","@graph":[{"@type":"Article","@id":"https:\/\/coparmexjal.org.mx\/entorno-empresarial\/trabajo-ikt\/#article","isPartOf":{"@id":"https:\/\/coparmexjal.org.mx\/entorno-empresarial\/trabajo-ikt\/"},"author":{"name":"Coparmex Jalisco","@id":"https:\/\/coparmexjal.org.mx\/entorno-empresarial\/#\/schema\/person\/7d1d56a9587bfb3a725cd3dbfbdb9d44"},"headline":"El Llamado de la Justicia: C\u00f3mo una Injusticia Familiar Impuls\u00f3 un Emprendimiento Social S\u00f3lido","datePublished":"2025-10-17T17:53:31+00:00","dateModified":"2025-10-17T17:54:10+00:00","mainEntityOfPage":{"@id":"https:\/\/coparmexjal.org.mx\/entorno-empresarial\/trabajo-ikt\/"},"wordCount":600,"commentCount":0,"publisher":{"@id":"https:\/\/coparmexjal.org.mx\/entorno-empresarial\/#organization"},"image":{"@id":"https:\/\/coparmexjal.org.mx\/entorno-empresarial\/trabajo-ikt\/#primaryimage"},"thumbnailUrl":"https:\/\/coparmexjal.org.mx\/entorno-empresarial\/wp-content\/uploads\/2025\/10\/ikt.jpg","keywords":["coparmex jalisco","Impacto social","Justicia laboral","Mentor\u00eda Empresarial","PremioEmprendedor2025"],"articleSection":["Emprende"],"inLanguage":"es","potentialAction":[{"@type":"CommentAction","name":"Comment","target":["https:\/\/coparmexjal.org.mx\/entorno-empresarial\/trabajo-ikt\/#respond"]}]},{"@type":"WebPage","@id":"https:\/\/coparmexjal.org.mx\/entorno-empresarial\/trabajo-ikt\/","url":"https:\/\/coparmexjal.org.mx\/entorno-empresarial\/trabajo-ikt\/","name":"C\u00f3mo una Injusticia Familiar Cre\u00f3 un Proyecto Social S\u00f3lido","isPartOf":{"@id":"https:\/\/coparmexjal.org.mx\/entorno-empresarial\/#website"},"primaryImageOfPage":{"@id":"https:\/\/coparmexjal.org.mx\/entorno-empresarial\/trabajo-ikt\/#primaryimage"},"image":{"@id":"https:\/\/coparmexjal.org.mx\/entorno-empresarial\/trabajo-ikt\/#primaryimage"},"thumbnailUrl":"https:\/\/coparmexjal.org.mx\/entorno-empresarial\/wp-content\/uploads\/2025\/10\/ikt.jpg","datePublished":"2025-10-17T17:53:31+00:00","dateModified":"2025-10-17T17:54:10+00:00","description":"Descubre c\u00f3mo una injusticia familiar inspir\u00f3 a Claudia V\u00e1zquez a crear un emprendimiento social que une formalidad, humanidad y prop\u00f3sito.","breadcrumb":{"@id":"https:\/\/coparmexjal.org.mx\/entorno-empresarial\/trabajo-ikt\/#breadcrumb"},"inLanguage":"es","potentialAction":[{"@type":"ReadAction","target":["https:\/\/coparmexjal.org.mx\/entorno-empresarial\/trabajo-ikt\/"]}]},{"@type":"ImageObject","inLanguage":"es","@id":"https:\/\/coparmexjal.org.mx\/entorno-empresarial\/trabajo-ikt\/#primaryimage","url":"https:\/\/coparmexjal.org.mx\/entorno-empresarial\/wp-content\/uploads\/2025\/10\/ikt.jpg","contentUrl":"https:\/\/coparmexjal.org.mx\/entorno-empresarial\/wp-content\/uploads\/2025\/10\/ikt.jpg","width":600,"height":350},{"@type":"BreadcrumbList","@id":"https:\/\/coparmexjal.org.mx\/entorno-empresarial\/trabajo-ikt\/#breadcrumb","itemListElement":[{"@type":"ListItem","position":1,"name":"Inicio","item":"https:\/\/coparmexjal.org.mx\/entorno-empresarial\/"},{"@type":"ListItem","position":2,"name":"El Llamado de la Justicia: C\u00f3mo una Injusticia Familiar Impuls\u00f3 un Emprendimiento Social S\u00f3lido"}]},{"@type":"WebSite","@id":"https:\/\/coparmexjal.org.mx\/entorno-empresarial\/#website","url":"https:\/\/coparmexjal.org.mx\/entorno-empresarial\/","name":"Revista Entorno Empresarial","description":"Coparmex Jalisco","publisher":{"@id":"https:\/\/coparmexjal.org.mx\/entorno-empresarial\/#organization"},"potentialAction":[{"@type":"SearchAction","target":{"@type":"EntryPoint","urlTemplate":"https:\/\/coparmexjal.org.mx\/entorno-empresarial\/?s={search_term_string}"},"query-input":{"@type":"PropertyValueSpecification","valueRequired":true,"valueName":"search_term_string"}}],"inLanguage":"es"},{"@type":"Organization","@id":"https:\/\/coparmexjal.org.mx\/entorno-empresarial\/#organization","name":"Coparmex Jalisco","url":"https:\/\/coparmexjal.org.mx\/entorno-empresarial\/","logo":{"@type":"ImageObject","inLanguage":"es","@id":"https:\/\/coparmexjal.org.mx\/entorno-empresarial\/#\/schema\/logo\/image\/","url":"https:\/\/coparmexjal.org.mx\/entorno-empresarial\/wp-content\/uploads\/2020\/02\/logo-amp.png","contentUrl":"https:\/\/coparmexjal.org.mx\/entorno-empresarial\/wp-content\/uploads\/2020\/02\/logo-amp.png","width":120,"height":90,"caption":"Coparmex Jalisco"},"image":{"@id":"https:\/\/coparmexjal.org.mx\/entorno-empresarial\/#\/schema\/logo\/image\/"},"sameAs":["https:\/\/facebook.com\/comcoparmex","https:\/\/x.com\/comcoparmex","http:\/\/instagram.com\/coparmexjalisco","https:\/\/mx.linkedin.com\/company\/coparmex-jalisco","https:\/\/www.youtube.com\/c\/CoparmexJaliscomx"]},{"@type":"Person","@id":"https:\/\/coparmexjal.org.mx\/entorno-empresarial\/#\/schema\/person\/7d1d56a9587bfb3a725cd3dbfbdb9d44","name":"Coparmex Jalisco","image":{"@type":"ImageObject","inLanguage":"es","@id":"https:\/\/coparmexjal.org.mx\/entorno-empresarial\/wp-content\/uploads\/2020\/06\/favicon-150x133.png","url":"https:\/\/coparmexjal.org.mx\/entorno-empresarial\/wp-content\/uploads\/2020\/06\/favicon-150x133.png","contentUrl":"https:\/\/coparmexjal.org.mx\/entorno-empresarial\/wp-content\/uploads\/2020\/06\/favicon-150x133.png","caption":"Coparmex Jalisco"},"url":"https:\/\/coparmexjal.org.mx\/entorno-empresarial\/author\/coparmexjalisco\/"}]}},"_links":{"self":[{"href":"https:\/\/coparmexjal.org.mx\/entorno-empresarial\/wp-json\/wp\/v2\/posts\/7862","targetHints":{"allow":["GET"]}}],"collection":[{"href":"https:\/\/coparmexjal.org.mx\/entorno-empresarial\/wp-json\/wp\/v2\/posts"}],"about":[{"href":"https:\/\/coparmexjal.org.mx\/entorno-empresarial\/wp-json\/wp\/v2\/types\/post"}],"author":[{"embeddable":true,"href":"https:\/\/coparmexjal.org.mx\/entorno-empresarial\/wp-json\/wp\/v2\/users\/2"}],"replies":[{"embeddable":true,"href":"https:\/\/coparmexjal.org.mx\/entorno-empresarial\/wp-json\/wp\/v2\/comments?post=7862"}],"version-history":[{"count":3,"href":"https:\/\/coparmexjal.org.mx\/entorno-empresarial\/wp-json\/wp\/v2\/posts\/7862\/revisions"}],"predecessor-version":[{"id":7868,"href":"https:\/\/coparmexjal.org.mx\/entorno-empresarial\/wp-json\/wp\/v2\/posts\/7862\/revisions\/7868"}],"wp:featuredmedia":[{"embeddable":true,"href":"https:\/\/coparmexjal.org.mx\/entorno-empresarial\/wp-json\/wp\/v2\/media\/7865"}],"wp:attachment":[{"href":"https:\/\/coparmexjal.org.mx\/entorno-empresarial\/wp-json\/wp\/v2\/media?parent=7862"}],"wp:term":[{"taxonomy":"category","embeddable":true,"href":"https:\/\/coparmexjal.org.mx\/entorno-empresarial\/wp-json\/wp\/v2\/categories?post=7862"},{"taxonomy":"post_tag","embeddable":true,"href":"https:\/\/coparmexjal.org.mx\/entorno-empresarial\/wp-json\/wp\/v2\/tags?post=7862"}],"curies":[{"name":"wp","href":"https:\/\/api.w.org\/{rel}","templated":true}]}}