{"id":7757,"date":"2025-06-25T14:45:01","date_gmt":"2025-06-25T20:45:01","guid":{"rendered":"https:\/\/coparmexjal.org.mx\/entorno-empresarial\/?p=7757"},"modified":"2025-06-25T14:45:02","modified_gmt":"2025-06-25T20:45:02","slug":"innovacion-dialogo-jalisco","status":"publish","type":"post","link":"https:\/\/coparmexjal.org.mx\/entorno-empresarial\/innovacion-dialogo-jalisco\/","title":{"rendered":"Coparmex Jalisco abre di\u00e1logo con empresas y Secretar\u00eda de Innovaci\u00f3n"},"content":{"rendered":"\n<p>Con el objetivo de fomentar programas formativos y proyectos estrat\u00e9gicos que fortalezcan las empresas y el talento humano en Jalisco, Coparmex Jalisco llev\u00f3 a cabo una edici\u00f3n especial de sus Juntas Mensuales con la participaci\u00f3n del Secretario de Innovaci\u00f3n del Estado, Horacio Fern\u00e1ndez, como invitado especial.<\/p>\n\n\n\n<p>En el foro participaron las Comisiones de Innovaci\u00f3n, Educaci\u00f3n, Emprendimiento y Empresarios J\u00f3venes, quienes destacaron la importancia de articular esfuerzos para fortalecer el ecosistema empresarial, particularmente en \u00e1reas clave como la digitalizaci\u00f3n, la actualizaci\u00f3n tecnol\u00f3gica, la capacitaci\u00f3n y la mentor\u00eda.<\/p>\n\n\n\n<p>Durante su intervenci\u00f3n, Ra\u00fal Flores, Presidente de Coparmex Jalisco subray\u00f3:<\/p>\n\n\n\n<p><em>\u201cAlgunos de los retos que las empresas han detectado en temas de innovaci\u00f3n son la digitalizaci\u00f3n insuficiente, la falta de actualizaci\u00f3n tecnol\u00f3gica, la falta de acompa\u00f1amiento t\u00e9cnico y la falta de apoyos suficientes para los emprendedores en el pa\u00eds. Por eso es fundamental que las pol\u00edticas p\u00fablicas en materia de innovaci\u00f3n y emprendimiento respondan a las necesidades reales del sector productivo\u201d.&nbsp;<\/em><\/p>\n\n\n\n<p>En su participaci\u00f3n, Horacio Fern\u00e1ndez present\u00f3 algunos de los programas vigentes de la Secretar\u00eda, como los REDI (Red de Espacios de Innovaci\u00f3n), convocatorias de financiamiento y estrategias para fortalecer la cultura emprendedora, al tiempo que reconoci\u00f3 la importancia de colaborar con organismos empresariales como Coparmex. En sus palabras:<\/p>\n\n\n\n<p><em>\u201cJalisco es la cuna de los j\u00f3venes empresarios, emprendedores y gente echada para adelante. Cuenten con nosotros para todo lo referente al emprendimiento y j\u00f3venes.\u201d<\/em><\/p>\n\n\n\n<p>El evento tuvo un di\u00e1logo abierto con los asistentes, entre los que se encontraban empresarios, j\u00f3venes emprendedores, representantes acad\u00e9micos y aliados estrat\u00e9gicos del ecosistema de innovaci\u00f3n.<\/p>\n\n\n\n<p>Durante la sesi\u00f3n le preguntaron sobre cu\u00e1l ser\u00eda la estrategia para generar mejores colaboradores, para combatir la rotaci\u00f3n y que los j\u00f3venes hagan carrera en las empresas:<\/p>\n\n\n\n<p><em>\u00bfC\u00f3mo retener el talento? los j\u00f3venes ahora quieren saber c\u00f3mo est\u00e1n aportando a la empresa y a la sociedad desde donde est\u00e1n, hay que entender que tienen otra visi\u00f3n y otras necesidades. &#8211; Horacio Fern\u00e1ndez<\/em><\/p>\n\n\n\n<p>Para finalizar, se le hizo entrega de un documento con las principales \u00e1reas de oportunidad que ven las empresas en materia de innovaci\u00f3n, emprendimiento y educaci\u00f3n, as\u00ed como la invitaci\u00f3n a un trabajo colaborativo por la competitividad del estado.<\/p>\n\n\n\n<p>Desde Coparmex Jalisco buscamos ser un puente entre la Secretar\u00eda y las empresas de todo el estado para asegurar que las pol\u00edticas p\u00fablicas generen condiciones ideales para la creaci\u00f3n y consolidaci\u00f3n de nuevos negocios, que al final se convierten en fuentes de empleo, as\u00ed tambi\u00e9n, para que los programas lleguen a m\u00e1s beneficiarios y generen mayor impacto.<\/p>\n\n\n\n<figure class=\"wp-block-image size-large is-resized\"><img fetchpriority=\"high\" decoding=\"async\" width=\"1024\" height=\"683\" src=\"https:\/\/coparmexjal.org.mx\/entorno-empresarial\/wp-content\/uploads\/2025\/06\/jmj-2-1024x683.jpg\" alt=\"\" class=\"wp-image-7759\" style=\"width:782px;height:auto\" srcset=\"https:\/\/coparmexjal.org.mx\/entorno-empresarial\/wp-content\/uploads\/2025\/06\/jmj-2-1024x683.jpg 1024w, https:\/\/coparmexjal.org.mx\/entorno-empresarial\/wp-content\/uploads\/2025\/06\/jmj-2-300x200.jpg 300w, https:\/\/coparmexjal.org.mx\/entorno-empresarial\/wp-content\/uploads\/2025\/06\/jmj-2-768x512.jpg 768w, https:\/\/coparmexjal.org.mx\/entorno-empresarial\/wp-content\/uploads\/2025\/06\/jmj-2.jpg 1200w\" sizes=\"(max-width: 1024px) 100vw, 1024px\" \/><\/figure>\n","protected":false},"excerpt":{"rendered":"<p>Con el objetivo de fomentar programas formativos y proyectos estrat\u00e9gicos que fortalezcan las empresas y el talento humano en Jalisco, Coparmex Jalisco llev\u00f3 a cabo<\/p>\n","protected":false},"author":2,"featured_media":7758,"comment_status":"open","ping_status":"open","sticky":false,"template":"","format":"standard","meta":{"footnotes":""},"categories":[495],"tags":[405,1600,1599,1598],"class_list":["post-7757","post","type-post","status-publish","format-standard","has-post-thumbnail","hentry","category-innovacion","tag-coparmex-jalisco","tag-desarrollo-economico-2","tag-emprendimiento-joven","tag-innovacion-empresarial-2"],"yoast_head":"<!-- This site is optimized with the Yoast SEO plugin v27.5 - https:\/\/yoast.com\/product\/yoast-seo-wordpress\/ -->\n<title>Coparmex Jalisco fortalece alianzas para el desarrollo empresarial<\/title>\n<meta name=\"description\" content=\"Con la participaci\u00f3n de Horacio Fern\u00e1ndez, Coparmex busca conectar las necesidades del sector productivo con pol\u00edticas p\u00fablicas efectivas.\" \/>\n<meta name=\"robots\" content=\"index, follow, max-snippet:-1, max-image-preview:large, max-video-preview:-1\" \/>\n<link rel=\"canonical\" href=\"https:\/\/coparmexjal.org.mx\/entorno-empresarial\/innovacion-dialogo-jalisco\/\" \/>\n<meta property=\"og:locale\" content=\"es_MX\" \/>\n<meta property=\"og:type\" content=\"article\" \/>\n<meta property=\"og:title\" content=\"Coparmex Jalisco fortalece alianzas para el desarrollo empresarial\" \/>\n<meta property=\"og:description\" content=\"Con la participaci\u00f3n de Horacio Fern\u00e1ndez, Coparmex busca conectar las necesidades del sector productivo con pol\u00edticas p\u00fablicas efectivas.\" \/>\n<meta property=\"og:url\" content=\"https:\/\/coparmexjal.org.mx\/entorno-empresarial\/innovacion-dialogo-jalisco\/\" \/>\n<meta property=\"og:site_name\" content=\"Entorno Empresarial\" \/>\n<meta property=\"article:publisher\" content=\"https:\/\/facebook.com\/comcoparmex\" \/>\n<meta property=\"article:published_time\" content=\"2025-06-25T20:45:01+00:00\" \/>\n<meta property=\"article:modified_time\" content=\"2025-06-25T20:45:02+00:00\" \/>\n<meta property=\"og:image\" content=\"https:\/\/coparmexjal.org.mx\/entorno-empresarial\/wp-content\/uploads\/2025\/06\/jmj-1.jpg\" \/>\n\t<meta property=\"og:image:width\" content=\"1200\" \/>\n\t<meta property=\"og:image:height\" content=\"800\" \/>\n\t<meta property=\"og:image:type\" content=\"image\/jpeg\" \/>\n<meta name=\"author\" content=\"Coparmex Jalisco\" \/>\n<meta name=\"twitter:card\" content=\"summary_large_image\" \/>\n<meta name=\"twitter:creator\" content=\"@comcoparmex\" \/>\n<meta name=\"twitter:site\" content=\"@comcoparmex\" \/>\n<meta name=\"twitter:label1\" content=\"Escrito por\" \/>\n\t<meta name=\"twitter:data1\" content=\"Coparmex Jalisco\" \/>\n\t<meta name=\"twitter:label2\" content=\"Tiempo de lectura\" \/>\n\t<meta name=\"twitter:data2\" content=\"3 minutos\" \/>\n<script type=\"application\/ld+json\" class=\"yoast-schema-graph\">{\"@context\":\"https:\\\/\\\/schema.org\",\"@graph\":[{\"@type\":\"Article\",\"@id\":\"https:\\\/\\\/coparmexjal.org.mx\\\/entorno-empresarial\\\/innovacion-dialogo-jalisco\\\/#article\",\"isPartOf\":{\"@id\":\"https:\\\/\\\/coparmexjal.org.mx\\\/entorno-empresarial\\\/innovacion-dialogo-jalisco\\\/\"},\"author\":{\"name\":\"Coparmex Jalisco\",\"@id\":\"https:\\\/\\\/coparmexjal.org.mx\\\/entorno-empresarial\\\/#\\\/schema\\\/person\\\/7d1d56a9587bfb3a725cd3dbfbdb9d44\"},\"headline\":\"Coparmex Jalisco abre di\u00e1logo con empresas y Secretar\u00eda de Innovaci\u00f3n\",\"datePublished\":\"2025-06-25T20:45:01+00:00\",\"dateModified\":\"2025-06-25T20:45:02+00:00\",\"mainEntityOfPage\":{\"@id\":\"https:\\\/\\\/coparmexjal.org.mx\\\/entorno-empresarial\\\/innovacion-dialogo-jalisco\\\/\"},\"wordCount\":486,\"commentCount\":0,\"publisher\":{\"@id\":\"https:\\\/\\\/coparmexjal.org.mx\\\/entorno-empresarial\\\/#organization\"},\"image\":{\"@id\":\"https:\\\/\\\/coparmexjal.org.mx\\\/entorno-empresarial\\\/innovacion-dialogo-jalisco\\\/#primaryimage\"},\"thumbnailUrl\":\"https:\\\/\\\/coparmexjal.org.mx\\\/entorno-empresarial\\\/wp-content\\\/uploads\\\/2025\\\/06\\\/jmj-1.jpg\",\"keywords\":[\"coparmex jalisco\",\"desarrollo economico\",\"emprendimiento joven\",\"innovacion empresarial\"],\"articleSection\":[\"Innovaci\u00f3n\"],\"inLanguage\":\"es\",\"potentialAction\":[{\"@type\":\"CommentAction\",\"name\":\"Comment\",\"target\":[\"https:\\\/\\\/coparmexjal.org.mx\\\/entorno-empresarial\\\/innovacion-dialogo-jalisco\\\/#respond\"]}]},{\"@type\":\"WebPage\",\"@id\":\"https:\\\/\\\/coparmexjal.org.mx\\\/entorno-empresarial\\\/innovacion-dialogo-jalisco\\\/\",\"url\":\"https:\\\/\\\/coparmexjal.org.mx\\\/entorno-empresarial\\\/innovacion-dialogo-jalisco\\\/\",\"name\":\"Coparmex Jalisco fortalece alianzas para el desarrollo empresarial\",\"isPartOf\":{\"@id\":\"https:\\\/\\\/coparmexjal.org.mx\\\/entorno-empresarial\\\/#website\"},\"primaryImageOfPage\":{\"@id\":\"https:\\\/\\\/coparmexjal.org.mx\\\/entorno-empresarial\\\/innovacion-dialogo-jalisco\\\/#primaryimage\"},\"image\":{\"@id\":\"https:\\\/\\\/coparmexjal.org.mx\\\/entorno-empresarial\\\/innovacion-dialogo-jalisco\\\/#primaryimage\"},\"thumbnailUrl\":\"https:\\\/\\\/coparmexjal.org.mx\\\/entorno-empresarial\\\/wp-content\\\/uploads\\\/2025\\\/06\\\/jmj-1.jpg\",\"datePublished\":\"2025-06-25T20:45:01+00:00\",\"dateModified\":\"2025-06-25T20:45:02+00:00\",\"description\":\"Con la participaci\u00f3n de Horacio Fern\u00e1ndez, Coparmex busca conectar las necesidades del sector productivo con pol\u00edticas p\u00fablicas efectivas.\",\"breadcrumb\":{\"@id\":\"https:\\\/\\\/coparmexjal.org.mx\\\/entorno-empresarial\\\/innovacion-dialogo-jalisco\\\/#breadcrumb\"},\"inLanguage\":\"es\",\"potentialAction\":[{\"@type\":\"ReadAction\",\"target\":[\"https:\\\/\\\/coparmexjal.org.mx\\\/entorno-empresarial\\\/innovacion-dialogo-jalisco\\\/\"]}]},{\"@type\":\"ImageObject\",\"inLanguage\":\"es\",\"@id\":\"https:\\\/\\\/coparmexjal.org.mx\\\/entorno-empresarial\\\/innovacion-dialogo-jalisco\\\/#primaryimage\",\"url\":\"https:\\\/\\\/coparmexjal.org.mx\\\/entorno-empresarial\\\/wp-content\\\/uploads\\\/2025\\\/06\\\/jmj-1.jpg\",\"contentUrl\":\"https:\\\/\\\/coparmexjal.org.mx\\\/entorno-empresarial\\\/wp-content\\\/uploads\\\/2025\\\/06\\\/jmj-1.jpg\",\"width\":1200,\"height\":800},{\"@type\":\"BreadcrumbList\",\"@id\":\"https:\\\/\\\/coparmexjal.org.mx\\\/entorno-empresarial\\\/innovacion-dialogo-jalisco\\\/#breadcrumb\",\"itemListElement\":[{\"@type\":\"ListItem\",\"position\":1,\"name\":\"Inicio\",\"item\":\"https:\\\/\\\/coparmexjal.org.mx\\\/entorno-empresarial\\\/\"},{\"@type\":\"ListItem\",\"position\":2,\"name\":\"Coparmex Jalisco abre di\u00e1logo con empresas y Secretar\u00eda de Innovaci\u00f3n\"}]},{\"@type\":\"WebSite\",\"@id\":\"https:\\\/\\\/coparmexjal.org.mx\\\/entorno-empresarial\\\/#website\",\"url\":\"https:\\\/\\\/coparmexjal.org.mx\\\/entorno-empresarial\\\/\",\"name\":\"Revista Entorno Empresarial\",\"description\":\"Coparmex Jalisco\",\"publisher\":{\"@id\":\"https:\\\/\\\/coparmexjal.org.mx\\\/entorno-empresarial\\\/#organization\"},\"potentialAction\":[{\"@type\":\"SearchAction\",\"target\":{\"@type\":\"EntryPoint\",\"urlTemplate\":\"https:\\\/\\\/coparmexjal.org.mx\\\/entorno-empresarial\\\/?s={search_term_string}\"},\"query-input\":{\"@type\":\"PropertyValueSpecification\",\"valueRequired\":true,\"valueName\":\"search_term_string\"}}],\"inLanguage\":\"es\"},{\"@type\":\"Organization\",\"@id\":\"https:\\\/\\\/coparmexjal.org.mx\\\/entorno-empresarial\\\/#organization\",\"name\":\"Coparmex Jalisco\",\"url\":\"https:\\\/\\\/coparmexjal.org.mx\\\/entorno-empresarial\\\/\",\"logo\":{\"@type\":\"ImageObject\",\"inLanguage\":\"es\",\"@id\":\"https:\\\/\\\/coparmexjal.org.mx\\\/entorno-empresarial\\\/#\\\/schema\\\/logo\\\/image\\\/\",\"url\":\"https:\\\/\\\/coparmexjal.org.mx\\\/entorno-empresarial\\\/wp-content\\\/uploads\\\/2020\\\/02\\\/logo-amp.png\",\"contentUrl\":\"https:\\\/\\\/coparmexjal.org.mx\\\/entorno-empresarial\\\/wp-content\\\/uploads\\\/2020\\\/02\\\/logo-amp.png\",\"width\":120,\"height\":90,\"caption\":\"Coparmex Jalisco\"},\"image\":{\"@id\":\"https:\\\/\\\/coparmexjal.org.mx\\\/entorno-empresarial\\\/#\\\/schema\\\/logo\\\/image\\\/\"},\"sameAs\":[\"https:\\\/\\\/facebook.com\\\/comcoparmex\",\"https:\\\/\\\/x.com\\\/comcoparmex\",\"http:\\\/\\\/instagram.com\\\/coparmexjalisco\",\"https:\\\/\\\/mx.linkedin.com\\\/company\\\/coparmex-jalisco\",\"https:\\\/\\\/www.youtube.com\\\/c\\\/CoparmexJaliscomx\"]},{\"@type\":\"Person\",\"@id\":\"https:\\\/\\\/coparmexjal.org.mx\\\/entorno-empresarial\\\/#\\\/schema\\\/person\\\/7d1d56a9587bfb3a725cd3dbfbdb9d44\",\"name\":\"Coparmex Jalisco\",\"image\":{\"@type\":\"ImageObject\",\"inLanguage\":\"es\",\"@id\":\"https:\\\/\\\/coparmexjal.org.mx\\\/entorno-empresarial\\\/wp-content\\\/uploads\\\/2020\\\/06\\\/favicon-150x133.png\",\"url\":\"https:\\\/\\\/coparmexjal.org.mx\\\/entorno-empresarial\\\/wp-content\\\/uploads\\\/2020\\\/06\\\/favicon-150x133.png\",\"contentUrl\":\"https:\\\/\\\/coparmexjal.org.mx\\\/entorno-empresarial\\\/wp-content\\\/uploads\\\/2020\\\/06\\\/favicon-150x133.png\",\"caption\":\"Coparmex Jalisco\"},\"url\":\"https:\\\/\\\/coparmexjal.org.mx\\\/entorno-empresarial\\\/author\\\/coparmexjalisco\\\/\"}]}<\/script>\n<!-- \/ Yoast SEO plugin. -->","yoast_head_json":{"title":"Coparmex Jalisco fortalece alianzas para el desarrollo empresarial","description":"Con la participaci\u00f3n de Horacio Fern\u00e1ndez, Coparmex busca conectar las necesidades del sector productivo con pol\u00edticas p\u00fablicas efectivas.","robots":{"index":"index","follow":"follow","max-snippet":"max-snippet:-1","max-image-preview":"max-image-preview:large","max-video-preview":"max-video-preview:-1"},"canonical":"https:\/\/coparmexjal.org.mx\/entorno-empresarial\/innovacion-dialogo-jalisco\/","og_locale":"es_MX","og_type":"article","og_title":"Coparmex Jalisco fortalece alianzas para el desarrollo empresarial","og_description":"Con la participaci\u00f3n de Horacio Fern\u00e1ndez, Coparmex busca conectar las necesidades del sector productivo con pol\u00edticas p\u00fablicas efectivas.","og_url":"https:\/\/coparmexjal.org.mx\/entorno-empresarial\/innovacion-dialogo-jalisco\/","og_site_name":"Entorno Empresarial","article_publisher":"https:\/\/facebook.com\/comcoparmex","article_published_time":"2025-06-25T20:45:01+00:00","article_modified_time":"2025-06-25T20:45:02+00:00","og_image":[{"width":1200,"height":800,"url":"https:\/\/coparmexjal.org.mx\/entorno-empresarial\/wp-content\/uploads\/2025\/06\/jmj-1.jpg","type":"image\/jpeg"}],"author":"Coparmex Jalisco","twitter_card":"summary_large_image","twitter_creator":"@comcoparmex","twitter_site":"@comcoparmex","twitter_misc":{"Escrito por":"Coparmex Jalisco","Tiempo de lectura":"3 minutos"},"schema":{"@context":"https:\/\/schema.org","@graph":[{"@type":"Article","@id":"https:\/\/coparmexjal.org.mx\/entorno-empresarial\/innovacion-dialogo-jalisco\/#article","isPartOf":{"@id":"https:\/\/coparmexjal.org.mx\/entorno-empresarial\/innovacion-dialogo-jalisco\/"},"author":{"name":"Coparmex Jalisco","@id":"https:\/\/coparmexjal.org.mx\/entorno-empresarial\/#\/schema\/person\/7d1d56a9587bfb3a725cd3dbfbdb9d44"},"headline":"Coparmex Jalisco abre di\u00e1logo con empresas y Secretar\u00eda de Innovaci\u00f3n","datePublished":"2025-06-25T20:45:01+00:00","dateModified":"2025-06-25T20:45:02+00:00","mainEntityOfPage":{"@id":"https:\/\/coparmexjal.org.mx\/entorno-empresarial\/innovacion-dialogo-jalisco\/"},"wordCount":486,"commentCount":0,"publisher":{"@id":"https:\/\/coparmexjal.org.mx\/entorno-empresarial\/#organization"},"image":{"@id":"https:\/\/coparmexjal.org.mx\/entorno-empresarial\/innovacion-dialogo-jalisco\/#primaryimage"},"thumbnailUrl":"https:\/\/coparmexjal.org.mx\/entorno-empresarial\/wp-content\/uploads\/2025\/06\/jmj-1.jpg","keywords":["coparmex jalisco","desarrollo economico","emprendimiento joven","innovacion empresarial"],"articleSection":["Innovaci\u00f3n"],"inLanguage":"es","potentialAction":[{"@type":"CommentAction","name":"Comment","target":["https:\/\/coparmexjal.org.mx\/entorno-empresarial\/innovacion-dialogo-jalisco\/#respond"]}]},{"@type":"WebPage","@id":"https:\/\/coparmexjal.org.mx\/entorno-empresarial\/innovacion-dialogo-jalisco\/","url":"https:\/\/coparmexjal.org.mx\/entorno-empresarial\/innovacion-dialogo-jalisco\/","name":"Coparmex Jalisco fortalece alianzas para el desarrollo empresarial","isPartOf":{"@id":"https:\/\/coparmexjal.org.mx\/entorno-empresarial\/#website"},"primaryImageOfPage":{"@id":"https:\/\/coparmexjal.org.mx\/entorno-empresarial\/innovacion-dialogo-jalisco\/#primaryimage"},"image":{"@id":"https:\/\/coparmexjal.org.mx\/entorno-empresarial\/innovacion-dialogo-jalisco\/#primaryimage"},"thumbnailUrl":"https:\/\/coparmexjal.org.mx\/entorno-empresarial\/wp-content\/uploads\/2025\/06\/jmj-1.jpg","datePublished":"2025-06-25T20:45:01+00:00","dateModified":"2025-06-25T20:45:02+00:00","description":"Con la participaci\u00f3n de Horacio Fern\u00e1ndez, Coparmex busca conectar las necesidades del sector productivo con pol\u00edticas p\u00fablicas efectivas.","breadcrumb":{"@id":"https:\/\/coparmexjal.org.mx\/entorno-empresarial\/innovacion-dialogo-jalisco\/#breadcrumb"},"inLanguage":"es","potentialAction":[{"@type":"ReadAction","target":["https:\/\/coparmexjal.org.mx\/entorno-empresarial\/innovacion-dialogo-jalisco\/"]}]},{"@type":"ImageObject","inLanguage":"es","@id":"https:\/\/coparmexjal.org.mx\/entorno-empresarial\/innovacion-dialogo-jalisco\/#primaryimage","url":"https:\/\/coparmexjal.org.mx\/entorno-empresarial\/wp-content\/uploads\/2025\/06\/jmj-1.jpg","contentUrl":"https:\/\/coparmexjal.org.mx\/entorno-empresarial\/wp-content\/uploads\/2025\/06\/jmj-1.jpg","width":1200,"height":800},{"@type":"BreadcrumbList","@id":"https:\/\/coparmexjal.org.mx\/entorno-empresarial\/innovacion-dialogo-jalisco\/#breadcrumb","itemListElement":[{"@type":"ListItem","position":1,"name":"Inicio","item":"https:\/\/coparmexjal.org.mx\/entorno-empresarial\/"},{"@type":"ListItem","position":2,"name":"Coparmex Jalisco abre di\u00e1logo con empresas y Secretar\u00eda de Innovaci\u00f3n"}]},{"@type":"WebSite","@id":"https:\/\/coparmexjal.org.mx\/entorno-empresarial\/#website","url":"https:\/\/coparmexjal.org.mx\/entorno-empresarial\/","name":"Revista Entorno Empresarial","description":"Coparmex Jalisco","publisher":{"@id":"https:\/\/coparmexjal.org.mx\/entorno-empresarial\/#organization"},"potentialAction":[{"@type":"SearchAction","target":{"@type":"EntryPoint","urlTemplate":"https:\/\/coparmexjal.org.mx\/entorno-empresarial\/?s={search_term_string}"},"query-input":{"@type":"PropertyValueSpecification","valueRequired":true,"valueName":"search_term_string"}}],"inLanguage":"es"},{"@type":"Organization","@id":"https:\/\/coparmexjal.org.mx\/entorno-empresarial\/#organization","name":"Coparmex Jalisco","url":"https:\/\/coparmexjal.org.mx\/entorno-empresarial\/","logo":{"@type":"ImageObject","inLanguage":"es","@id":"https:\/\/coparmexjal.org.mx\/entorno-empresarial\/#\/schema\/logo\/image\/","url":"https:\/\/coparmexjal.org.mx\/entorno-empresarial\/wp-content\/uploads\/2020\/02\/logo-amp.png","contentUrl":"https:\/\/coparmexjal.org.mx\/entorno-empresarial\/wp-content\/uploads\/2020\/02\/logo-amp.png","width":120,"height":90,"caption":"Coparmex Jalisco"},"image":{"@id":"https:\/\/coparmexjal.org.mx\/entorno-empresarial\/#\/schema\/logo\/image\/"},"sameAs":["https:\/\/facebook.com\/comcoparmex","https:\/\/x.com\/comcoparmex","http:\/\/instagram.com\/coparmexjalisco","https:\/\/mx.linkedin.com\/company\/coparmex-jalisco","https:\/\/www.youtube.com\/c\/CoparmexJaliscomx"]},{"@type":"Person","@id":"https:\/\/coparmexjal.org.mx\/entorno-empresarial\/#\/schema\/person\/7d1d56a9587bfb3a725cd3dbfbdb9d44","name":"Coparmex Jalisco","image":{"@type":"ImageObject","inLanguage":"es","@id":"https:\/\/coparmexjal.org.mx\/entorno-empresarial\/wp-content\/uploads\/2020\/06\/favicon-150x133.png","url":"https:\/\/coparmexjal.org.mx\/entorno-empresarial\/wp-content\/uploads\/2020\/06\/favicon-150x133.png","contentUrl":"https:\/\/coparmexjal.org.mx\/entorno-empresarial\/wp-content\/uploads\/2020\/06\/favicon-150x133.png","caption":"Coparmex Jalisco"},"url":"https:\/\/coparmexjal.org.mx\/entorno-empresarial\/author\/coparmexjalisco\/"}]}},"_links":{"self":[{"href":"https:\/\/coparmexjal.org.mx\/entorno-empresarial\/wp-json\/wp\/v2\/posts\/7757","targetHints":{"allow":["GET"]}}],"collection":[{"href":"https:\/\/coparmexjal.org.mx\/entorno-empresarial\/wp-json\/wp\/v2\/posts"}],"about":[{"href":"https:\/\/coparmexjal.org.mx\/entorno-empresarial\/wp-json\/wp\/v2\/types\/post"}],"author":[{"embeddable":true,"href":"https:\/\/coparmexjal.org.mx\/entorno-empresarial\/wp-json\/wp\/v2\/users\/2"}],"replies":[{"embeddable":true,"href":"https:\/\/coparmexjal.org.mx\/entorno-empresarial\/wp-json\/wp\/v2\/comments?post=7757"}],"version-history":[{"count":1,"href":"https:\/\/coparmexjal.org.mx\/entorno-empresarial\/wp-json\/wp\/v2\/posts\/7757\/revisions"}],"predecessor-version":[{"id":7761,"href":"https:\/\/coparmexjal.org.mx\/entorno-empresarial\/wp-json\/wp\/v2\/posts\/7757\/revisions\/7761"}],"wp:featuredmedia":[{"embeddable":true,"href":"https:\/\/coparmexjal.org.mx\/entorno-empresarial\/wp-json\/wp\/v2\/media\/7758"}],"wp:attachment":[{"href":"https:\/\/coparmexjal.org.mx\/entorno-empresarial\/wp-json\/wp\/v2\/media?parent=7757"}],"wp:term":[{"taxonomy":"category","embeddable":true,"href":"https:\/\/coparmexjal.org.mx\/entorno-empresarial\/wp-json\/wp\/v2\/categories?post=7757"},{"taxonomy":"post_tag","embeddable":true,"href":"https:\/\/coparmexjal.org.mx\/entorno-empresarial\/wp-json\/wp\/v2\/tags?post=7757"}],"curies":[{"name":"wp","href":"https:\/\/api.w.org\/{rel}","templated":true}]}}