{"id":7749,"date":"2025-06-10T22:18:00","date_gmt":"2025-06-11T04:18:00","guid":{"rendered":"https:\/\/coparmexjal.org.mx\/entorno-empresarial\/?p=7749"},"modified":"2025-06-11T17:27:26","modified_gmt":"2025-06-11T23:27:26","slug":"the-chance-2025","status":"publish","type":"post","link":"https:\/\/coparmexjal.org.mx\/entorno-empresarial\/the-chance-2025\/","title":{"rendered":"Se revelan finalistas del Premio Emprendedor en The Chance 2025"},"content":{"rendered":"\n<ul class=\"wp-block-list\">\n<li>Los 20 finalistas del Premio Emprendedor Coparmex Jalisco recibir\u00e1n mentor\u00edas, programas educativos, beneficios y membres\u00edas Socio Coparmex sumando m\u00e1s de un mill\u00f3n de pesos en apoyos.<\/li>\n\n\n\n<li>Ser\u00e1n candidatos a ganar los 150 mil pesos del primer lugar.<\/li>\n<\/ul>\n\n\n\n<p>Como parte del Premio Emprendedor Coparmex Jalisco, esta noche se realiz\u00f3 \u201cThe Chance\u201d, uno de los eventos m\u00e1s relevantes de emprendimiento en el estado, en el que se anunci\u00f3 a los finalistas de dicho proyecto. Este a\u00f1o es especial, el Premio Emprendedor cumple 20 a\u00f1os de impulsar el emprendimiento, por lo que se increment\u00f3 a 20 los proyectos seleccionados para continuar en su proceso de aceleraci\u00f3n en compa\u00f1\u00eda de una empresa de gran trayectoria.&nbsp;<\/p>\n\n\n\n<p>Gracias a las empresas padrino, cada uno de los 20 finalistas acceder\u00e1 a asesor\u00edas durante 3 meses y medio, iniciando el 23 de junio hasta el 3 de octubre con el objetivo de acelerar su transici\u00f3n de emprendedores a empresarios consolidados. Adem\u00e1s de otros beneficios, programas educativos y membres\u00edas Socio Coparmex sumando m\u00e1s de un mill\u00f3n de pesos en apoyos.<\/p>\n\n\n\n<p>El evento cont\u00f3 con la participaci\u00f3n de Ra\u00fal Flores L\u00f3pez, <em>Presidente de Coparmex Jalisco<\/em>; Mtro. Alfredo Aceves, <em>Director General de la Agencia para el Desarrollo de Industrias Creativas Presidente del Fideicomiso Ciudad Creativa Digital<\/em>; Lic. Mariana Orozco Rosales, <em>Directora de Emprendimiento y Promoci\u00f3n Econ\u00f3mica en el Gobierno de Guadalajara<\/em>; Salvador Villase\u00f1or Aldama, <em>Coordinador de Desarrollo Econ\u00f3mico y Combate a la Desigualdad de Zapopan<\/em>; C\u00e9sar Lau Yuen, <em>Presidente de la Comisi\u00f3n de Emprendimiento; <\/em>Emmanuel Sent\u00edes, <em>Orador y creador de contenido (ponente de la conferencia magna<\/em>).<\/p>\n\n\n\n<p>Ra\u00fal Flores destac\u00f3 que este a\u00f1o por primera vez, la iniciativa se abre a otros municipios del estado por medio de sus delegaciones y permitiendo que m\u00e1s personas tengan la oportunidad de participar. En sus palabras:<\/p>\n\n\n\n<p><em>\u201cEste a\u00f1o es especialmente significativo, porque por primera vez, The Chance se abre a otros municipios de nuestro estado, permitiendo que m\u00e1s personas, desde distintas regiones de Jalisco, tengan la oportunidad de mostrar su talento y crecer sus proyectos.\u201d<\/em><\/p>\n\n\n\n<p>Sobre el Premio Emprendedor, Coparmex Jalisco:<\/p>\n\n\n\n<p>Este premio estatal, con 20 a\u00f1os de trayectoria, reconoce e impulsa el emprendimiento en Jalisco. Cada a\u00f1o se otorgan 150 mil pesos al ganador, y los participantes reciben asesor\u00eda empresarial intensiva.&nbsp;<\/p>\n\n\n\n<figure class=\"wp-block-table\"><table class=\"has-fixed-layout\"><tbody><tr><td><strong><em>Finalistas apadrinados<\/em><\/strong><\/td><td><strong><em>Empresas padrino<\/em><\/strong><\/td><\/tr><tr><td>KIBLO CAPS (Adriana Ramirez Carrillo)<\/td><td>TIERRA Y ARMON\u00cdA<\/td><\/tr><tr><td>BRIMEX ENERGY (Guillermo Chaim Serrano)<\/td><td>GAS SAN JUAN<\/td><\/tr><tr><td>SOHERSA BIM (Luis Armando Sanchez Hernandez)<\/td><td>SUNBANK<\/td><\/tr><tr><td>SKYLINE AGRICULTURE &#8211; ARTIFIELDS (Isaac Alejandro Valdivia Padilla)<\/td><td>REDWOOD<\/td><\/tr><tr><td>JUEWOOF (Gilberto Adolfo Rocha Diaz)<\/td><td>BIODESARROLLOS VALMEX<\/td><\/tr><tr><td>NO HABLES, COMUNICA (Mariana Sofia Candelas Gonz\u00e1lez y Manuel Muro Arroyo)<\/td><td>COMPUSOLUCIONES<\/td><\/tr><tr><td>SKILLSINNOVATIONS (Josefina Barboza Aviles)<\/td><td>TESSELAR<\/td><\/tr><tr><td>CROKAS PICK A CHEESE (Alvaro Anaya Sanroman y Juan Pablo Anaya Sanroman )<\/td><td>PROAN GDL<\/td><\/tr><tr><td>LOS MUCHACHOS DE ZAPOPAN MENUDERIA (Laura Jacqueline Garcia Barriga y Jose Daniel Padilla Diaz)<\/td><td>IRM<\/td><\/tr><tr><td>DIZZY AL RESCATERING (Javier Vidales Roman)<\/td><td>OFIPLAN<\/td><\/tr><tr><td>MATEREALIZA (Maria Fernanda Rosas Ortiz)<\/td><td>MACKPACK<\/td><\/tr><tr><td>SANGRITA DEL CU\u00d1ADO (Andres Soto Atilano)<\/td><td>ICAMI<\/td><\/tr><tr><td>SOLUCIONES INTEGRALES IKT (Claudia Ver\u00f3nica V\u00e1zquez Serrano)<\/td><td>KIVA<\/td><\/tr><tr><td>CAMARA CREATIONS (Iv\u00e1n Alejandro L\u00f3pez Salcedo)<\/td><td>CONTPAQI<\/td><\/tr><tr><td>BRERA PASTA DE AUTOR (Mar\u00eda Gabriela Romero Topete)<\/td><td>ELECTROLIT<\/td><\/tr><tr><td>ASIERRA FERMENTOS (Adriana Linet Mendoza Arroyo)<\/td><td>HEINEKEN<\/td><\/tr><tr><td>INSECTICIDA PLAGAFIN REYAC (Javier Cedillo Gonzalez)<\/td><td>MAM\u00c1 CONEJA<\/td><\/tr><tr><td>PURE NUTRICION SA DE CV (Liliana Ivett Robles Gonz\u00e1lez y Ricardo Mu\u00f1oz Escobedo)<\/td><td>ARANCIA INDUSTRIAL<\/td><\/tr><tr><td>AYRE JOYERIA (Rebeca Aylin Valderrama Rico)<\/td><td>NICE DE M\u00c9XICO<\/td><\/tr><tr><td>TIENDA CHARRA EL ESTRIBO (Jose Luis Lopez Mendoza)<\/td><td>BECCAR<\/td><\/tr><\/tbody><\/table><\/figure>\n\n\n<div class=\"wp-block-image\">\n<figure class=\"alignleft size-large is-resized\"><img fetchpriority=\"high\" decoding=\"async\" width=\"1024\" height=\"682\" src=\"https:\/\/coparmexjal.org.mx\/entorno-empresarial\/wp-content\/uploads\/2025\/06\/finalistas-2025-1024x682.jpg\" alt=\"\" class=\"wp-image-7750\" style=\"width:779px;height:auto\" srcset=\"https:\/\/coparmexjal.org.mx\/entorno-empresarial\/wp-content\/uploads\/2025\/06\/finalistas-2025-1024x682.jpg 1024w, https:\/\/coparmexjal.org.mx\/entorno-empresarial\/wp-content\/uploads\/2025\/06\/finalistas-2025-300x200.jpg 300w, https:\/\/coparmexjal.org.mx\/entorno-empresarial\/wp-content\/uploads\/2025\/06\/finalistas-2025-768x511.jpg 768w, https:\/\/coparmexjal.org.mx\/entorno-empresarial\/wp-content\/uploads\/2025\/06\/finalistas-2025.jpg 1080w\" sizes=\"(max-width: 1024px) 100vw, 1024px\" \/><\/figure><\/div>","protected":false},"excerpt":{"rendered":"<p>Como parte del Premio Emprendedor Coparmex Jalisco, esta noche se realiz\u00f3 \u201cThe Chance\u201d, uno de los eventos m\u00e1s relevantes de emprendimiento en el estado, en<\/p>\n","protected":false},"author":2,"featured_media":7751,"comment_status":"open","ping_status":"open","sticky":false,"template":"","format":"standard","meta":{"footnotes":""},"categories":[161],"tags":[405,1519,252,1595,601],"class_list":["post-7749","post","type-post","status-publish","format-standard","has-post-thumbnail","hentry","category-emprende","tag-coparmex-jalisco","tag-emprendedores-jalisco","tag-emprendimiento","tag-empresas-padrino","tag-premio-emprendedor"],"yoast_head":"<!-- This site is optimized with the Yoast SEO plugin v27.5 - https:\/\/yoast.com\/product\/yoast-seo-wordpress\/ -->\n<title>The Chance 2025 revela a los 20 emprendedores finalistas<\/title>\n<meta name=\"description\" content=\"The Chance 2025 presenta a los 20 proyectos que competir\u00e1n por el Premio Emprendedor Coparmex Jalisco y $150,000 en premios.\" \/>\n<meta name=\"robots\" content=\"index, follow, max-snippet:-1, max-image-preview:large, max-video-preview:-1\" \/>\n<link rel=\"canonical\" href=\"https:\/\/coparmexjal.org.mx\/entorno-empresarial\/the-chance-2025\/\" \/>\n<meta property=\"og:locale\" content=\"es_MX\" \/>\n<meta property=\"og:type\" content=\"article\" \/>\n<meta property=\"og:title\" content=\"The Chance 2025 revela a los 20 emprendedores finalistas\" \/>\n<meta property=\"og:description\" content=\"The Chance 2025 presenta a los 20 proyectos que competir\u00e1n por el Premio Emprendedor Coparmex Jalisco y $150,000 en premios.\" \/>\n<meta property=\"og:url\" content=\"https:\/\/coparmexjal.org.mx\/entorno-empresarial\/the-chance-2025\/\" \/>\n<meta property=\"og:site_name\" content=\"Entorno Empresarial\" \/>\n<meta property=\"article:publisher\" content=\"https:\/\/facebook.com\/comcoparmex\" \/>\n<meta property=\"article:published_time\" content=\"2025-06-11T04:18:00+00:00\" \/>\n<meta property=\"article:modified_time\" content=\"2025-06-11T23:27:26+00:00\" \/>\n<meta property=\"og:image\" content=\"https:\/\/coparmexjal.org.mx\/entorno-empresarial\/wp-content\/uploads\/2025\/06\/the-chance-2025-header.jpg\" \/>\n\t<meta property=\"og:image:width\" content=\"1080\" \/>\n\t<meta property=\"og:image:height\" content=\"719\" \/>\n\t<meta property=\"og:image:type\" content=\"image\/jpeg\" \/>\n<meta name=\"author\" content=\"Coparmex Jalisco\" \/>\n<meta name=\"twitter:card\" content=\"summary_large_image\" \/>\n<meta name=\"twitter:creator\" content=\"@comcoparmex\" \/>\n<meta name=\"twitter:site\" content=\"@comcoparmex\" \/>\n<meta name=\"twitter:label1\" content=\"Escrito por\" \/>\n\t<meta name=\"twitter:data1\" content=\"Coparmex Jalisco\" \/>\n\t<meta name=\"twitter:label2\" content=\"Tiempo de lectura\" \/>\n\t<meta name=\"twitter:data2\" content=\"3 minutos\" \/>\n<script type=\"application\/ld+json\" class=\"yoast-schema-graph\">{\"@context\":\"https:\\\/\\\/schema.org\",\"@graph\":[{\"@type\":\"Article\",\"@id\":\"https:\\\/\\\/coparmexjal.org.mx\\\/entorno-empresarial\\\/the-chance-2025\\\/#article\",\"isPartOf\":{\"@id\":\"https:\\\/\\\/coparmexjal.org.mx\\\/entorno-empresarial\\\/the-chance-2025\\\/\"},\"author\":{\"name\":\"Coparmex Jalisco\",\"@id\":\"https:\\\/\\\/coparmexjal.org.mx\\\/entorno-empresarial\\\/#\\\/schema\\\/person\\\/7d1d56a9587bfb3a725cd3dbfbdb9d44\"},\"headline\":\"Se revelan finalistas del Premio Emprendedor en The Chance 2025\",\"datePublished\":\"2025-06-11T04:18:00+00:00\",\"dateModified\":\"2025-06-11T23:27:26+00:00\",\"mainEntityOfPage\":{\"@id\":\"https:\\\/\\\/coparmexjal.org.mx\\\/entorno-empresarial\\\/the-chance-2025\\\/\"},\"wordCount\":595,\"commentCount\":0,\"publisher\":{\"@id\":\"https:\\\/\\\/coparmexjal.org.mx\\\/entorno-empresarial\\\/#organization\"},\"image\":{\"@id\":\"https:\\\/\\\/coparmexjal.org.mx\\\/entorno-empresarial\\\/the-chance-2025\\\/#primaryimage\"},\"thumbnailUrl\":\"https:\\\/\\\/coparmexjal.org.mx\\\/entorno-empresarial\\\/wp-content\\\/uploads\\\/2025\\\/06\\\/the-chance-2025-header.jpg\",\"keywords\":[\"coparmex jalisco\",\"Emprendedores Jalisco\",\"emprendimiento\",\"empresas padrino\",\"Premio Emprendedor\"],\"articleSection\":[\"Emprende\"],\"inLanguage\":\"es\",\"potentialAction\":[{\"@type\":\"CommentAction\",\"name\":\"Comment\",\"target\":[\"https:\\\/\\\/coparmexjal.org.mx\\\/entorno-empresarial\\\/the-chance-2025\\\/#respond\"]}]},{\"@type\":\"WebPage\",\"@id\":\"https:\\\/\\\/coparmexjal.org.mx\\\/entorno-empresarial\\\/the-chance-2025\\\/\",\"url\":\"https:\\\/\\\/coparmexjal.org.mx\\\/entorno-empresarial\\\/the-chance-2025\\\/\",\"name\":\"The Chance 2025 revela a los 20 emprendedores finalistas\",\"isPartOf\":{\"@id\":\"https:\\\/\\\/coparmexjal.org.mx\\\/entorno-empresarial\\\/#website\"},\"primaryImageOfPage\":{\"@id\":\"https:\\\/\\\/coparmexjal.org.mx\\\/entorno-empresarial\\\/the-chance-2025\\\/#primaryimage\"},\"image\":{\"@id\":\"https:\\\/\\\/coparmexjal.org.mx\\\/entorno-empresarial\\\/the-chance-2025\\\/#primaryimage\"},\"thumbnailUrl\":\"https:\\\/\\\/coparmexjal.org.mx\\\/entorno-empresarial\\\/wp-content\\\/uploads\\\/2025\\\/06\\\/the-chance-2025-header.jpg\",\"datePublished\":\"2025-06-11T04:18:00+00:00\",\"dateModified\":\"2025-06-11T23:27:26+00:00\",\"description\":\"The Chance 2025 presenta a los 20 proyectos que competir\u00e1n por el Premio Emprendedor Coparmex Jalisco y $150,000 en premios.\",\"breadcrumb\":{\"@id\":\"https:\\\/\\\/coparmexjal.org.mx\\\/entorno-empresarial\\\/the-chance-2025\\\/#breadcrumb\"},\"inLanguage\":\"es\",\"potentialAction\":[{\"@type\":\"ReadAction\",\"target\":[\"https:\\\/\\\/coparmexjal.org.mx\\\/entorno-empresarial\\\/the-chance-2025\\\/\"]}]},{\"@type\":\"ImageObject\",\"inLanguage\":\"es\",\"@id\":\"https:\\\/\\\/coparmexjal.org.mx\\\/entorno-empresarial\\\/the-chance-2025\\\/#primaryimage\",\"url\":\"https:\\\/\\\/coparmexjal.org.mx\\\/entorno-empresarial\\\/wp-content\\\/uploads\\\/2025\\\/06\\\/the-chance-2025-header.jpg\",\"contentUrl\":\"https:\\\/\\\/coparmexjal.org.mx\\\/entorno-empresarial\\\/wp-content\\\/uploads\\\/2025\\\/06\\\/the-chance-2025-header.jpg\",\"width\":1080,\"height\":719},{\"@type\":\"BreadcrumbList\",\"@id\":\"https:\\\/\\\/coparmexjal.org.mx\\\/entorno-empresarial\\\/the-chance-2025\\\/#breadcrumb\",\"itemListElement\":[{\"@type\":\"ListItem\",\"position\":1,\"name\":\"Inicio\",\"item\":\"https:\\\/\\\/coparmexjal.org.mx\\\/entorno-empresarial\\\/\"},{\"@type\":\"ListItem\",\"position\":2,\"name\":\"Se revelan finalistas del Premio Emprendedor en The Chance 2025\"}]},{\"@type\":\"WebSite\",\"@id\":\"https:\\\/\\\/coparmexjal.org.mx\\\/entorno-empresarial\\\/#website\",\"url\":\"https:\\\/\\\/coparmexjal.org.mx\\\/entorno-empresarial\\\/\",\"name\":\"Revista Entorno Empresarial\",\"description\":\"Coparmex Jalisco\",\"publisher\":{\"@id\":\"https:\\\/\\\/coparmexjal.org.mx\\\/entorno-empresarial\\\/#organization\"},\"potentialAction\":[{\"@type\":\"SearchAction\",\"target\":{\"@type\":\"EntryPoint\",\"urlTemplate\":\"https:\\\/\\\/coparmexjal.org.mx\\\/entorno-empresarial\\\/?s={search_term_string}\"},\"query-input\":{\"@type\":\"PropertyValueSpecification\",\"valueRequired\":true,\"valueName\":\"search_term_string\"}}],\"inLanguage\":\"es\"},{\"@type\":\"Organization\",\"@id\":\"https:\\\/\\\/coparmexjal.org.mx\\\/entorno-empresarial\\\/#organization\",\"name\":\"Coparmex Jalisco\",\"url\":\"https:\\\/\\\/coparmexjal.org.mx\\\/entorno-empresarial\\\/\",\"logo\":{\"@type\":\"ImageObject\",\"inLanguage\":\"es\",\"@id\":\"https:\\\/\\\/coparmexjal.org.mx\\\/entorno-empresarial\\\/#\\\/schema\\\/logo\\\/image\\\/\",\"url\":\"https:\\\/\\\/coparmexjal.org.mx\\\/entorno-empresarial\\\/wp-content\\\/uploads\\\/2020\\\/02\\\/logo-amp.png\",\"contentUrl\":\"https:\\\/\\\/coparmexjal.org.mx\\\/entorno-empresarial\\\/wp-content\\\/uploads\\\/2020\\\/02\\\/logo-amp.png\",\"width\":120,\"height\":90,\"caption\":\"Coparmex Jalisco\"},\"image\":{\"@id\":\"https:\\\/\\\/coparmexjal.org.mx\\\/entorno-empresarial\\\/#\\\/schema\\\/logo\\\/image\\\/\"},\"sameAs\":[\"https:\\\/\\\/facebook.com\\\/comcoparmex\",\"https:\\\/\\\/x.com\\\/comcoparmex\",\"http:\\\/\\\/instagram.com\\\/coparmexjalisco\",\"https:\\\/\\\/mx.linkedin.com\\\/company\\\/coparmex-jalisco\",\"https:\\\/\\\/www.youtube.com\\\/c\\\/CoparmexJaliscomx\"]},{\"@type\":\"Person\",\"@id\":\"https:\\\/\\\/coparmexjal.org.mx\\\/entorno-empresarial\\\/#\\\/schema\\\/person\\\/7d1d56a9587bfb3a725cd3dbfbdb9d44\",\"name\":\"Coparmex Jalisco\",\"image\":{\"@type\":\"ImageObject\",\"inLanguage\":\"es\",\"@id\":\"https:\\\/\\\/coparmexjal.org.mx\\\/entorno-empresarial\\\/wp-content\\\/uploads\\\/2020\\\/06\\\/favicon-150x133.png\",\"url\":\"https:\\\/\\\/coparmexjal.org.mx\\\/entorno-empresarial\\\/wp-content\\\/uploads\\\/2020\\\/06\\\/favicon-150x133.png\",\"contentUrl\":\"https:\\\/\\\/coparmexjal.org.mx\\\/entorno-empresarial\\\/wp-content\\\/uploads\\\/2020\\\/06\\\/favicon-150x133.png\",\"caption\":\"Coparmex Jalisco\"},\"url\":\"https:\\\/\\\/coparmexjal.org.mx\\\/entorno-empresarial\\\/author\\\/coparmexjalisco\\\/\"}]}<\/script>\n<!-- \/ Yoast SEO plugin. -->","yoast_head_json":{"title":"The Chance 2025 revela a los 20 emprendedores finalistas","description":"The Chance 2025 presenta a los 20 proyectos que competir\u00e1n por el Premio Emprendedor Coparmex Jalisco y $150,000 en premios.","robots":{"index":"index","follow":"follow","max-snippet":"max-snippet:-1","max-image-preview":"max-image-preview:large","max-video-preview":"max-video-preview:-1"},"canonical":"https:\/\/coparmexjal.org.mx\/entorno-empresarial\/the-chance-2025\/","og_locale":"es_MX","og_type":"article","og_title":"The Chance 2025 revela a los 20 emprendedores finalistas","og_description":"The Chance 2025 presenta a los 20 proyectos que competir\u00e1n por el Premio Emprendedor Coparmex Jalisco y $150,000 en premios.","og_url":"https:\/\/coparmexjal.org.mx\/entorno-empresarial\/the-chance-2025\/","og_site_name":"Entorno Empresarial","article_publisher":"https:\/\/facebook.com\/comcoparmex","article_published_time":"2025-06-11T04:18:00+00:00","article_modified_time":"2025-06-11T23:27:26+00:00","og_image":[{"width":1080,"height":719,"url":"https:\/\/coparmexjal.org.mx\/entorno-empresarial\/wp-content\/uploads\/2025\/06\/the-chance-2025-header.jpg","type":"image\/jpeg"}],"author":"Coparmex Jalisco","twitter_card":"summary_large_image","twitter_creator":"@comcoparmex","twitter_site":"@comcoparmex","twitter_misc":{"Escrito por":"Coparmex Jalisco","Tiempo de lectura":"3 minutos"},"schema":{"@context":"https:\/\/schema.org","@graph":[{"@type":"Article","@id":"https:\/\/coparmexjal.org.mx\/entorno-empresarial\/the-chance-2025\/#article","isPartOf":{"@id":"https:\/\/coparmexjal.org.mx\/entorno-empresarial\/the-chance-2025\/"},"author":{"name":"Coparmex Jalisco","@id":"https:\/\/coparmexjal.org.mx\/entorno-empresarial\/#\/schema\/person\/7d1d56a9587bfb3a725cd3dbfbdb9d44"},"headline":"Se revelan finalistas del Premio Emprendedor en The Chance 2025","datePublished":"2025-06-11T04:18:00+00:00","dateModified":"2025-06-11T23:27:26+00:00","mainEntityOfPage":{"@id":"https:\/\/coparmexjal.org.mx\/entorno-empresarial\/the-chance-2025\/"},"wordCount":595,"commentCount":0,"publisher":{"@id":"https:\/\/coparmexjal.org.mx\/entorno-empresarial\/#organization"},"image":{"@id":"https:\/\/coparmexjal.org.mx\/entorno-empresarial\/the-chance-2025\/#primaryimage"},"thumbnailUrl":"https:\/\/coparmexjal.org.mx\/entorno-empresarial\/wp-content\/uploads\/2025\/06\/the-chance-2025-header.jpg","keywords":["coparmex jalisco","Emprendedores Jalisco","emprendimiento","empresas padrino","Premio Emprendedor"],"articleSection":["Emprende"],"inLanguage":"es","potentialAction":[{"@type":"CommentAction","name":"Comment","target":["https:\/\/coparmexjal.org.mx\/entorno-empresarial\/the-chance-2025\/#respond"]}]},{"@type":"WebPage","@id":"https:\/\/coparmexjal.org.mx\/entorno-empresarial\/the-chance-2025\/","url":"https:\/\/coparmexjal.org.mx\/entorno-empresarial\/the-chance-2025\/","name":"The Chance 2025 revela a los 20 emprendedores finalistas","isPartOf":{"@id":"https:\/\/coparmexjal.org.mx\/entorno-empresarial\/#website"},"primaryImageOfPage":{"@id":"https:\/\/coparmexjal.org.mx\/entorno-empresarial\/the-chance-2025\/#primaryimage"},"image":{"@id":"https:\/\/coparmexjal.org.mx\/entorno-empresarial\/the-chance-2025\/#primaryimage"},"thumbnailUrl":"https:\/\/coparmexjal.org.mx\/entorno-empresarial\/wp-content\/uploads\/2025\/06\/the-chance-2025-header.jpg","datePublished":"2025-06-11T04:18:00+00:00","dateModified":"2025-06-11T23:27:26+00:00","description":"The Chance 2025 presenta a los 20 proyectos que competir\u00e1n por el Premio Emprendedor Coparmex Jalisco y $150,000 en premios.","breadcrumb":{"@id":"https:\/\/coparmexjal.org.mx\/entorno-empresarial\/the-chance-2025\/#breadcrumb"},"inLanguage":"es","potentialAction":[{"@type":"ReadAction","target":["https:\/\/coparmexjal.org.mx\/entorno-empresarial\/the-chance-2025\/"]}]},{"@type":"ImageObject","inLanguage":"es","@id":"https:\/\/coparmexjal.org.mx\/entorno-empresarial\/the-chance-2025\/#primaryimage","url":"https:\/\/coparmexjal.org.mx\/entorno-empresarial\/wp-content\/uploads\/2025\/06\/the-chance-2025-header.jpg","contentUrl":"https:\/\/coparmexjal.org.mx\/entorno-empresarial\/wp-content\/uploads\/2025\/06\/the-chance-2025-header.jpg","width":1080,"height":719},{"@type":"BreadcrumbList","@id":"https:\/\/coparmexjal.org.mx\/entorno-empresarial\/the-chance-2025\/#breadcrumb","itemListElement":[{"@type":"ListItem","position":1,"name":"Inicio","item":"https:\/\/coparmexjal.org.mx\/entorno-empresarial\/"},{"@type":"ListItem","position":2,"name":"Se revelan finalistas del Premio Emprendedor en The Chance 2025"}]},{"@type":"WebSite","@id":"https:\/\/coparmexjal.org.mx\/entorno-empresarial\/#website","url":"https:\/\/coparmexjal.org.mx\/entorno-empresarial\/","name":"Revista Entorno Empresarial","description":"Coparmex Jalisco","publisher":{"@id":"https:\/\/coparmexjal.org.mx\/entorno-empresarial\/#organization"},"potentialAction":[{"@type":"SearchAction","target":{"@type":"EntryPoint","urlTemplate":"https:\/\/coparmexjal.org.mx\/entorno-empresarial\/?s={search_term_string}"},"query-input":{"@type":"PropertyValueSpecification","valueRequired":true,"valueName":"search_term_string"}}],"inLanguage":"es"},{"@type":"Organization","@id":"https:\/\/coparmexjal.org.mx\/entorno-empresarial\/#organization","name":"Coparmex Jalisco","url":"https:\/\/coparmexjal.org.mx\/entorno-empresarial\/","logo":{"@type":"ImageObject","inLanguage":"es","@id":"https:\/\/coparmexjal.org.mx\/entorno-empresarial\/#\/schema\/logo\/image\/","url":"https:\/\/coparmexjal.org.mx\/entorno-empresarial\/wp-content\/uploads\/2020\/02\/logo-amp.png","contentUrl":"https:\/\/coparmexjal.org.mx\/entorno-empresarial\/wp-content\/uploads\/2020\/02\/logo-amp.png","width":120,"height":90,"caption":"Coparmex Jalisco"},"image":{"@id":"https:\/\/coparmexjal.org.mx\/entorno-empresarial\/#\/schema\/logo\/image\/"},"sameAs":["https:\/\/facebook.com\/comcoparmex","https:\/\/x.com\/comcoparmex","http:\/\/instagram.com\/coparmexjalisco","https:\/\/mx.linkedin.com\/company\/coparmex-jalisco","https:\/\/www.youtube.com\/c\/CoparmexJaliscomx"]},{"@type":"Person","@id":"https:\/\/coparmexjal.org.mx\/entorno-empresarial\/#\/schema\/person\/7d1d56a9587bfb3a725cd3dbfbdb9d44","name":"Coparmex Jalisco","image":{"@type":"ImageObject","inLanguage":"es","@id":"https:\/\/coparmexjal.org.mx\/entorno-empresarial\/wp-content\/uploads\/2020\/06\/favicon-150x133.png","url":"https:\/\/coparmexjal.org.mx\/entorno-empresarial\/wp-content\/uploads\/2020\/06\/favicon-150x133.png","contentUrl":"https:\/\/coparmexjal.org.mx\/entorno-empresarial\/wp-content\/uploads\/2020\/06\/favicon-150x133.png","caption":"Coparmex Jalisco"},"url":"https:\/\/coparmexjal.org.mx\/entorno-empresarial\/author\/coparmexjalisco\/"}]}},"_links":{"self":[{"href":"https:\/\/coparmexjal.org.mx\/entorno-empresarial\/wp-json\/wp\/v2\/posts\/7749","targetHints":{"allow":["GET"]}}],"collection":[{"href":"https:\/\/coparmexjal.org.mx\/entorno-empresarial\/wp-json\/wp\/v2\/posts"}],"about":[{"href":"https:\/\/coparmexjal.org.mx\/entorno-empresarial\/wp-json\/wp\/v2\/types\/post"}],"author":[{"embeddable":true,"href":"https:\/\/coparmexjal.org.mx\/entorno-empresarial\/wp-json\/wp\/v2\/users\/2"}],"replies":[{"embeddable":true,"href":"https:\/\/coparmexjal.org.mx\/entorno-empresarial\/wp-json\/wp\/v2\/comments?post=7749"}],"version-history":[{"count":1,"href":"https:\/\/coparmexjal.org.mx\/entorno-empresarial\/wp-json\/wp\/v2\/posts\/7749\/revisions"}],"predecessor-version":[{"id":7752,"href":"https:\/\/coparmexjal.org.mx\/entorno-empresarial\/wp-json\/wp\/v2\/posts\/7749\/revisions\/7752"}],"wp:featuredmedia":[{"embeddable":true,"href":"https:\/\/coparmexjal.org.mx\/entorno-empresarial\/wp-json\/wp\/v2\/media\/7751"}],"wp:attachment":[{"href":"https:\/\/coparmexjal.org.mx\/entorno-empresarial\/wp-json\/wp\/v2\/media?parent=7749"}],"wp:term":[{"taxonomy":"category","embeddable":true,"href":"https:\/\/coparmexjal.org.mx\/entorno-empresarial\/wp-json\/wp\/v2\/categories?post=7749"},{"taxonomy":"post_tag","embeddable":true,"href":"https:\/\/coparmexjal.org.mx\/entorno-empresarial\/wp-json\/wp\/v2\/tags?post=7749"}],"curies":[{"name":"wp","href":"https:\/\/api.w.org\/{rel}","templated":true}]}}