{"id":7746,"date":"2025-06-05T15:00:00","date_gmt":"2025-06-05T21:00:00","guid":{"rendered":"https:\/\/coparmexjal.org.mx\/entorno-empresarial\/?p=7746"},"modified":"2025-06-09T15:59:22","modified_gmt":"2025-06-09T21:59:22","slug":"impacto-fiscal-asambleas","status":"publish","type":"post","link":"https:\/\/coparmexjal.org.mx\/entorno-empresarial\/impacto-fiscal-asambleas\/","title":{"rendered":"Consecuencias por no celebrar asambleas en sociedades mercantiles"},"content":{"rendered":"\n<p>La Ley General de Sociedades Mercantiles (LGSM), obliga a ese tipo de sociedades a celebrar por lo menos una asamblea al a\u00f1o. A pesar de lo anterior, es pr\u00e1ctica bastante com\u00fan en M\u00e9xico, el que las sociedades de esta naturaleza no celebren asambleas hasta en varios a\u00f1os; lo anterior, con la idea de que las leyes mercantiles no establecen ning\u00fan tipo de sanci\u00f3n ante esa inactividad.&nbsp;<\/p>\n\n\n\n<p>Sin embargo, lo \u00faltimo mencionado no es del todo cierto, pues si bien es verdad que no existe ninguna multa o sanci\u00f3n directa por la no celebraci\u00f3n de asambleas, este no actuar si pudiera generar una&nbsp; responsabilidad personal en los administradores; y por otro lado, el art\u00edculo 19 de la LGSM, establece que la distribuci\u00f3n de utilidades s\u00f3lo podr\u00e1 hacerse despu\u00e9s de que los socios o accionistas hayan aprobado los estados financieros.<\/p>\n\n\n\n<p>Luego entonces, lo anterior bastar\u00eda para tratar de cumplir con la obligaci\u00f3n analizada, sin embargo, adicional a las consecuencias citadas, tenemos que en el \u00e1mbito fiscal tambi\u00e9n se producen repercusiones. El C\u00f3digo Fiscal de la Federaci\u00f3n (CFF), en el art\u00edculo 28 establece que, todas las sociedades tienen la obligaci\u00f3n de llevar sus libros corporativos, entre los que se encuentra el libro de asambleas.&nbsp;<\/p>\n\n\n\n<p>Tambi\u00e9n derivado del art\u00edculo 27, apartado B., fracci\u00f3n VI, del CFF, las sociedades est\u00e1n obligadas a presentar aviso a la autoridad fiscal federal, cada que exista una modificaci\u00f3n o incorporaci\u00f3n de socios a dicha persona moral; obligaci\u00f3n que en caso de incumplirse, desde luego traer\u00eda sanciones.<\/p>\n\n\n\n<p>Por otra parte, tenemos que el numeral 172 de la LGSM establece la obligaci\u00f3n de los administradores de una sociedad an\u00f3nima, de presentar anualmente a la asamblea un informe sobre las pol\u00edticas y criterios contables y de preparaci\u00f3n de la informaci\u00f3n financiera.<\/p>\n\n\n\n<p>Y puesto que es la asamblea general la que aprueba los estados financieros de las sociedades, es importante contar con el documento soporte que los aprueba, pues con ello se evitar\u00e1 que las autoridades fiscales pongan en duda que el ingreso de los accionistas es efectivamente un reparto de utilidades y en su caso, dar el tratamiento fiscal adecuado cuando los dividendos o utilidades provengan de la cuenta de utilidad fiscal neta (CUFIN) y no se est\u00e9 obligado al pago del impuesto.<\/p>\n\n\n\n<p>Otra situaci\u00f3n que repercutir\u00eda en el \u00e1mbito fiscal, es el hecho de que ante la falta de celebraci\u00f3n de la asamblea anual, la propia ley dispone que los integrantes de los \u00f3rganos de administraci\u00f3n y vigilancia, seguir\u00e1n en funciones hasta la fecha de designaci\u00f3n de quien habr\u00e1 de sustituirlos; y puesto que en teor\u00eda, es la asamblea de socios quienes determinan los honorarios de los funcionarios, queda el vac\u00edo legal sobre si dichos honorarios siguen deveng\u00e1ndose a pesar de haber concluido el per\u00edodo para el que fueron designados.<\/p>\n\n\n\n<p>Situaci\u00f3n anterior que -como lo anticipamos l\u00edneas atr\u00e1s- trasciende al universo de lo fiscal, ello en virtud de que los honorarios de los funcionarios ya referidos, pudieren considerarse devengados y por ende como obligaciones de pago, las cuales podr\u00edan ser deducibles para efectos del impuesto sobre la renta.<\/p>\n\n\n\n<p>As\u00ed pues, con la finalidad de no tener incertidumbre y posibles contingencias fiscales, se aconseja el celebrar asambleas anuales en las sociedades mercantiles.<\/p>\n","protected":false},"excerpt":{"rendered":"<p>La Ley General de Sociedades Mercantiles (LGSM), obliga a ese tipo de sociedades a celebrar por lo menos una asamblea al a\u00f1o. A pesar de<\/p>\n","protected":false},"author":109,"featured_media":7747,"comment_status":"open","ping_status":"open","sticky":false,"template":"","format":"standard","meta":{"footnotes":""},"categories":[1182],"tags":[1593,1594,1260,832],"class_list":["post-7746","post","type-post","status-publish","format-standard","has-post-thumbnail","hentry","category-fiscal","tag-asambleas-anuales","tag-cumplimiento-legal","tag-obligaciones-fiscales","tag-sociedades-mercantiles"],"yoast_head":"<!-- This site is optimized with the Yoast SEO plugin v27.5 - https:\/\/yoast.com\/product\/yoast-seo-wordpress\/ -->\n<title>Riesgos legales y fiscales por no realizar asambleas societarias<\/title>\n<meta name=\"description\" content=\"Evita sanciones y problemas fiscales. Cumple con la obligaci\u00f3n de celebrar asambleas anuales en tu sociedad mercantil.\" \/>\n<meta name=\"robots\" content=\"index, follow, max-snippet:-1, max-image-preview:large, max-video-preview:-1\" \/>\n<link rel=\"canonical\" href=\"https:\/\/coparmexjal.org.mx\/entorno-empresarial\/impacto-fiscal-asambleas\/\" \/>\n<meta property=\"og:locale\" content=\"es_MX\" \/>\n<meta property=\"og:type\" content=\"article\" \/>\n<meta property=\"og:title\" content=\"Riesgos legales y fiscales por no realizar asambleas societarias\" \/>\n<meta property=\"og:description\" content=\"Evita sanciones y problemas fiscales. Cumple con la obligaci\u00f3n de celebrar asambleas anuales en tu sociedad mercantil.\" \/>\n<meta property=\"og:url\" content=\"https:\/\/coparmexjal.org.mx\/entorno-empresarial\/impacto-fiscal-asambleas\/\" \/>\n<meta property=\"og:site_name\" content=\"Entorno Empresarial\" \/>\n<meta property=\"article:publisher\" content=\"https:\/\/facebook.com\/comcoparmex\" \/>\n<meta property=\"article:published_time\" content=\"2025-06-05T21:00:00+00:00\" \/>\n<meta property=\"article:modified_time\" content=\"2025-06-09T21:59:22+00:00\" \/>\n<meta property=\"og:image\" content=\"https:\/\/coparmexjal.org.mx\/entorno-empresarial\/wp-content\/uploads\/2025\/06\/consecuencias-legales.jpg\" \/>\n\t<meta property=\"og:image:width\" content=\"1422\" \/>\n\t<meta property=\"og:image:height\" content=\"800\" \/>\n\t<meta property=\"og:image:type\" content=\"image\/jpeg\" \/>\n<meta name=\"author\" content=\"C.P.C Francisco Javier Padilla Villarruel\" \/>\n<meta name=\"twitter:card\" content=\"summary_large_image\" \/>\n<meta name=\"twitter:creator\" content=\"@comcoparmex\" \/>\n<meta name=\"twitter:site\" content=\"@comcoparmex\" \/>\n<meta name=\"twitter:label1\" content=\"Escrito por\" \/>\n\t<meta name=\"twitter:data1\" content=\"C.P.C Francisco Javier Padilla Villarruel\" \/>\n\t<meta name=\"twitter:label2\" content=\"Tiempo de lectura\" \/>\n\t<meta name=\"twitter:data2\" content=\"3 minutos\" \/>\n<script type=\"application\/ld+json\" class=\"yoast-schema-graph\">{\"@context\":\"https:\\\/\\\/schema.org\",\"@graph\":[{\"@type\":\"Article\",\"@id\":\"https:\\\/\\\/coparmexjal.org.mx\\\/entorno-empresarial\\\/impacto-fiscal-asambleas\\\/#article\",\"isPartOf\":{\"@id\":\"https:\\\/\\\/coparmexjal.org.mx\\\/entorno-empresarial\\\/impacto-fiscal-asambleas\\\/\"},\"author\":{\"name\":\"C.P.C Francisco Javier Padilla Villarruel\",\"@id\":\"https:\\\/\\\/coparmexjal.org.mx\\\/entorno-empresarial\\\/#\\\/schema\\\/person\\\/5d1cd0d9104ff22e8b16d1eeacc3c05c\"},\"headline\":\"Consecuencias por no celebrar asambleas en sociedades mercantiles\",\"datePublished\":\"2025-06-05T21:00:00+00:00\",\"dateModified\":\"2025-06-09T21:59:22+00:00\",\"mainEntityOfPage\":{\"@id\":\"https:\\\/\\\/coparmexjal.org.mx\\\/entorno-empresarial\\\/impacto-fiscal-asambleas\\\/\"},\"wordCount\":584,\"commentCount\":0,\"publisher\":{\"@id\":\"https:\\\/\\\/coparmexjal.org.mx\\\/entorno-empresarial\\\/#organization\"},\"image\":{\"@id\":\"https:\\\/\\\/coparmexjal.org.mx\\\/entorno-empresarial\\\/impacto-fiscal-asambleas\\\/#primaryimage\"},\"thumbnailUrl\":\"https:\\\/\\\/coparmexjal.org.mx\\\/entorno-empresarial\\\/wp-content\\\/uploads\\\/2025\\\/06\\\/consecuencias-legales.jpg\",\"keywords\":[\"asambleas anuales\",\"cumplimiento legal\",\"obligaciones fiscales\",\"Sociedades Mercantiles\"],\"articleSection\":[\"Fiscal\"],\"inLanguage\":\"es\",\"potentialAction\":[{\"@type\":\"CommentAction\",\"name\":\"Comment\",\"target\":[\"https:\\\/\\\/coparmexjal.org.mx\\\/entorno-empresarial\\\/impacto-fiscal-asambleas\\\/#respond\"]}]},{\"@type\":\"WebPage\",\"@id\":\"https:\\\/\\\/coparmexjal.org.mx\\\/entorno-empresarial\\\/impacto-fiscal-asambleas\\\/\",\"url\":\"https:\\\/\\\/coparmexjal.org.mx\\\/entorno-empresarial\\\/impacto-fiscal-asambleas\\\/\",\"name\":\"Riesgos legales y fiscales por no realizar asambleas societarias\",\"isPartOf\":{\"@id\":\"https:\\\/\\\/coparmexjal.org.mx\\\/entorno-empresarial\\\/#website\"},\"primaryImageOfPage\":{\"@id\":\"https:\\\/\\\/coparmexjal.org.mx\\\/entorno-empresarial\\\/impacto-fiscal-asambleas\\\/#primaryimage\"},\"image\":{\"@id\":\"https:\\\/\\\/coparmexjal.org.mx\\\/entorno-empresarial\\\/impacto-fiscal-asambleas\\\/#primaryimage\"},\"thumbnailUrl\":\"https:\\\/\\\/coparmexjal.org.mx\\\/entorno-empresarial\\\/wp-content\\\/uploads\\\/2025\\\/06\\\/consecuencias-legales.jpg\",\"datePublished\":\"2025-06-05T21:00:00+00:00\",\"dateModified\":\"2025-06-09T21:59:22+00:00\",\"description\":\"Evita sanciones y problemas fiscales. Cumple con la obligaci\u00f3n de celebrar asambleas anuales en tu sociedad mercantil.\",\"breadcrumb\":{\"@id\":\"https:\\\/\\\/coparmexjal.org.mx\\\/entorno-empresarial\\\/impacto-fiscal-asambleas\\\/#breadcrumb\"},\"inLanguage\":\"es\",\"potentialAction\":[{\"@type\":\"ReadAction\",\"target\":[\"https:\\\/\\\/coparmexjal.org.mx\\\/entorno-empresarial\\\/impacto-fiscal-asambleas\\\/\"]}]},{\"@type\":\"ImageObject\",\"inLanguage\":\"es\",\"@id\":\"https:\\\/\\\/coparmexjal.org.mx\\\/entorno-empresarial\\\/impacto-fiscal-asambleas\\\/#primaryimage\",\"url\":\"https:\\\/\\\/coparmexjal.org.mx\\\/entorno-empresarial\\\/wp-content\\\/uploads\\\/2025\\\/06\\\/consecuencias-legales.jpg\",\"contentUrl\":\"https:\\\/\\\/coparmexjal.org.mx\\\/entorno-empresarial\\\/wp-content\\\/uploads\\\/2025\\\/06\\\/consecuencias-legales.jpg\",\"width\":1422,\"height\":800,\"caption\":\"Group of business people discussing valuation of real estate with executive leader at a modern office\"},{\"@type\":\"BreadcrumbList\",\"@id\":\"https:\\\/\\\/coparmexjal.org.mx\\\/entorno-empresarial\\\/impacto-fiscal-asambleas\\\/#breadcrumb\",\"itemListElement\":[{\"@type\":\"ListItem\",\"position\":1,\"name\":\"Inicio\",\"item\":\"https:\\\/\\\/coparmexjal.org.mx\\\/entorno-empresarial\\\/\"},{\"@type\":\"ListItem\",\"position\":2,\"name\":\"Consecuencias por no celebrar asambleas en sociedades mercantiles\"}]},{\"@type\":\"WebSite\",\"@id\":\"https:\\\/\\\/coparmexjal.org.mx\\\/entorno-empresarial\\\/#website\",\"url\":\"https:\\\/\\\/coparmexjal.org.mx\\\/entorno-empresarial\\\/\",\"name\":\"Revista Entorno Empresarial\",\"description\":\"Coparmex Jalisco\",\"publisher\":{\"@id\":\"https:\\\/\\\/coparmexjal.org.mx\\\/entorno-empresarial\\\/#organization\"},\"potentialAction\":[{\"@type\":\"SearchAction\",\"target\":{\"@type\":\"EntryPoint\",\"urlTemplate\":\"https:\\\/\\\/coparmexjal.org.mx\\\/entorno-empresarial\\\/?s={search_term_string}\"},\"query-input\":{\"@type\":\"PropertyValueSpecification\",\"valueRequired\":true,\"valueName\":\"search_term_string\"}}],\"inLanguage\":\"es\"},{\"@type\":\"Organization\",\"@id\":\"https:\\\/\\\/coparmexjal.org.mx\\\/entorno-empresarial\\\/#organization\",\"name\":\"Coparmex Jalisco\",\"url\":\"https:\\\/\\\/coparmexjal.org.mx\\\/entorno-empresarial\\\/\",\"logo\":{\"@type\":\"ImageObject\",\"inLanguage\":\"es\",\"@id\":\"https:\\\/\\\/coparmexjal.org.mx\\\/entorno-empresarial\\\/#\\\/schema\\\/logo\\\/image\\\/\",\"url\":\"https:\\\/\\\/coparmexjal.org.mx\\\/entorno-empresarial\\\/wp-content\\\/uploads\\\/2020\\\/02\\\/logo-amp.png\",\"contentUrl\":\"https:\\\/\\\/coparmexjal.org.mx\\\/entorno-empresarial\\\/wp-content\\\/uploads\\\/2020\\\/02\\\/logo-amp.png\",\"width\":120,\"height\":90,\"caption\":\"Coparmex Jalisco\"},\"image\":{\"@id\":\"https:\\\/\\\/coparmexjal.org.mx\\\/entorno-empresarial\\\/#\\\/schema\\\/logo\\\/image\\\/\"},\"sameAs\":[\"https:\\\/\\\/facebook.com\\\/comcoparmex\",\"https:\\\/\\\/x.com\\\/comcoparmex\",\"http:\\\/\\\/instagram.com\\\/coparmexjalisco\",\"https:\\\/\\\/mx.linkedin.com\\\/company\\\/coparmex-jalisco\",\"https:\\\/\\\/www.youtube.com\\\/c\\\/CoparmexJaliscomx\"]},{\"@type\":\"Person\",\"@id\":\"https:\\\/\\\/coparmexjal.org.mx\\\/entorno-empresarial\\\/#\\\/schema\\\/person\\\/5d1cd0d9104ff22e8b16d1eeacc3c05c\",\"name\":\"C.P.C Francisco Javier Padilla Villarruel\",\"image\":{\"@type\":\"ImageObject\",\"inLanguage\":\"es\",\"@id\":\"https:\\\/\\\/secure.gravatar.com\\\/avatar\\\/88c7b88702ad238f80869c446fb40ea158de53d03bc784568690ff83566dfff8?s=96&d=mm&r=g\",\"url\":\"https:\\\/\\\/secure.gravatar.com\\\/avatar\\\/88c7b88702ad238f80869c446fb40ea158de53d03bc784568690ff83566dfff8?s=96&d=mm&r=g\",\"contentUrl\":\"https:\\\/\\\/secure.gravatar.com\\\/avatar\\\/88c7b88702ad238f80869c446fb40ea158de53d03bc784568690ff83566dfff8?s=96&d=mm&r=g\",\"caption\":\"C.P.C Francisco Javier Padilla Villarruel\"},\"url\":\"https:\\\/\\\/coparmexjal.org.mx\\\/entorno-empresarial\\\/author\\\/francisco-javier-padilla-villarruel\\\/\"}]}<\/script>\n<!-- \/ Yoast SEO plugin. -->","yoast_head_json":{"title":"Riesgos legales y fiscales por no realizar asambleas societarias","description":"Evita sanciones y problemas fiscales. Cumple con la obligaci\u00f3n de celebrar asambleas anuales en tu sociedad mercantil.","robots":{"index":"index","follow":"follow","max-snippet":"max-snippet:-1","max-image-preview":"max-image-preview:large","max-video-preview":"max-video-preview:-1"},"canonical":"https:\/\/coparmexjal.org.mx\/entorno-empresarial\/impacto-fiscal-asambleas\/","og_locale":"es_MX","og_type":"article","og_title":"Riesgos legales y fiscales por no realizar asambleas societarias","og_description":"Evita sanciones y problemas fiscales. Cumple con la obligaci\u00f3n de celebrar asambleas anuales en tu sociedad mercantil.","og_url":"https:\/\/coparmexjal.org.mx\/entorno-empresarial\/impacto-fiscal-asambleas\/","og_site_name":"Entorno Empresarial","article_publisher":"https:\/\/facebook.com\/comcoparmex","article_published_time":"2025-06-05T21:00:00+00:00","article_modified_time":"2025-06-09T21:59:22+00:00","og_image":[{"width":1422,"height":800,"url":"https:\/\/coparmexjal.org.mx\/entorno-empresarial\/wp-content\/uploads\/2025\/06\/consecuencias-legales.jpg","type":"image\/jpeg"}],"author":"C.P.C Francisco Javier Padilla Villarruel","twitter_card":"summary_large_image","twitter_creator":"@comcoparmex","twitter_site":"@comcoparmex","twitter_misc":{"Escrito por":"C.P.C Francisco Javier Padilla Villarruel","Tiempo de lectura":"3 minutos"},"schema":{"@context":"https:\/\/schema.org","@graph":[{"@type":"Article","@id":"https:\/\/coparmexjal.org.mx\/entorno-empresarial\/impacto-fiscal-asambleas\/#article","isPartOf":{"@id":"https:\/\/coparmexjal.org.mx\/entorno-empresarial\/impacto-fiscal-asambleas\/"},"author":{"name":"C.P.C Francisco Javier Padilla Villarruel","@id":"https:\/\/coparmexjal.org.mx\/entorno-empresarial\/#\/schema\/person\/5d1cd0d9104ff22e8b16d1eeacc3c05c"},"headline":"Consecuencias por no celebrar asambleas en sociedades mercantiles","datePublished":"2025-06-05T21:00:00+00:00","dateModified":"2025-06-09T21:59:22+00:00","mainEntityOfPage":{"@id":"https:\/\/coparmexjal.org.mx\/entorno-empresarial\/impacto-fiscal-asambleas\/"},"wordCount":584,"commentCount":0,"publisher":{"@id":"https:\/\/coparmexjal.org.mx\/entorno-empresarial\/#organization"},"image":{"@id":"https:\/\/coparmexjal.org.mx\/entorno-empresarial\/impacto-fiscal-asambleas\/#primaryimage"},"thumbnailUrl":"https:\/\/coparmexjal.org.mx\/entorno-empresarial\/wp-content\/uploads\/2025\/06\/consecuencias-legales.jpg","keywords":["asambleas anuales","cumplimiento legal","obligaciones fiscales","Sociedades Mercantiles"],"articleSection":["Fiscal"],"inLanguage":"es","potentialAction":[{"@type":"CommentAction","name":"Comment","target":["https:\/\/coparmexjal.org.mx\/entorno-empresarial\/impacto-fiscal-asambleas\/#respond"]}]},{"@type":"WebPage","@id":"https:\/\/coparmexjal.org.mx\/entorno-empresarial\/impacto-fiscal-asambleas\/","url":"https:\/\/coparmexjal.org.mx\/entorno-empresarial\/impacto-fiscal-asambleas\/","name":"Riesgos legales y fiscales por no realizar asambleas societarias","isPartOf":{"@id":"https:\/\/coparmexjal.org.mx\/entorno-empresarial\/#website"},"primaryImageOfPage":{"@id":"https:\/\/coparmexjal.org.mx\/entorno-empresarial\/impacto-fiscal-asambleas\/#primaryimage"},"image":{"@id":"https:\/\/coparmexjal.org.mx\/entorno-empresarial\/impacto-fiscal-asambleas\/#primaryimage"},"thumbnailUrl":"https:\/\/coparmexjal.org.mx\/entorno-empresarial\/wp-content\/uploads\/2025\/06\/consecuencias-legales.jpg","datePublished":"2025-06-05T21:00:00+00:00","dateModified":"2025-06-09T21:59:22+00:00","description":"Evita sanciones y problemas fiscales. Cumple con la obligaci\u00f3n de celebrar asambleas anuales en tu sociedad mercantil.","breadcrumb":{"@id":"https:\/\/coparmexjal.org.mx\/entorno-empresarial\/impacto-fiscal-asambleas\/#breadcrumb"},"inLanguage":"es","potentialAction":[{"@type":"ReadAction","target":["https:\/\/coparmexjal.org.mx\/entorno-empresarial\/impacto-fiscal-asambleas\/"]}]},{"@type":"ImageObject","inLanguage":"es","@id":"https:\/\/coparmexjal.org.mx\/entorno-empresarial\/impacto-fiscal-asambleas\/#primaryimage","url":"https:\/\/coparmexjal.org.mx\/entorno-empresarial\/wp-content\/uploads\/2025\/06\/consecuencias-legales.jpg","contentUrl":"https:\/\/coparmexjal.org.mx\/entorno-empresarial\/wp-content\/uploads\/2025\/06\/consecuencias-legales.jpg","width":1422,"height":800,"caption":"Group of business people discussing valuation of real estate with executive leader at a modern office"},{"@type":"BreadcrumbList","@id":"https:\/\/coparmexjal.org.mx\/entorno-empresarial\/impacto-fiscal-asambleas\/#breadcrumb","itemListElement":[{"@type":"ListItem","position":1,"name":"Inicio","item":"https:\/\/coparmexjal.org.mx\/entorno-empresarial\/"},{"@type":"ListItem","position":2,"name":"Consecuencias por no celebrar asambleas en sociedades mercantiles"}]},{"@type":"WebSite","@id":"https:\/\/coparmexjal.org.mx\/entorno-empresarial\/#website","url":"https:\/\/coparmexjal.org.mx\/entorno-empresarial\/","name":"Revista Entorno Empresarial","description":"Coparmex Jalisco","publisher":{"@id":"https:\/\/coparmexjal.org.mx\/entorno-empresarial\/#organization"},"potentialAction":[{"@type":"SearchAction","target":{"@type":"EntryPoint","urlTemplate":"https:\/\/coparmexjal.org.mx\/entorno-empresarial\/?s={search_term_string}"},"query-input":{"@type":"PropertyValueSpecification","valueRequired":true,"valueName":"search_term_string"}}],"inLanguage":"es"},{"@type":"Organization","@id":"https:\/\/coparmexjal.org.mx\/entorno-empresarial\/#organization","name":"Coparmex Jalisco","url":"https:\/\/coparmexjal.org.mx\/entorno-empresarial\/","logo":{"@type":"ImageObject","inLanguage":"es","@id":"https:\/\/coparmexjal.org.mx\/entorno-empresarial\/#\/schema\/logo\/image\/","url":"https:\/\/coparmexjal.org.mx\/entorno-empresarial\/wp-content\/uploads\/2020\/02\/logo-amp.png","contentUrl":"https:\/\/coparmexjal.org.mx\/entorno-empresarial\/wp-content\/uploads\/2020\/02\/logo-amp.png","width":120,"height":90,"caption":"Coparmex Jalisco"},"image":{"@id":"https:\/\/coparmexjal.org.mx\/entorno-empresarial\/#\/schema\/logo\/image\/"},"sameAs":["https:\/\/facebook.com\/comcoparmex","https:\/\/x.com\/comcoparmex","http:\/\/instagram.com\/coparmexjalisco","https:\/\/mx.linkedin.com\/company\/coparmex-jalisco","https:\/\/www.youtube.com\/c\/CoparmexJaliscomx"]},{"@type":"Person","@id":"https:\/\/coparmexjal.org.mx\/entorno-empresarial\/#\/schema\/person\/5d1cd0d9104ff22e8b16d1eeacc3c05c","name":"C.P.C Francisco Javier Padilla Villarruel","image":{"@type":"ImageObject","inLanguage":"es","@id":"https:\/\/secure.gravatar.com\/avatar\/88c7b88702ad238f80869c446fb40ea158de53d03bc784568690ff83566dfff8?s=96&d=mm&r=g","url":"https:\/\/secure.gravatar.com\/avatar\/88c7b88702ad238f80869c446fb40ea158de53d03bc784568690ff83566dfff8?s=96&d=mm&r=g","contentUrl":"https:\/\/secure.gravatar.com\/avatar\/88c7b88702ad238f80869c446fb40ea158de53d03bc784568690ff83566dfff8?s=96&d=mm&r=g","caption":"C.P.C Francisco Javier Padilla Villarruel"},"url":"https:\/\/coparmexjal.org.mx\/entorno-empresarial\/author\/francisco-javier-padilla-villarruel\/"}]}},"_links":{"self":[{"href":"https:\/\/coparmexjal.org.mx\/entorno-empresarial\/wp-json\/wp\/v2\/posts\/7746","targetHints":{"allow":["GET"]}}],"collection":[{"href":"https:\/\/coparmexjal.org.mx\/entorno-empresarial\/wp-json\/wp\/v2\/posts"}],"about":[{"href":"https:\/\/coparmexjal.org.mx\/entorno-empresarial\/wp-json\/wp\/v2\/types\/post"}],"author":[{"embeddable":true,"href":"https:\/\/coparmexjal.org.mx\/entorno-empresarial\/wp-json\/wp\/v2\/users\/109"}],"replies":[{"embeddable":true,"href":"https:\/\/coparmexjal.org.mx\/entorno-empresarial\/wp-json\/wp\/v2\/comments?post=7746"}],"version-history":[{"count":1,"href":"https:\/\/coparmexjal.org.mx\/entorno-empresarial\/wp-json\/wp\/v2\/posts\/7746\/revisions"}],"predecessor-version":[{"id":7748,"href":"https:\/\/coparmexjal.org.mx\/entorno-empresarial\/wp-json\/wp\/v2\/posts\/7746\/revisions\/7748"}],"wp:featuredmedia":[{"embeddable":true,"href":"https:\/\/coparmexjal.org.mx\/entorno-empresarial\/wp-json\/wp\/v2\/media\/7747"}],"wp:attachment":[{"href":"https:\/\/coparmexjal.org.mx\/entorno-empresarial\/wp-json\/wp\/v2\/media?parent=7746"}],"wp:term":[{"taxonomy":"category","embeddable":true,"href":"https:\/\/coparmexjal.org.mx\/entorno-empresarial\/wp-json\/wp\/v2\/categories?post=7746"},{"taxonomy":"post_tag","embeddable":true,"href":"https:\/\/coparmexjal.org.mx\/entorno-empresarial\/wp-json\/wp\/v2\/tags?post=7746"}],"curies":[{"name":"wp","href":"https:\/\/api.w.org\/{rel}","templated":true}]}}