{"id":7738,"date":"2025-05-30T16:48:44","date_gmt":"2025-05-30T22:48:44","guid":{"rendered":"https:\/\/coparmexjal.org.mx\/entorno-empresarial\/?p=7738"},"modified":"2025-05-30T16:48:45","modified_gmt":"2025-05-30T22:48:45","slug":"foro-del-agua","status":"publish","type":"post","link":"https:\/\/coparmexjal.org.mx\/entorno-empresarial\/foro-del-agua\/","title":{"rendered":"El futuro en el cuidado del agua es compromiso de Coparmex Jalisco"},"content":{"rendered":"\n<ul class=\"wp-block-list\">\n<li>Foro del Agua reuni\u00f3 a l\u00edderes clave para mejorar la gesti\u00f3n h\u00eddrica del estado<\/li>\n<\/ul>\n\n\n\n<ul class=\"wp-block-list\">\n<li>Encuentro entre sector p\u00fablico, privado y academia para reflexionar sobre los retos del agua y proponer soluciones sostenibles.<\/li>\n<\/ul>\n\n\n\n<p>En el marco de las Juntas Mensuales, Coparmex Jalisco llev\u00f3 a cabo con \u00e9xito su Foro del Agua, con el objetivo de generar un espacio de reflexi\u00f3n sobre los desaf\u00edos y oportunidades en la gesti\u00f3n h\u00eddrica del estado. La actividad reuni\u00f3 a actores estrat\u00e9gicos del sector p\u00fablico, privado y acad\u00e9mico, subrayando la necesidad urgente de sinergias colaborativas frente a la crisis h\u00eddrica que enfrenta Jalisco.<\/p>\n\n\n\n<p>Durante el evento se reconocieron los avances y aprendizajes derivados de programas como AL-INVEST Verde, enfocado en pr\u00e1cticas empresariales sostenibles, as\u00ed como el desarrollo de Green Pulse, un evento en el que las empresas jaliscienses se preparan para adoptar pr\u00e1cticas m\u00e1s amigables con el medio ambiente.<\/p>\n\n\n\n<p>Se cont\u00f3 con la participaci\u00f3n de Santiago Orendain de Obseo, Vicepresidente de Coparmex Jalisco y Presidente del eje de Impacto Social, de Gustavo Arag\u00f3n, Presidente de la Comisi\u00f3n de Sostenibilidad, as\u00ed como de Antonio Ju\u00e1rez (SIAPA Guadalajara) y Ernesto Marroqu\u00edn \u00c1lvarez (Secretario de Gesti\u00f3n Integral del Agua) como invitados, quienes compartieron diagn\u00f3sticos, propuestas de pol\u00edtica p\u00fablica y llamados a la acci\u00f3n conjunta.<\/p>\n\n\n\n<p>\u201cEn Coparmex Jalisco creemos que el futuro del desarrollo econ\u00f3mico pasa por el uso responsable de los recursos naturales. El agua es uno de los m\u00e1s cr\u00edticos y requiere decisiones informadas, colaboraci\u00f3n activa y compromiso de todos los sectores\u201d, se\u00f1al\u00f3 Santiago Orendain de Obeso, Vicepresidente de Coparmex Jalisco y Presidente del eje de Impacto Social.<\/p>\n\n\n\n<p>En palabras de Ernesto Marroqu\u00edn \u00c1lvarez, Secretario de Gesti\u00f3n Integral del Agua:<\/p>\n\n\n\n<p>\u201cVamos a estar trabajando con los municipios en 49 acciones de saneamiento, tratamiento y distribuci\u00f3n. Haciendo plantas m\u00e1s eficientes para asegurar las fuentes de abastecimiento por lo pronto para el tema agr\u00edcola e industrial. Adem\u00e1s de ampliar y modernizar plantas cerca de la ribera de Chapala\u201d.<\/p>\n\n\n\n<p>Asimismo los asistentes aportaron su visi\u00f3n y dudas sobre las fuentes de suministro, el papel de la eficiencia energ\u00e9tica y las acciones que pueden implementar las empresas para sumar a un mejor aprovechamiento del agua.<\/p>\n\n\n\n<p>En su intervenci\u00f3n Antonio Ju\u00e1rez, Director General del SIAPA mencion\u00f3:<\/p>\n\n\n\n<p>\u201cSomos un \u00f3rgano autorregulado fuera del gobierno, por eso contamos con metas de eficiencia comercial, debemos adaptarnos a precios de mercados internacionales y hacer la recaudaci\u00f3n\u201d.<\/p>\n\n\n\n<p>\u201cEl Organismo Operador reitera su compromiso con la prestaci\u00f3n de un servicio eficiente y continuo, pero para lograrlo es fundamental contar con la participaci\u00f3n responsable de quienes hacen uso del servicio. Regularizar su situaci\u00f3n no solo permite la continuidad del servicio, sino que tambi\u00e9n fortalece la operaci\u00f3n del Organismo para seguir respondiendo oportunamente a las necesidades de la ciudadan\u00eda\u201d.<\/p>\n\n\n\n<p>\u201cEl derecho humano al agua no es regalar el agua; es tener un sistema robusto para que no nos falle, si falla el sistema entonces perdemos el derecho humano\u201d.<\/p>\n\n\n\n<p>Con este tipo de foros, desde Coparmex Jalisco reafirmamos nuestro compromiso con el desarrollo sostenible creando conciencia entre la ciudadan\u00eda a trav\u00e9s de las empresas y promoviendo el di\u00e1logo con expertos que brinden soluciones integrales para garantizar agua a todos en el presente, as\u00ed como a las futuras generaciones.<\/p>\n\n\n<div class=\"wp-block-image\">\n<figure class=\"alignleft size-large is-resized\"><img fetchpriority=\"high\" decoding=\"async\" width=\"1024\" height=\"683\" src=\"https:\/\/coparmexjal.org.mx\/entorno-empresarial\/wp-content\/uploads\/2025\/05\/foro-del-agua-2-1024x683.jpg\" alt=\"\" class=\"wp-image-7740\" style=\"width:620px;height:auto\" srcset=\"https:\/\/coparmexjal.org.mx\/entorno-empresarial\/wp-content\/uploads\/2025\/05\/foro-del-agua-2-1024x683.jpg 1024w, https:\/\/coparmexjal.org.mx\/entorno-empresarial\/wp-content\/uploads\/2025\/05\/foro-del-agua-2-300x200.jpg 300w, https:\/\/coparmexjal.org.mx\/entorno-empresarial\/wp-content\/uploads\/2025\/05\/foro-del-agua-2-768x512.jpg 768w, https:\/\/coparmexjal.org.mx\/entorno-empresarial\/wp-content\/uploads\/2025\/05\/foro-del-agua-2.jpg 1200w\" sizes=\"(max-width: 1024px) 100vw, 1024px\" \/><\/figure><\/div>","protected":false},"excerpt":{"rendered":"<p>En el marco de las Juntas Mensuales, Coparmex Jalisco llev\u00f3 a cabo con \u00e9xito su Foro del Agua, con el objetivo de generar un espacio<\/p>\n","protected":false},"author":2,"featured_media":7739,"comment_status":"open","ping_status":"open","sticky":false,"template":"","format":"standard","meta":{"footnotes":""},"categories":[162],"tags":[405,1588,173,1587,1589],"class_list":["post-7738","post","type-post","status-publish","format-standard","has-post-thumbnail","hentry","category-ecologia","tag-coparmex-jalisco","tag-crisis-del-agua","tag-empresas","tag-foro-del-agua","tag-gestion-hidrica"],"yoast_head":"<!-- This site is optimized with the Yoast SEO plugin v27.5 - https:\/\/yoast.com\/product\/yoast-seo-wordpress\/ -->\n<title>Retos del agua en Jalisco: una visi\u00f3n empresarial y p\u00fablica<\/title>\n<meta name=\"description\" content=\"Coparmex Jalisco reuni\u00f3 a l\u00edderes del sector p\u00fablico y privado para buscar soluciones sostenibles a la crisis h\u00eddrica en el estado.\" \/>\n<meta name=\"robots\" content=\"index, follow, max-snippet:-1, max-image-preview:large, max-video-preview:-1\" \/>\n<link rel=\"canonical\" href=\"https:\/\/coparmexjal.org.mx\/entorno-empresarial\/foro-del-agua\/\" \/>\n<meta property=\"og:locale\" content=\"es_MX\" \/>\n<meta property=\"og:type\" content=\"article\" \/>\n<meta property=\"og:title\" content=\"Retos del agua en Jalisco: una visi\u00f3n empresarial y p\u00fablica\" \/>\n<meta property=\"og:description\" content=\"Coparmex Jalisco reuni\u00f3 a l\u00edderes del sector p\u00fablico y privado para buscar soluciones sostenibles a la crisis h\u00eddrica en el estado.\" \/>\n<meta property=\"og:url\" content=\"https:\/\/coparmexjal.org.mx\/entorno-empresarial\/foro-del-agua\/\" \/>\n<meta property=\"og:site_name\" content=\"Entorno Empresarial\" \/>\n<meta property=\"article:publisher\" content=\"https:\/\/facebook.com\/comcoparmex\" \/>\n<meta property=\"article:published_time\" content=\"2025-05-30T22:48:44+00:00\" \/>\n<meta property=\"article:modified_time\" content=\"2025-05-30T22:48:45+00:00\" \/>\n<meta property=\"og:image\" content=\"https:\/\/coparmexjal.org.mx\/entorno-empresarial\/wp-content\/uploads\/2025\/05\/foro-del-agua-1.jpg\" \/>\n\t<meta property=\"og:image:width\" content=\"1200\" \/>\n\t<meta property=\"og:image:height\" content=\"800\" \/>\n\t<meta property=\"og:image:type\" content=\"image\/jpeg\" \/>\n<meta name=\"author\" content=\"Coparmex Jalisco\" \/>\n<meta name=\"twitter:card\" content=\"summary_large_image\" \/>\n<meta name=\"twitter:creator\" content=\"@comcoparmex\" \/>\n<meta name=\"twitter:site\" content=\"@comcoparmex\" \/>\n<meta name=\"twitter:label1\" content=\"Escrito por\" \/>\n\t<meta name=\"twitter:data1\" content=\"Coparmex Jalisco\" \/>\n\t<meta name=\"twitter:label2\" content=\"Tiempo de lectura\" \/>\n\t<meta name=\"twitter:data2\" content=\"3 minutos\" \/>\n<script type=\"application\/ld+json\" class=\"yoast-schema-graph\">{\"@context\":\"https:\\\/\\\/schema.org\",\"@graph\":[{\"@type\":\"Article\",\"@id\":\"https:\\\/\\\/coparmexjal.org.mx\\\/entorno-empresarial\\\/foro-del-agua\\\/#article\",\"isPartOf\":{\"@id\":\"https:\\\/\\\/coparmexjal.org.mx\\\/entorno-empresarial\\\/foro-del-agua\\\/\"},\"author\":{\"name\":\"Coparmex Jalisco\",\"@id\":\"https:\\\/\\\/coparmexjal.org.mx\\\/entorno-empresarial\\\/#\\\/schema\\\/person\\\/7d1d56a9587bfb3a725cd3dbfbdb9d44\"},\"headline\":\"El futuro en el cuidado del agua es compromiso de Coparmex Jalisco\",\"datePublished\":\"2025-05-30T22:48:44+00:00\",\"dateModified\":\"2025-05-30T22:48:45+00:00\",\"mainEntityOfPage\":{\"@id\":\"https:\\\/\\\/coparmexjal.org.mx\\\/entorno-empresarial\\\/foro-del-agua\\\/\"},\"wordCount\":587,\"commentCount\":0,\"publisher\":{\"@id\":\"https:\\\/\\\/coparmexjal.org.mx\\\/entorno-empresarial\\\/#organization\"},\"image\":{\"@id\":\"https:\\\/\\\/coparmexjal.org.mx\\\/entorno-empresarial\\\/foro-del-agua\\\/#primaryimage\"},\"thumbnailUrl\":\"https:\\\/\\\/coparmexjal.org.mx\\\/entorno-empresarial\\\/wp-content\\\/uploads\\\/2025\\\/05\\\/foro-del-agua-1.jpg\",\"keywords\":[\"coparmex jalisco\",\"crisis del agua\",\"empresas\",\"foro del agua\",\"gestion hidrica\"],\"articleSection\":[\"Ecolog\u00eda\"],\"inLanguage\":\"es\",\"potentialAction\":[{\"@type\":\"CommentAction\",\"name\":\"Comment\",\"target\":[\"https:\\\/\\\/coparmexjal.org.mx\\\/entorno-empresarial\\\/foro-del-agua\\\/#respond\"]}]},{\"@type\":\"WebPage\",\"@id\":\"https:\\\/\\\/coparmexjal.org.mx\\\/entorno-empresarial\\\/foro-del-agua\\\/\",\"url\":\"https:\\\/\\\/coparmexjal.org.mx\\\/entorno-empresarial\\\/foro-del-agua\\\/\",\"name\":\"Retos del agua en Jalisco: una visi\u00f3n empresarial y p\u00fablica\",\"isPartOf\":{\"@id\":\"https:\\\/\\\/coparmexjal.org.mx\\\/entorno-empresarial\\\/#website\"},\"primaryImageOfPage\":{\"@id\":\"https:\\\/\\\/coparmexjal.org.mx\\\/entorno-empresarial\\\/foro-del-agua\\\/#primaryimage\"},\"image\":{\"@id\":\"https:\\\/\\\/coparmexjal.org.mx\\\/entorno-empresarial\\\/foro-del-agua\\\/#primaryimage\"},\"thumbnailUrl\":\"https:\\\/\\\/coparmexjal.org.mx\\\/entorno-empresarial\\\/wp-content\\\/uploads\\\/2025\\\/05\\\/foro-del-agua-1.jpg\",\"datePublished\":\"2025-05-30T22:48:44+00:00\",\"dateModified\":\"2025-05-30T22:48:45+00:00\",\"description\":\"Coparmex Jalisco reuni\u00f3 a l\u00edderes del sector p\u00fablico y privado para buscar soluciones sostenibles a la crisis h\u00eddrica en el estado.\",\"breadcrumb\":{\"@id\":\"https:\\\/\\\/coparmexjal.org.mx\\\/entorno-empresarial\\\/foro-del-agua\\\/#breadcrumb\"},\"inLanguage\":\"es\",\"potentialAction\":[{\"@type\":\"ReadAction\",\"target\":[\"https:\\\/\\\/coparmexjal.org.mx\\\/entorno-empresarial\\\/foro-del-agua\\\/\"]}]},{\"@type\":\"ImageObject\",\"inLanguage\":\"es\",\"@id\":\"https:\\\/\\\/coparmexjal.org.mx\\\/entorno-empresarial\\\/foro-del-agua\\\/#primaryimage\",\"url\":\"https:\\\/\\\/coparmexjal.org.mx\\\/entorno-empresarial\\\/wp-content\\\/uploads\\\/2025\\\/05\\\/foro-del-agua-1.jpg\",\"contentUrl\":\"https:\\\/\\\/coparmexjal.org.mx\\\/entorno-empresarial\\\/wp-content\\\/uploads\\\/2025\\\/05\\\/foro-del-agua-1.jpg\",\"width\":1200,\"height\":800},{\"@type\":\"BreadcrumbList\",\"@id\":\"https:\\\/\\\/coparmexjal.org.mx\\\/entorno-empresarial\\\/foro-del-agua\\\/#breadcrumb\",\"itemListElement\":[{\"@type\":\"ListItem\",\"position\":1,\"name\":\"Inicio\",\"item\":\"https:\\\/\\\/coparmexjal.org.mx\\\/entorno-empresarial\\\/\"},{\"@type\":\"ListItem\",\"position\":2,\"name\":\"El futuro en el cuidado del agua es compromiso de Coparmex Jalisco\"}]},{\"@type\":\"WebSite\",\"@id\":\"https:\\\/\\\/coparmexjal.org.mx\\\/entorno-empresarial\\\/#website\",\"url\":\"https:\\\/\\\/coparmexjal.org.mx\\\/entorno-empresarial\\\/\",\"name\":\"Revista Entorno Empresarial\",\"description\":\"Coparmex Jalisco\",\"publisher\":{\"@id\":\"https:\\\/\\\/coparmexjal.org.mx\\\/entorno-empresarial\\\/#organization\"},\"potentialAction\":[{\"@type\":\"SearchAction\",\"target\":{\"@type\":\"EntryPoint\",\"urlTemplate\":\"https:\\\/\\\/coparmexjal.org.mx\\\/entorno-empresarial\\\/?s={search_term_string}\"},\"query-input\":{\"@type\":\"PropertyValueSpecification\",\"valueRequired\":true,\"valueName\":\"search_term_string\"}}],\"inLanguage\":\"es\"},{\"@type\":\"Organization\",\"@id\":\"https:\\\/\\\/coparmexjal.org.mx\\\/entorno-empresarial\\\/#organization\",\"name\":\"Coparmex Jalisco\",\"url\":\"https:\\\/\\\/coparmexjal.org.mx\\\/entorno-empresarial\\\/\",\"logo\":{\"@type\":\"ImageObject\",\"inLanguage\":\"es\",\"@id\":\"https:\\\/\\\/coparmexjal.org.mx\\\/entorno-empresarial\\\/#\\\/schema\\\/logo\\\/image\\\/\",\"url\":\"https:\\\/\\\/coparmexjal.org.mx\\\/entorno-empresarial\\\/wp-content\\\/uploads\\\/2020\\\/02\\\/logo-amp.png\",\"contentUrl\":\"https:\\\/\\\/coparmexjal.org.mx\\\/entorno-empresarial\\\/wp-content\\\/uploads\\\/2020\\\/02\\\/logo-amp.png\",\"width\":120,\"height\":90,\"caption\":\"Coparmex Jalisco\"},\"image\":{\"@id\":\"https:\\\/\\\/coparmexjal.org.mx\\\/entorno-empresarial\\\/#\\\/schema\\\/logo\\\/image\\\/\"},\"sameAs\":[\"https:\\\/\\\/facebook.com\\\/comcoparmex\",\"https:\\\/\\\/x.com\\\/comcoparmex\",\"http:\\\/\\\/instagram.com\\\/coparmexjalisco\",\"https:\\\/\\\/mx.linkedin.com\\\/company\\\/coparmex-jalisco\",\"https:\\\/\\\/www.youtube.com\\\/c\\\/CoparmexJaliscomx\"]},{\"@type\":\"Person\",\"@id\":\"https:\\\/\\\/coparmexjal.org.mx\\\/entorno-empresarial\\\/#\\\/schema\\\/person\\\/7d1d56a9587bfb3a725cd3dbfbdb9d44\",\"name\":\"Coparmex Jalisco\",\"image\":{\"@type\":\"ImageObject\",\"inLanguage\":\"es\",\"@id\":\"https:\\\/\\\/coparmexjal.org.mx\\\/entorno-empresarial\\\/wp-content\\\/uploads\\\/2020\\\/06\\\/favicon-150x133.png\",\"url\":\"https:\\\/\\\/coparmexjal.org.mx\\\/entorno-empresarial\\\/wp-content\\\/uploads\\\/2020\\\/06\\\/favicon-150x133.png\",\"contentUrl\":\"https:\\\/\\\/coparmexjal.org.mx\\\/entorno-empresarial\\\/wp-content\\\/uploads\\\/2020\\\/06\\\/favicon-150x133.png\",\"caption\":\"Coparmex Jalisco\"},\"url\":\"https:\\\/\\\/coparmexjal.org.mx\\\/entorno-empresarial\\\/author\\\/coparmexjalisco\\\/\"}]}<\/script>\n<!-- \/ Yoast SEO plugin. -->","yoast_head_json":{"title":"Retos del agua en Jalisco: una visi\u00f3n empresarial y p\u00fablica","description":"Coparmex Jalisco reuni\u00f3 a l\u00edderes del sector p\u00fablico y privado para buscar soluciones sostenibles a la crisis h\u00eddrica en el estado.","robots":{"index":"index","follow":"follow","max-snippet":"max-snippet:-1","max-image-preview":"max-image-preview:large","max-video-preview":"max-video-preview:-1"},"canonical":"https:\/\/coparmexjal.org.mx\/entorno-empresarial\/foro-del-agua\/","og_locale":"es_MX","og_type":"article","og_title":"Retos del agua en Jalisco: una visi\u00f3n empresarial y p\u00fablica","og_description":"Coparmex Jalisco reuni\u00f3 a l\u00edderes del sector p\u00fablico y privado para buscar soluciones sostenibles a la crisis h\u00eddrica en el estado.","og_url":"https:\/\/coparmexjal.org.mx\/entorno-empresarial\/foro-del-agua\/","og_site_name":"Entorno Empresarial","article_publisher":"https:\/\/facebook.com\/comcoparmex","article_published_time":"2025-05-30T22:48:44+00:00","article_modified_time":"2025-05-30T22:48:45+00:00","og_image":[{"width":1200,"height":800,"url":"https:\/\/coparmexjal.org.mx\/entorno-empresarial\/wp-content\/uploads\/2025\/05\/foro-del-agua-1.jpg","type":"image\/jpeg"}],"author":"Coparmex Jalisco","twitter_card":"summary_large_image","twitter_creator":"@comcoparmex","twitter_site":"@comcoparmex","twitter_misc":{"Escrito por":"Coparmex Jalisco","Tiempo de lectura":"3 minutos"},"schema":{"@context":"https:\/\/schema.org","@graph":[{"@type":"Article","@id":"https:\/\/coparmexjal.org.mx\/entorno-empresarial\/foro-del-agua\/#article","isPartOf":{"@id":"https:\/\/coparmexjal.org.mx\/entorno-empresarial\/foro-del-agua\/"},"author":{"name":"Coparmex Jalisco","@id":"https:\/\/coparmexjal.org.mx\/entorno-empresarial\/#\/schema\/person\/7d1d56a9587bfb3a725cd3dbfbdb9d44"},"headline":"El futuro en el cuidado del agua es compromiso de Coparmex Jalisco","datePublished":"2025-05-30T22:48:44+00:00","dateModified":"2025-05-30T22:48:45+00:00","mainEntityOfPage":{"@id":"https:\/\/coparmexjal.org.mx\/entorno-empresarial\/foro-del-agua\/"},"wordCount":587,"commentCount":0,"publisher":{"@id":"https:\/\/coparmexjal.org.mx\/entorno-empresarial\/#organization"},"image":{"@id":"https:\/\/coparmexjal.org.mx\/entorno-empresarial\/foro-del-agua\/#primaryimage"},"thumbnailUrl":"https:\/\/coparmexjal.org.mx\/entorno-empresarial\/wp-content\/uploads\/2025\/05\/foro-del-agua-1.jpg","keywords":["coparmex jalisco","crisis del agua","empresas","foro del agua","gestion hidrica"],"articleSection":["Ecolog\u00eda"],"inLanguage":"es","potentialAction":[{"@type":"CommentAction","name":"Comment","target":["https:\/\/coparmexjal.org.mx\/entorno-empresarial\/foro-del-agua\/#respond"]}]},{"@type":"WebPage","@id":"https:\/\/coparmexjal.org.mx\/entorno-empresarial\/foro-del-agua\/","url":"https:\/\/coparmexjal.org.mx\/entorno-empresarial\/foro-del-agua\/","name":"Retos del agua en Jalisco: una visi\u00f3n empresarial y p\u00fablica","isPartOf":{"@id":"https:\/\/coparmexjal.org.mx\/entorno-empresarial\/#website"},"primaryImageOfPage":{"@id":"https:\/\/coparmexjal.org.mx\/entorno-empresarial\/foro-del-agua\/#primaryimage"},"image":{"@id":"https:\/\/coparmexjal.org.mx\/entorno-empresarial\/foro-del-agua\/#primaryimage"},"thumbnailUrl":"https:\/\/coparmexjal.org.mx\/entorno-empresarial\/wp-content\/uploads\/2025\/05\/foro-del-agua-1.jpg","datePublished":"2025-05-30T22:48:44+00:00","dateModified":"2025-05-30T22:48:45+00:00","description":"Coparmex Jalisco reuni\u00f3 a l\u00edderes del sector p\u00fablico y privado para buscar soluciones sostenibles a la crisis h\u00eddrica en el estado.","breadcrumb":{"@id":"https:\/\/coparmexjal.org.mx\/entorno-empresarial\/foro-del-agua\/#breadcrumb"},"inLanguage":"es","potentialAction":[{"@type":"ReadAction","target":["https:\/\/coparmexjal.org.mx\/entorno-empresarial\/foro-del-agua\/"]}]},{"@type":"ImageObject","inLanguage":"es","@id":"https:\/\/coparmexjal.org.mx\/entorno-empresarial\/foro-del-agua\/#primaryimage","url":"https:\/\/coparmexjal.org.mx\/entorno-empresarial\/wp-content\/uploads\/2025\/05\/foro-del-agua-1.jpg","contentUrl":"https:\/\/coparmexjal.org.mx\/entorno-empresarial\/wp-content\/uploads\/2025\/05\/foro-del-agua-1.jpg","width":1200,"height":800},{"@type":"BreadcrumbList","@id":"https:\/\/coparmexjal.org.mx\/entorno-empresarial\/foro-del-agua\/#breadcrumb","itemListElement":[{"@type":"ListItem","position":1,"name":"Inicio","item":"https:\/\/coparmexjal.org.mx\/entorno-empresarial\/"},{"@type":"ListItem","position":2,"name":"El futuro en el cuidado del agua es compromiso de Coparmex Jalisco"}]},{"@type":"WebSite","@id":"https:\/\/coparmexjal.org.mx\/entorno-empresarial\/#website","url":"https:\/\/coparmexjal.org.mx\/entorno-empresarial\/","name":"Revista Entorno Empresarial","description":"Coparmex Jalisco","publisher":{"@id":"https:\/\/coparmexjal.org.mx\/entorno-empresarial\/#organization"},"potentialAction":[{"@type":"SearchAction","target":{"@type":"EntryPoint","urlTemplate":"https:\/\/coparmexjal.org.mx\/entorno-empresarial\/?s={search_term_string}"},"query-input":{"@type":"PropertyValueSpecification","valueRequired":true,"valueName":"search_term_string"}}],"inLanguage":"es"},{"@type":"Organization","@id":"https:\/\/coparmexjal.org.mx\/entorno-empresarial\/#organization","name":"Coparmex Jalisco","url":"https:\/\/coparmexjal.org.mx\/entorno-empresarial\/","logo":{"@type":"ImageObject","inLanguage":"es","@id":"https:\/\/coparmexjal.org.mx\/entorno-empresarial\/#\/schema\/logo\/image\/","url":"https:\/\/coparmexjal.org.mx\/entorno-empresarial\/wp-content\/uploads\/2020\/02\/logo-amp.png","contentUrl":"https:\/\/coparmexjal.org.mx\/entorno-empresarial\/wp-content\/uploads\/2020\/02\/logo-amp.png","width":120,"height":90,"caption":"Coparmex Jalisco"},"image":{"@id":"https:\/\/coparmexjal.org.mx\/entorno-empresarial\/#\/schema\/logo\/image\/"},"sameAs":["https:\/\/facebook.com\/comcoparmex","https:\/\/x.com\/comcoparmex","http:\/\/instagram.com\/coparmexjalisco","https:\/\/mx.linkedin.com\/company\/coparmex-jalisco","https:\/\/www.youtube.com\/c\/CoparmexJaliscomx"]},{"@type":"Person","@id":"https:\/\/coparmexjal.org.mx\/entorno-empresarial\/#\/schema\/person\/7d1d56a9587bfb3a725cd3dbfbdb9d44","name":"Coparmex Jalisco","image":{"@type":"ImageObject","inLanguage":"es","@id":"https:\/\/coparmexjal.org.mx\/entorno-empresarial\/wp-content\/uploads\/2020\/06\/favicon-150x133.png","url":"https:\/\/coparmexjal.org.mx\/entorno-empresarial\/wp-content\/uploads\/2020\/06\/favicon-150x133.png","contentUrl":"https:\/\/coparmexjal.org.mx\/entorno-empresarial\/wp-content\/uploads\/2020\/06\/favicon-150x133.png","caption":"Coparmex Jalisco"},"url":"https:\/\/coparmexjal.org.mx\/entorno-empresarial\/author\/coparmexjalisco\/"}]}},"_links":{"self":[{"href":"https:\/\/coparmexjal.org.mx\/entorno-empresarial\/wp-json\/wp\/v2\/posts\/7738","targetHints":{"allow":["GET"]}}],"collection":[{"href":"https:\/\/coparmexjal.org.mx\/entorno-empresarial\/wp-json\/wp\/v2\/posts"}],"about":[{"href":"https:\/\/coparmexjal.org.mx\/entorno-empresarial\/wp-json\/wp\/v2\/types\/post"}],"author":[{"embeddable":true,"href":"https:\/\/coparmexjal.org.mx\/entorno-empresarial\/wp-json\/wp\/v2\/users\/2"}],"replies":[{"embeddable":true,"href":"https:\/\/coparmexjal.org.mx\/entorno-empresarial\/wp-json\/wp\/v2\/comments?post=7738"}],"version-history":[{"count":1,"href":"https:\/\/coparmexjal.org.mx\/entorno-empresarial\/wp-json\/wp\/v2\/posts\/7738\/revisions"}],"predecessor-version":[{"id":7741,"href":"https:\/\/coparmexjal.org.mx\/entorno-empresarial\/wp-json\/wp\/v2\/posts\/7738\/revisions\/7741"}],"wp:featuredmedia":[{"embeddable":true,"href":"https:\/\/coparmexjal.org.mx\/entorno-empresarial\/wp-json\/wp\/v2\/media\/7739"}],"wp:attachment":[{"href":"https:\/\/coparmexjal.org.mx\/entorno-empresarial\/wp-json\/wp\/v2\/media?parent=7738"}],"wp:term":[{"taxonomy":"category","embeddable":true,"href":"https:\/\/coparmexjal.org.mx\/entorno-empresarial\/wp-json\/wp\/v2\/categories?post=7738"},{"taxonomy":"post_tag","embeddable":true,"href":"https:\/\/coparmexjal.org.mx\/entorno-empresarial\/wp-json\/wp\/v2\/tags?post=7738"}],"curies":[{"name":"wp","href":"https:\/\/api.w.org\/{rel}","templated":true}]}}