{"id":7696,"date":"2025-03-13T09:24:00","date_gmt":"2025-03-13T15:24:00","guid":{"rendered":"https:\/\/coparmexjal.org.mx\/entorno-empresarial\/?p=7696"},"modified":"2025-04-24T14:29:30","modified_gmt":"2025-04-24T20:29:30","slug":"mexico-10-emprendedoras","status":"publish","type":"post","link":"https:\/\/coparmexjal.org.mx\/entorno-empresarial\/mexico-10-emprendedoras\/","title":{"rendered":"M\u00e9xico 10 emprendedoras con impacto"},"content":{"rendered":"\n<p><strong>+Un libro que conmemora a las mujeres trabajadoras.<\/strong><\/p>\n\n\n\n<p>En M\u00e9xico la desigualdad en el trabajo es todav\u00eda estructural, sabemos que, aunque hay m\u00e1s diversidad y que esta impulsa la competitividad y la innovaci\u00f3n se sigue desaprovechando el talento femenino en nuestra econom\u00eda.<\/p>\n\n\n\n<p><strong><em>M\u00e9xico10 Emprendedoras con impacto<\/em><\/strong> es un libro que da voz a diez casos ejemplares, inspiradores y, heroicos, que demuestran esta idea. Todos ellos tienen un factor en com\u00fan: est\u00e1n liderados por mujeres. M\u00e1s all\u00e1 de sus logros econ\u00f3micos y financieros, estas organizaciones destacan por su impacto social y su firme compromiso con su misi\u00f3n.<\/p>\n\n\n\n<p>Desde distintos sectores, estos proyectos han logrado transformar su entorno: Afortunada mente, con educaci\u00f3n financiera; BiciCrepas, en la industria alimentaria; Casa Nerea, en el \u00e1mbito de la salud y la relajaci\u00f3n; Chiquitos Chic, en la creaci\u00f3n de productos infantiles; Dance Fit, a trav\u00e9s de la danza y el baile; Ecotenka, en la movilidad urbana; Dios Cacao, en el mundo del chocolate y el cacao; Pitahaya Vegana, con la alimentaci\u00f3n basada en plantas; Universo Animal, en el bienestar de las mascotas; y Xocomilpan, en el aprovechamiento de frutas y hortalizas. Cada una de estas iniciativas es un claro ejemplo de c\u00f3mo un prop\u00f3sito noble puede generar un impacto real en la sociedad.<\/p>\n\n\n\n<p>La verdadera grandeza no se mide en dimensiones. Existen individuos notables, ideas colosales y empresas imponentes que carecen de grandeza genuina. Al mismo tiempo, hay personas sencillas, proyectos espec\u00edficos y emprendimientos de peque\u00f1a escala que poseen una grandeza innata. Lo que marca la diferencia no es el tama\u00f1o, sino el prop\u00f3sito.<\/p>\n\n\n\n<p>Y no hay prop\u00f3sito m\u00e1s valioso, tanto a nivel personal como colectivo, que contribuir a la construcci\u00f3n de un mundo mejor para todos. La grandeza reside en los peque\u00f1os pasos, en las acciones diarias y en el avance constante por el camino correcto, como lo vemos plasmado en esta publicaci\u00f3n.<\/p>\n\n\n\n<p>Con el apoyo de <strong>Bank of America, la Fundaci\u00f3n ProEmpleo y la Universidad An\u00e1huac<\/strong>, estos proyectos han logrado expandirse y consolidarse como modelos de compromiso y transformaci\u00f3n social.<\/p>\n","protected":false},"excerpt":{"rendered":"<p>+Un libro que conmemora a las mujeres trabajadoras. En M\u00e9xico la desigualdad en el trabajo es todav\u00eda estructural, sabemos que, aunque hay m\u00e1s diversidad y<\/p>\n","protected":false},"author":149,"featured_media":7697,"comment_status":"open","ping_status":"open","sticky":false,"template":"","format":"standard","meta":{"footnotes":""},"categories":[161],"tags":[1562,1565,1564,1563],"class_list":["post-7696","post","type-post","status-publish","format-standard","has-post-thumbnail","hentry","category-emprende","tag-emprendimiento-femenino","tag-historias-de-exito","tag-impacto-social","tag-mujeres-lideres"],"yoast_head":"<!-- This site is optimized with the Yoast SEO plugin v27.5 - https:\/\/yoast.com\/product\/yoast-seo-wordpress\/ -->\n<title>Mujeres l\u00edderes mexicanas: 10 historias de impacto social<\/title>\n<meta name=\"description\" content=\"Descubre las historias de 10 mujeres emprendedoras mexicanas que est\u00e1n generando impacto social con prop\u00f3sito y compromiso.\" \/>\n<meta name=\"robots\" content=\"index, follow, max-snippet:-1, max-image-preview:large, max-video-preview:-1\" \/>\n<link rel=\"canonical\" href=\"https:\/\/coparmexjal.org.mx\/entorno-empresarial\/mexico-10-emprendedoras\/\" \/>\n<meta property=\"og:locale\" content=\"es_MX\" \/>\n<meta property=\"og:type\" content=\"article\" \/>\n<meta property=\"og:title\" content=\"Mujeres l\u00edderes mexicanas: 10 historias de impacto social\" \/>\n<meta property=\"og:description\" content=\"Descubre las historias de 10 mujeres emprendedoras mexicanas que est\u00e1n generando impacto social con prop\u00f3sito y compromiso.\" \/>\n<meta property=\"og:url\" content=\"https:\/\/coparmexjal.org.mx\/entorno-empresarial\/mexico-10-emprendedoras\/\" \/>\n<meta property=\"og:site_name\" content=\"Entorno Empresarial\" \/>\n<meta property=\"article:publisher\" content=\"https:\/\/facebook.com\/comcoparmex\" \/>\n<meta property=\"article:published_time\" content=\"2025-03-13T15:24:00+00:00\" \/>\n<meta property=\"article:modified_time\" content=\"2025-04-24T20:29:30+00:00\" \/>\n<meta property=\"og:image\" content=\"https:\/\/coparmexjal.org.mx\/entorno-empresarial\/wp-content\/uploads\/2025\/04\/diez-emprendedoras-con-impacto.jpg\" \/>\n\t<meta property=\"og:image:width\" content=\"1200\" \/>\n\t<meta property=\"og:image:height\" content=\"800\" \/>\n\t<meta property=\"og:image:type\" content=\"image\/jpeg\" \/>\n<meta name=\"author\" content=\"LID Editorial\" \/>\n<meta name=\"twitter:card\" content=\"summary_large_image\" \/>\n<meta name=\"twitter:creator\" content=\"@comcoparmex\" \/>\n<meta name=\"twitter:site\" content=\"@comcoparmex\" \/>\n<meta name=\"twitter:label1\" content=\"Escrito por\" \/>\n\t<meta name=\"twitter:data1\" content=\"LID Editorial\" \/>\n\t<meta name=\"twitter:label2\" content=\"Tiempo de lectura\" \/>\n\t<meta name=\"twitter:data2\" content=\"2 minutos\" \/>\n<script type=\"application\/ld+json\" class=\"yoast-schema-graph\">{\"@context\":\"https:\\\/\\\/schema.org\",\"@graph\":[{\"@type\":\"Article\",\"@id\":\"https:\\\/\\\/coparmexjal.org.mx\\\/entorno-empresarial\\\/mexico-10-emprendedoras\\\/#article\",\"isPartOf\":{\"@id\":\"https:\\\/\\\/coparmexjal.org.mx\\\/entorno-empresarial\\\/mexico-10-emprendedoras\\\/\"},\"author\":{\"name\":\"LID Editorial\",\"@id\":\"https:\\\/\\\/coparmexjal.org.mx\\\/entorno-empresarial\\\/#\\\/schema\\\/person\\\/4db8e3bb3b699ec5ec49b5156494f8eb\"},\"headline\":\"M\u00e9xico 10 emprendedoras con impacto\",\"datePublished\":\"2025-03-13T15:24:00+00:00\",\"dateModified\":\"2025-04-24T20:29:30+00:00\",\"mainEntityOfPage\":{\"@id\":\"https:\\\/\\\/coparmexjal.org.mx\\\/entorno-empresarial\\\/mexico-10-emprendedoras\\\/\"},\"wordCount\":371,\"commentCount\":0,\"publisher\":{\"@id\":\"https:\\\/\\\/coparmexjal.org.mx\\\/entorno-empresarial\\\/#organization\"},\"image\":{\"@id\":\"https:\\\/\\\/coparmexjal.org.mx\\\/entorno-empresarial\\\/mexico-10-emprendedoras\\\/#primaryimage\"},\"thumbnailUrl\":\"https:\\\/\\\/coparmexjal.org.mx\\\/entorno-empresarial\\\/wp-content\\\/uploads\\\/2025\\\/04\\\/diez-emprendedoras-con-impacto.jpg\",\"keywords\":[\"Emprendimiento femenino\",\"Historias de \u00e9xito\",\"Impacto social\",\"Mujeres l\u00edderes\"],\"articleSection\":[\"Emprende\"],\"inLanguage\":\"es\",\"potentialAction\":[{\"@type\":\"CommentAction\",\"name\":\"Comment\",\"target\":[\"https:\\\/\\\/coparmexjal.org.mx\\\/entorno-empresarial\\\/mexico-10-emprendedoras\\\/#respond\"]}]},{\"@type\":\"WebPage\",\"@id\":\"https:\\\/\\\/coparmexjal.org.mx\\\/entorno-empresarial\\\/mexico-10-emprendedoras\\\/\",\"url\":\"https:\\\/\\\/coparmexjal.org.mx\\\/entorno-empresarial\\\/mexico-10-emprendedoras\\\/\",\"name\":\"Mujeres l\u00edderes mexicanas: 10 historias de impacto social\",\"isPartOf\":{\"@id\":\"https:\\\/\\\/coparmexjal.org.mx\\\/entorno-empresarial\\\/#website\"},\"primaryImageOfPage\":{\"@id\":\"https:\\\/\\\/coparmexjal.org.mx\\\/entorno-empresarial\\\/mexico-10-emprendedoras\\\/#primaryimage\"},\"image\":{\"@id\":\"https:\\\/\\\/coparmexjal.org.mx\\\/entorno-empresarial\\\/mexico-10-emprendedoras\\\/#primaryimage\"},\"thumbnailUrl\":\"https:\\\/\\\/coparmexjal.org.mx\\\/entorno-empresarial\\\/wp-content\\\/uploads\\\/2025\\\/04\\\/diez-emprendedoras-con-impacto.jpg\",\"datePublished\":\"2025-03-13T15:24:00+00:00\",\"dateModified\":\"2025-04-24T20:29:30+00:00\",\"description\":\"Descubre las historias de 10 mujeres emprendedoras mexicanas que est\u00e1n generando impacto social con prop\u00f3sito y compromiso.\",\"breadcrumb\":{\"@id\":\"https:\\\/\\\/coparmexjal.org.mx\\\/entorno-empresarial\\\/mexico-10-emprendedoras\\\/#breadcrumb\"},\"inLanguage\":\"es\",\"potentialAction\":[{\"@type\":\"ReadAction\",\"target\":[\"https:\\\/\\\/coparmexjal.org.mx\\\/entorno-empresarial\\\/mexico-10-emprendedoras\\\/\"]}]},{\"@type\":\"ImageObject\",\"inLanguage\":\"es\",\"@id\":\"https:\\\/\\\/coparmexjal.org.mx\\\/entorno-empresarial\\\/mexico-10-emprendedoras\\\/#primaryimage\",\"url\":\"https:\\\/\\\/coparmexjal.org.mx\\\/entorno-empresarial\\\/wp-content\\\/uploads\\\/2025\\\/04\\\/diez-emprendedoras-con-impacto.jpg\",\"contentUrl\":\"https:\\\/\\\/coparmexjal.org.mx\\\/entorno-empresarial\\\/wp-content\\\/uploads\\\/2025\\\/04\\\/diez-emprendedoras-con-impacto.jpg\",\"width\":1200,\"height\":800},{\"@type\":\"BreadcrumbList\",\"@id\":\"https:\\\/\\\/coparmexjal.org.mx\\\/entorno-empresarial\\\/mexico-10-emprendedoras\\\/#breadcrumb\",\"itemListElement\":[{\"@type\":\"ListItem\",\"position\":1,\"name\":\"Inicio\",\"item\":\"https:\\\/\\\/coparmexjal.org.mx\\\/entorno-empresarial\\\/\"},{\"@type\":\"ListItem\",\"position\":2,\"name\":\"M\u00e9xico 10 emprendedoras con impacto\"}]},{\"@type\":\"WebSite\",\"@id\":\"https:\\\/\\\/coparmexjal.org.mx\\\/entorno-empresarial\\\/#website\",\"url\":\"https:\\\/\\\/coparmexjal.org.mx\\\/entorno-empresarial\\\/\",\"name\":\"Revista Entorno Empresarial\",\"description\":\"Coparmex Jalisco\",\"publisher\":{\"@id\":\"https:\\\/\\\/coparmexjal.org.mx\\\/entorno-empresarial\\\/#organization\"},\"potentialAction\":[{\"@type\":\"SearchAction\",\"target\":{\"@type\":\"EntryPoint\",\"urlTemplate\":\"https:\\\/\\\/coparmexjal.org.mx\\\/entorno-empresarial\\\/?s={search_term_string}\"},\"query-input\":{\"@type\":\"PropertyValueSpecification\",\"valueRequired\":true,\"valueName\":\"search_term_string\"}}],\"inLanguage\":\"es\"},{\"@type\":\"Organization\",\"@id\":\"https:\\\/\\\/coparmexjal.org.mx\\\/entorno-empresarial\\\/#organization\",\"name\":\"Coparmex Jalisco\",\"url\":\"https:\\\/\\\/coparmexjal.org.mx\\\/entorno-empresarial\\\/\",\"logo\":{\"@type\":\"ImageObject\",\"inLanguage\":\"es\",\"@id\":\"https:\\\/\\\/coparmexjal.org.mx\\\/entorno-empresarial\\\/#\\\/schema\\\/logo\\\/image\\\/\",\"url\":\"https:\\\/\\\/coparmexjal.org.mx\\\/entorno-empresarial\\\/wp-content\\\/uploads\\\/2020\\\/02\\\/logo-amp.png\",\"contentUrl\":\"https:\\\/\\\/coparmexjal.org.mx\\\/entorno-empresarial\\\/wp-content\\\/uploads\\\/2020\\\/02\\\/logo-amp.png\",\"width\":120,\"height\":90,\"caption\":\"Coparmex Jalisco\"},\"image\":{\"@id\":\"https:\\\/\\\/coparmexjal.org.mx\\\/entorno-empresarial\\\/#\\\/schema\\\/logo\\\/image\\\/\"},\"sameAs\":[\"https:\\\/\\\/facebook.com\\\/comcoparmex\",\"https:\\\/\\\/x.com\\\/comcoparmex\",\"http:\\\/\\\/instagram.com\\\/coparmexjalisco\",\"https:\\\/\\\/mx.linkedin.com\\\/company\\\/coparmex-jalisco\",\"https:\\\/\\\/www.youtube.com\\\/c\\\/CoparmexJaliscomx\"]},{\"@type\":\"Person\",\"@id\":\"https:\\\/\\\/coparmexjal.org.mx\\\/entorno-empresarial\\\/#\\\/schema\\\/person\\\/4db8e3bb3b699ec5ec49b5156494f8eb\",\"name\":\"LID Editorial\",\"image\":{\"@type\":\"ImageObject\",\"inLanguage\":\"es\",\"@id\":\"https:\\\/\\\/coparmexjal.org.mx\\\/entorno-empresarial\\\/wp-content\\\/uploads\\\/2025\\\/04\\\/lid-150x150.png\",\"url\":\"https:\\\/\\\/coparmexjal.org.mx\\\/entorno-empresarial\\\/wp-content\\\/uploads\\\/2025\\\/04\\\/lid-150x150.png\",\"contentUrl\":\"https:\\\/\\\/coparmexjal.org.mx\\\/entorno-empresarial\\\/wp-content\\\/uploads\\\/2025\\\/04\\\/lid-150x150.png\",\"caption\":\"LID Editorial\"},\"url\":\"https:\\\/\\\/coparmexjal.org.mx\\\/entorno-empresarial\\\/author\\\/lid\\\/\"}]}<\/script>\n<!-- \/ Yoast SEO plugin. -->","yoast_head_json":{"title":"Mujeres l\u00edderes mexicanas: 10 historias de impacto social","description":"Descubre las historias de 10 mujeres emprendedoras mexicanas que est\u00e1n generando impacto social con prop\u00f3sito y compromiso.","robots":{"index":"index","follow":"follow","max-snippet":"max-snippet:-1","max-image-preview":"max-image-preview:large","max-video-preview":"max-video-preview:-1"},"canonical":"https:\/\/coparmexjal.org.mx\/entorno-empresarial\/mexico-10-emprendedoras\/","og_locale":"es_MX","og_type":"article","og_title":"Mujeres l\u00edderes mexicanas: 10 historias de impacto social","og_description":"Descubre las historias de 10 mujeres emprendedoras mexicanas que est\u00e1n generando impacto social con prop\u00f3sito y compromiso.","og_url":"https:\/\/coparmexjal.org.mx\/entorno-empresarial\/mexico-10-emprendedoras\/","og_site_name":"Entorno Empresarial","article_publisher":"https:\/\/facebook.com\/comcoparmex","article_published_time":"2025-03-13T15:24:00+00:00","article_modified_time":"2025-04-24T20:29:30+00:00","og_image":[{"width":1200,"height":800,"url":"https:\/\/coparmexjal.org.mx\/entorno-empresarial\/wp-content\/uploads\/2025\/04\/diez-emprendedoras-con-impacto.jpg","type":"image\/jpeg"}],"author":"LID Editorial","twitter_card":"summary_large_image","twitter_creator":"@comcoparmex","twitter_site":"@comcoparmex","twitter_misc":{"Escrito por":"LID Editorial","Tiempo de lectura":"2 minutos"},"schema":{"@context":"https:\/\/schema.org","@graph":[{"@type":"Article","@id":"https:\/\/coparmexjal.org.mx\/entorno-empresarial\/mexico-10-emprendedoras\/#article","isPartOf":{"@id":"https:\/\/coparmexjal.org.mx\/entorno-empresarial\/mexico-10-emprendedoras\/"},"author":{"name":"LID Editorial","@id":"https:\/\/coparmexjal.org.mx\/entorno-empresarial\/#\/schema\/person\/4db8e3bb3b699ec5ec49b5156494f8eb"},"headline":"M\u00e9xico 10 emprendedoras con impacto","datePublished":"2025-03-13T15:24:00+00:00","dateModified":"2025-04-24T20:29:30+00:00","mainEntityOfPage":{"@id":"https:\/\/coparmexjal.org.mx\/entorno-empresarial\/mexico-10-emprendedoras\/"},"wordCount":371,"commentCount":0,"publisher":{"@id":"https:\/\/coparmexjal.org.mx\/entorno-empresarial\/#organization"},"image":{"@id":"https:\/\/coparmexjal.org.mx\/entorno-empresarial\/mexico-10-emprendedoras\/#primaryimage"},"thumbnailUrl":"https:\/\/coparmexjal.org.mx\/entorno-empresarial\/wp-content\/uploads\/2025\/04\/diez-emprendedoras-con-impacto.jpg","keywords":["Emprendimiento femenino","Historias de \u00e9xito","Impacto social","Mujeres l\u00edderes"],"articleSection":["Emprende"],"inLanguage":"es","potentialAction":[{"@type":"CommentAction","name":"Comment","target":["https:\/\/coparmexjal.org.mx\/entorno-empresarial\/mexico-10-emprendedoras\/#respond"]}]},{"@type":"WebPage","@id":"https:\/\/coparmexjal.org.mx\/entorno-empresarial\/mexico-10-emprendedoras\/","url":"https:\/\/coparmexjal.org.mx\/entorno-empresarial\/mexico-10-emprendedoras\/","name":"Mujeres l\u00edderes mexicanas: 10 historias de impacto social","isPartOf":{"@id":"https:\/\/coparmexjal.org.mx\/entorno-empresarial\/#website"},"primaryImageOfPage":{"@id":"https:\/\/coparmexjal.org.mx\/entorno-empresarial\/mexico-10-emprendedoras\/#primaryimage"},"image":{"@id":"https:\/\/coparmexjal.org.mx\/entorno-empresarial\/mexico-10-emprendedoras\/#primaryimage"},"thumbnailUrl":"https:\/\/coparmexjal.org.mx\/entorno-empresarial\/wp-content\/uploads\/2025\/04\/diez-emprendedoras-con-impacto.jpg","datePublished":"2025-03-13T15:24:00+00:00","dateModified":"2025-04-24T20:29:30+00:00","description":"Descubre las historias de 10 mujeres emprendedoras mexicanas que est\u00e1n generando impacto social con prop\u00f3sito y compromiso.","breadcrumb":{"@id":"https:\/\/coparmexjal.org.mx\/entorno-empresarial\/mexico-10-emprendedoras\/#breadcrumb"},"inLanguage":"es","potentialAction":[{"@type":"ReadAction","target":["https:\/\/coparmexjal.org.mx\/entorno-empresarial\/mexico-10-emprendedoras\/"]}]},{"@type":"ImageObject","inLanguage":"es","@id":"https:\/\/coparmexjal.org.mx\/entorno-empresarial\/mexico-10-emprendedoras\/#primaryimage","url":"https:\/\/coparmexjal.org.mx\/entorno-empresarial\/wp-content\/uploads\/2025\/04\/diez-emprendedoras-con-impacto.jpg","contentUrl":"https:\/\/coparmexjal.org.mx\/entorno-empresarial\/wp-content\/uploads\/2025\/04\/diez-emprendedoras-con-impacto.jpg","width":1200,"height":800},{"@type":"BreadcrumbList","@id":"https:\/\/coparmexjal.org.mx\/entorno-empresarial\/mexico-10-emprendedoras\/#breadcrumb","itemListElement":[{"@type":"ListItem","position":1,"name":"Inicio","item":"https:\/\/coparmexjal.org.mx\/entorno-empresarial\/"},{"@type":"ListItem","position":2,"name":"M\u00e9xico 10 emprendedoras con impacto"}]},{"@type":"WebSite","@id":"https:\/\/coparmexjal.org.mx\/entorno-empresarial\/#website","url":"https:\/\/coparmexjal.org.mx\/entorno-empresarial\/","name":"Revista Entorno Empresarial","description":"Coparmex Jalisco","publisher":{"@id":"https:\/\/coparmexjal.org.mx\/entorno-empresarial\/#organization"},"potentialAction":[{"@type":"SearchAction","target":{"@type":"EntryPoint","urlTemplate":"https:\/\/coparmexjal.org.mx\/entorno-empresarial\/?s={search_term_string}"},"query-input":{"@type":"PropertyValueSpecification","valueRequired":true,"valueName":"search_term_string"}}],"inLanguage":"es"},{"@type":"Organization","@id":"https:\/\/coparmexjal.org.mx\/entorno-empresarial\/#organization","name":"Coparmex Jalisco","url":"https:\/\/coparmexjal.org.mx\/entorno-empresarial\/","logo":{"@type":"ImageObject","inLanguage":"es","@id":"https:\/\/coparmexjal.org.mx\/entorno-empresarial\/#\/schema\/logo\/image\/","url":"https:\/\/coparmexjal.org.mx\/entorno-empresarial\/wp-content\/uploads\/2020\/02\/logo-amp.png","contentUrl":"https:\/\/coparmexjal.org.mx\/entorno-empresarial\/wp-content\/uploads\/2020\/02\/logo-amp.png","width":120,"height":90,"caption":"Coparmex Jalisco"},"image":{"@id":"https:\/\/coparmexjal.org.mx\/entorno-empresarial\/#\/schema\/logo\/image\/"},"sameAs":["https:\/\/facebook.com\/comcoparmex","https:\/\/x.com\/comcoparmex","http:\/\/instagram.com\/coparmexjalisco","https:\/\/mx.linkedin.com\/company\/coparmex-jalisco","https:\/\/www.youtube.com\/c\/CoparmexJaliscomx"]},{"@type":"Person","@id":"https:\/\/coparmexjal.org.mx\/entorno-empresarial\/#\/schema\/person\/4db8e3bb3b699ec5ec49b5156494f8eb","name":"LID Editorial","image":{"@type":"ImageObject","inLanguage":"es","@id":"https:\/\/coparmexjal.org.mx\/entorno-empresarial\/wp-content\/uploads\/2025\/04\/lid-150x150.png","url":"https:\/\/coparmexjal.org.mx\/entorno-empresarial\/wp-content\/uploads\/2025\/04\/lid-150x150.png","contentUrl":"https:\/\/coparmexjal.org.mx\/entorno-empresarial\/wp-content\/uploads\/2025\/04\/lid-150x150.png","caption":"LID Editorial"},"url":"https:\/\/coparmexjal.org.mx\/entorno-empresarial\/author\/lid\/"}]}},"_links":{"self":[{"href":"https:\/\/coparmexjal.org.mx\/entorno-empresarial\/wp-json\/wp\/v2\/posts\/7696","targetHints":{"allow":["GET"]}}],"collection":[{"href":"https:\/\/coparmexjal.org.mx\/entorno-empresarial\/wp-json\/wp\/v2\/posts"}],"about":[{"href":"https:\/\/coparmexjal.org.mx\/entorno-empresarial\/wp-json\/wp\/v2\/types\/post"}],"author":[{"embeddable":true,"href":"https:\/\/coparmexjal.org.mx\/entorno-empresarial\/wp-json\/wp\/v2\/users\/149"}],"replies":[{"embeddable":true,"href":"https:\/\/coparmexjal.org.mx\/entorno-empresarial\/wp-json\/wp\/v2\/comments?post=7696"}],"version-history":[{"count":1,"href":"https:\/\/coparmexjal.org.mx\/entorno-empresarial\/wp-json\/wp\/v2\/posts\/7696\/revisions"}],"predecessor-version":[{"id":7698,"href":"https:\/\/coparmexjal.org.mx\/entorno-empresarial\/wp-json\/wp\/v2\/posts\/7696\/revisions\/7698"}],"wp:featuredmedia":[{"embeddable":true,"href":"https:\/\/coparmexjal.org.mx\/entorno-empresarial\/wp-json\/wp\/v2\/media\/7697"}],"wp:attachment":[{"href":"https:\/\/coparmexjal.org.mx\/entorno-empresarial\/wp-json\/wp\/v2\/media?parent=7696"}],"wp:term":[{"taxonomy":"category","embeddable":true,"href":"https:\/\/coparmexjal.org.mx\/entorno-empresarial\/wp-json\/wp\/v2\/categories?post=7696"},{"taxonomy":"post_tag","embeddable":true,"href":"https:\/\/coparmexjal.org.mx\/entorno-empresarial\/wp-json\/wp\/v2\/tags?post=7696"}],"curies":[{"name":"wp","href":"https:\/\/api.w.org\/{rel}","templated":true}]}}