{"id":7646,"date":"2025-03-04T14:19:00","date_gmt":"2025-03-04T20:19:00","guid":{"rendered":"https:\/\/coparmexjal.org.mx\/entorno-empresarial\/?p=7646"},"modified":"2025-03-05T09:30:20","modified_gmt":"2025-03-05T15:30:20","slug":"raul-flores-lider","status":"publish","type":"post","link":"https:\/\/coparmexjal.org.mx\/entorno-empresarial\/raul-flores-lider\/","title":{"rendered":"Ra\u00fal F. Flores toma compromiso un a\u00f1o m\u00e1s al frente de Coparmex Jalisco"},"content":{"rendered":"\n<ul class=\"wp-block-list\">\n<li>Con logros en participaci\u00f3n ciudadana, salud y desarrollo econ\u00f3mico celebran sus 95 a\u00f1os<\/li>\n\n\n\n<li>Hacen llamado a respetar los recursos de los trabajadores ante Reforma al INFONAVIT<\/li>\n<\/ul>\n\n\n\n<p>En el marco de su evento <strong>\u201cPunto Empresarial 2025\u201d<\/strong> que tuvo como sede la Expo Guadalajara, <strong>Coparmex Jalisco celebra 95 a\u00f1os <\/strong>de la instituci\u00f3n. En \u00e9l se reunieron empresarias, empresarios, autoridades y l\u00edderes de opini\u00f3n con el prop\u00f3sito de fortalecer el compromiso del sector privado con el desarrollo de M\u00e9xico.<\/p>\n\n\n\n<p>Para iniciar, se cont\u00f3 con una <strong>Conferencia Magna<\/strong> a cargo de <strong>Cayetana \u00c1lvarez de Toledo<\/strong>, legisladora del Congreso de los Diputados de Espa\u00f1a, quien comparti\u00f3 su visi\u00f3n sobre democracia, libertades y el papel del empresariado en la sociedad.<\/p>\n\n\n<div class=\"wp-block-image\">\n<figure class=\"alignleft size-large is-resized\"><img fetchpriority=\"high\" decoding=\"async\" width=\"1024\" height=\"683\" src=\"https:\/\/coparmexjal.org.mx\/entorno-empresarial\/wp-content\/uploads\/2025\/03\/Marco-fotos_21-1024x683.jpg\" alt=\"\" class=\"wp-image-7647\" style=\"width:467px;height:auto\" srcset=\"https:\/\/coparmexjal.org.mx\/entorno-empresarial\/wp-content\/uploads\/2025\/03\/Marco-fotos_21-1024x683.jpg 1024w, https:\/\/coparmexjal.org.mx\/entorno-empresarial\/wp-content\/uploads\/2025\/03\/Marco-fotos_21-300x200.jpg 300w, https:\/\/coparmexjal.org.mx\/entorno-empresarial\/wp-content\/uploads\/2025\/03\/Marco-fotos_21-768x512.jpg 768w, https:\/\/coparmexjal.org.mx\/entorno-empresarial\/wp-content\/uploads\/2025\/03\/Marco-fotos_21.jpg 1200w\" sizes=\"(max-width: 1024px) 100vw, 1024px\" \/><\/figure><\/div>\n\n\n<p>Asimismo, se llev\u00f3 a cabo el <strong>Segundo Informe de Actividades del Lic. Ra\u00fal F. Flores<\/strong>, presidente de Coparmex Jalisco, en el que destac\u00f3 los avances de la instituci\u00f3n en materia de participaci\u00f3n ciudadana, salud y desarrollo econ\u00f3mico en el estado. Adem\u00e1s de tomar el compromiso un a\u00f1o m\u00e1s al frente de la instituci\u00f3n, manifest\u00f3 su apoyo a la Reforma Judicial en el Estado, en sus palabras:<\/p>\n\n\n\n<p><em>\u201cReconocemos la propuesta de Reforma al Poder Judicial del Estado, diferente a lo que sucede a nivel nacional. Donde se garantice que lleguen los mejores perfiles y que nuestros juzgadores sean los m\u00e1s capacitados\u201d.<\/em><\/p>\n\n\n\n<p>Sumado a ello, hizo un llamado a respetar los recursos de los trabajadores ante Reforma al INFONAVIT:<\/p>\n\n\n\n<p><em>\u201cNuestro pa\u00eds necesita de consensos, de construcci\u00f3n con una visi\u00f3n plural e incluyente, escuchando a todas las voces, no podemos ser omisos. Lo decimos fuerte y claro, \u00a1estos recursos no son del gobierno, son de los trabajadores!\u201d.<\/em><\/p>\n\n\n\n<p>Un momento destacado fue la Entrega del <strong>reconocimiento al Empresario del A\u00f1o, Premio a la Trascendencia Empresarial Carlos Guti\u00e9rrez Nieto\u201d a Jos\u00e9 Medina Mora Icaza<\/strong>, ex presidente nacional de Coparmex y actual vicepresidente del CCE, en reconocimiento a su liderazgo y contribuci\u00f3n al fortalecimiento del sector empresarial en M\u00e9xico. En su mensaje resalt\u00f3 la visi\u00f3n empresarial con la que ha liderado a Coparmex:<\/p>\n\n\n<div class=\"wp-block-image\">\n<figure class=\"alignleft size-large is-resized\"><img decoding=\"async\" width=\"1024\" height=\"683\" src=\"https:\/\/coparmexjal.org.mx\/entorno-empresarial\/wp-content\/uploads\/2025\/03\/Marco-fotos_31-1024x683.jpg\" alt=\"\" class=\"wp-image-7648\" style=\"width:479px;height:auto\" srcset=\"https:\/\/coparmexjal.org.mx\/entorno-empresarial\/wp-content\/uploads\/2025\/03\/Marco-fotos_31-1024x683.jpg 1024w, https:\/\/coparmexjal.org.mx\/entorno-empresarial\/wp-content\/uploads\/2025\/03\/Marco-fotos_31-300x200.jpg 300w, https:\/\/coparmexjal.org.mx\/entorno-empresarial\/wp-content\/uploads\/2025\/03\/Marco-fotos_31-768x512.jpg 768w, https:\/\/coparmexjal.org.mx\/entorno-empresarial\/wp-content\/uploads\/2025\/03\/Marco-fotos_31.jpg 1200w\" sizes=\"(max-width: 1024px) 100vw, 1024px\" \/><\/figure><\/div>\n\n\n<p><em>\u201cSo\u00f1aba con una empresa en donde los que trabaj\u00e1bamos ah\u00ed nos pudi\u00e9ramos desarrollar en lo personal y en lo profesional, basada en principios y valores y que despu\u00e9s de todo esto fuera negocio\u201d<\/em><\/p>\n\n\n\n<p>Con este evento, Coparmex Jalisco reafirma su compromiso con el impulso de pol\u00edticas p\u00fablicas, el fortalecimiento del ecosistema empresarial y la construcci\u00f3n de un mejor futuro para Jalisco y el pa\u00eds.<\/p>\n\n\n\n<p>El evento cont\u00f3 con la presencia del Ing. Pablo Lemus Navarro, Gobernador Constitucional del Estado de Jalisco; Ing. Juan Jos\u00e9 Sierra \u00c1lvarez, Presidente Nacional de Coparmex; Dip. M\u00f3nica Paola Maga\u00f1a Mendoza, Presidente de la Mesa Directiva del Congreso del Estado de Jalisco; (Agust\u00edn, Presidente de ANEP El Salvador); Ver\u00f3nica Delgadillo Garc\u00eda, Presidente Municipal de Guadalajara; Juan Jos\u00e9 Frangie Saade, Presidente Municipal de Zapopan; MGDO. Jos\u00e9 Luis \u00c1lvarez Pulido, Magistrado Presidente del Supremo Tribunal de Justicia del Estado; Mtro. Ricardo Aguirre Barroso, Director de An\u00e1lisis y Prospectiva Delegacional y Encargado de la STPS; Lic. Javer Arroyo Navarro, Presidente de la C\u00e1mara de Comercio de Guadalajara; Lic. Antonio \u00c1lvarez Esparza, Secretario General CROC; Juan Huerta P\u00e9rez, Secretario General CROM; Ing. Antonio Lancaster Jones Gonz\u00e1lez, Coordinador del Consejo de C\u00e1maras Industriales de Jalisco; Ing. Juan Manuel Ch\u00e1vez Ochoa, Presidente de la C\u00e1mara Mexicana de la Industria de la Construcci\u00f3n Jalisco CMIC; Ra\u00fal Flores L\u00f3pez, Presidente de Coparmex Jalisco.<\/p>\n","protected":false},"excerpt":{"rendered":"<p>En el marco de su evento \u201cPunto Empresarial 2025\u201d que tuvo como sede la Expo Guadalajara, Coparmex Jalisco celebra 95 a\u00f1os de la instituci\u00f3n. En<\/p>\n","protected":false},"author":2,"featured_media":7649,"comment_status":"open","ping_status":"open","sticky":false,"template":"","format":"standard","meta":{"footnotes":""},"categories":[348],"tags":[1543,405,173,257,1542,1221,1541],"class_list":["post-7646","post","type-post","status-publish","format-standard","has-post-thumbnail","hentry","category-noticias","tag-cayetana-alvarez-de-toledo","tag-coparmex-jalisco","tag-empresas","tag-jalisco","tag-jose-medina-mora-2","tag-punto-empresarial","tag-raul-flores"],"yoast_head":"<!-- This site is optimized with the Yoast SEO plugin v27.5 - https:\/\/yoast.com\/product\/yoast-seo-wordpress\/ -->\n<title>Ra\u00fal F. Flores lidera un a\u00f1o m\u00e1s en Coparmex Jalisco.<\/title>\n<meta name=\"description\" content=\"Ra\u00fal F. Flores reafirma su compromiso como presidente de Coparmex Jalisco, destacando logros en desarrollo econ\u00f3mico.\" \/>\n<meta name=\"robots\" content=\"index, follow, max-snippet:-1, max-image-preview:large, max-video-preview:-1\" \/>\n<link rel=\"canonical\" href=\"https:\/\/coparmexjal.org.mx\/entorno-empresarial\/raul-flores-lider\/\" \/>\n<meta property=\"og:locale\" content=\"es_MX\" \/>\n<meta property=\"og:type\" content=\"article\" \/>\n<meta property=\"og:title\" content=\"Ra\u00fal F. Flores lidera un a\u00f1o m\u00e1s en Coparmex Jalisco.\" \/>\n<meta property=\"og:description\" content=\"Ra\u00fal F. Flores reafirma su compromiso como presidente de Coparmex Jalisco, destacando logros en desarrollo econ\u00f3mico.\" \/>\n<meta property=\"og:url\" content=\"https:\/\/coparmexjal.org.mx\/entorno-empresarial\/raul-flores-lider\/\" \/>\n<meta property=\"og:site_name\" content=\"Entorno Empresarial\" \/>\n<meta property=\"article:publisher\" content=\"https:\/\/facebook.com\/comcoparmex\" \/>\n<meta property=\"article:published_time\" content=\"2025-03-04T20:19:00+00:00\" \/>\n<meta property=\"article:modified_time\" content=\"2025-03-05T15:30:20+00:00\" \/>\n<meta property=\"og:image\" content=\"https:\/\/coparmexjal.org.mx\/entorno-empresarial\/wp-content\/uploads\/2025\/03\/Marco-fotos_41.jpg\" \/>\n\t<meta property=\"og:image:width\" content=\"1716\" \/>\n\t<meta property=\"og:image:height\" content=\"800\" \/>\n\t<meta property=\"og:image:type\" content=\"image\/jpeg\" \/>\n<meta name=\"author\" content=\"Coparmex Jalisco\" \/>\n<meta name=\"twitter:card\" content=\"summary_large_image\" \/>\n<meta name=\"twitter:creator\" content=\"@comcoparmex\" \/>\n<meta name=\"twitter:site\" content=\"@comcoparmex\" \/>\n<meta name=\"twitter:label1\" content=\"Escrito por\" \/>\n\t<meta name=\"twitter:data1\" content=\"Coparmex Jalisco\" \/>\n\t<meta name=\"twitter:label2\" content=\"Tiempo de lectura\" \/>\n\t<meta name=\"twitter:data2\" content=\"4 minutos\" \/>\n<script type=\"application\/ld+json\" class=\"yoast-schema-graph\">{\"@context\":\"https:\\\/\\\/schema.org\",\"@graph\":[{\"@type\":\"Article\",\"@id\":\"https:\\\/\\\/coparmexjal.org.mx\\\/entorno-empresarial\\\/raul-flores-lider\\\/#article\",\"isPartOf\":{\"@id\":\"https:\\\/\\\/coparmexjal.org.mx\\\/entorno-empresarial\\\/raul-flores-lider\\\/\"},\"author\":{\"name\":\"Coparmex Jalisco\",\"@id\":\"https:\\\/\\\/coparmexjal.org.mx\\\/entorno-empresarial\\\/#\\\/schema\\\/person\\\/7d1d56a9587bfb3a725cd3dbfbdb9d44\"},\"headline\":\"Ra\u00fal F. Flores toma compromiso un a\u00f1o m\u00e1s al frente de Coparmex Jalisco\",\"datePublished\":\"2025-03-04T20:19:00+00:00\",\"dateModified\":\"2025-03-05T15:30:20+00:00\",\"mainEntityOfPage\":{\"@id\":\"https:\\\/\\\/coparmexjal.org.mx\\\/entorno-empresarial\\\/raul-flores-lider\\\/\"},\"wordCount\":614,\"commentCount\":0,\"publisher\":{\"@id\":\"https:\\\/\\\/coparmexjal.org.mx\\\/entorno-empresarial\\\/#organization\"},\"image\":{\"@id\":\"https:\\\/\\\/coparmexjal.org.mx\\\/entorno-empresarial\\\/raul-flores-lider\\\/#primaryimage\"},\"thumbnailUrl\":\"https:\\\/\\\/coparmexjal.org.mx\\\/entorno-empresarial\\\/wp-content\\\/uploads\\\/2025\\\/03\\\/Marco-fotos_41.jpg\",\"keywords\":[\"Cayetana Alvarez de Toledo\",\"coparmex jalisco\",\"empresas\",\"Jalisco\",\"Jose Medina Mora\",\"Punto Empresarial\",\"Raul Flores\"],\"articleSection\":[\"Noticias\"],\"inLanguage\":\"es\",\"potentialAction\":[{\"@type\":\"CommentAction\",\"name\":\"Comment\",\"target\":[\"https:\\\/\\\/coparmexjal.org.mx\\\/entorno-empresarial\\\/raul-flores-lider\\\/#respond\"]}]},{\"@type\":\"WebPage\",\"@id\":\"https:\\\/\\\/coparmexjal.org.mx\\\/entorno-empresarial\\\/raul-flores-lider\\\/\",\"url\":\"https:\\\/\\\/coparmexjal.org.mx\\\/entorno-empresarial\\\/raul-flores-lider\\\/\",\"name\":\"Ra\u00fal F. Flores lidera un a\u00f1o m\u00e1s en Coparmex Jalisco.\",\"isPartOf\":{\"@id\":\"https:\\\/\\\/coparmexjal.org.mx\\\/entorno-empresarial\\\/#website\"},\"primaryImageOfPage\":{\"@id\":\"https:\\\/\\\/coparmexjal.org.mx\\\/entorno-empresarial\\\/raul-flores-lider\\\/#primaryimage\"},\"image\":{\"@id\":\"https:\\\/\\\/coparmexjal.org.mx\\\/entorno-empresarial\\\/raul-flores-lider\\\/#primaryimage\"},\"thumbnailUrl\":\"https:\\\/\\\/coparmexjal.org.mx\\\/entorno-empresarial\\\/wp-content\\\/uploads\\\/2025\\\/03\\\/Marco-fotos_41.jpg\",\"datePublished\":\"2025-03-04T20:19:00+00:00\",\"dateModified\":\"2025-03-05T15:30:20+00:00\",\"description\":\"Ra\u00fal F. Flores reafirma su compromiso como presidente de Coparmex Jalisco, destacando logros en desarrollo econ\u00f3mico.\",\"breadcrumb\":{\"@id\":\"https:\\\/\\\/coparmexjal.org.mx\\\/entorno-empresarial\\\/raul-flores-lider\\\/#breadcrumb\"},\"inLanguage\":\"es\",\"potentialAction\":[{\"@type\":\"ReadAction\",\"target\":[\"https:\\\/\\\/coparmexjal.org.mx\\\/entorno-empresarial\\\/raul-flores-lider\\\/\"]}]},{\"@type\":\"ImageObject\",\"inLanguage\":\"es\",\"@id\":\"https:\\\/\\\/coparmexjal.org.mx\\\/entorno-empresarial\\\/raul-flores-lider\\\/#primaryimage\",\"url\":\"https:\\\/\\\/coparmexjal.org.mx\\\/entorno-empresarial\\\/wp-content\\\/uploads\\\/2025\\\/03\\\/Marco-fotos_41.jpg\",\"contentUrl\":\"https:\\\/\\\/coparmexjal.org.mx\\\/entorno-empresarial\\\/wp-content\\\/uploads\\\/2025\\\/03\\\/Marco-fotos_41.jpg\",\"width\":1716,\"height\":800},{\"@type\":\"BreadcrumbList\",\"@id\":\"https:\\\/\\\/coparmexjal.org.mx\\\/entorno-empresarial\\\/raul-flores-lider\\\/#breadcrumb\",\"itemListElement\":[{\"@type\":\"ListItem\",\"position\":1,\"name\":\"Inicio\",\"item\":\"https:\\\/\\\/coparmexjal.org.mx\\\/entorno-empresarial\\\/\"},{\"@type\":\"ListItem\",\"position\":2,\"name\":\"Ra\u00fal F. Flores toma compromiso un a\u00f1o m\u00e1s al frente de Coparmex Jalisco\"}]},{\"@type\":\"WebSite\",\"@id\":\"https:\\\/\\\/coparmexjal.org.mx\\\/entorno-empresarial\\\/#website\",\"url\":\"https:\\\/\\\/coparmexjal.org.mx\\\/entorno-empresarial\\\/\",\"name\":\"Revista Entorno Empresarial\",\"description\":\"Coparmex Jalisco\",\"publisher\":{\"@id\":\"https:\\\/\\\/coparmexjal.org.mx\\\/entorno-empresarial\\\/#organization\"},\"potentialAction\":[{\"@type\":\"SearchAction\",\"target\":{\"@type\":\"EntryPoint\",\"urlTemplate\":\"https:\\\/\\\/coparmexjal.org.mx\\\/entorno-empresarial\\\/?s={search_term_string}\"},\"query-input\":{\"@type\":\"PropertyValueSpecification\",\"valueRequired\":true,\"valueName\":\"search_term_string\"}}],\"inLanguage\":\"es\"},{\"@type\":\"Organization\",\"@id\":\"https:\\\/\\\/coparmexjal.org.mx\\\/entorno-empresarial\\\/#organization\",\"name\":\"Coparmex Jalisco\",\"url\":\"https:\\\/\\\/coparmexjal.org.mx\\\/entorno-empresarial\\\/\",\"logo\":{\"@type\":\"ImageObject\",\"inLanguage\":\"es\",\"@id\":\"https:\\\/\\\/coparmexjal.org.mx\\\/entorno-empresarial\\\/#\\\/schema\\\/logo\\\/image\\\/\",\"url\":\"https:\\\/\\\/coparmexjal.org.mx\\\/entorno-empresarial\\\/wp-content\\\/uploads\\\/2020\\\/02\\\/logo-amp.png\",\"contentUrl\":\"https:\\\/\\\/coparmexjal.org.mx\\\/entorno-empresarial\\\/wp-content\\\/uploads\\\/2020\\\/02\\\/logo-amp.png\",\"width\":120,\"height\":90,\"caption\":\"Coparmex Jalisco\"},\"image\":{\"@id\":\"https:\\\/\\\/coparmexjal.org.mx\\\/entorno-empresarial\\\/#\\\/schema\\\/logo\\\/image\\\/\"},\"sameAs\":[\"https:\\\/\\\/facebook.com\\\/comcoparmex\",\"https:\\\/\\\/x.com\\\/comcoparmex\",\"http:\\\/\\\/instagram.com\\\/coparmexjalisco\",\"https:\\\/\\\/mx.linkedin.com\\\/company\\\/coparmex-jalisco\",\"https:\\\/\\\/www.youtube.com\\\/c\\\/CoparmexJaliscomx\"]},{\"@type\":\"Person\",\"@id\":\"https:\\\/\\\/coparmexjal.org.mx\\\/entorno-empresarial\\\/#\\\/schema\\\/person\\\/7d1d56a9587bfb3a725cd3dbfbdb9d44\",\"name\":\"Coparmex Jalisco\",\"image\":{\"@type\":\"ImageObject\",\"inLanguage\":\"es\",\"@id\":\"https:\\\/\\\/coparmexjal.org.mx\\\/entorno-empresarial\\\/wp-content\\\/uploads\\\/2020\\\/06\\\/favicon-150x133.png\",\"url\":\"https:\\\/\\\/coparmexjal.org.mx\\\/entorno-empresarial\\\/wp-content\\\/uploads\\\/2020\\\/06\\\/favicon-150x133.png\",\"contentUrl\":\"https:\\\/\\\/coparmexjal.org.mx\\\/entorno-empresarial\\\/wp-content\\\/uploads\\\/2020\\\/06\\\/favicon-150x133.png\",\"caption\":\"Coparmex Jalisco\"},\"url\":\"https:\\\/\\\/coparmexjal.org.mx\\\/entorno-empresarial\\\/author\\\/coparmexjalisco\\\/\"}]}<\/script>\n<!-- \/ Yoast SEO plugin. -->","yoast_head_json":{"title":"Ra\u00fal F. Flores lidera un a\u00f1o m\u00e1s en Coparmex Jalisco.","description":"Ra\u00fal F. Flores reafirma su compromiso como presidente de Coparmex Jalisco, destacando logros en desarrollo econ\u00f3mico.","robots":{"index":"index","follow":"follow","max-snippet":"max-snippet:-1","max-image-preview":"max-image-preview:large","max-video-preview":"max-video-preview:-1"},"canonical":"https:\/\/coparmexjal.org.mx\/entorno-empresarial\/raul-flores-lider\/","og_locale":"es_MX","og_type":"article","og_title":"Ra\u00fal F. Flores lidera un a\u00f1o m\u00e1s en Coparmex Jalisco.","og_description":"Ra\u00fal F. Flores reafirma su compromiso como presidente de Coparmex Jalisco, destacando logros en desarrollo econ\u00f3mico.","og_url":"https:\/\/coparmexjal.org.mx\/entorno-empresarial\/raul-flores-lider\/","og_site_name":"Entorno Empresarial","article_publisher":"https:\/\/facebook.com\/comcoparmex","article_published_time":"2025-03-04T20:19:00+00:00","article_modified_time":"2025-03-05T15:30:20+00:00","og_image":[{"width":1716,"height":800,"url":"https:\/\/coparmexjal.org.mx\/entorno-empresarial\/wp-content\/uploads\/2025\/03\/Marco-fotos_41.jpg","type":"image\/jpeg"}],"author":"Coparmex Jalisco","twitter_card":"summary_large_image","twitter_creator":"@comcoparmex","twitter_site":"@comcoparmex","twitter_misc":{"Escrito por":"Coparmex Jalisco","Tiempo de lectura":"4 minutos"},"schema":{"@context":"https:\/\/schema.org","@graph":[{"@type":"Article","@id":"https:\/\/coparmexjal.org.mx\/entorno-empresarial\/raul-flores-lider\/#article","isPartOf":{"@id":"https:\/\/coparmexjal.org.mx\/entorno-empresarial\/raul-flores-lider\/"},"author":{"name":"Coparmex Jalisco","@id":"https:\/\/coparmexjal.org.mx\/entorno-empresarial\/#\/schema\/person\/7d1d56a9587bfb3a725cd3dbfbdb9d44"},"headline":"Ra\u00fal F. Flores toma compromiso un a\u00f1o m\u00e1s al frente de Coparmex Jalisco","datePublished":"2025-03-04T20:19:00+00:00","dateModified":"2025-03-05T15:30:20+00:00","mainEntityOfPage":{"@id":"https:\/\/coparmexjal.org.mx\/entorno-empresarial\/raul-flores-lider\/"},"wordCount":614,"commentCount":0,"publisher":{"@id":"https:\/\/coparmexjal.org.mx\/entorno-empresarial\/#organization"},"image":{"@id":"https:\/\/coparmexjal.org.mx\/entorno-empresarial\/raul-flores-lider\/#primaryimage"},"thumbnailUrl":"https:\/\/coparmexjal.org.mx\/entorno-empresarial\/wp-content\/uploads\/2025\/03\/Marco-fotos_41.jpg","keywords":["Cayetana Alvarez de Toledo","coparmex jalisco","empresas","Jalisco","Jose Medina Mora","Punto Empresarial","Raul Flores"],"articleSection":["Noticias"],"inLanguage":"es","potentialAction":[{"@type":"CommentAction","name":"Comment","target":["https:\/\/coparmexjal.org.mx\/entorno-empresarial\/raul-flores-lider\/#respond"]}]},{"@type":"WebPage","@id":"https:\/\/coparmexjal.org.mx\/entorno-empresarial\/raul-flores-lider\/","url":"https:\/\/coparmexjal.org.mx\/entorno-empresarial\/raul-flores-lider\/","name":"Ra\u00fal F. Flores lidera un a\u00f1o m\u00e1s en Coparmex Jalisco.","isPartOf":{"@id":"https:\/\/coparmexjal.org.mx\/entorno-empresarial\/#website"},"primaryImageOfPage":{"@id":"https:\/\/coparmexjal.org.mx\/entorno-empresarial\/raul-flores-lider\/#primaryimage"},"image":{"@id":"https:\/\/coparmexjal.org.mx\/entorno-empresarial\/raul-flores-lider\/#primaryimage"},"thumbnailUrl":"https:\/\/coparmexjal.org.mx\/entorno-empresarial\/wp-content\/uploads\/2025\/03\/Marco-fotos_41.jpg","datePublished":"2025-03-04T20:19:00+00:00","dateModified":"2025-03-05T15:30:20+00:00","description":"Ra\u00fal F. Flores reafirma su compromiso como presidente de Coparmex Jalisco, destacando logros en desarrollo econ\u00f3mico.","breadcrumb":{"@id":"https:\/\/coparmexjal.org.mx\/entorno-empresarial\/raul-flores-lider\/#breadcrumb"},"inLanguage":"es","potentialAction":[{"@type":"ReadAction","target":["https:\/\/coparmexjal.org.mx\/entorno-empresarial\/raul-flores-lider\/"]}]},{"@type":"ImageObject","inLanguage":"es","@id":"https:\/\/coparmexjal.org.mx\/entorno-empresarial\/raul-flores-lider\/#primaryimage","url":"https:\/\/coparmexjal.org.mx\/entorno-empresarial\/wp-content\/uploads\/2025\/03\/Marco-fotos_41.jpg","contentUrl":"https:\/\/coparmexjal.org.mx\/entorno-empresarial\/wp-content\/uploads\/2025\/03\/Marco-fotos_41.jpg","width":1716,"height":800},{"@type":"BreadcrumbList","@id":"https:\/\/coparmexjal.org.mx\/entorno-empresarial\/raul-flores-lider\/#breadcrumb","itemListElement":[{"@type":"ListItem","position":1,"name":"Inicio","item":"https:\/\/coparmexjal.org.mx\/entorno-empresarial\/"},{"@type":"ListItem","position":2,"name":"Ra\u00fal F. Flores toma compromiso un a\u00f1o m\u00e1s al frente de Coparmex Jalisco"}]},{"@type":"WebSite","@id":"https:\/\/coparmexjal.org.mx\/entorno-empresarial\/#website","url":"https:\/\/coparmexjal.org.mx\/entorno-empresarial\/","name":"Revista Entorno Empresarial","description":"Coparmex Jalisco","publisher":{"@id":"https:\/\/coparmexjal.org.mx\/entorno-empresarial\/#organization"},"potentialAction":[{"@type":"SearchAction","target":{"@type":"EntryPoint","urlTemplate":"https:\/\/coparmexjal.org.mx\/entorno-empresarial\/?s={search_term_string}"},"query-input":{"@type":"PropertyValueSpecification","valueRequired":true,"valueName":"search_term_string"}}],"inLanguage":"es"},{"@type":"Organization","@id":"https:\/\/coparmexjal.org.mx\/entorno-empresarial\/#organization","name":"Coparmex Jalisco","url":"https:\/\/coparmexjal.org.mx\/entorno-empresarial\/","logo":{"@type":"ImageObject","inLanguage":"es","@id":"https:\/\/coparmexjal.org.mx\/entorno-empresarial\/#\/schema\/logo\/image\/","url":"https:\/\/coparmexjal.org.mx\/entorno-empresarial\/wp-content\/uploads\/2020\/02\/logo-amp.png","contentUrl":"https:\/\/coparmexjal.org.mx\/entorno-empresarial\/wp-content\/uploads\/2020\/02\/logo-amp.png","width":120,"height":90,"caption":"Coparmex Jalisco"},"image":{"@id":"https:\/\/coparmexjal.org.mx\/entorno-empresarial\/#\/schema\/logo\/image\/"},"sameAs":["https:\/\/facebook.com\/comcoparmex","https:\/\/x.com\/comcoparmex","http:\/\/instagram.com\/coparmexjalisco","https:\/\/mx.linkedin.com\/company\/coparmex-jalisco","https:\/\/www.youtube.com\/c\/CoparmexJaliscomx"]},{"@type":"Person","@id":"https:\/\/coparmexjal.org.mx\/entorno-empresarial\/#\/schema\/person\/7d1d56a9587bfb3a725cd3dbfbdb9d44","name":"Coparmex Jalisco","image":{"@type":"ImageObject","inLanguage":"es","@id":"https:\/\/coparmexjal.org.mx\/entorno-empresarial\/wp-content\/uploads\/2020\/06\/favicon-150x133.png","url":"https:\/\/coparmexjal.org.mx\/entorno-empresarial\/wp-content\/uploads\/2020\/06\/favicon-150x133.png","contentUrl":"https:\/\/coparmexjal.org.mx\/entorno-empresarial\/wp-content\/uploads\/2020\/06\/favicon-150x133.png","caption":"Coparmex Jalisco"},"url":"https:\/\/coparmexjal.org.mx\/entorno-empresarial\/author\/coparmexjalisco\/"}]}},"_links":{"self":[{"href":"https:\/\/coparmexjal.org.mx\/entorno-empresarial\/wp-json\/wp\/v2\/posts\/7646","targetHints":{"allow":["GET"]}}],"collection":[{"href":"https:\/\/coparmexjal.org.mx\/entorno-empresarial\/wp-json\/wp\/v2\/posts"}],"about":[{"href":"https:\/\/coparmexjal.org.mx\/entorno-empresarial\/wp-json\/wp\/v2\/types\/post"}],"author":[{"embeddable":true,"href":"https:\/\/coparmexjal.org.mx\/entorno-empresarial\/wp-json\/wp\/v2\/users\/2"}],"replies":[{"embeddable":true,"href":"https:\/\/coparmexjal.org.mx\/entorno-empresarial\/wp-json\/wp\/v2\/comments?post=7646"}],"version-history":[{"count":2,"href":"https:\/\/coparmexjal.org.mx\/entorno-empresarial\/wp-json\/wp\/v2\/posts\/7646\/revisions"}],"predecessor-version":[{"id":7651,"href":"https:\/\/coparmexjal.org.mx\/entorno-empresarial\/wp-json\/wp\/v2\/posts\/7646\/revisions\/7651"}],"wp:featuredmedia":[{"embeddable":true,"href":"https:\/\/coparmexjal.org.mx\/entorno-empresarial\/wp-json\/wp\/v2\/media\/7649"}],"wp:attachment":[{"href":"https:\/\/coparmexjal.org.mx\/entorno-empresarial\/wp-json\/wp\/v2\/media?parent=7646"}],"wp:term":[{"taxonomy":"category","embeddable":true,"href":"https:\/\/coparmexjal.org.mx\/entorno-empresarial\/wp-json\/wp\/v2\/categories?post=7646"},{"taxonomy":"post_tag","embeddable":true,"href":"https:\/\/coparmexjal.org.mx\/entorno-empresarial\/wp-json\/wp\/v2\/tags?post=7646"}],"curies":[{"name":"wp","href":"https:\/\/api.w.org\/{rel}","templated":true}]}}