{"id":7577,"date":"2024-11-25T18:20:17","date_gmt":"2024-11-26T00:20:17","guid":{"rendered":"https:\/\/coparmexjal.org.mx\/entorno-empresarial\/?p=7577"},"modified":"2024-11-25T18:20:17","modified_gmt":"2024-11-26T00:20:17","slug":"aventura-empresa-liderazgo","status":"publish","type":"post","link":"https:\/\/coparmexjal.org.mx\/entorno-empresarial\/aventura-empresa-liderazgo\/","title":{"rendered":"La Aventura Empresarial: Una Gu\u00eda de Aprendizaje y Transformaci\u00f3n"},"content":{"rendered":"\n<p><em>La Aventura de la Empresa<\/em> es m\u00e1s que un libro; es una invitaci\u00f3n a explorar el fascinante mundo de los negocios a trav\u00e9s de las experiencias de dos destacados empresarios mexicanos. Con trayectorias s\u00f3lidas y una visi\u00f3n clara, los autores buscan inspirar y orientar tanto a l\u00edderes como a emprendedores para alcanzar el \u00e9xito, no solo profesional sino tambi\u00e9n personal.<\/p>\n\n\n\n<p>En sus p\u00e1ginas, los autores comparten vivencias aut\u00e9nticas y aprendizajes obtenidos al implementar el modelo <strong>Delphos<\/strong>, dise\u00f1ado por Juan Carlos, uno de los autores. Este enfoque estrat\u00e9gico subraya el poder del lenguaje y la comunicaci\u00f3n, destacando elementos fundamentales como los valores, la definici\u00f3n de objetivos, el an\u00e1lisis FODA y el prop\u00f3sito como eje central. La propuesta plantea que el camino empresarial es como entrenar para un marat\u00f3n: requiere preparaci\u00f3n constante, disciplina y sacrificio. El \u00e9xito no es un destino inmediato, sino el resultado de un esfuerzo sostenido.<\/p>\n\n\n\n<p><strong>Liderazgo: Una Mirada Hacia Adentro<\/strong><\/p>\n\n\n\n<p>Uno de los pilares del libro es la reflexi\u00f3n sobre el liderazgo. Los autores enfatizan que, antes de liderar equipos o empresas, es indispensable liderarse a uno mismo. Esto implica un profundo conocimiento de las propias fortalezas y debilidades, maximizando las primeras y buscando apoyo en un equipo que complemente las segundas. Este enfoque promueve un liderazgo humano, centrado en la persona m\u00e1s que en la rentabilidad, donde el aprendizaje continuo y la capacidad de adaptaci\u00f3n son indispensables.<\/p>\n\n\n\n<p><strong>Resiliencia y Equilibrio: Claves para el \u00c9xito Integral<\/strong><\/p>\n\n\n\n<p>El libro invita a los lectores a abrazar los errores como oportunidades de crecimiento y a mantener una actitud abierta al aprendizaje. Resalta que la resiliencia, el equilibrio entre la vida profesional y personal, y el desarrollo de una visi\u00f3n integral son esenciales para enfrentar los desaf\u00edos del mundo empresarial. A lo largo de la lectura, se presenta un liderazgo que busca trascender los resultados financieros, promoviendo una vida plena y significativa.<\/p>\n\n\n\n<p><strong>Una Gu\u00eda Inspiradora para el Ecosistema Empresarial<\/strong><\/p>\n\n\n\n<p>Con un estilo \u00e1gil y lleno de an\u00e9cdotas, <em>La Aventura de la Empresa<\/em> combina lecciones empresariales con reflexiones personales, brindando una visi\u00f3n integral del ecosistema de negocios. Es una obra dise\u00f1ada para quienes buscan navegar el complejo mundo empresarial sin perder de vista lo verdaderamente importante: el prop\u00f3sito, el equilibrio y la realizaci\u00f3n personal.<\/p>\n\n\n\n<p>Este libro se convierte en un recurso valioso para l\u00edderes y emprendedores que desean superar obst\u00e1culos, mantenerse en constante evoluci\u00f3n y, sobre todo, encontrar satisfacci\u00f3n en el viaje tanto como en la meta.<\/p>\n\n\n<div class=\"wp-block-image\">\n<figure class=\"alignleft size-full is-resized\"><img fetchpriority=\"high\" decoding=\"async\" width=\"539\" height=\"800\" src=\"https:\/\/coparmexjal.org.mx\/entorno-empresarial\/wp-content\/uploads\/2024\/11\/1era-La-aventura-de-la-empresa-BW.jpg\" alt=\"\" class=\"wp-image-7578\" style=\"width:405px;height:auto\" srcset=\"https:\/\/coparmexjal.org.mx\/entorno-empresarial\/wp-content\/uploads\/2024\/11\/1era-La-aventura-de-la-empresa-BW.jpg 539w, https:\/\/coparmexjal.org.mx\/entorno-empresarial\/wp-content\/uploads\/2024\/11\/1era-La-aventura-de-la-empresa-BW-202x300.jpg 202w\" sizes=\"(max-width: 539px) 100vw, 539px\" \/><\/figure><\/div>","protected":false},"excerpt":{"rendered":"<p>La Aventura de la Empresa es m\u00e1s que un libro; es una invitaci\u00f3n a explorar el fascinante mundo de los negocios a trav\u00e9s de las<\/p>\n","protected":false},"author":8,"featured_media":7579,"comment_status":"open","ping_status":"open","sticky":false,"template":"","format":"standard","meta":{"footnotes":""},"categories":[1],"tags":[1517,245,1516,187,1518],"class_list":["post-7577","post","type-post","status-publish","format-standard","has-post-thumbnail","hentry","category-sin-categoria","tag-aprendizaje-continuo","tag-liderazgo-empresarial","tag-modelo-delphos","tag-proposito-empresarial","tag-reflexiones-empresariales"],"yoast_head":"<!-- This site is optimized with the Yoast SEO plugin v27.5 - https:\/\/yoast.com\/product\/yoast-seo-wordpress\/ -->\n<title>C\u00f3mo Liderar desde el Prop\u00f3sito y el Equilibrio<\/title>\n<meta name=\"description\" content=\"Conoce las lecciones de dos empresarios mexicanos y el modelo Delphos en &#039;La Aventura de la Empresa&#039;. Estrategias pr\u00e1cticas para l\u00edderes.\" \/>\n<meta name=\"robots\" content=\"index, follow, max-snippet:-1, max-image-preview:large, max-video-preview:-1\" \/>\n<link rel=\"canonical\" href=\"https:\/\/coparmexjal.org.mx\/entorno-empresarial\/aventura-empresa-liderazgo\/\" \/>\n<meta property=\"og:locale\" content=\"es_MX\" \/>\n<meta property=\"og:type\" content=\"article\" \/>\n<meta property=\"og:title\" content=\"C\u00f3mo Liderar desde el Prop\u00f3sito y el Equilibrio\" \/>\n<meta property=\"og:description\" content=\"Conoce las lecciones de dos empresarios mexicanos y el modelo Delphos en &#039;La Aventura de la Empresa&#039;. Estrategias pr\u00e1cticas para l\u00edderes.\" \/>\n<meta property=\"og:url\" content=\"https:\/\/coparmexjal.org.mx\/entorno-empresarial\/aventura-empresa-liderazgo\/\" \/>\n<meta property=\"og:site_name\" content=\"Entorno Empresarial\" \/>\n<meta property=\"article:publisher\" content=\"https:\/\/facebook.com\/comcoparmex\" \/>\n<meta property=\"article:published_time\" content=\"2024-11-26T00:20:17+00:00\" \/>\n<meta property=\"og:image\" content=\"https:\/\/coparmexjal.org.mx\/entorno-empresarial\/wp-content\/uploads\/2024\/11\/business-executives-discussing-d.jpg\" \/>\n\t<meta property=\"og:image:width\" content=\"1198\" \/>\n\t<meta property=\"og:image:height\" content=\"800\" \/>\n\t<meta property=\"og:image:type\" content=\"image\/jpeg\" \/>\n<meta name=\"author\" content=\"Bertha In\u00e9s Herrer\u00edas Franco\" \/>\n<meta name=\"twitter:card\" content=\"summary_large_image\" \/>\n<meta name=\"twitter:creator\" content=\"@comcoparmex\" \/>\n<meta name=\"twitter:site\" content=\"@comcoparmex\" \/>\n<meta name=\"twitter:label1\" content=\"Escrito por\" \/>\n\t<meta name=\"twitter:data1\" content=\"Bertha In\u00e9s Herrer\u00edas Franco\" \/>\n\t<meta name=\"twitter:label2\" content=\"Tiempo de lectura\" \/>\n\t<meta name=\"twitter:data2\" content=\"3 minutos\" \/>\n<script type=\"application\/ld+json\" class=\"yoast-schema-graph\">{\"@context\":\"https:\\\/\\\/schema.org\",\"@graph\":[{\"@type\":\"Article\",\"@id\":\"https:\\\/\\\/coparmexjal.org.mx\\\/entorno-empresarial\\\/aventura-empresa-liderazgo\\\/#article\",\"isPartOf\":{\"@id\":\"https:\\\/\\\/coparmexjal.org.mx\\\/entorno-empresarial\\\/aventura-empresa-liderazgo\\\/\"},\"author\":{\"name\":\"Bertha In\u00e9s Herrer\u00edas Franco\",\"@id\":\"https:\\\/\\\/coparmexjal.org.mx\\\/entorno-empresarial\\\/#\\\/schema\\\/person\\\/a5631197d27621bced2324279987e56a\"},\"headline\":\"La Aventura Empresarial: Una Gu\u00eda de Aprendizaje y Transformaci\u00f3n\",\"datePublished\":\"2024-11-26T00:20:17+00:00\",\"mainEntityOfPage\":{\"@id\":\"https:\\\/\\\/coparmexjal.org.mx\\\/entorno-empresarial\\\/aventura-empresa-liderazgo\\\/\"},\"wordCount\":447,\"commentCount\":0,\"publisher\":{\"@id\":\"https:\\\/\\\/coparmexjal.org.mx\\\/entorno-empresarial\\\/#organization\"},\"image\":{\"@id\":\"https:\\\/\\\/coparmexjal.org.mx\\\/entorno-empresarial\\\/aventura-empresa-liderazgo\\\/#primaryimage\"},\"thumbnailUrl\":\"https:\\\/\\\/coparmexjal.org.mx\\\/entorno-empresarial\\\/wp-content\\\/uploads\\\/2024\\\/11\\\/business-executives-discussing-d.jpg\",\"keywords\":[\"Aprendizaje continuo\",\"liderazgo empresarial\",\"Modelo Delphos\",\"prop\u00f3sito empresarial\",\"Reflexiones empresariales\"],\"inLanguage\":\"es\",\"potentialAction\":[{\"@type\":\"CommentAction\",\"name\":\"Comment\",\"target\":[\"https:\\\/\\\/coparmexjal.org.mx\\\/entorno-empresarial\\\/aventura-empresa-liderazgo\\\/#respond\"]}]},{\"@type\":\"WebPage\",\"@id\":\"https:\\\/\\\/coparmexjal.org.mx\\\/entorno-empresarial\\\/aventura-empresa-liderazgo\\\/\",\"url\":\"https:\\\/\\\/coparmexjal.org.mx\\\/entorno-empresarial\\\/aventura-empresa-liderazgo\\\/\",\"name\":\"C\u00f3mo Liderar desde el Prop\u00f3sito y el Equilibrio\",\"isPartOf\":{\"@id\":\"https:\\\/\\\/coparmexjal.org.mx\\\/entorno-empresarial\\\/#website\"},\"primaryImageOfPage\":{\"@id\":\"https:\\\/\\\/coparmexjal.org.mx\\\/entorno-empresarial\\\/aventura-empresa-liderazgo\\\/#primaryimage\"},\"image\":{\"@id\":\"https:\\\/\\\/coparmexjal.org.mx\\\/entorno-empresarial\\\/aventura-empresa-liderazgo\\\/#primaryimage\"},\"thumbnailUrl\":\"https:\\\/\\\/coparmexjal.org.mx\\\/entorno-empresarial\\\/wp-content\\\/uploads\\\/2024\\\/11\\\/business-executives-discussing-d.jpg\",\"datePublished\":\"2024-11-26T00:20:17+00:00\",\"description\":\"Conoce las lecciones de dos empresarios mexicanos y el modelo Delphos en 'La Aventura de la Empresa'. Estrategias pr\u00e1cticas para l\u00edderes.\",\"breadcrumb\":{\"@id\":\"https:\\\/\\\/coparmexjal.org.mx\\\/entorno-empresarial\\\/aventura-empresa-liderazgo\\\/#breadcrumb\"},\"inLanguage\":\"es\",\"potentialAction\":[{\"@type\":\"ReadAction\",\"target\":[\"https:\\\/\\\/coparmexjal.org.mx\\\/entorno-empresarial\\\/aventura-empresa-liderazgo\\\/\"]}]},{\"@type\":\"ImageObject\",\"inLanguage\":\"es\",\"@id\":\"https:\\\/\\\/coparmexjal.org.mx\\\/entorno-empresarial\\\/aventura-empresa-liderazgo\\\/#primaryimage\",\"url\":\"https:\\\/\\\/coparmexjal.org.mx\\\/entorno-empresarial\\\/wp-content\\\/uploads\\\/2024\\\/11\\\/business-executives-discussing-d.jpg\",\"contentUrl\":\"https:\\\/\\\/coparmexjal.org.mx\\\/entorno-empresarial\\\/wp-content\\\/uploads\\\/2024\\\/11\\\/business-executives-discussing-d.jpg\",\"width\":1198,\"height\":800},{\"@type\":\"BreadcrumbList\",\"@id\":\"https:\\\/\\\/coparmexjal.org.mx\\\/entorno-empresarial\\\/aventura-empresa-liderazgo\\\/#breadcrumb\",\"itemListElement\":[{\"@type\":\"ListItem\",\"position\":1,\"name\":\"Inicio\",\"item\":\"https:\\\/\\\/coparmexjal.org.mx\\\/entorno-empresarial\\\/\"},{\"@type\":\"ListItem\",\"position\":2,\"name\":\"La Aventura Empresarial: Una Gu\u00eda de Aprendizaje y Transformaci\u00f3n\"}]},{\"@type\":\"WebSite\",\"@id\":\"https:\\\/\\\/coparmexjal.org.mx\\\/entorno-empresarial\\\/#website\",\"url\":\"https:\\\/\\\/coparmexjal.org.mx\\\/entorno-empresarial\\\/\",\"name\":\"Revista Entorno Empresarial\",\"description\":\"Coparmex Jalisco\",\"publisher\":{\"@id\":\"https:\\\/\\\/coparmexjal.org.mx\\\/entorno-empresarial\\\/#organization\"},\"potentialAction\":[{\"@type\":\"SearchAction\",\"target\":{\"@type\":\"EntryPoint\",\"urlTemplate\":\"https:\\\/\\\/coparmexjal.org.mx\\\/entorno-empresarial\\\/?s={search_term_string}\"},\"query-input\":{\"@type\":\"PropertyValueSpecification\",\"valueRequired\":true,\"valueName\":\"search_term_string\"}}],\"inLanguage\":\"es\"},{\"@type\":\"Organization\",\"@id\":\"https:\\\/\\\/coparmexjal.org.mx\\\/entorno-empresarial\\\/#organization\",\"name\":\"Coparmex Jalisco\",\"url\":\"https:\\\/\\\/coparmexjal.org.mx\\\/entorno-empresarial\\\/\",\"logo\":{\"@type\":\"ImageObject\",\"inLanguage\":\"es\",\"@id\":\"https:\\\/\\\/coparmexjal.org.mx\\\/entorno-empresarial\\\/#\\\/schema\\\/logo\\\/image\\\/\",\"url\":\"https:\\\/\\\/coparmexjal.org.mx\\\/entorno-empresarial\\\/wp-content\\\/uploads\\\/2020\\\/02\\\/logo-amp.png\",\"contentUrl\":\"https:\\\/\\\/coparmexjal.org.mx\\\/entorno-empresarial\\\/wp-content\\\/uploads\\\/2020\\\/02\\\/logo-amp.png\",\"width\":120,\"height\":90,\"caption\":\"Coparmex Jalisco\"},\"image\":{\"@id\":\"https:\\\/\\\/coparmexjal.org.mx\\\/entorno-empresarial\\\/#\\\/schema\\\/logo\\\/image\\\/\"},\"sameAs\":[\"https:\\\/\\\/facebook.com\\\/comcoparmex\",\"https:\\\/\\\/x.com\\\/comcoparmex\",\"http:\\\/\\\/instagram.com\\\/coparmexjalisco\",\"https:\\\/\\\/mx.linkedin.com\\\/company\\\/coparmex-jalisco\",\"https:\\\/\\\/www.youtube.com\\\/c\\\/CoparmexJaliscomx\"]},{\"@type\":\"Person\",\"@id\":\"https:\\\/\\\/coparmexjal.org.mx\\\/entorno-empresarial\\\/#\\\/schema\\\/person\\\/a5631197d27621bced2324279987e56a\",\"name\":\"Bertha In\u00e9s Herrer\u00edas Franco\",\"image\":{\"@type\":\"ImageObject\",\"inLanguage\":\"es\",\"@id\":\"https:\\\/\\\/coparmexjal.org.mx\\\/entorno-empresarial\\\/wp-content\\\/uploads\\\/2020\\\/06\\\/lid-150x150.jpg\",\"url\":\"https:\\\/\\\/coparmexjal.org.mx\\\/entorno-empresarial\\\/wp-content\\\/uploads\\\/2020\\\/06\\\/lid-150x150.jpg\",\"contentUrl\":\"https:\\\/\\\/coparmexjal.org.mx\\\/entorno-empresarial\\\/wp-content\\\/uploads\\\/2020\\\/06\\\/lid-150x150.jpg\",\"caption\":\"Bertha In\u00e9s Herrer\u00edas Franco\"},\"description\":\"Gerente de comunicaci\u00f3n de LID Editorial Mexicana\",\"sameAs\":[\"https:\\\/\\\/www.lideditorial.com\"],\"url\":\"https:\\\/\\\/coparmexjal.org.mx\\\/entorno-empresarial\\\/author\\\/bertha-herrerias\\\/\"}]}<\/script>\n<!-- \/ Yoast SEO plugin. -->","yoast_head_json":{"title":"C\u00f3mo Liderar desde el Prop\u00f3sito y el Equilibrio","description":"Conoce las lecciones de dos empresarios mexicanos y el modelo Delphos en 'La Aventura de la Empresa'. Estrategias pr\u00e1cticas para l\u00edderes.","robots":{"index":"index","follow":"follow","max-snippet":"max-snippet:-1","max-image-preview":"max-image-preview:large","max-video-preview":"max-video-preview:-1"},"canonical":"https:\/\/coparmexjal.org.mx\/entorno-empresarial\/aventura-empresa-liderazgo\/","og_locale":"es_MX","og_type":"article","og_title":"C\u00f3mo Liderar desde el Prop\u00f3sito y el Equilibrio","og_description":"Conoce las lecciones de dos empresarios mexicanos y el modelo Delphos en 'La Aventura de la Empresa'. Estrategias pr\u00e1cticas para l\u00edderes.","og_url":"https:\/\/coparmexjal.org.mx\/entorno-empresarial\/aventura-empresa-liderazgo\/","og_site_name":"Entorno Empresarial","article_publisher":"https:\/\/facebook.com\/comcoparmex","article_published_time":"2024-11-26T00:20:17+00:00","og_image":[{"width":1198,"height":800,"url":"https:\/\/coparmexjal.org.mx\/entorno-empresarial\/wp-content\/uploads\/2024\/11\/business-executives-discussing-d.jpg","type":"image\/jpeg"}],"author":"Bertha In\u00e9s Herrer\u00edas Franco","twitter_card":"summary_large_image","twitter_creator":"@comcoparmex","twitter_site":"@comcoparmex","twitter_misc":{"Escrito por":"Bertha In\u00e9s Herrer\u00edas Franco","Tiempo de lectura":"3 minutos"},"schema":{"@context":"https:\/\/schema.org","@graph":[{"@type":"Article","@id":"https:\/\/coparmexjal.org.mx\/entorno-empresarial\/aventura-empresa-liderazgo\/#article","isPartOf":{"@id":"https:\/\/coparmexjal.org.mx\/entorno-empresarial\/aventura-empresa-liderazgo\/"},"author":{"name":"Bertha In\u00e9s Herrer\u00edas Franco","@id":"https:\/\/coparmexjal.org.mx\/entorno-empresarial\/#\/schema\/person\/a5631197d27621bced2324279987e56a"},"headline":"La Aventura Empresarial: Una Gu\u00eda de Aprendizaje y Transformaci\u00f3n","datePublished":"2024-11-26T00:20:17+00:00","mainEntityOfPage":{"@id":"https:\/\/coparmexjal.org.mx\/entorno-empresarial\/aventura-empresa-liderazgo\/"},"wordCount":447,"commentCount":0,"publisher":{"@id":"https:\/\/coparmexjal.org.mx\/entorno-empresarial\/#organization"},"image":{"@id":"https:\/\/coparmexjal.org.mx\/entorno-empresarial\/aventura-empresa-liderazgo\/#primaryimage"},"thumbnailUrl":"https:\/\/coparmexjal.org.mx\/entorno-empresarial\/wp-content\/uploads\/2024\/11\/business-executives-discussing-d.jpg","keywords":["Aprendizaje continuo","liderazgo empresarial","Modelo Delphos","prop\u00f3sito empresarial","Reflexiones empresariales"],"inLanguage":"es","potentialAction":[{"@type":"CommentAction","name":"Comment","target":["https:\/\/coparmexjal.org.mx\/entorno-empresarial\/aventura-empresa-liderazgo\/#respond"]}]},{"@type":"WebPage","@id":"https:\/\/coparmexjal.org.mx\/entorno-empresarial\/aventura-empresa-liderazgo\/","url":"https:\/\/coparmexjal.org.mx\/entorno-empresarial\/aventura-empresa-liderazgo\/","name":"C\u00f3mo Liderar desde el Prop\u00f3sito y el Equilibrio","isPartOf":{"@id":"https:\/\/coparmexjal.org.mx\/entorno-empresarial\/#website"},"primaryImageOfPage":{"@id":"https:\/\/coparmexjal.org.mx\/entorno-empresarial\/aventura-empresa-liderazgo\/#primaryimage"},"image":{"@id":"https:\/\/coparmexjal.org.mx\/entorno-empresarial\/aventura-empresa-liderazgo\/#primaryimage"},"thumbnailUrl":"https:\/\/coparmexjal.org.mx\/entorno-empresarial\/wp-content\/uploads\/2024\/11\/business-executives-discussing-d.jpg","datePublished":"2024-11-26T00:20:17+00:00","description":"Conoce las lecciones de dos empresarios mexicanos y el modelo Delphos en 'La Aventura de la Empresa'. Estrategias pr\u00e1cticas para l\u00edderes.","breadcrumb":{"@id":"https:\/\/coparmexjal.org.mx\/entorno-empresarial\/aventura-empresa-liderazgo\/#breadcrumb"},"inLanguage":"es","potentialAction":[{"@type":"ReadAction","target":["https:\/\/coparmexjal.org.mx\/entorno-empresarial\/aventura-empresa-liderazgo\/"]}]},{"@type":"ImageObject","inLanguage":"es","@id":"https:\/\/coparmexjal.org.mx\/entorno-empresarial\/aventura-empresa-liderazgo\/#primaryimage","url":"https:\/\/coparmexjal.org.mx\/entorno-empresarial\/wp-content\/uploads\/2024\/11\/business-executives-discussing-d.jpg","contentUrl":"https:\/\/coparmexjal.org.mx\/entorno-empresarial\/wp-content\/uploads\/2024\/11\/business-executives-discussing-d.jpg","width":1198,"height":800},{"@type":"BreadcrumbList","@id":"https:\/\/coparmexjal.org.mx\/entorno-empresarial\/aventura-empresa-liderazgo\/#breadcrumb","itemListElement":[{"@type":"ListItem","position":1,"name":"Inicio","item":"https:\/\/coparmexjal.org.mx\/entorno-empresarial\/"},{"@type":"ListItem","position":2,"name":"La Aventura Empresarial: Una Gu\u00eda de Aprendizaje y Transformaci\u00f3n"}]},{"@type":"WebSite","@id":"https:\/\/coparmexjal.org.mx\/entorno-empresarial\/#website","url":"https:\/\/coparmexjal.org.mx\/entorno-empresarial\/","name":"Revista Entorno Empresarial","description":"Coparmex Jalisco","publisher":{"@id":"https:\/\/coparmexjal.org.mx\/entorno-empresarial\/#organization"},"potentialAction":[{"@type":"SearchAction","target":{"@type":"EntryPoint","urlTemplate":"https:\/\/coparmexjal.org.mx\/entorno-empresarial\/?s={search_term_string}"},"query-input":{"@type":"PropertyValueSpecification","valueRequired":true,"valueName":"search_term_string"}}],"inLanguage":"es"},{"@type":"Organization","@id":"https:\/\/coparmexjal.org.mx\/entorno-empresarial\/#organization","name":"Coparmex Jalisco","url":"https:\/\/coparmexjal.org.mx\/entorno-empresarial\/","logo":{"@type":"ImageObject","inLanguage":"es","@id":"https:\/\/coparmexjal.org.mx\/entorno-empresarial\/#\/schema\/logo\/image\/","url":"https:\/\/coparmexjal.org.mx\/entorno-empresarial\/wp-content\/uploads\/2020\/02\/logo-amp.png","contentUrl":"https:\/\/coparmexjal.org.mx\/entorno-empresarial\/wp-content\/uploads\/2020\/02\/logo-amp.png","width":120,"height":90,"caption":"Coparmex Jalisco"},"image":{"@id":"https:\/\/coparmexjal.org.mx\/entorno-empresarial\/#\/schema\/logo\/image\/"},"sameAs":["https:\/\/facebook.com\/comcoparmex","https:\/\/x.com\/comcoparmex","http:\/\/instagram.com\/coparmexjalisco","https:\/\/mx.linkedin.com\/company\/coparmex-jalisco","https:\/\/www.youtube.com\/c\/CoparmexJaliscomx"]},{"@type":"Person","@id":"https:\/\/coparmexjal.org.mx\/entorno-empresarial\/#\/schema\/person\/a5631197d27621bced2324279987e56a","name":"Bertha In\u00e9s Herrer\u00edas Franco","image":{"@type":"ImageObject","inLanguage":"es","@id":"https:\/\/coparmexjal.org.mx\/entorno-empresarial\/wp-content\/uploads\/2020\/06\/lid-150x150.jpg","url":"https:\/\/coparmexjal.org.mx\/entorno-empresarial\/wp-content\/uploads\/2020\/06\/lid-150x150.jpg","contentUrl":"https:\/\/coparmexjal.org.mx\/entorno-empresarial\/wp-content\/uploads\/2020\/06\/lid-150x150.jpg","caption":"Bertha In\u00e9s Herrer\u00edas Franco"},"description":"Gerente de comunicaci\u00f3n de LID Editorial Mexicana","sameAs":["https:\/\/www.lideditorial.com"],"url":"https:\/\/coparmexjal.org.mx\/entorno-empresarial\/author\/bertha-herrerias\/"}]}},"_links":{"self":[{"href":"https:\/\/coparmexjal.org.mx\/entorno-empresarial\/wp-json\/wp\/v2\/posts\/7577","targetHints":{"allow":["GET"]}}],"collection":[{"href":"https:\/\/coparmexjal.org.mx\/entorno-empresarial\/wp-json\/wp\/v2\/posts"}],"about":[{"href":"https:\/\/coparmexjal.org.mx\/entorno-empresarial\/wp-json\/wp\/v2\/types\/post"}],"author":[{"embeddable":true,"href":"https:\/\/coparmexjal.org.mx\/entorno-empresarial\/wp-json\/wp\/v2\/users\/8"}],"replies":[{"embeddable":true,"href":"https:\/\/coparmexjal.org.mx\/entorno-empresarial\/wp-json\/wp\/v2\/comments?post=7577"}],"version-history":[{"count":1,"href":"https:\/\/coparmexjal.org.mx\/entorno-empresarial\/wp-json\/wp\/v2\/posts\/7577\/revisions"}],"predecessor-version":[{"id":7580,"href":"https:\/\/coparmexjal.org.mx\/entorno-empresarial\/wp-json\/wp\/v2\/posts\/7577\/revisions\/7580"}],"wp:featuredmedia":[{"embeddable":true,"href":"https:\/\/coparmexjal.org.mx\/entorno-empresarial\/wp-json\/wp\/v2\/media\/7579"}],"wp:attachment":[{"href":"https:\/\/coparmexjal.org.mx\/entorno-empresarial\/wp-json\/wp\/v2\/media?parent=7577"}],"wp:term":[{"taxonomy":"category","embeddable":true,"href":"https:\/\/coparmexjal.org.mx\/entorno-empresarial\/wp-json\/wp\/v2\/categories?post=7577"},{"taxonomy":"post_tag","embeddable":true,"href":"https:\/\/coparmexjal.org.mx\/entorno-empresarial\/wp-json\/wp\/v2\/tags?post=7577"}],"curies":[{"name":"wp","href":"https:\/\/api.w.org\/{rel}","templated":true}]}}