{"id":7485,"date":"2024-09-03T16:47:25","date_gmt":"2024-09-03T22:47:25","guid":{"rendered":"https:\/\/coparmexjal.org.mx\/entorno-empresarial\/?p=7485"},"modified":"2024-09-03T16:47:26","modified_gmt":"2024-09-03T22:47:26","slug":"potenciar-talento-beneficios","status":"publish","type":"post","link":"https:\/\/coparmexjal.org.mx\/entorno-empresarial\/potenciar-talento-beneficios\/","title":{"rendered":"Potenciando el Talento: Los Beneficios de Capacitar al Personal"},"content":{"rendered":"\n<p>En el panorama empresarial actual, la capacitaci\u00f3n del personal ha dejado de ser una mera formalidad para convertirse en un pilar fundamental del \u00e9xito organizacional. En este art\u00edculo, exploraremos los beneficios de invertir en el desarrollo del personal, destacando c\u00f3mo esta pr\u00e1ctica no solo potencia las habilidades individuales, sino que tambi\u00e9n impulsa la prosperidad de toda la empresa.<\/p>\n\n\n\n<p>1. Elevaci\u00f3n de Habilidades y Competencias:<\/p>\n\n\n\n<p>La capacitaci\u00f3n del personal proporciona una plataforma esencial para elevar y mejorar las habilidades y competencias t\u00e9cnicas de los colaboradores. Desde la adquisici\u00f3n de nuevas destrezas hasta la mejora de competencias existentes, esta inversi\u00f3n en desarrollo no solo impulsa el rendimiento individual, sino que tambi\u00e9n fortalece la competitividad de la empresa en el mercado.<\/p>\n\n\n\n<p>2. Aumento de la Productividad:<\/p>\n\n\n\n<p>Un equipo bien capacitado es m\u00e1s productivo. La capacitaci\u00f3n no solo agrega valor a las habilidades individuales, sino que tambi\u00e9n optimiza los procesos internos. Los colaboradores, equipados con conocimientos actualizados, t\u00e9cnicas eficientes y mejores pr\u00e1cticas, contribuyen directamente a una mayor productividad y eficacia operativa.<\/p>\n\n\n\n<p>3. Adaptabilidad a los Cambios:<\/p>\n\n\n\n<p>En un entorno empresarial que evoluciona constantemente, la capacidad de adaptaci\u00f3n es clave. La capacitaci\u00f3n del personal aumenta la flexibilidad y la agilidad necesarias para enfrentar cambios en la industria, tecnolog\u00eda y metodolog\u00edas de trabajo. Equipar al personal con las herramientas para adaptarse r\u00e1pidamente contribuye a la resiliencia organizacional.<\/p>\n\n\n\n<p>4. Mejora del Compromiso y la Satisfacci\u00f3n Laboral:<\/p>\n\n\n\n<p>La inversi\u00f3n en el desarrollo del personal env\u00eda un mensaje claro de que la empresa valora a sus colaboradores. Esto, a su vez, mejora el compromiso y la satisfacci\u00f3n laboral. Los colaboradores que sienten que la empresa donde trabajan invierte en su crecimiento profesional y bienestar tienden a estar m\u00e1s comprometidos, motivados y satisfechos en su trabajo.<\/p>\n\n\n\n<p>5. Retenci\u00f3n del Talento:<\/p>\n\n\n\n<p>La capacitaci\u00f3n no solo es una herramienta de desarrollo, sino tambi\u00e9n una estrategia efectiva para retener talento clave. Los colaboradores valoran las oportunidades de crecimiento y aprendizaje. Al ofrecer programas de capacitaci\u00f3n, las empresas no solo fortalecen la lealtad de sus colaboradores, sino que tambi\u00e9n construyen un equipo m\u00e1s s\u00f3lido y comprometido.<\/p>\n\n\n\n<p>Si buscamos colaboradores creativos, lideres, flexibles y emp\u00e1ticos, debemos contribuir a su formaci\u00f3n.&nbsp; Cuando las empresas adoptan la filosof\u00eda de convertirse en una escuela, trascienden su rol tradicional como lugares de trabajo para transformarse en entornos de aprendizaje continuo, construyendo no solo equipos altamente capacitados, sino tambi\u00e9n cimientos para enfrentar los desaf\u00edos y las oportunidades futuras con agilidad, innovaci\u00f3n y resiliencia.<\/p>\n\n\n\n<p>El reto es dejar de ver a la capacitaci\u00f3n como un gasto o un requisito y comenzar a verla como una inversi\u00f3n estrat\u00e9gica en el capital m\u00e1s valioso de cualquier empresa: su talento humano.<\/p>\n\n\n<div class=\"wp-block-image\">\n<figure class=\"alignleft size-full\"><img fetchpriority=\"high\" decoding=\"async\" width=\"500\" height=\"500\" src=\"https:\/\/coparmexjal.org.mx\/entorno-empresarial\/wp-content\/uploads\/2024\/09\/WhatsApp-Image-2024-09-03-at-1.42.33-p.m.jpeg\" alt=\"\" class=\"wp-image-7486\" srcset=\"https:\/\/coparmexjal.org.mx\/entorno-empresarial\/wp-content\/uploads\/2024\/09\/WhatsApp-Image-2024-09-03-at-1.42.33-p.m.jpeg 500w, https:\/\/coparmexjal.org.mx\/entorno-empresarial\/wp-content\/uploads\/2024\/09\/WhatsApp-Image-2024-09-03-at-1.42.33-p.m-300x300.jpeg 300w, https:\/\/coparmexjal.org.mx\/entorno-empresarial\/wp-content\/uploads\/2024\/09\/WhatsApp-Image-2024-09-03-at-1.42.33-p.m-150x150.jpeg 150w, https:\/\/coparmexjal.org.mx\/entorno-empresarial\/wp-content\/uploads\/2024\/09\/WhatsApp-Image-2024-09-03-at-1.42.33-p.m-400x400.jpeg 400w\" sizes=\"(max-width: 500px) 100vw, 500px\" \/><\/figure><\/div>","protected":false},"excerpt":{"rendered":"<p>En el panorama empresarial actual, la capacitaci\u00f3n del personal ha dejado de ser una mera formalidad para convertirse en un pilar fundamental del \u00e9xito organizacional.<\/p>\n","protected":false},"author":140,"featured_media":7487,"comment_status":"open","ping_status":"open","sticky":false,"template":"","format":"standard","meta":{"footnotes":""},"categories":[161],"tags":[1444,1450,1445,1451,1448,1449,1446,1447],"class_list":["post-7485","post","type-post","status-publish","format-standard","has-post-thumbnail","hentry","category-emprende","tag-capacitacionlaboral","tag-crecimientolaboral","tag-desarrollodetalento","tag-exitoorganizacional","tag-formacioncontinua","tag-innovacionenempresas","tag-productividadempresarial","tag-retenciondetalento"],"yoast_head":"<!-- This site is optimized with the Yoast SEO plugin v27.5 - https:\/\/yoast.com\/product\/yoast-seo-wordpress\/ -->\n<title>Capacitaci\u00f3n Laboral: Clave para el \u00c9xito Empresarial<\/title>\n<meta name=\"description\" content=\"La capacitaci\u00f3n laboral es fundamental para el crecimiento de tu empresa. Conoce sus beneficios y c\u00f3mo implementar programas efectivos.\" \/>\n<meta name=\"robots\" content=\"index, follow, max-snippet:-1, max-image-preview:large, max-video-preview:-1\" \/>\n<link rel=\"canonical\" href=\"https:\/\/coparmexjal.org.mx\/entorno-empresarial\/potenciar-talento-beneficios\/\" \/>\n<meta property=\"og:locale\" content=\"es_MX\" \/>\n<meta property=\"og:type\" content=\"article\" \/>\n<meta property=\"og:title\" content=\"Capacitaci\u00f3n Laboral: Clave para el \u00c9xito Empresarial\" \/>\n<meta property=\"og:description\" content=\"La capacitaci\u00f3n laboral es fundamental para el crecimiento de tu empresa. Conoce sus beneficios y c\u00f3mo implementar programas efectivos.\" \/>\n<meta property=\"og:url\" content=\"https:\/\/coparmexjal.org.mx\/entorno-empresarial\/potenciar-talento-beneficios\/\" \/>\n<meta property=\"og:site_name\" content=\"Entorno Empresarial\" \/>\n<meta property=\"article:publisher\" content=\"https:\/\/facebook.com\/comcoparmex\" \/>\n<meta property=\"article:published_time\" content=\"2024-09-03T22:47:25+00:00\" \/>\n<meta property=\"article:modified_time\" content=\"2024-09-03T22:47:26+00:00\" \/>\n<meta property=\"og:image\" content=\"https:\/\/coparmexjal.org.mx\/entorno-empresarial\/wp-content\/uploads\/2024\/09\/hands-close-up-co-workers-writin.jpg\" \/>\n\t<meta property=\"og:image:width\" content=\"1436\" \/>\n\t<meta property=\"og:image:height\" content=\"800\" \/>\n\t<meta property=\"og:image:type\" content=\"image\/jpeg\" \/>\n<meta name=\"author\" content=\"Josefina Barboza\" \/>\n<meta name=\"twitter:card\" content=\"summary_large_image\" \/>\n<meta name=\"twitter:creator\" content=\"@comcoparmex\" \/>\n<meta name=\"twitter:site\" content=\"@comcoparmex\" \/>\n<meta name=\"twitter:label1\" content=\"Escrito por\" \/>\n\t<meta name=\"twitter:data1\" content=\"Josefina Barboza\" \/>\n\t<meta name=\"twitter:label2\" content=\"Tiempo de lectura\" \/>\n\t<meta name=\"twitter:data2\" content=\"3 minutos\" \/>\n<script type=\"application\/ld+json\" class=\"yoast-schema-graph\">{\"@context\":\"https:\\\/\\\/schema.org\",\"@graph\":[{\"@type\":\"Article\",\"@id\":\"https:\\\/\\\/coparmexjal.org.mx\\\/entorno-empresarial\\\/potenciar-talento-beneficios\\\/#article\",\"isPartOf\":{\"@id\":\"https:\\\/\\\/coparmexjal.org.mx\\\/entorno-empresarial\\\/potenciar-talento-beneficios\\\/\"},\"author\":{\"name\":\"Josefina Barboza\",\"@id\":\"https:\\\/\\\/coparmexjal.org.mx\\\/entorno-empresarial\\\/#\\\/schema\\\/person\\\/f211e407b5fa70931f45bdfbd52f70a1\"},\"headline\":\"Potenciando el Talento: Los Beneficios de Capacitar al Personal\",\"datePublished\":\"2024-09-03T22:47:25+00:00\",\"dateModified\":\"2024-09-03T22:47:26+00:00\",\"mainEntityOfPage\":{\"@id\":\"https:\\\/\\\/coparmexjal.org.mx\\\/entorno-empresarial\\\/potenciar-talento-beneficios\\\/\"},\"wordCount\":485,\"commentCount\":0,\"publisher\":{\"@id\":\"https:\\\/\\\/coparmexjal.org.mx\\\/entorno-empresarial\\\/#organization\"},\"image\":{\"@id\":\"https:\\\/\\\/coparmexjal.org.mx\\\/entorno-empresarial\\\/potenciar-talento-beneficios\\\/#primaryimage\"},\"thumbnailUrl\":\"https:\\\/\\\/coparmexjal.org.mx\\\/entorno-empresarial\\\/wp-content\\\/uploads\\\/2024\\\/09\\\/hands-close-up-co-workers-writin.jpg\",\"keywords\":[\"Capacitaci\u00f3nLaboral\",\"CrecimientoLaboral\",\"DesarrolloDeTalento\",\"\u00c9xitoOrganizacional\",\"Formaci\u00f3nContinua\",\"Innovaci\u00f3nEnEmpresas\",\"ProductividadEmpresarial\",\"Retenci\u00f3nDeTalento\"],\"articleSection\":[\"Emprende\"],\"inLanguage\":\"es\",\"potentialAction\":[{\"@type\":\"CommentAction\",\"name\":\"Comment\",\"target\":[\"https:\\\/\\\/coparmexjal.org.mx\\\/entorno-empresarial\\\/potenciar-talento-beneficios\\\/#respond\"]}]},{\"@type\":\"WebPage\",\"@id\":\"https:\\\/\\\/coparmexjal.org.mx\\\/entorno-empresarial\\\/potenciar-talento-beneficios\\\/\",\"url\":\"https:\\\/\\\/coparmexjal.org.mx\\\/entorno-empresarial\\\/potenciar-talento-beneficios\\\/\",\"name\":\"Capacitaci\u00f3n Laboral: Clave para el \u00c9xito Empresarial\",\"isPartOf\":{\"@id\":\"https:\\\/\\\/coparmexjal.org.mx\\\/entorno-empresarial\\\/#website\"},\"primaryImageOfPage\":{\"@id\":\"https:\\\/\\\/coparmexjal.org.mx\\\/entorno-empresarial\\\/potenciar-talento-beneficios\\\/#primaryimage\"},\"image\":{\"@id\":\"https:\\\/\\\/coparmexjal.org.mx\\\/entorno-empresarial\\\/potenciar-talento-beneficios\\\/#primaryimage\"},\"thumbnailUrl\":\"https:\\\/\\\/coparmexjal.org.mx\\\/entorno-empresarial\\\/wp-content\\\/uploads\\\/2024\\\/09\\\/hands-close-up-co-workers-writin.jpg\",\"datePublished\":\"2024-09-03T22:47:25+00:00\",\"dateModified\":\"2024-09-03T22:47:26+00:00\",\"description\":\"La capacitaci\u00f3n laboral es fundamental para el crecimiento de tu empresa. Conoce sus beneficios y c\u00f3mo implementar programas efectivos.\",\"breadcrumb\":{\"@id\":\"https:\\\/\\\/coparmexjal.org.mx\\\/entorno-empresarial\\\/potenciar-talento-beneficios\\\/#breadcrumb\"},\"inLanguage\":\"es\",\"potentialAction\":[{\"@type\":\"ReadAction\",\"target\":[\"https:\\\/\\\/coparmexjal.org.mx\\\/entorno-empresarial\\\/potenciar-talento-beneficios\\\/\"]}]},{\"@type\":\"ImageObject\",\"inLanguage\":\"es\",\"@id\":\"https:\\\/\\\/coparmexjal.org.mx\\\/entorno-empresarial\\\/potenciar-talento-beneficios\\\/#primaryimage\",\"url\":\"https:\\\/\\\/coparmexjal.org.mx\\\/entorno-empresarial\\\/wp-content\\\/uploads\\\/2024\\\/09\\\/hands-close-up-co-workers-writin.jpg\",\"contentUrl\":\"https:\\\/\\\/coparmexjal.org.mx\\\/entorno-empresarial\\\/wp-content\\\/uploads\\\/2024\\\/09\\\/hands-close-up-co-workers-writin.jpg\",\"width\":1436,\"height\":800},{\"@type\":\"BreadcrumbList\",\"@id\":\"https:\\\/\\\/coparmexjal.org.mx\\\/entorno-empresarial\\\/potenciar-talento-beneficios\\\/#breadcrumb\",\"itemListElement\":[{\"@type\":\"ListItem\",\"position\":1,\"name\":\"Inicio\",\"item\":\"https:\\\/\\\/coparmexjal.org.mx\\\/entorno-empresarial\\\/\"},{\"@type\":\"ListItem\",\"position\":2,\"name\":\"Potenciando el Talento: Los Beneficios de Capacitar al Personal\"}]},{\"@type\":\"WebSite\",\"@id\":\"https:\\\/\\\/coparmexjal.org.mx\\\/entorno-empresarial\\\/#website\",\"url\":\"https:\\\/\\\/coparmexjal.org.mx\\\/entorno-empresarial\\\/\",\"name\":\"Revista Entorno Empresarial\",\"description\":\"Coparmex Jalisco\",\"publisher\":{\"@id\":\"https:\\\/\\\/coparmexjal.org.mx\\\/entorno-empresarial\\\/#organization\"},\"potentialAction\":[{\"@type\":\"SearchAction\",\"target\":{\"@type\":\"EntryPoint\",\"urlTemplate\":\"https:\\\/\\\/coparmexjal.org.mx\\\/entorno-empresarial\\\/?s={search_term_string}\"},\"query-input\":{\"@type\":\"PropertyValueSpecification\",\"valueRequired\":true,\"valueName\":\"search_term_string\"}}],\"inLanguage\":\"es\"},{\"@type\":\"Organization\",\"@id\":\"https:\\\/\\\/coparmexjal.org.mx\\\/entorno-empresarial\\\/#organization\",\"name\":\"Coparmex Jalisco\",\"url\":\"https:\\\/\\\/coparmexjal.org.mx\\\/entorno-empresarial\\\/\",\"logo\":{\"@type\":\"ImageObject\",\"inLanguage\":\"es\",\"@id\":\"https:\\\/\\\/coparmexjal.org.mx\\\/entorno-empresarial\\\/#\\\/schema\\\/logo\\\/image\\\/\",\"url\":\"https:\\\/\\\/coparmexjal.org.mx\\\/entorno-empresarial\\\/wp-content\\\/uploads\\\/2020\\\/02\\\/logo-amp.png\",\"contentUrl\":\"https:\\\/\\\/coparmexjal.org.mx\\\/entorno-empresarial\\\/wp-content\\\/uploads\\\/2020\\\/02\\\/logo-amp.png\",\"width\":120,\"height\":90,\"caption\":\"Coparmex Jalisco\"},\"image\":{\"@id\":\"https:\\\/\\\/coparmexjal.org.mx\\\/entorno-empresarial\\\/#\\\/schema\\\/logo\\\/image\\\/\"},\"sameAs\":[\"https:\\\/\\\/facebook.com\\\/comcoparmex\",\"https:\\\/\\\/x.com\\\/comcoparmex\",\"http:\\\/\\\/instagram.com\\\/coparmexjalisco\",\"https:\\\/\\\/mx.linkedin.com\\\/company\\\/coparmex-jalisco\",\"https:\\\/\\\/www.youtube.com\\\/c\\\/CoparmexJaliscomx\"]},{\"@type\":\"Person\",\"@id\":\"https:\\\/\\\/coparmexjal.org.mx\\\/entorno-empresarial\\\/#\\\/schema\\\/person\\\/f211e407b5fa70931f45bdfbd52f70a1\",\"name\":\"Josefina Barboza\",\"image\":{\"@type\":\"ImageObject\",\"inLanguage\":\"es\",\"@id\":\"https:\\\/\\\/coparmexjal.org.mx\\\/entorno-empresarial\\\/wp-content\\\/uploads\\\/2024\\\/09\\\/Josefina-Barboza-150x150.jpeg\",\"url\":\"https:\\\/\\\/coparmexjal.org.mx\\\/entorno-empresarial\\\/wp-content\\\/uploads\\\/2024\\\/09\\\/Josefina-Barboza-150x150.jpeg\",\"contentUrl\":\"https:\\\/\\\/coparmexjal.org.mx\\\/entorno-empresarial\\\/wp-content\\\/uploads\\\/2024\\\/09\\\/Josefina-Barboza-150x150.jpeg\",\"caption\":\"Josefina Barboza\"},\"url\":\"https:\\\/\\\/coparmexjal.org.mx\\\/entorno-empresarial\\\/author\\\/josefinabarboza\\\/\"}]}<\/script>\n<!-- \/ Yoast SEO plugin. -->","yoast_head_json":{"title":"Capacitaci\u00f3n Laboral: Clave para el \u00c9xito Empresarial","description":"La capacitaci\u00f3n laboral es fundamental para el crecimiento de tu empresa. Conoce sus beneficios y c\u00f3mo implementar programas efectivos.","robots":{"index":"index","follow":"follow","max-snippet":"max-snippet:-1","max-image-preview":"max-image-preview:large","max-video-preview":"max-video-preview:-1"},"canonical":"https:\/\/coparmexjal.org.mx\/entorno-empresarial\/potenciar-talento-beneficios\/","og_locale":"es_MX","og_type":"article","og_title":"Capacitaci\u00f3n Laboral: Clave para el \u00c9xito Empresarial","og_description":"La capacitaci\u00f3n laboral es fundamental para el crecimiento de tu empresa. Conoce sus beneficios y c\u00f3mo implementar programas efectivos.","og_url":"https:\/\/coparmexjal.org.mx\/entorno-empresarial\/potenciar-talento-beneficios\/","og_site_name":"Entorno Empresarial","article_publisher":"https:\/\/facebook.com\/comcoparmex","article_published_time":"2024-09-03T22:47:25+00:00","article_modified_time":"2024-09-03T22:47:26+00:00","og_image":[{"width":1436,"height":800,"url":"https:\/\/coparmexjal.org.mx\/entorno-empresarial\/wp-content\/uploads\/2024\/09\/hands-close-up-co-workers-writin.jpg","type":"image\/jpeg"}],"author":"Josefina Barboza","twitter_card":"summary_large_image","twitter_creator":"@comcoparmex","twitter_site":"@comcoparmex","twitter_misc":{"Escrito por":"Josefina Barboza","Tiempo de lectura":"3 minutos"},"schema":{"@context":"https:\/\/schema.org","@graph":[{"@type":"Article","@id":"https:\/\/coparmexjal.org.mx\/entorno-empresarial\/potenciar-talento-beneficios\/#article","isPartOf":{"@id":"https:\/\/coparmexjal.org.mx\/entorno-empresarial\/potenciar-talento-beneficios\/"},"author":{"name":"Josefina Barboza","@id":"https:\/\/coparmexjal.org.mx\/entorno-empresarial\/#\/schema\/person\/f211e407b5fa70931f45bdfbd52f70a1"},"headline":"Potenciando el Talento: Los Beneficios de Capacitar al Personal","datePublished":"2024-09-03T22:47:25+00:00","dateModified":"2024-09-03T22:47:26+00:00","mainEntityOfPage":{"@id":"https:\/\/coparmexjal.org.mx\/entorno-empresarial\/potenciar-talento-beneficios\/"},"wordCount":485,"commentCount":0,"publisher":{"@id":"https:\/\/coparmexjal.org.mx\/entorno-empresarial\/#organization"},"image":{"@id":"https:\/\/coparmexjal.org.mx\/entorno-empresarial\/potenciar-talento-beneficios\/#primaryimage"},"thumbnailUrl":"https:\/\/coparmexjal.org.mx\/entorno-empresarial\/wp-content\/uploads\/2024\/09\/hands-close-up-co-workers-writin.jpg","keywords":["Capacitaci\u00f3nLaboral","CrecimientoLaboral","DesarrolloDeTalento","\u00c9xitoOrganizacional","Formaci\u00f3nContinua","Innovaci\u00f3nEnEmpresas","ProductividadEmpresarial","Retenci\u00f3nDeTalento"],"articleSection":["Emprende"],"inLanguage":"es","potentialAction":[{"@type":"CommentAction","name":"Comment","target":["https:\/\/coparmexjal.org.mx\/entorno-empresarial\/potenciar-talento-beneficios\/#respond"]}]},{"@type":"WebPage","@id":"https:\/\/coparmexjal.org.mx\/entorno-empresarial\/potenciar-talento-beneficios\/","url":"https:\/\/coparmexjal.org.mx\/entorno-empresarial\/potenciar-talento-beneficios\/","name":"Capacitaci\u00f3n Laboral: Clave para el \u00c9xito Empresarial","isPartOf":{"@id":"https:\/\/coparmexjal.org.mx\/entorno-empresarial\/#website"},"primaryImageOfPage":{"@id":"https:\/\/coparmexjal.org.mx\/entorno-empresarial\/potenciar-talento-beneficios\/#primaryimage"},"image":{"@id":"https:\/\/coparmexjal.org.mx\/entorno-empresarial\/potenciar-talento-beneficios\/#primaryimage"},"thumbnailUrl":"https:\/\/coparmexjal.org.mx\/entorno-empresarial\/wp-content\/uploads\/2024\/09\/hands-close-up-co-workers-writin.jpg","datePublished":"2024-09-03T22:47:25+00:00","dateModified":"2024-09-03T22:47:26+00:00","description":"La capacitaci\u00f3n laboral es fundamental para el crecimiento de tu empresa. Conoce sus beneficios y c\u00f3mo implementar programas efectivos.","breadcrumb":{"@id":"https:\/\/coparmexjal.org.mx\/entorno-empresarial\/potenciar-talento-beneficios\/#breadcrumb"},"inLanguage":"es","potentialAction":[{"@type":"ReadAction","target":["https:\/\/coparmexjal.org.mx\/entorno-empresarial\/potenciar-talento-beneficios\/"]}]},{"@type":"ImageObject","inLanguage":"es","@id":"https:\/\/coparmexjal.org.mx\/entorno-empresarial\/potenciar-talento-beneficios\/#primaryimage","url":"https:\/\/coparmexjal.org.mx\/entorno-empresarial\/wp-content\/uploads\/2024\/09\/hands-close-up-co-workers-writin.jpg","contentUrl":"https:\/\/coparmexjal.org.mx\/entorno-empresarial\/wp-content\/uploads\/2024\/09\/hands-close-up-co-workers-writin.jpg","width":1436,"height":800},{"@type":"BreadcrumbList","@id":"https:\/\/coparmexjal.org.mx\/entorno-empresarial\/potenciar-talento-beneficios\/#breadcrumb","itemListElement":[{"@type":"ListItem","position":1,"name":"Inicio","item":"https:\/\/coparmexjal.org.mx\/entorno-empresarial\/"},{"@type":"ListItem","position":2,"name":"Potenciando el Talento: Los Beneficios de Capacitar al Personal"}]},{"@type":"WebSite","@id":"https:\/\/coparmexjal.org.mx\/entorno-empresarial\/#website","url":"https:\/\/coparmexjal.org.mx\/entorno-empresarial\/","name":"Revista Entorno Empresarial","description":"Coparmex Jalisco","publisher":{"@id":"https:\/\/coparmexjal.org.mx\/entorno-empresarial\/#organization"},"potentialAction":[{"@type":"SearchAction","target":{"@type":"EntryPoint","urlTemplate":"https:\/\/coparmexjal.org.mx\/entorno-empresarial\/?s={search_term_string}"},"query-input":{"@type":"PropertyValueSpecification","valueRequired":true,"valueName":"search_term_string"}}],"inLanguage":"es"},{"@type":"Organization","@id":"https:\/\/coparmexjal.org.mx\/entorno-empresarial\/#organization","name":"Coparmex Jalisco","url":"https:\/\/coparmexjal.org.mx\/entorno-empresarial\/","logo":{"@type":"ImageObject","inLanguage":"es","@id":"https:\/\/coparmexjal.org.mx\/entorno-empresarial\/#\/schema\/logo\/image\/","url":"https:\/\/coparmexjal.org.mx\/entorno-empresarial\/wp-content\/uploads\/2020\/02\/logo-amp.png","contentUrl":"https:\/\/coparmexjal.org.mx\/entorno-empresarial\/wp-content\/uploads\/2020\/02\/logo-amp.png","width":120,"height":90,"caption":"Coparmex Jalisco"},"image":{"@id":"https:\/\/coparmexjal.org.mx\/entorno-empresarial\/#\/schema\/logo\/image\/"},"sameAs":["https:\/\/facebook.com\/comcoparmex","https:\/\/x.com\/comcoparmex","http:\/\/instagram.com\/coparmexjalisco","https:\/\/mx.linkedin.com\/company\/coparmex-jalisco","https:\/\/www.youtube.com\/c\/CoparmexJaliscomx"]},{"@type":"Person","@id":"https:\/\/coparmexjal.org.mx\/entorno-empresarial\/#\/schema\/person\/f211e407b5fa70931f45bdfbd52f70a1","name":"Josefina Barboza","image":{"@type":"ImageObject","inLanguage":"es","@id":"https:\/\/coparmexjal.org.mx\/entorno-empresarial\/wp-content\/uploads\/2024\/09\/Josefina-Barboza-150x150.jpeg","url":"https:\/\/coparmexjal.org.mx\/entorno-empresarial\/wp-content\/uploads\/2024\/09\/Josefina-Barboza-150x150.jpeg","contentUrl":"https:\/\/coparmexjal.org.mx\/entorno-empresarial\/wp-content\/uploads\/2024\/09\/Josefina-Barboza-150x150.jpeg","caption":"Josefina Barboza"},"url":"https:\/\/coparmexjal.org.mx\/entorno-empresarial\/author\/josefinabarboza\/"}]}},"_links":{"self":[{"href":"https:\/\/coparmexjal.org.mx\/entorno-empresarial\/wp-json\/wp\/v2\/posts\/7485","targetHints":{"allow":["GET"]}}],"collection":[{"href":"https:\/\/coparmexjal.org.mx\/entorno-empresarial\/wp-json\/wp\/v2\/posts"}],"about":[{"href":"https:\/\/coparmexjal.org.mx\/entorno-empresarial\/wp-json\/wp\/v2\/types\/post"}],"author":[{"embeddable":true,"href":"https:\/\/coparmexjal.org.mx\/entorno-empresarial\/wp-json\/wp\/v2\/users\/140"}],"replies":[{"embeddable":true,"href":"https:\/\/coparmexjal.org.mx\/entorno-empresarial\/wp-json\/wp\/v2\/comments?post=7485"}],"version-history":[{"count":1,"href":"https:\/\/coparmexjal.org.mx\/entorno-empresarial\/wp-json\/wp\/v2\/posts\/7485\/revisions"}],"predecessor-version":[{"id":7488,"href":"https:\/\/coparmexjal.org.mx\/entorno-empresarial\/wp-json\/wp\/v2\/posts\/7485\/revisions\/7488"}],"wp:featuredmedia":[{"embeddable":true,"href":"https:\/\/coparmexjal.org.mx\/entorno-empresarial\/wp-json\/wp\/v2\/media\/7487"}],"wp:attachment":[{"href":"https:\/\/coparmexjal.org.mx\/entorno-empresarial\/wp-json\/wp\/v2\/media?parent=7485"}],"wp:term":[{"taxonomy":"category","embeddable":true,"href":"https:\/\/coparmexjal.org.mx\/entorno-empresarial\/wp-json\/wp\/v2\/categories?post=7485"},{"taxonomy":"post_tag","embeddable":true,"href":"https:\/\/coparmexjal.org.mx\/entorno-empresarial\/wp-json\/wp\/v2\/tags?post=7485"}],"curies":[{"name":"wp","href":"https:\/\/api.w.org\/{rel}","templated":true}]}}