{"id":7416,"date":"2024-07-26T14:33:57","date_gmt":"2024-07-26T20:33:57","guid":{"rendered":"https:\/\/coparmexjal.org.mx\/entorno-empresarial\/?p=7416"},"modified":"2024-07-26T14:42:14","modified_gmt":"2024-07-26T20:42:14","slug":"economia-mexicana-elecciones","status":"publish","type":"post","link":"https:\/\/coparmexjal.org.mx\/entorno-empresarial\/economia-mexicana-elecciones\/","title":{"rendered":"Econom\u00eda Mexicana \u00bfQu\u00e9 sigue despu\u00e9s de las elecciones?"},"content":{"rendered":"\n<p>Si bien el resultado de las pasadas elecciones ha generado incertidumbre en los inversionistas y hemos tenido una baja en la paridad cambiaria del peso frente al d\u00f3lar en las \u00faltimas semanas, expertos aseguran que todav\u00eda es anticipado predecir el futuro econ\u00f3mico del pa\u00eds.<\/p>\n\n\n\n<p>Sin duda en este 2024 se presentan varios desaf\u00edos para la econom\u00eda mexicana, teniendo en cuenta el pasado periodo electoral del 2 de junio en M\u00e9xico y los pr\u00f3ximos comicios del vecino del norte en noviembre de este mismo a\u00f1o. Pero concentr\u00e1ndonos en temas dom\u00e9sticos \u00bfqu\u00e9 representa la victoria de Claudia Sheinbaum para las finanzas mexicanas?<\/p>\n\n\n\n<p>Es cierto que todav\u00eda restan poco menos de tres meses para el 1o de octubre, fecha en que se d\u00e9 la sucesi\u00f3n del Ejecutivo Federal en nuestro pa\u00eds, aun as\u00ed, durante todo este mes se han generado una serie de especulaciones sobre lo que depara al pa\u00eds en los pr\u00f3ximos seis a\u00f1os, sobre todo en temas econ\u00f3micos y de inversi\u00f3n extranjera.<\/p>\n\n\n\n<p>Aunque el equipo de la virtual Presidenta se ha mantenido con un discurso de estabilidad en las finanzas p\u00fablicas, relaciones econ\u00f3micas y con las inversiones extranjeras, comprometi\u00e9ndose a la incentivaci\u00f3n del uso de energ\u00edas renovables, disciplina fiscal y el aumento de los salarios m\u00ednimos, tras el resultado avasallante, el 3 de julio se percibieron los primeros signos de incertidumbre.<\/p>\n\n\n\n<p>La depreciaci\u00f3n del peso frente al d\u00f3lar roz\u00f3 el 4.3% apenas conocidos los resultados preliminares del pasado proceso electoral, situ\u00e1ndose en la primera quincena de junio en el 8%, el peor resultado desde 2016 cuando Donald Trump asumi\u00f3 la presidencia de EE.UU, sin embargo, tal como los analistas apuntan, ese retroceso en el tipo de cambio se ve\u00eda venir.<\/p>\n\n\n\n<p>Como primeras reacciones ante el triunfo de la doctora Sheinbaum, los mercados vendieron sus activos comerciales, esto m\u00e1s que por la elecci\u00f3n de la primera mujer Presidenta, se ha asociado seg\u00fan la voz de expertos como Isabella Cota en su columna para El Pa\u00eds, como una consecuencia de la obtenci\u00f3n de una mayor\u00eda calificada en la C\u00e1mara de Diputados, que entre otras cosas abre la puerta a la implementaci\u00f3n del llamado \u201cPlan C\u201d.<\/p>\n\n\n\n<p>El \u201cPlan C\u201d propuesto por el actual Presidente, contempla veinte reformas, dieciocho de ellas a nivel constitucional, entre ellas la elecci\u00f3n de Jueces, Magistrados y Representantes del INE de manera popular, as\u00ed como la eliminaci\u00f3n de plurinominales y de algunos \u00f3rganos aut\u00f3nomos, sobre todo en la parte econ\u00f3mica, lo cual, por su puesto, a los ojos de empresarios e inversores representa un signo de alarma.<\/p>\n\n\n\n<p>Algunos pron\u00f3sticos, como los del medio especializado Forbes, desde antes de las elecciones, predicen un crecimiento continuo de la econom\u00eda del pa\u00eds, auspiciado sobre todo por el creciente nearshoring y la estrecha relaci\u00f3n comercial con nuestro vecino del norte, cuyos resultados macroecon\u00f3micos han impulsado las exportaciones mexicanas.<\/p>\n\n\n\n<p>Dicho medio calcula un crecimiento del PIB del 2.2% al cierre del 2024 y un resultado del 1.9% en los primeros trimestres del 2025, con un pron\u00f3stico de riesgo equilibrado, recogiendo las palabras de Alberto Ramos, jefe de investigaci\u00f3n de Goldman Sachs para Am\u00e9rica Latina.<\/p>\n\n\n\n<p>Aunque las previsiones parecen ser m\u00e1s ben\u00e9volas, es importante que Claudia Sheinbaum ponga especial atenci\u00f3n en el tema fiscal, rubro que pinta retador en comparaci\u00f3n al encontrado por su antecesor, sobre todo en soluciones para la eficiencia del gasto y el incremento en la recaudaci\u00f3n v\u00eda una reforma fiscal, de no suceder lo anterior, se reduce lo atractivo del pa\u00eds para la inversi\u00f3n, lo que inhibe la generaci\u00f3n de riqueza y fuentes de empleos.&nbsp;<\/p>\n\n\n\n<p><\/p>\n","protected":false},"excerpt":{"rendered":"<p>Si bien el resultado de las pasadas elecciones ha generado incertidumbre en los inversionistas y hemos tenido una baja en la paridad cambiaria del peso<\/p>\n","protected":false},"author":113,"featured_media":7419,"comment_status":"open","ping_status":"open","sticky":false,"template":"","format":"standard","meta":{"footnotes":""},"categories":[1182],"tags":[1402,1401,1384,1408,1403,1404,1406,1407,1405,1409],"class_list":["post-7416","post","type-post","status-publish","format-standard","has-post-thumbnail","hentry","category-fiscal","tag-analisis-politico","tag-economia-mexicana","tag-elecciones-2024","tag-impacto-electoral","tag-inversion-extranjera","tag-mercado-cambiario","tag-noticias-de-mexico","tag-perspectivas-economicas","tag-politica-economica","tag-reformas-constitucionales"],"yoast_head":"<!-- This site is optimized with the Yoast SEO plugin v27.5 - https:\/\/yoast.com\/product\/yoast-seo-wordpress\/ -->\n<title>Efectos de las Elecciones en la Econom\u00eda Mexicana<\/title>\n<meta name=\"description\" content=\"Un an\u00e1lisis de c\u00f3mo la econom\u00eda mexicana enfrenta desaf\u00edos y oportunidades tras la victoria de Claudia Sheinbaum en las elecciones.\" \/>\n<meta name=\"robots\" content=\"index, follow, max-snippet:-1, max-image-preview:large, max-video-preview:-1\" \/>\n<link rel=\"canonical\" href=\"https:\/\/coparmexjal.org.mx\/entorno-empresarial\/economia-mexicana-elecciones\/\" \/>\n<meta property=\"og:locale\" content=\"es_MX\" \/>\n<meta property=\"og:type\" content=\"article\" \/>\n<meta property=\"og:title\" content=\"Efectos de las Elecciones en la Econom\u00eda Mexicana\" \/>\n<meta property=\"og:description\" content=\"Un an\u00e1lisis de c\u00f3mo la econom\u00eda mexicana enfrenta desaf\u00edos y oportunidades tras la victoria de Claudia Sheinbaum en las elecciones.\" \/>\n<meta property=\"og:url\" content=\"https:\/\/coparmexjal.org.mx\/entorno-empresarial\/economia-mexicana-elecciones\/\" \/>\n<meta property=\"og:site_name\" content=\"Entorno Empresarial\" \/>\n<meta property=\"article:publisher\" content=\"https:\/\/facebook.com\/comcoparmex\" \/>\n<meta property=\"article:published_time\" content=\"2024-07-26T20:33:57+00:00\" \/>\n<meta property=\"article:modified_time\" content=\"2024-07-26T20:42:14+00:00\" \/>\n<meta property=\"og:image\" content=\"https:\/\/coparmexjal.org.mx\/entorno-empresarial\/wp-content\/uploads\/2024\/07\/economia-mexicana.jpg\" \/>\n\t<meta property=\"og:image:width\" content=\"600\" \/>\n\t<meta property=\"og:image:height\" content=\"400\" \/>\n\t<meta property=\"og:image:type\" content=\"image\/jpeg\" \/>\n<meta name=\"author\" content=\"Francisco Rodr\u00edguez V\u00e1zquez\" \/>\n<meta name=\"twitter:card\" content=\"summary_large_image\" \/>\n<meta name=\"twitter:creator\" content=\"@comcoparmex\" \/>\n<meta name=\"twitter:site\" content=\"@comcoparmex\" \/>\n<meta name=\"twitter:label1\" content=\"Escrito por\" \/>\n\t<meta name=\"twitter:data1\" content=\"Francisco Rodr\u00edguez V\u00e1zquez\" \/>\n\t<meta name=\"twitter:label2\" content=\"Tiempo de lectura\" \/>\n\t<meta name=\"twitter:data2\" content=\"3 minutos\" \/>\n<script type=\"application\/ld+json\" class=\"yoast-schema-graph\">{\"@context\":\"https:\\\/\\\/schema.org\",\"@graph\":[{\"@type\":\"Article\",\"@id\":\"https:\\\/\\\/coparmexjal.org.mx\\\/entorno-empresarial\\\/economia-mexicana-elecciones\\\/#article\",\"isPartOf\":{\"@id\":\"https:\\\/\\\/coparmexjal.org.mx\\\/entorno-empresarial\\\/economia-mexicana-elecciones\\\/\"},\"author\":{\"name\":\"Francisco Rodr\u00edguez V\u00e1zquez\",\"@id\":\"https:\\\/\\\/coparmexjal.org.mx\\\/entorno-empresarial\\\/#\\\/schema\\\/person\\\/b196c635177dc81dead2172154cb5a67\"},\"headline\":\"Econom\u00eda Mexicana \u00bfQu\u00e9 sigue despu\u00e9s de las elecciones?\",\"datePublished\":\"2024-07-26T20:33:57+00:00\",\"dateModified\":\"2024-07-26T20:42:14+00:00\",\"mainEntityOfPage\":{\"@id\":\"https:\\\/\\\/coparmexjal.org.mx\\\/entorno-empresarial\\\/economia-mexicana-elecciones\\\/\"},\"wordCount\":643,\"commentCount\":0,\"publisher\":{\"@id\":\"https:\\\/\\\/coparmexjal.org.mx\\\/entorno-empresarial\\\/#organization\"},\"image\":{\"@id\":\"https:\\\/\\\/coparmexjal.org.mx\\\/entorno-empresarial\\\/economia-mexicana-elecciones\\\/#primaryimage\"},\"thumbnailUrl\":\"https:\\\/\\\/coparmexjal.org.mx\\\/entorno-empresarial\\\/wp-content\\\/uploads\\\/2024\\\/07\\\/economia-mexicana.jpg\",\"keywords\":[\"An\u00e1lisis Pol\u00edtico\",\"Econom\u00eda Mexicana\",\"elecciones 2024\",\"Impacto Electoral\",\"Inversi\u00f3n Extranjera\",\"Mercado Cambiario\",\"Noticias de M\u00e9xico\",\"Perspectivas Econ\u00f3micas\",\"Pol\u00edtica Econ\u00f3mica\",\"Reformas Constitucionales\"],\"articleSection\":[\"Fiscal\"],\"inLanguage\":\"es\",\"potentialAction\":[{\"@type\":\"CommentAction\",\"name\":\"Comment\",\"target\":[\"https:\\\/\\\/coparmexjal.org.mx\\\/entorno-empresarial\\\/economia-mexicana-elecciones\\\/#respond\"]}]},{\"@type\":\"WebPage\",\"@id\":\"https:\\\/\\\/coparmexjal.org.mx\\\/entorno-empresarial\\\/economia-mexicana-elecciones\\\/\",\"url\":\"https:\\\/\\\/coparmexjal.org.mx\\\/entorno-empresarial\\\/economia-mexicana-elecciones\\\/\",\"name\":\"Efectos de las Elecciones en la Econom\u00eda Mexicana\",\"isPartOf\":{\"@id\":\"https:\\\/\\\/coparmexjal.org.mx\\\/entorno-empresarial\\\/#website\"},\"primaryImageOfPage\":{\"@id\":\"https:\\\/\\\/coparmexjal.org.mx\\\/entorno-empresarial\\\/economia-mexicana-elecciones\\\/#primaryimage\"},\"image\":{\"@id\":\"https:\\\/\\\/coparmexjal.org.mx\\\/entorno-empresarial\\\/economia-mexicana-elecciones\\\/#primaryimage\"},\"thumbnailUrl\":\"https:\\\/\\\/coparmexjal.org.mx\\\/entorno-empresarial\\\/wp-content\\\/uploads\\\/2024\\\/07\\\/economia-mexicana.jpg\",\"datePublished\":\"2024-07-26T20:33:57+00:00\",\"dateModified\":\"2024-07-26T20:42:14+00:00\",\"description\":\"Un an\u00e1lisis de c\u00f3mo la econom\u00eda mexicana enfrenta desaf\u00edos y oportunidades tras la victoria de Claudia Sheinbaum en las elecciones.\",\"breadcrumb\":{\"@id\":\"https:\\\/\\\/coparmexjal.org.mx\\\/entorno-empresarial\\\/economia-mexicana-elecciones\\\/#breadcrumb\"},\"inLanguage\":\"es\",\"potentialAction\":[{\"@type\":\"ReadAction\",\"target\":[\"https:\\\/\\\/coparmexjal.org.mx\\\/entorno-empresarial\\\/economia-mexicana-elecciones\\\/\"]}]},{\"@type\":\"ImageObject\",\"inLanguage\":\"es\",\"@id\":\"https:\\\/\\\/coparmexjal.org.mx\\\/entorno-empresarial\\\/economia-mexicana-elecciones\\\/#primaryimage\",\"url\":\"https:\\\/\\\/coparmexjal.org.mx\\\/entorno-empresarial\\\/wp-content\\\/uploads\\\/2024\\\/07\\\/economia-mexicana.jpg\",\"contentUrl\":\"https:\\\/\\\/coparmexjal.org.mx\\\/entorno-empresarial\\\/wp-content\\\/uploads\\\/2024\\\/07\\\/economia-mexicana.jpg\",\"width\":600,\"height\":400},{\"@type\":\"BreadcrumbList\",\"@id\":\"https:\\\/\\\/coparmexjal.org.mx\\\/entorno-empresarial\\\/economia-mexicana-elecciones\\\/#breadcrumb\",\"itemListElement\":[{\"@type\":\"ListItem\",\"position\":1,\"name\":\"Inicio\",\"item\":\"https:\\\/\\\/coparmexjal.org.mx\\\/entorno-empresarial\\\/\"},{\"@type\":\"ListItem\",\"position\":2,\"name\":\"Econom\u00eda Mexicana \u00bfQu\u00e9 sigue despu\u00e9s de las elecciones?\"}]},{\"@type\":\"WebSite\",\"@id\":\"https:\\\/\\\/coparmexjal.org.mx\\\/entorno-empresarial\\\/#website\",\"url\":\"https:\\\/\\\/coparmexjal.org.mx\\\/entorno-empresarial\\\/\",\"name\":\"Revista Entorno Empresarial\",\"description\":\"Coparmex Jalisco\",\"publisher\":{\"@id\":\"https:\\\/\\\/coparmexjal.org.mx\\\/entorno-empresarial\\\/#organization\"},\"potentialAction\":[{\"@type\":\"SearchAction\",\"target\":{\"@type\":\"EntryPoint\",\"urlTemplate\":\"https:\\\/\\\/coparmexjal.org.mx\\\/entorno-empresarial\\\/?s={search_term_string}\"},\"query-input\":{\"@type\":\"PropertyValueSpecification\",\"valueRequired\":true,\"valueName\":\"search_term_string\"}}],\"inLanguage\":\"es\"},{\"@type\":\"Organization\",\"@id\":\"https:\\\/\\\/coparmexjal.org.mx\\\/entorno-empresarial\\\/#organization\",\"name\":\"Coparmex Jalisco\",\"url\":\"https:\\\/\\\/coparmexjal.org.mx\\\/entorno-empresarial\\\/\",\"logo\":{\"@type\":\"ImageObject\",\"inLanguage\":\"es\",\"@id\":\"https:\\\/\\\/coparmexjal.org.mx\\\/entorno-empresarial\\\/#\\\/schema\\\/logo\\\/image\\\/\",\"url\":\"https:\\\/\\\/coparmexjal.org.mx\\\/entorno-empresarial\\\/wp-content\\\/uploads\\\/2020\\\/02\\\/logo-amp.png\",\"contentUrl\":\"https:\\\/\\\/coparmexjal.org.mx\\\/entorno-empresarial\\\/wp-content\\\/uploads\\\/2020\\\/02\\\/logo-amp.png\",\"width\":120,\"height\":90,\"caption\":\"Coparmex Jalisco\"},\"image\":{\"@id\":\"https:\\\/\\\/coparmexjal.org.mx\\\/entorno-empresarial\\\/#\\\/schema\\\/logo\\\/image\\\/\"},\"sameAs\":[\"https:\\\/\\\/facebook.com\\\/comcoparmex\",\"https:\\\/\\\/x.com\\\/comcoparmex\",\"http:\\\/\\\/instagram.com\\\/coparmexjalisco\",\"https:\\\/\\\/mx.linkedin.com\\\/company\\\/coparmex-jalisco\",\"https:\\\/\\\/www.youtube.com\\\/c\\\/CoparmexJaliscomx\"]},{\"@type\":\"Person\",\"@id\":\"https:\\\/\\\/coparmexjal.org.mx\\\/entorno-empresarial\\\/#\\\/schema\\\/person\\\/b196c635177dc81dead2172154cb5a67\",\"name\":\"Francisco Rodr\u00edguez V\u00e1zquez\",\"image\":{\"@type\":\"ImageObject\",\"inLanguage\":\"es\",\"@id\":\"https:\\\/\\\/secure.gravatar.com\\\/avatar\\\/1e15c4a2b41425b46f5e9e781752db6cfbbbf95a6695df9cd52da0446d4580ae?s=96&d=mm&r=g\",\"url\":\"https:\\\/\\\/secure.gravatar.com\\\/avatar\\\/1e15c4a2b41425b46f5e9e781752db6cfbbbf95a6695df9cd52da0446d4580ae?s=96&d=mm&r=g\",\"contentUrl\":\"https:\\\/\\\/secure.gravatar.com\\\/avatar\\\/1e15c4a2b41425b46f5e9e781752db6cfbbbf95a6695df9cd52da0446d4580ae?s=96&d=mm&r=g\",\"caption\":\"Francisco Rodr\u00edguez V\u00e1zquez\"},\"url\":\"https:\\\/\\\/coparmexjal.org.mx\\\/entorno-empresarial\\\/author\\\/cpc-y-mi-francisco-rodriguez-vazquez\\\/\"}]}<\/script>\n<!-- \/ Yoast SEO plugin. -->","yoast_head_json":{"title":"Efectos de las Elecciones en la Econom\u00eda Mexicana","description":"Un an\u00e1lisis de c\u00f3mo la econom\u00eda mexicana enfrenta desaf\u00edos y oportunidades tras la victoria de Claudia Sheinbaum en las elecciones.","robots":{"index":"index","follow":"follow","max-snippet":"max-snippet:-1","max-image-preview":"max-image-preview:large","max-video-preview":"max-video-preview:-1"},"canonical":"https:\/\/coparmexjal.org.mx\/entorno-empresarial\/economia-mexicana-elecciones\/","og_locale":"es_MX","og_type":"article","og_title":"Efectos de las Elecciones en la Econom\u00eda Mexicana","og_description":"Un an\u00e1lisis de c\u00f3mo la econom\u00eda mexicana enfrenta desaf\u00edos y oportunidades tras la victoria de Claudia Sheinbaum en las elecciones.","og_url":"https:\/\/coparmexjal.org.mx\/entorno-empresarial\/economia-mexicana-elecciones\/","og_site_name":"Entorno Empresarial","article_publisher":"https:\/\/facebook.com\/comcoparmex","article_published_time":"2024-07-26T20:33:57+00:00","article_modified_time":"2024-07-26T20:42:14+00:00","og_image":[{"width":600,"height":400,"url":"https:\/\/coparmexjal.org.mx\/entorno-empresarial\/wp-content\/uploads\/2024\/07\/economia-mexicana.jpg","type":"image\/jpeg"}],"author":"Francisco Rodr\u00edguez V\u00e1zquez","twitter_card":"summary_large_image","twitter_creator":"@comcoparmex","twitter_site":"@comcoparmex","twitter_misc":{"Escrito por":"Francisco Rodr\u00edguez V\u00e1zquez","Tiempo de lectura":"3 minutos"},"schema":{"@context":"https:\/\/schema.org","@graph":[{"@type":"Article","@id":"https:\/\/coparmexjal.org.mx\/entorno-empresarial\/economia-mexicana-elecciones\/#article","isPartOf":{"@id":"https:\/\/coparmexjal.org.mx\/entorno-empresarial\/economia-mexicana-elecciones\/"},"author":{"name":"Francisco Rodr\u00edguez V\u00e1zquez","@id":"https:\/\/coparmexjal.org.mx\/entorno-empresarial\/#\/schema\/person\/b196c635177dc81dead2172154cb5a67"},"headline":"Econom\u00eda Mexicana \u00bfQu\u00e9 sigue despu\u00e9s de las elecciones?","datePublished":"2024-07-26T20:33:57+00:00","dateModified":"2024-07-26T20:42:14+00:00","mainEntityOfPage":{"@id":"https:\/\/coparmexjal.org.mx\/entorno-empresarial\/economia-mexicana-elecciones\/"},"wordCount":643,"commentCount":0,"publisher":{"@id":"https:\/\/coparmexjal.org.mx\/entorno-empresarial\/#organization"},"image":{"@id":"https:\/\/coparmexjal.org.mx\/entorno-empresarial\/economia-mexicana-elecciones\/#primaryimage"},"thumbnailUrl":"https:\/\/coparmexjal.org.mx\/entorno-empresarial\/wp-content\/uploads\/2024\/07\/economia-mexicana.jpg","keywords":["An\u00e1lisis Pol\u00edtico","Econom\u00eda Mexicana","elecciones 2024","Impacto Electoral","Inversi\u00f3n Extranjera","Mercado Cambiario","Noticias de M\u00e9xico","Perspectivas Econ\u00f3micas","Pol\u00edtica Econ\u00f3mica","Reformas Constitucionales"],"articleSection":["Fiscal"],"inLanguage":"es","potentialAction":[{"@type":"CommentAction","name":"Comment","target":["https:\/\/coparmexjal.org.mx\/entorno-empresarial\/economia-mexicana-elecciones\/#respond"]}]},{"@type":"WebPage","@id":"https:\/\/coparmexjal.org.mx\/entorno-empresarial\/economia-mexicana-elecciones\/","url":"https:\/\/coparmexjal.org.mx\/entorno-empresarial\/economia-mexicana-elecciones\/","name":"Efectos de las Elecciones en la Econom\u00eda Mexicana","isPartOf":{"@id":"https:\/\/coparmexjal.org.mx\/entorno-empresarial\/#website"},"primaryImageOfPage":{"@id":"https:\/\/coparmexjal.org.mx\/entorno-empresarial\/economia-mexicana-elecciones\/#primaryimage"},"image":{"@id":"https:\/\/coparmexjal.org.mx\/entorno-empresarial\/economia-mexicana-elecciones\/#primaryimage"},"thumbnailUrl":"https:\/\/coparmexjal.org.mx\/entorno-empresarial\/wp-content\/uploads\/2024\/07\/economia-mexicana.jpg","datePublished":"2024-07-26T20:33:57+00:00","dateModified":"2024-07-26T20:42:14+00:00","description":"Un an\u00e1lisis de c\u00f3mo la econom\u00eda mexicana enfrenta desaf\u00edos y oportunidades tras la victoria de Claudia Sheinbaum en las elecciones.","breadcrumb":{"@id":"https:\/\/coparmexjal.org.mx\/entorno-empresarial\/economia-mexicana-elecciones\/#breadcrumb"},"inLanguage":"es","potentialAction":[{"@type":"ReadAction","target":["https:\/\/coparmexjal.org.mx\/entorno-empresarial\/economia-mexicana-elecciones\/"]}]},{"@type":"ImageObject","inLanguage":"es","@id":"https:\/\/coparmexjal.org.mx\/entorno-empresarial\/economia-mexicana-elecciones\/#primaryimage","url":"https:\/\/coparmexjal.org.mx\/entorno-empresarial\/wp-content\/uploads\/2024\/07\/economia-mexicana.jpg","contentUrl":"https:\/\/coparmexjal.org.mx\/entorno-empresarial\/wp-content\/uploads\/2024\/07\/economia-mexicana.jpg","width":600,"height":400},{"@type":"BreadcrumbList","@id":"https:\/\/coparmexjal.org.mx\/entorno-empresarial\/economia-mexicana-elecciones\/#breadcrumb","itemListElement":[{"@type":"ListItem","position":1,"name":"Inicio","item":"https:\/\/coparmexjal.org.mx\/entorno-empresarial\/"},{"@type":"ListItem","position":2,"name":"Econom\u00eda Mexicana \u00bfQu\u00e9 sigue despu\u00e9s de las elecciones?"}]},{"@type":"WebSite","@id":"https:\/\/coparmexjal.org.mx\/entorno-empresarial\/#website","url":"https:\/\/coparmexjal.org.mx\/entorno-empresarial\/","name":"Revista Entorno Empresarial","description":"Coparmex Jalisco","publisher":{"@id":"https:\/\/coparmexjal.org.mx\/entorno-empresarial\/#organization"},"potentialAction":[{"@type":"SearchAction","target":{"@type":"EntryPoint","urlTemplate":"https:\/\/coparmexjal.org.mx\/entorno-empresarial\/?s={search_term_string}"},"query-input":{"@type":"PropertyValueSpecification","valueRequired":true,"valueName":"search_term_string"}}],"inLanguage":"es"},{"@type":"Organization","@id":"https:\/\/coparmexjal.org.mx\/entorno-empresarial\/#organization","name":"Coparmex Jalisco","url":"https:\/\/coparmexjal.org.mx\/entorno-empresarial\/","logo":{"@type":"ImageObject","inLanguage":"es","@id":"https:\/\/coparmexjal.org.mx\/entorno-empresarial\/#\/schema\/logo\/image\/","url":"https:\/\/coparmexjal.org.mx\/entorno-empresarial\/wp-content\/uploads\/2020\/02\/logo-amp.png","contentUrl":"https:\/\/coparmexjal.org.mx\/entorno-empresarial\/wp-content\/uploads\/2020\/02\/logo-amp.png","width":120,"height":90,"caption":"Coparmex Jalisco"},"image":{"@id":"https:\/\/coparmexjal.org.mx\/entorno-empresarial\/#\/schema\/logo\/image\/"},"sameAs":["https:\/\/facebook.com\/comcoparmex","https:\/\/x.com\/comcoparmex","http:\/\/instagram.com\/coparmexjalisco","https:\/\/mx.linkedin.com\/company\/coparmex-jalisco","https:\/\/www.youtube.com\/c\/CoparmexJaliscomx"]},{"@type":"Person","@id":"https:\/\/coparmexjal.org.mx\/entorno-empresarial\/#\/schema\/person\/b196c635177dc81dead2172154cb5a67","name":"Francisco Rodr\u00edguez V\u00e1zquez","image":{"@type":"ImageObject","inLanguage":"es","@id":"https:\/\/secure.gravatar.com\/avatar\/1e15c4a2b41425b46f5e9e781752db6cfbbbf95a6695df9cd52da0446d4580ae?s=96&d=mm&r=g","url":"https:\/\/secure.gravatar.com\/avatar\/1e15c4a2b41425b46f5e9e781752db6cfbbbf95a6695df9cd52da0446d4580ae?s=96&d=mm&r=g","contentUrl":"https:\/\/secure.gravatar.com\/avatar\/1e15c4a2b41425b46f5e9e781752db6cfbbbf95a6695df9cd52da0446d4580ae?s=96&d=mm&r=g","caption":"Francisco Rodr\u00edguez V\u00e1zquez"},"url":"https:\/\/coparmexjal.org.mx\/entorno-empresarial\/author\/cpc-y-mi-francisco-rodriguez-vazquez\/"}]}},"_links":{"self":[{"href":"https:\/\/coparmexjal.org.mx\/entorno-empresarial\/wp-json\/wp\/v2\/posts\/7416","targetHints":{"allow":["GET"]}}],"collection":[{"href":"https:\/\/coparmexjal.org.mx\/entorno-empresarial\/wp-json\/wp\/v2\/posts"}],"about":[{"href":"https:\/\/coparmexjal.org.mx\/entorno-empresarial\/wp-json\/wp\/v2\/types\/post"}],"author":[{"embeddable":true,"href":"https:\/\/coparmexjal.org.mx\/entorno-empresarial\/wp-json\/wp\/v2\/users\/113"}],"replies":[{"embeddable":true,"href":"https:\/\/coparmexjal.org.mx\/entorno-empresarial\/wp-json\/wp\/v2\/comments?post=7416"}],"version-history":[{"count":2,"href":"https:\/\/coparmexjal.org.mx\/entorno-empresarial\/wp-json\/wp\/v2\/posts\/7416\/revisions"}],"predecessor-version":[{"id":7418,"href":"https:\/\/coparmexjal.org.mx\/entorno-empresarial\/wp-json\/wp\/v2\/posts\/7416\/revisions\/7418"}],"wp:featuredmedia":[{"embeddable":true,"href":"https:\/\/coparmexjal.org.mx\/entorno-empresarial\/wp-json\/wp\/v2\/media\/7419"}],"wp:attachment":[{"href":"https:\/\/coparmexjal.org.mx\/entorno-empresarial\/wp-json\/wp\/v2\/media?parent=7416"}],"wp:term":[{"taxonomy":"category","embeddable":true,"href":"https:\/\/coparmexjal.org.mx\/entorno-empresarial\/wp-json\/wp\/v2\/categories?post=7416"},{"taxonomy":"post_tag","embeddable":true,"href":"https:\/\/coparmexjal.org.mx\/entorno-empresarial\/wp-json\/wp\/v2\/tags?post=7416"}],"curies":[{"name":"wp","href":"https:\/\/api.w.org\/{rel}","templated":true}]}}