{"id":7412,"date":"2024-07-16T17:29:24","date_gmt":"2024-07-16T23:29:24","guid":{"rendered":"https:\/\/coparmexjal.org.mx\/entorno-empresarial\/?p=7412"},"modified":"2024-07-16T17:29:24","modified_gmt":"2024-07-16T23:29:24","slug":"limite-constitucional-pago-ptu","status":"publish","type":"post","link":"https:\/\/coparmexjal.org.mx\/entorno-empresarial\/limite-constitucional-pago-ptu\/","title":{"rendered":"Constitucional el L\u00edmite para el pago de PTU"},"content":{"rendered":"\n<p>Recientemente la Segunda Sala de la Suprema Corte de Justicia de la Naci\u00f3n (SCJN), resolvi\u00f3 un Amparo en Revisi\u00f3n a trav\u00e9s del cual, un trabajador reclam\u00f3 la constitucionalidad de las reformas aprobadas a la fracci\u00f3n VIII del art\u00edculo 127 de la Ley Federal del Trabajo (LFT), incluidas en un Decreto publicado el 23 de abril de 2021, mediante las que se limita el monto que los patrones deben entregar anualmente a sus trabajadores por concepto de Participaci\u00f3n en las Utilidades (PTU), concluyendo que dicha reforma s\u00ed es constitucional.<\/p>\n\n\n\n<p>La relevancia que tiene esta sentencia emitida por la Segunda Sala de la SCJN, es porque se emiti\u00f3 por unanimidad de votos de los cinco ministros que la integran, por lo que, este criterio deber\u00e1 ser utilizado por los juzgadores en el caso que se presenten controversias en lo futuro, es decir, ser\u00e1 pr\u00e1cticamente imposible que se pueda modificar con posterioridad, luego entonces, habr\u00e1 quedado concluida cualquier discusi\u00f3n al respecto.<\/p>\n\n\n\n<p>Vale la pena mencionar que despu\u00e9s de la reforma, se presentaron algunas resoluciones judiciales que amparaban a trabajadores para que no les fuere aplicada la limitante establecida en la reforma, sin embargo, los juicios que se resuelvan con posterioridad, seguramente no tendr\u00e1n la misma suerte.<\/p>\n\n\n\n<p>Llama la atenci\u00f3n que para llegar a esta conclusi\u00f3n, los Ministros de la SCJN tomaron en cuenta la GU\u00cdA PARA CUMPLIR CON LAS OBLIGACIONES EN MATERIA DE REPARTO DE UTILIDADES (Gu\u00eda), que se dio a conocer a trav\u00e9s del portal de internet de la Secretar\u00eda de Trabajo y Previsi\u00f3n Social (STPS), en cuyo apartado IV, se establecieron alcances para calcular correctamente el importe que le corresponde pagar a los trabajadores, al amparo de la reforma aprobada y que sustancialmente se refiere a que los patrones deber\u00e1n utilizar el promedio de las cantidades entregadas por concepto de PTU en los tres ejercicios anteriores, tanto a los trabajadores que percibieron importes en esos tres ejercicios anteriores, como a los que no hayan tenido esa antig\u00fcedad en la empresa, debiendo considerar la categor\u00eda, plaza, cargo, nivel o puesto que ocupen en ese momento.<\/p>\n\n\n\n<p>En otras palabras, lo que establece el criterio de la SCJN, es que para determinar el monto que le corresponde entregar a los trabajadores, primero se debe efectuar el c\u00e1lculo utilizando el m\u00e9todo tradicional de reparto del 10% de la utilidad fiscal base para PTU, en t\u00e9rminos de lo que se\u00f1ala la Ley del Impuesto Sobre la Renta en correlaci\u00f3n con lo que dispone la LFT, y en el caso que los importes resultantes para cada trabajador sean superiores a tres meses de su sueldo nominal, entonces se limitar\u00e1 la PTU al monto equivalente de los tres meses; pero, en caso que el promedio de la PTU entregada a los trabajadores en los tres a\u00f1os previos, sea superior a los tres meses de su salario nominal, entonces se debe entregar el equivalente a dicho promedio. Esto es lo que claramente se establece la fracci\u00f3n VIII del citado art\u00edculo 127 de la LFT.<\/p>\n\n\n\n<p>La cuesti\u00f3n es en los casos en que el trabajador no tenga tres a\u00f1os laborando para la compa\u00f1\u00eda y en consecuencia, no hubiera forma de determinarle un promedio de tres a\u00f1os. En este sentido, la Gu\u00eda s\u00ed contempla que se aplique el promedio que corresponda a la categor\u00eda, plaza, cargo, nivel o puesto similar al&nbsp; del trabajador que no cuente con esa antig\u00fcedad.&nbsp;<\/p>\n\n\n\n<p>Aplicar el criterio de la Gu\u00eda al pie de la letra, tal y como ha quedado resuelto por parte de la SCJN, eventualmente podr\u00eda reflejar situaciones de aparente \u201cinjusticia\u201d desde la \u00f3ptica de los trabajadores, por la raz\u00f3n de que quiz\u00e1s trabajadores de reciente ingreso, perciban importes similares a los que habr\u00edan recibido trabajadores con mayor antig\u00fcedad, por lo que, es importante analizar a detalle los efectos que este procedimiento puede originar, para mitigar oportunamente el impacto negativo que se podr\u00eda presentar en el clima laboral de la empresa.<\/p>\n","protected":false},"excerpt":{"rendered":"<p>Recientemente la Segunda Sala de la Suprema Corte de Justicia de la Naci\u00f3n (SCJN), resolvi\u00f3 un Amparo en Revisi\u00f3n a trav\u00e9s del cual, un trabajador<\/p>\n","protected":false},"author":115,"featured_media":7413,"comment_status":"open","ping_status":"open","sticky":false,"template":"","format":"standard","meta":{"footnotes":""},"categories":[1182],"tags":[1397,1399,1398,1400,711,1395,953,879,1396],"class_list":["post-7412","post","type-post","status-publish","format-standard","has-post-thumbnail","hentry","category-fiscal","tag-constitucionalidad","tag-criterios-de-la-scjn","tag-derechos-laborales","tag-justicia-laboral","tag-ley-federal-del-trabajo","tag-limite-de-ptu","tag-reforma-laboral","tag-reparto-de-utilidades","tag-scjn"],"yoast_head":"<!-- This site is optimized with the Yoast SEO plugin v27.5 - https:\/\/yoast.com\/product\/yoast-seo-wordpress\/ -->\n<title>Constitucional el L\u00edmite para el Pago de PTU<\/title>\n<meta name=\"description\" content=\"La Suprema Corte de Justicia de la Naci\u00f3n avala el l\u00edmite en el pago de PTU, resolviendo la constitucionalidad de las reformas de 2021.\" \/>\n<meta name=\"robots\" content=\"index, follow, max-snippet:-1, max-image-preview:large, max-video-preview:-1\" \/>\n<link rel=\"canonical\" href=\"https:\/\/coparmexjal.org.mx\/entorno-empresarial\/limite-constitucional-pago-ptu\/\" \/>\n<meta property=\"og:locale\" content=\"es_MX\" \/>\n<meta property=\"og:type\" content=\"article\" \/>\n<meta property=\"og:title\" content=\"Constitucional el L\u00edmite para el Pago de PTU\" \/>\n<meta property=\"og:description\" content=\"La Suprema Corte de Justicia de la Naci\u00f3n avala el l\u00edmite en el pago de PTU, resolviendo la constitucionalidad de las reformas de 2021.\" \/>\n<meta property=\"og:url\" content=\"https:\/\/coparmexjal.org.mx\/entorno-empresarial\/limite-constitucional-pago-ptu\/\" \/>\n<meta property=\"og:site_name\" content=\"Entorno Empresarial\" \/>\n<meta property=\"article:publisher\" content=\"https:\/\/facebook.com\/comcoparmex\" \/>\n<meta property=\"article:published_time\" content=\"2024-07-16T23:29:24+00:00\" \/>\n<meta property=\"og:image\" content=\"https:\/\/coparmexjal.org.mx\/entorno-empresarial\/wp-content\/uploads\/2024\/07\/asesoria-legal.png\" \/>\n\t<meta property=\"og:image:width\" content=\"500\" \/>\n\t<meta property=\"og:image:height\" content=\"300\" \/>\n\t<meta property=\"og:image:type\" content=\"image\/png\" \/>\n<meta name=\"author\" content=\"CPC Jos\u00e9 Guadalupe Rodr\u00edguez Renter\u00eda\" \/>\n<meta name=\"twitter:card\" content=\"summary_large_image\" \/>\n<meta name=\"twitter:creator\" content=\"@comcoparmex\" \/>\n<meta name=\"twitter:site\" content=\"@comcoparmex\" \/>\n<meta name=\"twitter:label1\" content=\"Escrito por\" \/>\n\t<meta name=\"twitter:data1\" content=\"CPC Jos\u00e9 Guadalupe Rodr\u00edguez Renter\u00eda\" \/>\n\t<meta name=\"twitter:label2\" content=\"Tiempo de lectura\" \/>\n\t<meta name=\"twitter:data2\" content=\"4 minutos\" \/>\n<script type=\"application\/ld+json\" class=\"yoast-schema-graph\">{\"@context\":\"https:\\\/\\\/schema.org\",\"@graph\":[{\"@type\":\"Article\",\"@id\":\"https:\\\/\\\/coparmexjal.org.mx\\\/entorno-empresarial\\\/limite-constitucional-pago-ptu\\\/#article\",\"isPartOf\":{\"@id\":\"https:\\\/\\\/coparmexjal.org.mx\\\/entorno-empresarial\\\/limite-constitucional-pago-ptu\\\/\"},\"author\":{\"name\":\"CPC Jos\u00e9 Guadalupe Rodr\u00edguez Renter\u00eda\",\"@id\":\"https:\\\/\\\/coparmexjal.org.mx\\\/entorno-empresarial\\\/#\\\/schema\\\/person\\\/7c3c9a151a97f5ba66442b845e469ee4\"},\"headline\":\"Constitucional el L\u00edmite para el pago de PTU\",\"datePublished\":\"2024-07-16T23:29:24+00:00\",\"mainEntityOfPage\":{\"@id\":\"https:\\\/\\\/coparmexjal.org.mx\\\/entorno-empresarial\\\/limite-constitucional-pago-ptu\\\/\"},\"wordCount\":695,\"commentCount\":0,\"publisher\":{\"@id\":\"https:\\\/\\\/coparmexjal.org.mx\\\/entorno-empresarial\\\/#organization\"},\"image\":{\"@id\":\"https:\\\/\\\/coparmexjal.org.mx\\\/entorno-empresarial\\\/limite-constitucional-pago-ptu\\\/#primaryimage\"},\"thumbnailUrl\":\"https:\\\/\\\/coparmexjal.org.mx\\\/entorno-empresarial\\\/wp-content\\\/uploads\\\/2024\\\/07\\\/asesoria-legal.png\",\"keywords\":[\"Constitucionalidad\",\"Criterios de la SCJN\",\"Derechos laborales\",\"Justicia laboral\",\"Ley Federal del Trabajo\",\"L\u00edmite de PTU\",\"Reforma laboral\",\"Reparto de Utilidades\",\"SCJN\"],\"articleSection\":[\"Fiscal\"],\"inLanguage\":\"es\",\"potentialAction\":[{\"@type\":\"CommentAction\",\"name\":\"Comment\",\"target\":[\"https:\\\/\\\/coparmexjal.org.mx\\\/entorno-empresarial\\\/limite-constitucional-pago-ptu\\\/#respond\"]}]},{\"@type\":\"WebPage\",\"@id\":\"https:\\\/\\\/coparmexjal.org.mx\\\/entorno-empresarial\\\/limite-constitucional-pago-ptu\\\/\",\"url\":\"https:\\\/\\\/coparmexjal.org.mx\\\/entorno-empresarial\\\/limite-constitucional-pago-ptu\\\/\",\"name\":\"Constitucional el L\u00edmite para el Pago de PTU\",\"isPartOf\":{\"@id\":\"https:\\\/\\\/coparmexjal.org.mx\\\/entorno-empresarial\\\/#website\"},\"primaryImageOfPage\":{\"@id\":\"https:\\\/\\\/coparmexjal.org.mx\\\/entorno-empresarial\\\/limite-constitucional-pago-ptu\\\/#primaryimage\"},\"image\":{\"@id\":\"https:\\\/\\\/coparmexjal.org.mx\\\/entorno-empresarial\\\/limite-constitucional-pago-ptu\\\/#primaryimage\"},\"thumbnailUrl\":\"https:\\\/\\\/coparmexjal.org.mx\\\/entorno-empresarial\\\/wp-content\\\/uploads\\\/2024\\\/07\\\/asesoria-legal.png\",\"datePublished\":\"2024-07-16T23:29:24+00:00\",\"description\":\"La Suprema Corte de Justicia de la Naci\u00f3n avala el l\u00edmite en el pago de PTU, resolviendo la constitucionalidad de las reformas de 2021.\",\"breadcrumb\":{\"@id\":\"https:\\\/\\\/coparmexjal.org.mx\\\/entorno-empresarial\\\/limite-constitucional-pago-ptu\\\/#breadcrumb\"},\"inLanguage\":\"es\",\"potentialAction\":[{\"@type\":\"ReadAction\",\"target\":[\"https:\\\/\\\/coparmexjal.org.mx\\\/entorno-empresarial\\\/limite-constitucional-pago-ptu\\\/\"]}]},{\"@type\":\"ImageObject\",\"inLanguage\":\"es\",\"@id\":\"https:\\\/\\\/coparmexjal.org.mx\\\/entorno-empresarial\\\/limite-constitucional-pago-ptu\\\/#primaryimage\",\"url\":\"https:\\\/\\\/coparmexjal.org.mx\\\/entorno-empresarial\\\/wp-content\\\/uploads\\\/2024\\\/07\\\/asesoria-legal.png\",\"contentUrl\":\"https:\\\/\\\/coparmexjal.org.mx\\\/entorno-empresarial\\\/wp-content\\\/uploads\\\/2024\\\/07\\\/asesoria-legal.png\",\"width\":500,\"height\":300},{\"@type\":\"BreadcrumbList\",\"@id\":\"https:\\\/\\\/coparmexjal.org.mx\\\/entorno-empresarial\\\/limite-constitucional-pago-ptu\\\/#breadcrumb\",\"itemListElement\":[{\"@type\":\"ListItem\",\"position\":1,\"name\":\"Inicio\",\"item\":\"https:\\\/\\\/coparmexjal.org.mx\\\/entorno-empresarial\\\/\"},{\"@type\":\"ListItem\",\"position\":2,\"name\":\"Constitucional el L\u00edmite para el pago de PTU\"}]},{\"@type\":\"WebSite\",\"@id\":\"https:\\\/\\\/coparmexjal.org.mx\\\/entorno-empresarial\\\/#website\",\"url\":\"https:\\\/\\\/coparmexjal.org.mx\\\/entorno-empresarial\\\/\",\"name\":\"Revista Entorno Empresarial\",\"description\":\"Coparmex Jalisco\",\"publisher\":{\"@id\":\"https:\\\/\\\/coparmexjal.org.mx\\\/entorno-empresarial\\\/#organization\"},\"potentialAction\":[{\"@type\":\"SearchAction\",\"target\":{\"@type\":\"EntryPoint\",\"urlTemplate\":\"https:\\\/\\\/coparmexjal.org.mx\\\/entorno-empresarial\\\/?s={search_term_string}\"},\"query-input\":{\"@type\":\"PropertyValueSpecification\",\"valueRequired\":true,\"valueName\":\"search_term_string\"}}],\"inLanguage\":\"es\"},{\"@type\":\"Organization\",\"@id\":\"https:\\\/\\\/coparmexjal.org.mx\\\/entorno-empresarial\\\/#organization\",\"name\":\"Coparmex Jalisco\",\"url\":\"https:\\\/\\\/coparmexjal.org.mx\\\/entorno-empresarial\\\/\",\"logo\":{\"@type\":\"ImageObject\",\"inLanguage\":\"es\",\"@id\":\"https:\\\/\\\/coparmexjal.org.mx\\\/entorno-empresarial\\\/#\\\/schema\\\/logo\\\/image\\\/\",\"url\":\"https:\\\/\\\/coparmexjal.org.mx\\\/entorno-empresarial\\\/wp-content\\\/uploads\\\/2020\\\/02\\\/logo-amp.png\",\"contentUrl\":\"https:\\\/\\\/coparmexjal.org.mx\\\/entorno-empresarial\\\/wp-content\\\/uploads\\\/2020\\\/02\\\/logo-amp.png\",\"width\":120,\"height\":90,\"caption\":\"Coparmex Jalisco\"},\"image\":{\"@id\":\"https:\\\/\\\/coparmexjal.org.mx\\\/entorno-empresarial\\\/#\\\/schema\\\/logo\\\/image\\\/\"},\"sameAs\":[\"https:\\\/\\\/facebook.com\\\/comcoparmex\",\"https:\\\/\\\/x.com\\\/comcoparmex\",\"http:\\\/\\\/instagram.com\\\/coparmexjalisco\",\"https:\\\/\\\/mx.linkedin.com\\\/company\\\/coparmex-jalisco\",\"https:\\\/\\\/www.youtube.com\\\/c\\\/CoparmexJaliscomx\"]},{\"@type\":\"Person\",\"@id\":\"https:\\\/\\\/coparmexjal.org.mx\\\/entorno-empresarial\\\/#\\\/schema\\\/person\\\/7c3c9a151a97f5ba66442b845e469ee4\",\"name\":\"CPC Jos\u00e9 Guadalupe Rodr\u00edguez Renter\u00eda\",\"image\":{\"@type\":\"ImageObject\",\"inLanguage\":\"es\",\"@id\":\"https:\\\/\\\/secure.gravatar.com\\\/avatar\\\/0c9168c34871362e170f1bc543e019fa22cc03a4f45a8e946a5d7f5b9dafaf1d?s=96&d=mm&r=g\",\"url\":\"https:\\\/\\\/secure.gravatar.com\\\/avatar\\\/0c9168c34871362e170f1bc543e019fa22cc03a4f45a8e946a5d7f5b9dafaf1d?s=96&d=mm&r=g\",\"contentUrl\":\"https:\\\/\\\/secure.gravatar.com\\\/avatar\\\/0c9168c34871362e170f1bc543e019fa22cc03a4f45a8e946a5d7f5b9dafaf1d?s=96&d=mm&r=g\",\"caption\":\"CPC Jos\u00e9 Guadalupe Rodr\u00edguez Renter\u00eda\"},\"url\":\"https:\\\/\\\/coparmexjal.org.mx\\\/entorno-empresarial\\\/author\\\/joseguadaluperodriguezrenteria\\\/\"}]}<\/script>\n<!-- \/ Yoast SEO plugin. -->","yoast_head_json":{"title":"Constitucional el L\u00edmite para el Pago de PTU","description":"La Suprema Corte de Justicia de la Naci\u00f3n avala el l\u00edmite en el pago de PTU, resolviendo la constitucionalidad de las reformas de 2021.","robots":{"index":"index","follow":"follow","max-snippet":"max-snippet:-1","max-image-preview":"max-image-preview:large","max-video-preview":"max-video-preview:-1"},"canonical":"https:\/\/coparmexjal.org.mx\/entorno-empresarial\/limite-constitucional-pago-ptu\/","og_locale":"es_MX","og_type":"article","og_title":"Constitucional el L\u00edmite para el Pago de PTU","og_description":"La Suprema Corte de Justicia de la Naci\u00f3n avala el l\u00edmite en el pago de PTU, resolviendo la constitucionalidad de las reformas de 2021.","og_url":"https:\/\/coparmexjal.org.mx\/entorno-empresarial\/limite-constitucional-pago-ptu\/","og_site_name":"Entorno Empresarial","article_publisher":"https:\/\/facebook.com\/comcoparmex","article_published_time":"2024-07-16T23:29:24+00:00","og_image":[{"width":500,"height":300,"url":"https:\/\/coparmexjal.org.mx\/entorno-empresarial\/wp-content\/uploads\/2024\/07\/asesoria-legal.png","type":"image\/png"}],"author":"CPC Jos\u00e9 Guadalupe Rodr\u00edguez Renter\u00eda","twitter_card":"summary_large_image","twitter_creator":"@comcoparmex","twitter_site":"@comcoparmex","twitter_misc":{"Escrito por":"CPC Jos\u00e9 Guadalupe Rodr\u00edguez Renter\u00eda","Tiempo de lectura":"4 minutos"},"schema":{"@context":"https:\/\/schema.org","@graph":[{"@type":"Article","@id":"https:\/\/coparmexjal.org.mx\/entorno-empresarial\/limite-constitucional-pago-ptu\/#article","isPartOf":{"@id":"https:\/\/coparmexjal.org.mx\/entorno-empresarial\/limite-constitucional-pago-ptu\/"},"author":{"name":"CPC Jos\u00e9 Guadalupe Rodr\u00edguez Renter\u00eda","@id":"https:\/\/coparmexjal.org.mx\/entorno-empresarial\/#\/schema\/person\/7c3c9a151a97f5ba66442b845e469ee4"},"headline":"Constitucional el L\u00edmite para el pago de PTU","datePublished":"2024-07-16T23:29:24+00:00","mainEntityOfPage":{"@id":"https:\/\/coparmexjal.org.mx\/entorno-empresarial\/limite-constitucional-pago-ptu\/"},"wordCount":695,"commentCount":0,"publisher":{"@id":"https:\/\/coparmexjal.org.mx\/entorno-empresarial\/#organization"},"image":{"@id":"https:\/\/coparmexjal.org.mx\/entorno-empresarial\/limite-constitucional-pago-ptu\/#primaryimage"},"thumbnailUrl":"https:\/\/coparmexjal.org.mx\/entorno-empresarial\/wp-content\/uploads\/2024\/07\/asesoria-legal.png","keywords":["Constitucionalidad","Criterios de la SCJN","Derechos laborales","Justicia laboral","Ley Federal del Trabajo","L\u00edmite de PTU","Reforma laboral","Reparto de Utilidades","SCJN"],"articleSection":["Fiscal"],"inLanguage":"es","potentialAction":[{"@type":"CommentAction","name":"Comment","target":["https:\/\/coparmexjal.org.mx\/entorno-empresarial\/limite-constitucional-pago-ptu\/#respond"]}]},{"@type":"WebPage","@id":"https:\/\/coparmexjal.org.mx\/entorno-empresarial\/limite-constitucional-pago-ptu\/","url":"https:\/\/coparmexjal.org.mx\/entorno-empresarial\/limite-constitucional-pago-ptu\/","name":"Constitucional el L\u00edmite para el Pago de PTU","isPartOf":{"@id":"https:\/\/coparmexjal.org.mx\/entorno-empresarial\/#website"},"primaryImageOfPage":{"@id":"https:\/\/coparmexjal.org.mx\/entorno-empresarial\/limite-constitucional-pago-ptu\/#primaryimage"},"image":{"@id":"https:\/\/coparmexjal.org.mx\/entorno-empresarial\/limite-constitucional-pago-ptu\/#primaryimage"},"thumbnailUrl":"https:\/\/coparmexjal.org.mx\/entorno-empresarial\/wp-content\/uploads\/2024\/07\/asesoria-legal.png","datePublished":"2024-07-16T23:29:24+00:00","description":"La Suprema Corte de Justicia de la Naci\u00f3n avala el l\u00edmite en el pago de PTU, resolviendo la constitucionalidad de las reformas de 2021.","breadcrumb":{"@id":"https:\/\/coparmexjal.org.mx\/entorno-empresarial\/limite-constitucional-pago-ptu\/#breadcrumb"},"inLanguage":"es","potentialAction":[{"@type":"ReadAction","target":["https:\/\/coparmexjal.org.mx\/entorno-empresarial\/limite-constitucional-pago-ptu\/"]}]},{"@type":"ImageObject","inLanguage":"es","@id":"https:\/\/coparmexjal.org.mx\/entorno-empresarial\/limite-constitucional-pago-ptu\/#primaryimage","url":"https:\/\/coparmexjal.org.mx\/entorno-empresarial\/wp-content\/uploads\/2024\/07\/asesoria-legal.png","contentUrl":"https:\/\/coparmexjal.org.mx\/entorno-empresarial\/wp-content\/uploads\/2024\/07\/asesoria-legal.png","width":500,"height":300},{"@type":"BreadcrumbList","@id":"https:\/\/coparmexjal.org.mx\/entorno-empresarial\/limite-constitucional-pago-ptu\/#breadcrumb","itemListElement":[{"@type":"ListItem","position":1,"name":"Inicio","item":"https:\/\/coparmexjal.org.mx\/entorno-empresarial\/"},{"@type":"ListItem","position":2,"name":"Constitucional el L\u00edmite para el pago de PTU"}]},{"@type":"WebSite","@id":"https:\/\/coparmexjal.org.mx\/entorno-empresarial\/#website","url":"https:\/\/coparmexjal.org.mx\/entorno-empresarial\/","name":"Revista Entorno Empresarial","description":"Coparmex Jalisco","publisher":{"@id":"https:\/\/coparmexjal.org.mx\/entorno-empresarial\/#organization"},"potentialAction":[{"@type":"SearchAction","target":{"@type":"EntryPoint","urlTemplate":"https:\/\/coparmexjal.org.mx\/entorno-empresarial\/?s={search_term_string}"},"query-input":{"@type":"PropertyValueSpecification","valueRequired":true,"valueName":"search_term_string"}}],"inLanguage":"es"},{"@type":"Organization","@id":"https:\/\/coparmexjal.org.mx\/entorno-empresarial\/#organization","name":"Coparmex Jalisco","url":"https:\/\/coparmexjal.org.mx\/entorno-empresarial\/","logo":{"@type":"ImageObject","inLanguage":"es","@id":"https:\/\/coparmexjal.org.mx\/entorno-empresarial\/#\/schema\/logo\/image\/","url":"https:\/\/coparmexjal.org.mx\/entorno-empresarial\/wp-content\/uploads\/2020\/02\/logo-amp.png","contentUrl":"https:\/\/coparmexjal.org.mx\/entorno-empresarial\/wp-content\/uploads\/2020\/02\/logo-amp.png","width":120,"height":90,"caption":"Coparmex Jalisco"},"image":{"@id":"https:\/\/coparmexjal.org.mx\/entorno-empresarial\/#\/schema\/logo\/image\/"},"sameAs":["https:\/\/facebook.com\/comcoparmex","https:\/\/x.com\/comcoparmex","http:\/\/instagram.com\/coparmexjalisco","https:\/\/mx.linkedin.com\/company\/coparmex-jalisco","https:\/\/www.youtube.com\/c\/CoparmexJaliscomx"]},{"@type":"Person","@id":"https:\/\/coparmexjal.org.mx\/entorno-empresarial\/#\/schema\/person\/7c3c9a151a97f5ba66442b845e469ee4","name":"CPC Jos\u00e9 Guadalupe Rodr\u00edguez Renter\u00eda","image":{"@type":"ImageObject","inLanguage":"es","@id":"https:\/\/secure.gravatar.com\/avatar\/0c9168c34871362e170f1bc543e019fa22cc03a4f45a8e946a5d7f5b9dafaf1d?s=96&d=mm&r=g","url":"https:\/\/secure.gravatar.com\/avatar\/0c9168c34871362e170f1bc543e019fa22cc03a4f45a8e946a5d7f5b9dafaf1d?s=96&d=mm&r=g","contentUrl":"https:\/\/secure.gravatar.com\/avatar\/0c9168c34871362e170f1bc543e019fa22cc03a4f45a8e946a5d7f5b9dafaf1d?s=96&d=mm&r=g","caption":"CPC Jos\u00e9 Guadalupe Rodr\u00edguez Renter\u00eda"},"url":"https:\/\/coparmexjal.org.mx\/entorno-empresarial\/author\/joseguadaluperodriguezrenteria\/"}]}},"_links":{"self":[{"href":"https:\/\/coparmexjal.org.mx\/entorno-empresarial\/wp-json\/wp\/v2\/posts\/7412","targetHints":{"allow":["GET"]}}],"collection":[{"href":"https:\/\/coparmexjal.org.mx\/entorno-empresarial\/wp-json\/wp\/v2\/posts"}],"about":[{"href":"https:\/\/coparmexjal.org.mx\/entorno-empresarial\/wp-json\/wp\/v2\/types\/post"}],"author":[{"embeddable":true,"href":"https:\/\/coparmexjal.org.mx\/entorno-empresarial\/wp-json\/wp\/v2\/users\/115"}],"replies":[{"embeddable":true,"href":"https:\/\/coparmexjal.org.mx\/entorno-empresarial\/wp-json\/wp\/v2\/comments?post=7412"}],"version-history":[{"count":1,"href":"https:\/\/coparmexjal.org.mx\/entorno-empresarial\/wp-json\/wp\/v2\/posts\/7412\/revisions"}],"predecessor-version":[{"id":7414,"href":"https:\/\/coparmexjal.org.mx\/entorno-empresarial\/wp-json\/wp\/v2\/posts\/7412\/revisions\/7414"}],"wp:featuredmedia":[{"embeddable":true,"href":"https:\/\/coparmexjal.org.mx\/entorno-empresarial\/wp-json\/wp\/v2\/media\/7413"}],"wp:attachment":[{"href":"https:\/\/coparmexjal.org.mx\/entorno-empresarial\/wp-json\/wp\/v2\/media?parent=7412"}],"wp:term":[{"taxonomy":"category","embeddable":true,"href":"https:\/\/coparmexjal.org.mx\/entorno-empresarial\/wp-json\/wp\/v2\/categories?post=7412"},{"taxonomy":"post_tag","embeddable":true,"href":"https:\/\/coparmexjal.org.mx\/entorno-empresarial\/wp-json\/wp\/v2\/tags?post=7412"}],"curies":[{"name":"wp","href":"https:\/\/api.w.org\/{rel}","templated":true}]}}