{"id":7409,"date":"2024-07-12T13:44:41","date_gmt":"2024-07-12T19:44:41","guid":{"rendered":"https:\/\/coparmexjal.org.mx\/entorno-empresarial\/?p=7409"},"modified":"2024-07-12T13:44:42","modified_gmt":"2024-07-12T19:44:42","slug":"cemefi-no-colabora-casa-editorial-4t","status":"publish","type":"post","link":"https:\/\/coparmexjal.org.mx\/entorno-empresarial\/cemefi-no-colabora-casa-editorial-4t\/","title":{"rendered":"Cemefi no colabora con la empresa Casa Editorial 4T"},"content":{"rendered":"\n<p>Recientemente nos han reportado que una empresa denominada Casa Editorial 4T est\u00e1 enviando mensajes a algunas de las empresas que cuentan con el Distintivo ESR\u00ae para ofrecerles ser reconocidas como &#8220;Empresa m\u00e1s Responsable de M\u00e9xico 2024&#8221; a trav\u00e9s de la publicaci\u00f3n de su nombre en una edici\u00f3n llamada titulada &#8220;Unidos Construyendo Responsabilidad Social para un Desarrollo Sustentable&#8221;. Esto a cambio de un pago cuantioso.<br><br>Algunas de las empresas contactadas nos han hecho saber que, al hacer contacto con la editorial, sus vendedores les han comentado que recibieron del Centro Mexicano para la Filantrop\u00eda (Cemefi) la relaci\u00f3n de las empresas que ostentan el Distintivo ESR\u00ae. Al respecto, queremos aclarar que no tenemos relaci\u00f3n alguna con la entidad mencionada y nos deslindamos rotundamente de las actividades que desarrolla.<br><br>Como saben, Cemefi tiene un <a href=\"https:\/\/www.cemefi.org\/aviso_de_privacidad.pdf\" target=\"_blank\" rel=\"noreferrer noopener\">Aviso de Privacidad<\/a> que garantiza el uso confidencial de la informaci\u00f3n que nos proporcionan las empresas que buscan obtener el Distintivo ESR\u00ae y cuenta con las medidas t\u00e9cnicas y de seguridad adecuadas para su resguardo. La plataforma que usamos para recabarla cuenta con un software de seguridad especializado, herramientas de encriptaci\u00f3n y cifrado de datos, control de acceso, autenticaci\u00f3n multifactor y sistemas de respaldo para asegurar la protecci\u00f3n de esa informaci\u00f3n. La lista de las empresas que tienen el Distintivo ESR\u00ae es p\u00fablica, por lo cualquiera puede acceder a ella; pero no as\u00ed a los datos de contacto, que son parte de la informaci\u00f3n protegida que manejamos y se resguarda bajo los mecanismos que mencionamos.<br><br>Compartimos esta informaci\u00f3n para aclarar que esa iniciativa no tiene nada que ver con Cemefi y aprovechamos para recomendar a todas las compa\u00f1\u00edas que ostentan el Distintivo ESR\u00ae que sean selectivas y cautelosas en la forma de darle visibilidad a su responsabilidad social empresarial (RSE), que busquen siempre corroborar la legitimidad de los servicios y certificaciones que se les ofrecen para no da\u00f1ar el prestigio de la RSE ni de la comunidad que la promueve, y que privilegien relacionarse con otras empresas que sean transparentes y compartan su sentido de responsabilidad.<br><br>Si eres socia o socio de Coparmex Jalisco y tienes alguna duda, comun\u00edcate con Alejandra Trujillo al n\u00famero: 33 2378 5182.<\/p>\n","protected":false},"excerpt":{"rendered":"<p>Recientemente nos han reportado que una empresa denominada Casa Editorial 4T est\u00e1 enviando mensajes a algunas de las empresas que cuentan con el Distintivo ESR\u00ae<\/p>\n","protected":false},"author":2,"featured_media":7410,"comment_status":"open","ping_status":"open","sticky":false,"template":"","format":"standard","meta":{"footnotes":""},"categories":[152],"tags":[1394,173,1241,1392,1393],"class_list":["post-7409","post","type-post","status-publish","format-standard","has-post-thumbnail","hentry","category-empresas","tag-avisos-de-cemefi","tag-empresas","tag-empresas-socialmente-responsables","tag-responsabilidad-social-empresarial","tag-transparencia-y-seguridad"],"yoast_head":"<!-- This site is optimized with the Yoast SEO plugin v27.5 - https:\/\/yoast.com\/product\/yoast-seo-wordpress\/ -->\n<title>Cemefi no colabora con la empresa Casa Editorial 4T - Entorno Empresarial<\/title>\n<meta name=\"description\" content=\"Cemefi niega colaboraci\u00f3n con Casa Editorial 4T y reafirma la protecci\u00f3n de la informaci\u00f3n confidencial de las empresas con Distintivo ESR\u00ae.\" \/>\n<meta name=\"robots\" content=\"index, follow, max-snippet:-1, max-image-preview:large, max-video-preview:-1\" \/>\n<link rel=\"canonical\" href=\"https:\/\/coparmexjal.org.mx\/entorno-empresarial\/cemefi-no-colabora-casa-editorial-4t\/\" \/>\n<meta property=\"og:locale\" content=\"es_MX\" \/>\n<meta property=\"og:type\" content=\"article\" \/>\n<meta property=\"og:title\" content=\"Cemefi no colabora con la empresa Casa Editorial 4T - Entorno Empresarial\" \/>\n<meta property=\"og:description\" content=\"Cemefi niega colaboraci\u00f3n con Casa Editorial 4T y reafirma la protecci\u00f3n de la informaci\u00f3n confidencial de las empresas con Distintivo ESR\u00ae.\" \/>\n<meta property=\"og:url\" content=\"https:\/\/coparmexjal.org.mx\/entorno-empresarial\/cemefi-no-colabora-casa-editorial-4t\/\" \/>\n<meta property=\"og:site_name\" content=\"Entorno Empresarial\" \/>\n<meta property=\"article:publisher\" content=\"https:\/\/facebook.com\/comcoparmex\" \/>\n<meta property=\"article:published_time\" content=\"2024-07-12T19:44:41+00:00\" \/>\n<meta property=\"article:modified_time\" content=\"2024-07-12T19:44:42+00:00\" \/>\n<meta property=\"og:image\" content=\"https:\/\/coparmexjal.org.mx\/entorno-empresarial\/wp-content\/uploads\/2024\/07\/header.png\" \/>\n\t<meta property=\"og:image:width\" content=\"600\" \/>\n\t<meta property=\"og:image:height\" content=\"188\" \/>\n\t<meta property=\"og:image:type\" content=\"image\/png\" \/>\n<meta name=\"author\" content=\"Coparmex Jalisco\" \/>\n<meta name=\"twitter:card\" content=\"summary_large_image\" \/>\n<meta name=\"twitter:creator\" content=\"@comcoparmex\" \/>\n<meta name=\"twitter:site\" content=\"@comcoparmex\" \/>\n<meta name=\"twitter:label1\" content=\"Escrito por\" \/>\n\t<meta name=\"twitter:data1\" content=\"Coparmex Jalisco\" \/>\n\t<meta name=\"twitter:label2\" content=\"Tiempo de lectura\" \/>\n\t<meta name=\"twitter:data2\" content=\"2 minutos\" \/>\n<script type=\"application\/ld+json\" class=\"yoast-schema-graph\">{\"@context\":\"https:\\\/\\\/schema.org\",\"@graph\":[{\"@type\":\"Article\",\"@id\":\"https:\\\/\\\/coparmexjal.org.mx\\\/entorno-empresarial\\\/cemefi-no-colabora-casa-editorial-4t\\\/#article\",\"isPartOf\":{\"@id\":\"https:\\\/\\\/coparmexjal.org.mx\\\/entorno-empresarial\\\/cemefi-no-colabora-casa-editorial-4t\\\/\"},\"author\":{\"name\":\"Coparmex Jalisco\",\"@id\":\"https:\\\/\\\/coparmexjal.org.mx\\\/entorno-empresarial\\\/#\\\/schema\\\/person\\\/7d1d56a9587bfb3a725cd3dbfbdb9d44\"},\"headline\":\"Cemefi no colabora con la empresa Casa Editorial 4T\",\"datePublished\":\"2024-07-12T19:44:41+00:00\",\"dateModified\":\"2024-07-12T19:44:42+00:00\",\"mainEntityOfPage\":{\"@id\":\"https:\\\/\\\/coparmexjal.org.mx\\\/entorno-empresarial\\\/cemefi-no-colabora-casa-editorial-4t\\\/\"},\"wordCount\":384,\"commentCount\":0,\"publisher\":{\"@id\":\"https:\\\/\\\/coparmexjal.org.mx\\\/entorno-empresarial\\\/#organization\"},\"image\":{\"@id\":\"https:\\\/\\\/coparmexjal.org.mx\\\/entorno-empresarial\\\/cemefi-no-colabora-casa-editorial-4t\\\/#primaryimage\"},\"thumbnailUrl\":\"https:\\\/\\\/coparmexjal.org.mx\\\/entorno-empresarial\\\/wp-content\\\/uploads\\\/2024\\\/07\\\/header.png\",\"keywords\":[\"Avisos de Cemefi\",\"empresas\",\"Empresas Socialmente Responsables\",\"Responsabilidad Social Empresarial\",\"Transparencia y Seguridad\"],\"articleSection\":[\"Empresas\"],\"inLanguage\":\"es\",\"potentialAction\":[{\"@type\":\"CommentAction\",\"name\":\"Comment\",\"target\":[\"https:\\\/\\\/coparmexjal.org.mx\\\/entorno-empresarial\\\/cemefi-no-colabora-casa-editorial-4t\\\/#respond\"]}]},{\"@type\":\"WebPage\",\"@id\":\"https:\\\/\\\/coparmexjal.org.mx\\\/entorno-empresarial\\\/cemefi-no-colabora-casa-editorial-4t\\\/\",\"url\":\"https:\\\/\\\/coparmexjal.org.mx\\\/entorno-empresarial\\\/cemefi-no-colabora-casa-editorial-4t\\\/\",\"name\":\"Cemefi no colabora con la empresa Casa Editorial 4T - Entorno Empresarial\",\"isPartOf\":{\"@id\":\"https:\\\/\\\/coparmexjal.org.mx\\\/entorno-empresarial\\\/#website\"},\"primaryImageOfPage\":{\"@id\":\"https:\\\/\\\/coparmexjal.org.mx\\\/entorno-empresarial\\\/cemefi-no-colabora-casa-editorial-4t\\\/#primaryimage\"},\"image\":{\"@id\":\"https:\\\/\\\/coparmexjal.org.mx\\\/entorno-empresarial\\\/cemefi-no-colabora-casa-editorial-4t\\\/#primaryimage\"},\"thumbnailUrl\":\"https:\\\/\\\/coparmexjal.org.mx\\\/entorno-empresarial\\\/wp-content\\\/uploads\\\/2024\\\/07\\\/header.png\",\"datePublished\":\"2024-07-12T19:44:41+00:00\",\"dateModified\":\"2024-07-12T19:44:42+00:00\",\"description\":\"Cemefi niega colaboraci\u00f3n con Casa Editorial 4T y reafirma la protecci\u00f3n de la informaci\u00f3n confidencial de las empresas con Distintivo ESR\u00ae.\",\"breadcrumb\":{\"@id\":\"https:\\\/\\\/coparmexjal.org.mx\\\/entorno-empresarial\\\/cemefi-no-colabora-casa-editorial-4t\\\/#breadcrumb\"},\"inLanguage\":\"es\",\"potentialAction\":[{\"@type\":\"ReadAction\",\"target\":[\"https:\\\/\\\/coparmexjal.org.mx\\\/entorno-empresarial\\\/cemefi-no-colabora-casa-editorial-4t\\\/\"]}]},{\"@type\":\"ImageObject\",\"inLanguage\":\"es\",\"@id\":\"https:\\\/\\\/coparmexjal.org.mx\\\/entorno-empresarial\\\/cemefi-no-colabora-casa-editorial-4t\\\/#primaryimage\",\"url\":\"https:\\\/\\\/coparmexjal.org.mx\\\/entorno-empresarial\\\/wp-content\\\/uploads\\\/2024\\\/07\\\/header.png\",\"contentUrl\":\"https:\\\/\\\/coparmexjal.org.mx\\\/entorno-empresarial\\\/wp-content\\\/uploads\\\/2024\\\/07\\\/header.png\",\"width\":600,\"height\":188},{\"@type\":\"BreadcrumbList\",\"@id\":\"https:\\\/\\\/coparmexjal.org.mx\\\/entorno-empresarial\\\/cemefi-no-colabora-casa-editorial-4t\\\/#breadcrumb\",\"itemListElement\":[{\"@type\":\"ListItem\",\"position\":1,\"name\":\"Inicio\",\"item\":\"https:\\\/\\\/coparmexjal.org.mx\\\/entorno-empresarial\\\/\"},{\"@type\":\"ListItem\",\"position\":2,\"name\":\"Cemefi no colabora con la empresa Casa Editorial 4T\"}]},{\"@type\":\"WebSite\",\"@id\":\"https:\\\/\\\/coparmexjal.org.mx\\\/entorno-empresarial\\\/#website\",\"url\":\"https:\\\/\\\/coparmexjal.org.mx\\\/entorno-empresarial\\\/\",\"name\":\"Revista Entorno Empresarial\",\"description\":\"Coparmex Jalisco\",\"publisher\":{\"@id\":\"https:\\\/\\\/coparmexjal.org.mx\\\/entorno-empresarial\\\/#organization\"},\"potentialAction\":[{\"@type\":\"SearchAction\",\"target\":{\"@type\":\"EntryPoint\",\"urlTemplate\":\"https:\\\/\\\/coparmexjal.org.mx\\\/entorno-empresarial\\\/?s={search_term_string}\"},\"query-input\":{\"@type\":\"PropertyValueSpecification\",\"valueRequired\":true,\"valueName\":\"search_term_string\"}}],\"inLanguage\":\"es\"},{\"@type\":\"Organization\",\"@id\":\"https:\\\/\\\/coparmexjal.org.mx\\\/entorno-empresarial\\\/#organization\",\"name\":\"Coparmex Jalisco\",\"url\":\"https:\\\/\\\/coparmexjal.org.mx\\\/entorno-empresarial\\\/\",\"logo\":{\"@type\":\"ImageObject\",\"inLanguage\":\"es\",\"@id\":\"https:\\\/\\\/coparmexjal.org.mx\\\/entorno-empresarial\\\/#\\\/schema\\\/logo\\\/image\\\/\",\"url\":\"https:\\\/\\\/coparmexjal.org.mx\\\/entorno-empresarial\\\/wp-content\\\/uploads\\\/2020\\\/02\\\/logo-amp.png\",\"contentUrl\":\"https:\\\/\\\/coparmexjal.org.mx\\\/entorno-empresarial\\\/wp-content\\\/uploads\\\/2020\\\/02\\\/logo-amp.png\",\"width\":120,\"height\":90,\"caption\":\"Coparmex Jalisco\"},\"image\":{\"@id\":\"https:\\\/\\\/coparmexjal.org.mx\\\/entorno-empresarial\\\/#\\\/schema\\\/logo\\\/image\\\/\"},\"sameAs\":[\"https:\\\/\\\/facebook.com\\\/comcoparmex\",\"https:\\\/\\\/x.com\\\/comcoparmex\",\"http:\\\/\\\/instagram.com\\\/coparmexjalisco\",\"https:\\\/\\\/mx.linkedin.com\\\/company\\\/coparmex-jalisco\",\"https:\\\/\\\/www.youtube.com\\\/c\\\/CoparmexJaliscomx\"]},{\"@type\":\"Person\",\"@id\":\"https:\\\/\\\/coparmexjal.org.mx\\\/entorno-empresarial\\\/#\\\/schema\\\/person\\\/7d1d56a9587bfb3a725cd3dbfbdb9d44\",\"name\":\"Coparmex Jalisco\",\"image\":{\"@type\":\"ImageObject\",\"inLanguage\":\"es\",\"@id\":\"https:\\\/\\\/coparmexjal.org.mx\\\/entorno-empresarial\\\/wp-content\\\/uploads\\\/2020\\\/06\\\/favicon-150x133.png\",\"url\":\"https:\\\/\\\/coparmexjal.org.mx\\\/entorno-empresarial\\\/wp-content\\\/uploads\\\/2020\\\/06\\\/favicon-150x133.png\",\"contentUrl\":\"https:\\\/\\\/coparmexjal.org.mx\\\/entorno-empresarial\\\/wp-content\\\/uploads\\\/2020\\\/06\\\/favicon-150x133.png\",\"caption\":\"Coparmex Jalisco\"},\"url\":\"https:\\\/\\\/coparmexjal.org.mx\\\/entorno-empresarial\\\/author\\\/coparmexjalisco\\\/\"}]}<\/script>\n<!-- \/ Yoast SEO plugin. -->","yoast_head_json":{"title":"Cemefi no colabora con la empresa Casa Editorial 4T - Entorno Empresarial","description":"Cemefi niega colaboraci\u00f3n con Casa Editorial 4T y reafirma la protecci\u00f3n de la informaci\u00f3n confidencial de las empresas con Distintivo ESR\u00ae.","robots":{"index":"index","follow":"follow","max-snippet":"max-snippet:-1","max-image-preview":"max-image-preview:large","max-video-preview":"max-video-preview:-1"},"canonical":"https:\/\/coparmexjal.org.mx\/entorno-empresarial\/cemefi-no-colabora-casa-editorial-4t\/","og_locale":"es_MX","og_type":"article","og_title":"Cemefi no colabora con la empresa Casa Editorial 4T - Entorno Empresarial","og_description":"Cemefi niega colaboraci\u00f3n con Casa Editorial 4T y reafirma la protecci\u00f3n de la informaci\u00f3n confidencial de las empresas con Distintivo ESR\u00ae.","og_url":"https:\/\/coparmexjal.org.mx\/entorno-empresarial\/cemefi-no-colabora-casa-editorial-4t\/","og_site_name":"Entorno Empresarial","article_publisher":"https:\/\/facebook.com\/comcoparmex","article_published_time":"2024-07-12T19:44:41+00:00","article_modified_time":"2024-07-12T19:44:42+00:00","og_image":[{"width":600,"height":188,"url":"https:\/\/coparmexjal.org.mx\/entorno-empresarial\/wp-content\/uploads\/2024\/07\/header.png","type":"image\/png"}],"author":"Coparmex Jalisco","twitter_card":"summary_large_image","twitter_creator":"@comcoparmex","twitter_site":"@comcoparmex","twitter_misc":{"Escrito por":"Coparmex Jalisco","Tiempo de lectura":"2 minutos"},"schema":{"@context":"https:\/\/schema.org","@graph":[{"@type":"Article","@id":"https:\/\/coparmexjal.org.mx\/entorno-empresarial\/cemefi-no-colabora-casa-editorial-4t\/#article","isPartOf":{"@id":"https:\/\/coparmexjal.org.mx\/entorno-empresarial\/cemefi-no-colabora-casa-editorial-4t\/"},"author":{"name":"Coparmex Jalisco","@id":"https:\/\/coparmexjal.org.mx\/entorno-empresarial\/#\/schema\/person\/7d1d56a9587bfb3a725cd3dbfbdb9d44"},"headline":"Cemefi no colabora con la empresa Casa Editorial 4T","datePublished":"2024-07-12T19:44:41+00:00","dateModified":"2024-07-12T19:44:42+00:00","mainEntityOfPage":{"@id":"https:\/\/coparmexjal.org.mx\/entorno-empresarial\/cemefi-no-colabora-casa-editorial-4t\/"},"wordCount":384,"commentCount":0,"publisher":{"@id":"https:\/\/coparmexjal.org.mx\/entorno-empresarial\/#organization"},"image":{"@id":"https:\/\/coparmexjal.org.mx\/entorno-empresarial\/cemefi-no-colabora-casa-editorial-4t\/#primaryimage"},"thumbnailUrl":"https:\/\/coparmexjal.org.mx\/entorno-empresarial\/wp-content\/uploads\/2024\/07\/header.png","keywords":["Avisos de Cemefi","empresas","Empresas Socialmente Responsables","Responsabilidad Social Empresarial","Transparencia y Seguridad"],"articleSection":["Empresas"],"inLanguage":"es","potentialAction":[{"@type":"CommentAction","name":"Comment","target":["https:\/\/coparmexjal.org.mx\/entorno-empresarial\/cemefi-no-colabora-casa-editorial-4t\/#respond"]}]},{"@type":"WebPage","@id":"https:\/\/coparmexjal.org.mx\/entorno-empresarial\/cemefi-no-colabora-casa-editorial-4t\/","url":"https:\/\/coparmexjal.org.mx\/entorno-empresarial\/cemefi-no-colabora-casa-editorial-4t\/","name":"Cemefi no colabora con la empresa Casa Editorial 4T - Entorno Empresarial","isPartOf":{"@id":"https:\/\/coparmexjal.org.mx\/entorno-empresarial\/#website"},"primaryImageOfPage":{"@id":"https:\/\/coparmexjal.org.mx\/entorno-empresarial\/cemefi-no-colabora-casa-editorial-4t\/#primaryimage"},"image":{"@id":"https:\/\/coparmexjal.org.mx\/entorno-empresarial\/cemefi-no-colabora-casa-editorial-4t\/#primaryimage"},"thumbnailUrl":"https:\/\/coparmexjal.org.mx\/entorno-empresarial\/wp-content\/uploads\/2024\/07\/header.png","datePublished":"2024-07-12T19:44:41+00:00","dateModified":"2024-07-12T19:44:42+00:00","description":"Cemefi niega colaboraci\u00f3n con Casa Editorial 4T y reafirma la protecci\u00f3n de la informaci\u00f3n confidencial de las empresas con Distintivo ESR\u00ae.","breadcrumb":{"@id":"https:\/\/coparmexjal.org.mx\/entorno-empresarial\/cemefi-no-colabora-casa-editorial-4t\/#breadcrumb"},"inLanguage":"es","potentialAction":[{"@type":"ReadAction","target":["https:\/\/coparmexjal.org.mx\/entorno-empresarial\/cemefi-no-colabora-casa-editorial-4t\/"]}]},{"@type":"ImageObject","inLanguage":"es","@id":"https:\/\/coparmexjal.org.mx\/entorno-empresarial\/cemefi-no-colabora-casa-editorial-4t\/#primaryimage","url":"https:\/\/coparmexjal.org.mx\/entorno-empresarial\/wp-content\/uploads\/2024\/07\/header.png","contentUrl":"https:\/\/coparmexjal.org.mx\/entorno-empresarial\/wp-content\/uploads\/2024\/07\/header.png","width":600,"height":188},{"@type":"BreadcrumbList","@id":"https:\/\/coparmexjal.org.mx\/entorno-empresarial\/cemefi-no-colabora-casa-editorial-4t\/#breadcrumb","itemListElement":[{"@type":"ListItem","position":1,"name":"Inicio","item":"https:\/\/coparmexjal.org.mx\/entorno-empresarial\/"},{"@type":"ListItem","position":2,"name":"Cemefi no colabora con la empresa Casa Editorial 4T"}]},{"@type":"WebSite","@id":"https:\/\/coparmexjal.org.mx\/entorno-empresarial\/#website","url":"https:\/\/coparmexjal.org.mx\/entorno-empresarial\/","name":"Revista Entorno Empresarial","description":"Coparmex Jalisco","publisher":{"@id":"https:\/\/coparmexjal.org.mx\/entorno-empresarial\/#organization"},"potentialAction":[{"@type":"SearchAction","target":{"@type":"EntryPoint","urlTemplate":"https:\/\/coparmexjal.org.mx\/entorno-empresarial\/?s={search_term_string}"},"query-input":{"@type":"PropertyValueSpecification","valueRequired":true,"valueName":"search_term_string"}}],"inLanguage":"es"},{"@type":"Organization","@id":"https:\/\/coparmexjal.org.mx\/entorno-empresarial\/#organization","name":"Coparmex Jalisco","url":"https:\/\/coparmexjal.org.mx\/entorno-empresarial\/","logo":{"@type":"ImageObject","inLanguage":"es","@id":"https:\/\/coparmexjal.org.mx\/entorno-empresarial\/#\/schema\/logo\/image\/","url":"https:\/\/coparmexjal.org.mx\/entorno-empresarial\/wp-content\/uploads\/2020\/02\/logo-amp.png","contentUrl":"https:\/\/coparmexjal.org.mx\/entorno-empresarial\/wp-content\/uploads\/2020\/02\/logo-amp.png","width":120,"height":90,"caption":"Coparmex Jalisco"},"image":{"@id":"https:\/\/coparmexjal.org.mx\/entorno-empresarial\/#\/schema\/logo\/image\/"},"sameAs":["https:\/\/facebook.com\/comcoparmex","https:\/\/x.com\/comcoparmex","http:\/\/instagram.com\/coparmexjalisco","https:\/\/mx.linkedin.com\/company\/coparmex-jalisco","https:\/\/www.youtube.com\/c\/CoparmexJaliscomx"]},{"@type":"Person","@id":"https:\/\/coparmexjal.org.mx\/entorno-empresarial\/#\/schema\/person\/7d1d56a9587bfb3a725cd3dbfbdb9d44","name":"Coparmex Jalisco","image":{"@type":"ImageObject","inLanguage":"es","@id":"https:\/\/coparmexjal.org.mx\/entorno-empresarial\/wp-content\/uploads\/2020\/06\/favicon-150x133.png","url":"https:\/\/coparmexjal.org.mx\/entorno-empresarial\/wp-content\/uploads\/2020\/06\/favicon-150x133.png","contentUrl":"https:\/\/coparmexjal.org.mx\/entorno-empresarial\/wp-content\/uploads\/2020\/06\/favicon-150x133.png","caption":"Coparmex Jalisco"},"url":"https:\/\/coparmexjal.org.mx\/entorno-empresarial\/author\/coparmexjalisco\/"}]}},"_links":{"self":[{"href":"https:\/\/coparmexjal.org.mx\/entorno-empresarial\/wp-json\/wp\/v2\/posts\/7409","targetHints":{"allow":["GET"]}}],"collection":[{"href":"https:\/\/coparmexjal.org.mx\/entorno-empresarial\/wp-json\/wp\/v2\/posts"}],"about":[{"href":"https:\/\/coparmexjal.org.mx\/entorno-empresarial\/wp-json\/wp\/v2\/types\/post"}],"author":[{"embeddable":true,"href":"https:\/\/coparmexjal.org.mx\/entorno-empresarial\/wp-json\/wp\/v2\/users\/2"}],"replies":[{"embeddable":true,"href":"https:\/\/coparmexjal.org.mx\/entorno-empresarial\/wp-json\/wp\/v2\/comments?post=7409"}],"version-history":[{"count":1,"href":"https:\/\/coparmexjal.org.mx\/entorno-empresarial\/wp-json\/wp\/v2\/posts\/7409\/revisions"}],"predecessor-version":[{"id":7411,"href":"https:\/\/coparmexjal.org.mx\/entorno-empresarial\/wp-json\/wp\/v2\/posts\/7409\/revisions\/7411"}],"wp:featuredmedia":[{"embeddable":true,"href":"https:\/\/coparmexjal.org.mx\/entorno-empresarial\/wp-json\/wp\/v2\/media\/7410"}],"wp:attachment":[{"href":"https:\/\/coparmexjal.org.mx\/entorno-empresarial\/wp-json\/wp\/v2\/media?parent=7409"}],"wp:term":[{"taxonomy":"category","embeddable":true,"href":"https:\/\/coparmexjal.org.mx\/entorno-empresarial\/wp-json\/wp\/v2\/categories?post=7409"},{"taxonomy":"post_tag","embeddable":true,"href":"https:\/\/coparmexjal.org.mx\/entorno-empresarial\/wp-json\/wp\/v2\/tags?post=7409"}],"curies":[{"name":"wp","href":"https:\/\/api.w.org\/{rel}","templated":true}]}}