{"id":7382,"date":"2024-06-21T13:32:40","date_gmt":"2024-06-21T19:32:40","guid":{"rendered":"https:\/\/coparmexjal.org.mx\/entorno-empresarial\/?p=7382"},"modified":"2024-06-21T13:32:41","modified_gmt":"2024-06-21T19:32:41","slug":"trilogia-daisugi","status":"publish","type":"post","link":"https:\/\/coparmexjal.org.mx\/entorno-empresarial\/trilogia-daisugi\/","title":{"rendered":"TRILOG\u00cdA DAISUGI"},"content":{"rendered":"\n<p>Esta trilog\u00eda propone trabajar en lograr un entorno de vida que privilegie la dimensi\u00f3n social y humana lo que llevar\u00e1 a construir mejores condiciones para el desarrollo de todos los que integran una organizaci\u00f3n. Es un libro para emprendedores, l\u00edderes, profesionales del desarrollo organizacional y en general para todos los que tienen a su cargo equipos de trabajo.<\/p>\n\n\n\n<p>Escritos por Pablo Moch nos invitan a reflexionar en la importancia de entender a la persona y trabajar en su desarrollo integral y trascendental; para esto es \u201cindispensable usar el don humano del raciocinio y, establecer los objetivos pertinentes, elaborando al mismo tiempo un mapa de esfuerzos, riesgos y caminos probables\u201d, nos dice el autor.<\/p>\n\n\n\n<p>Para lograr llegar a un camino de plenitud la trilog\u00eda presenta la Teor\u00eda, el Modelo y los Elementos Daisugi, sumando conocimientos, experiencias y pr\u00e1cticas exitosas de transformaci\u00f3n personal que ha tenido Pablo a lo largo de su carrera.<\/p>\n\n\n\n<p>El autor es doctor en Psicolog\u00eda por la Universidad Iberoamericana y es consejero, empresario, docente y orador. Es fundador y director de Praxis Asesores Corporativos.<\/p>\n\n\n\n<p>El MODELO DAISUGI, ayudar\u00e1 a cada persona a cumplir el anhelo de su coraz\u00f3n y el prop\u00f3sito existencial que est\u00e1 llamado a alcanzar en su vida. Est\u00e1 inspirado en una palabra japonesa que designa un sistema de silvicultura del siglo XIV con el que se produce madera de alta calidad sin deterioro del medio ambiente. El concepto DAISUGI es una alegor\u00eda perfecta de la necesidad de volver a poner a la persona en el centro de la vida, las relaciones humanas y la cultura, por lo que la teor\u00eda y el modelo son aplicables a personas, grupos o equipos y a organizaciones.<\/p>\n\n\n\n<p>En el primer libro de la trilog\u00eda el autor realiza consideraciones filos\u00f3ficas sobre el valor de la individualidad, la importancia del concepto \u201cpersona\u201d y los principios esenciales para humanizar a las organizaciones y que los seres humanos pasen a ser el centro de las organizaciones. Se analiza a la persona desde diferentes aristas: la primera de estas realiza un estudio de la persona como un ente individual desde la psicolog\u00eda humanista y c\u00f3mo tiene capacidad de relacionarse mediante las mejores pr\u00e1cticas organizacionales. La segunda analiza el rol de la persona como parte de diversas organizaciones y la tercera el autor desde su experiencia profesional hila lo te\u00f3rico con lo posible.<\/p>\n\n\n\n<p>En la segunda entrega explica y analiza otro elemento del MODELO DAISUGI: Las relaciones humanas vitales que suavizan el individualismo pragm\u00e1tico y alientan el \u201cbien ser\u201d y el \u201cbien estar\u201d en armon\u00eda con los otros, rescatando el valor del hombre relacional.<\/p>\n\n\n\n<p>Cada organismo es un terreno f\u00e9rtil para el crecimiento personal y colectivo. La misi\u00f3n y visi\u00f3n no deben de ser conceptos abstractos sino la columna vertebral que sustenta la vida corporativa.<\/p>\n\n\n\n<p>El tercer libro plantea la conveniencia de estar actualizado en temas de liderazgo y la forma de humanizar nuestro entorno, entender los procesos de transformaci\u00f3n de una manera concreta y correcta lo que permite alcanzar la plenitud personal con todo lo que ello conlleva.<\/p>\n\n\n\n<p>Presenta un estilo de liderazgo renovado que abre posibilidades hacia la plenitud y un nuevo rol que implica ver a la persona como centro y eje de un humanismo redoblado para construir culturas productivas utilizando las relaciones humanas vitales.<\/p>\n","protected":false},"excerpt":{"rendered":"<p>Esta trilog\u00eda propone trabajar en lograr un entorno de vida que privilegie la dimensi\u00f3n social y humana lo que llevar\u00e1 a construir mejores condiciones para<\/p>\n","protected":false},"author":8,"featured_media":7385,"comment_status":"open","ping_status":"open","sticky":false,"template":"","format":"standard","meta":{"footnotes":""},"categories":[152],"tags":[405,1387,1386,173,1388,1389,215],"class_list":["post-7382","post","type-post","status-publish","format-standard","has-post-thumbnail","hentry","category-empresas","tag-coparmex-jalisco","tag-desarrollo-organizacional","tag-desarrollo-personal","tag-empresas","tag-gestion-de-equipos","tag-humanizacion-en-el-trabajo","tag-liderazgo"],"yoast_head":"<!-- This site is optimized with the Yoast SEO plugin v27.5 - https:\/\/yoast.com\/product\/yoast-seo-wordpress\/ -->\n<title>Trilog\u00eda Daisugi: Transformaci\u00f3n Personal y Organizacional<\/title>\n<meta name=\"description\" content=\"Una gu\u00eda esencial de Pablo Moch para l\u00edderes y emprendedores que desean crear entornos de trabajo humanos y desarrolladores.\" \/>\n<meta name=\"robots\" content=\"index, follow, max-snippet:-1, max-image-preview:large, max-video-preview:-1\" \/>\n<link rel=\"canonical\" href=\"https:\/\/coparmexjal.org.mx\/entorno-empresarial\/trilogia-daisugi\/\" \/>\n<meta property=\"og:locale\" content=\"es_MX\" \/>\n<meta property=\"og:type\" content=\"article\" \/>\n<meta property=\"og:title\" content=\"Trilog\u00eda Daisugi: Transformaci\u00f3n Personal y Organizacional\" \/>\n<meta property=\"og:description\" content=\"Una gu\u00eda esencial de Pablo Moch para l\u00edderes y emprendedores que desean crear entornos de trabajo humanos y desarrolladores.\" \/>\n<meta property=\"og:url\" content=\"https:\/\/coparmexjal.org.mx\/entorno-empresarial\/trilogia-daisugi\/\" \/>\n<meta property=\"og:site_name\" content=\"Entorno Empresarial\" \/>\n<meta property=\"article:publisher\" content=\"https:\/\/facebook.com\/comcoparmex\" \/>\n<meta property=\"article:published_time\" content=\"2024-06-21T19:32:40+00:00\" \/>\n<meta property=\"article:modified_time\" content=\"2024-06-21T19:32:41+00:00\" \/>\n<meta property=\"og:image\" content=\"https:\/\/coparmexjal.org.mx\/entorno-empresarial\/wp-content\/uploads\/2024\/06\/DAISUGI-1.jpg\" \/>\n\t<meta property=\"og:image:width\" content=\"811\" \/>\n\t<meta property=\"og:image:height\" content=\"400\" \/>\n\t<meta property=\"og:image:type\" content=\"image\/jpeg\" \/>\n<meta name=\"author\" content=\"Bertha In\u00e9s Herrer\u00edas Franco\" \/>\n<meta name=\"twitter:card\" content=\"summary_large_image\" \/>\n<meta name=\"twitter:creator\" content=\"@comcoparmex\" \/>\n<meta name=\"twitter:site\" content=\"@comcoparmex\" \/>\n<meta name=\"twitter:label1\" content=\"Escrito por\" \/>\n\t<meta name=\"twitter:data1\" content=\"Bertha In\u00e9s Herrer\u00edas Franco\" \/>\n\t<meta name=\"twitter:label2\" content=\"Tiempo de lectura\" \/>\n\t<meta name=\"twitter:data2\" content=\"3 minutos\" \/>\n<script type=\"application\/ld+json\" class=\"yoast-schema-graph\">{\"@context\":\"https:\\\/\\\/schema.org\",\"@graph\":[{\"@type\":\"Article\",\"@id\":\"https:\\\/\\\/coparmexjal.org.mx\\\/entorno-empresarial\\\/trilogia-daisugi\\\/#article\",\"isPartOf\":{\"@id\":\"https:\\\/\\\/coparmexjal.org.mx\\\/entorno-empresarial\\\/trilogia-daisugi\\\/\"},\"author\":{\"name\":\"Bertha In\u00e9s Herrer\u00edas Franco\",\"@id\":\"https:\\\/\\\/coparmexjal.org.mx\\\/entorno-empresarial\\\/#\\\/schema\\\/person\\\/a5631197d27621bced2324279987e56a\"},\"headline\":\"TRILOG\u00cdA DAISUGI\",\"datePublished\":\"2024-06-21T19:32:40+00:00\",\"dateModified\":\"2024-06-21T19:32:41+00:00\",\"mainEntityOfPage\":{\"@id\":\"https:\\\/\\\/coparmexjal.org.mx\\\/entorno-empresarial\\\/trilogia-daisugi\\\/\"},\"wordCount\":571,\"commentCount\":0,\"publisher\":{\"@id\":\"https:\\\/\\\/coparmexjal.org.mx\\\/entorno-empresarial\\\/#organization\"},\"image\":{\"@id\":\"https:\\\/\\\/coparmexjal.org.mx\\\/entorno-empresarial\\\/trilogia-daisugi\\\/#primaryimage\"},\"thumbnailUrl\":\"https:\\\/\\\/coparmexjal.org.mx\\\/entorno-empresarial\\\/wp-content\\\/uploads\\\/2024\\\/06\\\/DAISUGI-1.jpg\",\"keywords\":[\"coparmex jalisco\",\"Desarrollo Organizacional\",\"Desarrollo Personal\",\"empresas\",\"Gesti\u00f3n de Equipos\",\"Humanizaci\u00f3n en el Trabajo\",\"liderazgo\"],\"articleSection\":[\"Empresas\"],\"inLanguage\":\"es\",\"potentialAction\":[{\"@type\":\"CommentAction\",\"name\":\"Comment\",\"target\":[\"https:\\\/\\\/coparmexjal.org.mx\\\/entorno-empresarial\\\/trilogia-daisugi\\\/#respond\"]}]},{\"@type\":\"WebPage\",\"@id\":\"https:\\\/\\\/coparmexjal.org.mx\\\/entorno-empresarial\\\/trilogia-daisugi\\\/\",\"url\":\"https:\\\/\\\/coparmexjal.org.mx\\\/entorno-empresarial\\\/trilogia-daisugi\\\/\",\"name\":\"Trilog\u00eda Daisugi: Transformaci\u00f3n Personal y Organizacional\",\"isPartOf\":{\"@id\":\"https:\\\/\\\/coparmexjal.org.mx\\\/entorno-empresarial\\\/#website\"},\"primaryImageOfPage\":{\"@id\":\"https:\\\/\\\/coparmexjal.org.mx\\\/entorno-empresarial\\\/trilogia-daisugi\\\/#primaryimage\"},\"image\":{\"@id\":\"https:\\\/\\\/coparmexjal.org.mx\\\/entorno-empresarial\\\/trilogia-daisugi\\\/#primaryimage\"},\"thumbnailUrl\":\"https:\\\/\\\/coparmexjal.org.mx\\\/entorno-empresarial\\\/wp-content\\\/uploads\\\/2024\\\/06\\\/DAISUGI-1.jpg\",\"datePublished\":\"2024-06-21T19:32:40+00:00\",\"dateModified\":\"2024-06-21T19:32:41+00:00\",\"description\":\"Una gu\u00eda esencial de Pablo Moch para l\u00edderes y emprendedores que desean crear entornos de trabajo humanos y desarrolladores.\",\"breadcrumb\":{\"@id\":\"https:\\\/\\\/coparmexjal.org.mx\\\/entorno-empresarial\\\/trilogia-daisugi\\\/#breadcrumb\"},\"inLanguage\":\"es\",\"potentialAction\":[{\"@type\":\"ReadAction\",\"target\":[\"https:\\\/\\\/coparmexjal.org.mx\\\/entorno-empresarial\\\/trilogia-daisugi\\\/\"]}]},{\"@type\":\"ImageObject\",\"inLanguage\":\"es\",\"@id\":\"https:\\\/\\\/coparmexjal.org.mx\\\/entorno-empresarial\\\/trilogia-daisugi\\\/#primaryimage\",\"url\":\"https:\\\/\\\/coparmexjal.org.mx\\\/entorno-empresarial\\\/wp-content\\\/uploads\\\/2024\\\/06\\\/DAISUGI-1.jpg\",\"contentUrl\":\"https:\\\/\\\/coparmexjal.org.mx\\\/entorno-empresarial\\\/wp-content\\\/uploads\\\/2024\\\/06\\\/DAISUGI-1.jpg\",\"width\":811,\"height\":400},{\"@type\":\"BreadcrumbList\",\"@id\":\"https:\\\/\\\/coparmexjal.org.mx\\\/entorno-empresarial\\\/trilogia-daisugi\\\/#breadcrumb\",\"itemListElement\":[{\"@type\":\"ListItem\",\"position\":1,\"name\":\"Inicio\",\"item\":\"https:\\\/\\\/coparmexjal.org.mx\\\/entorno-empresarial\\\/\"},{\"@type\":\"ListItem\",\"position\":2,\"name\":\"TRILOG\u00cdA DAISUGI\"}]},{\"@type\":\"WebSite\",\"@id\":\"https:\\\/\\\/coparmexjal.org.mx\\\/entorno-empresarial\\\/#website\",\"url\":\"https:\\\/\\\/coparmexjal.org.mx\\\/entorno-empresarial\\\/\",\"name\":\"Revista Entorno Empresarial\",\"description\":\"Coparmex Jalisco\",\"publisher\":{\"@id\":\"https:\\\/\\\/coparmexjal.org.mx\\\/entorno-empresarial\\\/#organization\"},\"potentialAction\":[{\"@type\":\"SearchAction\",\"target\":{\"@type\":\"EntryPoint\",\"urlTemplate\":\"https:\\\/\\\/coparmexjal.org.mx\\\/entorno-empresarial\\\/?s={search_term_string}\"},\"query-input\":{\"@type\":\"PropertyValueSpecification\",\"valueRequired\":true,\"valueName\":\"search_term_string\"}}],\"inLanguage\":\"es\"},{\"@type\":\"Organization\",\"@id\":\"https:\\\/\\\/coparmexjal.org.mx\\\/entorno-empresarial\\\/#organization\",\"name\":\"Coparmex Jalisco\",\"url\":\"https:\\\/\\\/coparmexjal.org.mx\\\/entorno-empresarial\\\/\",\"logo\":{\"@type\":\"ImageObject\",\"inLanguage\":\"es\",\"@id\":\"https:\\\/\\\/coparmexjal.org.mx\\\/entorno-empresarial\\\/#\\\/schema\\\/logo\\\/image\\\/\",\"url\":\"https:\\\/\\\/coparmexjal.org.mx\\\/entorno-empresarial\\\/wp-content\\\/uploads\\\/2020\\\/02\\\/logo-amp.png\",\"contentUrl\":\"https:\\\/\\\/coparmexjal.org.mx\\\/entorno-empresarial\\\/wp-content\\\/uploads\\\/2020\\\/02\\\/logo-amp.png\",\"width\":120,\"height\":90,\"caption\":\"Coparmex Jalisco\"},\"image\":{\"@id\":\"https:\\\/\\\/coparmexjal.org.mx\\\/entorno-empresarial\\\/#\\\/schema\\\/logo\\\/image\\\/\"},\"sameAs\":[\"https:\\\/\\\/facebook.com\\\/comcoparmex\",\"https:\\\/\\\/x.com\\\/comcoparmex\",\"http:\\\/\\\/instagram.com\\\/coparmexjalisco\",\"https:\\\/\\\/mx.linkedin.com\\\/company\\\/coparmex-jalisco\",\"https:\\\/\\\/www.youtube.com\\\/c\\\/CoparmexJaliscomx\"]},{\"@type\":\"Person\",\"@id\":\"https:\\\/\\\/coparmexjal.org.mx\\\/entorno-empresarial\\\/#\\\/schema\\\/person\\\/a5631197d27621bced2324279987e56a\",\"name\":\"Bertha In\u00e9s Herrer\u00edas Franco\",\"image\":{\"@type\":\"ImageObject\",\"inLanguage\":\"es\",\"@id\":\"https:\\\/\\\/coparmexjal.org.mx\\\/entorno-empresarial\\\/wp-content\\\/uploads\\\/2020\\\/06\\\/lid-150x150.jpg\",\"url\":\"https:\\\/\\\/coparmexjal.org.mx\\\/entorno-empresarial\\\/wp-content\\\/uploads\\\/2020\\\/06\\\/lid-150x150.jpg\",\"contentUrl\":\"https:\\\/\\\/coparmexjal.org.mx\\\/entorno-empresarial\\\/wp-content\\\/uploads\\\/2020\\\/06\\\/lid-150x150.jpg\",\"caption\":\"Bertha In\u00e9s Herrer\u00edas Franco\"},\"description\":\"Gerente de comunicaci\u00f3n de LID Editorial Mexicana\",\"sameAs\":[\"https:\\\/\\\/www.lideditorial.com\"],\"url\":\"https:\\\/\\\/coparmexjal.org.mx\\\/entorno-empresarial\\\/author\\\/bertha-herrerias\\\/\"}]}<\/script>\n<!-- \/ Yoast SEO plugin. -->","yoast_head_json":{"title":"Trilog\u00eda Daisugi: Transformaci\u00f3n Personal y Organizacional","description":"Una gu\u00eda esencial de Pablo Moch para l\u00edderes y emprendedores que desean crear entornos de trabajo humanos y desarrolladores.","robots":{"index":"index","follow":"follow","max-snippet":"max-snippet:-1","max-image-preview":"max-image-preview:large","max-video-preview":"max-video-preview:-1"},"canonical":"https:\/\/coparmexjal.org.mx\/entorno-empresarial\/trilogia-daisugi\/","og_locale":"es_MX","og_type":"article","og_title":"Trilog\u00eda Daisugi: Transformaci\u00f3n Personal y Organizacional","og_description":"Una gu\u00eda esencial de Pablo Moch para l\u00edderes y emprendedores que desean crear entornos de trabajo humanos y desarrolladores.","og_url":"https:\/\/coparmexjal.org.mx\/entorno-empresarial\/trilogia-daisugi\/","og_site_name":"Entorno Empresarial","article_publisher":"https:\/\/facebook.com\/comcoparmex","article_published_time":"2024-06-21T19:32:40+00:00","article_modified_time":"2024-06-21T19:32:41+00:00","og_image":[{"width":811,"height":400,"url":"https:\/\/coparmexjal.org.mx\/entorno-empresarial\/wp-content\/uploads\/2024\/06\/DAISUGI-1.jpg","type":"image\/jpeg"}],"author":"Bertha In\u00e9s Herrer\u00edas Franco","twitter_card":"summary_large_image","twitter_creator":"@comcoparmex","twitter_site":"@comcoparmex","twitter_misc":{"Escrito por":"Bertha In\u00e9s Herrer\u00edas Franco","Tiempo de lectura":"3 minutos"},"schema":{"@context":"https:\/\/schema.org","@graph":[{"@type":"Article","@id":"https:\/\/coparmexjal.org.mx\/entorno-empresarial\/trilogia-daisugi\/#article","isPartOf":{"@id":"https:\/\/coparmexjal.org.mx\/entorno-empresarial\/trilogia-daisugi\/"},"author":{"name":"Bertha In\u00e9s Herrer\u00edas Franco","@id":"https:\/\/coparmexjal.org.mx\/entorno-empresarial\/#\/schema\/person\/a5631197d27621bced2324279987e56a"},"headline":"TRILOG\u00cdA DAISUGI","datePublished":"2024-06-21T19:32:40+00:00","dateModified":"2024-06-21T19:32:41+00:00","mainEntityOfPage":{"@id":"https:\/\/coparmexjal.org.mx\/entorno-empresarial\/trilogia-daisugi\/"},"wordCount":571,"commentCount":0,"publisher":{"@id":"https:\/\/coparmexjal.org.mx\/entorno-empresarial\/#organization"},"image":{"@id":"https:\/\/coparmexjal.org.mx\/entorno-empresarial\/trilogia-daisugi\/#primaryimage"},"thumbnailUrl":"https:\/\/coparmexjal.org.mx\/entorno-empresarial\/wp-content\/uploads\/2024\/06\/DAISUGI-1.jpg","keywords":["coparmex jalisco","Desarrollo Organizacional","Desarrollo Personal","empresas","Gesti\u00f3n de Equipos","Humanizaci\u00f3n en el Trabajo","liderazgo"],"articleSection":["Empresas"],"inLanguage":"es","potentialAction":[{"@type":"CommentAction","name":"Comment","target":["https:\/\/coparmexjal.org.mx\/entorno-empresarial\/trilogia-daisugi\/#respond"]}]},{"@type":"WebPage","@id":"https:\/\/coparmexjal.org.mx\/entorno-empresarial\/trilogia-daisugi\/","url":"https:\/\/coparmexjal.org.mx\/entorno-empresarial\/trilogia-daisugi\/","name":"Trilog\u00eda Daisugi: Transformaci\u00f3n Personal y Organizacional","isPartOf":{"@id":"https:\/\/coparmexjal.org.mx\/entorno-empresarial\/#website"},"primaryImageOfPage":{"@id":"https:\/\/coparmexjal.org.mx\/entorno-empresarial\/trilogia-daisugi\/#primaryimage"},"image":{"@id":"https:\/\/coparmexjal.org.mx\/entorno-empresarial\/trilogia-daisugi\/#primaryimage"},"thumbnailUrl":"https:\/\/coparmexjal.org.mx\/entorno-empresarial\/wp-content\/uploads\/2024\/06\/DAISUGI-1.jpg","datePublished":"2024-06-21T19:32:40+00:00","dateModified":"2024-06-21T19:32:41+00:00","description":"Una gu\u00eda esencial de Pablo Moch para l\u00edderes y emprendedores que desean crear entornos de trabajo humanos y desarrolladores.","breadcrumb":{"@id":"https:\/\/coparmexjal.org.mx\/entorno-empresarial\/trilogia-daisugi\/#breadcrumb"},"inLanguage":"es","potentialAction":[{"@type":"ReadAction","target":["https:\/\/coparmexjal.org.mx\/entorno-empresarial\/trilogia-daisugi\/"]}]},{"@type":"ImageObject","inLanguage":"es","@id":"https:\/\/coparmexjal.org.mx\/entorno-empresarial\/trilogia-daisugi\/#primaryimage","url":"https:\/\/coparmexjal.org.mx\/entorno-empresarial\/wp-content\/uploads\/2024\/06\/DAISUGI-1.jpg","contentUrl":"https:\/\/coparmexjal.org.mx\/entorno-empresarial\/wp-content\/uploads\/2024\/06\/DAISUGI-1.jpg","width":811,"height":400},{"@type":"BreadcrumbList","@id":"https:\/\/coparmexjal.org.mx\/entorno-empresarial\/trilogia-daisugi\/#breadcrumb","itemListElement":[{"@type":"ListItem","position":1,"name":"Inicio","item":"https:\/\/coparmexjal.org.mx\/entorno-empresarial\/"},{"@type":"ListItem","position":2,"name":"TRILOG\u00cdA DAISUGI"}]},{"@type":"WebSite","@id":"https:\/\/coparmexjal.org.mx\/entorno-empresarial\/#website","url":"https:\/\/coparmexjal.org.mx\/entorno-empresarial\/","name":"Revista Entorno Empresarial","description":"Coparmex Jalisco","publisher":{"@id":"https:\/\/coparmexjal.org.mx\/entorno-empresarial\/#organization"},"potentialAction":[{"@type":"SearchAction","target":{"@type":"EntryPoint","urlTemplate":"https:\/\/coparmexjal.org.mx\/entorno-empresarial\/?s={search_term_string}"},"query-input":{"@type":"PropertyValueSpecification","valueRequired":true,"valueName":"search_term_string"}}],"inLanguage":"es"},{"@type":"Organization","@id":"https:\/\/coparmexjal.org.mx\/entorno-empresarial\/#organization","name":"Coparmex Jalisco","url":"https:\/\/coparmexjal.org.mx\/entorno-empresarial\/","logo":{"@type":"ImageObject","inLanguage":"es","@id":"https:\/\/coparmexjal.org.mx\/entorno-empresarial\/#\/schema\/logo\/image\/","url":"https:\/\/coparmexjal.org.mx\/entorno-empresarial\/wp-content\/uploads\/2020\/02\/logo-amp.png","contentUrl":"https:\/\/coparmexjal.org.mx\/entorno-empresarial\/wp-content\/uploads\/2020\/02\/logo-amp.png","width":120,"height":90,"caption":"Coparmex Jalisco"},"image":{"@id":"https:\/\/coparmexjal.org.mx\/entorno-empresarial\/#\/schema\/logo\/image\/"},"sameAs":["https:\/\/facebook.com\/comcoparmex","https:\/\/x.com\/comcoparmex","http:\/\/instagram.com\/coparmexjalisco","https:\/\/mx.linkedin.com\/company\/coparmex-jalisco","https:\/\/www.youtube.com\/c\/CoparmexJaliscomx"]},{"@type":"Person","@id":"https:\/\/coparmexjal.org.mx\/entorno-empresarial\/#\/schema\/person\/a5631197d27621bced2324279987e56a","name":"Bertha In\u00e9s Herrer\u00edas Franco","image":{"@type":"ImageObject","inLanguage":"es","@id":"https:\/\/coparmexjal.org.mx\/entorno-empresarial\/wp-content\/uploads\/2020\/06\/lid-150x150.jpg","url":"https:\/\/coparmexjal.org.mx\/entorno-empresarial\/wp-content\/uploads\/2020\/06\/lid-150x150.jpg","contentUrl":"https:\/\/coparmexjal.org.mx\/entorno-empresarial\/wp-content\/uploads\/2020\/06\/lid-150x150.jpg","caption":"Bertha In\u00e9s Herrer\u00edas Franco"},"description":"Gerente de comunicaci\u00f3n de LID Editorial Mexicana","sameAs":["https:\/\/www.lideditorial.com"],"url":"https:\/\/coparmexjal.org.mx\/entorno-empresarial\/author\/bertha-herrerias\/"}]}},"_links":{"self":[{"href":"https:\/\/coparmexjal.org.mx\/entorno-empresarial\/wp-json\/wp\/v2\/posts\/7382","targetHints":{"allow":["GET"]}}],"collection":[{"href":"https:\/\/coparmexjal.org.mx\/entorno-empresarial\/wp-json\/wp\/v2\/posts"}],"about":[{"href":"https:\/\/coparmexjal.org.mx\/entorno-empresarial\/wp-json\/wp\/v2\/types\/post"}],"author":[{"embeddable":true,"href":"https:\/\/coparmexjal.org.mx\/entorno-empresarial\/wp-json\/wp\/v2\/users\/8"}],"replies":[{"embeddable":true,"href":"https:\/\/coparmexjal.org.mx\/entorno-empresarial\/wp-json\/wp\/v2\/comments?post=7382"}],"version-history":[{"count":1,"href":"https:\/\/coparmexjal.org.mx\/entorno-empresarial\/wp-json\/wp\/v2\/posts\/7382\/revisions"}],"predecessor-version":[{"id":7384,"href":"https:\/\/coparmexjal.org.mx\/entorno-empresarial\/wp-json\/wp\/v2\/posts\/7382\/revisions\/7384"}],"wp:featuredmedia":[{"embeddable":true,"href":"https:\/\/coparmexjal.org.mx\/entorno-empresarial\/wp-json\/wp\/v2\/media\/7385"}],"wp:attachment":[{"href":"https:\/\/coparmexjal.org.mx\/entorno-empresarial\/wp-json\/wp\/v2\/media?parent=7382"}],"wp:term":[{"taxonomy":"category","embeddable":true,"href":"https:\/\/coparmexjal.org.mx\/entorno-empresarial\/wp-json\/wp\/v2\/categories?post=7382"},{"taxonomy":"post_tag","embeddable":true,"href":"https:\/\/coparmexjal.org.mx\/entorno-empresarial\/wp-json\/wp\/v2\/tags?post=7382"}],"curies":[{"name":"wp","href":"https:\/\/api.w.org\/{rel}","templated":true}]}}