{"id":7349,"date":"2024-06-02T18:24:41","date_gmt":"2024-06-03T00:24:41","guid":{"rendered":"https:\/\/coparmexjal.org.mx\/entorno-empresarial\/?p=7349"},"modified":"2024-07-01T17:08:30","modified_gmt":"2024-07-01T23:08:30","slug":"destaca-asistencia-especial-a-grupos-vulnerables","status":"publish","type":"post","link":"https:\/\/coparmexjal.org.mx\/entorno-empresarial\/destaca-asistencia-especial-a-grupos-vulnerables\/","title":{"rendered":"Destaca asistencia especial a grupos vulnerables"},"content":{"rendered":"\n<h2 class=\"wp-block-heading\">Destaca durante el segundo corte de observaci\u00f3n, asistencia especial a grupos vulnerables e incidencias dentro de las casillas<\/h2>\n\n\n\n<p>El segundo corte de observaci\u00f3n se realiz\u00f3 a las 13:25, donde se identificaron las siguientes incidencias:<\/p>\n\n\n\n<p><strong>Operatividad de la casilla<\/strong><\/p>\n\n\n\n<p>\u2022 En el 92% de las casillas observadas los funcionarios han resuelto los inconvenientes que se les han presentado.<br>\u2022 En el 98% de las casillas observadas no se ha interrumpido o suspendido la votaci\u00f3n (el restante 2% se debi\u00f3 a falta de insumos o desorganizaci\u00f3n).<br>\u2022 En el 91% de las casillas observadas el material electoral ha funcionado de forma correcta.<\/p>\n\n\n\n<p><strong>Incidencias:<\/strong><br>\u2022 En el 8% de las casillas observadas se solicit\u00f3 a alg\u00fan votante retirarse de la casilla, destacando los siguientes motivos:<\/p>\n\n\n\n<ul class=\"wp-block-list\">\n<li>Brincarse la fila y causar desorden<\/li>\n\n\n\n<li>Contestar llamadas con temas proselitistas<\/li>\n\n\n\n<li>Demasiado tiempo en casilla sin portar acreditaci\u00f3n para estar dentro de casilla<\/li>\n<\/ul>\n\n\n\n<p>\u2022 En el 8% de las casillas observadas se identific\u00f3 que a algunas personas no se les permiti\u00f3 votar, destacando los siguientes motivos:<\/p>\n\n\n\n<ul class=\"wp-block-list\">\n<li>INE vencida<\/li>\n\n\n\n<li>Casilla equivocada<\/li>\n<\/ul>\n\n\n\n<p>\u2022 Se identific\u00f3 que en el 16% de las casillas observadas ocurri\u00f3 alg\u00fan tipo de altercado entre votantes, funcionarios o representantes, destacando las siguientes situaciones:<\/p>\n\n\n\n<ul class=\"wp-block-list\">\n<li>Molestias por estar parados durante un largo lapso de tiempo bajo el sol y log\u00edstica que genera confusiones<ul><li>Personas que ofenden a funcionarios o viceversa<\/li><\/ul>\n<ul class=\"wp-block-list\">\n<li>Discusiones por demora en la apertura de casillas<\/li>\n<\/ul>\n<\/li>\n<\/ul>\n\n\n\n<p>\u2022 En el 5% de las casillas observadas se restringi\u00f3 el acceso a la casilla a una persona, principalmente por:<\/p>\n\n\n\n<ul class=\"wp-block-list\">\n<li>Portar una camisa de un partido pol\u00edtico<ul><li>No traer credencial<\/li><\/ul>\n<ul class=\"wp-block-list\">\n<li>Ser secci\u00f3n equivocada<\/li>\n<\/ul>\n<\/li>\n<\/ul>\n\n\n\n<p>\u2022 En el 10% de las casillas observadas se han identificado en su per\u00edmetro cercano propaganda partidista (lonas y calcoman\u00edas de todos los partidos).<\/p>\n\n\n<div class=\"wp-block-image\">\n<figure class=\"alignleft size-large is-resized\"><img fetchpriority=\"high\" decoding=\"async\" width=\"1024\" height=\"768\" src=\"https:\/\/coparmexjal.org.mx\/entorno-empresarial\/wp-content\/uploads\/2024\/06\/16-1024x768.jpg\" alt=\"\" class=\"wp-image-7350\" style=\"width:569px;height:auto\" srcset=\"https:\/\/coparmexjal.org.mx\/entorno-empresarial\/wp-content\/uploads\/2024\/06\/16-1024x768.jpg 1024w, https:\/\/coparmexjal.org.mx\/entorno-empresarial\/wp-content\/uploads\/2024\/06\/16-300x225.jpg 300w, https:\/\/coparmexjal.org.mx\/entorno-empresarial\/wp-content\/uploads\/2024\/06\/16-768x576.jpg 768w, https:\/\/coparmexjal.org.mx\/entorno-empresarial\/wp-content\/uploads\/2024\/06\/16.jpg 1067w\" sizes=\"(max-width: 1024px) 100vw, 1024px\" \/><\/figure><\/div>\n\n\n<p><strong>Sectores: vulnerables<\/strong><br>\u2022 En el 75% de las casillas observadas se ha identificado la votaci\u00f3n de personas del sector vulnerable.<br>\u2022 En el 15% de las casillas observadas se ha identificado que las casillas no cuentan con las dimensiones adecuadas para votar adecuadamente (mucha gente en poco espacio y personas con silla de ruedas).<br>\u2022 En el 92% de las casillas observadas se ha brindado asistencia especial a estos grupos vulnerables, tales como:<\/p>\n\n\n\n<ul class=\"wp-block-list\">\n<li>Orientarlos a sus casillas correspondientes<ul><li>Subir o bajar gente en silla de ruedas<\/li><\/ul><ul><li>Dar prioridad a las personas con vulnerabilidad<\/li><\/ul>\n<ul class=\"wp-block-list\">\n<li>Acomodar las casillas para la comodidad de gente en silla de ruedas<\/li>\n<\/ul>\n<\/li>\n<\/ul>\n\n\n\n<p><strong>Hallazgos relevantes:<\/strong><br>\u2022 Retrasos de consideraci\u00f3n en algunas casillas, incluso m\u00e1s all\u00e1 de las 9:00 A.M.<br>\u2022 Los cambios en funcionarios de casillas han generado complicaciones en la entrega de boletas.<br>\u2022 Destaca la participaci\u00f3n de sectores vulnerables en la votaci\u00f3n.<br>\u2022 Se identificaron una cantidad considerable de casillas con problemas de accesibilidad, pero se ha tenido apoyo de algunos funcionarios y ciudadanos.<\/p>\n\n\n\n<p class=\"has-small-font-size\"><strong>Esta publicaci\u00f3n\/este material se realiza en el marco del Fondo de Apoyo a la Observaci\u00f3n Electoral 2024. Las opiniones, an\u00e1lisis y\/o recomendaciones no reflejan necesariamente el punto de vista del Instituto Interamericano de Derechos Humanos\/CAPEL, del Instituto Nacional Electoral, ni de los miembros del Comit\u00e9 T\u00e9cnico de Evaluaci\u00f3n\/Comit\u00e9 de Evaluaci\u00f3n Internacional.<\/strong><\/p>\n","protected":false},"excerpt":{"rendered":"<p>Destaca durante el segundo corte de observaci\u00f3n, asistencia especial a grupos vulnerables e incidencias dentro de las casillas El segundo corte de observaci\u00f3n se realiz\u00f3<\/p>\n","protected":false},"author":2,"featured_media":7351,"comment_status":"open","ping_status":"open","sticky":false,"template":"","format":"standard","meta":{"footnotes":""},"categories":[348],"tags":[899,405,320,173,1383],"class_list":["post-7349","post","type-post","status-publish","format-standard","has-post-thumbnail","hentry","category-noticias","tag-casillas","tag-coparmex-jalisco","tag-elecciones","tag-empresas","tag-votacion"],"yoast_head":"<!-- This site is optimized with the Yoast SEO plugin v27.5 - https:\/\/yoast.com\/product\/yoast-seo-wordpress\/ -->\n<title>Destaca asistencia especial a grupos vulnerables<\/title>\n<meta name=\"description\" content=\"El segundo corte de observaci\u00f3n se realiz\u00f3 a las 13:25, donde se identificaron algunas incidencias\" \/>\n<meta name=\"robots\" content=\"index, follow, max-snippet:-1, max-image-preview:large, max-video-preview:-1\" \/>\n<link rel=\"canonical\" href=\"https:\/\/coparmexjal.org.mx\/entorno-empresarial\/destaca-asistencia-especial-a-grupos-vulnerables\/\" \/>\n<meta property=\"og:locale\" content=\"es_MX\" \/>\n<meta property=\"og:type\" content=\"article\" \/>\n<meta property=\"og:title\" content=\"Destaca asistencia especial a grupos vulnerables\" \/>\n<meta property=\"og:description\" content=\"El segundo corte de observaci\u00f3n se realiz\u00f3 a las 13:25, donde se identificaron algunas incidencias\" \/>\n<meta property=\"og:url\" content=\"https:\/\/coparmexjal.org.mx\/entorno-empresarial\/destaca-asistencia-especial-a-grupos-vulnerables\/\" \/>\n<meta property=\"og:site_name\" content=\"Entorno Empresarial\" \/>\n<meta property=\"article:publisher\" content=\"https:\/\/facebook.com\/comcoparmex\" \/>\n<meta property=\"article:published_time\" content=\"2024-06-03T00:24:41+00:00\" \/>\n<meta property=\"article:modified_time\" content=\"2024-07-01T23:08:30+00:00\" \/>\n<meta property=\"og:image\" content=\"https:\/\/coparmexjal.org.mx\/entorno-empresarial\/wp-content\/uploads\/2024\/06\/IMG_0181.jpg\" \/>\n\t<meta property=\"og:image:width\" content=\"1200\" \/>\n\t<meta property=\"og:image:height\" content=\"800\" \/>\n\t<meta property=\"og:image:type\" content=\"image\/jpeg\" \/>\n<meta name=\"author\" content=\"Coparmex Jalisco\" \/>\n<meta name=\"twitter:card\" content=\"summary_large_image\" \/>\n<meta name=\"twitter:creator\" content=\"@comcoparmex\" \/>\n<meta name=\"twitter:site\" content=\"@comcoparmex\" \/>\n<meta name=\"twitter:label1\" content=\"Escrito por\" \/>\n\t<meta name=\"twitter:data1\" content=\"Coparmex Jalisco\" \/>\n\t<meta name=\"twitter:label2\" content=\"Tiempo de lectura\" \/>\n\t<meta name=\"twitter:data2\" content=\"3 minutos\" \/>\n<script type=\"application\/ld+json\" class=\"yoast-schema-graph\">{\"@context\":\"https:\\\/\\\/schema.org\",\"@graph\":[{\"@type\":\"Article\",\"@id\":\"https:\\\/\\\/coparmexjal.org.mx\\\/entorno-empresarial\\\/destaca-asistencia-especial-a-grupos-vulnerables\\\/#article\",\"isPartOf\":{\"@id\":\"https:\\\/\\\/coparmexjal.org.mx\\\/entorno-empresarial\\\/destaca-asistencia-especial-a-grupos-vulnerables\\\/\"},\"author\":{\"name\":\"Coparmex Jalisco\",\"@id\":\"https:\\\/\\\/coparmexjal.org.mx\\\/entorno-empresarial\\\/#\\\/schema\\\/person\\\/7d1d56a9587bfb3a725cd3dbfbdb9d44\"},\"headline\":\"Destaca asistencia especial a grupos vulnerables\",\"datePublished\":\"2024-06-03T00:24:41+00:00\",\"dateModified\":\"2024-07-01T23:08:30+00:00\",\"mainEntityOfPage\":{\"@id\":\"https:\\\/\\\/coparmexjal.org.mx\\\/entorno-empresarial\\\/destaca-asistencia-especial-a-grupos-vulnerables\\\/\"},\"wordCount\":510,\"commentCount\":0,\"publisher\":{\"@id\":\"https:\\\/\\\/coparmexjal.org.mx\\\/entorno-empresarial\\\/#organization\"},\"image\":{\"@id\":\"https:\\\/\\\/coparmexjal.org.mx\\\/entorno-empresarial\\\/destaca-asistencia-especial-a-grupos-vulnerables\\\/#primaryimage\"},\"thumbnailUrl\":\"https:\\\/\\\/coparmexjal.org.mx\\\/entorno-empresarial\\\/wp-content\\\/uploads\\\/2024\\\/06\\\/IMG_0181.jpg\",\"keywords\":[\"Casillas\",\"coparmex jalisco\",\"elecciones\",\"empresas\",\"votacion\"],\"articleSection\":[\"Noticias\"],\"inLanguage\":\"es\",\"potentialAction\":[{\"@type\":\"CommentAction\",\"name\":\"Comment\",\"target\":[\"https:\\\/\\\/coparmexjal.org.mx\\\/entorno-empresarial\\\/destaca-asistencia-especial-a-grupos-vulnerables\\\/#respond\"]}]},{\"@type\":\"WebPage\",\"@id\":\"https:\\\/\\\/coparmexjal.org.mx\\\/entorno-empresarial\\\/destaca-asistencia-especial-a-grupos-vulnerables\\\/\",\"url\":\"https:\\\/\\\/coparmexjal.org.mx\\\/entorno-empresarial\\\/destaca-asistencia-especial-a-grupos-vulnerables\\\/\",\"name\":\"Destaca asistencia especial a grupos vulnerables\",\"isPartOf\":{\"@id\":\"https:\\\/\\\/coparmexjal.org.mx\\\/entorno-empresarial\\\/#website\"},\"primaryImageOfPage\":{\"@id\":\"https:\\\/\\\/coparmexjal.org.mx\\\/entorno-empresarial\\\/destaca-asistencia-especial-a-grupos-vulnerables\\\/#primaryimage\"},\"image\":{\"@id\":\"https:\\\/\\\/coparmexjal.org.mx\\\/entorno-empresarial\\\/destaca-asistencia-especial-a-grupos-vulnerables\\\/#primaryimage\"},\"thumbnailUrl\":\"https:\\\/\\\/coparmexjal.org.mx\\\/entorno-empresarial\\\/wp-content\\\/uploads\\\/2024\\\/06\\\/IMG_0181.jpg\",\"datePublished\":\"2024-06-03T00:24:41+00:00\",\"dateModified\":\"2024-07-01T23:08:30+00:00\",\"description\":\"El segundo corte de observaci\u00f3n se realiz\u00f3 a las 13:25, donde se identificaron algunas incidencias\",\"breadcrumb\":{\"@id\":\"https:\\\/\\\/coparmexjal.org.mx\\\/entorno-empresarial\\\/destaca-asistencia-especial-a-grupos-vulnerables\\\/#breadcrumb\"},\"inLanguage\":\"es\",\"potentialAction\":[{\"@type\":\"ReadAction\",\"target\":[\"https:\\\/\\\/coparmexjal.org.mx\\\/entorno-empresarial\\\/destaca-asistencia-especial-a-grupos-vulnerables\\\/\"]}]},{\"@type\":\"ImageObject\",\"inLanguage\":\"es\",\"@id\":\"https:\\\/\\\/coparmexjal.org.mx\\\/entorno-empresarial\\\/destaca-asistencia-especial-a-grupos-vulnerables\\\/#primaryimage\",\"url\":\"https:\\\/\\\/coparmexjal.org.mx\\\/entorno-empresarial\\\/wp-content\\\/uploads\\\/2024\\\/06\\\/IMG_0181.jpg\",\"contentUrl\":\"https:\\\/\\\/coparmexjal.org.mx\\\/entorno-empresarial\\\/wp-content\\\/uploads\\\/2024\\\/06\\\/IMG_0181.jpg\",\"width\":1200,\"height\":800},{\"@type\":\"BreadcrumbList\",\"@id\":\"https:\\\/\\\/coparmexjal.org.mx\\\/entorno-empresarial\\\/destaca-asistencia-especial-a-grupos-vulnerables\\\/#breadcrumb\",\"itemListElement\":[{\"@type\":\"ListItem\",\"position\":1,\"name\":\"Inicio\",\"item\":\"https:\\\/\\\/coparmexjal.org.mx\\\/entorno-empresarial\\\/\"},{\"@type\":\"ListItem\",\"position\":2,\"name\":\"Destaca asistencia especial a grupos vulnerables\"}]},{\"@type\":\"WebSite\",\"@id\":\"https:\\\/\\\/coparmexjal.org.mx\\\/entorno-empresarial\\\/#website\",\"url\":\"https:\\\/\\\/coparmexjal.org.mx\\\/entorno-empresarial\\\/\",\"name\":\"Revista Entorno Empresarial\",\"description\":\"Coparmex Jalisco\",\"publisher\":{\"@id\":\"https:\\\/\\\/coparmexjal.org.mx\\\/entorno-empresarial\\\/#organization\"},\"potentialAction\":[{\"@type\":\"SearchAction\",\"target\":{\"@type\":\"EntryPoint\",\"urlTemplate\":\"https:\\\/\\\/coparmexjal.org.mx\\\/entorno-empresarial\\\/?s={search_term_string}\"},\"query-input\":{\"@type\":\"PropertyValueSpecification\",\"valueRequired\":true,\"valueName\":\"search_term_string\"}}],\"inLanguage\":\"es\"},{\"@type\":\"Organization\",\"@id\":\"https:\\\/\\\/coparmexjal.org.mx\\\/entorno-empresarial\\\/#organization\",\"name\":\"Coparmex Jalisco\",\"url\":\"https:\\\/\\\/coparmexjal.org.mx\\\/entorno-empresarial\\\/\",\"logo\":{\"@type\":\"ImageObject\",\"inLanguage\":\"es\",\"@id\":\"https:\\\/\\\/coparmexjal.org.mx\\\/entorno-empresarial\\\/#\\\/schema\\\/logo\\\/image\\\/\",\"url\":\"https:\\\/\\\/coparmexjal.org.mx\\\/entorno-empresarial\\\/wp-content\\\/uploads\\\/2020\\\/02\\\/logo-amp.png\",\"contentUrl\":\"https:\\\/\\\/coparmexjal.org.mx\\\/entorno-empresarial\\\/wp-content\\\/uploads\\\/2020\\\/02\\\/logo-amp.png\",\"width\":120,\"height\":90,\"caption\":\"Coparmex Jalisco\"},\"image\":{\"@id\":\"https:\\\/\\\/coparmexjal.org.mx\\\/entorno-empresarial\\\/#\\\/schema\\\/logo\\\/image\\\/\"},\"sameAs\":[\"https:\\\/\\\/facebook.com\\\/comcoparmex\",\"https:\\\/\\\/x.com\\\/comcoparmex\",\"http:\\\/\\\/instagram.com\\\/coparmexjalisco\",\"https:\\\/\\\/mx.linkedin.com\\\/company\\\/coparmex-jalisco\",\"https:\\\/\\\/www.youtube.com\\\/c\\\/CoparmexJaliscomx\"]},{\"@type\":\"Person\",\"@id\":\"https:\\\/\\\/coparmexjal.org.mx\\\/entorno-empresarial\\\/#\\\/schema\\\/person\\\/7d1d56a9587bfb3a725cd3dbfbdb9d44\",\"name\":\"Coparmex Jalisco\",\"image\":{\"@type\":\"ImageObject\",\"inLanguage\":\"es\",\"@id\":\"https:\\\/\\\/coparmexjal.org.mx\\\/entorno-empresarial\\\/wp-content\\\/uploads\\\/2020\\\/06\\\/favicon-150x133.png\",\"url\":\"https:\\\/\\\/coparmexjal.org.mx\\\/entorno-empresarial\\\/wp-content\\\/uploads\\\/2020\\\/06\\\/favicon-150x133.png\",\"contentUrl\":\"https:\\\/\\\/coparmexjal.org.mx\\\/entorno-empresarial\\\/wp-content\\\/uploads\\\/2020\\\/06\\\/favicon-150x133.png\",\"caption\":\"Coparmex Jalisco\"},\"url\":\"https:\\\/\\\/coparmexjal.org.mx\\\/entorno-empresarial\\\/author\\\/coparmexjalisco\\\/\"}]}<\/script>\n<!-- \/ Yoast SEO plugin. -->","yoast_head_json":{"title":"Destaca asistencia especial a grupos vulnerables","description":"El segundo corte de observaci\u00f3n se realiz\u00f3 a las 13:25, donde se identificaron algunas incidencias","robots":{"index":"index","follow":"follow","max-snippet":"max-snippet:-1","max-image-preview":"max-image-preview:large","max-video-preview":"max-video-preview:-1"},"canonical":"https:\/\/coparmexjal.org.mx\/entorno-empresarial\/destaca-asistencia-especial-a-grupos-vulnerables\/","og_locale":"es_MX","og_type":"article","og_title":"Destaca asistencia especial a grupos vulnerables","og_description":"El segundo corte de observaci\u00f3n se realiz\u00f3 a las 13:25, donde se identificaron algunas incidencias","og_url":"https:\/\/coparmexjal.org.mx\/entorno-empresarial\/destaca-asistencia-especial-a-grupos-vulnerables\/","og_site_name":"Entorno Empresarial","article_publisher":"https:\/\/facebook.com\/comcoparmex","article_published_time":"2024-06-03T00:24:41+00:00","article_modified_time":"2024-07-01T23:08:30+00:00","og_image":[{"width":1200,"height":800,"url":"https:\/\/coparmexjal.org.mx\/entorno-empresarial\/wp-content\/uploads\/2024\/06\/IMG_0181.jpg","type":"image\/jpeg"}],"author":"Coparmex Jalisco","twitter_card":"summary_large_image","twitter_creator":"@comcoparmex","twitter_site":"@comcoparmex","twitter_misc":{"Escrito por":"Coparmex Jalisco","Tiempo de lectura":"3 minutos"},"schema":{"@context":"https:\/\/schema.org","@graph":[{"@type":"Article","@id":"https:\/\/coparmexjal.org.mx\/entorno-empresarial\/destaca-asistencia-especial-a-grupos-vulnerables\/#article","isPartOf":{"@id":"https:\/\/coparmexjal.org.mx\/entorno-empresarial\/destaca-asistencia-especial-a-grupos-vulnerables\/"},"author":{"name":"Coparmex Jalisco","@id":"https:\/\/coparmexjal.org.mx\/entorno-empresarial\/#\/schema\/person\/7d1d56a9587bfb3a725cd3dbfbdb9d44"},"headline":"Destaca asistencia especial a grupos vulnerables","datePublished":"2024-06-03T00:24:41+00:00","dateModified":"2024-07-01T23:08:30+00:00","mainEntityOfPage":{"@id":"https:\/\/coparmexjal.org.mx\/entorno-empresarial\/destaca-asistencia-especial-a-grupos-vulnerables\/"},"wordCount":510,"commentCount":0,"publisher":{"@id":"https:\/\/coparmexjal.org.mx\/entorno-empresarial\/#organization"},"image":{"@id":"https:\/\/coparmexjal.org.mx\/entorno-empresarial\/destaca-asistencia-especial-a-grupos-vulnerables\/#primaryimage"},"thumbnailUrl":"https:\/\/coparmexjal.org.mx\/entorno-empresarial\/wp-content\/uploads\/2024\/06\/IMG_0181.jpg","keywords":["Casillas","coparmex jalisco","elecciones","empresas","votacion"],"articleSection":["Noticias"],"inLanguage":"es","potentialAction":[{"@type":"CommentAction","name":"Comment","target":["https:\/\/coparmexjal.org.mx\/entorno-empresarial\/destaca-asistencia-especial-a-grupos-vulnerables\/#respond"]}]},{"@type":"WebPage","@id":"https:\/\/coparmexjal.org.mx\/entorno-empresarial\/destaca-asistencia-especial-a-grupos-vulnerables\/","url":"https:\/\/coparmexjal.org.mx\/entorno-empresarial\/destaca-asistencia-especial-a-grupos-vulnerables\/","name":"Destaca asistencia especial a grupos vulnerables","isPartOf":{"@id":"https:\/\/coparmexjal.org.mx\/entorno-empresarial\/#website"},"primaryImageOfPage":{"@id":"https:\/\/coparmexjal.org.mx\/entorno-empresarial\/destaca-asistencia-especial-a-grupos-vulnerables\/#primaryimage"},"image":{"@id":"https:\/\/coparmexjal.org.mx\/entorno-empresarial\/destaca-asistencia-especial-a-grupos-vulnerables\/#primaryimage"},"thumbnailUrl":"https:\/\/coparmexjal.org.mx\/entorno-empresarial\/wp-content\/uploads\/2024\/06\/IMG_0181.jpg","datePublished":"2024-06-03T00:24:41+00:00","dateModified":"2024-07-01T23:08:30+00:00","description":"El segundo corte de observaci\u00f3n se realiz\u00f3 a las 13:25, donde se identificaron algunas incidencias","breadcrumb":{"@id":"https:\/\/coparmexjal.org.mx\/entorno-empresarial\/destaca-asistencia-especial-a-grupos-vulnerables\/#breadcrumb"},"inLanguage":"es","potentialAction":[{"@type":"ReadAction","target":["https:\/\/coparmexjal.org.mx\/entorno-empresarial\/destaca-asistencia-especial-a-grupos-vulnerables\/"]}]},{"@type":"ImageObject","inLanguage":"es","@id":"https:\/\/coparmexjal.org.mx\/entorno-empresarial\/destaca-asistencia-especial-a-grupos-vulnerables\/#primaryimage","url":"https:\/\/coparmexjal.org.mx\/entorno-empresarial\/wp-content\/uploads\/2024\/06\/IMG_0181.jpg","contentUrl":"https:\/\/coparmexjal.org.mx\/entorno-empresarial\/wp-content\/uploads\/2024\/06\/IMG_0181.jpg","width":1200,"height":800},{"@type":"BreadcrumbList","@id":"https:\/\/coparmexjal.org.mx\/entorno-empresarial\/destaca-asistencia-especial-a-grupos-vulnerables\/#breadcrumb","itemListElement":[{"@type":"ListItem","position":1,"name":"Inicio","item":"https:\/\/coparmexjal.org.mx\/entorno-empresarial\/"},{"@type":"ListItem","position":2,"name":"Destaca asistencia especial a grupos vulnerables"}]},{"@type":"WebSite","@id":"https:\/\/coparmexjal.org.mx\/entorno-empresarial\/#website","url":"https:\/\/coparmexjal.org.mx\/entorno-empresarial\/","name":"Revista Entorno Empresarial","description":"Coparmex Jalisco","publisher":{"@id":"https:\/\/coparmexjal.org.mx\/entorno-empresarial\/#organization"},"potentialAction":[{"@type":"SearchAction","target":{"@type":"EntryPoint","urlTemplate":"https:\/\/coparmexjal.org.mx\/entorno-empresarial\/?s={search_term_string}"},"query-input":{"@type":"PropertyValueSpecification","valueRequired":true,"valueName":"search_term_string"}}],"inLanguage":"es"},{"@type":"Organization","@id":"https:\/\/coparmexjal.org.mx\/entorno-empresarial\/#organization","name":"Coparmex Jalisco","url":"https:\/\/coparmexjal.org.mx\/entorno-empresarial\/","logo":{"@type":"ImageObject","inLanguage":"es","@id":"https:\/\/coparmexjal.org.mx\/entorno-empresarial\/#\/schema\/logo\/image\/","url":"https:\/\/coparmexjal.org.mx\/entorno-empresarial\/wp-content\/uploads\/2020\/02\/logo-amp.png","contentUrl":"https:\/\/coparmexjal.org.mx\/entorno-empresarial\/wp-content\/uploads\/2020\/02\/logo-amp.png","width":120,"height":90,"caption":"Coparmex Jalisco"},"image":{"@id":"https:\/\/coparmexjal.org.mx\/entorno-empresarial\/#\/schema\/logo\/image\/"},"sameAs":["https:\/\/facebook.com\/comcoparmex","https:\/\/x.com\/comcoparmex","http:\/\/instagram.com\/coparmexjalisco","https:\/\/mx.linkedin.com\/company\/coparmex-jalisco","https:\/\/www.youtube.com\/c\/CoparmexJaliscomx"]},{"@type":"Person","@id":"https:\/\/coparmexjal.org.mx\/entorno-empresarial\/#\/schema\/person\/7d1d56a9587bfb3a725cd3dbfbdb9d44","name":"Coparmex Jalisco","image":{"@type":"ImageObject","inLanguage":"es","@id":"https:\/\/coparmexjal.org.mx\/entorno-empresarial\/wp-content\/uploads\/2020\/06\/favicon-150x133.png","url":"https:\/\/coparmexjal.org.mx\/entorno-empresarial\/wp-content\/uploads\/2020\/06\/favicon-150x133.png","contentUrl":"https:\/\/coparmexjal.org.mx\/entorno-empresarial\/wp-content\/uploads\/2020\/06\/favicon-150x133.png","caption":"Coparmex Jalisco"},"url":"https:\/\/coparmexjal.org.mx\/entorno-empresarial\/author\/coparmexjalisco\/"}]}},"_links":{"self":[{"href":"https:\/\/coparmexjal.org.mx\/entorno-empresarial\/wp-json\/wp\/v2\/posts\/7349","targetHints":{"allow":["GET"]}}],"collection":[{"href":"https:\/\/coparmexjal.org.mx\/entorno-empresarial\/wp-json\/wp\/v2\/posts"}],"about":[{"href":"https:\/\/coparmexjal.org.mx\/entorno-empresarial\/wp-json\/wp\/v2\/types\/post"}],"author":[{"embeddable":true,"href":"https:\/\/coparmexjal.org.mx\/entorno-empresarial\/wp-json\/wp\/v2\/users\/2"}],"replies":[{"embeddable":true,"href":"https:\/\/coparmexjal.org.mx\/entorno-empresarial\/wp-json\/wp\/v2\/comments?post=7349"}],"version-history":[{"count":2,"href":"https:\/\/coparmexjal.org.mx\/entorno-empresarial\/wp-json\/wp\/v2\/posts\/7349\/revisions"}],"predecessor-version":[{"id":7391,"href":"https:\/\/coparmexjal.org.mx\/entorno-empresarial\/wp-json\/wp\/v2\/posts\/7349\/revisions\/7391"}],"wp:featuredmedia":[{"embeddable":true,"href":"https:\/\/coparmexjal.org.mx\/entorno-empresarial\/wp-json\/wp\/v2\/media\/7351"}],"wp:attachment":[{"href":"https:\/\/coparmexjal.org.mx\/entorno-empresarial\/wp-json\/wp\/v2\/media?parent=7349"}],"wp:term":[{"taxonomy":"category","embeddable":true,"href":"https:\/\/coparmexjal.org.mx\/entorno-empresarial\/wp-json\/wp\/v2\/categories?post=7349"},{"taxonomy":"post_tag","embeddable":true,"href":"https:\/\/coparmexjal.org.mx\/entorno-empresarial\/wp-json\/wp\/v2\/tags?post=7349"}],"curies":[{"name":"wp","href":"https:\/\/api.w.org\/{rel}","templated":true}]}}