{"id":7307,"date":"2024-04-29T12:12:31","date_gmt":"2024-04-29T18:12:31","guid":{"rendered":"https:\/\/coparmexjal.org.mx\/entorno-empresarial\/?p=7307"},"modified":"2024-04-29T12:12:32","modified_gmt":"2024-04-29T18:12:32","slug":"valor-compartido-lo-social-como-estrategia-de-negocio","status":"publish","type":"post","link":"https:\/\/coparmexjal.org.mx\/entorno-empresarial\/valor-compartido-lo-social-como-estrategia-de-negocio\/","title":{"rendered":"Valor compartido: Lo social como estrategia de negocio"},"content":{"rendered":"\n<p>Las estrategias de negocio son el conjunto de acciones, herramientas y decisiones que las empresas implementan para poder lograr sus objetivos en el largo plazo. Seg\u00fan\u00a0<a href=\"https:\/\/www.redalyc.org\/journal\/5826\/582661251004\/html\/#redalyc_582661251004_ref42\">Rivkin (2001)<\/a>\u00a0la estrategia de una compa\u00f1\u00eda es el plan de acci\u00f3n que sigue la administraci\u00f3n para competir con \u00e9xito y obtener utilidades, a partir de un conjunto integrado de opciones.<\/p>\n\n\n\n<p>Por lo general, los objetivos empresariales est\u00e1n relacionados con el posicionamiento y la ampliaci\u00f3n del mercado, la rentabilidad y el crecimiento del negocio. Las estrategias utilizadas pueden tener diferentes enfoques y su efectividad depender\u00e1 mucho de la meta que busque la compa\u00f1\u00eda al implementarla:<\/p>\n\n\n\n<ol class=\"wp-block-list\">\n<li>Posicionamiento a partir de costos\/precios: Las empresas que implementar est\u00e1s estrategias suelen enfocarse en generar econom\u00edas de escala, optimizar procesos o incrementar la productividad de manera que se ofrezcan los menores precios en el mercado.<\/li>\n\n\n\n<li>Diferenciaci\u00f3n de productos: Se basa en apostar por las diferencias competitivas, logrando que el mercado elija los productos independientemente de su precio.<\/li>\n\n\n\n<li>Internacionalizaci\u00f3n: Se trata de ampliar la presencia comercial u operativa en nuevos territorios y mercado, fuera del pa\u00eds, para generar el crecimiento econ\u00f3mico de la empresa.<\/li>\n\n\n\n<li>Innovaci\u00f3n: Generaci\u00f3n de nuevos atributos en los productos comercializados que generen mejores condiciones para los usuarios\/clientes y\/o para la empresa.<\/li>\n<\/ol>\n\n\n\n<p>Aun cuando estas u otras estrategias pueden ser efectivas para que las empresas alcancen sus metas, existen una serie de condiciones contextuales pueden frenar o representar retos importantes durante la ejecuci\u00f3n:<\/p>\n\n\n\n<ol class=\"wp-block-list\">\n<li>De acuerdo con la Asociaci\u00f3n Mexicana de Instituciones de Seguros (AMIS), durante los \u00faltimos dos a\u00f1os el robo de equipo pesado subi\u00f3 46%, en este periodo se robaron 17,409 veh\u00edculos asegurados en M\u00e9xico, lo que represent\u00f3 un promedio de 25 unidades cada d\u00eda. El 60% de los robos se concentra en las entidades federativas de Estado de M\u00e9xico, Puebla, Veracruz, Guanajuato y Jalisco. Las mercanc\u00edas aseguradas con mayor n\u00famero de robos son los abarrotes, la maquinaria nueva y refacciones y equipo electr\u00f3nico y similares.<\/li>\n\n\n\n<li>Seg\u00fan datos del Tercer Informe de Gobierno, en el&nbsp; 2021 M\u00e9xico invirti\u00f3 para Ciencia, Tecnolog\u00eda e Innovaci\u00f3n (CTI) 102,720.8&nbsp; millones de pesos, el m\u00e1s bajo en 20 a\u00f1os, equivale al 0.38 % del PIB del pa\u00eds.<\/li>\n\n\n\n<li>En M\u00e9xico el gasto en programas sociales creci\u00f3 un 30%. De acuerdo con datos de Coneval, 46.8 millones de personas viven en pobreza en M\u00e9xico (36.3% de la poblaci\u00f3n total del pa\u00eds) y aun cuando esto representa una disminuci\u00f3n de 5.1 millones de personas en pobreza, los mexicanos que viven en pobreza extrema se mantuvieron casi igual, con un leve aumento de 400,000 personas al pasar de 7.0 a 7.1%.<\/li>\n\n\n\n<li>De acuerdo con datos de la&nbsp;<a href=\"https:\/\/smn.conagua.gob.mx\/tools\/DATA\/Climatolog%C3%ADa\/Diagn%C3%B3stico%20Atmosf%C3%A9rico\/Reporte%20del%20Clima%20en%20M%C3%A9xico\/RC-Junio23.pdf\" target=\"_blank\" rel=\"noreferrer noopener\">Conagua, en junio de 2023 a nivel nacional llovi\u00f3 61 % menos en relaci\u00f3n con el promedio del mismo mes de 1991 a 2020<\/a>. Las principales presas del pa\u00eds, en plena \u00e9poca de lluvias, se encuentran en promedio a 44.6 % de su capacidad.<\/li>\n<\/ol>\n\n\n\n<p>Ante estas condiciones que afectan directa o indirectamente el desempe\u00f1o de&nbsp; las empresas, algunas organizaciones desarrollan estrategias de sostenibilidad o responsabilidad social que buscan atender y mejorar las condiciones sociales en las que se desarrollan e incluso se atienden los impactos negativos que ellas mismas pueden estar generando.<\/p>\n\n\n\n<p><em>\u201cLa sostenibilidad se refiere a la caracter\u00edstica del desarrollo que comprende la satisfacci\u00f3n de las necesidades de las generaciones actuales, sin comprometer la capacidad de la satisfacci\u00f3n de las necesidades de las generaciones futuras\u201d (Muiner, 2005).&nbsp;<\/em><\/p>\n\n\n<div class=\"wp-block-image\">\n<figure class=\"alignright size-full is-resized\"><img fetchpriority=\"high\" decoding=\"async\" width=\"274\" height=\"184\" src=\"https:\/\/coparmexjal.org.mx\/entorno-empresarial\/wp-content\/uploads\/2024\/04\/sostenibilidad1.jpg\" alt=\"\" class=\"wp-image-7308\" style=\"width:366px;height:auto\"\/><\/figure><\/div>\n\n\n<p>Las acciones de sostenibilidad y responsabilidad social tambi\u00e9n pueden ser implementadas por las empresas como parte de su estrategia de negocio, ya que pueden generar beneficios como una mejora en la percepci\u00f3n de la marca o empresa, mayor retenci\u00f3n del talento, la apertura a nuevos mercados, mayor eficiencia en los procesos y mejor optimizaci\u00f3n de los recursos, por mencionar algunos.<\/p>\n\n\n\n<p>M\u00e1s all\u00e1 de las estrategias de sostenibilidad y responsabilidad social que son muy relevantes para la sociedad, existen enfoques que incorporan la dimensi\u00f3n social a las empresas desde otro \u00e1ngulo. Estos enfoques fomentan el desarrollo de proyectos innovadores, iniciativas intraemprendedoras y soluciones para abordar desaf\u00edos operativos en el negocio.<\/p>\n\n\n\n<p><strong>Valor compartido<\/strong><\/p>\n\n\n<div class=\"wp-block-image\">\n<figure class=\"alignleft size-large is-resized\"><img decoding=\"async\" width=\"1024\" height=\"576\" src=\"https:\/\/coparmexjal.org.mx\/entorno-empresarial\/wp-content\/uploads\/2024\/04\/210221_1127682-1024x576.jpg\" alt=\"\" class=\"wp-image-7309\" style=\"width:406px;height:auto\" srcset=\"https:\/\/coparmexjal.org.mx\/entorno-empresarial\/wp-content\/uploads\/2024\/04\/210221_1127682-1024x576.jpg 1024w, https:\/\/coparmexjal.org.mx\/entorno-empresarial\/wp-content\/uploads\/2024\/04\/210221_1127682-300x169.jpg 300w, https:\/\/coparmexjal.org.mx\/entorno-empresarial\/wp-content\/uploads\/2024\/04\/210221_1127682-768x432.jpg 768w, https:\/\/coparmexjal.org.mx\/entorno-empresarial\/wp-content\/uploads\/2024\/04\/210221_1127682.jpg 1200w\" sizes=\"(max-width: 1024px) 100vw, 1024px\" \/><\/figure><\/div>\n\n\n<p>El t\u00e9rmino \u201cvalor compartido\u201d fue propuesto por Michael Porter y Mark Kramer\u00a0 (2011) en el art\u00edculo de la revista Harvard Business Review \u201cCreating Share Value\u201d y lo definen como \u201cel conjunto de pol\u00edticas y pr\u00e1cticas operacionales que mejoran la capacidad competitiva de una empresa a la vez que contribuyen a mejorar las condiciones econ\u00f3micas y sociales de las comunidades locales donde opera\u201d. En otras palabras, entendemos que <em>no es que las empresas compartan su valor, es que las empresas generen valor de manera compartida<\/em>. Para poder crear valor compartido, el enfoque debe estar puesto en identificar y expandir las posibilidades entre el crecimiento econ\u00f3mico y el desarrollo social.<\/p>\n\n\n\n<p>De acuerdo con los autores, hay tres maneras de crear valor compartido:<\/p>\n\n\n\n<ol class=\"wp-block-list\">\n<li>Reconcebir los productos y servicios. Centrado en satisfacer necesidades en los mercados sub atendidos, donde muy posiblemente se requerir\u00e1 de innovaci\u00f3n para el redise\u00f1o de productos o diferentes m\u00e9todos de distribuci\u00f3n.<\/li>\n<\/ol>\n\n\n\n<ul class=\"wp-block-list\">\n<li>Productividad de la cadena de valor. \u201cLos problemas de la sociedad pueden crear costos econ\u00f3micos en la cadena de valor de una firma\u201d. Por esta raz\u00f3n es urgente internalizar esos problemas y atenderlos, en aras de beneficiar a la sociedad y a la empresa.&nbsp;<\/li>\n<\/ul>\n\n\n\n<p>Los sistemas de proveedores locales traen beneficios empresariales como la disminuci\u00f3n de costos de transporte y tiempos de abastecimiento. Y entre los beneficios sociales y colectivos se destacan: la disminuci\u00f3n de las emisiones de carbono al reducir las necesidades de movilidad, y la contribuci\u00f3n al desarrollo econ\u00f3mico las comunidades, generando un mayor reconocimiento de la marca al tener una relaci\u00f3n m\u00e1s cercana con la comunidad. Por donde se le mire es una relaci\u00f3n ganar-ganar.<\/p>\n\n\n\n<ul class=\"wp-block-list\">\n<li>Desarrollando cluster locales. Al contar con una cadena de valor m\u00e1s s\u00f3lida, las industrias tienen m\u00e1s probabilidades de generar alianzas y capacidades locales m\u00e1s s\u00f3lidas en \u00e1reas como capacitaci\u00f3n, servicios de transporte y sectores relacionados lo cual tambi\u00e9n eleva la productividad y, a la inversa, la productividad se v\u00e9 afectada si no se cuenta con un cl\u00faster de apoyo.<\/li>\n<\/ul>\n\n\n\n<p>En el contexto mexicano, encontramos varias empresas que han incorporado estrategias con enfoque de Valor Compartido. A continuaci\u00f3n se presentan dos casos que muestran c\u00f3mo se ve el valor compartido dentro de las estrategias de negocio.<\/p>\n\n\n\n<p><em><strong>Caso 1. Proyecto Margarita<\/strong><\/em><\/p>\n\n\n\n<p>M\u00e9xico tiene un d\u00e9ficit en la producci\u00f3n de leche, aproximadamente el 40% de la leche proviene de fincas familiares que cuentan con vacas de doble prop\u00f3sito (Proyecto Margarita, 2024). Una de las empresas m\u00e1s importantes de l\u00e1cteos en M\u00e9xico y cuenta con una planta ubicada en la Regi\u00f3n Altos de Jalisco, enfrent\u00f3 retos para el abastecimiento de su principal insumo.<\/p>\n\n\n\n<p>A trav\u00e9s del an\u00e1lisis de las condiciones en las que operaban los productores locales, la empresa identific\u00f3 que estos enfrentaban obst\u00e1culos para vincularse a mercados, una baja tecnificaci\u00f3n que afectaba la calidad de la leche y la productividad; adem\u00e1s de los efectos del cambio clim\u00e1tico, volatilidad en sus costos de producci\u00f3n y en el precio de venta de su producto.&nbsp;&nbsp;<\/p>\n\n\n\n<p>Proyecto Margarita (2024) es una iniciativa impulsada por la empresa de l\u00e1cteos, que busca desarrollar a empresas familiares para mejorar su calidad de vida a trav\u00e9s de mejores pr\u00e1cticas en la ganader\u00eda. Margarita cuenta con un programa de capacitaci\u00f3n, asistencia t\u00e9cnica, un esquema de financiamiento revolvente para mejorar la infraestructura de los establos, log\u00edstica de recolecci\u00f3n de leche y comercializaci\u00f3n directa con la empresa de l\u00e1cteos, como estrategia para ofrecerles una opci\u00f3n justa de acceso al mercado nacional. La iniciativa es desarrollada con alianzas estrat\u00e9gicas con gobierno, universidades, organizaciones sociales y cooperaci\u00f3n internacional.<\/p>\n\n\n\n<p>Este a\u00f1o, Proyecto Margarita cumple 10 a\u00f1os de operaci\u00f3n, en este tiempo se benefici\u00f3 a m\u00e1s de 500 familias ganaderas, que triplicaron sus ingresos en los \u00faltimos 5 a\u00f1os. La empresa de l\u00e1cteos cubre el 25% de la leche que utiliza para producir yogurt de la ganader\u00eda familiar en M\u00e9xico (2024).<\/p>\n\n\n\n<p><em><strong>Caso 2. Empresa Constructora<\/strong><\/em><\/p>\n\n\n\n<p>La referencia a esta empresa se da en el marco de un curso de innovaci\u00f3n empresarial, Makiiing, ofrecido en COPARMEX Jalisco, en el que se desarroll\u00f3 un proyecto que llamo particularmente la atenci\u00f3n: una empresa del sector de la construcci\u00f3n, al identificar a sus grupos de inter\u00e9s, descubri\u00f3 que uno de los impactos m\u00e1s significativos se generaba en el medio ambiente, debido al alto consumo de agua en su proceso; principalmente en la utilizaci\u00f3n de concreto. Esta situaci\u00f3n estaba elevando los costos y en consecuencia el precio de venta para el cliente final.<\/p>\n\n\n\n<p>Con el conocimiento de sus grupos de inter\u00e9s prioritarios y los impactos que generan, la empresa plante\u00f3 un proyecto de innovaci\u00f3n en su proceso de desarrollo. Reconociendo que las constructoras operan con plazos de tiempo programados para la ejecuci\u00f3n de obras, el equipo propuso la instalaci\u00f3n de fosas de captaci\u00f3n de agua antes de iniciar el desarrollo. De esta manera, se lograr\u00eda captar agua de lluvia, lo que reducir\u00eda los costos de producci\u00f3n y representar\u00eda una menor inversi\u00f3n para el cliente final.<\/p>\n\n\n\n<p>Adem\u00e1s, esta infraestructura de captaci\u00f3n de agua quedar\u00eda instalada en el edificio, proporcionando una ventaja competitiva en el mercado y generando ahorros para los propietarios del inmueble.<\/p>\n\n\n\n<p>Cambiar la l\u00f3gica en c\u00f3mo se incorpora la dimensi\u00f3n social en las empresas representa tener amplias posibilidades de generar negocios y desarrollo social.<\/p>\n\n\n\n<p>La aplicaci\u00f3n de estos enfoques requiere del uso de herramientas de an\u00e1lisis que pueden ser aplicables para negocios en cualquiera de sus fases, emprendimientos, empresas con retos en alguna \u00e1rea de la organizaci\u00f3n, intraemprendimiento, redefinici\u00f3n de productos o procesos, entre otras.<\/p>\n\n\n\n<p>Afortunadamente, Coparmex Jalisco cuenta con espacios donde las empresas pueden desarrollar estrategias de innovaci\u00f3n acompa\u00f1ados por consultores y expertos. Actualmente, desde ProSociedad colaboramos con Coparmex Jalisco impartiendo el m\u00f3dulo de Sostenibilidad y Valor Compartido en Makiiing, su diplomado de innovaci\u00f3n empresarial.<\/p>\n","protected":false},"excerpt":{"rendered":"<p>Las estrategias de negocio son el conjunto de acciones, herramientas y decisiones que las empresas implementan para poder lograr sus objetivos en el largo plazo.<\/p>\n","protected":false},"author":135,"featured_media":7310,"comment_status":"open","ping_status":"open","sticky":false,"template":"","format":"standard","meta":{"footnotes":""},"categories":[495],"tags":[],"class_list":["post-7307","post","type-post","status-publish","format-standard","has-post-thumbnail","hentry","category-innovacion"],"yoast_head":"<!-- This site is optimized with the Yoast SEO plugin v27.5 - https:\/\/yoast.com\/product\/yoast-seo-wordpress\/ -->\n<title>Valor compartido: Lo social como estrategia de negocio - Entorno Empresarial<\/title>\n<meta name=\"robots\" content=\"index, follow, max-snippet:-1, max-image-preview:large, max-video-preview:-1\" \/>\n<link rel=\"canonical\" href=\"https:\/\/coparmexjal.org.mx\/entorno-empresarial\/valor-compartido-lo-social-como-estrategia-de-negocio\/\" \/>\n<meta property=\"og:locale\" content=\"es_MX\" \/>\n<meta property=\"og:type\" content=\"article\" \/>\n<meta property=\"og:title\" content=\"Valor compartido: Lo social como estrategia de negocio - Entorno Empresarial\" \/>\n<meta property=\"og:description\" content=\"Las estrategias de negocio son el conjunto de acciones, herramientas y decisiones que las empresas implementan para poder lograr sus objetivos en el largo plazo.\" \/>\n<meta property=\"og:url\" content=\"https:\/\/coparmexjal.org.mx\/entorno-empresarial\/valor-compartido-lo-social-como-estrategia-de-negocio\/\" \/>\n<meta property=\"og:site_name\" content=\"Entorno Empresarial\" \/>\n<meta property=\"article:publisher\" content=\"https:\/\/facebook.com\/comcoparmex\" \/>\n<meta property=\"article:published_time\" content=\"2024-04-29T18:12:31+00:00\" \/>\n<meta property=\"article:modified_time\" content=\"2024-04-29T18:12:32+00:00\" \/>\n<meta property=\"og:image\" content=\"https:\/\/coparmexjal.org.mx\/entorno-empresarial\/wp-content\/uploads\/2024\/04\/031703_1141745.jpg\" \/>\n\t<meta property=\"og:image:width\" content=\"1200\" \/>\n\t<meta property=\"og:image:height\" content=\"675\" \/>\n\t<meta property=\"og:image:type\" content=\"image\/jpeg\" \/>\n<meta name=\"author\" content=\"Lariza Ramos\" \/>\n<meta name=\"twitter:card\" content=\"summary_large_image\" \/>\n<meta name=\"twitter:creator\" content=\"@comcoparmex\" \/>\n<meta name=\"twitter:site\" content=\"@comcoparmex\" \/>\n<meta name=\"twitter:label1\" content=\"Escrito por\" \/>\n\t<meta name=\"twitter:data1\" content=\"Lariza Ramos\" \/>\n\t<meta name=\"twitter:label2\" content=\"Tiempo de lectura\" \/>\n\t<meta name=\"twitter:data2\" content=\"8 minutos\" \/>\n<script type=\"application\/ld+json\" class=\"yoast-schema-graph\">{\"@context\":\"https:\\\/\\\/schema.org\",\"@graph\":[{\"@type\":\"Article\",\"@id\":\"https:\\\/\\\/coparmexjal.org.mx\\\/entorno-empresarial\\\/valor-compartido-lo-social-como-estrategia-de-negocio\\\/#article\",\"isPartOf\":{\"@id\":\"https:\\\/\\\/coparmexjal.org.mx\\\/entorno-empresarial\\\/valor-compartido-lo-social-como-estrategia-de-negocio\\\/\"},\"author\":{\"name\":\"Lariza Ramos\",\"@id\":\"https:\\\/\\\/coparmexjal.org.mx\\\/entorno-empresarial\\\/#\\\/schema\\\/person\\\/8627526de621691988e88ca394e9f62b\"},\"headline\":\"Valor compartido: Lo social como estrategia de negocio\",\"datePublished\":\"2024-04-29T18:12:31+00:00\",\"dateModified\":\"2024-04-29T18:12:32+00:00\",\"mainEntityOfPage\":{\"@id\":\"https:\\\/\\\/coparmexjal.org.mx\\\/entorno-empresarial\\\/valor-compartido-lo-social-como-estrategia-de-negocio\\\/\"},\"wordCount\":1742,\"commentCount\":0,\"publisher\":{\"@id\":\"https:\\\/\\\/coparmexjal.org.mx\\\/entorno-empresarial\\\/#organization\"},\"image\":{\"@id\":\"https:\\\/\\\/coparmexjal.org.mx\\\/entorno-empresarial\\\/valor-compartido-lo-social-como-estrategia-de-negocio\\\/#primaryimage\"},\"thumbnailUrl\":\"https:\\\/\\\/coparmexjal.org.mx\\\/entorno-empresarial\\\/wp-content\\\/uploads\\\/2024\\\/04\\\/031703_1141745.jpg\",\"articleSection\":[\"Innovaci\u00f3n\"],\"inLanguage\":\"es\",\"potentialAction\":[{\"@type\":\"CommentAction\",\"name\":\"Comment\",\"target\":[\"https:\\\/\\\/coparmexjal.org.mx\\\/entorno-empresarial\\\/valor-compartido-lo-social-como-estrategia-de-negocio\\\/#respond\"]}]},{\"@type\":\"WebPage\",\"@id\":\"https:\\\/\\\/coparmexjal.org.mx\\\/entorno-empresarial\\\/valor-compartido-lo-social-como-estrategia-de-negocio\\\/\",\"url\":\"https:\\\/\\\/coparmexjal.org.mx\\\/entorno-empresarial\\\/valor-compartido-lo-social-como-estrategia-de-negocio\\\/\",\"name\":\"Valor compartido: Lo social como estrategia de negocio - Entorno Empresarial\",\"isPartOf\":{\"@id\":\"https:\\\/\\\/coparmexjal.org.mx\\\/entorno-empresarial\\\/#website\"},\"primaryImageOfPage\":{\"@id\":\"https:\\\/\\\/coparmexjal.org.mx\\\/entorno-empresarial\\\/valor-compartido-lo-social-como-estrategia-de-negocio\\\/#primaryimage\"},\"image\":{\"@id\":\"https:\\\/\\\/coparmexjal.org.mx\\\/entorno-empresarial\\\/valor-compartido-lo-social-como-estrategia-de-negocio\\\/#primaryimage\"},\"thumbnailUrl\":\"https:\\\/\\\/coparmexjal.org.mx\\\/entorno-empresarial\\\/wp-content\\\/uploads\\\/2024\\\/04\\\/031703_1141745.jpg\",\"datePublished\":\"2024-04-29T18:12:31+00:00\",\"dateModified\":\"2024-04-29T18:12:32+00:00\",\"breadcrumb\":{\"@id\":\"https:\\\/\\\/coparmexjal.org.mx\\\/entorno-empresarial\\\/valor-compartido-lo-social-como-estrategia-de-negocio\\\/#breadcrumb\"},\"inLanguage\":\"es\",\"potentialAction\":[{\"@type\":\"ReadAction\",\"target\":[\"https:\\\/\\\/coparmexjal.org.mx\\\/entorno-empresarial\\\/valor-compartido-lo-social-como-estrategia-de-negocio\\\/\"]}]},{\"@type\":\"ImageObject\",\"inLanguage\":\"es\",\"@id\":\"https:\\\/\\\/coparmexjal.org.mx\\\/entorno-empresarial\\\/valor-compartido-lo-social-como-estrategia-de-negocio\\\/#primaryimage\",\"url\":\"https:\\\/\\\/coparmexjal.org.mx\\\/entorno-empresarial\\\/wp-content\\\/uploads\\\/2024\\\/04\\\/031703_1141745.jpg\",\"contentUrl\":\"https:\\\/\\\/coparmexjal.org.mx\\\/entorno-empresarial\\\/wp-content\\\/uploads\\\/2024\\\/04\\\/031703_1141745.jpg\",\"width\":1200,\"height\":675},{\"@type\":\"BreadcrumbList\",\"@id\":\"https:\\\/\\\/coparmexjal.org.mx\\\/entorno-empresarial\\\/valor-compartido-lo-social-como-estrategia-de-negocio\\\/#breadcrumb\",\"itemListElement\":[{\"@type\":\"ListItem\",\"position\":1,\"name\":\"Inicio\",\"item\":\"https:\\\/\\\/coparmexjal.org.mx\\\/entorno-empresarial\\\/\"},{\"@type\":\"ListItem\",\"position\":2,\"name\":\"Valor compartido: Lo social como estrategia de negocio\"}]},{\"@type\":\"WebSite\",\"@id\":\"https:\\\/\\\/coparmexjal.org.mx\\\/entorno-empresarial\\\/#website\",\"url\":\"https:\\\/\\\/coparmexjal.org.mx\\\/entorno-empresarial\\\/\",\"name\":\"Revista Entorno Empresarial\",\"description\":\"Coparmex Jalisco\",\"publisher\":{\"@id\":\"https:\\\/\\\/coparmexjal.org.mx\\\/entorno-empresarial\\\/#organization\"},\"potentialAction\":[{\"@type\":\"SearchAction\",\"target\":{\"@type\":\"EntryPoint\",\"urlTemplate\":\"https:\\\/\\\/coparmexjal.org.mx\\\/entorno-empresarial\\\/?s={search_term_string}\"},\"query-input\":{\"@type\":\"PropertyValueSpecification\",\"valueRequired\":true,\"valueName\":\"search_term_string\"}}],\"inLanguage\":\"es\"},{\"@type\":\"Organization\",\"@id\":\"https:\\\/\\\/coparmexjal.org.mx\\\/entorno-empresarial\\\/#organization\",\"name\":\"Coparmex Jalisco\",\"url\":\"https:\\\/\\\/coparmexjal.org.mx\\\/entorno-empresarial\\\/\",\"logo\":{\"@type\":\"ImageObject\",\"inLanguage\":\"es\",\"@id\":\"https:\\\/\\\/coparmexjal.org.mx\\\/entorno-empresarial\\\/#\\\/schema\\\/logo\\\/image\\\/\",\"url\":\"https:\\\/\\\/coparmexjal.org.mx\\\/entorno-empresarial\\\/wp-content\\\/uploads\\\/2020\\\/02\\\/logo-amp.png\",\"contentUrl\":\"https:\\\/\\\/coparmexjal.org.mx\\\/entorno-empresarial\\\/wp-content\\\/uploads\\\/2020\\\/02\\\/logo-amp.png\",\"width\":120,\"height\":90,\"caption\":\"Coparmex Jalisco\"},\"image\":{\"@id\":\"https:\\\/\\\/coparmexjal.org.mx\\\/entorno-empresarial\\\/#\\\/schema\\\/logo\\\/image\\\/\"},\"sameAs\":[\"https:\\\/\\\/facebook.com\\\/comcoparmex\",\"https:\\\/\\\/x.com\\\/comcoparmex\",\"http:\\\/\\\/instagram.com\\\/coparmexjalisco\",\"https:\\\/\\\/mx.linkedin.com\\\/company\\\/coparmex-jalisco\",\"https:\\\/\\\/www.youtube.com\\\/c\\\/CoparmexJaliscomx\"]},{\"@type\":\"Person\",\"@id\":\"https:\\\/\\\/coparmexjal.org.mx\\\/entorno-empresarial\\\/#\\\/schema\\\/person\\\/8627526de621691988e88ca394e9f62b\",\"name\":\"Lariza Ramos\",\"image\":{\"@type\":\"ImageObject\",\"inLanguage\":\"es\",\"@id\":\"https:\\\/\\\/secure.gravatar.com\\\/avatar\\\/8e01038daaa0c1cdd4107b060a36eb207a1e4bee5b196795bb74c42d06e8897e?s=96&d=mm&r=g\",\"url\":\"https:\\\/\\\/secure.gravatar.com\\\/avatar\\\/8e01038daaa0c1cdd4107b060a36eb207a1e4bee5b196795bb74c42d06e8897e?s=96&d=mm&r=g\",\"contentUrl\":\"https:\\\/\\\/secure.gravatar.com\\\/avatar\\\/8e01038daaa0c1cdd4107b060a36eb207a1e4bee5b196795bb74c42d06e8897e?s=96&d=mm&r=g\",\"caption\":\"Lariza Ramos\"},\"url\":\"https:\\\/\\\/coparmexjal.org.mx\\\/entorno-empresarial\\\/author\\\/larizaramos\\\/\"}]}<\/script>\n<!-- \/ Yoast SEO plugin. -->","yoast_head_json":{"title":"Valor compartido: Lo social como estrategia de negocio - Entorno Empresarial","robots":{"index":"index","follow":"follow","max-snippet":"max-snippet:-1","max-image-preview":"max-image-preview:large","max-video-preview":"max-video-preview:-1"},"canonical":"https:\/\/coparmexjal.org.mx\/entorno-empresarial\/valor-compartido-lo-social-como-estrategia-de-negocio\/","og_locale":"es_MX","og_type":"article","og_title":"Valor compartido: Lo social como estrategia de negocio - Entorno Empresarial","og_description":"Las estrategias de negocio son el conjunto de acciones, herramientas y decisiones que las empresas implementan para poder lograr sus objetivos en el largo plazo.","og_url":"https:\/\/coparmexjal.org.mx\/entorno-empresarial\/valor-compartido-lo-social-como-estrategia-de-negocio\/","og_site_name":"Entorno Empresarial","article_publisher":"https:\/\/facebook.com\/comcoparmex","article_published_time":"2024-04-29T18:12:31+00:00","article_modified_time":"2024-04-29T18:12:32+00:00","og_image":[{"width":1200,"height":675,"url":"https:\/\/coparmexjal.org.mx\/entorno-empresarial\/wp-content\/uploads\/2024\/04\/031703_1141745.jpg","type":"image\/jpeg"}],"author":"Lariza Ramos","twitter_card":"summary_large_image","twitter_creator":"@comcoparmex","twitter_site":"@comcoparmex","twitter_misc":{"Escrito por":"Lariza Ramos","Tiempo de lectura":"8 minutos"},"schema":{"@context":"https:\/\/schema.org","@graph":[{"@type":"Article","@id":"https:\/\/coparmexjal.org.mx\/entorno-empresarial\/valor-compartido-lo-social-como-estrategia-de-negocio\/#article","isPartOf":{"@id":"https:\/\/coparmexjal.org.mx\/entorno-empresarial\/valor-compartido-lo-social-como-estrategia-de-negocio\/"},"author":{"name":"Lariza Ramos","@id":"https:\/\/coparmexjal.org.mx\/entorno-empresarial\/#\/schema\/person\/8627526de621691988e88ca394e9f62b"},"headline":"Valor compartido: Lo social como estrategia de negocio","datePublished":"2024-04-29T18:12:31+00:00","dateModified":"2024-04-29T18:12:32+00:00","mainEntityOfPage":{"@id":"https:\/\/coparmexjal.org.mx\/entorno-empresarial\/valor-compartido-lo-social-como-estrategia-de-negocio\/"},"wordCount":1742,"commentCount":0,"publisher":{"@id":"https:\/\/coparmexjal.org.mx\/entorno-empresarial\/#organization"},"image":{"@id":"https:\/\/coparmexjal.org.mx\/entorno-empresarial\/valor-compartido-lo-social-como-estrategia-de-negocio\/#primaryimage"},"thumbnailUrl":"https:\/\/coparmexjal.org.mx\/entorno-empresarial\/wp-content\/uploads\/2024\/04\/031703_1141745.jpg","articleSection":["Innovaci\u00f3n"],"inLanguage":"es","potentialAction":[{"@type":"CommentAction","name":"Comment","target":["https:\/\/coparmexjal.org.mx\/entorno-empresarial\/valor-compartido-lo-social-como-estrategia-de-negocio\/#respond"]}]},{"@type":"WebPage","@id":"https:\/\/coparmexjal.org.mx\/entorno-empresarial\/valor-compartido-lo-social-como-estrategia-de-negocio\/","url":"https:\/\/coparmexjal.org.mx\/entorno-empresarial\/valor-compartido-lo-social-como-estrategia-de-negocio\/","name":"Valor compartido: Lo social como estrategia de negocio - Entorno Empresarial","isPartOf":{"@id":"https:\/\/coparmexjal.org.mx\/entorno-empresarial\/#website"},"primaryImageOfPage":{"@id":"https:\/\/coparmexjal.org.mx\/entorno-empresarial\/valor-compartido-lo-social-como-estrategia-de-negocio\/#primaryimage"},"image":{"@id":"https:\/\/coparmexjal.org.mx\/entorno-empresarial\/valor-compartido-lo-social-como-estrategia-de-negocio\/#primaryimage"},"thumbnailUrl":"https:\/\/coparmexjal.org.mx\/entorno-empresarial\/wp-content\/uploads\/2024\/04\/031703_1141745.jpg","datePublished":"2024-04-29T18:12:31+00:00","dateModified":"2024-04-29T18:12:32+00:00","breadcrumb":{"@id":"https:\/\/coparmexjal.org.mx\/entorno-empresarial\/valor-compartido-lo-social-como-estrategia-de-negocio\/#breadcrumb"},"inLanguage":"es","potentialAction":[{"@type":"ReadAction","target":["https:\/\/coparmexjal.org.mx\/entorno-empresarial\/valor-compartido-lo-social-como-estrategia-de-negocio\/"]}]},{"@type":"ImageObject","inLanguage":"es","@id":"https:\/\/coparmexjal.org.mx\/entorno-empresarial\/valor-compartido-lo-social-como-estrategia-de-negocio\/#primaryimage","url":"https:\/\/coparmexjal.org.mx\/entorno-empresarial\/wp-content\/uploads\/2024\/04\/031703_1141745.jpg","contentUrl":"https:\/\/coparmexjal.org.mx\/entorno-empresarial\/wp-content\/uploads\/2024\/04\/031703_1141745.jpg","width":1200,"height":675},{"@type":"BreadcrumbList","@id":"https:\/\/coparmexjal.org.mx\/entorno-empresarial\/valor-compartido-lo-social-como-estrategia-de-negocio\/#breadcrumb","itemListElement":[{"@type":"ListItem","position":1,"name":"Inicio","item":"https:\/\/coparmexjal.org.mx\/entorno-empresarial\/"},{"@type":"ListItem","position":2,"name":"Valor compartido: Lo social como estrategia de negocio"}]},{"@type":"WebSite","@id":"https:\/\/coparmexjal.org.mx\/entorno-empresarial\/#website","url":"https:\/\/coparmexjal.org.mx\/entorno-empresarial\/","name":"Revista Entorno Empresarial","description":"Coparmex Jalisco","publisher":{"@id":"https:\/\/coparmexjal.org.mx\/entorno-empresarial\/#organization"},"potentialAction":[{"@type":"SearchAction","target":{"@type":"EntryPoint","urlTemplate":"https:\/\/coparmexjal.org.mx\/entorno-empresarial\/?s={search_term_string}"},"query-input":{"@type":"PropertyValueSpecification","valueRequired":true,"valueName":"search_term_string"}}],"inLanguage":"es"},{"@type":"Organization","@id":"https:\/\/coparmexjal.org.mx\/entorno-empresarial\/#organization","name":"Coparmex Jalisco","url":"https:\/\/coparmexjal.org.mx\/entorno-empresarial\/","logo":{"@type":"ImageObject","inLanguage":"es","@id":"https:\/\/coparmexjal.org.mx\/entorno-empresarial\/#\/schema\/logo\/image\/","url":"https:\/\/coparmexjal.org.mx\/entorno-empresarial\/wp-content\/uploads\/2020\/02\/logo-amp.png","contentUrl":"https:\/\/coparmexjal.org.mx\/entorno-empresarial\/wp-content\/uploads\/2020\/02\/logo-amp.png","width":120,"height":90,"caption":"Coparmex Jalisco"},"image":{"@id":"https:\/\/coparmexjal.org.mx\/entorno-empresarial\/#\/schema\/logo\/image\/"},"sameAs":["https:\/\/facebook.com\/comcoparmex","https:\/\/x.com\/comcoparmex","http:\/\/instagram.com\/coparmexjalisco","https:\/\/mx.linkedin.com\/company\/coparmex-jalisco","https:\/\/www.youtube.com\/c\/CoparmexJaliscomx"]},{"@type":"Person","@id":"https:\/\/coparmexjal.org.mx\/entorno-empresarial\/#\/schema\/person\/8627526de621691988e88ca394e9f62b","name":"Lariza Ramos","image":{"@type":"ImageObject","inLanguage":"es","@id":"https:\/\/secure.gravatar.com\/avatar\/8e01038daaa0c1cdd4107b060a36eb207a1e4bee5b196795bb74c42d06e8897e?s=96&d=mm&r=g","url":"https:\/\/secure.gravatar.com\/avatar\/8e01038daaa0c1cdd4107b060a36eb207a1e4bee5b196795bb74c42d06e8897e?s=96&d=mm&r=g","contentUrl":"https:\/\/secure.gravatar.com\/avatar\/8e01038daaa0c1cdd4107b060a36eb207a1e4bee5b196795bb74c42d06e8897e?s=96&d=mm&r=g","caption":"Lariza Ramos"},"url":"https:\/\/coparmexjal.org.mx\/entorno-empresarial\/author\/larizaramos\/"}]}},"_links":{"self":[{"href":"https:\/\/coparmexjal.org.mx\/entorno-empresarial\/wp-json\/wp\/v2\/posts\/7307","targetHints":{"allow":["GET"]}}],"collection":[{"href":"https:\/\/coparmexjal.org.mx\/entorno-empresarial\/wp-json\/wp\/v2\/posts"}],"about":[{"href":"https:\/\/coparmexjal.org.mx\/entorno-empresarial\/wp-json\/wp\/v2\/types\/post"}],"author":[{"embeddable":true,"href":"https:\/\/coparmexjal.org.mx\/entorno-empresarial\/wp-json\/wp\/v2\/users\/135"}],"replies":[{"embeddable":true,"href":"https:\/\/coparmexjal.org.mx\/entorno-empresarial\/wp-json\/wp\/v2\/comments?post=7307"}],"version-history":[{"count":1,"href":"https:\/\/coparmexjal.org.mx\/entorno-empresarial\/wp-json\/wp\/v2\/posts\/7307\/revisions"}],"predecessor-version":[{"id":7311,"href":"https:\/\/coparmexjal.org.mx\/entorno-empresarial\/wp-json\/wp\/v2\/posts\/7307\/revisions\/7311"}],"wp:featuredmedia":[{"embeddable":true,"href":"https:\/\/coparmexjal.org.mx\/entorno-empresarial\/wp-json\/wp\/v2\/media\/7310"}],"wp:attachment":[{"href":"https:\/\/coparmexjal.org.mx\/entorno-empresarial\/wp-json\/wp\/v2\/media?parent=7307"}],"wp:term":[{"taxonomy":"category","embeddable":true,"href":"https:\/\/coparmexjal.org.mx\/entorno-empresarial\/wp-json\/wp\/v2\/categories?post=7307"},{"taxonomy":"post_tag","embeddable":true,"href":"https:\/\/coparmexjal.org.mx\/entorno-empresarial\/wp-json\/wp\/v2\/tags?post=7307"}],"curies":[{"name":"wp","href":"https:\/\/api.w.org\/{rel}","templated":true}]}}