{"id":7297,"date":"2024-04-04T16:42:10","date_gmt":"2024-04-04T22:42:10","guid":{"rendered":"https:\/\/coparmexjal.org.mx\/entorno-empresarial\/?p=7297"},"modified":"2024-04-05T09:56:38","modified_gmt":"2024-04-05T15:56:38","slug":"en-defensa-de-las-instituciones-tributarias","status":"publish","type":"post","link":"https:\/\/coparmexjal.org.mx\/entorno-empresarial\/en-defensa-de-las-instituciones-tributarias\/","title":{"rendered":"En Defensa de las Instituciones Tributarias"},"content":{"rendered":"\n<p>Durante la presente administraci\u00f3n federal, en repetidas ocasiones, se ha expresado la intenci\u00f3n de desaparecer algunas instituciones y organismos aut\u00f3nomos del pa\u00eds, argumentando que son costosos y que sus funciones podr\u00edan ser absorbidas por las Secretar\u00edas de Estado.<\/p>\n\n\n\n<p>Dichas instituciones y \u00f3rganos aut\u00f3nomos han logrado que M\u00e9xico adquiera cierta madurez democr\u00e1tica y transparencia, as\u00ed como act\u00faan como contrapeso al poder federal. La postura del presidente ha generado controversia en el pa\u00eds, ya que muchos consideran que estas instituciones son necesarias para garantizar la transparencia y la rendici\u00f3n de cuentas en el gobierno.<\/p>\n\n\n\n<p>La supresi\u00f3n de estas instituciones y organismos representar\u00eda una amenaza para el equilibrio del Estado, con implicaciones negativas en t\u00e9rminos democr\u00e1ticos y un perjuicio directo para los ciudadanos al restringir o incluso impedir su derecho a la defensa y acceso a la justicia. Este acto no solo debilitar\u00eda la separaci\u00f3n de poderes, sino que tambi\u00e9n socavar\u00eda la capacidad de los ciudadanos para proteger sus derechos frente a posibles abusos por parte de las autoridades. Preservar la autonom\u00eda de dichos organismos e instituciones es esencial para garantizar un sistema que respete los principios fundamentales de equidad, democracia y protecci\u00f3n de los derechos individuales. Entre las instituciones que han sido objeto de cr\u00edticas por parte del presidente se encuentra la Procuradur\u00eda de la Defensa del Contribuyente (Prodecon), encargada de proteger los derechos de los contribuyentes. El presidente ha acusado que se utiliza a la Prodecon para que algunos evadan impuestos, cuestionando su autonom\u00eda y eficacia.<\/p>\n\n\n\n<p>La Prodecon \u201ces un organismo p\u00fablico descentralizado, no sectorizado, con personalidad jur\u00eddica y patrimonio propios, con autonom\u00eda t\u00e9cnica, funcional y de gesti\u00f3n\u201d. La creaci\u00f3n de Prodecon en 2004, mediante la adici\u00f3n del art\u00edculo 18-B en el C\u00f3digo Fiscal de la Federaci\u00f3n, marc\u00f3 la instauraci\u00f3n de este organismo dedicado a la protecci\u00f3n y defensa de los contribuyentes; aunque la Ley Org\u00e1nica de Prodecon se promulg\u00f3 en 2006, su validez fue objeto de impugnaci\u00f3n por el Procurador General de la Rep\u00fablica, resuelta por la Suprema Corte de Justicia de la Naci\u00f3n en 2008, y finalmente, el 1 de septiembre de 2011, Prodecon inici\u00f3 operaciones.<\/p>\n\n\n\n<p>Su objetivo es proteger los derechos de los contribuyentes y promover una cultura de cumplimiento fiscal en M\u00e9xico; esto lo logra colaborando con los contribuyentes y el Estado, previniendo litigios y regularizando la recaudaci\u00f3n de impuestos.<\/p>\n\n\n\n<p>Ofrece de manera gratuita y eficiente servicios de orientaci\u00f3n, asesor\u00eda, consulta, representaci\u00f3n legal, defensa, investigaci\u00f3n, recepci\u00f3n y gesti\u00f3n de quejas contra acciones de las autoridades fiscales federales que vulneren los derechos de los contribuyentes. Adem\u00e1s, brinda la posibilidad de acuerdos conclusivos como una alternativa para resolver de manera anticipada y consensuada los desacuerdos entre las autoridades fiscales y los contribuyentes durante el ejercicio de las facultades de comprobaci\u00f3n, o para regularizar la situaci\u00f3n fiscal de los contribuyentes. As\u00ed mismo, promueve la cultura contributiva, propone ajustes a normativas y leyes, identifica y analiza problemas sist\u00e9micos, mantiene encuentros regulares con autoridades fiscales federales, interpreta disposiciones legales y emite recomendaciones, correcciones y sugerencias.<\/p>\n\n\n\n<p>La relevancia de Prodecon radica en su funci\u00f3n como instituci\u00f3n que fortalece la relaci\u00f3n entre las autoridades fiscales y los contribuyentes, proporcionando un espacio imparcial para encuentros, acuerdos y construcci\u00f3n de confianza mutua. En suma, Prodecon se presenta como un aliado esencial para los contribuyentes y un elemento clave para mantener el equilibrio y la justicia fiscal.<\/p>\n\n\n\n<p>La Prodecon despliega esfuerzos significativos en la protecci\u00f3n de los derechos de los contribuyentes en asuntos fiscales, consolid\u00e1ndose como una entidad de gran utilidad y valor. &nbsp;<\/p>\n\n\n\n<p>Destacando que, desempe\u00f1a un papel crucial en la protecci\u00f3n de los derechos de los contribuyentes. Su prop\u00f3sito es garantizar que los contribuyentes puedan ejercer su derecho a la justicia en materia fiscal a nivel federal. La Prodecon se esfuerza por asegurar que los procesos fiscales sean justos y transparentes, proporcionando asesoramiento y apoyo a los contribuyentes para navegar por el complejo sistema fiscal. La Prodecon es un defensor vital para los contribuyentes, trabajando incansablemente para garantizar que sus derechos sean respetados y protegidos.<\/p>\n\n\n\n<p>Su capacidad para intervenir en el sistema tributario, proponiendo mejoras y modificaciones a las normativas fiscales, as\u00ed como el emitir criterios jur\u00eddicos y proponer medidas correctivas, contribuyen al desarrollo y perfeccionamiento del sistema tributario, fortaleciendo as\u00ed la seguridad y certeza jur\u00eddica para los contribuyentes.<\/p>\n\n\n\n<p>A pesar de centrarse primordialmente en brindar orientaci\u00f3n y ayuda a los contribuyentes, Prodecon tambi\u00e9n colabora estrechamente con abogados en diversas circunstancias. Estos profesionales del derecho han identificado en Prodecon un aliado significativo para respaldar su labor de representaci\u00f3n y defensa de sus clientes en asuntos fiscales, especialmente en lo relacionado con la adopci\u00f3n de acuerdos conclusivos.<\/p>\n\n\n\n<p>Dichas funciones hacen de Prodecon una entidad altamente beneficiosa y valiosa para los contribuyentes. En particular, este Ombudsman fiscal desempe\u00f1a un papel crucial en garantizar la imparcialidad y la justicia en asuntos tributarios, promoviendo la transparencia en la relaci\u00f3n entre el gobierno y los contribuyentes. Mereci\u00e9ndose as\u00ed el reconocimiento y la plena participaci\u00f3n de los contribuyentes. La existencia de Prodecon demuestra el compromiso del Estado de perfeccionar la condici\u00f3n de la justicia tributaria, un derecho al que todos nosotros, como ciudadanos, tenemos acceso. De ah\u00ed que, la posici\u00f3n expresada por el presidente ha generado preocupaci\u00f3n entre la poblaci\u00f3n y los empresarios, quienes temen que la desaparici\u00f3n de Prodecon tenga repercusiones negativas en la protecci\u00f3n de los derechos de los contribuyentes y la transparencia gubernamental, adem\u00e1s de suscitar dudas sobre la motivaci\u00f3n real detr\u00e1s de sus cr\u00edticas.<\/p>\n","protected":false},"excerpt":{"rendered":"<p>Durante la presente administraci\u00f3n federal, en repetidas ocasiones, se ha expresado la intenci\u00f3n de desaparecer algunas instituciones y organismos aut\u00f3nomos del pa\u00eds, argumentando que son<\/p>\n","protected":false},"author":109,"featured_media":7298,"comment_status":"open","ping_status":"open","sticky":false,"template":"","format":"standard","meta":{"footnotes":""},"categories":[1182],"tags":[1376,1378,445,1377],"class_list":["post-7297","post","type-post","status-publish","format-standard","has-post-thumbnail","hentry","category-fiscal","tag-institucion","tag-organo-autonomo","tag-sat","tag-tributaria"],"yoast_head":"<!-- This site is optimized with the Yoast SEO plugin v27.5 - https:\/\/yoast.com\/product\/yoast-seo-wordpress\/ -->\n<title>En Defensa de las Instituciones Tributarias - Entorno Empresarial<\/title>\n<meta name=\"robots\" content=\"index, follow, max-snippet:-1, max-image-preview:large, max-video-preview:-1\" \/>\n<link rel=\"canonical\" href=\"https:\/\/coparmexjal.org.mx\/entorno-empresarial\/en-defensa-de-las-instituciones-tributarias\/\" \/>\n<meta property=\"og:locale\" content=\"es_MX\" \/>\n<meta property=\"og:type\" content=\"article\" \/>\n<meta property=\"og:title\" content=\"En Defensa de las Instituciones Tributarias - Entorno Empresarial\" \/>\n<meta property=\"og:description\" content=\"Durante la presente administraci\u00f3n federal, en repetidas ocasiones, se ha expresado la intenci\u00f3n de desaparecer algunas instituciones y organismos aut\u00f3nomos del pa\u00eds, argumentando que son\" \/>\n<meta property=\"og:url\" content=\"https:\/\/coparmexjal.org.mx\/entorno-empresarial\/en-defensa-de-las-instituciones-tributarias\/\" \/>\n<meta property=\"og:site_name\" content=\"Entorno Empresarial\" \/>\n<meta property=\"article:publisher\" content=\"https:\/\/facebook.com\/comcoparmex\" \/>\n<meta property=\"article:published_time\" content=\"2024-04-04T22:42:10+00:00\" \/>\n<meta property=\"article:modified_time\" content=\"2024-04-05T15:56:38+00:00\" \/>\n<meta property=\"og:image\" content=\"https:\/\/coparmexjal.org.mx\/entorno-empresarial\/wp-content\/uploads\/2024\/04\/tributaria.jpg\" \/>\n\t<meta property=\"og:image:width\" content=\"1000\" \/>\n\t<meta property=\"og:image:height\" content=\"667\" \/>\n\t<meta property=\"og:image:type\" content=\"image\/jpeg\" \/>\n<meta name=\"author\" content=\"C.P.C Francisco Javier Padilla Villarruel\" \/>\n<meta name=\"twitter:card\" content=\"summary_large_image\" \/>\n<meta name=\"twitter:creator\" content=\"@comcoparmex\" \/>\n<meta name=\"twitter:site\" content=\"@comcoparmex\" \/>\n<meta name=\"twitter:label1\" content=\"Escrito por\" \/>\n\t<meta name=\"twitter:data1\" content=\"C.P.C Francisco Javier Padilla Villarruel\" \/>\n\t<meta name=\"twitter:label2\" content=\"Tiempo de lectura\" \/>\n\t<meta name=\"twitter:data2\" content=\"5 minutos\" \/>\n<script type=\"application\/ld+json\" class=\"yoast-schema-graph\">{\"@context\":\"https:\\\/\\\/schema.org\",\"@graph\":[{\"@type\":\"Article\",\"@id\":\"https:\\\/\\\/coparmexjal.org.mx\\\/entorno-empresarial\\\/en-defensa-de-las-instituciones-tributarias\\\/#article\",\"isPartOf\":{\"@id\":\"https:\\\/\\\/coparmexjal.org.mx\\\/entorno-empresarial\\\/en-defensa-de-las-instituciones-tributarias\\\/\"},\"author\":{\"name\":\"C.P.C Francisco Javier Padilla Villarruel\",\"@id\":\"https:\\\/\\\/coparmexjal.org.mx\\\/entorno-empresarial\\\/#\\\/schema\\\/person\\\/5d1cd0d9104ff22e8b16d1eeacc3c05c\"},\"headline\":\"En Defensa de las Instituciones Tributarias\",\"datePublished\":\"2024-04-04T22:42:10+00:00\",\"dateModified\":\"2024-04-05T15:56:38+00:00\",\"mainEntityOfPage\":{\"@id\":\"https:\\\/\\\/coparmexjal.org.mx\\\/entorno-empresarial\\\/en-defensa-de-las-instituciones-tributarias\\\/\"},\"wordCount\":980,\"commentCount\":0,\"publisher\":{\"@id\":\"https:\\\/\\\/coparmexjal.org.mx\\\/entorno-empresarial\\\/#organization\"},\"image\":{\"@id\":\"https:\\\/\\\/coparmexjal.org.mx\\\/entorno-empresarial\\\/en-defensa-de-las-instituciones-tributarias\\\/#primaryimage\"},\"thumbnailUrl\":\"https:\\\/\\\/coparmexjal.org.mx\\\/entorno-empresarial\\\/wp-content\\\/uploads\\\/2024\\\/04\\\/tributaria.jpg\",\"keywords\":[\"institucion\",\"organo autonomo\",\"sat\",\"tributaria\"],\"articleSection\":[\"Fiscal\"],\"inLanguage\":\"es\",\"potentialAction\":[{\"@type\":\"CommentAction\",\"name\":\"Comment\",\"target\":[\"https:\\\/\\\/coparmexjal.org.mx\\\/entorno-empresarial\\\/en-defensa-de-las-instituciones-tributarias\\\/#respond\"]}]},{\"@type\":\"WebPage\",\"@id\":\"https:\\\/\\\/coparmexjal.org.mx\\\/entorno-empresarial\\\/en-defensa-de-las-instituciones-tributarias\\\/\",\"url\":\"https:\\\/\\\/coparmexjal.org.mx\\\/entorno-empresarial\\\/en-defensa-de-las-instituciones-tributarias\\\/\",\"name\":\"En Defensa de las Instituciones Tributarias - Entorno Empresarial\",\"isPartOf\":{\"@id\":\"https:\\\/\\\/coparmexjal.org.mx\\\/entorno-empresarial\\\/#website\"},\"primaryImageOfPage\":{\"@id\":\"https:\\\/\\\/coparmexjal.org.mx\\\/entorno-empresarial\\\/en-defensa-de-las-instituciones-tributarias\\\/#primaryimage\"},\"image\":{\"@id\":\"https:\\\/\\\/coparmexjal.org.mx\\\/entorno-empresarial\\\/en-defensa-de-las-instituciones-tributarias\\\/#primaryimage\"},\"thumbnailUrl\":\"https:\\\/\\\/coparmexjal.org.mx\\\/entorno-empresarial\\\/wp-content\\\/uploads\\\/2024\\\/04\\\/tributaria.jpg\",\"datePublished\":\"2024-04-04T22:42:10+00:00\",\"dateModified\":\"2024-04-05T15:56:38+00:00\",\"breadcrumb\":{\"@id\":\"https:\\\/\\\/coparmexjal.org.mx\\\/entorno-empresarial\\\/en-defensa-de-las-instituciones-tributarias\\\/#breadcrumb\"},\"inLanguage\":\"es\",\"potentialAction\":[{\"@type\":\"ReadAction\",\"target\":[\"https:\\\/\\\/coparmexjal.org.mx\\\/entorno-empresarial\\\/en-defensa-de-las-instituciones-tributarias\\\/\"]}]},{\"@type\":\"ImageObject\",\"inLanguage\":\"es\",\"@id\":\"https:\\\/\\\/coparmexjal.org.mx\\\/entorno-empresarial\\\/en-defensa-de-las-instituciones-tributarias\\\/#primaryimage\",\"url\":\"https:\\\/\\\/coparmexjal.org.mx\\\/entorno-empresarial\\\/wp-content\\\/uploads\\\/2024\\\/04\\\/tributaria.jpg\",\"contentUrl\":\"https:\\\/\\\/coparmexjal.org.mx\\\/entorno-empresarial\\\/wp-content\\\/uploads\\\/2024\\\/04\\\/tributaria.jpg\",\"width\":1000,\"height\":667},{\"@type\":\"BreadcrumbList\",\"@id\":\"https:\\\/\\\/coparmexjal.org.mx\\\/entorno-empresarial\\\/en-defensa-de-las-instituciones-tributarias\\\/#breadcrumb\",\"itemListElement\":[{\"@type\":\"ListItem\",\"position\":1,\"name\":\"Inicio\",\"item\":\"https:\\\/\\\/coparmexjal.org.mx\\\/entorno-empresarial\\\/\"},{\"@type\":\"ListItem\",\"position\":2,\"name\":\"En Defensa de las Instituciones Tributarias\"}]},{\"@type\":\"WebSite\",\"@id\":\"https:\\\/\\\/coparmexjal.org.mx\\\/entorno-empresarial\\\/#website\",\"url\":\"https:\\\/\\\/coparmexjal.org.mx\\\/entorno-empresarial\\\/\",\"name\":\"Revista Entorno Empresarial\",\"description\":\"Coparmex Jalisco\",\"publisher\":{\"@id\":\"https:\\\/\\\/coparmexjal.org.mx\\\/entorno-empresarial\\\/#organization\"},\"potentialAction\":[{\"@type\":\"SearchAction\",\"target\":{\"@type\":\"EntryPoint\",\"urlTemplate\":\"https:\\\/\\\/coparmexjal.org.mx\\\/entorno-empresarial\\\/?s={search_term_string}\"},\"query-input\":{\"@type\":\"PropertyValueSpecification\",\"valueRequired\":true,\"valueName\":\"search_term_string\"}}],\"inLanguage\":\"es\"},{\"@type\":\"Organization\",\"@id\":\"https:\\\/\\\/coparmexjal.org.mx\\\/entorno-empresarial\\\/#organization\",\"name\":\"Coparmex Jalisco\",\"url\":\"https:\\\/\\\/coparmexjal.org.mx\\\/entorno-empresarial\\\/\",\"logo\":{\"@type\":\"ImageObject\",\"inLanguage\":\"es\",\"@id\":\"https:\\\/\\\/coparmexjal.org.mx\\\/entorno-empresarial\\\/#\\\/schema\\\/logo\\\/image\\\/\",\"url\":\"https:\\\/\\\/coparmexjal.org.mx\\\/entorno-empresarial\\\/wp-content\\\/uploads\\\/2020\\\/02\\\/logo-amp.png\",\"contentUrl\":\"https:\\\/\\\/coparmexjal.org.mx\\\/entorno-empresarial\\\/wp-content\\\/uploads\\\/2020\\\/02\\\/logo-amp.png\",\"width\":120,\"height\":90,\"caption\":\"Coparmex Jalisco\"},\"image\":{\"@id\":\"https:\\\/\\\/coparmexjal.org.mx\\\/entorno-empresarial\\\/#\\\/schema\\\/logo\\\/image\\\/\"},\"sameAs\":[\"https:\\\/\\\/facebook.com\\\/comcoparmex\",\"https:\\\/\\\/x.com\\\/comcoparmex\",\"http:\\\/\\\/instagram.com\\\/coparmexjalisco\",\"https:\\\/\\\/mx.linkedin.com\\\/company\\\/coparmex-jalisco\",\"https:\\\/\\\/www.youtube.com\\\/c\\\/CoparmexJaliscomx\"]},{\"@type\":\"Person\",\"@id\":\"https:\\\/\\\/coparmexjal.org.mx\\\/entorno-empresarial\\\/#\\\/schema\\\/person\\\/5d1cd0d9104ff22e8b16d1eeacc3c05c\",\"name\":\"C.P.C Francisco Javier Padilla Villarruel\",\"image\":{\"@type\":\"ImageObject\",\"inLanguage\":\"es\",\"@id\":\"https:\\\/\\\/secure.gravatar.com\\\/avatar\\\/88c7b88702ad238f80869c446fb40ea158de53d03bc784568690ff83566dfff8?s=96&d=mm&r=g\",\"url\":\"https:\\\/\\\/secure.gravatar.com\\\/avatar\\\/88c7b88702ad238f80869c446fb40ea158de53d03bc784568690ff83566dfff8?s=96&d=mm&r=g\",\"contentUrl\":\"https:\\\/\\\/secure.gravatar.com\\\/avatar\\\/88c7b88702ad238f80869c446fb40ea158de53d03bc784568690ff83566dfff8?s=96&d=mm&r=g\",\"caption\":\"C.P.C Francisco Javier Padilla Villarruel\"},\"url\":\"https:\\\/\\\/coparmexjal.org.mx\\\/entorno-empresarial\\\/author\\\/francisco-javier-padilla-villarruel\\\/\"}]}<\/script>\n<!-- \/ Yoast SEO plugin. -->","yoast_head_json":{"title":"En Defensa de las Instituciones Tributarias - Entorno Empresarial","robots":{"index":"index","follow":"follow","max-snippet":"max-snippet:-1","max-image-preview":"max-image-preview:large","max-video-preview":"max-video-preview:-1"},"canonical":"https:\/\/coparmexjal.org.mx\/entorno-empresarial\/en-defensa-de-las-instituciones-tributarias\/","og_locale":"es_MX","og_type":"article","og_title":"En Defensa de las Instituciones Tributarias - Entorno Empresarial","og_description":"Durante la presente administraci\u00f3n federal, en repetidas ocasiones, se ha expresado la intenci\u00f3n de desaparecer algunas instituciones y organismos aut\u00f3nomos del pa\u00eds, argumentando que son","og_url":"https:\/\/coparmexjal.org.mx\/entorno-empresarial\/en-defensa-de-las-instituciones-tributarias\/","og_site_name":"Entorno Empresarial","article_publisher":"https:\/\/facebook.com\/comcoparmex","article_published_time":"2024-04-04T22:42:10+00:00","article_modified_time":"2024-04-05T15:56:38+00:00","og_image":[{"width":1000,"height":667,"url":"https:\/\/coparmexjal.org.mx\/entorno-empresarial\/wp-content\/uploads\/2024\/04\/tributaria.jpg","type":"image\/jpeg"}],"author":"C.P.C Francisco Javier Padilla Villarruel","twitter_card":"summary_large_image","twitter_creator":"@comcoparmex","twitter_site":"@comcoparmex","twitter_misc":{"Escrito por":"C.P.C Francisco Javier Padilla Villarruel","Tiempo de lectura":"5 minutos"},"schema":{"@context":"https:\/\/schema.org","@graph":[{"@type":"Article","@id":"https:\/\/coparmexjal.org.mx\/entorno-empresarial\/en-defensa-de-las-instituciones-tributarias\/#article","isPartOf":{"@id":"https:\/\/coparmexjal.org.mx\/entorno-empresarial\/en-defensa-de-las-instituciones-tributarias\/"},"author":{"name":"C.P.C Francisco Javier Padilla Villarruel","@id":"https:\/\/coparmexjal.org.mx\/entorno-empresarial\/#\/schema\/person\/5d1cd0d9104ff22e8b16d1eeacc3c05c"},"headline":"En Defensa de las Instituciones Tributarias","datePublished":"2024-04-04T22:42:10+00:00","dateModified":"2024-04-05T15:56:38+00:00","mainEntityOfPage":{"@id":"https:\/\/coparmexjal.org.mx\/entorno-empresarial\/en-defensa-de-las-instituciones-tributarias\/"},"wordCount":980,"commentCount":0,"publisher":{"@id":"https:\/\/coparmexjal.org.mx\/entorno-empresarial\/#organization"},"image":{"@id":"https:\/\/coparmexjal.org.mx\/entorno-empresarial\/en-defensa-de-las-instituciones-tributarias\/#primaryimage"},"thumbnailUrl":"https:\/\/coparmexjal.org.mx\/entorno-empresarial\/wp-content\/uploads\/2024\/04\/tributaria.jpg","keywords":["institucion","organo autonomo","sat","tributaria"],"articleSection":["Fiscal"],"inLanguage":"es","potentialAction":[{"@type":"CommentAction","name":"Comment","target":["https:\/\/coparmexjal.org.mx\/entorno-empresarial\/en-defensa-de-las-instituciones-tributarias\/#respond"]}]},{"@type":"WebPage","@id":"https:\/\/coparmexjal.org.mx\/entorno-empresarial\/en-defensa-de-las-instituciones-tributarias\/","url":"https:\/\/coparmexjal.org.mx\/entorno-empresarial\/en-defensa-de-las-instituciones-tributarias\/","name":"En Defensa de las Instituciones Tributarias - Entorno Empresarial","isPartOf":{"@id":"https:\/\/coparmexjal.org.mx\/entorno-empresarial\/#website"},"primaryImageOfPage":{"@id":"https:\/\/coparmexjal.org.mx\/entorno-empresarial\/en-defensa-de-las-instituciones-tributarias\/#primaryimage"},"image":{"@id":"https:\/\/coparmexjal.org.mx\/entorno-empresarial\/en-defensa-de-las-instituciones-tributarias\/#primaryimage"},"thumbnailUrl":"https:\/\/coparmexjal.org.mx\/entorno-empresarial\/wp-content\/uploads\/2024\/04\/tributaria.jpg","datePublished":"2024-04-04T22:42:10+00:00","dateModified":"2024-04-05T15:56:38+00:00","breadcrumb":{"@id":"https:\/\/coparmexjal.org.mx\/entorno-empresarial\/en-defensa-de-las-instituciones-tributarias\/#breadcrumb"},"inLanguage":"es","potentialAction":[{"@type":"ReadAction","target":["https:\/\/coparmexjal.org.mx\/entorno-empresarial\/en-defensa-de-las-instituciones-tributarias\/"]}]},{"@type":"ImageObject","inLanguage":"es","@id":"https:\/\/coparmexjal.org.mx\/entorno-empresarial\/en-defensa-de-las-instituciones-tributarias\/#primaryimage","url":"https:\/\/coparmexjal.org.mx\/entorno-empresarial\/wp-content\/uploads\/2024\/04\/tributaria.jpg","contentUrl":"https:\/\/coparmexjal.org.mx\/entorno-empresarial\/wp-content\/uploads\/2024\/04\/tributaria.jpg","width":1000,"height":667},{"@type":"BreadcrumbList","@id":"https:\/\/coparmexjal.org.mx\/entorno-empresarial\/en-defensa-de-las-instituciones-tributarias\/#breadcrumb","itemListElement":[{"@type":"ListItem","position":1,"name":"Inicio","item":"https:\/\/coparmexjal.org.mx\/entorno-empresarial\/"},{"@type":"ListItem","position":2,"name":"En Defensa de las Instituciones Tributarias"}]},{"@type":"WebSite","@id":"https:\/\/coparmexjal.org.mx\/entorno-empresarial\/#website","url":"https:\/\/coparmexjal.org.mx\/entorno-empresarial\/","name":"Revista Entorno Empresarial","description":"Coparmex Jalisco","publisher":{"@id":"https:\/\/coparmexjal.org.mx\/entorno-empresarial\/#organization"},"potentialAction":[{"@type":"SearchAction","target":{"@type":"EntryPoint","urlTemplate":"https:\/\/coparmexjal.org.mx\/entorno-empresarial\/?s={search_term_string}"},"query-input":{"@type":"PropertyValueSpecification","valueRequired":true,"valueName":"search_term_string"}}],"inLanguage":"es"},{"@type":"Organization","@id":"https:\/\/coparmexjal.org.mx\/entorno-empresarial\/#organization","name":"Coparmex Jalisco","url":"https:\/\/coparmexjal.org.mx\/entorno-empresarial\/","logo":{"@type":"ImageObject","inLanguage":"es","@id":"https:\/\/coparmexjal.org.mx\/entorno-empresarial\/#\/schema\/logo\/image\/","url":"https:\/\/coparmexjal.org.mx\/entorno-empresarial\/wp-content\/uploads\/2020\/02\/logo-amp.png","contentUrl":"https:\/\/coparmexjal.org.mx\/entorno-empresarial\/wp-content\/uploads\/2020\/02\/logo-amp.png","width":120,"height":90,"caption":"Coparmex Jalisco"},"image":{"@id":"https:\/\/coparmexjal.org.mx\/entorno-empresarial\/#\/schema\/logo\/image\/"},"sameAs":["https:\/\/facebook.com\/comcoparmex","https:\/\/x.com\/comcoparmex","http:\/\/instagram.com\/coparmexjalisco","https:\/\/mx.linkedin.com\/company\/coparmex-jalisco","https:\/\/www.youtube.com\/c\/CoparmexJaliscomx"]},{"@type":"Person","@id":"https:\/\/coparmexjal.org.mx\/entorno-empresarial\/#\/schema\/person\/5d1cd0d9104ff22e8b16d1eeacc3c05c","name":"C.P.C Francisco Javier Padilla Villarruel","image":{"@type":"ImageObject","inLanguage":"es","@id":"https:\/\/secure.gravatar.com\/avatar\/88c7b88702ad238f80869c446fb40ea158de53d03bc784568690ff83566dfff8?s=96&d=mm&r=g","url":"https:\/\/secure.gravatar.com\/avatar\/88c7b88702ad238f80869c446fb40ea158de53d03bc784568690ff83566dfff8?s=96&d=mm&r=g","contentUrl":"https:\/\/secure.gravatar.com\/avatar\/88c7b88702ad238f80869c446fb40ea158de53d03bc784568690ff83566dfff8?s=96&d=mm&r=g","caption":"C.P.C Francisco Javier Padilla Villarruel"},"url":"https:\/\/coparmexjal.org.mx\/entorno-empresarial\/author\/francisco-javier-padilla-villarruel\/"}]}},"_links":{"self":[{"href":"https:\/\/coparmexjal.org.mx\/entorno-empresarial\/wp-json\/wp\/v2\/posts\/7297","targetHints":{"allow":["GET"]}}],"collection":[{"href":"https:\/\/coparmexjal.org.mx\/entorno-empresarial\/wp-json\/wp\/v2\/posts"}],"about":[{"href":"https:\/\/coparmexjal.org.mx\/entorno-empresarial\/wp-json\/wp\/v2\/types\/post"}],"author":[{"embeddable":true,"href":"https:\/\/coparmexjal.org.mx\/entorno-empresarial\/wp-json\/wp\/v2\/users\/109"}],"replies":[{"embeddable":true,"href":"https:\/\/coparmexjal.org.mx\/entorno-empresarial\/wp-json\/wp\/v2\/comments?post=7297"}],"version-history":[{"count":1,"href":"https:\/\/coparmexjal.org.mx\/entorno-empresarial\/wp-json\/wp\/v2\/posts\/7297\/revisions"}],"predecessor-version":[{"id":7299,"href":"https:\/\/coparmexjal.org.mx\/entorno-empresarial\/wp-json\/wp\/v2\/posts\/7297\/revisions\/7299"}],"wp:featuredmedia":[{"embeddable":true,"href":"https:\/\/coparmexjal.org.mx\/entorno-empresarial\/wp-json\/wp\/v2\/media\/7298"}],"wp:attachment":[{"href":"https:\/\/coparmexjal.org.mx\/entorno-empresarial\/wp-json\/wp\/v2\/media?parent=7297"}],"wp:term":[{"taxonomy":"category","embeddable":true,"href":"https:\/\/coparmexjal.org.mx\/entorno-empresarial\/wp-json\/wp\/v2\/categories?post=7297"},{"taxonomy":"post_tag","embeddable":true,"href":"https:\/\/coparmexjal.org.mx\/entorno-empresarial\/wp-json\/wp\/v2\/tags?post=7297"}],"curies":[{"name":"wp","href":"https:\/\/api.w.org\/{rel}","templated":true}]}}