{"id":7230,"date":"2024-02-01T16:51:03","date_gmt":"2024-02-01T22:51:03","guid":{"rendered":"https:\/\/coparmexjal.org.mx\/entorno-empresarial\/?p=7230"},"modified":"2024-02-22T15:41:43","modified_gmt":"2024-02-22T21:41:43","slug":"expulsion-del-resico-de-personas-fisicas-por-no-presentar-la-declaracion-anual","status":"publish","type":"post","link":"https:\/\/coparmexjal.org.mx\/entorno-empresarial\/expulsion-del-resico-de-personas-fisicas-por-no-presentar-la-declaracion-anual\/","title":{"rendered":"Expulsi\u00f3n del RESICO de personas f\u00edsicas por no presentar la declaraci\u00f3n anual"},"content":{"rendered":"\n<p> <p class=\"MsoNormal\" style=\"margin-top:12.0pt;line-height:115%\"><a name=\"_Hlk39062339\">Cientos de contribuyentes enfrentan una situaci\u00f3n adversa en este inicio de 2024, esto debido a que han sido expulsados del R\u00e9gimen Simplificado de Confianza (RESICO) para Personas F\u00edsicas. Desde noviembre de 2023, el Servicio de Administraci\u00f3n Tributaria (SAT) ha notificado expulsiones del RESICO, acompa\u00f1adas de la modificaci\u00f3n al R\u00e9gimen de Actividades Empresariales y Profesionales, en algunos casos, la modificaci\u00f3n la ha realizado al R\u00e9gimen de Arrendamiento.<\/a><\/p> <p class=\"MsoNormal\" style=\"margin-top:12.0pt;line-height:115%\">Para tributar en el RESICO, el contribuyente debe haber recibido menos de $3,500,000.00 de ingresos de su actividad en el ejercicio inmediato anterior. El RESICO resulta atractivo por su tarifa para calcular el Impuesto sobre la Renta (ISR), la cual va desde el 1% hasta el 2.5%, en comparaci\u00f3n con la tarifa tradicional que puede llegar hasta el 35%. Sin embargo, para seguir en el RESICO, el contribuyente debe cumplir ciertas reglas, entre las que se encuentra presentar su declaraci\u00f3n anual oportunamente. El art\u00edculo 113-I de la Ley del ISR se\u00f1ala que, el contribuyente dejar\u00e1 el r\u00e9gimen del RESICO si no presenta su declaraci\u00f3n anual.<\/p> <p class=\"MsoNormal\" style=\"margin-top:12.0pt;line-height:115%\">En ese sentido, los contribuyentes que tributan en el RESICO, ten\u00edan la obligaci\u00f3n de presentar su declaraci\u00f3n anual de ISR por el ejercicio de 2022 a m\u00e1s tardar el 02 de mayo de 2023. Mediante el Sexto Transitorio de la Quinta Resoluci\u00f3n de Modificaciones a la Miscel\u00e1nea Fiscal para 2023, el SAT ampli\u00f3 la fecha l\u00edmite hasta el 02 de octubre de 2023. Una vez que transcurri\u00f3 la fecha l\u00edmite del 02 de octubre de 2023, el SAT comenz\u00f3 a expulsar del RESICO a quienes no presentaron su declaraci\u00f3n anual oportunamente. <\/p> <p class=\"MsoNormal\" style=\"margin-top:12.0pt;line-height:115%\">Las resoluciones de expulsi\u00f3n del SAT no solo indican al contribuyente que, a partir de ese momento dejaran de tributar en el esquema, sino que, le se\u00f1alan que debe regularizar las declaraciones desde que comenz\u00f3 a tributar en el RESICO. Este efecto retroactivo de las resoluciones del SAT ha generado controversia en el sector empresarial, pues significa que los contribuyentes expulsados del RESICO est\u00e1n obligados a regularizar sus declaraciones incluso desde enero de 2022. Regularizar su situaci\u00f3n implica pagar la diferencia por el ISR que genere su nuevo r\u00e9gimen, m\u00e1s las actualizaciones y los recargos correspondientes. Adicionalmente, el SAT emite en sentido negativo las opiniones de cumplimiento fiscal del art\u00edculo 32-D del C\u00f3digo Fiscal de la Federaci\u00f3n hasta que se presenten las declaraciones regularizadas.<\/p> <p class=\"MsoNormal\" style=\"margin-top:12.0pt;line-height:115%\">Los actos de la autoridad fiscal ocasionan una inseguridad jur\u00eddica grave para los contribuyentes expulsados del RESICO. En m\u00faltiples foros fiscales, se discute la legalidad de la actuaci\u00f3n del SAT, al modificar retroactivamente la situaci\u00f3n fiscal del contribuyente, porque esa consecuencia jur\u00eddica no se previ\u00f3 textualmente por los legisladores en la Ley del ISR, sino que, la estableci\u00f3 el SAT en la Resoluci\u00f3n Miscel\u00e1nea Fiscal.<\/p> <p class=\"MsoNormal\" style=\"margin-top:12.0pt;line-height:115%\">Muchos contribuyentes expulsados del RESICO han optado por instaurar medios de defensa. En la mayor\u00eda de los casos, los contribuyentes cuentan con dos medios de defensa: el recurso de revocaci\u00f3n ante el SAT y el juicio de nulidad ante el Tribunal Federal de Justicia Administrativa (TFJA). El plazo para interponer cualquiera de esos medios de defensa es de 30 d\u00edas h\u00e1biles. Trat\u00e1ndose del juicio de nulidad, m\u00faltiples salas del TFJA concedieron la suspensi\u00f3n en favor del contribuyente para continuar tributando en el RESICO durante la substanciaci\u00f3n del juicio. En cualquier caso, es imprescindible que cada contribuyente que desee controvertir su expulsi\u00f3n del RESICO valore con su asesor la expectativa de \u00e9xito, y dise\u00f1e la mejor estrategia para hacer frente a las consecuencias fiscales que se generen durante y despu\u00e9s de la interposici\u00f3n de los medios de defensa.<\/p>  <p class=\"MsoNormal\"><o:p>\u00a0<\/o:p><\/p> <\/p>\n","protected":false},"excerpt":{"rendered":"<p>Cientos de contribuyentes enfrentan una situaci\u00f3n adversa en este inicio de 2024, esto debido a que han sido expulsados del R\u00e9gimen Simplificado de Confianza (RESICO)<\/p>\n","protected":false},"author":131,"featured_media":7232,"comment_status":"open","ping_status":"open","sticky":false,"template":"","format":"standard","meta":{"footnotes":""},"categories":[1182],"tags":[],"class_list":["post-7230","post","type-post","status-publish","format-standard","has-post-thumbnail","hentry","category-fiscal"],"yoast_head":"<!-- This site is optimized with the Yoast SEO plugin v27.5 - https:\/\/yoast.com\/product\/yoast-seo-wordpress\/ -->\n<title>Expulsi\u00f3n del RESICO de personas f\u00edsicas por no presentar la declaraci\u00f3n anual - Entorno Empresarial<\/title>\n<meta name=\"robots\" content=\"index, follow, max-snippet:-1, max-image-preview:large, max-video-preview:-1\" \/>\n<link rel=\"canonical\" href=\"https:\/\/coparmexjal.org.mx\/entorno-empresarial\/expulsion-del-resico-de-personas-fisicas-por-no-presentar-la-declaracion-anual\/\" \/>\n<meta property=\"og:locale\" content=\"es_MX\" \/>\n<meta property=\"og:type\" content=\"article\" \/>\n<meta property=\"og:title\" content=\"Expulsi\u00f3n del RESICO de personas f\u00edsicas por no presentar la declaraci\u00f3n anual - Entorno Empresarial\" \/>\n<meta property=\"og:description\" content=\"Cientos de contribuyentes enfrentan una situaci\u00f3n adversa en este inicio de 2024, esto debido a que han sido expulsados del R\u00e9gimen Simplificado de Confianza (RESICO)\" \/>\n<meta property=\"og:url\" content=\"https:\/\/coparmexjal.org.mx\/entorno-empresarial\/expulsion-del-resico-de-personas-fisicas-por-no-presentar-la-declaracion-anual\/\" \/>\n<meta property=\"og:site_name\" content=\"Entorno Empresarial\" \/>\n<meta property=\"article:publisher\" content=\"https:\/\/facebook.com\/comcoparmex\" \/>\n<meta property=\"article:published_time\" content=\"2024-02-01T22:51:03+00:00\" \/>\n<meta property=\"article:modified_time\" content=\"2024-02-22T21:41:43+00:00\" \/>\n<meta property=\"og:image\" content=\"https:\/\/coparmexjal.org.mx\/entorno-empresarial\/wp-content\/uploads\/2024\/02\/declaracion-impuestos.jpg\" \/>\n\t<meta property=\"og:image:width\" content=\"1280\" \/>\n\t<meta property=\"og:image:height\" content=\"720\" \/>\n\t<meta property=\"og:image:type\" content=\"image\/jpeg\" \/>\n<meta name=\"author\" content=\"LL.M. Luis Alberto Romero Topete\" \/>\n<meta name=\"twitter:card\" content=\"summary_large_image\" \/>\n<meta name=\"twitter:creator\" content=\"@comcoparmex\" \/>\n<meta name=\"twitter:site\" content=\"@comcoparmex\" \/>\n<meta name=\"twitter:label1\" content=\"Escrito por\" \/>\n\t<meta name=\"twitter:data1\" content=\"LL.M. Luis Alberto Romero Topete\" \/>\n\t<meta name=\"twitter:label2\" content=\"Tiempo de lectura\" \/>\n\t<meta name=\"twitter:data2\" content=\"3 minutos\" \/>\n<script type=\"application\/ld+json\" class=\"yoast-schema-graph\">{\"@context\":\"https:\\\/\\\/schema.org\",\"@graph\":[{\"@type\":\"Article\",\"@id\":\"https:\\\/\\\/coparmexjal.org.mx\\\/entorno-empresarial\\\/expulsion-del-resico-de-personas-fisicas-por-no-presentar-la-declaracion-anual\\\/#article\",\"isPartOf\":{\"@id\":\"https:\\\/\\\/coparmexjal.org.mx\\\/entorno-empresarial\\\/expulsion-del-resico-de-personas-fisicas-por-no-presentar-la-declaracion-anual\\\/\"},\"author\":{\"name\":\"LL.M. Luis Alberto Romero Topete\",\"@id\":\"https:\\\/\\\/coparmexjal.org.mx\\\/entorno-empresarial\\\/#\\\/schema\\\/person\\\/e6de14467309af8378d9c0ffc387b03d\"},\"headline\":\"Expulsi\u00f3n del RESICO de personas f\u00edsicas por no presentar la declaraci\u00f3n anual\",\"datePublished\":\"2024-02-01T22:51:03+00:00\",\"dateModified\":\"2024-02-22T21:41:43+00:00\",\"mainEntityOfPage\":{\"@id\":\"https:\\\/\\\/coparmexjal.org.mx\\\/entorno-empresarial\\\/expulsion-del-resico-de-personas-fisicas-por-no-presentar-la-declaracion-anual\\\/\"},\"wordCount\":639,\"commentCount\":1,\"publisher\":{\"@id\":\"https:\\\/\\\/coparmexjal.org.mx\\\/entorno-empresarial\\\/#organization\"},\"image\":{\"@id\":\"https:\\\/\\\/coparmexjal.org.mx\\\/entorno-empresarial\\\/expulsion-del-resico-de-personas-fisicas-por-no-presentar-la-declaracion-anual\\\/#primaryimage\"},\"thumbnailUrl\":\"https:\\\/\\\/coparmexjal.org.mx\\\/entorno-empresarial\\\/wp-content\\\/uploads\\\/2024\\\/02\\\/declaracion-impuestos.jpg\",\"articleSection\":[\"Fiscal\"],\"inLanguage\":\"es\",\"potentialAction\":[{\"@type\":\"CommentAction\",\"name\":\"Comment\",\"target\":[\"https:\\\/\\\/coparmexjal.org.mx\\\/entorno-empresarial\\\/expulsion-del-resico-de-personas-fisicas-por-no-presentar-la-declaracion-anual\\\/#respond\"]}]},{\"@type\":\"WebPage\",\"@id\":\"https:\\\/\\\/coparmexjal.org.mx\\\/entorno-empresarial\\\/expulsion-del-resico-de-personas-fisicas-por-no-presentar-la-declaracion-anual\\\/\",\"url\":\"https:\\\/\\\/coparmexjal.org.mx\\\/entorno-empresarial\\\/expulsion-del-resico-de-personas-fisicas-por-no-presentar-la-declaracion-anual\\\/\",\"name\":\"Expulsi\u00f3n del RESICO de personas f\u00edsicas por no presentar la declaraci\u00f3n anual - Entorno Empresarial\",\"isPartOf\":{\"@id\":\"https:\\\/\\\/coparmexjal.org.mx\\\/entorno-empresarial\\\/#website\"},\"primaryImageOfPage\":{\"@id\":\"https:\\\/\\\/coparmexjal.org.mx\\\/entorno-empresarial\\\/expulsion-del-resico-de-personas-fisicas-por-no-presentar-la-declaracion-anual\\\/#primaryimage\"},\"image\":{\"@id\":\"https:\\\/\\\/coparmexjal.org.mx\\\/entorno-empresarial\\\/expulsion-del-resico-de-personas-fisicas-por-no-presentar-la-declaracion-anual\\\/#primaryimage\"},\"thumbnailUrl\":\"https:\\\/\\\/coparmexjal.org.mx\\\/entorno-empresarial\\\/wp-content\\\/uploads\\\/2024\\\/02\\\/declaracion-impuestos.jpg\",\"datePublished\":\"2024-02-01T22:51:03+00:00\",\"dateModified\":\"2024-02-22T21:41:43+00:00\",\"breadcrumb\":{\"@id\":\"https:\\\/\\\/coparmexjal.org.mx\\\/entorno-empresarial\\\/expulsion-del-resico-de-personas-fisicas-por-no-presentar-la-declaracion-anual\\\/#breadcrumb\"},\"inLanguage\":\"es\",\"potentialAction\":[{\"@type\":\"ReadAction\",\"target\":[\"https:\\\/\\\/coparmexjal.org.mx\\\/entorno-empresarial\\\/expulsion-del-resico-de-personas-fisicas-por-no-presentar-la-declaracion-anual\\\/\"]}]},{\"@type\":\"ImageObject\",\"inLanguage\":\"es\",\"@id\":\"https:\\\/\\\/coparmexjal.org.mx\\\/entorno-empresarial\\\/expulsion-del-resico-de-personas-fisicas-por-no-presentar-la-declaracion-anual\\\/#primaryimage\",\"url\":\"https:\\\/\\\/coparmexjal.org.mx\\\/entorno-empresarial\\\/wp-content\\\/uploads\\\/2024\\\/02\\\/declaracion-impuestos.jpg\",\"contentUrl\":\"https:\\\/\\\/coparmexjal.org.mx\\\/entorno-empresarial\\\/wp-content\\\/uploads\\\/2024\\\/02\\\/declaracion-impuestos.jpg\",\"width\":1280,\"height\":720},{\"@type\":\"BreadcrumbList\",\"@id\":\"https:\\\/\\\/coparmexjal.org.mx\\\/entorno-empresarial\\\/expulsion-del-resico-de-personas-fisicas-por-no-presentar-la-declaracion-anual\\\/#breadcrumb\",\"itemListElement\":[{\"@type\":\"ListItem\",\"position\":1,\"name\":\"Inicio\",\"item\":\"https:\\\/\\\/coparmexjal.org.mx\\\/entorno-empresarial\\\/\"},{\"@type\":\"ListItem\",\"position\":2,\"name\":\"Expulsi\u00f3n del RESICO de personas f\u00edsicas por no presentar la declaraci\u00f3n anual\"}]},{\"@type\":\"WebSite\",\"@id\":\"https:\\\/\\\/coparmexjal.org.mx\\\/entorno-empresarial\\\/#website\",\"url\":\"https:\\\/\\\/coparmexjal.org.mx\\\/entorno-empresarial\\\/\",\"name\":\"Revista Entorno Empresarial\",\"description\":\"Coparmex Jalisco\",\"publisher\":{\"@id\":\"https:\\\/\\\/coparmexjal.org.mx\\\/entorno-empresarial\\\/#organization\"},\"potentialAction\":[{\"@type\":\"SearchAction\",\"target\":{\"@type\":\"EntryPoint\",\"urlTemplate\":\"https:\\\/\\\/coparmexjal.org.mx\\\/entorno-empresarial\\\/?s={search_term_string}\"},\"query-input\":{\"@type\":\"PropertyValueSpecification\",\"valueRequired\":true,\"valueName\":\"search_term_string\"}}],\"inLanguage\":\"es\"},{\"@type\":\"Organization\",\"@id\":\"https:\\\/\\\/coparmexjal.org.mx\\\/entorno-empresarial\\\/#organization\",\"name\":\"Coparmex Jalisco\",\"url\":\"https:\\\/\\\/coparmexjal.org.mx\\\/entorno-empresarial\\\/\",\"logo\":{\"@type\":\"ImageObject\",\"inLanguage\":\"es\",\"@id\":\"https:\\\/\\\/coparmexjal.org.mx\\\/entorno-empresarial\\\/#\\\/schema\\\/logo\\\/image\\\/\",\"url\":\"https:\\\/\\\/coparmexjal.org.mx\\\/entorno-empresarial\\\/wp-content\\\/uploads\\\/2020\\\/02\\\/logo-amp.png\",\"contentUrl\":\"https:\\\/\\\/coparmexjal.org.mx\\\/entorno-empresarial\\\/wp-content\\\/uploads\\\/2020\\\/02\\\/logo-amp.png\",\"width\":120,\"height\":90,\"caption\":\"Coparmex Jalisco\"},\"image\":{\"@id\":\"https:\\\/\\\/coparmexjal.org.mx\\\/entorno-empresarial\\\/#\\\/schema\\\/logo\\\/image\\\/\"},\"sameAs\":[\"https:\\\/\\\/facebook.com\\\/comcoparmex\",\"https:\\\/\\\/x.com\\\/comcoparmex\",\"http:\\\/\\\/instagram.com\\\/coparmexjalisco\",\"https:\\\/\\\/mx.linkedin.com\\\/company\\\/coparmex-jalisco\",\"https:\\\/\\\/www.youtube.com\\\/c\\\/CoparmexJaliscomx\"]},{\"@type\":\"Person\",\"@id\":\"https:\\\/\\\/coparmexjal.org.mx\\\/entorno-empresarial\\\/#\\\/schema\\\/person\\\/e6de14467309af8378d9c0ffc387b03d\",\"name\":\"LL.M. Luis Alberto Romero Topete\",\"image\":{\"@type\":\"ImageObject\",\"inLanguage\":\"es\",\"@id\":\"https:\\\/\\\/secure.gravatar.com\\\/avatar\\\/72c58e47f36de3265d104eda0631373f24b8596c103c1003b111d1f0f2584e10?s=96&d=mm&r=g\",\"url\":\"https:\\\/\\\/secure.gravatar.com\\\/avatar\\\/72c58e47f36de3265d104eda0631373f24b8596c103c1003b111d1f0f2584e10?s=96&d=mm&r=g\",\"contentUrl\":\"https:\\\/\\\/secure.gravatar.com\\\/avatar\\\/72c58e47f36de3265d104eda0631373f24b8596c103c1003b111d1f0f2584e10?s=96&d=mm&r=g\",\"caption\":\"LL.M. Luis Alberto Romero Topete\"},\"url\":\"https:\\\/\\\/coparmexjal.org.mx\\\/entorno-empresarial\\\/author\\\/luis-alberto-romero-topete\\\/\"}]}<\/script>\n<!-- \/ Yoast SEO plugin. -->","yoast_head_json":{"title":"Expulsi\u00f3n del RESICO de personas f\u00edsicas por no presentar la declaraci\u00f3n anual - Entorno Empresarial","robots":{"index":"index","follow":"follow","max-snippet":"max-snippet:-1","max-image-preview":"max-image-preview:large","max-video-preview":"max-video-preview:-1"},"canonical":"https:\/\/coparmexjal.org.mx\/entorno-empresarial\/expulsion-del-resico-de-personas-fisicas-por-no-presentar-la-declaracion-anual\/","og_locale":"es_MX","og_type":"article","og_title":"Expulsi\u00f3n del RESICO de personas f\u00edsicas por no presentar la declaraci\u00f3n anual - Entorno Empresarial","og_description":"Cientos de contribuyentes enfrentan una situaci\u00f3n adversa en este inicio de 2024, esto debido a que han sido expulsados del R\u00e9gimen Simplificado de Confianza (RESICO)","og_url":"https:\/\/coparmexjal.org.mx\/entorno-empresarial\/expulsion-del-resico-de-personas-fisicas-por-no-presentar-la-declaracion-anual\/","og_site_name":"Entorno Empresarial","article_publisher":"https:\/\/facebook.com\/comcoparmex","article_published_time":"2024-02-01T22:51:03+00:00","article_modified_time":"2024-02-22T21:41:43+00:00","og_image":[{"width":1280,"height":720,"url":"https:\/\/coparmexjal.org.mx\/entorno-empresarial\/wp-content\/uploads\/2024\/02\/declaracion-impuestos.jpg","type":"image\/jpeg"}],"author":"LL.M. Luis Alberto Romero Topete","twitter_card":"summary_large_image","twitter_creator":"@comcoparmex","twitter_site":"@comcoparmex","twitter_misc":{"Escrito por":"LL.M. Luis Alberto Romero Topete","Tiempo de lectura":"3 minutos"},"schema":{"@context":"https:\/\/schema.org","@graph":[{"@type":"Article","@id":"https:\/\/coparmexjal.org.mx\/entorno-empresarial\/expulsion-del-resico-de-personas-fisicas-por-no-presentar-la-declaracion-anual\/#article","isPartOf":{"@id":"https:\/\/coparmexjal.org.mx\/entorno-empresarial\/expulsion-del-resico-de-personas-fisicas-por-no-presentar-la-declaracion-anual\/"},"author":{"name":"LL.M. Luis Alberto Romero Topete","@id":"https:\/\/coparmexjal.org.mx\/entorno-empresarial\/#\/schema\/person\/e6de14467309af8378d9c0ffc387b03d"},"headline":"Expulsi\u00f3n del RESICO de personas f\u00edsicas por no presentar la declaraci\u00f3n anual","datePublished":"2024-02-01T22:51:03+00:00","dateModified":"2024-02-22T21:41:43+00:00","mainEntityOfPage":{"@id":"https:\/\/coparmexjal.org.mx\/entorno-empresarial\/expulsion-del-resico-de-personas-fisicas-por-no-presentar-la-declaracion-anual\/"},"wordCount":639,"commentCount":1,"publisher":{"@id":"https:\/\/coparmexjal.org.mx\/entorno-empresarial\/#organization"},"image":{"@id":"https:\/\/coparmexjal.org.mx\/entorno-empresarial\/expulsion-del-resico-de-personas-fisicas-por-no-presentar-la-declaracion-anual\/#primaryimage"},"thumbnailUrl":"https:\/\/coparmexjal.org.mx\/entorno-empresarial\/wp-content\/uploads\/2024\/02\/declaracion-impuestos.jpg","articleSection":["Fiscal"],"inLanguage":"es","potentialAction":[{"@type":"CommentAction","name":"Comment","target":["https:\/\/coparmexjal.org.mx\/entorno-empresarial\/expulsion-del-resico-de-personas-fisicas-por-no-presentar-la-declaracion-anual\/#respond"]}]},{"@type":"WebPage","@id":"https:\/\/coparmexjal.org.mx\/entorno-empresarial\/expulsion-del-resico-de-personas-fisicas-por-no-presentar-la-declaracion-anual\/","url":"https:\/\/coparmexjal.org.mx\/entorno-empresarial\/expulsion-del-resico-de-personas-fisicas-por-no-presentar-la-declaracion-anual\/","name":"Expulsi\u00f3n del RESICO de personas f\u00edsicas por no presentar la declaraci\u00f3n anual - Entorno Empresarial","isPartOf":{"@id":"https:\/\/coparmexjal.org.mx\/entorno-empresarial\/#website"},"primaryImageOfPage":{"@id":"https:\/\/coparmexjal.org.mx\/entorno-empresarial\/expulsion-del-resico-de-personas-fisicas-por-no-presentar-la-declaracion-anual\/#primaryimage"},"image":{"@id":"https:\/\/coparmexjal.org.mx\/entorno-empresarial\/expulsion-del-resico-de-personas-fisicas-por-no-presentar-la-declaracion-anual\/#primaryimage"},"thumbnailUrl":"https:\/\/coparmexjal.org.mx\/entorno-empresarial\/wp-content\/uploads\/2024\/02\/declaracion-impuestos.jpg","datePublished":"2024-02-01T22:51:03+00:00","dateModified":"2024-02-22T21:41:43+00:00","breadcrumb":{"@id":"https:\/\/coparmexjal.org.mx\/entorno-empresarial\/expulsion-del-resico-de-personas-fisicas-por-no-presentar-la-declaracion-anual\/#breadcrumb"},"inLanguage":"es","potentialAction":[{"@type":"ReadAction","target":["https:\/\/coparmexjal.org.mx\/entorno-empresarial\/expulsion-del-resico-de-personas-fisicas-por-no-presentar-la-declaracion-anual\/"]}]},{"@type":"ImageObject","inLanguage":"es","@id":"https:\/\/coparmexjal.org.mx\/entorno-empresarial\/expulsion-del-resico-de-personas-fisicas-por-no-presentar-la-declaracion-anual\/#primaryimage","url":"https:\/\/coparmexjal.org.mx\/entorno-empresarial\/wp-content\/uploads\/2024\/02\/declaracion-impuestos.jpg","contentUrl":"https:\/\/coparmexjal.org.mx\/entorno-empresarial\/wp-content\/uploads\/2024\/02\/declaracion-impuestos.jpg","width":1280,"height":720},{"@type":"BreadcrumbList","@id":"https:\/\/coparmexjal.org.mx\/entorno-empresarial\/expulsion-del-resico-de-personas-fisicas-por-no-presentar-la-declaracion-anual\/#breadcrumb","itemListElement":[{"@type":"ListItem","position":1,"name":"Inicio","item":"https:\/\/coparmexjal.org.mx\/entorno-empresarial\/"},{"@type":"ListItem","position":2,"name":"Expulsi\u00f3n del RESICO de personas f\u00edsicas por no presentar la declaraci\u00f3n anual"}]},{"@type":"WebSite","@id":"https:\/\/coparmexjal.org.mx\/entorno-empresarial\/#website","url":"https:\/\/coparmexjal.org.mx\/entorno-empresarial\/","name":"Revista Entorno Empresarial","description":"Coparmex Jalisco","publisher":{"@id":"https:\/\/coparmexjal.org.mx\/entorno-empresarial\/#organization"},"potentialAction":[{"@type":"SearchAction","target":{"@type":"EntryPoint","urlTemplate":"https:\/\/coparmexjal.org.mx\/entorno-empresarial\/?s={search_term_string}"},"query-input":{"@type":"PropertyValueSpecification","valueRequired":true,"valueName":"search_term_string"}}],"inLanguage":"es"},{"@type":"Organization","@id":"https:\/\/coparmexjal.org.mx\/entorno-empresarial\/#organization","name":"Coparmex Jalisco","url":"https:\/\/coparmexjal.org.mx\/entorno-empresarial\/","logo":{"@type":"ImageObject","inLanguage":"es","@id":"https:\/\/coparmexjal.org.mx\/entorno-empresarial\/#\/schema\/logo\/image\/","url":"https:\/\/coparmexjal.org.mx\/entorno-empresarial\/wp-content\/uploads\/2020\/02\/logo-amp.png","contentUrl":"https:\/\/coparmexjal.org.mx\/entorno-empresarial\/wp-content\/uploads\/2020\/02\/logo-amp.png","width":120,"height":90,"caption":"Coparmex Jalisco"},"image":{"@id":"https:\/\/coparmexjal.org.mx\/entorno-empresarial\/#\/schema\/logo\/image\/"},"sameAs":["https:\/\/facebook.com\/comcoparmex","https:\/\/x.com\/comcoparmex","http:\/\/instagram.com\/coparmexjalisco","https:\/\/mx.linkedin.com\/company\/coparmex-jalisco","https:\/\/www.youtube.com\/c\/CoparmexJaliscomx"]},{"@type":"Person","@id":"https:\/\/coparmexjal.org.mx\/entorno-empresarial\/#\/schema\/person\/e6de14467309af8378d9c0ffc387b03d","name":"LL.M. Luis Alberto Romero Topete","image":{"@type":"ImageObject","inLanguage":"es","@id":"https:\/\/secure.gravatar.com\/avatar\/72c58e47f36de3265d104eda0631373f24b8596c103c1003b111d1f0f2584e10?s=96&d=mm&r=g","url":"https:\/\/secure.gravatar.com\/avatar\/72c58e47f36de3265d104eda0631373f24b8596c103c1003b111d1f0f2584e10?s=96&d=mm&r=g","contentUrl":"https:\/\/secure.gravatar.com\/avatar\/72c58e47f36de3265d104eda0631373f24b8596c103c1003b111d1f0f2584e10?s=96&d=mm&r=g","caption":"LL.M. Luis Alberto Romero Topete"},"url":"https:\/\/coparmexjal.org.mx\/entorno-empresarial\/author\/luis-alberto-romero-topete\/"}]}},"_links":{"self":[{"href":"https:\/\/coparmexjal.org.mx\/entorno-empresarial\/wp-json\/wp\/v2\/posts\/7230","targetHints":{"allow":["GET"]}}],"collection":[{"href":"https:\/\/coparmexjal.org.mx\/entorno-empresarial\/wp-json\/wp\/v2\/posts"}],"about":[{"href":"https:\/\/coparmexjal.org.mx\/entorno-empresarial\/wp-json\/wp\/v2\/types\/post"}],"author":[{"embeddable":true,"href":"https:\/\/coparmexjal.org.mx\/entorno-empresarial\/wp-json\/wp\/v2\/users\/131"}],"replies":[{"embeddable":true,"href":"https:\/\/coparmexjal.org.mx\/entorno-empresarial\/wp-json\/wp\/v2\/comments?post=7230"}],"version-history":[{"count":1,"href":"https:\/\/coparmexjal.org.mx\/entorno-empresarial\/wp-json\/wp\/v2\/posts\/7230\/revisions"}],"predecessor-version":[{"id":7233,"href":"https:\/\/coparmexjal.org.mx\/entorno-empresarial\/wp-json\/wp\/v2\/posts\/7230\/revisions\/7233"}],"wp:featuredmedia":[{"embeddable":true,"href":"https:\/\/coparmexjal.org.mx\/entorno-empresarial\/wp-json\/wp\/v2\/media\/7232"}],"wp:attachment":[{"href":"https:\/\/coparmexjal.org.mx\/entorno-empresarial\/wp-json\/wp\/v2\/media?parent=7230"}],"wp:term":[{"taxonomy":"category","embeddable":true,"href":"https:\/\/coparmexjal.org.mx\/entorno-empresarial\/wp-json\/wp\/v2\/categories?post=7230"},{"taxonomy":"post_tag","embeddable":true,"href":"https:\/\/coparmexjal.org.mx\/entorno-empresarial\/wp-json\/wp\/v2\/tags?post=7230"}],"curies":[{"name":"wp","href":"https:\/\/api.w.org\/{rel}","templated":true}]}}