{"id":7213,"date":"2024-01-09T17:26:16","date_gmt":"2024-01-09T23:26:16","guid":{"rendered":"https:\/\/coparmexjal.org.mx\/entorno-empresarial\/?p=7213"},"modified":"2024-01-11T12:45:16","modified_gmt":"2024-01-11T18:45:16","slug":"crecer-revolucionar-y-transformar-son-los-ejes-con-los-que-goth-consultores-y-asociados-ha-llegado-a-13-anos-de-vida","status":"publish","type":"post","link":"https:\/\/coparmexjal.org.mx\/entorno-empresarial\/crecer-revolucionar-y-transformar-son-los-ejes-con-los-que-goth-consultores-y-asociados-ha-llegado-a-13-anos-de-vida\/","title":{"rendered":"Crecer, revolucionar y transformar son los ejes con los que GOTH Consultores y asociados ha llegado a 13 a\u00f1os de vida."},"content":{"rendered":"\n<p><strong>Evento de Apertura: Los a\u00f1os le sientan muy bien a \u00e9sta Compa\u00f1\u00eda.<\/strong><\/p>\n\n\n\n<p>Como marco de este aniversario abrieron las puertas de sus nuevas oficinas en Guadalajara. La firma de recursos humanos y servicios financieros, ofrecieron un evento inaugural en donde pudimos visitar sus nuevas instalaciones, un lugar en donde se respira armon\u00eda, libertad, confianza y trabajo en equipo.<\/p>\n\n\n\n<p>En este evento adem\u00e1s de presentar las nuevas instalaciones, se otorgaron diversos reconocimientos a clientes, colaboradores y socios de negocio que han hecho de GOTH una de las instituciones m\u00e1s s\u00f3lidas y reconocidas en el \u00e1mbito empresarial en Guadalajara.<\/p>\n\n\n<div class=\"wp-block-image\">\n<figure class=\"alignright size-full\"><img fetchpriority=\"high\" decoding=\"async\" width=\"768\" height=\"579\" src=\"https:\/\/coparmexjal.org.mx\/entorno-empresarial\/wp-content\/uploads\/2024\/01\/WhatsApp-Image-2024-01-05-at-2.41.57-PM-2.jpeg\" alt=\"\" class=\"wp-image-7214\" srcset=\"https:\/\/coparmexjal.org.mx\/entorno-empresarial\/wp-content\/uploads\/2024\/01\/WhatsApp-Image-2024-01-05-at-2.41.57-PM-2.jpeg 768w, https:\/\/coparmexjal.org.mx\/entorno-empresarial\/wp-content\/uploads\/2024\/01\/WhatsApp-Image-2024-01-05-at-2.41.57-PM-2-300x226.jpeg 300w\" sizes=\"(max-width: 768px) 100vw, 768px\" \/><\/figure><\/div>\n\n\n<p>Las socias Sof\u00eda Prieto (CEO de GOTH) y Karina Prieto (Directora Financiera de GOTH) ser\u00edan las encargadas del corte de list\u00f3n, que da paso a una nueva era de la empresa que tendr\u00e1 como objetivo brindar el mejor servicio de gesti\u00f3n profesional a empresas mexicanas en los \u00e1mbitos como gesti\u00f3n de capital humano, contable, financiero y puntos de venta.<\/p>\n\n\n\n<p><em>Un nuevo espacio funcional que impulsa y aporta creatividad, colaboraci\u00f3n y conexi\u00f3n<\/em><\/p>\n\n\n\n<p><em>para todos el equipo GOTH<\/em><em><\/em><\/p>\n\n\n<div class=\"wp-block-image\">\n<figure class=\"alignleft size-full\"><img decoding=\"async\" width=\"773\" height=\"579\" src=\"https:\/\/coparmexjal.org.mx\/entorno-empresarial\/wp-content\/uploads\/2024\/01\/WhatsApp-Image-2024-01-05-at-2.41.57-PM.jpeg\" alt=\"\" class=\"wp-image-7216\" srcset=\"https:\/\/coparmexjal.org.mx\/entorno-empresarial\/wp-content\/uploads\/2024\/01\/WhatsApp-Image-2024-01-05-at-2.41.57-PM.jpeg 773w, https:\/\/coparmexjal.org.mx\/entorno-empresarial\/wp-content\/uploads\/2024\/01\/WhatsApp-Image-2024-01-05-at-2.41.57-PM-300x225.jpeg 300w, https:\/\/coparmexjal.org.mx\/entorno-empresarial\/wp-content\/uploads\/2024\/01\/WhatsApp-Image-2024-01-05-at-2.41.57-PM-768x575.jpeg 768w\" sizes=\"(max-width: 773px) 100vw, 773px\" \/><\/figure><\/div>\n\n\n<p>13 a\u00f1os de trayectoria, 2,000 servicios de auditoria privada y gubernamental, 12,000 estudios socioecon\u00f3micos, m\u00e1s de 5,000 reclutamientos efectivos y la nueva apertura de sus instalaciones en una de las zonas m\u00e1s c\u00e9ntricas de la ciudad hacen de GOTH una empresa que nunca hay que perder de vista. GOTH es una empresa que brinda soporte en la b\u00fasqueda, selecci\u00f3n, evaluaci\u00f3n y colocaci\u00f3n del Talento Humano adecuado para las Organizaciones. Crea estrategias en administraci\u00f3n, finanzas y cuestiones fiscales, logrando que las compa\u00f1\u00edas aumenten de manera considerable su eficiencia, calidad y resultados a gran escala y Diagnostica las necesidades de las Organizaciones; Implementando las herramientas adecuadas para la generaci\u00f3n de mejoras inmediatas.<\/p>\n\n\n\n<figure class=\"wp-block-image alignwide size-full\"><img decoding=\"async\" width=\"833\" height=\"582\" src=\"https:\/\/coparmexjal.org.mx\/entorno-empresarial\/wp-content\/uploads\/2024\/01\/WhatsApp-Image-2024-01-05-at-2.41.57-PM-1-1.jpeg\" alt=\"\" class=\"wp-image-7218\" srcset=\"https:\/\/coparmexjal.org.mx\/entorno-empresarial\/wp-content\/uploads\/2024\/01\/WhatsApp-Image-2024-01-05-at-2.41.57-PM-1-1.jpeg 833w, https:\/\/coparmexjal.org.mx\/entorno-empresarial\/wp-content\/uploads\/2024\/01\/WhatsApp-Image-2024-01-05-at-2.41.57-PM-1-1-300x210.jpeg 300w, https:\/\/coparmexjal.org.mx\/entorno-empresarial\/wp-content\/uploads\/2024\/01\/WhatsApp-Image-2024-01-05-at-2.41.57-PM-1-1-768x537.jpeg 768w\" sizes=\"(max-width: 833px) 100vw, 833px\" \/><\/figure>\n\n\n\n<figure class=\"wp-block-image alignfull size-full\"><img loading=\"lazy\" decoding=\"async\" width=\"915\" height=\"601\" src=\"https:\/\/coparmexjal.org.mx\/entorno-empresarial\/wp-content\/uploads\/2024\/01\/WhatsApp-Image-2024-01-05-at-2.41.57-PM-3.jpeg\" alt=\"\" class=\"wp-image-7215\" srcset=\"https:\/\/coparmexjal.org.mx\/entorno-empresarial\/wp-content\/uploads\/2024\/01\/WhatsApp-Image-2024-01-05-at-2.41.57-PM-3.jpeg 915w, https:\/\/coparmexjal.org.mx\/entorno-empresarial\/wp-content\/uploads\/2024\/01\/WhatsApp-Image-2024-01-05-at-2.41.57-PM-3-300x197.jpeg 300w, https:\/\/coparmexjal.org.mx\/entorno-empresarial\/wp-content\/uploads\/2024\/01\/WhatsApp-Image-2024-01-05-at-2.41.57-PM-3-768x504.jpeg 768w\" sizes=\"(max-width: 915px) 100vw, 915px\" \/><\/figure>\n\n\n\n<p><em>El evento cont\u00f3 para su realizaci\u00f3n con el soporte de la Agencia WATEQUE expertos<\/em><\/p>\n\n\n\n<p><em>estrategas en Eventos Empresariales.<\/em><\/p>\n","protected":false},"excerpt":{"rendered":"<p>Evento de Apertura: Los a\u00f1os le sientan muy bien a \u00e9sta Compa\u00f1\u00eda. Como marco de este aniversario abrieron las puertas de sus nuevas oficinas en<\/p>\n","protected":false},"author":2,"featured_media":7220,"comment_status":"open","ping_status":"open","sticky":false,"template":"","format":"standard","meta":{"footnotes":""},"categories":[152],"tags":[],"class_list":["post-7213","post","type-post","status-publish","format-standard","has-post-thumbnail","hentry","category-empresas"],"yoast_head":"<!-- This site is optimized with the Yoast SEO plugin v27.5 - https:\/\/yoast.com\/product\/yoast-seo-wordpress\/ -->\n<title>Crecer, revolucionar y transformar son los ejes con los que GOTH Consultores y asociados ha llegado a 13 a\u00f1os de vida. - Entorno Empresarial<\/title>\n<meta name=\"robots\" content=\"index, follow, max-snippet:-1, max-image-preview:large, max-video-preview:-1\" \/>\n<link rel=\"canonical\" href=\"https:\/\/coparmexjal.org.mx\/entorno-empresarial\/crecer-revolucionar-y-transformar-son-los-ejes-con-los-que-goth-consultores-y-asociados-ha-llegado-a-13-anos-de-vida\/\" \/>\n<meta property=\"og:locale\" content=\"es_MX\" \/>\n<meta property=\"og:type\" content=\"article\" \/>\n<meta property=\"og:title\" content=\"Crecer, revolucionar y transformar son los ejes con los que GOTH Consultores y asociados ha llegado a 13 a\u00f1os de vida. - Entorno Empresarial\" \/>\n<meta property=\"og:description\" content=\"Evento de Apertura: Los a\u00f1os le sientan muy bien a \u00e9sta Compa\u00f1\u00eda. Como marco de este aniversario abrieron las puertas de sus nuevas oficinas en\" \/>\n<meta property=\"og:url\" content=\"https:\/\/coparmexjal.org.mx\/entorno-empresarial\/crecer-revolucionar-y-transformar-son-los-ejes-con-los-que-goth-consultores-y-asociados-ha-llegado-a-13-anos-de-vida\/\" \/>\n<meta property=\"og:site_name\" content=\"Entorno Empresarial\" \/>\n<meta property=\"article:publisher\" content=\"https:\/\/facebook.com\/comcoparmex\" \/>\n<meta property=\"article:published_time\" content=\"2024-01-09T23:26:16+00:00\" \/>\n<meta property=\"article:modified_time\" content=\"2024-01-11T18:45:16+00:00\" \/>\n<meta property=\"og:image\" content=\"https:\/\/coparmexjal.org.mx\/entorno-empresarial\/wp-content\/uploads\/2024\/01\/WhatsApp-Image-2024-01-10-at-8.58.53-AM.jpeg\" \/>\n\t<meta property=\"og:image:width\" content=\"550\" \/>\n\t<meta property=\"og:image:height\" content=\"250\" \/>\n\t<meta property=\"og:image:type\" content=\"image\/jpeg\" \/>\n<meta name=\"author\" content=\"Coparmex Jalisco\" \/>\n<meta name=\"twitter:card\" content=\"summary_large_image\" \/>\n<meta name=\"twitter:creator\" content=\"@comcoparmex\" \/>\n<meta name=\"twitter:site\" content=\"@comcoparmex\" \/>\n<meta name=\"twitter:label1\" content=\"Escrito por\" \/>\n\t<meta name=\"twitter:data1\" content=\"Coparmex Jalisco\" \/>\n\t<meta name=\"twitter:label2\" content=\"Tiempo de lectura\" \/>\n\t<meta name=\"twitter:data2\" content=\"3 minutos\" \/>\n<script type=\"application\/ld+json\" class=\"yoast-schema-graph\">{\"@context\":\"https:\\\/\\\/schema.org\",\"@graph\":[{\"@type\":\"Article\",\"@id\":\"https:\\\/\\\/coparmexjal.org.mx\\\/entorno-empresarial\\\/crecer-revolucionar-y-transformar-son-los-ejes-con-los-que-goth-consultores-y-asociados-ha-llegado-a-13-anos-de-vida\\\/#article\",\"isPartOf\":{\"@id\":\"https:\\\/\\\/coparmexjal.org.mx\\\/entorno-empresarial\\\/crecer-revolucionar-y-transformar-son-los-ejes-con-los-que-goth-consultores-y-asociados-ha-llegado-a-13-anos-de-vida\\\/\"},\"author\":{\"name\":\"Coparmex Jalisco\",\"@id\":\"https:\\\/\\\/coparmexjal.org.mx\\\/entorno-empresarial\\\/#\\\/schema\\\/person\\\/7d1d56a9587bfb3a725cd3dbfbdb9d44\"},\"headline\":\"Crecer, revolucionar y transformar son los ejes con los que GOTH Consultores y asociados ha llegado a 13 a\u00f1os de vida.\",\"datePublished\":\"2024-01-09T23:26:16+00:00\",\"dateModified\":\"2024-01-11T18:45:16+00:00\",\"mainEntityOfPage\":{\"@id\":\"https:\\\/\\\/coparmexjal.org.mx\\\/entorno-empresarial\\\/crecer-revolucionar-y-transformar-son-los-ejes-con-los-que-goth-consultores-y-asociados-ha-llegado-a-13-anos-de-vida\\\/\"},\"wordCount\":344,\"commentCount\":0,\"publisher\":{\"@id\":\"https:\\\/\\\/coparmexjal.org.mx\\\/entorno-empresarial\\\/#organization\"},\"image\":{\"@id\":\"https:\\\/\\\/coparmexjal.org.mx\\\/entorno-empresarial\\\/crecer-revolucionar-y-transformar-son-los-ejes-con-los-que-goth-consultores-y-asociados-ha-llegado-a-13-anos-de-vida\\\/#primaryimage\"},\"thumbnailUrl\":\"https:\\\/\\\/coparmexjal.org.mx\\\/entorno-empresarial\\\/wp-content\\\/uploads\\\/2024\\\/01\\\/WhatsApp-Image-2024-01-10-at-8.58.53-AM.jpeg\",\"articleSection\":[\"Empresas\"],\"inLanguage\":\"es\",\"potentialAction\":[{\"@type\":\"CommentAction\",\"name\":\"Comment\",\"target\":[\"https:\\\/\\\/coparmexjal.org.mx\\\/entorno-empresarial\\\/crecer-revolucionar-y-transformar-son-los-ejes-con-los-que-goth-consultores-y-asociados-ha-llegado-a-13-anos-de-vida\\\/#respond\"]}]},{\"@type\":\"WebPage\",\"@id\":\"https:\\\/\\\/coparmexjal.org.mx\\\/entorno-empresarial\\\/crecer-revolucionar-y-transformar-son-los-ejes-con-los-que-goth-consultores-y-asociados-ha-llegado-a-13-anos-de-vida\\\/\",\"url\":\"https:\\\/\\\/coparmexjal.org.mx\\\/entorno-empresarial\\\/crecer-revolucionar-y-transformar-son-los-ejes-con-los-que-goth-consultores-y-asociados-ha-llegado-a-13-anos-de-vida\\\/\",\"name\":\"Crecer, revolucionar y transformar son los ejes con los que GOTH Consultores y asociados ha llegado a 13 a\u00f1os de vida. - Entorno Empresarial\",\"isPartOf\":{\"@id\":\"https:\\\/\\\/coparmexjal.org.mx\\\/entorno-empresarial\\\/#website\"},\"primaryImageOfPage\":{\"@id\":\"https:\\\/\\\/coparmexjal.org.mx\\\/entorno-empresarial\\\/crecer-revolucionar-y-transformar-son-los-ejes-con-los-que-goth-consultores-y-asociados-ha-llegado-a-13-anos-de-vida\\\/#primaryimage\"},\"image\":{\"@id\":\"https:\\\/\\\/coparmexjal.org.mx\\\/entorno-empresarial\\\/crecer-revolucionar-y-transformar-son-los-ejes-con-los-que-goth-consultores-y-asociados-ha-llegado-a-13-anos-de-vida\\\/#primaryimage\"},\"thumbnailUrl\":\"https:\\\/\\\/coparmexjal.org.mx\\\/entorno-empresarial\\\/wp-content\\\/uploads\\\/2024\\\/01\\\/WhatsApp-Image-2024-01-10-at-8.58.53-AM.jpeg\",\"datePublished\":\"2024-01-09T23:26:16+00:00\",\"dateModified\":\"2024-01-11T18:45:16+00:00\",\"breadcrumb\":{\"@id\":\"https:\\\/\\\/coparmexjal.org.mx\\\/entorno-empresarial\\\/crecer-revolucionar-y-transformar-son-los-ejes-con-los-que-goth-consultores-y-asociados-ha-llegado-a-13-anos-de-vida\\\/#breadcrumb\"},\"inLanguage\":\"es\",\"potentialAction\":[{\"@type\":\"ReadAction\",\"target\":[\"https:\\\/\\\/coparmexjal.org.mx\\\/entorno-empresarial\\\/crecer-revolucionar-y-transformar-son-los-ejes-con-los-que-goth-consultores-y-asociados-ha-llegado-a-13-anos-de-vida\\\/\"]}]},{\"@type\":\"ImageObject\",\"inLanguage\":\"es\",\"@id\":\"https:\\\/\\\/coparmexjal.org.mx\\\/entorno-empresarial\\\/crecer-revolucionar-y-transformar-son-los-ejes-con-los-que-goth-consultores-y-asociados-ha-llegado-a-13-anos-de-vida\\\/#primaryimage\",\"url\":\"https:\\\/\\\/coparmexjal.org.mx\\\/entorno-empresarial\\\/wp-content\\\/uploads\\\/2024\\\/01\\\/WhatsApp-Image-2024-01-10-at-8.58.53-AM.jpeg\",\"contentUrl\":\"https:\\\/\\\/coparmexjal.org.mx\\\/entorno-empresarial\\\/wp-content\\\/uploads\\\/2024\\\/01\\\/WhatsApp-Image-2024-01-10-at-8.58.53-AM.jpeg\",\"width\":550,\"height\":250},{\"@type\":\"BreadcrumbList\",\"@id\":\"https:\\\/\\\/coparmexjal.org.mx\\\/entorno-empresarial\\\/crecer-revolucionar-y-transformar-son-los-ejes-con-los-que-goth-consultores-y-asociados-ha-llegado-a-13-anos-de-vida\\\/#breadcrumb\",\"itemListElement\":[{\"@type\":\"ListItem\",\"position\":1,\"name\":\"Inicio\",\"item\":\"https:\\\/\\\/coparmexjal.org.mx\\\/entorno-empresarial\\\/\"},{\"@type\":\"ListItem\",\"position\":2,\"name\":\"Crecer, revolucionar y transformar son los ejes con los que GOTH Consultores y asociados ha llegado a 13 a\u00f1os de vida.\"}]},{\"@type\":\"WebSite\",\"@id\":\"https:\\\/\\\/coparmexjal.org.mx\\\/entorno-empresarial\\\/#website\",\"url\":\"https:\\\/\\\/coparmexjal.org.mx\\\/entorno-empresarial\\\/\",\"name\":\"Revista Entorno Empresarial\",\"description\":\"Coparmex Jalisco\",\"publisher\":{\"@id\":\"https:\\\/\\\/coparmexjal.org.mx\\\/entorno-empresarial\\\/#organization\"},\"potentialAction\":[{\"@type\":\"SearchAction\",\"target\":{\"@type\":\"EntryPoint\",\"urlTemplate\":\"https:\\\/\\\/coparmexjal.org.mx\\\/entorno-empresarial\\\/?s={search_term_string}\"},\"query-input\":{\"@type\":\"PropertyValueSpecification\",\"valueRequired\":true,\"valueName\":\"search_term_string\"}}],\"inLanguage\":\"es\"},{\"@type\":\"Organization\",\"@id\":\"https:\\\/\\\/coparmexjal.org.mx\\\/entorno-empresarial\\\/#organization\",\"name\":\"Coparmex Jalisco\",\"url\":\"https:\\\/\\\/coparmexjal.org.mx\\\/entorno-empresarial\\\/\",\"logo\":{\"@type\":\"ImageObject\",\"inLanguage\":\"es\",\"@id\":\"https:\\\/\\\/coparmexjal.org.mx\\\/entorno-empresarial\\\/#\\\/schema\\\/logo\\\/image\\\/\",\"url\":\"https:\\\/\\\/coparmexjal.org.mx\\\/entorno-empresarial\\\/wp-content\\\/uploads\\\/2020\\\/02\\\/logo-amp.png\",\"contentUrl\":\"https:\\\/\\\/coparmexjal.org.mx\\\/entorno-empresarial\\\/wp-content\\\/uploads\\\/2020\\\/02\\\/logo-amp.png\",\"width\":120,\"height\":90,\"caption\":\"Coparmex Jalisco\"},\"image\":{\"@id\":\"https:\\\/\\\/coparmexjal.org.mx\\\/entorno-empresarial\\\/#\\\/schema\\\/logo\\\/image\\\/\"},\"sameAs\":[\"https:\\\/\\\/facebook.com\\\/comcoparmex\",\"https:\\\/\\\/x.com\\\/comcoparmex\",\"http:\\\/\\\/instagram.com\\\/coparmexjalisco\",\"https:\\\/\\\/mx.linkedin.com\\\/company\\\/coparmex-jalisco\",\"https:\\\/\\\/www.youtube.com\\\/c\\\/CoparmexJaliscomx\"]},{\"@type\":\"Person\",\"@id\":\"https:\\\/\\\/coparmexjal.org.mx\\\/entorno-empresarial\\\/#\\\/schema\\\/person\\\/7d1d56a9587bfb3a725cd3dbfbdb9d44\",\"name\":\"Coparmex Jalisco\",\"image\":{\"@type\":\"ImageObject\",\"inLanguage\":\"es\",\"@id\":\"https:\\\/\\\/coparmexjal.org.mx\\\/entorno-empresarial\\\/wp-content\\\/uploads\\\/2020\\\/06\\\/favicon-150x133.png\",\"url\":\"https:\\\/\\\/coparmexjal.org.mx\\\/entorno-empresarial\\\/wp-content\\\/uploads\\\/2020\\\/06\\\/favicon-150x133.png\",\"contentUrl\":\"https:\\\/\\\/coparmexjal.org.mx\\\/entorno-empresarial\\\/wp-content\\\/uploads\\\/2020\\\/06\\\/favicon-150x133.png\",\"caption\":\"Coparmex Jalisco\"},\"url\":\"https:\\\/\\\/coparmexjal.org.mx\\\/entorno-empresarial\\\/author\\\/coparmexjalisco\\\/\"}]}<\/script>\n<!-- \/ Yoast SEO plugin. -->","yoast_head_json":{"title":"Crecer, revolucionar y transformar son los ejes con los que GOTH Consultores y asociados ha llegado a 13 a\u00f1os de vida. - Entorno Empresarial","robots":{"index":"index","follow":"follow","max-snippet":"max-snippet:-1","max-image-preview":"max-image-preview:large","max-video-preview":"max-video-preview:-1"},"canonical":"https:\/\/coparmexjal.org.mx\/entorno-empresarial\/crecer-revolucionar-y-transformar-son-los-ejes-con-los-que-goth-consultores-y-asociados-ha-llegado-a-13-anos-de-vida\/","og_locale":"es_MX","og_type":"article","og_title":"Crecer, revolucionar y transformar son los ejes con los que GOTH Consultores y asociados ha llegado a 13 a\u00f1os de vida. - Entorno Empresarial","og_description":"Evento de Apertura: Los a\u00f1os le sientan muy bien a \u00e9sta Compa\u00f1\u00eda. Como marco de este aniversario abrieron las puertas de sus nuevas oficinas en","og_url":"https:\/\/coparmexjal.org.mx\/entorno-empresarial\/crecer-revolucionar-y-transformar-son-los-ejes-con-los-que-goth-consultores-y-asociados-ha-llegado-a-13-anos-de-vida\/","og_site_name":"Entorno Empresarial","article_publisher":"https:\/\/facebook.com\/comcoparmex","article_published_time":"2024-01-09T23:26:16+00:00","article_modified_time":"2024-01-11T18:45:16+00:00","og_image":[{"width":550,"height":250,"url":"https:\/\/coparmexjal.org.mx\/entorno-empresarial\/wp-content\/uploads\/2024\/01\/WhatsApp-Image-2024-01-10-at-8.58.53-AM.jpeg","type":"image\/jpeg"}],"author":"Coparmex Jalisco","twitter_card":"summary_large_image","twitter_creator":"@comcoparmex","twitter_site":"@comcoparmex","twitter_misc":{"Escrito por":"Coparmex Jalisco","Tiempo de lectura":"3 minutos"},"schema":{"@context":"https:\/\/schema.org","@graph":[{"@type":"Article","@id":"https:\/\/coparmexjal.org.mx\/entorno-empresarial\/crecer-revolucionar-y-transformar-son-los-ejes-con-los-que-goth-consultores-y-asociados-ha-llegado-a-13-anos-de-vida\/#article","isPartOf":{"@id":"https:\/\/coparmexjal.org.mx\/entorno-empresarial\/crecer-revolucionar-y-transformar-son-los-ejes-con-los-que-goth-consultores-y-asociados-ha-llegado-a-13-anos-de-vida\/"},"author":{"name":"Coparmex Jalisco","@id":"https:\/\/coparmexjal.org.mx\/entorno-empresarial\/#\/schema\/person\/7d1d56a9587bfb3a725cd3dbfbdb9d44"},"headline":"Crecer, revolucionar y transformar son los ejes con los que GOTH Consultores y asociados ha llegado a 13 a\u00f1os de vida.","datePublished":"2024-01-09T23:26:16+00:00","dateModified":"2024-01-11T18:45:16+00:00","mainEntityOfPage":{"@id":"https:\/\/coparmexjal.org.mx\/entorno-empresarial\/crecer-revolucionar-y-transformar-son-los-ejes-con-los-que-goth-consultores-y-asociados-ha-llegado-a-13-anos-de-vida\/"},"wordCount":344,"commentCount":0,"publisher":{"@id":"https:\/\/coparmexjal.org.mx\/entorno-empresarial\/#organization"},"image":{"@id":"https:\/\/coparmexjal.org.mx\/entorno-empresarial\/crecer-revolucionar-y-transformar-son-los-ejes-con-los-que-goth-consultores-y-asociados-ha-llegado-a-13-anos-de-vida\/#primaryimage"},"thumbnailUrl":"https:\/\/coparmexjal.org.mx\/entorno-empresarial\/wp-content\/uploads\/2024\/01\/WhatsApp-Image-2024-01-10-at-8.58.53-AM.jpeg","articleSection":["Empresas"],"inLanguage":"es","potentialAction":[{"@type":"CommentAction","name":"Comment","target":["https:\/\/coparmexjal.org.mx\/entorno-empresarial\/crecer-revolucionar-y-transformar-son-los-ejes-con-los-que-goth-consultores-y-asociados-ha-llegado-a-13-anos-de-vida\/#respond"]}]},{"@type":"WebPage","@id":"https:\/\/coparmexjal.org.mx\/entorno-empresarial\/crecer-revolucionar-y-transformar-son-los-ejes-con-los-que-goth-consultores-y-asociados-ha-llegado-a-13-anos-de-vida\/","url":"https:\/\/coparmexjal.org.mx\/entorno-empresarial\/crecer-revolucionar-y-transformar-son-los-ejes-con-los-que-goth-consultores-y-asociados-ha-llegado-a-13-anos-de-vida\/","name":"Crecer, revolucionar y transformar son los ejes con los que GOTH Consultores y asociados ha llegado a 13 a\u00f1os de vida. - Entorno Empresarial","isPartOf":{"@id":"https:\/\/coparmexjal.org.mx\/entorno-empresarial\/#website"},"primaryImageOfPage":{"@id":"https:\/\/coparmexjal.org.mx\/entorno-empresarial\/crecer-revolucionar-y-transformar-son-los-ejes-con-los-que-goth-consultores-y-asociados-ha-llegado-a-13-anos-de-vida\/#primaryimage"},"image":{"@id":"https:\/\/coparmexjal.org.mx\/entorno-empresarial\/crecer-revolucionar-y-transformar-son-los-ejes-con-los-que-goth-consultores-y-asociados-ha-llegado-a-13-anos-de-vida\/#primaryimage"},"thumbnailUrl":"https:\/\/coparmexjal.org.mx\/entorno-empresarial\/wp-content\/uploads\/2024\/01\/WhatsApp-Image-2024-01-10-at-8.58.53-AM.jpeg","datePublished":"2024-01-09T23:26:16+00:00","dateModified":"2024-01-11T18:45:16+00:00","breadcrumb":{"@id":"https:\/\/coparmexjal.org.mx\/entorno-empresarial\/crecer-revolucionar-y-transformar-son-los-ejes-con-los-que-goth-consultores-y-asociados-ha-llegado-a-13-anos-de-vida\/#breadcrumb"},"inLanguage":"es","potentialAction":[{"@type":"ReadAction","target":["https:\/\/coparmexjal.org.mx\/entorno-empresarial\/crecer-revolucionar-y-transformar-son-los-ejes-con-los-que-goth-consultores-y-asociados-ha-llegado-a-13-anos-de-vida\/"]}]},{"@type":"ImageObject","inLanguage":"es","@id":"https:\/\/coparmexjal.org.mx\/entorno-empresarial\/crecer-revolucionar-y-transformar-son-los-ejes-con-los-que-goth-consultores-y-asociados-ha-llegado-a-13-anos-de-vida\/#primaryimage","url":"https:\/\/coparmexjal.org.mx\/entorno-empresarial\/wp-content\/uploads\/2024\/01\/WhatsApp-Image-2024-01-10-at-8.58.53-AM.jpeg","contentUrl":"https:\/\/coparmexjal.org.mx\/entorno-empresarial\/wp-content\/uploads\/2024\/01\/WhatsApp-Image-2024-01-10-at-8.58.53-AM.jpeg","width":550,"height":250},{"@type":"BreadcrumbList","@id":"https:\/\/coparmexjal.org.mx\/entorno-empresarial\/crecer-revolucionar-y-transformar-son-los-ejes-con-los-que-goth-consultores-y-asociados-ha-llegado-a-13-anos-de-vida\/#breadcrumb","itemListElement":[{"@type":"ListItem","position":1,"name":"Inicio","item":"https:\/\/coparmexjal.org.mx\/entorno-empresarial\/"},{"@type":"ListItem","position":2,"name":"Crecer, revolucionar y transformar son los ejes con los que GOTH Consultores y asociados ha llegado a 13 a\u00f1os de vida."}]},{"@type":"WebSite","@id":"https:\/\/coparmexjal.org.mx\/entorno-empresarial\/#website","url":"https:\/\/coparmexjal.org.mx\/entorno-empresarial\/","name":"Revista Entorno Empresarial","description":"Coparmex Jalisco","publisher":{"@id":"https:\/\/coparmexjal.org.mx\/entorno-empresarial\/#organization"},"potentialAction":[{"@type":"SearchAction","target":{"@type":"EntryPoint","urlTemplate":"https:\/\/coparmexjal.org.mx\/entorno-empresarial\/?s={search_term_string}"},"query-input":{"@type":"PropertyValueSpecification","valueRequired":true,"valueName":"search_term_string"}}],"inLanguage":"es"},{"@type":"Organization","@id":"https:\/\/coparmexjal.org.mx\/entorno-empresarial\/#organization","name":"Coparmex Jalisco","url":"https:\/\/coparmexjal.org.mx\/entorno-empresarial\/","logo":{"@type":"ImageObject","inLanguage":"es","@id":"https:\/\/coparmexjal.org.mx\/entorno-empresarial\/#\/schema\/logo\/image\/","url":"https:\/\/coparmexjal.org.mx\/entorno-empresarial\/wp-content\/uploads\/2020\/02\/logo-amp.png","contentUrl":"https:\/\/coparmexjal.org.mx\/entorno-empresarial\/wp-content\/uploads\/2020\/02\/logo-amp.png","width":120,"height":90,"caption":"Coparmex Jalisco"},"image":{"@id":"https:\/\/coparmexjal.org.mx\/entorno-empresarial\/#\/schema\/logo\/image\/"},"sameAs":["https:\/\/facebook.com\/comcoparmex","https:\/\/x.com\/comcoparmex","http:\/\/instagram.com\/coparmexjalisco","https:\/\/mx.linkedin.com\/company\/coparmex-jalisco","https:\/\/www.youtube.com\/c\/CoparmexJaliscomx"]},{"@type":"Person","@id":"https:\/\/coparmexjal.org.mx\/entorno-empresarial\/#\/schema\/person\/7d1d56a9587bfb3a725cd3dbfbdb9d44","name":"Coparmex Jalisco","image":{"@type":"ImageObject","inLanguage":"es","@id":"https:\/\/coparmexjal.org.mx\/entorno-empresarial\/wp-content\/uploads\/2020\/06\/favicon-150x133.png","url":"https:\/\/coparmexjal.org.mx\/entorno-empresarial\/wp-content\/uploads\/2020\/06\/favicon-150x133.png","contentUrl":"https:\/\/coparmexjal.org.mx\/entorno-empresarial\/wp-content\/uploads\/2020\/06\/favicon-150x133.png","caption":"Coparmex Jalisco"},"url":"https:\/\/coparmexjal.org.mx\/entorno-empresarial\/author\/coparmexjalisco\/"}]}},"_links":{"self":[{"href":"https:\/\/coparmexjal.org.mx\/entorno-empresarial\/wp-json\/wp\/v2\/posts\/7213","targetHints":{"allow":["GET"]}}],"collection":[{"href":"https:\/\/coparmexjal.org.mx\/entorno-empresarial\/wp-json\/wp\/v2\/posts"}],"about":[{"href":"https:\/\/coparmexjal.org.mx\/entorno-empresarial\/wp-json\/wp\/v2\/types\/post"}],"author":[{"embeddable":true,"href":"https:\/\/coparmexjal.org.mx\/entorno-empresarial\/wp-json\/wp\/v2\/users\/2"}],"replies":[{"embeddable":true,"href":"https:\/\/coparmexjal.org.mx\/entorno-empresarial\/wp-json\/wp\/v2\/comments?post=7213"}],"version-history":[{"count":1,"href":"https:\/\/coparmexjal.org.mx\/entorno-empresarial\/wp-json\/wp\/v2\/posts\/7213\/revisions"}],"predecessor-version":[{"id":7219,"href":"https:\/\/coparmexjal.org.mx\/entorno-empresarial\/wp-json\/wp\/v2\/posts\/7213\/revisions\/7219"}],"wp:featuredmedia":[{"embeddable":true,"href":"https:\/\/coparmexjal.org.mx\/entorno-empresarial\/wp-json\/wp\/v2\/media\/7220"}],"wp:attachment":[{"href":"https:\/\/coparmexjal.org.mx\/entorno-empresarial\/wp-json\/wp\/v2\/media?parent=7213"}],"wp:term":[{"taxonomy":"category","embeddable":true,"href":"https:\/\/coparmexjal.org.mx\/entorno-empresarial\/wp-json\/wp\/v2\/categories?post=7213"},{"taxonomy":"post_tag","embeddable":true,"href":"https:\/\/coparmexjal.org.mx\/entorno-empresarial\/wp-json\/wp\/v2\/tags?post=7213"}],"curies":[{"name":"wp","href":"https:\/\/api.w.org\/{rel}","templated":true}]}}