{"id":7163,"date":"2023-11-14T17:38:26","date_gmt":"2023-11-14T23:38:26","guid":{"rendered":"https:\/\/coparmexjal.org.mx\/entorno-empresarial\/?p=7163"},"modified":"2023-11-14T17:38:27","modified_gmt":"2023-11-14T23:38:27","slug":"renovables-para-una-vida-mejor-2","status":"publish","type":"post","link":"https:\/\/coparmexjal.org.mx\/entorno-empresarial\/renovables-para-una-vida-mejor-2\/","title":{"rendered":"Renovables para una vida mejor"},"content":{"rendered":"\n<p>Esto es ARAUCO<\/p>\n\n\n\n<p>Una empresa con gran prop\u00f3sito desde la naturaleza y lo renovable para contribuir a las personas y al planeta.<\/p>\n\n\n\n<p>ARAUCO nace en Chile hace m\u00e1s de 50 a\u00f1os aproximadamente con el objetivo de contribuir y mejorar la vida de las personas, desarrollando productos forestales para los desaf\u00edos de un mundo sostenible.<\/p>\n\n\n\n<p>Dentro de sus principales valores podemos encontrar:<\/p>\n\n\n\n<ul class=\"wp-block-list\">\n<li>Seguridad, siempre es lo primero<\/li>\n\n\n\n<li>Buen ciudadano, respetan el entorno y crean valor<\/li>\n\n\n\n<li>Excelencia e innovaci\u00f3n, para cada d\u00eda ser mejores<\/li>\n\n\n\n<li>Compromiso, ya que siempre trabajan con pasi\u00f3n<\/li>\n\n\n\n<li>Trabajo en equipo, juntos son m\u00e1s<\/li>\n<\/ul>\n\n\n\n<p>Ellos est\u00e1n presentes en toda la cadena de valor forestal, a trav\u00e9s del uso integral y sustentable de los recursos producen una amplia variedad de productos de calidad disponibles en m\u00e1s de 80 pa\u00edses. Dentro de sus productos podemos encontrar: celulosa, madera, paneles y energ\u00eda.<\/p>\n\n\n\n<p>Empresa #1 en Am\u00e9rica y la #2 a nivel mundial. Adem\u00e1s, son la primera empresa a nivel mundial que cuenta con certificaci\u00f3n carbono natural.<\/p>\n\n\n\n<p>En est\u00e1 ocasi\u00f3n como parte del programa Inisght Circles, ARAUCO M\u00c9XICO nos abri\u00f3 las puertas de sus oficinas en Guadalajara; en d\u00f3nde nos platicaron algunas de sus buenas pr\u00e1cticas en innovaci\u00f3n en distintos departamentos.<\/p>\n\n\n\n<p>Una de sus innovaciones que m\u00e1s nos sorprendi\u00f3 fue su producto Melamina VESTO, la cu\u00e1l es la primera en el mundo con protecci\u00f3n antimicrobiana con cobre, son las \u00fanicas en el mercado que cuentan con el cobre y sus propiedades intr\u00ednsecas como agente antimicrobiano, lo que ha permitido crear ambientes m\u00e1s sanos y seguros para sus usuarios, ya que inactiva bacterias de forma r\u00e1pida y continua, manteniendo su efectividad a\u00fan despu\u00e9s de m\u00faltiples procesos de limpieza.<\/p>\n\n\n\n<p>Tambi\u00e9n durante la sesi\u00f3n nos compartieron que la informaci\u00f3n anal\u00edtica o \u201cdatos duros\u201d para ellos son de suma importancia, por lo cual para agilizar la recopilaci\u00f3n utilizan una herramienta corporativa de inteligencia de negocios con un marco gobernado que escala junto con la organizaci\u00f3n, por lo cual ha resultado en un \u00e9xito interno para ellos.<\/p>\n\n\n\n<p>Otra buena pr\u00e1ctica de innovaci\u00f3n que realiza el \u00e1rea comercial es la de premiar a los clientes m\u00e1s fieles, con promociones exclusivas de fin de a\u00f1o. De esta manera crean expectativa y ofrecen un valor agregado, generando ventas incrementales con sus clientes.<\/p>\n\n\n\n<p>Sin duda alguna, esta sesi\u00f3n fue de gran aprendizaje y motivaci\u00f3n para todos los participantes ya que podemos darnos cuenta c\u00f3mo se puede innovar en distintas \u00e1reas.<\/p>\n","protected":false},"excerpt":{"rendered":"<p>Esto es ARAUCO Una empresa con gran prop\u00f3sito desde la naturaleza y lo renovable para contribuir a las personas y al planeta. ARAUCO nace en<\/p>\n","protected":false},"author":85,"featured_media":0,"comment_status":"open","ping_status":"open","sticky":false,"template":"","format":"standard","meta":{"footnotes":""},"categories":[152],"tags":[],"class_list":["post-7163","post","type-post","status-publish","format-standard","hentry","category-empresas"],"yoast_head":"<!-- This site is optimized with the Yoast SEO plugin v27.5 - https:\/\/yoast.com\/product\/yoast-seo-wordpress\/ -->\n<title>Renovables para una vida mejor - Entorno Empresarial<\/title>\n<meta name=\"robots\" content=\"index, follow, max-snippet:-1, max-image-preview:large, max-video-preview:-1\" \/>\n<link rel=\"canonical\" href=\"https:\/\/coparmexjal.org.mx\/entorno-empresarial\/renovables-para-una-vida-mejor-2\/\" \/>\n<meta property=\"og:locale\" content=\"es_MX\" \/>\n<meta property=\"og:type\" content=\"article\" \/>\n<meta property=\"og:title\" content=\"Renovables para una vida mejor - Entorno Empresarial\" \/>\n<meta property=\"og:description\" content=\"Esto es ARAUCO Una empresa con gran prop\u00f3sito desde la naturaleza y lo renovable para contribuir a las personas y al planeta. ARAUCO nace en\" \/>\n<meta property=\"og:url\" content=\"https:\/\/coparmexjal.org.mx\/entorno-empresarial\/renovables-para-una-vida-mejor-2\/\" \/>\n<meta property=\"og:site_name\" content=\"Entorno Empresarial\" \/>\n<meta property=\"article:publisher\" content=\"https:\/\/facebook.com\/comcoparmex\" \/>\n<meta property=\"article:published_time\" content=\"2023-11-14T23:38:26+00:00\" \/>\n<meta property=\"article:modified_time\" content=\"2023-11-14T23:38:27+00:00\" \/>\n<meta name=\"author\" content=\"Gerardo Jim\u00e9nez\" \/>\n<meta name=\"twitter:card\" content=\"summary_large_image\" \/>\n<meta name=\"twitter:creator\" content=\"@comcoparmex\" \/>\n<meta name=\"twitter:site\" content=\"@comcoparmex\" \/>\n<meta name=\"twitter:label1\" content=\"Escrito por\" \/>\n\t<meta name=\"twitter:data1\" content=\"Gerardo Jim\u00e9nez\" \/>\n\t<meta name=\"twitter:label2\" content=\"Tiempo de lectura\" \/>\n\t<meta name=\"twitter:data2\" content=\"2 minutos\" \/>\n<script type=\"application\/ld+json\" class=\"yoast-schema-graph\">{\"@context\":\"https:\\\/\\\/schema.org\",\"@graph\":[{\"@type\":\"Article\",\"@id\":\"https:\\\/\\\/coparmexjal.org.mx\\\/entorno-empresarial\\\/renovables-para-una-vida-mejor-2\\\/#article\",\"isPartOf\":{\"@id\":\"https:\\\/\\\/coparmexjal.org.mx\\\/entorno-empresarial\\\/renovables-para-una-vida-mejor-2\\\/\"},\"author\":{\"name\":\"Gerardo Jim\u00e9nez\",\"@id\":\"https:\\\/\\\/coparmexjal.org.mx\\\/entorno-empresarial\\\/#\\\/schema\\\/person\\\/c7657b8b82a5114876f78633ab593347\"},\"headline\":\"Renovables para una vida mejor\",\"datePublished\":\"2023-11-14T23:38:26+00:00\",\"dateModified\":\"2023-11-14T23:38:27+00:00\",\"mainEntityOfPage\":{\"@id\":\"https:\\\/\\\/coparmexjal.org.mx\\\/entorno-empresarial\\\/renovables-para-una-vida-mejor-2\\\/\"},\"wordCount\":442,\"commentCount\":0,\"publisher\":{\"@id\":\"https:\\\/\\\/coparmexjal.org.mx\\\/entorno-empresarial\\\/#organization\"},\"articleSection\":[\"Empresas\"],\"inLanguage\":\"es\",\"potentialAction\":[{\"@type\":\"CommentAction\",\"name\":\"Comment\",\"target\":[\"https:\\\/\\\/coparmexjal.org.mx\\\/entorno-empresarial\\\/renovables-para-una-vida-mejor-2\\\/#respond\"]}]},{\"@type\":\"WebPage\",\"@id\":\"https:\\\/\\\/coparmexjal.org.mx\\\/entorno-empresarial\\\/renovables-para-una-vida-mejor-2\\\/\",\"url\":\"https:\\\/\\\/coparmexjal.org.mx\\\/entorno-empresarial\\\/renovables-para-una-vida-mejor-2\\\/\",\"name\":\"Renovables para una vida mejor - Entorno Empresarial\",\"isPartOf\":{\"@id\":\"https:\\\/\\\/coparmexjal.org.mx\\\/entorno-empresarial\\\/#website\"},\"datePublished\":\"2023-11-14T23:38:26+00:00\",\"dateModified\":\"2023-11-14T23:38:27+00:00\",\"breadcrumb\":{\"@id\":\"https:\\\/\\\/coparmexjal.org.mx\\\/entorno-empresarial\\\/renovables-para-una-vida-mejor-2\\\/#breadcrumb\"},\"inLanguage\":\"es\",\"potentialAction\":[{\"@type\":\"ReadAction\",\"target\":[\"https:\\\/\\\/coparmexjal.org.mx\\\/entorno-empresarial\\\/renovables-para-una-vida-mejor-2\\\/\"]}]},{\"@type\":\"BreadcrumbList\",\"@id\":\"https:\\\/\\\/coparmexjal.org.mx\\\/entorno-empresarial\\\/renovables-para-una-vida-mejor-2\\\/#breadcrumb\",\"itemListElement\":[{\"@type\":\"ListItem\",\"position\":1,\"name\":\"Inicio\",\"item\":\"https:\\\/\\\/coparmexjal.org.mx\\\/entorno-empresarial\\\/\"},{\"@type\":\"ListItem\",\"position\":2,\"name\":\"Renovables para una vida mejor\"}]},{\"@type\":\"WebSite\",\"@id\":\"https:\\\/\\\/coparmexjal.org.mx\\\/entorno-empresarial\\\/#website\",\"url\":\"https:\\\/\\\/coparmexjal.org.mx\\\/entorno-empresarial\\\/\",\"name\":\"Revista Entorno Empresarial\",\"description\":\"Coparmex Jalisco\",\"publisher\":{\"@id\":\"https:\\\/\\\/coparmexjal.org.mx\\\/entorno-empresarial\\\/#organization\"},\"potentialAction\":[{\"@type\":\"SearchAction\",\"target\":{\"@type\":\"EntryPoint\",\"urlTemplate\":\"https:\\\/\\\/coparmexjal.org.mx\\\/entorno-empresarial\\\/?s={search_term_string}\"},\"query-input\":{\"@type\":\"PropertyValueSpecification\",\"valueRequired\":true,\"valueName\":\"search_term_string\"}}],\"inLanguage\":\"es\"},{\"@type\":\"Organization\",\"@id\":\"https:\\\/\\\/coparmexjal.org.mx\\\/entorno-empresarial\\\/#organization\",\"name\":\"Coparmex Jalisco\",\"url\":\"https:\\\/\\\/coparmexjal.org.mx\\\/entorno-empresarial\\\/\",\"logo\":{\"@type\":\"ImageObject\",\"inLanguage\":\"es\",\"@id\":\"https:\\\/\\\/coparmexjal.org.mx\\\/entorno-empresarial\\\/#\\\/schema\\\/logo\\\/image\\\/\",\"url\":\"https:\\\/\\\/coparmexjal.org.mx\\\/entorno-empresarial\\\/wp-content\\\/uploads\\\/2020\\\/02\\\/logo-amp.png\",\"contentUrl\":\"https:\\\/\\\/coparmexjal.org.mx\\\/entorno-empresarial\\\/wp-content\\\/uploads\\\/2020\\\/02\\\/logo-amp.png\",\"width\":120,\"height\":90,\"caption\":\"Coparmex Jalisco\"},\"image\":{\"@id\":\"https:\\\/\\\/coparmexjal.org.mx\\\/entorno-empresarial\\\/#\\\/schema\\\/logo\\\/image\\\/\"},\"sameAs\":[\"https:\\\/\\\/facebook.com\\\/comcoparmex\",\"https:\\\/\\\/x.com\\\/comcoparmex\",\"http:\\\/\\\/instagram.com\\\/coparmexjalisco\",\"https:\\\/\\\/mx.linkedin.com\\\/company\\\/coparmex-jalisco\",\"https:\\\/\\\/www.youtube.com\\\/c\\\/CoparmexJaliscomx\"]},{\"@type\":\"Person\",\"@id\":\"https:\\\/\\\/coparmexjal.org.mx\\\/entorno-empresarial\\\/#\\\/schema\\\/person\\\/c7657b8b82a5114876f78633ab593347\",\"name\":\"Gerardo Jim\u00e9nez\",\"image\":{\"@type\":\"ImageObject\",\"inLanguage\":\"es\",\"@id\":\"https:\\\/\\\/coparmexjal.org.mx\\\/entorno-empresarial\\\/wp-content\\\/uploads\\\/2021\\\/01\\\/Gerardo-Jimenez-2-150x150.png\",\"url\":\"https:\\\/\\\/coparmexjal.org.mx\\\/entorno-empresarial\\\/wp-content\\\/uploads\\\/2021\\\/01\\\/Gerardo-Jimenez-2-150x150.png\",\"contentUrl\":\"https:\\\/\\\/coparmexjal.org.mx\\\/entorno-empresarial\\\/wp-content\\\/uploads\\\/2021\\\/01\\\/Gerardo-Jimenez-2-150x150.png\",\"caption\":\"Gerardo Jim\u00e9nez\"},\"description\":\"Especialista en desarrollo pyme en Coparmex Jalisco\",\"sameAs\":[\"https:\\\/\\\/www.linkedin.com\\\/in\\\/gerardo-daniel-jim\u00e9nez-l\u00f3pez-607913159\\\/\"],\"url\":\"https:\\\/\\\/coparmexjal.org.mx\\\/entorno-empresarial\\\/author\\\/gerardojimenez\\\/\"}]}<\/script>\n<!-- \/ Yoast SEO plugin. -->","yoast_head_json":{"title":"Renovables para una vida mejor - Entorno Empresarial","robots":{"index":"index","follow":"follow","max-snippet":"max-snippet:-1","max-image-preview":"max-image-preview:large","max-video-preview":"max-video-preview:-1"},"canonical":"https:\/\/coparmexjal.org.mx\/entorno-empresarial\/renovables-para-una-vida-mejor-2\/","og_locale":"es_MX","og_type":"article","og_title":"Renovables para una vida mejor - Entorno Empresarial","og_description":"Esto es ARAUCO Una empresa con gran prop\u00f3sito desde la naturaleza y lo renovable para contribuir a las personas y al planeta. ARAUCO nace en","og_url":"https:\/\/coparmexjal.org.mx\/entorno-empresarial\/renovables-para-una-vida-mejor-2\/","og_site_name":"Entorno Empresarial","article_publisher":"https:\/\/facebook.com\/comcoparmex","article_published_time":"2023-11-14T23:38:26+00:00","article_modified_time":"2023-11-14T23:38:27+00:00","author":"Gerardo Jim\u00e9nez","twitter_card":"summary_large_image","twitter_creator":"@comcoparmex","twitter_site":"@comcoparmex","twitter_misc":{"Escrito por":"Gerardo Jim\u00e9nez","Tiempo de lectura":"2 minutos"},"schema":{"@context":"https:\/\/schema.org","@graph":[{"@type":"Article","@id":"https:\/\/coparmexjal.org.mx\/entorno-empresarial\/renovables-para-una-vida-mejor-2\/#article","isPartOf":{"@id":"https:\/\/coparmexjal.org.mx\/entorno-empresarial\/renovables-para-una-vida-mejor-2\/"},"author":{"name":"Gerardo Jim\u00e9nez","@id":"https:\/\/coparmexjal.org.mx\/entorno-empresarial\/#\/schema\/person\/c7657b8b82a5114876f78633ab593347"},"headline":"Renovables para una vida mejor","datePublished":"2023-11-14T23:38:26+00:00","dateModified":"2023-11-14T23:38:27+00:00","mainEntityOfPage":{"@id":"https:\/\/coparmexjal.org.mx\/entorno-empresarial\/renovables-para-una-vida-mejor-2\/"},"wordCount":442,"commentCount":0,"publisher":{"@id":"https:\/\/coparmexjal.org.mx\/entorno-empresarial\/#organization"},"articleSection":["Empresas"],"inLanguage":"es","potentialAction":[{"@type":"CommentAction","name":"Comment","target":["https:\/\/coparmexjal.org.mx\/entorno-empresarial\/renovables-para-una-vida-mejor-2\/#respond"]}]},{"@type":"WebPage","@id":"https:\/\/coparmexjal.org.mx\/entorno-empresarial\/renovables-para-una-vida-mejor-2\/","url":"https:\/\/coparmexjal.org.mx\/entorno-empresarial\/renovables-para-una-vida-mejor-2\/","name":"Renovables para una vida mejor - Entorno Empresarial","isPartOf":{"@id":"https:\/\/coparmexjal.org.mx\/entorno-empresarial\/#website"},"datePublished":"2023-11-14T23:38:26+00:00","dateModified":"2023-11-14T23:38:27+00:00","breadcrumb":{"@id":"https:\/\/coparmexjal.org.mx\/entorno-empresarial\/renovables-para-una-vida-mejor-2\/#breadcrumb"},"inLanguage":"es","potentialAction":[{"@type":"ReadAction","target":["https:\/\/coparmexjal.org.mx\/entorno-empresarial\/renovables-para-una-vida-mejor-2\/"]}]},{"@type":"BreadcrumbList","@id":"https:\/\/coparmexjal.org.mx\/entorno-empresarial\/renovables-para-una-vida-mejor-2\/#breadcrumb","itemListElement":[{"@type":"ListItem","position":1,"name":"Inicio","item":"https:\/\/coparmexjal.org.mx\/entorno-empresarial\/"},{"@type":"ListItem","position":2,"name":"Renovables para una vida mejor"}]},{"@type":"WebSite","@id":"https:\/\/coparmexjal.org.mx\/entorno-empresarial\/#website","url":"https:\/\/coparmexjal.org.mx\/entorno-empresarial\/","name":"Revista Entorno Empresarial","description":"Coparmex Jalisco","publisher":{"@id":"https:\/\/coparmexjal.org.mx\/entorno-empresarial\/#organization"},"potentialAction":[{"@type":"SearchAction","target":{"@type":"EntryPoint","urlTemplate":"https:\/\/coparmexjal.org.mx\/entorno-empresarial\/?s={search_term_string}"},"query-input":{"@type":"PropertyValueSpecification","valueRequired":true,"valueName":"search_term_string"}}],"inLanguage":"es"},{"@type":"Organization","@id":"https:\/\/coparmexjal.org.mx\/entorno-empresarial\/#organization","name":"Coparmex Jalisco","url":"https:\/\/coparmexjal.org.mx\/entorno-empresarial\/","logo":{"@type":"ImageObject","inLanguage":"es","@id":"https:\/\/coparmexjal.org.mx\/entorno-empresarial\/#\/schema\/logo\/image\/","url":"https:\/\/coparmexjal.org.mx\/entorno-empresarial\/wp-content\/uploads\/2020\/02\/logo-amp.png","contentUrl":"https:\/\/coparmexjal.org.mx\/entorno-empresarial\/wp-content\/uploads\/2020\/02\/logo-amp.png","width":120,"height":90,"caption":"Coparmex Jalisco"},"image":{"@id":"https:\/\/coparmexjal.org.mx\/entorno-empresarial\/#\/schema\/logo\/image\/"},"sameAs":["https:\/\/facebook.com\/comcoparmex","https:\/\/x.com\/comcoparmex","http:\/\/instagram.com\/coparmexjalisco","https:\/\/mx.linkedin.com\/company\/coparmex-jalisco","https:\/\/www.youtube.com\/c\/CoparmexJaliscomx"]},{"@type":"Person","@id":"https:\/\/coparmexjal.org.mx\/entorno-empresarial\/#\/schema\/person\/c7657b8b82a5114876f78633ab593347","name":"Gerardo Jim\u00e9nez","image":{"@type":"ImageObject","inLanguage":"es","@id":"https:\/\/coparmexjal.org.mx\/entorno-empresarial\/wp-content\/uploads\/2021\/01\/Gerardo-Jimenez-2-150x150.png","url":"https:\/\/coparmexjal.org.mx\/entorno-empresarial\/wp-content\/uploads\/2021\/01\/Gerardo-Jimenez-2-150x150.png","contentUrl":"https:\/\/coparmexjal.org.mx\/entorno-empresarial\/wp-content\/uploads\/2021\/01\/Gerardo-Jimenez-2-150x150.png","caption":"Gerardo Jim\u00e9nez"},"description":"Especialista en desarrollo pyme en Coparmex Jalisco","sameAs":["https:\/\/www.linkedin.com\/in\/gerardo-daniel-jim\u00e9nez-l\u00f3pez-607913159\/"],"url":"https:\/\/coparmexjal.org.mx\/entorno-empresarial\/author\/gerardojimenez\/"}]}},"_links":{"self":[{"href":"https:\/\/coparmexjal.org.mx\/entorno-empresarial\/wp-json\/wp\/v2\/posts\/7163","targetHints":{"allow":["GET"]}}],"collection":[{"href":"https:\/\/coparmexjal.org.mx\/entorno-empresarial\/wp-json\/wp\/v2\/posts"}],"about":[{"href":"https:\/\/coparmexjal.org.mx\/entorno-empresarial\/wp-json\/wp\/v2\/types\/post"}],"author":[{"embeddable":true,"href":"https:\/\/coparmexjal.org.mx\/entorno-empresarial\/wp-json\/wp\/v2\/users\/85"}],"replies":[{"embeddable":true,"href":"https:\/\/coparmexjal.org.mx\/entorno-empresarial\/wp-json\/wp\/v2\/comments?post=7163"}],"version-history":[{"count":1,"href":"https:\/\/coparmexjal.org.mx\/entorno-empresarial\/wp-json\/wp\/v2\/posts\/7163\/revisions"}],"predecessor-version":[{"id":7164,"href":"https:\/\/coparmexjal.org.mx\/entorno-empresarial\/wp-json\/wp\/v2\/posts\/7163\/revisions\/7164"}],"wp:attachment":[{"href":"https:\/\/coparmexjal.org.mx\/entorno-empresarial\/wp-json\/wp\/v2\/media?parent=7163"}],"wp:term":[{"taxonomy":"category","embeddable":true,"href":"https:\/\/coparmexjal.org.mx\/entorno-empresarial\/wp-json\/wp\/v2\/categories?post=7163"},{"taxonomy":"post_tag","embeddable":true,"href":"https:\/\/coparmexjal.org.mx\/entorno-empresarial\/wp-json\/wp\/v2\/tags?post=7163"}],"curies":[{"name":"wp","href":"https:\/\/api.w.org\/{rel}","templated":true}]}}