{"id":7152,"date":"2023-10-03T17:36:13","date_gmt":"2023-10-03T23:36:13","guid":{"rendered":"https:\/\/coparmexjal.org.mx\/entorno-empresarial\/?p=7152"},"modified":"2023-10-03T17:36:14","modified_gmt":"2023-10-03T23:36:14","slug":"presenta-coparmex-jalisco-segunda-entrega-sobre-el-panorama-del-emprendimiento-2023","status":"publish","type":"post","link":"https:\/\/coparmexjal.org.mx\/entorno-empresarial\/presenta-coparmex-jalisco-segunda-entrega-sobre-el-panorama-del-emprendimiento-2023\/","title":{"rendered":"<strong>Presenta Coparmex Jalisco segunda entrega sobre el Panorama del Emprendimiento 2023<\/strong>"},"content":{"rendered":"\n<ul class=\"wp-block-list\">\n<li>84% de los emprendedores generan ingresos inferiores a 100 mil y hasta 900 mil pesos; s\u00f3lo 16% alcanza ventas por m\u00e1s de un mill\u00f3n de pesos.<\/li>\n<\/ul>\n\n\n\n<ul class=\"wp-block-list\">\n<li>Networking, mentor\u00eda e inversi\u00f3n, factores clave para el \u00e9xito empresarial.<\/li>\n<\/ul>\n\n\n\n<p>Las y los emprendedores de la entidad requieren apoyo para consolidar sus proyectos, esto lo revel\u00f3 la segunda entrega del estudio sobre el Panorama del Emprendimiento 2023, realizado a la comunidad de emprendedores de Coparmex Jalisco, donde se identific\u00f3 que 69% de las personas que buscaron emprender han tenido que abandonar sus proyectos debido a falta de financiamiento, que representa un veinticinco por ciento; falta de tiempo y dificultades para acceder a tecnolog\u00edas e innovaci\u00f3n, con un diecinueve por ciento; problemas para acceder a financiamiento, veinticinco por ciento y finalmente, modificaciones en sus modelos de negocio que representan un diecinueve por ciento.<\/p>\n\n\n\n<p>Para las y los emprendedores de la entidad juega un papel fundamental factores como el networking y la inversi\u00f3n, que representan un dieciocho y trece por ciento respectivamente; en el caso de la mentor\u00eda por parte de empresarios que se encuentran consolidados dentro de sus mercados, 17 por ciento de los emprendedores refieren que esto es fundamental para fortalecer su red de contactos y con ello poder prosperar sus proyectos.<\/p>\n\n\n\n<p>Estudios como el realizado por Coparmex Jalisco, adem\u00e1s de evidenciar la necesidad de mejorar las condiciones para el emprendimiento, ayudan a que, quienes inician, tomen las mejores decisiones para adaptarse de mejor forma al entorno econ\u00f3mico, como es el caso del 85 por ciento de emprendedores que observan un entorno favorable para emprender, mientras que el 14.5 por ciento identifican un desempe\u00f1o similar al de a\u00f1os interiores y s\u00f3lo el 2 por ciento ven un decrecimiento.<\/p>\n\n\n\n<p>El ejercicio del emprendimiento visibiliza uno de los retos m\u00e1s importantes como lo es el financiamiento, en el que setenta y cuatro por ciento de las personas que buscan emprender recurren a sus ahorros, mientras que el once por ciento solicita pr\u00e9stamos y el trece por ciento recurre a un modelo mixto de ahorro personal y pr\u00e9stamo.<\/p>\n\n\n\n<p>Datos como los obtenidos a trav\u00e9s de este estudio permiten dar paso a la Comunidad del Emprendimiento, que nace como una iniciativa de las y los emprendedores para crear entornos favorables y fortalecer la difusi\u00f3n de las diferentes formas de apoyo que pueden recibir para fortalecer sus proyectos.<\/p>\n\n\n\n<p>Coparmex Jalisco se consolida como un organismo que durante 8 a\u00f1os ha formado m\u00e1s de 80 emprendedores bajo modelos como Empresa Padrino, que han permitido que 87% de las empresas contin\u00faen en operaci\u00f3n hasta el d\u00eda de hoy y 100 emprendedores que al d\u00eda de hoy que forman parte de la Comunidad Rockstars del Emprendimiento, donde se realizan c\u00edrculos de apoyo y networking para generar crecimiento personal y profesional.<\/p>\n","protected":false},"excerpt":{"rendered":"<p>Las y los emprendedores de la entidad requieren apoyo para consolidar sus proyectos, esto lo revel\u00f3 la segunda entrega del estudio sobre el Panorama del<\/p>\n","protected":false},"author":2,"featured_media":7153,"comment_status":"open","ping_status":"open","sticky":false,"template":"","format":"standard","meta":{"footnotes":""},"categories":[348],"tags":[1356,1365,252,173,1137,257],"class_list":["post-7152","post","type-post","status-publish","format-standard","has-post-thumbnail","hentry","category-noticias","tag-apoyos","tag-comunidad","tag-emprendimiento","tag-empresas","tag-financiamiento","tag-jalisco"],"yoast_head":"<!-- This site is optimized with the Yoast SEO plugin v27.5 - https:\/\/yoast.com\/product\/yoast-seo-wordpress\/ -->\n<title>Presenta Coparmex Jalisco segunda entrega sobre el Panorama del Emprendimiento 2023 - Entorno Empresarial<\/title>\n<meta name=\"robots\" content=\"index, follow, max-snippet:-1, max-image-preview:large, max-video-preview:-1\" \/>\n<link rel=\"canonical\" href=\"https:\/\/coparmexjal.org.mx\/entorno-empresarial\/presenta-coparmex-jalisco-segunda-entrega-sobre-el-panorama-del-emprendimiento-2023\/\" \/>\n<meta property=\"og:locale\" content=\"es_MX\" \/>\n<meta property=\"og:type\" content=\"article\" \/>\n<meta property=\"og:title\" content=\"Presenta Coparmex Jalisco segunda entrega sobre el Panorama del Emprendimiento 2023 - Entorno Empresarial\" \/>\n<meta property=\"og:description\" content=\"Las y los emprendedores de la entidad requieren apoyo para consolidar sus proyectos, esto lo revel\u00f3 la segunda entrega del estudio sobre el Panorama del\" \/>\n<meta property=\"og:url\" content=\"https:\/\/coparmexjal.org.mx\/entorno-empresarial\/presenta-coparmex-jalisco-segunda-entrega-sobre-el-panorama-del-emprendimiento-2023\/\" \/>\n<meta property=\"og:site_name\" content=\"Entorno Empresarial\" \/>\n<meta property=\"article:publisher\" content=\"https:\/\/facebook.com\/comcoparmex\" \/>\n<meta property=\"article:published_time\" content=\"2023-10-03T23:36:13+00:00\" \/>\n<meta property=\"article:modified_time\" content=\"2023-10-03T23:36:14+00:00\" \/>\n<meta property=\"og:image\" content=\"https:\/\/coparmexjal.org.mx\/entorno-empresarial\/wp-content\/uploads\/2023\/10\/WhatsApp-Image-2023-10-03-at-13.38.31.jpeg\" \/>\n\t<meta property=\"og:image:width\" content=\"1201\" \/>\n\t<meta property=\"og:image:height\" content=\"800\" \/>\n\t<meta property=\"og:image:type\" content=\"image\/jpeg\" \/>\n<meta name=\"author\" content=\"Coparmex Jalisco\" \/>\n<meta name=\"twitter:card\" content=\"summary_large_image\" \/>\n<meta name=\"twitter:creator\" content=\"@comcoparmex\" \/>\n<meta name=\"twitter:site\" content=\"@comcoparmex\" \/>\n<meta name=\"twitter:label1\" content=\"Escrito por\" \/>\n\t<meta name=\"twitter:data1\" content=\"Coparmex Jalisco\" \/>\n\t<meta name=\"twitter:label2\" content=\"Tiempo de lectura\" \/>\n\t<meta name=\"twitter:data2\" content=\"3 minutos\" \/>\n<script type=\"application\/ld+json\" class=\"yoast-schema-graph\">{\"@context\":\"https:\\\/\\\/schema.org\",\"@graph\":[{\"@type\":\"Article\",\"@id\":\"https:\\\/\\\/coparmexjal.org.mx\\\/entorno-empresarial\\\/presenta-coparmex-jalisco-segunda-entrega-sobre-el-panorama-del-emprendimiento-2023\\\/#article\",\"isPartOf\":{\"@id\":\"https:\\\/\\\/coparmexjal.org.mx\\\/entorno-empresarial\\\/presenta-coparmex-jalisco-segunda-entrega-sobre-el-panorama-del-emprendimiento-2023\\\/\"},\"author\":{\"name\":\"Coparmex Jalisco\",\"@id\":\"https:\\\/\\\/coparmexjal.org.mx\\\/entorno-empresarial\\\/#\\\/schema\\\/person\\\/7d1d56a9587bfb3a725cd3dbfbdb9d44\"},\"headline\":\"Presenta Coparmex Jalisco segunda entrega sobre el Panorama del Emprendimiento 2023\",\"datePublished\":\"2023-10-03T23:36:13+00:00\",\"dateModified\":\"2023-10-03T23:36:14+00:00\",\"mainEntityOfPage\":{\"@id\":\"https:\\\/\\\/coparmexjal.org.mx\\\/entorno-empresarial\\\/presenta-coparmex-jalisco-segunda-entrega-sobre-el-panorama-del-emprendimiento-2023\\\/\"},\"wordCount\":480,\"commentCount\":0,\"publisher\":{\"@id\":\"https:\\\/\\\/coparmexjal.org.mx\\\/entorno-empresarial\\\/#organization\"},\"image\":{\"@id\":\"https:\\\/\\\/coparmexjal.org.mx\\\/entorno-empresarial\\\/presenta-coparmex-jalisco-segunda-entrega-sobre-el-panorama-del-emprendimiento-2023\\\/#primaryimage\"},\"thumbnailUrl\":\"https:\\\/\\\/coparmexjal.org.mx\\\/entorno-empresarial\\\/wp-content\\\/uploads\\\/2023\\\/10\\\/WhatsApp-Image-2023-10-03-at-13.38.31.jpeg\",\"keywords\":[\"apoyos\",\"Comunidad\",\"emprendimiento\",\"empresas\",\"Financiamiento\",\"Jalisco\"],\"articleSection\":[\"Noticias\"],\"inLanguage\":\"es\",\"potentialAction\":[{\"@type\":\"CommentAction\",\"name\":\"Comment\",\"target\":[\"https:\\\/\\\/coparmexjal.org.mx\\\/entorno-empresarial\\\/presenta-coparmex-jalisco-segunda-entrega-sobre-el-panorama-del-emprendimiento-2023\\\/#respond\"]}]},{\"@type\":\"WebPage\",\"@id\":\"https:\\\/\\\/coparmexjal.org.mx\\\/entorno-empresarial\\\/presenta-coparmex-jalisco-segunda-entrega-sobre-el-panorama-del-emprendimiento-2023\\\/\",\"url\":\"https:\\\/\\\/coparmexjal.org.mx\\\/entorno-empresarial\\\/presenta-coparmex-jalisco-segunda-entrega-sobre-el-panorama-del-emprendimiento-2023\\\/\",\"name\":\"Presenta Coparmex Jalisco segunda entrega sobre el Panorama del Emprendimiento 2023 - Entorno Empresarial\",\"isPartOf\":{\"@id\":\"https:\\\/\\\/coparmexjal.org.mx\\\/entorno-empresarial\\\/#website\"},\"primaryImageOfPage\":{\"@id\":\"https:\\\/\\\/coparmexjal.org.mx\\\/entorno-empresarial\\\/presenta-coparmex-jalisco-segunda-entrega-sobre-el-panorama-del-emprendimiento-2023\\\/#primaryimage\"},\"image\":{\"@id\":\"https:\\\/\\\/coparmexjal.org.mx\\\/entorno-empresarial\\\/presenta-coparmex-jalisco-segunda-entrega-sobre-el-panorama-del-emprendimiento-2023\\\/#primaryimage\"},\"thumbnailUrl\":\"https:\\\/\\\/coparmexjal.org.mx\\\/entorno-empresarial\\\/wp-content\\\/uploads\\\/2023\\\/10\\\/WhatsApp-Image-2023-10-03-at-13.38.31.jpeg\",\"datePublished\":\"2023-10-03T23:36:13+00:00\",\"dateModified\":\"2023-10-03T23:36:14+00:00\",\"breadcrumb\":{\"@id\":\"https:\\\/\\\/coparmexjal.org.mx\\\/entorno-empresarial\\\/presenta-coparmex-jalisco-segunda-entrega-sobre-el-panorama-del-emprendimiento-2023\\\/#breadcrumb\"},\"inLanguage\":\"es\",\"potentialAction\":[{\"@type\":\"ReadAction\",\"target\":[\"https:\\\/\\\/coparmexjal.org.mx\\\/entorno-empresarial\\\/presenta-coparmex-jalisco-segunda-entrega-sobre-el-panorama-del-emprendimiento-2023\\\/\"]}]},{\"@type\":\"ImageObject\",\"inLanguage\":\"es\",\"@id\":\"https:\\\/\\\/coparmexjal.org.mx\\\/entorno-empresarial\\\/presenta-coparmex-jalisco-segunda-entrega-sobre-el-panorama-del-emprendimiento-2023\\\/#primaryimage\",\"url\":\"https:\\\/\\\/coparmexjal.org.mx\\\/entorno-empresarial\\\/wp-content\\\/uploads\\\/2023\\\/10\\\/WhatsApp-Image-2023-10-03-at-13.38.31.jpeg\",\"contentUrl\":\"https:\\\/\\\/coparmexjal.org.mx\\\/entorno-empresarial\\\/wp-content\\\/uploads\\\/2023\\\/10\\\/WhatsApp-Image-2023-10-03-at-13.38.31.jpeg\",\"width\":1201,\"height\":800},{\"@type\":\"BreadcrumbList\",\"@id\":\"https:\\\/\\\/coparmexjal.org.mx\\\/entorno-empresarial\\\/presenta-coparmex-jalisco-segunda-entrega-sobre-el-panorama-del-emprendimiento-2023\\\/#breadcrumb\",\"itemListElement\":[{\"@type\":\"ListItem\",\"position\":1,\"name\":\"Inicio\",\"item\":\"https:\\\/\\\/coparmexjal.org.mx\\\/entorno-empresarial\\\/\"},{\"@type\":\"ListItem\",\"position\":2,\"name\":\"Presenta Coparmex Jalisco segunda entrega sobre el Panorama del Emprendimiento 2023\"}]},{\"@type\":\"WebSite\",\"@id\":\"https:\\\/\\\/coparmexjal.org.mx\\\/entorno-empresarial\\\/#website\",\"url\":\"https:\\\/\\\/coparmexjal.org.mx\\\/entorno-empresarial\\\/\",\"name\":\"Revista Entorno Empresarial\",\"description\":\"Coparmex Jalisco\",\"publisher\":{\"@id\":\"https:\\\/\\\/coparmexjal.org.mx\\\/entorno-empresarial\\\/#organization\"},\"potentialAction\":[{\"@type\":\"SearchAction\",\"target\":{\"@type\":\"EntryPoint\",\"urlTemplate\":\"https:\\\/\\\/coparmexjal.org.mx\\\/entorno-empresarial\\\/?s={search_term_string}\"},\"query-input\":{\"@type\":\"PropertyValueSpecification\",\"valueRequired\":true,\"valueName\":\"search_term_string\"}}],\"inLanguage\":\"es\"},{\"@type\":\"Organization\",\"@id\":\"https:\\\/\\\/coparmexjal.org.mx\\\/entorno-empresarial\\\/#organization\",\"name\":\"Coparmex Jalisco\",\"url\":\"https:\\\/\\\/coparmexjal.org.mx\\\/entorno-empresarial\\\/\",\"logo\":{\"@type\":\"ImageObject\",\"inLanguage\":\"es\",\"@id\":\"https:\\\/\\\/coparmexjal.org.mx\\\/entorno-empresarial\\\/#\\\/schema\\\/logo\\\/image\\\/\",\"url\":\"https:\\\/\\\/coparmexjal.org.mx\\\/entorno-empresarial\\\/wp-content\\\/uploads\\\/2020\\\/02\\\/logo-amp.png\",\"contentUrl\":\"https:\\\/\\\/coparmexjal.org.mx\\\/entorno-empresarial\\\/wp-content\\\/uploads\\\/2020\\\/02\\\/logo-amp.png\",\"width\":120,\"height\":90,\"caption\":\"Coparmex Jalisco\"},\"image\":{\"@id\":\"https:\\\/\\\/coparmexjal.org.mx\\\/entorno-empresarial\\\/#\\\/schema\\\/logo\\\/image\\\/\"},\"sameAs\":[\"https:\\\/\\\/facebook.com\\\/comcoparmex\",\"https:\\\/\\\/x.com\\\/comcoparmex\",\"http:\\\/\\\/instagram.com\\\/coparmexjalisco\",\"https:\\\/\\\/mx.linkedin.com\\\/company\\\/coparmex-jalisco\",\"https:\\\/\\\/www.youtube.com\\\/c\\\/CoparmexJaliscomx\"]},{\"@type\":\"Person\",\"@id\":\"https:\\\/\\\/coparmexjal.org.mx\\\/entorno-empresarial\\\/#\\\/schema\\\/person\\\/7d1d56a9587bfb3a725cd3dbfbdb9d44\",\"name\":\"Coparmex Jalisco\",\"image\":{\"@type\":\"ImageObject\",\"inLanguage\":\"es\",\"@id\":\"https:\\\/\\\/coparmexjal.org.mx\\\/entorno-empresarial\\\/wp-content\\\/uploads\\\/2020\\\/06\\\/favicon-150x133.png\",\"url\":\"https:\\\/\\\/coparmexjal.org.mx\\\/entorno-empresarial\\\/wp-content\\\/uploads\\\/2020\\\/06\\\/favicon-150x133.png\",\"contentUrl\":\"https:\\\/\\\/coparmexjal.org.mx\\\/entorno-empresarial\\\/wp-content\\\/uploads\\\/2020\\\/06\\\/favicon-150x133.png\",\"caption\":\"Coparmex Jalisco\"},\"url\":\"https:\\\/\\\/coparmexjal.org.mx\\\/entorno-empresarial\\\/author\\\/coparmexjalisco\\\/\"}]}<\/script>\n<!-- \/ Yoast SEO plugin. -->","yoast_head_json":{"title":"Presenta Coparmex Jalisco segunda entrega sobre el Panorama del Emprendimiento 2023 - Entorno Empresarial","robots":{"index":"index","follow":"follow","max-snippet":"max-snippet:-1","max-image-preview":"max-image-preview:large","max-video-preview":"max-video-preview:-1"},"canonical":"https:\/\/coparmexjal.org.mx\/entorno-empresarial\/presenta-coparmex-jalisco-segunda-entrega-sobre-el-panorama-del-emprendimiento-2023\/","og_locale":"es_MX","og_type":"article","og_title":"Presenta Coparmex Jalisco segunda entrega sobre el Panorama del Emprendimiento 2023 - Entorno Empresarial","og_description":"Las y los emprendedores de la entidad requieren apoyo para consolidar sus proyectos, esto lo revel\u00f3 la segunda entrega del estudio sobre el Panorama del","og_url":"https:\/\/coparmexjal.org.mx\/entorno-empresarial\/presenta-coparmex-jalisco-segunda-entrega-sobre-el-panorama-del-emprendimiento-2023\/","og_site_name":"Entorno Empresarial","article_publisher":"https:\/\/facebook.com\/comcoparmex","article_published_time":"2023-10-03T23:36:13+00:00","article_modified_time":"2023-10-03T23:36:14+00:00","og_image":[{"width":1201,"height":800,"url":"https:\/\/coparmexjal.org.mx\/entorno-empresarial\/wp-content\/uploads\/2023\/10\/WhatsApp-Image-2023-10-03-at-13.38.31.jpeg","type":"image\/jpeg"}],"author":"Coparmex Jalisco","twitter_card":"summary_large_image","twitter_creator":"@comcoparmex","twitter_site":"@comcoparmex","twitter_misc":{"Escrito por":"Coparmex Jalisco","Tiempo de lectura":"3 minutos"},"schema":{"@context":"https:\/\/schema.org","@graph":[{"@type":"Article","@id":"https:\/\/coparmexjal.org.mx\/entorno-empresarial\/presenta-coparmex-jalisco-segunda-entrega-sobre-el-panorama-del-emprendimiento-2023\/#article","isPartOf":{"@id":"https:\/\/coparmexjal.org.mx\/entorno-empresarial\/presenta-coparmex-jalisco-segunda-entrega-sobre-el-panorama-del-emprendimiento-2023\/"},"author":{"name":"Coparmex Jalisco","@id":"https:\/\/coparmexjal.org.mx\/entorno-empresarial\/#\/schema\/person\/7d1d56a9587bfb3a725cd3dbfbdb9d44"},"headline":"Presenta Coparmex Jalisco segunda entrega sobre el Panorama del Emprendimiento 2023","datePublished":"2023-10-03T23:36:13+00:00","dateModified":"2023-10-03T23:36:14+00:00","mainEntityOfPage":{"@id":"https:\/\/coparmexjal.org.mx\/entorno-empresarial\/presenta-coparmex-jalisco-segunda-entrega-sobre-el-panorama-del-emprendimiento-2023\/"},"wordCount":480,"commentCount":0,"publisher":{"@id":"https:\/\/coparmexjal.org.mx\/entorno-empresarial\/#organization"},"image":{"@id":"https:\/\/coparmexjal.org.mx\/entorno-empresarial\/presenta-coparmex-jalisco-segunda-entrega-sobre-el-panorama-del-emprendimiento-2023\/#primaryimage"},"thumbnailUrl":"https:\/\/coparmexjal.org.mx\/entorno-empresarial\/wp-content\/uploads\/2023\/10\/WhatsApp-Image-2023-10-03-at-13.38.31.jpeg","keywords":["apoyos","Comunidad","emprendimiento","empresas","Financiamiento","Jalisco"],"articleSection":["Noticias"],"inLanguage":"es","potentialAction":[{"@type":"CommentAction","name":"Comment","target":["https:\/\/coparmexjal.org.mx\/entorno-empresarial\/presenta-coparmex-jalisco-segunda-entrega-sobre-el-panorama-del-emprendimiento-2023\/#respond"]}]},{"@type":"WebPage","@id":"https:\/\/coparmexjal.org.mx\/entorno-empresarial\/presenta-coparmex-jalisco-segunda-entrega-sobre-el-panorama-del-emprendimiento-2023\/","url":"https:\/\/coparmexjal.org.mx\/entorno-empresarial\/presenta-coparmex-jalisco-segunda-entrega-sobre-el-panorama-del-emprendimiento-2023\/","name":"Presenta Coparmex Jalisco segunda entrega sobre el Panorama del Emprendimiento 2023 - Entorno Empresarial","isPartOf":{"@id":"https:\/\/coparmexjal.org.mx\/entorno-empresarial\/#website"},"primaryImageOfPage":{"@id":"https:\/\/coparmexjal.org.mx\/entorno-empresarial\/presenta-coparmex-jalisco-segunda-entrega-sobre-el-panorama-del-emprendimiento-2023\/#primaryimage"},"image":{"@id":"https:\/\/coparmexjal.org.mx\/entorno-empresarial\/presenta-coparmex-jalisco-segunda-entrega-sobre-el-panorama-del-emprendimiento-2023\/#primaryimage"},"thumbnailUrl":"https:\/\/coparmexjal.org.mx\/entorno-empresarial\/wp-content\/uploads\/2023\/10\/WhatsApp-Image-2023-10-03-at-13.38.31.jpeg","datePublished":"2023-10-03T23:36:13+00:00","dateModified":"2023-10-03T23:36:14+00:00","breadcrumb":{"@id":"https:\/\/coparmexjal.org.mx\/entorno-empresarial\/presenta-coparmex-jalisco-segunda-entrega-sobre-el-panorama-del-emprendimiento-2023\/#breadcrumb"},"inLanguage":"es","potentialAction":[{"@type":"ReadAction","target":["https:\/\/coparmexjal.org.mx\/entorno-empresarial\/presenta-coparmex-jalisco-segunda-entrega-sobre-el-panorama-del-emprendimiento-2023\/"]}]},{"@type":"ImageObject","inLanguage":"es","@id":"https:\/\/coparmexjal.org.mx\/entorno-empresarial\/presenta-coparmex-jalisco-segunda-entrega-sobre-el-panorama-del-emprendimiento-2023\/#primaryimage","url":"https:\/\/coparmexjal.org.mx\/entorno-empresarial\/wp-content\/uploads\/2023\/10\/WhatsApp-Image-2023-10-03-at-13.38.31.jpeg","contentUrl":"https:\/\/coparmexjal.org.mx\/entorno-empresarial\/wp-content\/uploads\/2023\/10\/WhatsApp-Image-2023-10-03-at-13.38.31.jpeg","width":1201,"height":800},{"@type":"BreadcrumbList","@id":"https:\/\/coparmexjal.org.mx\/entorno-empresarial\/presenta-coparmex-jalisco-segunda-entrega-sobre-el-panorama-del-emprendimiento-2023\/#breadcrumb","itemListElement":[{"@type":"ListItem","position":1,"name":"Inicio","item":"https:\/\/coparmexjal.org.mx\/entorno-empresarial\/"},{"@type":"ListItem","position":2,"name":"Presenta Coparmex Jalisco segunda entrega sobre el Panorama del Emprendimiento 2023"}]},{"@type":"WebSite","@id":"https:\/\/coparmexjal.org.mx\/entorno-empresarial\/#website","url":"https:\/\/coparmexjal.org.mx\/entorno-empresarial\/","name":"Revista Entorno Empresarial","description":"Coparmex Jalisco","publisher":{"@id":"https:\/\/coparmexjal.org.mx\/entorno-empresarial\/#organization"},"potentialAction":[{"@type":"SearchAction","target":{"@type":"EntryPoint","urlTemplate":"https:\/\/coparmexjal.org.mx\/entorno-empresarial\/?s={search_term_string}"},"query-input":{"@type":"PropertyValueSpecification","valueRequired":true,"valueName":"search_term_string"}}],"inLanguage":"es"},{"@type":"Organization","@id":"https:\/\/coparmexjal.org.mx\/entorno-empresarial\/#organization","name":"Coparmex Jalisco","url":"https:\/\/coparmexjal.org.mx\/entorno-empresarial\/","logo":{"@type":"ImageObject","inLanguage":"es","@id":"https:\/\/coparmexjal.org.mx\/entorno-empresarial\/#\/schema\/logo\/image\/","url":"https:\/\/coparmexjal.org.mx\/entorno-empresarial\/wp-content\/uploads\/2020\/02\/logo-amp.png","contentUrl":"https:\/\/coparmexjal.org.mx\/entorno-empresarial\/wp-content\/uploads\/2020\/02\/logo-amp.png","width":120,"height":90,"caption":"Coparmex Jalisco"},"image":{"@id":"https:\/\/coparmexjal.org.mx\/entorno-empresarial\/#\/schema\/logo\/image\/"},"sameAs":["https:\/\/facebook.com\/comcoparmex","https:\/\/x.com\/comcoparmex","http:\/\/instagram.com\/coparmexjalisco","https:\/\/mx.linkedin.com\/company\/coparmex-jalisco","https:\/\/www.youtube.com\/c\/CoparmexJaliscomx"]},{"@type":"Person","@id":"https:\/\/coparmexjal.org.mx\/entorno-empresarial\/#\/schema\/person\/7d1d56a9587bfb3a725cd3dbfbdb9d44","name":"Coparmex Jalisco","image":{"@type":"ImageObject","inLanguage":"es","@id":"https:\/\/coparmexjal.org.mx\/entorno-empresarial\/wp-content\/uploads\/2020\/06\/favicon-150x133.png","url":"https:\/\/coparmexjal.org.mx\/entorno-empresarial\/wp-content\/uploads\/2020\/06\/favicon-150x133.png","contentUrl":"https:\/\/coparmexjal.org.mx\/entorno-empresarial\/wp-content\/uploads\/2020\/06\/favicon-150x133.png","caption":"Coparmex Jalisco"},"url":"https:\/\/coparmexjal.org.mx\/entorno-empresarial\/author\/coparmexjalisco\/"}]}},"_links":{"self":[{"href":"https:\/\/coparmexjal.org.mx\/entorno-empresarial\/wp-json\/wp\/v2\/posts\/7152","targetHints":{"allow":["GET"]}}],"collection":[{"href":"https:\/\/coparmexjal.org.mx\/entorno-empresarial\/wp-json\/wp\/v2\/posts"}],"about":[{"href":"https:\/\/coparmexjal.org.mx\/entorno-empresarial\/wp-json\/wp\/v2\/types\/post"}],"author":[{"embeddable":true,"href":"https:\/\/coparmexjal.org.mx\/entorno-empresarial\/wp-json\/wp\/v2\/users\/2"}],"replies":[{"embeddable":true,"href":"https:\/\/coparmexjal.org.mx\/entorno-empresarial\/wp-json\/wp\/v2\/comments?post=7152"}],"version-history":[{"count":1,"href":"https:\/\/coparmexjal.org.mx\/entorno-empresarial\/wp-json\/wp\/v2\/posts\/7152\/revisions"}],"predecessor-version":[{"id":7154,"href":"https:\/\/coparmexjal.org.mx\/entorno-empresarial\/wp-json\/wp\/v2\/posts\/7152\/revisions\/7154"}],"wp:featuredmedia":[{"embeddable":true,"href":"https:\/\/coparmexjal.org.mx\/entorno-empresarial\/wp-json\/wp\/v2\/media\/7153"}],"wp:attachment":[{"href":"https:\/\/coparmexjal.org.mx\/entorno-empresarial\/wp-json\/wp\/v2\/media?parent=7152"}],"wp:term":[{"taxonomy":"category","embeddable":true,"href":"https:\/\/coparmexjal.org.mx\/entorno-empresarial\/wp-json\/wp\/v2\/categories?post=7152"},{"taxonomy":"post_tag","embeddable":true,"href":"https:\/\/coparmexjal.org.mx\/entorno-empresarial\/wp-json\/wp\/v2\/tags?post=7152"}],"curies":[{"name":"wp","href":"https:\/\/api.w.org\/{rel}","templated":true}]}}