{"id":7016,"date":"2023-05-22T13:57:47","date_gmt":"2023-05-22T19:57:47","guid":{"rendered":"https:\/\/coparmexjal.org.mx\/entorno-empresarial\/?p=7016"},"modified":"2023-05-22T13:57:54","modified_gmt":"2023-05-22T19:57:54","slug":"890-mil-colaboradoras-y-colaboradores-de-jalisco-tendran-acceso-a-utilidades","status":"publish","type":"post","link":"https:\/\/coparmexjal.org.mx\/entorno-empresarial\/890-mil-colaboradoras-y-colaboradores-de-jalisco-tendran-acceso-a-utilidades\/","title":{"rendered":"<strong>890 mil colaboradoras y colaboradores de Jalisco tendr\u00e1n acceso a utilidades<\/strong>"},"content":{"rendered":"\n<ul class=\"wp-block-list\">\n<li>El 76% de las empresas en la entidad, entregar\u00e1 reparto de utilidades correspondientes al 2022<\/li>\n<\/ul>\n\n\n\n<p>El a\u00f1o 2022 se distingui\u00f3 por su adaptaci\u00f3n a cambios econ\u00f3micos tanto internacionales como nacionales, tales como: niveles hist\u00f3ricos en la inflaci\u00f3n y alzas en las tasas de inter\u00e9s; as\u00ed como modificaciones regulatorias en el pa\u00eds y ajustes en los mercados laborales, mismos que mermaron en las utilidades de las empresas.<\/p>\n\n\n\n<p>A\u00fan con \u00e9ste panorama, se espera que el 76 por ciento de las unidades econ\u00f3micas logre el cumplimiento de la entrega de esta prestaci\u00f3n, impactando a 890 mil colaboradoras y colaboradores, y con ello, generar una derrama econ\u00f3mica estimada en 26 mil millones de pesos.<\/p>\n\n\n\n<p><a><\/a><a><\/a><strong>M\u00e1s utilidades<\/strong><\/p>\n\n\n\n<p>Para conocer los factores que inciden en la entrega o no, de esta prestaci\u00f3n, Coparmex Jalisco se ha dado a la tarea de hacer un levantamiento entre sus empresas socias, destacando que el 42 por ciento de las empresas dar\u00e1 un reparto mayor de utilidades respecto al a\u00f1o anterior, destacando el aumento en las ventas y en la productividad con un 44 y 20 por ciento respectivamente, asimismo un 18 por ciento cont\u00f3 con nuevas oportunidades de negocio y el 13 por ciento observ\u00f3 un entorno econ\u00f3mico favorable.<\/p>\n\n\n\n<p><a><\/a>Por otro lado, el 29.5 por ciento de las unidades econ\u00f3micas dar\u00e1 un reparto igual que el a\u00f1o pasado, mientras que 28.5 por ciento har\u00e1 una entrega menor; las principales razones son: afectaciones por el entorno econ\u00f3mico y pol\u00edtico 51 por ciento, complicaciones por la inflaci\u00f3n 28 por ciento; problemas para mejorar la innovaci\u00f3n y los procesos internos 13 por ciento, as\u00ed como una baja en la productividad de colaboradores con un 8 por ciento.<\/p>\n\n\n\n<p><strong>Factores de riesgo<\/strong><\/p>\n\n\n\n<p>Los riesgos derivados por Covid19 se han ido minimizando hasta no ser un factor de riesgo, pero han aparecido dos riesgos que no se ve\u00edan durante 2020 y 2021 que son el incremento en el precio de insumos y dificultades para atraer y retener el talento.<\/p>\n\n\n\n<p>Por lo anterior, 24 por ciento de las empresas no hicieron entrega de utilidades, manifestando afectaciones por el entorno econ\u00f3mico y pol\u00edtico y complicaciones por la inflaci\u00f3n con un 33 por ciento de respuesta cada uno. As\u00ed como problemas en optimizar procesos internos e innovaci\u00f3n con 15 por ciento; temas de seguridad con un 10 por ciento y baja en la productividad de colaboradores con 9 por ciento.<\/p>\n\n\n\n<p>La falta de personal para cubrir vacantes, es una situaci\u00f3n determinante en la operatividad y desarrollo de las empresas, por lo que se debe trabajar de la mano con gobierno y universidades para atender esta problem\u00e1tica.<\/p>\n\n\n\n<p>Al mismo tiempo, es preciso garantizar mejores condiciones laborales, un mayor impacto econ\u00f3mico y social a las familias de las y los colaboradores, por esto, Coparmex Jalisco llama a promover la formalidad, as\u00ed como crear un ambiente de negocios con certidumbre y respeto a las instituciones y regulaciones que promuevan la inversi\u00f3n y el empleo.<\/p>\n\n\n\n<p><\/p>\n\n\n\n<p class=\"has-small-font-size\">* El levantamiento se realiz\u00f3 del 2 al 15 de mayo del 2023 mediante un cuestionario \u00a0\u00a0virtual y llamadas telef\u00f3nicas aplicadas a 125 empresas.<\/p>\n","protected":false},"excerpt":{"rendered":"<p>El a\u00f1o 2022 se distingui\u00f3 por su adaptaci\u00f3n a cambios econ\u00f3micos tanto internacionales como nacionales, tales como: niveles hist\u00f3ricos en la inflaci\u00f3n y alzas en<\/p>\n","protected":false},"author":2,"featured_media":7017,"comment_status":"open","ping_status":"open","sticky":false,"template":"","format":"standard","meta":{"footnotes":""},"categories":[348],"tags":[1225,226,173,309,1339],"class_list":["post-7016","post","type-post","status-publish","format-standard","has-post-thumbnail","hentry","category-noticias","tag-colaboradoras","tag-colaboradores","tag-empresas","tag-utilidades","tag-utilidades-2023"],"yoast_head":"<!-- This site is optimized with the Yoast SEO plugin v27.4 - https:\/\/yoast.com\/product\/yoast-seo-wordpress\/ -->\n<title>890 mil colaboradoras y colaboradores de Jalisco tendr\u00e1n acceso a utilidades - Entorno Empresarial<\/title>\n<meta name=\"description\" content=\"El 76% de las empresas en la entidad, entregar\u00e1 reparto de utilidades correspondientes al 2022\" \/>\n<meta name=\"robots\" content=\"index, follow, max-snippet:-1, max-image-preview:large, max-video-preview:-1\" \/>\n<link rel=\"canonical\" href=\"https:\/\/coparmexjal.org.mx\/entorno-empresarial\/890-mil-colaboradoras-y-colaboradores-de-jalisco-tendran-acceso-a-utilidades\/\" \/>\n<meta property=\"og:locale\" content=\"es_MX\" \/>\n<meta property=\"og:type\" content=\"article\" \/>\n<meta property=\"og:title\" content=\"890 mil colaboradoras y colaboradores de Jalisco tendr\u00e1n acceso a utilidades - Entorno Empresarial\" \/>\n<meta property=\"og:description\" content=\"El 76% de las empresas en la entidad, entregar\u00e1 reparto de utilidades correspondientes al 2022\" \/>\n<meta property=\"og:url\" content=\"https:\/\/coparmexjal.org.mx\/entorno-empresarial\/890-mil-colaboradoras-y-colaboradores-de-jalisco-tendran-acceso-a-utilidades\/\" \/>\n<meta property=\"og:site_name\" content=\"Entorno Empresarial\" \/>\n<meta property=\"article:publisher\" content=\"https:\/\/facebook.com\/comcoparmex\" \/>\n<meta property=\"article:published_time\" content=\"2023-05-22T19:57:47+00:00\" \/>\n<meta property=\"article:modified_time\" content=\"2023-05-22T19:57:54+00:00\" \/>\n<meta property=\"og:image\" content=\"https:\/\/coparmexjal.org.mx\/entorno-empresarial\/wp-content\/uploads\/2023\/05\/12.jpg\" \/>\n\t<meta property=\"og:image:width\" content=\"1067\" \/>\n\t<meta property=\"og:image:height\" content=\"800\" \/>\n\t<meta property=\"og:image:type\" content=\"image\/jpeg\" \/>\n<meta name=\"author\" content=\"Coparmex Jalisco\" \/>\n<meta name=\"twitter:card\" content=\"summary_large_image\" \/>\n<meta name=\"twitter:creator\" content=\"@comcoparmex\" \/>\n<meta name=\"twitter:site\" content=\"@comcoparmex\" \/>\n<meta name=\"twitter:label1\" content=\"Escrito por\" \/>\n\t<meta name=\"twitter:data1\" content=\"Coparmex Jalisco\" \/>\n\t<meta name=\"twitter:label2\" content=\"Tiempo de lectura\" \/>\n\t<meta name=\"twitter:data2\" content=\"3 minutos\" \/>\n<script type=\"application\/ld+json\" class=\"yoast-schema-graph\">{\"@context\":\"https:\\\/\\\/schema.org\",\"@graph\":[{\"@type\":\"Article\",\"@id\":\"https:\\\/\\\/coparmexjal.org.mx\\\/entorno-empresarial\\\/890-mil-colaboradoras-y-colaboradores-de-jalisco-tendran-acceso-a-utilidades\\\/#article\",\"isPartOf\":{\"@id\":\"https:\\\/\\\/coparmexjal.org.mx\\\/entorno-empresarial\\\/890-mil-colaboradoras-y-colaboradores-de-jalisco-tendran-acceso-a-utilidades\\\/\"},\"author\":{\"name\":\"Coparmex Jalisco\",\"@id\":\"https:\\\/\\\/coparmexjal.org.mx\\\/entorno-empresarial\\\/#\\\/schema\\\/person\\\/7d1d56a9587bfb3a725cd3dbfbdb9d44\"},\"headline\":\"890 mil colaboradoras y colaboradores de Jalisco tendr\u00e1n acceso a utilidades\",\"datePublished\":\"2023-05-22T19:57:47+00:00\",\"dateModified\":\"2023-05-22T19:57:54+00:00\",\"mainEntityOfPage\":{\"@id\":\"https:\\\/\\\/coparmexjal.org.mx\\\/entorno-empresarial\\\/890-mil-colaboradoras-y-colaboradores-de-jalisco-tendran-acceso-a-utilidades\\\/\"},\"wordCount\":521,\"commentCount\":0,\"publisher\":{\"@id\":\"https:\\\/\\\/coparmexjal.org.mx\\\/entorno-empresarial\\\/#organization\"},\"image\":{\"@id\":\"https:\\\/\\\/coparmexjal.org.mx\\\/entorno-empresarial\\\/890-mil-colaboradoras-y-colaboradores-de-jalisco-tendran-acceso-a-utilidades\\\/#primaryimage\"},\"thumbnailUrl\":\"https:\\\/\\\/coparmexjal.org.mx\\\/entorno-empresarial\\\/wp-content\\\/uploads\\\/2023\\\/05\\\/12.jpg\",\"keywords\":[\"Colaboradoras\",\"colaboradores\",\"empresas\",\"utilidades\",\"Utilidades 2023\"],\"articleSection\":[\"Noticias\"],\"inLanguage\":\"es\",\"potentialAction\":[{\"@type\":\"CommentAction\",\"name\":\"Comment\",\"target\":[\"https:\\\/\\\/coparmexjal.org.mx\\\/entorno-empresarial\\\/890-mil-colaboradoras-y-colaboradores-de-jalisco-tendran-acceso-a-utilidades\\\/#respond\"]}]},{\"@type\":\"WebPage\",\"@id\":\"https:\\\/\\\/coparmexjal.org.mx\\\/entorno-empresarial\\\/890-mil-colaboradoras-y-colaboradores-de-jalisco-tendran-acceso-a-utilidades\\\/\",\"url\":\"https:\\\/\\\/coparmexjal.org.mx\\\/entorno-empresarial\\\/890-mil-colaboradoras-y-colaboradores-de-jalisco-tendran-acceso-a-utilidades\\\/\",\"name\":\"890 mil colaboradoras y colaboradores de Jalisco tendr\u00e1n acceso a utilidades - Entorno Empresarial\",\"isPartOf\":{\"@id\":\"https:\\\/\\\/coparmexjal.org.mx\\\/entorno-empresarial\\\/#website\"},\"primaryImageOfPage\":{\"@id\":\"https:\\\/\\\/coparmexjal.org.mx\\\/entorno-empresarial\\\/890-mil-colaboradoras-y-colaboradores-de-jalisco-tendran-acceso-a-utilidades\\\/#primaryimage\"},\"image\":{\"@id\":\"https:\\\/\\\/coparmexjal.org.mx\\\/entorno-empresarial\\\/890-mil-colaboradoras-y-colaboradores-de-jalisco-tendran-acceso-a-utilidades\\\/#primaryimage\"},\"thumbnailUrl\":\"https:\\\/\\\/coparmexjal.org.mx\\\/entorno-empresarial\\\/wp-content\\\/uploads\\\/2023\\\/05\\\/12.jpg\",\"datePublished\":\"2023-05-22T19:57:47+00:00\",\"dateModified\":\"2023-05-22T19:57:54+00:00\",\"description\":\"El 76% de las empresas en la entidad, entregar\u00e1 reparto de utilidades correspondientes al 2022\",\"breadcrumb\":{\"@id\":\"https:\\\/\\\/coparmexjal.org.mx\\\/entorno-empresarial\\\/890-mil-colaboradoras-y-colaboradores-de-jalisco-tendran-acceso-a-utilidades\\\/#breadcrumb\"},\"inLanguage\":\"es\",\"potentialAction\":[{\"@type\":\"ReadAction\",\"target\":[\"https:\\\/\\\/coparmexjal.org.mx\\\/entorno-empresarial\\\/890-mil-colaboradoras-y-colaboradores-de-jalisco-tendran-acceso-a-utilidades\\\/\"]}]},{\"@type\":\"ImageObject\",\"inLanguage\":\"es\",\"@id\":\"https:\\\/\\\/coparmexjal.org.mx\\\/entorno-empresarial\\\/890-mil-colaboradoras-y-colaboradores-de-jalisco-tendran-acceso-a-utilidades\\\/#primaryimage\",\"url\":\"https:\\\/\\\/coparmexjal.org.mx\\\/entorno-empresarial\\\/wp-content\\\/uploads\\\/2023\\\/05\\\/12.jpg\",\"contentUrl\":\"https:\\\/\\\/coparmexjal.org.mx\\\/entorno-empresarial\\\/wp-content\\\/uploads\\\/2023\\\/05\\\/12.jpg\",\"width\":1067,\"height\":800},{\"@type\":\"BreadcrumbList\",\"@id\":\"https:\\\/\\\/coparmexjal.org.mx\\\/entorno-empresarial\\\/890-mil-colaboradoras-y-colaboradores-de-jalisco-tendran-acceso-a-utilidades\\\/#breadcrumb\",\"itemListElement\":[{\"@type\":\"ListItem\",\"position\":1,\"name\":\"Inicio\",\"item\":\"https:\\\/\\\/coparmexjal.org.mx\\\/entorno-empresarial\\\/\"},{\"@type\":\"ListItem\",\"position\":2,\"name\":\"890 mil colaboradoras y colaboradores de Jalisco tendr\u00e1n acceso a utilidades\"}]},{\"@type\":\"WebSite\",\"@id\":\"https:\\\/\\\/coparmexjal.org.mx\\\/entorno-empresarial\\\/#website\",\"url\":\"https:\\\/\\\/coparmexjal.org.mx\\\/entorno-empresarial\\\/\",\"name\":\"Revista Entorno Empresarial\",\"description\":\"Coparmex Jalisco\",\"publisher\":{\"@id\":\"https:\\\/\\\/coparmexjal.org.mx\\\/entorno-empresarial\\\/#organization\"},\"potentialAction\":[{\"@type\":\"SearchAction\",\"target\":{\"@type\":\"EntryPoint\",\"urlTemplate\":\"https:\\\/\\\/coparmexjal.org.mx\\\/entorno-empresarial\\\/?s={search_term_string}\"},\"query-input\":{\"@type\":\"PropertyValueSpecification\",\"valueRequired\":true,\"valueName\":\"search_term_string\"}}],\"inLanguage\":\"es\"},{\"@type\":\"Organization\",\"@id\":\"https:\\\/\\\/coparmexjal.org.mx\\\/entorno-empresarial\\\/#organization\",\"name\":\"Coparmex Jalisco\",\"url\":\"https:\\\/\\\/coparmexjal.org.mx\\\/entorno-empresarial\\\/\",\"logo\":{\"@type\":\"ImageObject\",\"inLanguage\":\"es\",\"@id\":\"https:\\\/\\\/coparmexjal.org.mx\\\/entorno-empresarial\\\/#\\\/schema\\\/logo\\\/image\\\/\",\"url\":\"https:\\\/\\\/coparmexjal.org.mx\\\/entorno-empresarial\\\/wp-content\\\/uploads\\\/2020\\\/02\\\/logo-amp.png\",\"contentUrl\":\"https:\\\/\\\/coparmexjal.org.mx\\\/entorno-empresarial\\\/wp-content\\\/uploads\\\/2020\\\/02\\\/logo-amp.png\",\"width\":120,\"height\":90,\"caption\":\"Coparmex Jalisco\"},\"image\":{\"@id\":\"https:\\\/\\\/coparmexjal.org.mx\\\/entorno-empresarial\\\/#\\\/schema\\\/logo\\\/image\\\/\"},\"sameAs\":[\"https:\\\/\\\/facebook.com\\\/comcoparmex\",\"https:\\\/\\\/x.com\\\/comcoparmex\",\"http:\\\/\\\/instagram.com\\\/coparmexjalisco\",\"https:\\\/\\\/mx.linkedin.com\\\/company\\\/coparmex-jalisco\",\"https:\\\/\\\/www.youtube.com\\\/c\\\/CoparmexJaliscomx\"]},{\"@type\":\"Person\",\"@id\":\"https:\\\/\\\/coparmexjal.org.mx\\\/entorno-empresarial\\\/#\\\/schema\\\/person\\\/7d1d56a9587bfb3a725cd3dbfbdb9d44\",\"name\":\"Coparmex Jalisco\",\"image\":{\"@type\":\"ImageObject\",\"inLanguage\":\"es\",\"@id\":\"https:\\\/\\\/coparmexjal.org.mx\\\/entorno-empresarial\\\/wp-content\\\/uploads\\\/2020\\\/06\\\/favicon-150x133.png\",\"url\":\"https:\\\/\\\/coparmexjal.org.mx\\\/entorno-empresarial\\\/wp-content\\\/uploads\\\/2020\\\/06\\\/favicon-150x133.png\",\"contentUrl\":\"https:\\\/\\\/coparmexjal.org.mx\\\/entorno-empresarial\\\/wp-content\\\/uploads\\\/2020\\\/06\\\/favicon-150x133.png\",\"caption\":\"Coparmex Jalisco\"},\"url\":\"https:\\\/\\\/coparmexjal.org.mx\\\/entorno-empresarial\\\/author\\\/coparmexjalisco\\\/\"}]}<\/script>\n<!-- \/ Yoast SEO plugin. -->","yoast_head_json":{"title":"890 mil colaboradoras y colaboradores de Jalisco tendr\u00e1n acceso a utilidades - Entorno Empresarial","description":"El 76% de las empresas en la entidad, entregar\u00e1 reparto de utilidades correspondientes al 2022","robots":{"index":"index","follow":"follow","max-snippet":"max-snippet:-1","max-image-preview":"max-image-preview:large","max-video-preview":"max-video-preview:-1"},"canonical":"https:\/\/coparmexjal.org.mx\/entorno-empresarial\/890-mil-colaboradoras-y-colaboradores-de-jalisco-tendran-acceso-a-utilidades\/","og_locale":"es_MX","og_type":"article","og_title":"890 mil colaboradoras y colaboradores de Jalisco tendr\u00e1n acceso a utilidades - Entorno Empresarial","og_description":"El 76% de las empresas en la entidad, entregar\u00e1 reparto de utilidades correspondientes al 2022","og_url":"https:\/\/coparmexjal.org.mx\/entorno-empresarial\/890-mil-colaboradoras-y-colaboradores-de-jalisco-tendran-acceso-a-utilidades\/","og_site_name":"Entorno Empresarial","article_publisher":"https:\/\/facebook.com\/comcoparmex","article_published_time":"2023-05-22T19:57:47+00:00","article_modified_time":"2023-05-22T19:57:54+00:00","og_image":[{"width":1067,"height":800,"url":"https:\/\/coparmexjal.org.mx\/entorno-empresarial\/wp-content\/uploads\/2023\/05\/12.jpg","type":"image\/jpeg"}],"author":"Coparmex Jalisco","twitter_card":"summary_large_image","twitter_creator":"@comcoparmex","twitter_site":"@comcoparmex","twitter_misc":{"Escrito por":"Coparmex Jalisco","Tiempo de lectura":"3 minutos"},"schema":{"@context":"https:\/\/schema.org","@graph":[{"@type":"Article","@id":"https:\/\/coparmexjal.org.mx\/entorno-empresarial\/890-mil-colaboradoras-y-colaboradores-de-jalisco-tendran-acceso-a-utilidades\/#article","isPartOf":{"@id":"https:\/\/coparmexjal.org.mx\/entorno-empresarial\/890-mil-colaboradoras-y-colaboradores-de-jalisco-tendran-acceso-a-utilidades\/"},"author":{"name":"Coparmex Jalisco","@id":"https:\/\/coparmexjal.org.mx\/entorno-empresarial\/#\/schema\/person\/7d1d56a9587bfb3a725cd3dbfbdb9d44"},"headline":"890 mil colaboradoras y colaboradores de Jalisco tendr\u00e1n acceso a utilidades","datePublished":"2023-05-22T19:57:47+00:00","dateModified":"2023-05-22T19:57:54+00:00","mainEntityOfPage":{"@id":"https:\/\/coparmexjal.org.mx\/entorno-empresarial\/890-mil-colaboradoras-y-colaboradores-de-jalisco-tendran-acceso-a-utilidades\/"},"wordCount":521,"commentCount":0,"publisher":{"@id":"https:\/\/coparmexjal.org.mx\/entorno-empresarial\/#organization"},"image":{"@id":"https:\/\/coparmexjal.org.mx\/entorno-empresarial\/890-mil-colaboradoras-y-colaboradores-de-jalisco-tendran-acceso-a-utilidades\/#primaryimage"},"thumbnailUrl":"https:\/\/coparmexjal.org.mx\/entorno-empresarial\/wp-content\/uploads\/2023\/05\/12.jpg","keywords":["Colaboradoras","colaboradores","empresas","utilidades","Utilidades 2023"],"articleSection":["Noticias"],"inLanguage":"es","potentialAction":[{"@type":"CommentAction","name":"Comment","target":["https:\/\/coparmexjal.org.mx\/entorno-empresarial\/890-mil-colaboradoras-y-colaboradores-de-jalisco-tendran-acceso-a-utilidades\/#respond"]}]},{"@type":"WebPage","@id":"https:\/\/coparmexjal.org.mx\/entorno-empresarial\/890-mil-colaboradoras-y-colaboradores-de-jalisco-tendran-acceso-a-utilidades\/","url":"https:\/\/coparmexjal.org.mx\/entorno-empresarial\/890-mil-colaboradoras-y-colaboradores-de-jalisco-tendran-acceso-a-utilidades\/","name":"890 mil colaboradoras y colaboradores de Jalisco tendr\u00e1n acceso a utilidades - Entorno Empresarial","isPartOf":{"@id":"https:\/\/coparmexjal.org.mx\/entorno-empresarial\/#website"},"primaryImageOfPage":{"@id":"https:\/\/coparmexjal.org.mx\/entorno-empresarial\/890-mil-colaboradoras-y-colaboradores-de-jalisco-tendran-acceso-a-utilidades\/#primaryimage"},"image":{"@id":"https:\/\/coparmexjal.org.mx\/entorno-empresarial\/890-mil-colaboradoras-y-colaboradores-de-jalisco-tendran-acceso-a-utilidades\/#primaryimage"},"thumbnailUrl":"https:\/\/coparmexjal.org.mx\/entorno-empresarial\/wp-content\/uploads\/2023\/05\/12.jpg","datePublished":"2023-05-22T19:57:47+00:00","dateModified":"2023-05-22T19:57:54+00:00","description":"El 76% de las empresas en la entidad, entregar\u00e1 reparto de utilidades correspondientes al 2022","breadcrumb":{"@id":"https:\/\/coparmexjal.org.mx\/entorno-empresarial\/890-mil-colaboradoras-y-colaboradores-de-jalisco-tendran-acceso-a-utilidades\/#breadcrumb"},"inLanguage":"es","potentialAction":[{"@type":"ReadAction","target":["https:\/\/coparmexjal.org.mx\/entorno-empresarial\/890-mil-colaboradoras-y-colaboradores-de-jalisco-tendran-acceso-a-utilidades\/"]}]},{"@type":"ImageObject","inLanguage":"es","@id":"https:\/\/coparmexjal.org.mx\/entorno-empresarial\/890-mil-colaboradoras-y-colaboradores-de-jalisco-tendran-acceso-a-utilidades\/#primaryimage","url":"https:\/\/coparmexjal.org.mx\/entorno-empresarial\/wp-content\/uploads\/2023\/05\/12.jpg","contentUrl":"https:\/\/coparmexjal.org.mx\/entorno-empresarial\/wp-content\/uploads\/2023\/05\/12.jpg","width":1067,"height":800},{"@type":"BreadcrumbList","@id":"https:\/\/coparmexjal.org.mx\/entorno-empresarial\/890-mil-colaboradoras-y-colaboradores-de-jalisco-tendran-acceso-a-utilidades\/#breadcrumb","itemListElement":[{"@type":"ListItem","position":1,"name":"Inicio","item":"https:\/\/coparmexjal.org.mx\/entorno-empresarial\/"},{"@type":"ListItem","position":2,"name":"890 mil colaboradoras y colaboradores de Jalisco tendr\u00e1n acceso a utilidades"}]},{"@type":"WebSite","@id":"https:\/\/coparmexjal.org.mx\/entorno-empresarial\/#website","url":"https:\/\/coparmexjal.org.mx\/entorno-empresarial\/","name":"Revista Entorno Empresarial","description":"Coparmex Jalisco","publisher":{"@id":"https:\/\/coparmexjal.org.mx\/entorno-empresarial\/#organization"},"potentialAction":[{"@type":"SearchAction","target":{"@type":"EntryPoint","urlTemplate":"https:\/\/coparmexjal.org.mx\/entorno-empresarial\/?s={search_term_string}"},"query-input":{"@type":"PropertyValueSpecification","valueRequired":true,"valueName":"search_term_string"}}],"inLanguage":"es"},{"@type":"Organization","@id":"https:\/\/coparmexjal.org.mx\/entorno-empresarial\/#organization","name":"Coparmex Jalisco","url":"https:\/\/coparmexjal.org.mx\/entorno-empresarial\/","logo":{"@type":"ImageObject","inLanguage":"es","@id":"https:\/\/coparmexjal.org.mx\/entorno-empresarial\/#\/schema\/logo\/image\/","url":"https:\/\/coparmexjal.org.mx\/entorno-empresarial\/wp-content\/uploads\/2020\/02\/logo-amp.png","contentUrl":"https:\/\/coparmexjal.org.mx\/entorno-empresarial\/wp-content\/uploads\/2020\/02\/logo-amp.png","width":120,"height":90,"caption":"Coparmex Jalisco"},"image":{"@id":"https:\/\/coparmexjal.org.mx\/entorno-empresarial\/#\/schema\/logo\/image\/"},"sameAs":["https:\/\/facebook.com\/comcoparmex","https:\/\/x.com\/comcoparmex","http:\/\/instagram.com\/coparmexjalisco","https:\/\/mx.linkedin.com\/company\/coparmex-jalisco","https:\/\/www.youtube.com\/c\/CoparmexJaliscomx"]},{"@type":"Person","@id":"https:\/\/coparmexjal.org.mx\/entorno-empresarial\/#\/schema\/person\/7d1d56a9587bfb3a725cd3dbfbdb9d44","name":"Coparmex Jalisco","image":{"@type":"ImageObject","inLanguage":"es","@id":"https:\/\/coparmexjal.org.mx\/entorno-empresarial\/wp-content\/uploads\/2020\/06\/favicon-150x133.png","url":"https:\/\/coparmexjal.org.mx\/entorno-empresarial\/wp-content\/uploads\/2020\/06\/favicon-150x133.png","contentUrl":"https:\/\/coparmexjal.org.mx\/entorno-empresarial\/wp-content\/uploads\/2020\/06\/favicon-150x133.png","caption":"Coparmex Jalisco"},"url":"https:\/\/coparmexjal.org.mx\/entorno-empresarial\/author\/coparmexjalisco\/"}]}},"_links":{"self":[{"href":"https:\/\/coparmexjal.org.mx\/entorno-empresarial\/wp-json\/wp\/v2\/posts\/7016","targetHints":{"allow":["GET"]}}],"collection":[{"href":"https:\/\/coparmexjal.org.mx\/entorno-empresarial\/wp-json\/wp\/v2\/posts"}],"about":[{"href":"https:\/\/coparmexjal.org.mx\/entorno-empresarial\/wp-json\/wp\/v2\/types\/post"}],"author":[{"embeddable":true,"href":"https:\/\/coparmexjal.org.mx\/entorno-empresarial\/wp-json\/wp\/v2\/users\/2"}],"replies":[{"embeddable":true,"href":"https:\/\/coparmexjal.org.mx\/entorno-empresarial\/wp-json\/wp\/v2\/comments?post=7016"}],"version-history":[{"count":1,"href":"https:\/\/coparmexjal.org.mx\/entorno-empresarial\/wp-json\/wp\/v2\/posts\/7016\/revisions"}],"predecessor-version":[{"id":7018,"href":"https:\/\/coparmexjal.org.mx\/entorno-empresarial\/wp-json\/wp\/v2\/posts\/7016\/revisions\/7018"}],"wp:featuredmedia":[{"embeddable":true,"href":"https:\/\/coparmexjal.org.mx\/entorno-empresarial\/wp-json\/wp\/v2\/media\/7017"}],"wp:attachment":[{"href":"https:\/\/coparmexjal.org.mx\/entorno-empresarial\/wp-json\/wp\/v2\/media?parent=7016"}],"wp:term":[{"taxonomy":"category","embeddable":true,"href":"https:\/\/coparmexjal.org.mx\/entorno-empresarial\/wp-json\/wp\/v2\/categories?post=7016"},{"taxonomy":"post_tag","embeddable":true,"href":"https:\/\/coparmexjal.org.mx\/entorno-empresarial\/wp-json\/wp\/v2\/tags?post=7016"}],"curies":[{"name":"wp","href":"https:\/\/api.w.org\/{rel}","templated":true}]}}