{"id":7006,"date":"2023-03-07T11:54:00","date_gmt":"2023-03-07T17:54:00","guid":{"rendered":"https:\/\/coparmexjal.org.mx\/entorno-empresarial\/?p=7006"},"modified":"2023-07-12T11:55:20","modified_gmt":"2023-07-12T17:55:20","slug":"apostando-por-la-innovacion-y-la-transformacion-digital","status":"publish","type":"post","link":"https:\/\/coparmexjal.org.mx\/entorno-empresarial\/apostando-por-la-innovacion-y-la-transformacion-digital\/","title":{"rendered":"Apostando por la innovaci\u00f3n y la transformaci\u00f3n digital"},"content":{"rendered":"\n<p>\u201cInnovar para impulsar la transformaci\u00f3n digital\u201d es el lema de Compucad, empresa con 34 a\u00f1os de experiencia en el mercado que provee soluciones con digitalizaci\u00f3n y que actualmente cuenta con cinco oficinas f\u00edsicas que dan cobertura a nivel nacional. Anfitriones del programa Insight Circles en su tercera edici\u00f3n, nos recibieron el pasado 28 de septiembre en sus instalaciones donde nos compartieron c\u00f3mo han utilizado las herramientas a su alcance para convertirse en una empresa innovadora galardonada con diferentes reconocimientos.<\/p>\n\n\n<div class=\"wp-block-image\">\n<figure class=\"alignleft size-large is-resized\"><img fetchpriority=\"high\" decoding=\"async\" src=\"https:\/\/coparmexjal.org.mx\/entorno-empresarial\/wp-content\/uploads\/2023\/05\/20220928_192454-1024x766.jpg\" alt=\"\" class=\"wp-image-7069\" width=\"318\" height=\"238\" srcset=\"https:\/\/coparmexjal.org.mx\/entorno-empresarial\/wp-content\/uploads\/2023\/05\/20220928_192454-1024x766.jpg 1024w, https:\/\/coparmexjal.org.mx\/entorno-empresarial\/wp-content\/uploads\/2023\/05\/20220928_192454-300x225.jpg 300w, https:\/\/coparmexjal.org.mx\/entorno-empresarial\/wp-content\/uploads\/2023\/05\/20220928_192454-768x575.jpg 768w, https:\/\/coparmexjal.org.mx\/entorno-empresarial\/wp-content\/uploads\/2023\/05\/20220928_192454-1000x753.jpg 1000w, https:\/\/coparmexjal.org.mx\/entorno-empresarial\/wp-content\/uploads\/2023\/05\/20220928_192454.jpg 1069w\" sizes=\"(max-width: 318px) 100vw, 318px\" \/><\/figure><\/div>\n\n\n<p>Compucad maneja tres modelos de negocio (Infraestructura Tradicional, Software como Servicio y Servicios Administrados) que est\u00e1n en constante innovaci\u00f3n y con los cuales puede ofrecer soluciones a todos sus clientes, gracias a esto han logrado expandirse. Pero comenzar los cambios en una organizaci\u00f3n no es algo f\u00e1cil, para lograrlo es importante permear en el ADN de la organizaci\u00f3n la idea de que la innovaci\u00f3n y todos los cambios que se desarrollan en torno a ella son beneficiosos no solo para la empresa, sino tambi\u00e9n para todos los colaboradores.<\/p>\n\n\n\n<p>Dentro de Compucad todos pueden aportar nuevas ideas, las cuales se registran en un formulario para despu\u00e9s ser analizadas por el comit\u00e9 que valida su viabilidad y se encarga de darles el seguimiento y desarrollo adecuado manteniendo el concepto de que para innovar primero hay que actualizar el proceso y despu\u00e9s hacerlo digital. Pero para lograr una transformaci\u00f3n digital hay que considerar factores que involucran el empoderamiento de los colaboradores, la conexi\u00f3n con los clientes y la optimizaci\u00f3n de operaciones.<\/p>\n\n\n<div class=\"wp-block-image\">\n<figure class=\"alignright size-large is-resized\"><img decoding=\"async\" src=\"https:\/\/coparmexjal.org.mx\/entorno-empresarial\/wp-content\/uploads\/2023\/05\/IMG_20220928_170635-1024x461.jpg\" alt=\"\" class=\"wp-image-7070\" width=\"542\" height=\"244\" srcset=\"https:\/\/coparmexjal.org.mx\/entorno-empresarial\/wp-content\/uploads\/2023\/05\/IMG_20220928_170635-1024x461.jpg 1024w, https:\/\/coparmexjal.org.mx\/entorno-empresarial\/wp-content\/uploads\/2023\/05\/IMG_20220928_170635-300x135.jpg 300w, https:\/\/coparmexjal.org.mx\/entorno-empresarial\/wp-content\/uploads\/2023\/05\/IMG_20220928_170635-768x346.jpg 768w, https:\/\/coparmexjal.org.mx\/entorno-empresarial\/wp-content\/uploads\/2023\/05\/IMG_20220928_170635-1536x691.jpg 1536w, https:\/\/coparmexjal.org.mx\/entorno-empresarial\/wp-content\/uploads\/2023\/05\/IMG_20220928_170635.jpg 1778w\" sizes=\"(max-width: 542px) 100vw, 542px\" \/><\/figure><\/div>\n\n\n<p>Al considerar el tema de la digitalizaci\u00f3n y los colaboradores, en Compucad han optado por mantener un esquema h\u00edbrido de trabajo que permite ampliar sus equipos a nivel nacional, de forma que un solo equipo puede estar conformado por miembros de distintas ciudades, adem\u00e1s de que les permite aprovechar de mejor manera las herramientas de trabajo y crear un lugar de trabajo moderno. Trabajar con un modelo h\u00edbrido para muchos fue una obligaci\u00f3n a ra\u00edz de la pandemia, pero para Compucad represent\u00f3 una oportunidad de vivir una experiencia diferente en sus oficinas, adem\u00e1s de impulsar a todos los colaboradores a desarrollar ideas que beneficien el modelo a distancia, tales como una app para reservar el lugar donde quieres trabajar.<\/p>\n\n\n\n<p>Las capacitaciones constantes, el apoyo en la adaptaci\u00f3n a este modelo laboral y la gesti\u00f3n para tener un espacio de trabajo en la casa de cada uno de sus colaboradores han hecho que en Compucad se desarrolle una arraigada cultura de confianza entre todos los que pertenecen a la organizaci\u00f3n y ha logrado que cada uno sea autogestivo respecto a su desarrollo y labores, haciendo una empresa no solo desarrollada en tecnolog\u00eda, sino tambi\u00e9n en la cultura que la compone. Agradecemos nuevamente a Compucad por abrirnos las puertas y recibirnos para compartirnos sus aprendizajes y experiencias que estamos seguros que ser\u00e1n aprovechadas por todos los asistentes.<\/p>\n","protected":false},"excerpt":{"rendered":"<p>\u201cInnovar para impulsar la transformaci\u00f3n digital\u201d es el lema de Compucad, empresa con 34 a\u00f1os de experiencia en el mercado que provee soluciones con digitalizaci\u00f3n<\/p>\n","protected":false},"author":85,"featured_media":7068,"comment_status":"open","ping_status":"open","sticky":false,"template":"","format":"standard","meta":{"footnotes":""},"categories":[495],"tags":[1338,285],"class_list":["post-7006","post","type-post","status-publish","format-standard","has-post-thumbnail","hentry","category-innovacion","tag-compucad","tag-innovacion"],"yoast_head":"<!-- This site is optimized with the Yoast SEO plugin v27.5 - https:\/\/yoast.com\/product\/yoast-seo-wordpress\/ -->\n<title>Apostando por la innovaci\u00f3n y la transformaci\u00f3n digital - Entorno Empresarial<\/title>\n<meta name=\"robots\" content=\"index, follow, max-snippet:-1, max-image-preview:large, max-video-preview:-1\" \/>\n<link rel=\"canonical\" href=\"https:\/\/coparmexjal.org.mx\/entorno-empresarial\/apostando-por-la-innovacion-y-la-transformacion-digital\/\" \/>\n<meta property=\"og:locale\" content=\"es_MX\" \/>\n<meta property=\"og:type\" content=\"article\" \/>\n<meta property=\"og:title\" content=\"Apostando por la innovaci\u00f3n y la transformaci\u00f3n digital - Entorno Empresarial\" \/>\n<meta property=\"og:description\" content=\"\u201cInnovar para impulsar la transformaci\u00f3n digital\u201d es el lema de Compucad, empresa con 34 a\u00f1os de experiencia en el mercado que provee soluciones con digitalizaci\u00f3n\" \/>\n<meta property=\"og:url\" content=\"https:\/\/coparmexjal.org.mx\/entorno-empresarial\/apostando-por-la-innovacion-y-la-transformacion-digital\/\" \/>\n<meta property=\"og:site_name\" content=\"Entorno Empresarial\" \/>\n<meta property=\"article:publisher\" content=\"https:\/\/facebook.com\/comcoparmex\" \/>\n<meta property=\"article:published_time\" content=\"2023-03-07T17:54:00+00:00\" \/>\n<meta property=\"article:modified_time\" content=\"2023-07-12T17:55:20+00:00\" \/>\n<meta property=\"og:image\" content=\"https:\/\/coparmexjal.org.mx\/entorno-empresarial\/wp-content\/uploads\/2023\/05\/20220928_164921.jpg\" \/>\n\t<meta property=\"og:image:width\" content=\"1069\" \/>\n\t<meta property=\"og:image:height\" content=\"800\" \/>\n\t<meta property=\"og:image:type\" content=\"image\/jpeg\" \/>\n<meta name=\"author\" content=\"Gerardo Jim\u00e9nez\" \/>\n<meta name=\"twitter:card\" content=\"summary_large_image\" \/>\n<meta name=\"twitter:creator\" content=\"@comcoparmex\" \/>\n<meta name=\"twitter:site\" content=\"@comcoparmex\" \/>\n<meta name=\"twitter:label1\" content=\"Escrito por\" \/>\n\t<meta name=\"twitter:data1\" content=\"Gerardo Jim\u00e9nez\" \/>\n\t<meta name=\"twitter:label2\" content=\"Tiempo de lectura\" \/>\n\t<meta name=\"twitter:data2\" content=\"3 minutos\" \/>\n<script type=\"application\/ld+json\" class=\"yoast-schema-graph\">{\"@context\":\"https:\\\/\\\/schema.org\",\"@graph\":[{\"@type\":\"Article\",\"@id\":\"https:\\\/\\\/coparmexjal.org.mx\\\/entorno-empresarial\\\/apostando-por-la-innovacion-y-la-transformacion-digital\\\/#article\",\"isPartOf\":{\"@id\":\"https:\\\/\\\/coparmexjal.org.mx\\\/entorno-empresarial\\\/apostando-por-la-innovacion-y-la-transformacion-digital\\\/\"},\"author\":{\"name\":\"Gerardo Jim\u00e9nez\",\"@id\":\"https:\\\/\\\/coparmexjal.org.mx\\\/entorno-empresarial\\\/#\\\/schema\\\/person\\\/c7657b8b82a5114876f78633ab593347\"},\"headline\":\"Apostando por la innovaci\u00f3n y la transformaci\u00f3n digital\",\"datePublished\":\"2023-03-07T17:54:00+00:00\",\"dateModified\":\"2023-07-12T17:55:20+00:00\",\"mainEntityOfPage\":{\"@id\":\"https:\\\/\\\/coparmexjal.org.mx\\\/entorno-empresarial\\\/apostando-por-la-innovacion-y-la-transformacion-digital\\\/\"},\"wordCount\":511,\"commentCount\":0,\"publisher\":{\"@id\":\"https:\\\/\\\/coparmexjal.org.mx\\\/entorno-empresarial\\\/#organization\"},\"image\":{\"@id\":\"https:\\\/\\\/coparmexjal.org.mx\\\/entorno-empresarial\\\/apostando-por-la-innovacion-y-la-transformacion-digital\\\/#primaryimage\"},\"thumbnailUrl\":\"https:\\\/\\\/coparmexjal.org.mx\\\/entorno-empresarial\\\/wp-content\\\/uploads\\\/2023\\\/05\\\/20220928_164921.jpg\",\"keywords\":[\"compucad\",\"innovaci\u00f3n\"],\"articleSection\":[\"Innovaci\u00f3n\"],\"inLanguage\":\"es\",\"potentialAction\":[{\"@type\":\"CommentAction\",\"name\":\"Comment\",\"target\":[\"https:\\\/\\\/coparmexjal.org.mx\\\/entorno-empresarial\\\/apostando-por-la-innovacion-y-la-transformacion-digital\\\/#respond\"]}]},{\"@type\":\"WebPage\",\"@id\":\"https:\\\/\\\/coparmexjal.org.mx\\\/entorno-empresarial\\\/apostando-por-la-innovacion-y-la-transformacion-digital\\\/\",\"url\":\"https:\\\/\\\/coparmexjal.org.mx\\\/entorno-empresarial\\\/apostando-por-la-innovacion-y-la-transformacion-digital\\\/\",\"name\":\"Apostando por la innovaci\u00f3n y la transformaci\u00f3n digital - Entorno Empresarial\",\"isPartOf\":{\"@id\":\"https:\\\/\\\/coparmexjal.org.mx\\\/entorno-empresarial\\\/#website\"},\"primaryImageOfPage\":{\"@id\":\"https:\\\/\\\/coparmexjal.org.mx\\\/entorno-empresarial\\\/apostando-por-la-innovacion-y-la-transformacion-digital\\\/#primaryimage\"},\"image\":{\"@id\":\"https:\\\/\\\/coparmexjal.org.mx\\\/entorno-empresarial\\\/apostando-por-la-innovacion-y-la-transformacion-digital\\\/#primaryimage\"},\"thumbnailUrl\":\"https:\\\/\\\/coparmexjal.org.mx\\\/entorno-empresarial\\\/wp-content\\\/uploads\\\/2023\\\/05\\\/20220928_164921.jpg\",\"datePublished\":\"2023-03-07T17:54:00+00:00\",\"dateModified\":\"2023-07-12T17:55:20+00:00\",\"breadcrumb\":{\"@id\":\"https:\\\/\\\/coparmexjal.org.mx\\\/entorno-empresarial\\\/apostando-por-la-innovacion-y-la-transformacion-digital\\\/#breadcrumb\"},\"inLanguage\":\"es\",\"potentialAction\":[{\"@type\":\"ReadAction\",\"target\":[\"https:\\\/\\\/coparmexjal.org.mx\\\/entorno-empresarial\\\/apostando-por-la-innovacion-y-la-transformacion-digital\\\/\"]}]},{\"@type\":\"ImageObject\",\"inLanguage\":\"es\",\"@id\":\"https:\\\/\\\/coparmexjal.org.mx\\\/entorno-empresarial\\\/apostando-por-la-innovacion-y-la-transformacion-digital\\\/#primaryimage\",\"url\":\"https:\\\/\\\/coparmexjal.org.mx\\\/entorno-empresarial\\\/wp-content\\\/uploads\\\/2023\\\/05\\\/20220928_164921.jpg\",\"contentUrl\":\"https:\\\/\\\/coparmexjal.org.mx\\\/entorno-empresarial\\\/wp-content\\\/uploads\\\/2023\\\/05\\\/20220928_164921.jpg\",\"width\":1069,\"height\":800},{\"@type\":\"BreadcrumbList\",\"@id\":\"https:\\\/\\\/coparmexjal.org.mx\\\/entorno-empresarial\\\/apostando-por-la-innovacion-y-la-transformacion-digital\\\/#breadcrumb\",\"itemListElement\":[{\"@type\":\"ListItem\",\"position\":1,\"name\":\"Inicio\",\"item\":\"https:\\\/\\\/coparmexjal.org.mx\\\/entorno-empresarial\\\/\"},{\"@type\":\"ListItem\",\"position\":2,\"name\":\"Apostando por la innovaci\u00f3n y la transformaci\u00f3n digital\"}]},{\"@type\":\"WebSite\",\"@id\":\"https:\\\/\\\/coparmexjal.org.mx\\\/entorno-empresarial\\\/#website\",\"url\":\"https:\\\/\\\/coparmexjal.org.mx\\\/entorno-empresarial\\\/\",\"name\":\"Revista Entorno Empresarial\",\"description\":\"Coparmex Jalisco\",\"publisher\":{\"@id\":\"https:\\\/\\\/coparmexjal.org.mx\\\/entorno-empresarial\\\/#organization\"},\"potentialAction\":[{\"@type\":\"SearchAction\",\"target\":{\"@type\":\"EntryPoint\",\"urlTemplate\":\"https:\\\/\\\/coparmexjal.org.mx\\\/entorno-empresarial\\\/?s={search_term_string}\"},\"query-input\":{\"@type\":\"PropertyValueSpecification\",\"valueRequired\":true,\"valueName\":\"search_term_string\"}}],\"inLanguage\":\"es\"},{\"@type\":\"Organization\",\"@id\":\"https:\\\/\\\/coparmexjal.org.mx\\\/entorno-empresarial\\\/#organization\",\"name\":\"Coparmex Jalisco\",\"url\":\"https:\\\/\\\/coparmexjal.org.mx\\\/entorno-empresarial\\\/\",\"logo\":{\"@type\":\"ImageObject\",\"inLanguage\":\"es\",\"@id\":\"https:\\\/\\\/coparmexjal.org.mx\\\/entorno-empresarial\\\/#\\\/schema\\\/logo\\\/image\\\/\",\"url\":\"https:\\\/\\\/coparmexjal.org.mx\\\/entorno-empresarial\\\/wp-content\\\/uploads\\\/2020\\\/02\\\/logo-amp.png\",\"contentUrl\":\"https:\\\/\\\/coparmexjal.org.mx\\\/entorno-empresarial\\\/wp-content\\\/uploads\\\/2020\\\/02\\\/logo-amp.png\",\"width\":120,\"height\":90,\"caption\":\"Coparmex Jalisco\"},\"image\":{\"@id\":\"https:\\\/\\\/coparmexjal.org.mx\\\/entorno-empresarial\\\/#\\\/schema\\\/logo\\\/image\\\/\"},\"sameAs\":[\"https:\\\/\\\/facebook.com\\\/comcoparmex\",\"https:\\\/\\\/x.com\\\/comcoparmex\",\"http:\\\/\\\/instagram.com\\\/coparmexjalisco\",\"https:\\\/\\\/mx.linkedin.com\\\/company\\\/coparmex-jalisco\",\"https:\\\/\\\/www.youtube.com\\\/c\\\/CoparmexJaliscomx\"]},{\"@type\":\"Person\",\"@id\":\"https:\\\/\\\/coparmexjal.org.mx\\\/entorno-empresarial\\\/#\\\/schema\\\/person\\\/c7657b8b82a5114876f78633ab593347\",\"name\":\"Gerardo Jim\u00e9nez\",\"image\":{\"@type\":\"ImageObject\",\"inLanguage\":\"es\",\"@id\":\"https:\\\/\\\/coparmexjal.org.mx\\\/entorno-empresarial\\\/wp-content\\\/uploads\\\/2021\\\/01\\\/Gerardo-Jimenez-2-150x150.png\",\"url\":\"https:\\\/\\\/coparmexjal.org.mx\\\/entorno-empresarial\\\/wp-content\\\/uploads\\\/2021\\\/01\\\/Gerardo-Jimenez-2-150x150.png\",\"contentUrl\":\"https:\\\/\\\/coparmexjal.org.mx\\\/entorno-empresarial\\\/wp-content\\\/uploads\\\/2021\\\/01\\\/Gerardo-Jimenez-2-150x150.png\",\"caption\":\"Gerardo Jim\u00e9nez\"},\"description\":\"Especialista en desarrollo pyme en Coparmex Jalisco\",\"sameAs\":[\"https:\\\/\\\/www.linkedin.com\\\/in\\\/gerardo-daniel-jim\u00e9nez-l\u00f3pez-607913159\\\/\"],\"url\":\"https:\\\/\\\/coparmexjal.org.mx\\\/entorno-empresarial\\\/author\\\/gerardojimenez\\\/\"}]}<\/script>\n<!-- \/ Yoast SEO plugin. -->","yoast_head_json":{"title":"Apostando por la innovaci\u00f3n y la transformaci\u00f3n digital - Entorno Empresarial","robots":{"index":"index","follow":"follow","max-snippet":"max-snippet:-1","max-image-preview":"max-image-preview:large","max-video-preview":"max-video-preview:-1"},"canonical":"https:\/\/coparmexjal.org.mx\/entorno-empresarial\/apostando-por-la-innovacion-y-la-transformacion-digital\/","og_locale":"es_MX","og_type":"article","og_title":"Apostando por la innovaci\u00f3n y la transformaci\u00f3n digital - Entorno Empresarial","og_description":"\u201cInnovar para impulsar la transformaci\u00f3n digital\u201d es el lema de Compucad, empresa con 34 a\u00f1os de experiencia en el mercado que provee soluciones con digitalizaci\u00f3n","og_url":"https:\/\/coparmexjal.org.mx\/entorno-empresarial\/apostando-por-la-innovacion-y-la-transformacion-digital\/","og_site_name":"Entorno Empresarial","article_publisher":"https:\/\/facebook.com\/comcoparmex","article_published_time":"2023-03-07T17:54:00+00:00","article_modified_time":"2023-07-12T17:55:20+00:00","og_image":[{"width":1069,"height":800,"url":"https:\/\/coparmexjal.org.mx\/entorno-empresarial\/wp-content\/uploads\/2023\/05\/20220928_164921.jpg","type":"image\/jpeg"}],"author":"Gerardo Jim\u00e9nez","twitter_card":"summary_large_image","twitter_creator":"@comcoparmex","twitter_site":"@comcoparmex","twitter_misc":{"Escrito por":"Gerardo Jim\u00e9nez","Tiempo de lectura":"3 minutos"},"schema":{"@context":"https:\/\/schema.org","@graph":[{"@type":"Article","@id":"https:\/\/coparmexjal.org.mx\/entorno-empresarial\/apostando-por-la-innovacion-y-la-transformacion-digital\/#article","isPartOf":{"@id":"https:\/\/coparmexjal.org.mx\/entorno-empresarial\/apostando-por-la-innovacion-y-la-transformacion-digital\/"},"author":{"name":"Gerardo Jim\u00e9nez","@id":"https:\/\/coparmexjal.org.mx\/entorno-empresarial\/#\/schema\/person\/c7657b8b82a5114876f78633ab593347"},"headline":"Apostando por la innovaci\u00f3n y la transformaci\u00f3n digital","datePublished":"2023-03-07T17:54:00+00:00","dateModified":"2023-07-12T17:55:20+00:00","mainEntityOfPage":{"@id":"https:\/\/coparmexjal.org.mx\/entorno-empresarial\/apostando-por-la-innovacion-y-la-transformacion-digital\/"},"wordCount":511,"commentCount":0,"publisher":{"@id":"https:\/\/coparmexjal.org.mx\/entorno-empresarial\/#organization"},"image":{"@id":"https:\/\/coparmexjal.org.mx\/entorno-empresarial\/apostando-por-la-innovacion-y-la-transformacion-digital\/#primaryimage"},"thumbnailUrl":"https:\/\/coparmexjal.org.mx\/entorno-empresarial\/wp-content\/uploads\/2023\/05\/20220928_164921.jpg","keywords":["compucad","innovaci\u00f3n"],"articleSection":["Innovaci\u00f3n"],"inLanguage":"es","potentialAction":[{"@type":"CommentAction","name":"Comment","target":["https:\/\/coparmexjal.org.mx\/entorno-empresarial\/apostando-por-la-innovacion-y-la-transformacion-digital\/#respond"]}]},{"@type":"WebPage","@id":"https:\/\/coparmexjal.org.mx\/entorno-empresarial\/apostando-por-la-innovacion-y-la-transformacion-digital\/","url":"https:\/\/coparmexjal.org.mx\/entorno-empresarial\/apostando-por-la-innovacion-y-la-transformacion-digital\/","name":"Apostando por la innovaci\u00f3n y la transformaci\u00f3n digital - Entorno Empresarial","isPartOf":{"@id":"https:\/\/coparmexjal.org.mx\/entorno-empresarial\/#website"},"primaryImageOfPage":{"@id":"https:\/\/coparmexjal.org.mx\/entorno-empresarial\/apostando-por-la-innovacion-y-la-transformacion-digital\/#primaryimage"},"image":{"@id":"https:\/\/coparmexjal.org.mx\/entorno-empresarial\/apostando-por-la-innovacion-y-la-transformacion-digital\/#primaryimage"},"thumbnailUrl":"https:\/\/coparmexjal.org.mx\/entorno-empresarial\/wp-content\/uploads\/2023\/05\/20220928_164921.jpg","datePublished":"2023-03-07T17:54:00+00:00","dateModified":"2023-07-12T17:55:20+00:00","breadcrumb":{"@id":"https:\/\/coparmexjal.org.mx\/entorno-empresarial\/apostando-por-la-innovacion-y-la-transformacion-digital\/#breadcrumb"},"inLanguage":"es","potentialAction":[{"@type":"ReadAction","target":["https:\/\/coparmexjal.org.mx\/entorno-empresarial\/apostando-por-la-innovacion-y-la-transformacion-digital\/"]}]},{"@type":"ImageObject","inLanguage":"es","@id":"https:\/\/coparmexjal.org.mx\/entorno-empresarial\/apostando-por-la-innovacion-y-la-transformacion-digital\/#primaryimage","url":"https:\/\/coparmexjal.org.mx\/entorno-empresarial\/wp-content\/uploads\/2023\/05\/20220928_164921.jpg","contentUrl":"https:\/\/coparmexjal.org.mx\/entorno-empresarial\/wp-content\/uploads\/2023\/05\/20220928_164921.jpg","width":1069,"height":800},{"@type":"BreadcrumbList","@id":"https:\/\/coparmexjal.org.mx\/entorno-empresarial\/apostando-por-la-innovacion-y-la-transformacion-digital\/#breadcrumb","itemListElement":[{"@type":"ListItem","position":1,"name":"Inicio","item":"https:\/\/coparmexjal.org.mx\/entorno-empresarial\/"},{"@type":"ListItem","position":2,"name":"Apostando por la innovaci\u00f3n y la transformaci\u00f3n digital"}]},{"@type":"WebSite","@id":"https:\/\/coparmexjal.org.mx\/entorno-empresarial\/#website","url":"https:\/\/coparmexjal.org.mx\/entorno-empresarial\/","name":"Revista Entorno Empresarial","description":"Coparmex Jalisco","publisher":{"@id":"https:\/\/coparmexjal.org.mx\/entorno-empresarial\/#organization"},"potentialAction":[{"@type":"SearchAction","target":{"@type":"EntryPoint","urlTemplate":"https:\/\/coparmexjal.org.mx\/entorno-empresarial\/?s={search_term_string}"},"query-input":{"@type":"PropertyValueSpecification","valueRequired":true,"valueName":"search_term_string"}}],"inLanguage":"es"},{"@type":"Organization","@id":"https:\/\/coparmexjal.org.mx\/entorno-empresarial\/#organization","name":"Coparmex Jalisco","url":"https:\/\/coparmexjal.org.mx\/entorno-empresarial\/","logo":{"@type":"ImageObject","inLanguage":"es","@id":"https:\/\/coparmexjal.org.mx\/entorno-empresarial\/#\/schema\/logo\/image\/","url":"https:\/\/coparmexjal.org.mx\/entorno-empresarial\/wp-content\/uploads\/2020\/02\/logo-amp.png","contentUrl":"https:\/\/coparmexjal.org.mx\/entorno-empresarial\/wp-content\/uploads\/2020\/02\/logo-amp.png","width":120,"height":90,"caption":"Coparmex Jalisco"},"image":{"@id":"https:\/\/coparmexjal.org.mx\/entorno-empresarial\/#\/schema\/logo\/image\/"},"sameAs":["https:\/\/facebook.com\/comcoparmex","https:\/\/x.com\/comcoparmex","http:\/\/instagram.com\/coparmexjalisco","https:\/\/mx.linkedin.com\/company\/coparmex-jalisco","https:\/\/www.youtube.com\/c\/CoparmexJaliscomx"]},{"@type":"Person","@id":"https:\/\/coparmexjal.org.mx\/entorno-empresarial\/#\/schema\/person\/c7657b8b82a5114876f78633ab593347","name":"Gerardo Jim\u00e9nez","image":{"@type":"ImageObject","inLanguage":"es","@id":"https:\/\/coparmexjal.org.mx\/entorno-empresarial\/wp-content\/uploads\/2021\/01\/Gerardo-Jimenez-2-150x150.png","url":"https:\/\/coparmexjal.org.mx\/entorno-empresarial\/wp-content\/uploads\/2021\/01\/Gerardo-Jimenez-2-150x150.png","contentUrl":"https:\/\/coparmexjal.org.mx\/entorno-empresarial\/wp-content\/uploads\/2021\/01\/Gerardo-Jimenez-2-150x150.png","caption":"Gerardo Jim\u00e9nez"},"description":"Especialista en desarrollo pyme en Coparmex Jalisco","sameAs":["https:\/\/www.linkedin.com\/in\/gerardo-daniel-jim\u00e9nez-l\u00f3pez-607913159\/"],"url":"https:\/\/coparmexjal.org.mx\/entorno-empresarial\/author\/gerardojimenez\/"}]}},"_links":{"self":[{"href":"https:\/\/coparmexjal.org.mx\/entorno-empresarial\/wp-json\/wp\/v2\/posts\/7006","targetHints":{"allow":["GET"]}}],"collection":[{"href":"https:\/\/coparmexjal.org.mx\/entorno-empresarial\/wp-json\/wp\/v2\/posts"}],"about":[{"href":"https:\/\/coparmexjal.org.mx\/entorno-empresarial\/wp-json\/wp\/v2\/types\/post"}],"author":[{"embeddable":true,"href":"https:\/\/coparmexjal.org.mx\/entorno-empresarial\/wp-json\/wp\/v2\/users\/85"}],"replies":[{"embeddable":true,"href":"https:\/\/coparmexjal.org.mx\/entorno-empresarial\/wp-json\/wp\/v2\/comments?post=7006"}],"version-history":[{"count":2,"href":"https:\/\/coparmexjal.org.mx\/entorno-empresarial\/wp-json\/wp\/v2\/posts\/7006\/revisions"}],"predecessor-version":[{"id":7072,"href":"https:\/\/coparmexjal.org.mx\/entorno-empresarial\/wp-json\/wp\/v2\/posts\/7006\/revisions\/7072"}],"wp:featuredmedia":[{"embeddable":true,"href":"https:\/\/coparmexjal.org.mx\/entorno-empresarial\/wp-json\/wp\/v2\/media\/7068"}],"wp:attachment":[{"href":"https:\/\/coparmexjal.org.mx\/entorno-empresarial\/wp-json\/wp\/v2\/media?parent=7006"}],"wp:term":[{"taxonomy":"category","embeddable":true,"href":"https:\/\/coparmexjal.org.mx\/entorno-empresarial\/wp-json\/wp\/v2\/categories?post=7006"},{"taxonomy":"post_tag","embeddable":true,"href":"https:\/\/coparmexjal.org.mx\/entorno-empresarial\/wp-json\/wp\/v2\/tags?post=7006"}],"curies":[{"name":"wp","href":"https:\/\/api.w.org\/{rel}","templated":true}]}}