{"id":6992,"date":"2023-05-08T16:00:17","date_gmt":"2023-05-08T22:00:17","guid":{"rendered":"https:\/\/coparmexjal.org.mx\/entorno-empresarial\/?p=6992"},"modified":"2023-05-17T16:28:34","modified_gmt":"2023-05-17T22:28:34","slug":"sabes-que-es-el-arrendamiento-puro","status":"publish","type":"post","link":"https:\/\/coparmexjal.org.mx\/entorno-empresarial\/sabes-que-es-el-arrendamiento-puro\/","title":{"rendered":"\u00bfSabes que es el Arrendamiento Puro?"},"content":{"rendered":"\n<p>Eso y m\u00e1s nos cont\u00f3 el equipo de IRM Leasing Group el pasado 11 de enero en la visita que realizamos a sus instalaciones como parte del programa Insight Circles. Durante la sesi\u00f3n nos dieron un recorrido por sus nuevas instalaciones y nos contaron un poco de la historia del grupo, sus inicios como Matrix Arrendadora en 2010, aperturando las l\u00edneas de negocio en 2017 de Capital Med e IRM Leasing.<\/p>\n\n\n\n<p>Durante nuestra visita el equipo nos cont\u00f3 c\u00f3mo en marzo de 2020 se crea IRM LEASING Group integrando y consolidando a todas las marcas de la empresa. En agosto de 2021 obtuvieron la certificaci\u00f3n ESR, adem\u00e1s de contar con la calificaci\u00f3n de cartera de HR ratings con el nivel HR AP4 y entre sus logros anuales esta la aprobaci\u00f3n de la auditor\u00eda en PLD.<\/p>\n\n\n<div class=\"wp-block-image\">\n<figure class=\"alignleft size-full is-resized\"><img fetchpriority=\"high\" decoding=\"async\" src=\"https:\/\/coparmexjal.org.mx\/entorno-empresarial\/wp-content\/uploads\/2023\/05\/WhatsApp-Image-2023-05-17-at-4.04.24-PM-8.jpeg\" alt=\"\" class=\"wp-image-7002\" width=\"287\" height=\"215\" srcset=\"https:\/\/coparmexjal.org.mx\/entorno-empresarial\/wp-content\/uploads\/2023\/05\/WhatsApp-Image-2023-05-17-at-4.04.24-PM-8.jpeg 1024w, https:\/\/coparmexjal.org.mx\/entorno-empresarial\/wp-content\/uploads\/2023\/05\/WhatsApp-Image-2023-05-17-at-4.04.24-PM-8-300x224.jpeg 300w, https:\/\/coparmexjal.org.mx\/entorno-empresarial\/wp-content\/uploads\/2023\/05\/WhatsApp-Image-2023-05-17-at-4.04.24-PM-8-768x575.jpeg 768w, https:\/\/coparmexjal.org.mx\/entorno-empresarial\/wp-content\/uploads\/2023\/05\/WhatsApp-Image-2023-05-17-at-4.04.24-PM-8-1000x753.jpeg 1000w\" sizes=\"(max-width: 287px) 100vw, 287px\" \/><\/figure><\/div>\n\n\n<p>IRM Leasing tiene presencia a nivel nacional concentrada en las zonas: noroeste, noreste, sureste, baj\u00edo y occidente. Con el objetivo de desarrollar micro, peque\u00f1as y medianas empresas en IRM buscan el producto que se adecua a tus necesidades, siempre enfocados a una relaci\u00f3n tiempo-valor y estrictamente a tus flujos de operaci\u00f3n.<\/p>\n\n\n\n<p>Tambi\u00e9n nos contaron c\u00f3mo es que dentro de los departamentos se sigue un estricto proceso el cual funciona para evitar riesgos de la cartera de clientes, resaltando que cuentan con un \u00e1rea de riesgos, quienes son el filtro final para aprobar o negar un cliente. Con el an\u00e1lisis de los cuatro puntos de riesgo que manejan logran identificar que los clientes sean reales y factibles.<\/p>\n\n\n\n<p>Pero la estructura organizacional de IRM Leasing Group no solo tiene las \u00e1reas mencionadas, sino que se maneja mediante el Gobierno corporativo cuyos \u00d3rganos de Gobierno son:<\/p>\n\n\n\n<p>-Consejo de administraci\u00f3n<\/p>\n\n\n\n<p>*Direcci\u00f3n General<\/p>\n\n\n\n<p>-Comit\u00e9s de apoyo<\/p>\n\n\n\n<p>*Comit\u00e9 de auditor\u00eda<\/p>\n\n\n\n<p>*Comit\u00e9 integral de riesgos<\/p>\n\n\n\n<p>*Comit\u00e9 de pr\u00e1cticas societarias<\/p>\n\n\n\n<p>La empresa est\u00e1 orgullosa del gobierno corporativo ya que gracias a las ventajas del mismo (estructura organizacional, transparencia, exposici\u00f3n al mercado) han obtenido muchos beneficios.<\/p>\n\n\n<div class=\"wp-block-image\">\n<figure class=\"alignleft size-full is-resized\"><img decoding=\"async\" src=\"https:\/\/coparmexjal.org.mx\/entorno-empresarial\/wp-content\/uploads\/2023\/05\/WhatsApp-Image-2023-05-17-at-4.04.24-PM-6.jpeg\" alt=\"\" class=\"wp-image-7001\" width=\"306\" height=\"229\" srcset=\"https:\/\/coparmexjal.org.mx\/entorno-empresarial\/wp-content\/uploads\/2023\/05\/WhatsApp-Image-2023-05-17-at-4.04.24-PM-6.jpeg 1024w, https:\/\/coparmexjal.org.mx\/entorno-empresarial\/wp-content\/uploads\/2023\/05\/WhatsApp-Image-2023-05-17-at-4.04.24-PM-6-300x224.jpeg 300w, https:\/\/coparmexjal.org.mx\/entorno-empresarial\/wp-content\/uploads\/2023\/05\/WhatsApp-Image-2023-05-17-at-4.04.24-PM-6-768x575.jpeg 768w, https:\/\/coparmexjal.org.mx\/entorno-empresarial\/wp-content\/uploads\/2023\/05\/WhatsApp-Image-2023-05-17-at-4.04.24-PM-6-390x290.jpeg 390w, https:\/\/coparmexjal.org.mx\/entorno-empresarial\/wp-content\/uploads\/2023\/05\/WhatsApp-Image-2023-05-17-at-4.04.24-PM-6-1000x753.jpeg 1000w\" sizes=\"(max-width: 306px) 100vw, 306px\" \/><\/figure><\/div>\n\n\n<p>Algo m\u00e1s que pudimos aprender durante la sesi\u00f3n es que en el a\u00f1o 2020 comenzaron a involucrarse en los objetivos de desarrollo sostenible de la ONU gracias a su compromiso con la Responsabilidad Social, generando valor en cinco de ellos:<\/p>\n\n\n\n<ol class=\"wp-block-list\" type=\"1\">\n<li>Salud y bienestar (promoviendo estilos de vida saludables)<\/li>\n\n\n\n<li>Educaci\u00f3n de Calidad (fomentando la educaci\u00f3n de sus colaboradores y sus familias)<\/li>\n\n\n\n<li>Igualdad de g\u00e9nero (manteniendo un trato igualitario)<\/li>\n\n\n\n<li>Trabajo decente y crecimiento econ\u00f3mico (ofreciendo oportunidades de desarrollo a j\u00f3venes que est\u00e1n a\u00fan estudiando y proporcion\u00e1ndoles capacitaci\u00f3n para su desarrollo profesional)<\/li>\n\n\n\n<li>Industria, innovaci\u00f3n e infraestructura (promoviendo proyectos de inversi\u00f3n en donde haya innovaci\u00f3n y una infraestructura sustentable)<\/li>\n<\/ol>\n\n\n\n<p>Estamos seguros que todos los participantes obtuvieron mucho provecho de la sesi\u00f3n, por lo que agradecemos al equipo de IRM Leasing Group por compartirnos mucho de su conocimiento y aprendizajes y de igual manera agradecemos a algunos clientes que han sido caso de \u00e9xito de esta gran empresa ya que otorgaron algunos regalos a los asistentes.<\/p>\n","protected":false},"excerpt":{"rendered":"<p>Eso y m\u00e1s nos cont\u00f3 el equipo de IRM Leasing Group el pasado 11 de enero en la visita que realizamos a sus instalaciones como<\/p>\n","protected":false},"author":85,"featured_media":7004,"comment_status":"open","ping_status":"open","sticky":false,"template":"","format":"standard","meta":{"footnotes":""},"categories":[152,495],"tags":[173,285,1337],"class_list":["post-6992","post","type-post","status-publish","format-standard","has-post-thumbnail","hentry","category-empresas","category-innovacion","tag-empresas","tag-innovacion","tag-irm"],"yoast_head":"<!-- This site is optimized with the Yoast SEO plugin v27.5 - https:\/\/yoast.com\/product\/yoast-seo-wordpress\/ -->\n<title>\u00bfSabes que es el Arrendamiento Puro? - Entorno Empresarial<\/title>\n<meta name=\"robots\" content=\"index, follow, max-snippet:-1, max-image-preview:large, max-video-preview:-1\" \/>\n<link rel=\"canonical\" href=\"https:\/\/coparmexjal.org.mx\/entorno-empresarial\/sabes-que-es-el-arrendamiento-puro\/\" \/>\n<meta property=\"og:locale\" content=\"es_MX\" \/>\n<meta property=\"og:type\" content=\"article\" \/>\n<meta property=\"og:title\" content=\"\u00bfSabes que es el Arrendamiento Puro? - Entorno Empresarial\" \/>\n<meta property=\"og:description\" content=\"Eso y m\u00e1s nos cont\u00f3 el equipo de IRM Leasing Group el pasado 11 de enero en la visita que realizamos a sus instalaciones como\" \/>\n<meta property=\"og:url\" content=\"https:\/\/coparmexjal.org.mx\/entorno-empresarial\/sabes-que-es-el-arrendamiento-puro\/\" \/>\n<meta property=\"og:site_name\" content=\"Entorno Empresarial\" \/>\n<meta property=\"article:publisher\" content=\"https:\/\/facebook.com\/comcoparmex\" \/>\n<meta property=\"article:published_time\" content=\"2023-05-08T22:00:17+00:00\" \/>\n<meta property=\"article:modified_time\" content=\"2023-05-17T22:28:34+00:00\" \/>\n<meta property=\"og:image\" content=\"https:\/\/coparmexjal.org.mx\/entorno-empresarial\/wp-content\/uploads\/2023\/05\/WhatsApp-Image-2023-05-17-at-4.04.24-PM-e1684362406406.jpeg\" \/>\n\t<meta property=\"og:image:width\" content=\"1024\" \/>\n\t<meta property=\"og:image:height\" content=\"463\" \/>\n\t<meta property=\"og:image:type\" content=\"image\/jpeg\" \/>\n<meta name=\"author\" content=\"Gerardo Jim\u00e9nez\" \/>\n<meta name=\"twitter:card\" content=\"summary_large_image\" \/>\n<meta name=\"twitter:creator\" content=\"@comcoparmex\" \/>\n<meta name=\"twitter:site\" content=\"@comcoparmex\" \/>\n<meta name=\"twitter:label1\" content=\"Escrito por\" \/>\n\t<meta name=\"twitter:data1\" content=\"Gerardo Jim\u00e9nez\" \/>\n\t<meta name=\"twitter:label2\" content=\"Tiempo de lectura\" \/>\n\t<meta name=\"twitter:data2\" content=\"3 minutos\" \/>\n<script type=\"application\/ld+json\" class=\"yoast-schema-graph\">{\"@context\":\"https:\\\/\\\/schema.org\",\"@graph\":[{\"@type\":\"Article\",\"@id\":\"https:\\\/\\\/coparmexjal.org.mx\\\/entorno-empresarial\\\/sabes-que-es-el-arrendamiento-puro\\\/#article\",\"isPartOf\":{\"@id\":\"https:\\\/\\\/coparmexjal.org.mx\\\/entorno-empresarial\\\/sabes-que-es-el-arrendamiento-puro\\\/\"},\"author\":{\"name\":\"Gerardo Jim\u00e9nez\",\"@id\":\"https:\\\/\\\/coparmexjal.org.mx\\\/entorno-empresarial\\\/#\\\/schema\\\/person\\\/c7657b8b82a5114876f78633ab593347\"},\"headline\":\"\u00bfSabes que es el Arrendamiento Puro?\",\"datePublished\":\"2023-05-08T22:00:17+00:00\",\"dateModified\":\"2023-05-17T22:28:34+00:00\",\"mainEntityOfPage\":{\"@id\":\"https:\\\/\\\/coparmexjal.org.mx\\\/entorno-empresarial\\\/sabes-que-es-el-arrendamiento-puro\\\/\"},\"wordCount\":521,\"commentCount\":0,\"publisher\":{\"@id\":\"https:\\\/\\\/coparmexjal.org.mx\\\/entorno-empresarial\\\/#organization\"},\"image\":{\"@id\":\"https:\\\/\\\/coparmexjal.org.mx\\\/entorno-empresarial\\\/sabes-que-es-el-arrendamiento-puro\\\/#primaryimage\"},\"thumbnailUrl\":\"https:\\\/\\\/coparmexjal.org.mx\\\/entorno-empresarial\\\/wp-content\\\/uploads\\\/2023\\\/05\\\/WhatsApp-Image-2023-05-17-at-4.04.24-PM-e1684362406406.jpeg\",\"keywords\":[\"empresas\",\"innovaci\u00f3n\",\"irm\"],\"articleSection\":[\"Empresas\",\"Innovaci\u00f3n\"],\"inLanguage\":\"es\",\"potentialAction\":[{\"@type\":\"CommentAction\",\"name\":\"Comment\",\"target\":[\"https:\\\/\\\/coparmexjal.org.mx\\\/entorno-empresarial\\\/sabes-que-es-el-arrendamiento-puro\\\/#respond\"]}]},{\"@type\":\"WebPage\",\"@id\":\"https:\\\/\\\/coparmexjal.org.mx\\\/entorno-empresarial\\\/sabes-que-es-el-arrendamiento-puro\\\/\",\"url\":\"https:\\\/\\\/coparmexjal.org.mx\\\/entorno-empresarial\\\/sabes-que-es-el-arrendamiento-puro\\\/\",\"name\":\"\u00bfSabes que es el Arrendamiento Puro? - Entorno Empresarial\",\"isPartOf\":{\"@id\":\"https:\\\/\\\/coparmexjal.org.mx\\\/entorno-empresarial\\\/#website\"},\"primaryImageOfPage\":{\"@id\":\"https:\\\/\\\/coparmexjal.org.mx\\\/entorno-empresarial\\\/sabes-que-es-el-arrendamiento-puro\\\/#primaryimage\"},\"image\":{\"@id\":\"https:\\\/\\\/coparmexjal.org.mx\\\/entorno-empresarial\\\/sabes-que-es-el-arrendamiento-puro\\\/#primaryimage\"},\"thumbnailUrl\":\"https:\\\/\\\/coparmexjal.org.mx\\\/entorno-empresarial\\\/wp-content\\\/uploads\\\/2023\\\/05\\\/WhatsApp-Image-2023-05-17-at-4.04.24-PM-e1684362406406.jpeg\",\"datePublished\":\"2023-05-08T22:00:17+00:00\",\"dateModified\":\"2023-05-17T22:28:34+00:00\",\"breadcrumb\":{\"@id\":\"https:\\\/\\\/coparmexjal.org.mx\\\/entorno-empresarial\\\/sabes-que-es-el-arrendamiento-puro\\\/#breadcrumb\"},\"inLanguage\":\"es\",\"potentialAction\":[{\"@type\":\"ReadAction\",\"target\":[\"https:\\\/\\\/coparmexjal.org.mx\\\/entorno-empresarial\\\/sabes-que-es-el-arrendamiento-puro\\\/\"]}]},{\"@type\":\"ImageObject\",\"inLanguage\":\"es\",\"@id\":\"https:\\\/\\\/coparmexjal.org.mx\\\/entorno-empresarial\\\/sabes-que-es-el-arrendamiento-puro\\\/#primaryimage\",\"url\":\"https:\\\/\\\/coparmexjal.org.mx\\\/entorno-empresarial\\\/wp-content\\\/uploads\\\/2023\\\/05\\\/WhatsApp-Image-2023-05-17-at-4.04.24-PM-e1684362406406.jpeg\",\"contentUrl\":\"https:\\\/\\\/coparmexjal.org.mx\\\/entorno-empresarial\\\/wp-content\\\/uploads\\\/2023\\\/05\\\/WhatsApp-Image-2023-05-17-at-4.04.24-PM-e1684362406406.jpeg\",\"width\":1024,\"height\":463},{\"@type\":\"BreadcrumbList\",\"@id\":\"https:\\\/\\\/coparmexjal.org.mx\\\/entorno-empresarial\\\/sabes-que-es-el-arrendamiento-puro\\\/#breadcrumb\",\"itemListElement\":[{\"@type\":\"ListItem\",\"position\":1,\"name\":\"Inicio\",\"item\":\"https:\\\/\\\/coparmexjal.org.mx\\\/entorno-empresarial\\\/\"},{\"@type\":\"ListItem\",\"position\":2,\"name\":\"\u00bfSabes que es el Arrendamiento Puro?\"}]},{\"@type\":\"WebSite\",\"@id\":\"https:\\\/\\\/coparmexjal.org.mx\\\/entorno-empresarial\\\/#website\",\"url\":\"https:\\\/\\\/coparmexjal.org.mx\\\/entorno-empresarial\\\/\",\"name\":\"Revista Entorno Empresarial\",\"description\":\"Coparmex Jalisco\",\"publisher\":{\"@id\":\"https:\\\/\\\/coparmexjal.org.mx\\\/entorno-empresarial\\\/#organization\"},\"potentialAction\":[{\"@type\":\"SearchAction\",\"target\":{\"@type\":\"EntryPoint\",\"urlTemplate\":\"https:\\\/\\\/coparmexjal.org.mx\\\/entorno-empresarial\\\/?s={search_term_string}\"},\"query-input\":{\"@type\":\"PropertyValueSpecification\",\"valueRequired\":true,\"valueName\":\"search_term_string\"}}],\"inLanguage\":\"es\"},{\"@type\":\"Organization\",\"@id\":\"https:\\\/\\\/coparmexjal.org.mx\\\/entorno-empresarial\\\/#organization\",\"name\":\"Coparmex Jalisco\",\"url\":\"https:\\\/\\\/coparmexjal.org.mx\\\/entorno-empresarial\\\/\",\"logo\":{\"@type\":\"ImageObject\",\"inLanguage\":\"es\",\"@id\":\"https:\\\/\\\/coparmexjal.org.mx\\\/entorno-empresarial\\\/#\\\/schema\\\/logo\\\/image\\\/\",\"url\":\"https:\\\/\\\/coparmexjal.org.mx\\\/entorno-empresarial\\\/wp-content\\\/uploads\\\/2020\\\/02\\\/logo-amp.png\",\"contentUrl\":\"https:\\\/\\\/coparmexjal.org.mx\\\/entorno-empresarial\\\/wp-content\\\/uploads\\\/2020\\\/02\\\/logo-amp.png\",\"width\":120,\"height\":90,\"caption\":\"Coparmex Jalisco\"},\"image\":{\"@id\":\"https:\\\/\\\/coparmexjal.org.mx\\\/entorno-empresarial\\\/#\\\/schema\\\/logo\\\/image\\\/\"},\"sameAs\":[\"https:\\\/\\\/facebook.com\\\/comcoparmex\",\"https:\\\/\\\/x.com\\\/comcoparmex\",\"http:\\\/\\\/instagram.com\\\/coparmexjalisco\",\"https:\\\/\\\/mx.linkedin.com\\\/company\\\/coparmex-jalisco\",\"https:\\\/\\\/www.youtube.com\\\/c\\\/CoparmexJaliscomx\"]},{\"@type\":\"Person\",\"@id\":\"https:\\\/\\\/coparmexjal.org.mx\\\/entorno-empresarial\\\/#\\\/schema\\\/person\\\/c7657b8b82a5114876f78633ab593347\",\"name\":\"Gerardo Jim\u00e9nez\",\"image\":{\"@type\":\"ImageObject\",\"inLanguage\":\"es\",\"@id\":\"https:\\\/\\\/coparmexjal.org.mx\\\/entorno-empresarial\\\/wp-content\\\/uploads\\\/2021\\\/01\\\/Gerardo-Jimenez-2-150x150.png\",\"url\":\"https:\\\/\\\/coparmexjal.org.mx\\\/entorno-empresarial\\\/wp-content\\\/uploads\\\/2021\\\/01\\\/Gerardo-Jimenez-2-150x150.png\",\"contentUrl\":\"https:\\\/\\\/coparmexjal.org.mx\\\/entorno-empresarial\\\/wp-content\\\/uploads\\\/2021\\\/01\\\/Gerardo-Jimenez-2-150x150.png\",\"caption\":\"Gerardo Jim\u00e9nez\"},\"description\":\"Especialista en desarrollo pyme en Coparmex Jalisco\",\"sameAs\":[\"https:\\\/\\\/www.linkedin.com\\\/in\\\/gerardo-daniel-jim\u00e9nez-l\u00f3pez-607913159\\\/\"],\"url\":\"https:\\\/\\\/coparmexjal.org.mx\\\/entorno-empresarial\\\/author\\\/gerardojimenez\\\/\"}]}<\/script>\n<!-- \/ Yoast SEO plugin. -->","yoast_head_json":{"title":"\u00bfSabes que es el Arrendamiento Puro? - Entorno Empresarial","robots":{"index":"index","follow":"follow","max-snippet":"max-snippet:-1","max-image-preview":"max-image-preview:large","max-video-preview":"max-video-preview:-1"},"canonical":"https:\/\/coparmexjal.org.mx\/entorno-empresarial\/sabes-que-es-el-arrendamiento-puro\/","og_locale":"es_MX","og_type":"article","og_title":"\u00bfSabes que es el Arrendamiento Puro? - Entorno Empresarial","og_description":"Eso y m\u00e1s nos cont\u00f3 el equipo de IRM Leasing Group el pasado 11 de enero en la visita que realizamos a sus instalaciones como","og_url":"https:\/\/coparmexjal.org.mx\/entorno-empresarial\/sabes-que-es-el-arrendamiento-puro\/","og_site_name":"Entorno Empresarial","article_publisher":"https:\/\/facebook.com\/comcoparmex","article_published_time":"2023-05-08T22:00:17+00:00","article_modified_time":"2023-05-17T22:28:34+00:00","og_image":[{"width":1024,"height":463,"url":"https:\/\/coparmexjal.org.mx\/entorno-empresarial\/wp-content\/uploads\/2023\/05\/WhatsApp-Image-2023-05-17-at-4.04.24-PM-e1684362406406.jpeg","type":"image\/jpeg"}],"author":"Gerardo Jim\u00e9nez","twitter_card":"summary_large_image","twitter_creator":"@comcoparmex","twitter_site":"@comcoparmex","twitter_misc":{"Escrito por":"Gerardo Jim\u00e9nez","Tiempo de lectura":"3 minutos"},"schema":{"@context":"https:\/\/schema.org","@graph":[{"@type":"Article","@id":"https:\/\/coparmexjal.org.mx\/entorno-empresarial\/sabes-que-es-el-arrendamiento-puro\/#article","isPartOf":{"@id":"https:\/\/coparmexjal.org.mx\/entorno-empresarial\/sabes-que-es-el-arrendamiento-puro\/"},"author":{"name":"Gerardo Jim\u00e9nez","@id":"https:\/\/coparmexjal.org.mx\/entorno-empresarial\/#\/schema\/person\/c7657b8b82a5114876f78633ab593347"},"headline":"\u00bfSabes que es el Arrendamiento Puro?","datePublished":"2023-05-08T22:00:17+00:00","dateModified":"2023-05-17T22:28:34+00:00","mainEntityOfPage":{"@id":"https:\/\/coparmexjal.org.mx\/entorno-empresarial\/sabes-que-es-el-arrendamiento-puro\/"},"wordCount":521,"commentCount":0,"publisher":{"@id":"https:\/\/coparmexjal.org.mx\/entorno-empresarial\/#organization"},"image":{"@id":"https:\/\/coparmexjal.org.mx\/entorno-empresarial\/sabes-que-es-el-arrendamiento-puro\/#primaryimage"},"thumbnailUrl":"https:\/\/coparmexjal.org.mx\/entorno-empresarial\/wp-content\/uploads\/2023\/05\/WhatsApp-Image-2023-05-17-at-4.04.24-PM-e1684362406406.jpeg","keywords":["empresas","innovaci\u00f3n","irm"],"articleSection":["Empresas","Innovaci\u00f3n"],"inLanguage":"es","potentialAction":[{"@type":"CommentAction","name":"Comment","target":["https:\/\/coparmexjal.org.mx\/entorno-empresarial\/sabes-que-es-el-arrendamiento-puro\/#respond"]}]},{"@type":"WebPage","@id":"https:\/\/coparmexjal.org.mx\/entorno-empresarial\/sabes-que-es-el-arrendamiento-puro\/","url":"https:\/\/coparmexjal.org.mx\/entorno-empresarial\/sabes-que-es-el-arrendamiento-puro\/","name":"\u00bfSabes que es el Arrendamiento Puro? - Entorno Empresarial","isPartOf":{"@id":"https:\/\/coparmexjal.org.mx\/entorno-empresarial\/#website"},"primaryImageOfPage":{"@id":"https:\/\/coparmexjal.org.mx\/entorno-empresarial\/sabes-que-es-el-arrendamiento-puro\/#primaryimage"},"image":{"@id":"https:\/\/coparmexjal.org.mx\/entorno-empresarial\/sabes-que-es-el-arrendamiento-puro\/#primaryimage"},"thumbnailUrl":"https:\/\/coparmexjal.org.mx\/entorno-empresarial\/wp-content\/uploads\/2023\/05\/WhatsApp-Image-2023-05-17-at-4.04.24-PM-e1684362406406.jpeg","datePublished":"2023-05-08T22:00:17+00:00","dateModified":"2023-05-17T22:28:34+00:00","breadcrumb":{"@id":"https:\/\/coparmexjal.org.mx\/entorno-empresarial\/sabes-que-es-el-arrendamiento-puro\/#breadcrumb"},"inLanguage":"es","potentialAction":[{"@type":"ReadAction","target":["https:\/\/coparmexjal.org.mx\/entorno-empresarial\/sabes-que-es-el-arrendamiento-puro\/"]}]},{"@type":"ImageObject","inLanguage":"es","@id":"https:\/\/coparmexjal.org.mx\/entorno-empresarial\/sabes-que-es-el-arrendamiento-puro\/#primaryimage","url":"https:\/\/coparmexjal.org.mx\/entorno-empresarial\/wp-content\/uploads\/2023\/05\/WhatsApp-Image-2023-05-17-at-4.04.24-PM-e1684362406406.jpeg","contentUrl":"https:\/\/coparmexjal.org.mx\/entorno-empresarial\/wp-content\/uploads\/2023\/05\/WhatsApp-Image-2023-05-17-at-4.04.24-PM-e1684362406406.jpeg","width":1024,"height":463},{"@type":"BreadcrumbList","@id":"https:\/\/coparmexjal.org.mx\/entorno-empresarial\/sabes-que-es-el-arrendamiento-puro\/#breadcrumb","itemListElement":[{"@type":"ListItem","position":1,"name":"Inicio","item":"https:\/\/coparmexjal.org.mx\/entorno-empresarial\/"},{"@type":"ListItem","position":2,"name":"\u00bfSabes que es el Arrendamiento Puro?"}]},{"@type":"WebSite","@id":"https:\/\/coparmexjal.org.mx\/entorno-empresarial\/#website","url":"https:\/\/coparmexjal.org.mx\/entorno-empresarial\/","name":"Revista Entorno Empresarial","description":"Coparmex Jalisco","publisher":{"@id":"https:\/\/coparmexjal.org.mx\/entorno-empresarial\/#organization"},"potentialAction":[{"@type":"SearchAction","target":{"@type":"EntryPoint","urlTemplate":"https:\/\/coparmexjal.org.mx\/entorno-empresarial\/?s={search_term_string}"},"query-input":{"@type":"PropertyValueSpecification","valueRequired":true,"valueName":"search_term_string"}}],"inLanguage":"es"},{"@type":"Organization","@id":"https:\/\/coparmexjal.org.mx\/entorno-empresarial\/#organization","name":"Coparmex Jalisco","url":"https:\/\/coparmexjal.org.mx\/entorno-empresarial\/","logo":{"@type":"ImageObject","inLanguage":"es","@id":"https:\/\/coparmexjal.org.mx\/entorno-empresarial\/#\/schema\/logo\/image\/","url":"https:\/\/coparmexjal.org.mx\/entorno-empresarial\/wp-content\/uploads\/2020\/02\/logo-amp.png","contentUrl":"https:\/\/coparmexjal.org.mx\/entorno-empresarial\/wp-content\/uploads\/2020\/02\/logo-amp.png","width":120,"height":90,"caption":"Coparmex Jalisco"},"image":{"@id":"https:\/\/coparmexjal.org.mx\/entorno-empresarial\/#\/schema\/logo\/image\/"},"sameAs":["https:\/\/facebook.com\/comcoparmex","https:\/\/x.com\/comcoparmex","http:\/\/instagram.com\/coparmexjalisco","https:\/\/mx.linkedin.com\/company\/coparmex-jalisco","https:\/\/www.youtube.com\/c\/CoparmexJaliscomx"]},{"@type":"Person","@id":"https:\/\/coparmexjal.org.mx\/entorno-empresarial\/#\/schema\/person\/c7657b8b82a5114876f78633ab593347","name":"Gerardo Jim\u00e9nez","image":{"@type":"ImageObject","inLanguage":"es","@id":"https:\/\/coparmexjal.org.mx\/entorno-empresarial\/wp-content\/uploads\/2021\/01\/Gerardo-Jimenez-2-150x150.png","url":"https:\/\/coparmexjal.org.mx\/entorno-empresarial\/wp-content\/uploads\/2021\/01\/Gerardo-Jimenez-2-150x150.png","contentUrl":"https:\/\/coparmexjal.org.mx\/entorno-empresarial\/wp-content\/uploads\/2021\/01\/Gerardo-Jimenez-2-150x150.png","caption":"Gerardo Jim\u00e9nez"},"description":"Especialista en desarrollo pyme en Coparmex Jalisco","sameAs":["https:\/\/www.linkedin.com\/in\/gerardo-daniel-jim\u00e9nez-l\u00f3pez-607913159\/"],"url":"https:\/\/coparmexjal.org.mx\/entorno-empresarial\/author\/gerardojimenez\/"}]}},"_links":{"self":[{"href":"https:\/\/coparmexjal.org.mx\/entorno-empresarial\/wp-json\/wp\/v2\/posts\/6992","targetHints":{"allow":["GET"]}}],"collection":[{"href":"https:\/\/coparmexjal.org.mx\/entorno-empresarial\/wp-json\/wp\/v2\/posts"}],"about":[{"href":"https:\/\/coparmexjal.org.mx\/entorno-empresarial\/wp-json\/wp\/v2\/types\/post"}],"author":[{"embeddable":true,"href":"https:\/\/coparmexjal.org.mx\/entorno-empresarial\/wp-json\/wp\/v2\/users\/85"}],"replies":[{"embeddable":true,"href":"https:\/\/coparmexjal.org.mx\/entorno-empresarial\/wp-json\/wp\/v2\/comments?post=6992"}],"version-history":[{"count":2,"href":"https:\/\/coparmexjal.org.mx\/entorno-empresarial\/wp-json\/wp\/v2\/posts\/6992\/revisions"}],"predecessor-version":[{"id":7005,"href":"https:\/\/coparmexjal.org.mx\/entorno-empresarial\/wp-json\/wp\/v2\/posts\/6992\/revisions\/7005"}],"wp:featuredmedia":[{"embeddable":true,"href":"https:\/\/coparmexjal.org.mx\/entorno-empresarial\/wp-json\/wp\/v2\/media\/7004"}],"wp:attachment":[{"href":"https:\/\/coparmexjal.org.mx\/entorno-empresarial\/wp-json\/wp\/v2\/media?parent=6992"}],"wp:term":[{"taxonomy":"category","embeddable":true,"href":"https:\/\/coparmexjal.org.mx\/entorno-empresarial\/wp-json\/wp\/v2\/categories?post=6992"},{"taxonomy":"post_tag","embeddable":true,"href":"https:\/\/coparmexjal.org.mx\/entorno-empresarial\/wp-json\/wp\/v2\/tags?post=6992"}],"curies":[{"name":"wp","href":"https:\/\/api.w.org\/{rel}","templated":true}]}}