{"id":6982,"date":"2023-05-12T09:22:02","date_gmt":"2023-05-12T15:22:02","guid":{"rendered":"https:\/\/coparmexjal.org.mx\/entorno-empresarial\/?p=6982"},"modified":"2023-05-12T09:22:06","modified_gmt":"2023-05-12T15:22:06","slug":"arranca-plan-de-regulacion-al-transporte-de-carga","status":"publish","type":"post","link":"https:\/\/coparmexjal.org.mx\/entorno-empresarial\/arranca-plan-de-regulacion-al-transporte-de-carga\/","title":{"rendered":"Arranca Plan de Regulaci\u00f3n al transporte de carga"},"content":{"rendered":"\n<p><strong>Los horarios que comprende esta regulaci\u00f3n son de las 6:00 a 9:00 de la ma\u00f1ana, toma precauciones.<\/strong><\/p>\n\n\n\n<p> Como parte del Plan Integral de Movilidad para el Sur de la Ciudad, a partir del 15 de mayo de 2023 el transporte de carga que circulen dentro de los horarios de restricci\u00f3n vial entre las 6:00 y 9:00 a.m. ser\u00e1n acreedores de una multa que va desde los $2,074.80 a los $3,112.20 (de 20 a 30 UMAS).<\/p>\n\n\n\n<p>Los transportes que tendr\u00e1n prohibida la circulaci\u00f3n en ese horario son: Tractocamiones (Configuraciones con semirremolque) T-S, Remolque o doble semirremolque. T-S-S y los Tractocamiones. (Configuraciones sencillas) T-S-R. La prohibici\u00f3n no aplica para transporte de alimentos, combustibles y  medicinas.<\/p>\n\n\n<div class=\"wp-block-image\">\n<figure class=\"alignright size-large is-resized\"><img fetchpriority=\"high\" decoding=\"async\" src=\"https:\/\/coparmexjal.org.mx\/entorno-empresarial\/wp-content\/uploads\/2023\/05\/transporte-1024x372.jpg\" alt=\"\" class=\"wp-image-6983\" width=\"566\" height=\"206\" srcset=\"https:\/\/coparmexjal.org.mx\/entorno-empresarial\/wp-content\/uploads\/2023\/05\/transporte-1024x372.jpg 1024w, https:\/\/coparmexjal.org.mx\/entorno-empresarial\/wp-content\/uploads\/2023\/05\/transporte-300x109.jpg 300w, https:\/\/coparmexjal.org.mx\/entorno-empresarial\/wp-content\/uploads\/2023\/05\/transporte-768x279.jpg 768w, https:\/\/coparmexjal.org.mx\/entorno-empresarial\/wp-content\/uploads\/2023\/05\/transporte-1230x450.jpg 1230w, https:\/\/coparmexjal.org.mx\/entorno-empresarial\/wp-content\/uploads\/2023\/05\/transporte.jpg 1302w\" sizes=\"(max-width: 566px) 100vw, 566px\" \/><\/figure><\/div>\n\n\n<p><strong>El Plan ya estaba en pie<\/strong><\/p>\n\n\n\n<p>Desde 2019 se establecieron nuevos l\u00edmites de circulaci\u00f3n, determinados por los lineamientos y el mapa funcional emitidos por el Imeplan, restricciones de horarios para la circulaci\u00f3n de veh\u00edculos de carga.<\/p>\n\n\n\n<p>En abril de 2023, luego de meses de di\u00e1logo entre ciudadan\u00eda, academia, iniciativa privada y gobiernos de distintos niveles, se present\u00f3 el Plan Integral de Movilidad para el Sur de la Ciudad. El Plan contempla seis ejes:1. Transporte p\u00fablico, 2. Interconectividad y rutas alternas, 3. Gesti\u00f3n del tr\u00e1nsito y<br>acupunturas urbanas, 4. Normatividad, 5. Planeaci\u00f3n y ordenamiento territorial, 6. Cultura vial. Acciones que dar\u00e1n inicio el pr\u00f3ximo lunes 15 de mayo.<br><\/p>\n\n\n\n<p>Coparmex en conjunto con otros organismos empresariales de la entidad, estar\u00e1n atentos en tres puntos: primero, que se coloque la se\u00f1al\u00e9tica adecuada para que los transportistas ubiquen las zonas de descanso, las zonas y trayectos de restricci\u00f3n vial y las v\u00edas alternas. Segundo, se de inicio a la<br>construcci\u00f3n de las bah\u00edas de descanso y tercero, se garantice la seguridad en las v\u00edas alternas como el Macrolibramiento y Circuito Metropolitano, esperando que la movilidad sea m\u00e1s eficiente, segura y ordenada para todas y todos.<\/p>\n","protected":false},"excerpt":{"rendered":"<p>Los horarios que comprende esta regulaci\u00f3n son de las 6:00 a 9:00 de la ma\u00f1ana, toma precauciones. Como parte del Plan Integral de Movilidad para<\/p>\n","protected":false},"author":2,"featured_media":6984,"comment_status":"open","ping_status":"open","sticky":false,"template":"","format":"standard","meta":{"footnotes":""},"categories":[348],"tags":[1329,1330,1327,1328],"class_list":["post-6982","post","type-post","status-publish","format-standard","has-post-thumbnail","hentry","category-noticias","tag-imeplan","tag-movilidad-del-sur","tag-plan-integral-de-movilidad","tag-transporte-de-carga"],"yoast_head":"<!-- This site is optimized with the Yoast SEO plugin v27.5 - https:\/\/yoast.com\/product\/yoast-seo-wordpress\/ -->\n<title>Arranca Plan de Regulaci\u00f3n al transporte de carga -<\/title>\n<meta name=\"robots\" content=\"index, follow, max-snippet:-1, max-image-preview:large, max-video-preview:-1\" \/>\n<link rel=\"canonical\" href=\"https:\/\/coparmexjal.org.mx\/entorno-empresarial\/arranca-plan-de-regulacion-al-transporte-de-carga\/\" \/>\n<meta property=\"og:locale\" content=\"es_MX\" \/>\n<meta property=\"og:type\" content=\"article\" \/>\n<meta property=\"og:title\" content=\"Arranca Plan de Regulaci\u00f3n al transporte de carga -\" \/>\n<meta property=\"og:description\" content=\"Los horarios que comprende esta regulaci\u00f3n son de las 6:00 a 9:00 de la ma\u00f1ana, toma precauciones. Como parte del Plan Integral de Movilidad para\" \/>\n<meta property=\"og:url\" content=\"https:\/\/coparmexjal.org.mx\/entorno-empresarial\/arranca-plan-de-regulacion-al-transporte-de-carga\/\" \/>\n<meta property=\"og:site_name\" content=\"Entorno Empresarial\" \/>\n<meta property=\"article:publisher\" content=\"https:\/\/facebook.com\/comcoparmex\" \/>\n<meta property=\"article:published_time\" content=\"2023-05-12T15:22:02+00:00\" \/>\n<meta property=\"article:modified_time\" content=\"2023-05-12T15:22:06+00:00\" \/>\n<meta property=\"og:image\" content=\"https:\/\/coparmexjal.org.mx\/entorno-empresarial\/wp-content\/uploads\/2023\/05\/Arranca-plan-de-regulacion-al-transporte-de-carga.jpg\" \/>\n\t<meta property=\"og:image:width\" content=\"1000\" \/>\n\t<meta property=\"og:image:height\" content=\"665\" \/>\n\t<meta property=\"og:image:type\" content=\"image\/jpeg\" \/>\n<meta name=\"author\" content=\"Coparmex Jalisco\" \/>\n<meta name=\"twitter:card\" content=\"summary_large_image\" \/>\n<meta name=\"twitter:creator\" content=\"@comcoparmex\" \/>\n<meta name=\"twitter:site\" content=\"@comcoparmex\" \/>\n<meta name=\"twitter:label1\" content=\"Escrito por\" \/>\n\t<meta name=\"twitter:data1\" content=\"Coparmex Jalisco\" \/>\n\t<meta name=\"twitter:label2\" content=\"Tiempo de lectura\" \/>\n\t<meta name=\"twitter:data2\" content=\"2 minutos\" \/>\n<script type=\"application\/ld+json\" class=\"yoast-schema-graph\">{\"@context\":\"https:\\\/\\\/schema.org\",\"@graph\":[{\"@type\":\"Article\",\"@id\":\"https:\\\/\\\/coparmexjal.org.mx\\\/entorno-empresarial\\\/arranca-plan-de-regulacion-al-transporte-de-carga\\\/#article\",\"isPartOf\":{\"@id\":\"https:\\\/\\\/coparmexjal.org.mx\\\/entorno-empresarial\\\/arranca-plan-de-regulacion-al-transporte-de-carga\\\/\"},\"author\":{\"name\":\"Coparmex Jalisco\",\"@id\":\"https:\\\/\\\/coparmexjal.org.mx\\\/entorno-empresarial\\\/#\\\/schema\\\/person\\\/7d1d56a9587bfb3a725cd3dbfbdb9d44\"},\"headline\":\"Arranca Plan de Regulaci\u00f3n al transporte de carga\",\"datePublished\":\"2023-05-12T15:22:02+00:00\",\"dateModified\":\"2023-05-12T15:22:06+00:00\",\"mainEntityOfPage\":{\"@id\":\"https:\\\/\\\/coparmexjal.org.mx\\\/entorno-empresarial\\\/arranca-plan-de-regulacion-al-transporte-de-carga\\\/\"},\"wordCount\":322,\"commentCount\":0,\"publisher\":{\"@id\":\"https:\\\/\\\/coparmexjal.org.mx\\\/entorno-empresarial\\\/#organization\"},\"image\":{\"@id\":\"https:\\\/\\\/coparmexjal.org.mx\\\/entorno-empresarial\\\/arranca-plan-de-regulacion-al-transporte-de-carga\\\/#primaryimage\"},\"thumbnailUrl\":\"https:\\\/\\\/coparmexjal.org.mx\\\/entorno-empresarial\\\/wp-content\\\/uploads\\\/2023\\\/05\\\/Arranca-plan-de-regulacion-al-transporte-de-carga.jpg\",\"keywords\":[\"imeplan\",\"movilidad del sur\",\"Plan integral de movilidad\",\"transporte de carga\"],\"articleSection\":[\"Noticias\"],\"inLanguage\":\"es\",\"potentialAction\":[{\"@type\":\"CommentAction\",\"name\":\"Comment\",\"target\":[\"https:\\\/\\\/coparmexjal.org.mx\\\/entorno-empresarial\\\/arranca-plan-de-regulacion-al-transporte-de-carga\\\/#respond\"]}]},{\"@type\":\"WebPage\",\"@id\":\"https:\\\/\\\/coparmexjal.org.mx\\\/entorno-empresarial\\\/arranca-plan-de-regulacion-al-transporte-de-carga\\\/\",\"url\":\"https:\\\/\\\/coparmexjal.org.mx\\\/entorno-empresarial\\\/arranca-plan-de-regulacion-al-transporte-de-carga\\\/\",\"name\":\"Arranca Plan de Regulaci\u00f3n al transporte de carga -\",\"isPartOf\":{\"@id\":\"https:\\\/\\\/coparmexjal.org.mx\\\/entorno-empresarial\\\/#website\"},\"primaryImageOfPage\":{\"@id\":\"https:\\\/\\\/coparmexjal.org.mx\\\/entorno-empresarial\\\/arranca-plan-de-regulacion-al-transporte-de-carga\\\/#primaryimage\"},\"image\":{\"@id\":\"https:\\\/\\\/coparmexjal.org.mx\\\/entorno-empresarial\\\/arranca-plan-de-regulacion-al-transporte-de-carga\\\/#primaryimage\"},\"thumbnailUrl\":\"https:\\\/\\\/coparmexjal.org.mx\\\/entorno-empresarial\\\/wp-content\\\/uploads\\\/2023\\\/05\\\/Arranca-plan-de-regulacion-al-transporte-de-carga.jpg\",\"datePublished\":\"2023-05-12T15:22:02+00:00\",\"dateModified\":\"2023-05-12T15:22:06+00:00\",\"breadcrumb\":{\"@id\":\"https:\\\/\\\/coparmexjal.org.mx\\\/entorno-empresarial\\\/arranca-plan-de-regulacion-al-transporte-de-carga\\\/#breadcrumb\"},\"inLanguage\":\"es\",\"potentialAction\":[{\"@type\":\"ReadAction\",\"target\":[\"https:\\\/\\\/coparmexjal.org.mx\\\/entorno-empresarial\\\/arranca-plan-de-regulacion-al-transporte-de-carga\\\/\"]}]},{\"@type\":\"ImageObject\",\"inLanguage\":\"es\",\"@id\":\"https:\\\/\\\/coparmexjal.org.mx\\\/entorno-empresarial\\\/arranca-plan-de-regulacion-al-transporte-de-carga\\\/#primaryimage\",\"url\":\"https:\\\/\\\/coparmexjal.org.mx\\\/entorno-empresarial\\\/wp-content\\\/uploads\\\/2023\\\/05\\\/Arranca-plan-de-regulacion-al-transporte-de-carga.jpg\",\"contentUrl\":\"https:\\\/\\\/coparmexjal.org.mx\\\/entorno-empresarial\\\/wp-content\\\/uploads\\\/2023\\\/05\\\/Arranca-plan-de-regulacion-al-transporte-de-carga.jpg\",\"width\":1000,\"height\":665},{\"@type\":\"BreadcrumbList\",\"@id\":\"https:\\\/\\\/coparmexjal.org.mx\\\/entorno-empresarial\\\/arranca-plan-de-regulacion-al-transporte-de-carga\\\/#breadcrumb\",\"itemListElement\":[{\"@type\":\"ListItem\",\"position\":1,\"name\":\"Inicio\",\"item\":\"https:\\\/\\\/coparmexjal.org.mx\\\/entorno-empresarial\\\/\"},{\"@type\":\"ListItem\",\"position\":2,\"name\":\"Arranca Plan de Regulaci\u00f3n al transporte de carga\"}]},{\"@type\":\"WebSite\",\"@id\":\"https:\\\/\\\/coparmexjal.org.mx\\\/entorno-empresarial\\\/#website\",\"url\":\"https:\\\/\\\/coparmexjal.org.mx\\\/entorno-empresarial\\\/\",\"name\":\"Revista Entorno Empresarial\",\"description\":\"Coparmex Jalisco\",\"publisher\":{\"@id\":\"https:\\\/\\\/coparmexjal.org.mx\\\/entorno-empresarial\\\/#organization\"},\"potentialAction\":[{\"@type\":\"SearchAction\",\"target\":{\"@type\":\"EntryPoint\",\"urlTemplate\":\"https:\\\/\\\/coparmexjal.org.mx\\\/entorno-empresarial\\\/?s={search_term_string}\"},\"query-input\":{\"@type\":\"PropertyValueSpecification\",\"valueRequired\":true,\"valueName\":\"search_term_string\"}}],\"inLanguage\":\"es\"},{\"@type\":\"Organization\",\"@id\":\"https:\\\/\\\/coparmexjal.org.mx\\\/entorno-empresarial\\\/#organization\",\"name\":\"Coparmex Jalisco\",\"url\":\"https:\\\/\\\/coparmexjal.org.mx\\\/entorno-empresarial\\\/\",\"logo\":{\"@type\":\"ImageObject\",\"inLanguage\":\"es\",\"@id\":\"https:\\\/\\\/coparmexjal.org.mx\\\/entorno-empresarial\\\/#\\\/schema\\\/logo\\\/image\\\/\",\"url\":\"https:\\\/\\\/coparmexjal.org.mx\\\/entorno-empresarial\\\/wp-content\\\/uploads\\\/2020\\\/02\\\/logo-amp.png\",\"contentUrl\":\"https:\\\/\\\/coparmexjal.org.mx\\\/entorno-empresarial\\\/wp-content\\\/uploads\\\/2020\\\/02\\\/logo-amp.png\",\"width\":120,\"height\":90,\"caption\":\"Coparmex Jalisco\"},\"image\":{\"@id\":\"https:\\\/\\\/coparmexjal.org.mx\\\/entorno-empresarial\\\/#\\\/schema\\\/logo\\\/image\\\/\"},\"sameAs\":[\"https:\\\/\\\/facebook.com\\\/comcoparmex\",\"https:\\\/\\\/x.com\\\/comcoparmex\",\"http:\\\/\\\/instagram.com\\\/coparmexjalisco\",\"https:\\\/\\\/mx.linkedin.com\\\/company\\\/coparmex-jalisco\",\"https:\\\/\\\/www.youtube.com\\\/c\\\/CoparmexJaliscomx\"]},{\"@type\":\"Person\",\"@id\":\"https:\\\/\\\/coparmexjal.org.mx\\\/entorno-empresarial\\\/#\\\/schema\\\/person\\\/7d1d56a9587bfb3a725cd3dbfbdb9d44\",\"name\":\"Coparmex Jalisco\",\"image\":{\"@type\":\"ImageObject\",\"inLanguage\":\"es\",\"@id\":\"https:\\\/\\\/coparmexjal.org.mx\\\/entorno-empresarial\\\/wp-content\\\/uploads\\\/2020\\\/06\\\/favicon-150x133.png\",\"url\":\"https:\\\/\\\/coparmexjal.org.mx\\\/entorno-empresarial\\\/wp-content\\\/uploads\\\/2020\\\/06\\\/favicon-150x133.png\",\"contentUrl\":\"https:\\\/\\\/coparmexjal.org.mx\\\/entorno-empresarial\\\/wp-content\\\/uploads\\\/2020\\\/06\\\/favicon-150x133.png\",\"caption\":\"Coparmex Jalisco\"},\"url\":\"https:\\\/\\\/coparmexjal.org.mx\\\/entorno-empresarial\\\/author\\\/coparmexjalisco\\\/\"}]}<\/script>\n<!-- \/ Yoast SEO plugin. -->","yoast_head_json":{"title":"Arranca Plan de Regulaci\u00f3n al transporte de carga -","robots":{"index":"index","follow":"follow","max-snippet":"max-snippet:-1","max-image-preview":"max-image-preview:large","max-video-preview":"max-video-preview:-1"},"canonical":"https:\/\/coparmexjal.org.mx\/entorno-empresarial\/arranca-plan-de-regulacion-al-transporte-de-carga\/","og_locale":"es_MX","og_type":"article","og_title":"Arranca Plan de Regulaci\u00f3n al transporte de carga -","og_description":"Los horarios que comprende esta regulaci\u00f3n son de las 6:00 a 9:00 de la ma\u00f1ana, toma precauciones. Como parte del Plan Integral de Movilidad para","og_url":"https:\/\/coparmexjal.org.mx\/entorno-empresarial\/arranca-plan-de-regulacion-al-transporte-de-carga\/","og_site_name":"Entorno Empresarial","article_publisher":"https:\/\/facebook.com\/comcoparmex","article_published_time":"2023-05-12T15:22:02+00:00","article_modified_time":"2023-05-12T15:22:06+00:00","og_image":[{"width":1000,"height":665,"url":"https:\/\/coparmexjal.org.mx\/entorno-empresarial\/wp-content\/uploads\/2023\/05\/Arranca-plan-de-regulacion-al-transporte-de-carga.jpg","type":"image\/jpeg"}],"author":"Coparmex Jalisco","twitter_card":"summary_large_image","twitter_creator":"@comcoparmex","twitter_site":"@comcoparmex","twitter_misc":{"Escrito por":"Coparmex Jalisco","Tiempo de lectura":"2 minutos"},"schema":{"@context":"https:\/\/schema.org","@graph":[{"@type":"Article","@id":"https:\/\/coparmexjal.org.mx\/entorno-empresarial\/arranca-plan-de-regulacion-al-transporte-de-carga\/#article","isPartOf":{"@id":"https:\/\/coparmexjal.org.mx\/entorno-empresarial\/arranca-plan-de-regulacion-al-transporte-de-carga\/"},"author":{"name":"Coparmex Jalisco","@id":"https:\/\/coparmexjal.org.mx\/entorno-empresarial\/#\/schema\/person\/7d1d56a9587bfb3a725cd3dbfbdb9d44"},"headline":"Arranca Plan de Regulaci\u00f3n al transporte de carga","datePublished":"2023-05-12T15:22:02+00:00","dateModified":"2023-05-12T15:22:06+00:00","mainEntityOfPage":{"@id":"https:\/\/coparmexjal.org.mx\/entorno-empresarial\/arranca-plan-de-regulacion-al-transporte-de-carga\/"},"wordCount":322,"commentCount":0,"publisher":{"@id":"https:\/\/coparmexjal.org.mx\/entorno-empresarial\/#organization"},"image":{"@id":"https:\/\/coparmexjal.org.mx\/entorno-empresarial\/arranca-plan-de-regulacion-al-transporte-de-carga\/#primaryimage"},"thumbnailUrl":"https:\/\/coparmexjal.org.mx\/entorno-empresarial\/wp-content\/uploads\/2023\/05\/Arranca-plan-de-regulacion-al-transporte-de-carga.jpg","keywords":["imeplan","movilidad del sur","Plan integral de movilidad","transporte de carga"],"articleSection":["Noticias"],"inLanguage":"es","potentialAction":[{"@type":"CommentAction","name":"Comment","target":["https:\/\/coparmexjal.org.mx\/entorno-empresarial\/arranca-plan-de-regulacion-al-transporte-de-carga\/#respond"]}]},{"@type":"WebPage","@id":"https:\/\/coparmexjal.org.mx\/entorno-empresarial\/arranca-plan-de-regulacion-al-transporte-de-carga\/","url":"https:\/\/coparmexjal.org.mx\/entorno-empresarial\/arranca-plan-de-regulacion-al-transporte-de-carga\/","name":"Arranca Plan de Regulaci\u00f3n al transporte de carga -","isPartOf":{"@id":"https:\/\/coparmexjal.org.mx\/entorno-empresarial\/#website"},"primaryImageOfPage":{"@id":"https:\/\/coparmexjal.org.mx\/entorno-empresarial\/arranca-plan-de-regulacion-al-transporte-de-carga\/#primaryimage"},"image":{"@id":"https:\/\/coparmexjal.org.mx\/entorno-empresarial\/arranca-plan-de-regulacion-al-transporte-de-carga\/#primaryimage"},"thumbnailUrl":"https:\/\/coparmexjal.org.mx\/entorno-empresarial\/wp-content\/uploads\/2023\/05\/Arranca-plan-de-regulacion-al-transporte-de-carga.jpg","datePublished":"2023-05-12T15:22:02+00:00","dateModified":"2023-05-12T15:22:06+00:00","breadcrumb":{"@id":"https:\/\/coparmexjal.org.mx\/entorno-empresarial\/arranca-plan-de-regulacion-al-transporte-de-carga\/#breadcrumb"},"inLanguage":"es","potentialAction":[{"@type":"ReadAction","target":["https:\/\/coparmexjal.org.mx\/entorno-empresarial\/arranca-plan-de-regulacion-al-transporte-de-carga\/"]}]},{"@type":"ImageObject","inLanguage":"es","@id":"https:\/\/coparmexjal.org.mx\/entorno-empresarial\/arranca-plan-de-regulacion-al-transporte-de-carga\/#primaryimage","url":"https:\/\/coparmexjal.org.mx\/entorno-empresarial\/wp-content\/uploads\/2023\/05\/Arranca-plan-de-regulacion-al-transporte-de-carga.jpg","contentUrl":"https:\/\/coparmexjal.org.mx\/entorno-empresarial\/wp-content\/uploads\/2023\/05\/Arranca-plan-de-regulacion-al-transporte-de-carga.jpg","width":1000,"height":665},{"@type":"BreadcrumbList","@id":"https:\/\/coparmexjal.org.mx\/entorno-empresarial\/arranca-plan-de-regulacion-al-transporte-de-carga\/#breadcrumb","itemListElement":[{"@type":"ListItem","position":1,"name":"Inicio","item":"https:\/\/coparmexjal.org.mx\/entorno-empresarial\/"},{"@type":"ListItem","position":2,"name":"Arranca Plan de Regulaci\u00f3n al transporte de carga"}]},{"@type":"WebSite","@id":"https:\/\/coparmexjal.org.mx\/entorno-empresarial\/#website","url":"https:\/\/coparmexjal.org.mx\/entorno-empresarial\/","name":"Revista Entorno Empresarial","description":"Coparmex Jalisco","publisher":{"@id":"https:\/\/coparmexjal.org.mx\/entorno-empresarial\/#organization"},"potentialAction":[{"@type":"SearchAction","target":{"@type":"EntryPoint","urlTemplate":"https:\/\/coparmexjal.org.mx\/entorno-empresarial\/?s={search_term_string}"},"query-input":{"@type":"PropertyValueSpecification","valueRequired":true,"valueName":"search_term_string"}}],"inLanguage":"es"},{"@type":"Organization","@id":"https:\/\/coparmexjal.org.mx\/entorno-empresarial\/#organization","name":"Coparmex Jalisco","url":"https:\/\/coparmexjal.org.mx\/entorno-empresarial\/","logo":{"@type":"ImageObject","inLanguage":"es","@id":"https:\/\/coparmexjal.org.mx\/entorno-empresarial\/#\/schema\/logo\/image\/","url":"https:\/\/coparmexjal.org.mx\/entorno-empresarial\/wp-content\/uploads\/2020\/02\/logo-amp.png","contentUrl":"https:\/\/coparmexjal.org.mx\/entorno-empresarial\/wp-content\/uploads\/2020\/02\/logo-amp.png","width":120,"height":90,"caption":"Coparmex Jalisco"},"image":{"@id":"https:\/\/coparmexjal.org.mx\/entorno-empresarial\/#\/schema\/logo\/image\/"},"sameAs":["https:\/\/facebook.com\/comcoparmex","https:\/\/x.com\/comcoparmex","http:\/\/instagram.com\/coparmexjalisco","https:\/\/mx.linkedin.com\/company\/coparmex-jalisco","https:\/\/www.youtube.com\/c\/CoparmexJaliscomx"]},{"@type":"Person","@id":"https:\/\/coparmexjal.org.mx\/entorno-empresarial\/#\/schema\/person\/7d1d56a9587bfb3a725cd3dbfbdb9d44","name":"Coparmex Jalisco","image":{"@type":"ImageObject","inLanguage":"es","@id":"https:\/\/coparmexjal.org.mx\/entorno-empresarial\/wp-content\/uploads\/2020\/06\/favicon-150x133.png","url":"https:\/\/coparmexjal.org.mx\/entorno-empresarial\/wp-content\/uploads\/2020\/06\/favicon-150x133.png","contentUrl":"https:\/\/coparmexjal.org.mx\/entorno-empresarial\/wp-content\/uploads\/2020\/06\/favicon-150x133.png","caption":"Coparmex Jalisco"},"url":"https:\/\/coparmexjal.org.mx\/entorno-empresarial\/author\/coparmexjalisco\/"}]}},"_links":{"self":[{"href":"https:\/\/coparmexjal.org.mx\/entorno-empresarial\/wp-json\/wp\/v2\/posts\/6982","targetHints":{"allow":["GET"]}}],"collection":[{"href":"https:\/\/coparmexjal.org.mx\/entorno-empresarial\/wp-json\/wp\/v2\/posts"}],"about":[{"href":"https:\/\/coparmexjal.org.mx\/entorno-empresarial\/wp-json\/wp\/v2\/types\/post"}],"author":[{"embeddable":true,"href":"https:\/\/coparmexjal.org.mx\/entorno-empresarial\/wp-json\/wp\/v2\/users\/2"}],"replies":[{"embeddable":true,"href":"https:\/\/coparmexjal.org.mx\/entorno-empresarial\/wp-json\/wp\/v2\/comments?post=6982"}],"version-history":[{"count":2,"href":"https:\/\/coparmexjal.org.mx\/entorno-empresarial\/wp-json\/wp\/v2\/posts\/6982\/revisions"}],"predecessor-version":[{"id":6986,"href":"https:\/\/coparmexjal.org.mx\/entorno-empresarial\/wp-json\/wp\/v2\/posts\/6982\/revisions\/6986"}],"wp:featuredmedia":[{"embeddable":true,"href":"https:\/\/coparmexjal.org.mx\/entorno-empresarial\/wp-json\/wp\/v2\/media\/6984"}],"wp:attachment":[{"href":"https:\/\/coparmexjal.org.mx\/entorno-empresarial\/wp-json\/wp\/v2\/media?parent=6982"}],"wp:term":[{"taxonomy":"category","embeddable":true,"href":"https:\/\/coparmexjal.org.mx\/entorno-empresarial\/wp-json\/wp\/v2\/categories?post=6982"},{"taxonomy":"post_tag","embeddable":true,"href":"https:\/\/coparmexjal.org.mx\/entorno-empresarial\/wp-json\/wp\/v2\/tags?post=6982"}],"curies":[{"name":"wp","href":"https:\/\/api.w.org\/{rel}","templated":true}]}}