{"id":6970,"date":"2023-02-20T17:00:00","date_gmt":"2023-02-20T23:00:00","guid":{"rendered":"https:\/\/coparmexjal.org.mx\/entorno-empresarial\/?p=6970"},"modified":"2023-04-17T12:44:23","modified_gmt":"2023-04-17T18:44:23","slug":"retencion-a-personas-fisicas-ahorradoras-por-parte-de-instituciones-del-sistema-financiero","status":"publish","type":"post","link":"https:\/\/coparmexjal.org.mx\/entorno-empresarial\/retencion-a-personas-fisicas-ahorradoras-por-parte-de-instituciones-del-sistema-financiero\/","title":{"rendered":"Retenci\u00f3n a personas f\u00edsicas ahorradoras por parte de Instituciones del Sistema Financiero"},"content":{"rendered":"\n<p class=\"has-small-font-size\"><strong>C.P.C. David Menchaca Carrillo<\/strong><\/p>\n\n\n\n<p>De conformidad con la Ley del Impuesto sobre la Renta y Ley de Ingresos de la Federaci\u00f3n, a partir del 1 de enero del 2022 las instituciones que componen el Sistema Financiero, estuvieron efectuando una retenci\u00f3n a las personas f\u00edsicas por concepto de impuesto sobre la renta sobre los intereses pagados, equivalente al .08% sobre el monto del capital invertido y que dio lugar al pago de intereses.<\/p>\n\n\n\n<p>La disminuci\u00f3n en la tasa de retenci\u00f3n sobre el capital invertido para el 2022 respecto del a\u00f1o 2021 que fue de .97%, obedec\u00eda inicialmente a una previsi\u00f3n&nbsp; por parte del Banco de M\u00e9xico, de &nbsp;una inflaci\u00f3n mensual interanual que estar\u00eda alrededor de solo el 3.5% y a una disminuci\u00f3n de la tasa de inter\u00e9s a pagar a los ahorradores por parte del sistema financiero.<\/p>\n\n\n\n<p>En este sentido, es importante se\u00f1alar que al final la inflaci\u00f3n general anualizada para el a\u00f1o 2022 &nbsp;se ubic\u00f3 en&nbsp;7.82 por ciento, muy por arriba de lo previsto, lo que implic\u00f3 que los efectos sobre la tasa de retenci\u00f3n aplicada por parte del sistema financiero a los ahorradores, &nbsp;tendr\u00edan efectos&nbsp; distintos a los inicialmente previstos, mismos que se reflejaran en la declaraci\u00f3n anual a presentar en abril del 2023 por parte de las personas f\u00edsicas.<\/p>\n\n\n\n<p>En relaci\u00f3n a la retenci\u00f3n antes referida, las instituciones de cr\u00e9dito tienen la obligaci\u00f3n de proporcionar a las personas f\u00edsicas a quienes les efect\u00faen los pagos, una constancia en la que se se\u00f1ale el monto nominal y el real de los intereses pagados o, en su caso, la p\u00e9rdida determinada, as\u00ed como las retenciones efectuadas.<\/p>\n\n\n\n<p>Solo como referencia, los ahorradores que reciban intereses de fuentes distintas a las instituciones del sistema financiero, dichos intereses ser\u00e1n sujetos de una retenci\u00f3n del 20% sobre el inter\u00e9s nominal obtenido.<\/p>\n\n\n\n<p>En este mismo sentido, las cantidades retenidas por personas no integrantes del sistema financiero y de igual forma, las retenidas por el sistema financiero, pueden considerarse como pago provisional \u00a0y \u00a0acreditarse \u00a0contra pagos provisionales y contra el impuesto anual, \u00a0o decidir \u00a0considerarlo como un pago definitivo.<\/p>\n\n\n\n<p>Con el objetivo de ilustrar los efectos de la retenci\u00f3n efectuada por instituciones del sistema financiero en el impuesto anual, consideremos la siguiente informaci\u00f3n:<\/p>\n\n\n\n<figure class=\"wp-block-table\"><table><tbody><tr><td>Inversi\u00f3n anual<\/td><td>$1,000,000.00<\/td><\/tr><tr><td>Tasa de inter\u00e9s anual promedio<\/td><td>6%<\/td><\/tr><tr><td>Inter\u00e9s nominal anual<\/td><td>60,000.00<\/td><\/tr><tr><td>Inflaci\u00f3n anual &nbsp;8%<\/td><td>(80,000.00)<\/td><\/tr><tr><td>Intereses reales (p\u00e9rdida)<\/td><td>(20,000.00)<\/td><\/tr><tr><td>Tasa de retenci\u00f3n, .08% sobre inversi\u00f3n anual *<\/td><td>$&nbsp;&nbsp;&nbsp; &nbsp;&nbsp;&nbsp;&nbsp;&nbsp;800.00<\/td><\/tr><tr><td>Saldo a favor<\/td><td>$&nbsp;&nbsp;&nbsp;&nbsp;&nbsp;&nbsp;&nbsp;&nbsp; 800.00<\/td><\/tr><\/tbody><\/table><\/figure>\n\n\n\n<p><strong>Consideraciones finales<\/strong><\/p>\n\n\n\n<p>Las tasas de retenci\u00f3n establecidas por el Gobierno Federal a los ahorradores para el a\u00f1o 2022 resultaron elevadas, en funci\u00f3n de los efectos inflacionarios y las tasas pagadas por parte del sistema financiero.<\/p>\n\n\n\n<p>Las cantidades que resulten como intereses reales negativos, se consideran como una perdida, importe que se podr\u00e1 amortizar contra otros ingresos, excepto contra la base de sueldos y salarios y actividad empresarial.<\/p>\n\n\n\n<p>Por lo que respecta al saldo a favor, se podr\u00e1 acreditar contra el impuesto que en su caso resulte a cargo por otras contribuciones o solicitarse en devoluci\u00f3n.<\/p>\n\n\n\n<p>Resulta necesario que, para el futuro a trav\u00e9s de facilidades administrativas, las autoridades establezcan esquemas que permitan a los ahorradores y contribuyentes ser objeto de retenciones menores en funci\u00f3n del entorno inflacionario que se presente, y al mismo tiempo, evitar que tengan que solicitar en devoluci\u00f3n saldos a favor.<\/p>\n","protected":false},"excerpt":{"rendered":"<p>C.P.C. David Menchaca Carrillo De conformidad con la Ley del Impuesto sobre la Renta y Ley de Ingresos de la Federaci\u00f3n, a partir del 1<\/p>\n","protected":false},"author":2,"featured_media":0,"comment_status":"open","ping_status":"open","sticky":false,"template":"","format":"standard","meta":{"footnotes":""},"categories":[152],"tags":[],"class_list":["post-6970","post","type-post","status-publish","format-standard","hentry","category-empresas"],"yoast_head":"<!-- This site is optimized with the Yoast SEO plugin v27.5 - https:\/\/yoast.com\/product\/yoast-seo-wordpress\/ -->\n<title>Retenci\u00f3n a personas f\u00edsicas ahorradoras por parte de Instituciones del Sistema Financiero - Entorno Empresarial<\/title>\n<meta name=\"robots\" content=\"index, follow, max-snippet:-1, max-image-preview:large, max-video-preview:-1\" \/>\n<link rel=\"canonical\" href=\"https:\/\/coparmexjal.org.mx\/entorno-empresarial\/retencion-a-personas-fisicas-ahorradoras-por-parte-de-instituciones-del-sistema-financiero\/\" \/>\n<meta property=\"og:locale\" content=\"es_MX\" \/>\n<meta property=\"og:type\" content=\"article\" \/>\n<meta property=\"og:title\" content=\"Retenci\u00f3n a personas f\u00edsicas ahorradoras por parte de Instituciones del Sistema Financiero - Entorno Empresarial\" \/>\n<meta property=\"og:description\" content=\"C.P.C. David Menchaca Carrillo De conformidad con la Ley del Impuesto sobre la Renta y Ley de Ingresos de la Federaci\u00f3n, a partir del 1\" \/>\n<meta property=\"og:url\" content=\"https:\/\/coparmexjal.org.mx\/entorno-empresarial\/retencion-a-personas-fisicas-ahorradoras-por-parte-de-instituciones-del-sistema-financiero\/\" \/>\n<meta property=\"og:site_name\" content=\"Entorno Empresarial\" \/>\n<meta property=\"article:publisher\" content=\"https:\/\/facebook.com\/comcoparmex\" \/>\n<meta property=\"article:published_time\" content=\"2023-02-20T23:00:00+00:00\" \/>\n<meta property=\"article:modified_time\" content=\"2023-04-17T18:44:23+00:00\" \/>\n<meta name=\"author\" content=\"Coparmex Jalisco\" \/>\n<meta name=\"twitter:card\" content=\"summary_large_image\" \/>\n<meta name=\"twitter:creator\" content=\"@comcoparmex\" \/>\n<meta name=\"twitter:site\" content=\"@comcoparmex\" \/>\n<meta name=\"twitter:label1\" content=\"Escrito por\" \/>\n\t<meta name=\"twitter:data1\" content=\"Coparmex Jalisco\" \/>\n\t<meta name=\"twitter:label2\" content=\"Tiempo de lectura\" \/>\n\t<meta name=\"twitter:data2\" content=\"3 minutos\" \/>\n<script type=\"application\/ld+json\" class=\"yoast-schema-graph\">{\"@context\":\"https:\\\/\\\/schema.org\",\"@graph\":[{\"@type\":\"Article\",\"@id\":\"https:\\\/\\\/coparmexjal.org.mx\\\/entorno-empresarial\\\/retencion-a-personas-fisicas-ahorradoras-por-parte-de-instituciones-del-sistema-financiero\\\/#article\",\"isPartOf\":{\"@id\":\"https:\\\/\\\/coparmexjal.org.mx\\\/entorno-empresarial\\\/retencion-a-personas-fisicas-ahorradoras-por-parte-de-instituciones-del-sistema-financiero\\\/\"},\"author\":{\"name\":\"Coparmex Jalisco\",\"@id\":\"https:\\\/\\\/coparmexjal.org.mx\\\/entorno-empresarial\\\/#\\\/schema\\\/person\\\/7d1d56a9587bfb3a725cd3dbfbdb9d44\"},\"headline\":\"Retenci\u00f3n a personas f\u00edsicas ahorradoras por parte de Instituciones del Sistema Financiero\",\"datePublished\":\"2023-02-20T23:00:00+00:00\",\"dateModified\":\"2023-04-17T18:44:23+00:00\",\"mainEntityOfPage\":{\"@id\":\"https:\\\/\\\/coparmexjal.org.mx\\\/entorno-empresarial\\\/retencion-a-personas-fisicas-ahorradoras-por-parte-de-instituciones-del-sistema-financiero\\\/\"},\"wordCount\":610,\"commentCount\":0,\"publisher\":{\"@id\":\"https:\\\/\\\/coparmexjal.org.mx\\\/entorno-empresarial\\\/#organization\"},\"articleSection\":[\"Empresas\"],\"inLanguage\":\"es\",\"potentialAction\":[{\"@type\":\"CommentAction\",\"name\":\"Comment\",\"target\":[\"https:\\\/\\\/coparmexjal.org.mx\\\/entorno-empresarial\\\/retencion-a-personas-fisicas-ahorradoras-por-parte-de-instituciones-del-sistema-financiero\\\/#respond\"]}]},{\"@type\":\"WebPage\",\"@id\":\"https:\\\/\\\/coparmexjal.org.mx\\\/entorno-empresarial\\\/retencion-a-personas-fisicas-ahorradoras-por-parte-de-instituciones-del-sistema-financiero\\\/\",\"url\":\"https:\\\/\\\/coparmexjal.org.mx\\\/entorno-empresarial\\\/retencion-a-personas-fisicas-ahorradoras-por-parte-de-instituciones-del-sistema-financiero\\\/\",\"name\":\"Retenci\u00f3n a personas f\u00edsicas ahorradoras por parte de Instituciones del Sistema Financiero - Entorno Empresarial\",\"isPartOf\":{\"@id\":\"https:\\\/\\\/coparmexjal.org.mx\\\/entorno-empresarial\\\/#website\"},\"datePublished\":\"2023-02-20T23:00:00+00:00\",\"dateModified\":\"2023-04-17T18:44:23+00:00\",\"breadcrumb\":{\"@id\":\"https:\\\/\\\/coparmexjal.org.mx\\\/entorno-empresarial\\\/retencion-a-personas-fisicas-ahorradoras-por-parte-de-instituciones-del-sistema-financiero\\\/#breadcrumb\"},\"inLanguage\":\"es\",\"potentialAction\":[{\"@type\":\"ReadAction\",\"target\":[\"https:\\\/\\\/coparmexjal.org.mx\\\/entorno-empresarial\\\/retencion-a-personas-fisicas-ahorradoras-por-parte-de-instituciones-del-sistema-financiero\\\/\"]}]},{\"@type\":\"BreadcrumbList\",\"@id\":\"https:\\\/\\\/coparmexjal.org.mx\\\/entorno-empresarial\\\/retencion-a-personas-fisicas-ahorradoras-por-parte-de-instituciones-del-sistema-financiero\\\/#breadcrumb\",\"itemListElement\":[{\"@type\":\"ListItem\",\"position\":1,\"name\":\"Inicio\",\"item\":\"https:\\\/\\\/coparmexjal.org.mx\\\/entorno-empresarial\\\/\"},{\"@type\":\"ListItem\",\"position\":2,\"name\":\"Retenci\u00f3n a personas f\u00edsicas ahorradoras por parte de Instituciones del Sistema Financiero\"}]},{\"@type\":\"WebSite\",\"@id\":\"https:\\\/\\\/coparmexjal.org.mx\\\/entorno-empresarial\\\/#website\",\"url\":\"https:\\\/\\\/coparmexjal.org.mx\\\/entorno-empresarial\\\/\",\"name\":\"Revista Entorno Empresarial\",\"description\":\"Coparmex Jalisco\",\"publisher\":{\"@id\":\"https:\\\/\\\/coparmexjal.org.mx\\\/entorno-empresarial\\\/#organization\"},\"potentialAction\":[{\"@type\":\"SearchAction\",\"target\":{\"@type\":\"EntryPoint\",\"urlTemplate\":\"https:\\\/\\\/coparmexjal.org.mx\\\/entorno-empresarial\\\/?s={search_term_string}\"},\"query-input\":{\"@type\":\"PropertyValueSpecification\",\"valueRequired\":true,\"valueName\":\"search_term_string\"}}],\"inLanguage\":\"es\"},{\"@type\":\"Organization\",\"@id\":\"https:\\\/\\\/coparmexjal.org.mx\\\/entorno-empresarial\\\/#organization\",\"name\":\"Coparmex Jalisco\",\"url\":\"https:\\\/\\\/coparmexjal.org.mx\\\/entorno-empresarial\\\/\",\"logo\":{\"@type\":\"ImageObject\",\"inLanguage\":\"es\",\"@id\":\"https:\\\/\\\/coparmexjal.org.mx\\\/entorno-empresarial\\\/#\\\/schema\\\/logo\\\/image\\\/\",\"url\":\"https:\\\/\\\/coparmexjal.org.mx\\\/entorno-empresarial\\\/wp-content\\\/uploads\\\/2020\\\/02\\\/logo-amp.png\",\"contentUrl\":\"https:\\\/\\\/coparmexjal.org.mx\\\/entorno-empresarial\\\/wp-content\\\/uploads\\\/2020\\\/02\\\/logo-amp.png\",\"width\":120,\"height\":90,\"caption\":\"Coparmex Jalisco\"},\"image\":{\"@id\":\"https:\\\/\\\/coparmexjal.org.mx\\\/entorno-empresarial\\\/#\\\/schema\\\/logo\\\/image\\\/\"},\"sameAs\":[\"https:\\\/\\\/facebook.com\\\/comcoparmex\",\"https:\\\/\\\/x.com\\\/comcoparmex\",\"http:\\\/\\\/instagram.com\\\/coparmexjalisco\",\"https:\\\/\\\/mx.linkedin.com\\\/company\\\/coparmex-jalisco\",\"https:\\\/\\\/www.youtube.com\\\/c\\\/CoparmexJaliscomx\"]},{\"@type\":\"Person\",\"@id\":\"https:\\\/\\\/coparmexjal.org.mx\\\/entorno-empresarial\\\/#\\\/schema\\\/person\\\/7d1d56a9587bfb3a725cd3dbfbdb9d44\",\"name\":\"Coparmex Jalisco\",\"image\":{\"@type\":\"ImageObject\",\"inLanguage\":\"es\",\"@id\":\"https:\\\/\\\/coparmexjal.org.mx\\\/entorno-empresarial\\\/wp-content\\\/uploads\\\/2020\\\/06\\\/favicon-150x133.png\",\"url\":\"https:\\\/\\\/coparmexjal.org.mx\\\/entorno-empresarial\\\/wp-content\\\/uploads\\\/2020\\\/06\\\/favicon-150x133.png\",\"contentUrl\":\"https:\\\/\\\/coparmexjal.org.mx\\\/entorno-empresarial\\\/wp-content\\\/uploads\\\/2020\\\/06\\\/favicon-150x133.png\",\"caption\":\"Coparmex Jalisco\"},\"url\":\"https:\\\/\\\/coparmexjal.org.mx\\\/entorno-empresarial\\\/author\\\/coparmexjalisco\\\/\"}]}<\/script>\n<!-- \/ Yoast SEO plugin. -->","yoast_head_json":{"title":"Retenci\u00f3n a personas f\u00edsicas ahorradoras por parte de Instituciones del Sistema Financiero - Entorno Empresarial","robots":{"index":"index","follow":"follow","max-snippet":"max-snippet:-1","max-image-preview":"max-image-preview:large","max-video-preview":"max-video-preview:-1"},"canonical":"https:\/\/coparmexjal.org.mx\/entorno-empresarial\/retencion-a-personas-fisicas-ahorradoras-por-parte-de-instituciones-del-sistema-financiero\/","og_locale":"es_MX","og_type":"article","og_title":"Retenci\u00f3n a personas f\u00edsicas ahorradoras por parte de Instituciones del Sistema Financiero - Entorno Empresarial","og_description":"C.P.C. David Menchaca Carrillo De conformidad con la Ley del Impuesto sobre la Renta y Ley de Ingresos de la Federaci\u00f3n, a partir del 1","og_url":"https:\/\/coparmexjal.org.mx\/entorno-empresarial\/retencion-a-personas-fisicas-ahorradoras-por-parte-de-instituciones-del-sistema-financiero\/","og_site_name":"Entorno Empresarial","article_publisher":"https:\/\/facebook.com\/comcoparmex","article_published_time":"2023-02-20T23:00:00+00:00","article_modified_time":"2023-04-17T18:44:23+00:00","author":"Coparmex Jalisco","twitter_card":"summary_large_image","twitter_creator":"@comcoparmex","twitter_site":"@comcoparmex","twitter_misc":{"Escrito por":"Coparmex Jalisco","Tiempo de lectura":"3 minutos"},"schema":{"@context":"https:\/\/schema.org","@graph":[{"@type":"Article","@id":"https:\/\/coparmexjal.org.mx\/entorno-empresarial\/retencion-a-personas-fisicas-ahorradoras-por-parte-de-instituciones-del-sistema-financiero\/#article","isPartOf":{"@id":"https:\/\/coparmexjal.org.mx\/entorno-empresarial\/retencion-a-personas-fisicas-ahorradoras-por-parte-de-instituciones-del-sistema-financiero\/"},"author":{"name":"Coparmex Jalisco","@id":"https:\/\/coparmexjal.org.mx\/entorno-empresarial\/#\/schema\/person\/7d1d56a9587bfb3a725cd3dbfbdb9d44"},"headline":"Retenci\u00f3n a personas f\u00edsicas ahorradoras por parte de Instituciones del Sistema Financiero","datePublished":"2023-02-20T23:00:00+00:00","dateModified":"2023-04-17T18:44:23+00:00","mainEntityOfPage":{"@id":"https:\/\/coparmexjal.org.mx\/entorno-empresarial\/retencion-a-personas-fisicas-ahorradoras-por-parte-de-instituciones-del-sistema-financiero\/"},"wordCount":610,"commentCount":0,"publisher":{"@id":"https:\/\/coparmexjal.org.mx\/entorno-empresarial\/#organization"},"articleSection":["Empresas"],"inLanguage":"es","potentialAction":[{"@type":"CommentAction","name":"Comment","target":["https:\/\/coparmexjal.org.mx\/entorno-empresarial\/retencion-a-personas-fisicas-ahorradoras-por-parte-de-instituciones-del-sistema-financiero\/#respond"]}]},{"@type":"WebPage","@id":"https:\/\/coparmexjal.org.mx\/entorno-empresarial\/retencion-a-personas-fisicas-ahorradoras-por-parte-de-instituciones-del-sistema-financiero\/","url":"https:\/\/coparmexjal.org.mx\/entorno-empresarial\/retencion-a-personas-fisicas-ahorradoras-por-parte-de-instituciones-del-sistema-financiero\/","name":"Retenci\u00f3n a personas f\u00edsicas ahorradoras por parte de Instituciones del Sistema Financiero - Entorno Empresarial","isPartOf":{"@id":"https:\/\/coparmexjal.org.mx\/entorno-empresarial\/#website"},"datePublished":"2023-02-20T23:00:00+00:00","dateModified":"2023-04-17T18:44:23+00:00","breadcrumb":{"@id":"https:\/\/coparmexjal.org.mx\/entorno-empresarial\/retencion-a-personas-fisicas-ahorradoras-por-parte-de-instituciones-del-sistema-financiero\/#breadcrumb"},"inLanguage":"es","potentialAction":[{"@type":"ReadAction","target":["https:\/\/coparmexjal.org.mx\/entorno-empresarial\/retencion-a-personas-fisicas-ahorradoras-por-parte-de-instituciones-del-sistema-financiero\/"]}]},{"@type":"BreadcrumbList","@id":"https:\/\/coparmexjal.org.mx\/entorno-empresarial\/retencion-a-personas-fisicas-ahorradoras-por-parte-de-instituciones-del-sistema-financiero\/#breadcrumb","itemListElement":[{"@type":"ListItem","position":1,"name":"Inicio","item":"https:\/\/coparmexjal.org.mx\/entorno-empresarial\/"},{"@type":"ListItem","position":2,"name":"Retenci\u00f3n a personas f\u00edsicas ahorradoras por parte de Instituciones del Sistema Financiero"}]},{"@type":"WebSite","@id":"https:\/\/coparmexjal.org.mx\/entorno-empresarial\/#website","url":"https:\/\/coparmexjal.org.mx\/entorno-empresarial\/","name":"Revista Entorno Empresarial","description":"Coparmex Jalisco","publisher":{"@id":"https:\/\/coparmexjal.org.mx\/entorno-empresarial\/#organization"},"potentialAction":[{"@type":"SearchAction","target":{"@type":"EntryPoint","urlTemplate":"https:\/\/coparmexjal.org.mx\/entorno-empresarial\/?s={search_term_string}"},"query-input":{"@type":"PropertyValueSpecification","valueRequired":true,"valueName":"search_term_string"}}],"inLanguage":"es"},{"@type":"Organization","@id":"https:\/\/coparmexjal.org.mx\/entorno-empresarial\/#organization","name":"Coparmex Jalisco","url":"https:\/\/coparmexjal.org.mx\/entorno-empresarial\/","logo":{"@type":"ImageObject","inLanguage":"es","@id":"https:\/\/coparmexjal.org.mx\/entorno-empresarial\/#\/schema\/logo\/image\/","url":"https:\/\/coparmexjal.org.mx\/entorno-empresarial\/wp-content\/uploads\/2020\/02\/logo-amp.png","contentUrl":"https:\/\/coparmexjal.org.mx\/entorno-empresarial\/wp-content\/uploads\/2020\/02\/logo-amp.png","width":120,"height":90,"caption":"Coparmex Jalisco"},"image":{"@id":"https:\/\/coparmexjal.org.mx\/entorno-empresarial\/#\/schema\/logo\/image\/"},"sameAs":["https:\/\/facebook.com\/comcoparmex","https:\/\/x.com\/comcoparmex","http:\/\/instagram.com\/coparmexjalisco","https:\/\/mx.linkedin.com\/company\/coparmex-jalisco","https:\/\/www.youtube.com\/c\/CoparmexJaliscomx"]},{"@type":"Person","@id":"https:\/\/coparmexjal.org.mx\/entorno-empresarial\/#\/schema\/person\/7d1d56a9587bfb3a725cd3dbfbdb9d44","name":"Coparmex Jalisco","image":{"@type":"ImageObject","inLanguage":"es","@id":"https:\/\/coparmexjal.org.mx\/entorno-empresarial\/wp-content\/uploads\/2020\/06\/favicon-150x133.png","url":"https:\/\/coparmexjal.org.mx\/entorno-empresarial\/wp-content\/uploads\/2020\/06\/favicon-150x133.png","contentUrl":"https:\/\/coparmexjal.org.mx\/entorno-empresarial\/wp-content\/uploads\/2020\/06\/favicon-150x133.png","caption":"Coparmex Jalisco"},"url":"https:\/\/coparmexjal.org.mx\/entorno-empresarial\/author\/coparmexjalisco\/"}]}},"_links":{"self":[{"href":"https:\/\/coparmexjal.org.mx\/entorno-empresarial\/wp-json\/wp\/v2\/posts\/6970","targetHints":{"allow":["GET"]}}],"collection":[{"href":"https:\/\/coparmexjal.org.mx\/entorno-empresarial\/wp-json\/wp\/v2\/posts"}],"about":[{"href":"https:\/\/coparmexjal.org.mx\/entorno-empresarial\/wp-json\/wp\/v2\/types\/post"}],"author":[{"embeddable":true,"href":"https:\/\/coparmexjal.org.mx\/entorno-empresarial\/wp-json\/wp\/v2\/users\/2"}],"replies":[{"embeddable":true,"href":"https:\/\/coparmexjal.org.mx\/entorno-empresarial\/wp-json\/wp\/v2\/comments?post=6970"}],"version-history":[{"count":1,"href":"https:\/\/coparmexjal.org.mx\/entorno-empresarial\/wp-json\/wp\/v2\/posts\/6970\/revisions"}],"predecessor-version":[{"id":6971,"href":"https:\/\/coparmexjal.org.mx\/entorno-empresarial\/wp-json\/wp\/v2\/posts\/6970\/revisions\/6971"}],"wp:attachment":[{"href":"https:\/\/coparmexjal.org.mx\/entorno-empresarial\/wp-json\/wp\/v2\/media?parent=6970"}],"wp:term":[{"taxonomy":"category","embeddable":true,"href":"https:\/\/coparmexjal.org.mx\/entorno-empresarial\/wp-json\/wp\/v2\/categories?post=6970"},{"taxonomy":"post_tag","embeddable":true,"href":"https:\/\/coparmexjal.org.mx\/entorno-empresarial\/wp-json\/wp\/v2\/tags?post=6970"}],"curies":[{"name":"wp","href":"https:\/\/api.w.org\/{rel}","templated":true}]}}