{"id":6955,"date":"2023-03-13T13:51:59","date_gmt":"2023-03-13T19:51:59","guid":{"rendered":"https:\/\/coparmexjal.org.mx\/entorno-empresarial\/?p=6955"},"modified":"2023-03-23T14:09:50","modified_gmt":"2023-03-23T20:09:50","slug":"empoderar-a-traves-de-flexibilidad-proposito-y-bienestar-un-llamado-al-engagement","status":"publish","type":"post","link":"https:\/\/coparmexjal.org.mx\/entorno-empresarial\/empoderar-a-traves-de-flexibilidad-proposito-y-bienestar-un-llamado-al-engagement\/","title":{"rendered":"Empoderar a trav\u00e9s de Flexibilidad, Prop\u00f3sito y Bienestar: un llamado al Engagement"},"content":{"rendered":"\n<p>La competencia laboral se ha vuelto m\u00e1s intensa que nunca donde las organizaciones est\u00e1n luchando por atraer y despertar el deseo de permanencia de los mejores talentos en el mercado, en un contexto en el que dos de cada tres personas ha confesado que est\u00e1n buscando un nuevo trabajo. Adem\u00e1s, estamos en una realidad que ha cambiado radicalmente la forma en que las personas trabajan, lo cual ha llevado a las empresas a reconsiderar sus pol\u00edticas de compensaciones y dar entrada a los beneficios flexibles.<\/p>\n\n\n\n<p>Seg\u00fan el<a href=\"https:\/\/recursos.betterfly.com\/es-cl\/reporte-bienestar-laboral\"> reporte de bienestar global<\/a> que realizamos, las compensaciones laborales son una de las principales razones por la que los candidatos se deciden por una vacante (15%), acompa\u00f1ado del desarrollo profesional y un salario atractivo (29% y 14.7%, respectivamente). Mientras que un estudio de Harvard Business Review revel\u00f3 que los empleados que est\u00e1n satisfechos con su paquete de compensaci\u00f3n y beneficios son m\u00e1s productivos, tienen menos absentismo y son menos propensos a dejar su trabajo, en<a href=\"https:\/\/hbr.org\/2021\/04\/the-pandemic-is-changing-employee-benefits\"> especial si son beneficios orientados a la salud.<\/a><\/p>\n\n\n\n<p>Ahora, cuando nos referimos puntualmente a beneficios flexibles, debemos entender que son aquellos beneficios que una organizaci\u00f3n puede ofrecer a cada colaborador seg\u00fan sus deseos individuales, lo cual mejora de forma significativa la experiencia del talento en la organizaci\u00f3n. Esto en marco de que los equipos ya son intergeneracionales, lo cual significa que las personas tienen diferentes deseos, necesidades, motivaciones y gustos, pero todos deben enfocarse en el resultado del negocio, por lo que saber llegar a cada persona es clave.<\/p>\n\n\n\n<p>Retomando informaci\u00f3n de Aon, se devel\u00f3 que el 69% de las personas considera que los beneficios laborales flexibles son m\u00e1s importantes que el salario base, y adem\u00e1s, seg\u00fan la<a href=\"https:\/\/www.aon.com\/global-wellbeing-survey\"> encuesta global de bienestar 2022-2023<\/a>, se destaca que para contar con una pol\u00edtica de bienestar, tambi\u00e9n es importante contar con pol\u00edticas de Ambiente, Sociedad y Gobernanza (ESG, por sus siglas en ingl\u00e9s), dicho en otras palabras, la organizaci\u00f3n debe contar con un prop\u00f3sito y generar un impacto en la comunidad.<\/p>\n\n\n\n<p>Estos datos sugieren que redise\u00f1ar los paquetes de beneficios y compensaciones es crucial para atraer y despertar el deseo de permanencia de los mejores talentos del mercado, mejorar la productividad y reducir los costos laborales totales de la organizaci\u00f3n. Por eso, es importante para los l\u00edderes contar con algunos cuestionamientos peri\u00f3dicos que los empujar\u00e1 a redise\u00f1ar sus paquetes de beneficios flexibles:<\/p>\n\n\n\n<p><strong>1. \u00bfEst\u00e1n los beneficios y compensaciones alineados con los valores y la cultura de la empresa?<\/strong><\/p>\n\n\n\n<p>Los colaboradores son parte de una organizaci\u00f3n que tenga valores similares a los suyos y una cultura laboral positiva. Si los beneficios y compensaciones no reflejan estos valores y cultura, las personas pueden sentirse desconectadas y no valoradas. Por lo tanto, las empresas deben asegurarse de que sus paquetes de compensaci\u00f3n y beneficios sean coherentes con su cultura y valores.<\/p>\n\n\n\n<p><strong>2. \u00bfLos beneficios y compensaciones son competitivos?<\/strong><\/p>\n\n\n\n<p>Las empresas deben estar al tanto de las tendencias en la compensaci\u00f3n y beneficios en su sector y en el mercado laboral en general. Deben asegurarse de ofrecer un paquete de beneficios flexibles y compensaciones competitivas para atraer y despertar el deseo de permanencia de los mejores talentos. Las empresas tambi\u00e9n deben considerar si su paquete de beneficios y compensaciones est\u00e1 en l\u00ednea con las expectativas de sus empleados actuales.<\/p>\n\n\n\n<p><strong>3. \u00bfQu\u00e9 beneficios y compensaciones son m\u00e1s importantes para los colaboradores?<\/strong><\/p>\n\n\n\n<p>Los beneficios laborales flexibles han ganado protagonismo en el \u00faltimo tiempo porque las necesidades y prioridades de las personas han cambiado, sumado a los equipos intergeneracionales, y los departamentos de capital humano deben estar al tanto de estos cambios. Las empresas pueden llevar a cabo encuestas y entrevistas para conocer las necesidades y deseos de sus equipos en cuanto a beneficios y compensaciones. Algunos beneficios populares pueden incluir horarios de trabajo flexibles, d\u00edas libres pagados adicionales, seguro de salud, planes de bienestar f\u00edsico, emocional y ps\u00edquico, junto a brindar oportunidades de desarrollo profesional. Aunque se debe tener presente la posibilidad de generar un impacto en la comunidad tambi\u00e9n agrega valor a disminuir la rotaci\u00f3n de personal.<\/p>\n\n\n\n<p><strong>4. \u00bfC\u00f3mo se pueden hacer los beneficios y compensaciones m\u00e1s sostenibles?<\/strong><\/p>\n\n\n\n<p>Las empresas pueden considerar la posibilidad de implementar pr\u00e1cticas de compensaci\u00f3n y beneficios m\u00e1s sostenibles para reducir su impacto ambiental y mejorar su reputaci\u00f3n corporativa. Algunas opciones pueden incluir opciones de transporte sostenible, programas de reciclaje en el lugar de trabajo y la oferta de alimentos y bebidas saludables.<\/p>\n\n\n\n<p>En conclusi\u00f3n, los l\u00edderes de Capital Humano o Recursos Humanos deben estar al tanto de las tendencias y las necesidades cambiantes de sus colaboradores para crear paquetes de beneficios flexibles y compensaciones efectivos y sostenibles. Sumado a la importancia que ha cobrado contar una propuesta que puede reducir significativamente la rotaci\u00f3n de personal y atraer a los mejores candidatos. Lo cual, finalmente, se termina convirtiendo en una decisi\u00f3n estrat\u00e9gica de negocio.<\/p>\n\n\n<div class=\"wp-block-image\">\n<figure class=\"aligncenter size-full\"><img fetchpriority=\"high\" decoding=\"async\" width=\"940\" height=\"380\" src=\"https:\/\/coparmexjal.org.mx\/entorno-empresarial\/wp-content\/uploads\/2023\/03\/banner-conexion.jpg\" alt=\"\" class=\"wp-image-6960\" srcset=\"https:\/\/coparmexjal.org.mx\/entorno-empresarial\/wp-content\/uploads\/2023\/03\/banner-conexion.jpg 940w, https:\/\/coparmexjal.org.mx\/entorno-empresarial\/wp-content\/uploads\/2023\/03\/banner-conexion-300x121.jpg 300w, https:\/\/coparmexjal.org.mx\/entorno-empresarial\/wp-content\/uploads\/2023\/03\/banner-conexion-768x310.jpg 768w\" sizes=\"(max-width: 940px) 100vw, 940px\" \/><figcaption class=\"wp-element-caption\"><a href=\"https:\/\/coparmexjal.org.mx\/cpx\/cursos\/conexion-de-talento\/\">https:\/\/coparmexjal.org.mx\/cpx\/cursos\/conexion-de-talento\/<\/a><\/figcaption><\/figure><\/div>","protected":false},"excerpt":{"rendered":"<p>La competencia laboral se ha vuelto m\u00e1s intensa que nunca donde las organizaciones est\u00e1n luchando por atraer y despertar el deseo de permanencia de los<\/p>\n","protected":false},"author":127,"featured_media":6956,"comment_status":"open","ping_status":"open","sticky":false,"template":"","format":"standard","meta":{"footnotes":""},"categories":[158],"tags":[280,1326,707,1325],"class_list":["post-6955","post","type-post","status-publish","format-standard","has-post-thumbnail","hentry","category-capital-humano","tag-beneficios","tag-beneficios-laborales","tag-compensaciones","tag-engagement"],"yoast_head":"<!-- This site is optimized with the Yoast SEO plugin v27.5 - https:\/\/yoast.com\/product\/yoast-seo-wordpress\/ -->\n<title>Empoderar a trav\u00e9s de Flexibilidad, Prop\u00f3sito y Bienestar: un llamado al Engagement - Entorno Empresarial<\/title>\n<meta name=\"robots\" content=\"index, follow, max-snippet:-1, max-image-preview:large, max-video-preview:-1\" \/>\n<link rel=\"canonical\" href=\"https:\/\/coparmexjal.org.mx\/entorno-empresarial\/empoderar-a-traves-de-flexibilidad-proposito-y-bienestar-un-llamado-al-engagement\/\" \/>\n<meta property=\"og:locale\" content=\"es_MX\" \/>\n<meta property=\"og:type\" content=\"article\" \/>\n<meta property=\"og:title\" content=\"Empoderar a trav\u00e9s de Flexibilidad, Prop\u00f3sito y Bienestar: un llamado al Engagement - Entorno Empresarial\" \/>\n<meta property=\"og:description\" content=\"La competencia laboral se ha vuelto m\u00e1s intensa que nunca donde las organizaciones est\u00e1n luchando por atraer y despertar el deseo de permanencia de los\" \/>\n<meta property=\"og:url\" content=\"https:\/\/coparmexjal.org.mx\/entorno-empresarial\/empoderar-a-traves-de-flexibilidad-proposito-y-bienestar-un-llamado-al-engagement\/\" \/>\n<meta property=\"og:site_name\" content=\"Entorno Empresarial\" \/>\n<meta property=\"article:publisher\" content=\"https:\/\/facebook.com\/comcoparmex\" \/>\n<meta property=\"article:published_time\" content=\"2023-03-13T19:51:59+00:00\" \/>\n<meta property=\"article:modified_time\" content=\"2023-03-23T20:09:50+00:00\" \/>\n<meta property=\"og:image\" content=\"https:\/\/coparmexjal.org.mx\/entorno-empresarial\/wp-content\/uploads\/2023\/03\/colaboradores.jpg\" \/>\n\t<meta property=\"og:image:width\" content=\"640\" \/>\n\t<meta property=\"og:image:height\" content=\"427\" \/>\n\t<meta property=\"og:image:type\" content=\"image\/jpeg\" \/>\n<meta name=\"author\" content=\"Lucas Melman\" \/>\n<meta name=\"twitter:card\" content=\"summary_large_image\" \/>\n<meta name=\"twitter:creator\" content=\"@comcoparmex\" \/>\n<meta name=\"twitter:site\" content=\"@comcoparmex\" \/>\n<meta name=\"twitter:label1\" content=\"Escrito por\" \/>\n\t<meta name=\"twitter:data1\" content=\"Lucas Melman\" \/>\n\t<meta name=\"twitter:label2\" content=\"Tiempo de lectura\" \/>\n\t<meta name=\"twitter:data2\" content=\"4 minutos\" \/>\n<script type=\"application\/ld+json\" class=\"yoast-schema-graph\">{\"@context\":\"https:\\\/\\\/schema.org\",\"@graph\":[{\"@type\":\"Article\",\"@id\":\"https:\\\/\\\/coparmexjal.org.mx\\\/entorno-empresarial\\\/empoderar-a-traves-de-flexibilidad-proposito-y-bienestar-un-llamado-al-engagement\\\/#article\",\"isPartOf\":{\"@id\":\"https:\\\/\\\/coparmexjal.org.mx\\\/entorno-empresarial\\\/empoderar-a-traves-de-flexibilidad-proposito-y-bienestar-un-llamado-al-engagement\\\/\"},\"author\":{\"name\":\"Lucas Melman\",\"@id\":\"https:\\\/\\\/coparmexjal.org.mx\\\/entorno-empresarial\\\/#\\\/schema\\\/person\\\/932a6fb8f817ea08e95183e2d2014fa1\"},\"headline\":\"Empoderar a trav\u00e9s de Flexibilidad, Prop\u00f3sito y Bienestar: un llamado al Engagement\",\"datePublished\":\"2023-03-13T19:51:59+00:00\",\"dateModified\":\"2023-03-23T20:09:50+00:00\",\"mainEntityOfPage\":{\"@id\":\"https:\\\/\\\/coparmexjal.org.mx\\\/entorno-empresarial\\\/empoderar-a-traves-de-flexibilidad-proposito-y-bienestar-un-llamado-al-engagement\\\/\"},\"wordCount\":866,\"commentCount\":0,\"publisher\":{\"@id\":\"https:\\\/\\\/coparmexjal.org.mx\\\/entorno-empresarial\\\/#organization\"},\"image\":{\"@id\":\"https:\\\/\\\/coparmexjal.org.mx\\\/entorno-empresarial\\\/empoderar-a-traves-de-flexibilidad-proposito-y-bienestar-un-llamado-al-engagement\\\/#primaryimage\"},\"thumbnailUrl\":\"https:\\\/\\\/coparmexjal.org.mx\\\/entorno-empresarial\\\/wp-content\\\/uploads\\\/2023\\\/03\\\/colaboradores.jpg\",\"keywords\":[\"beneficios\",\"beneficios laborales\",\"compensaciones\",\"engagement\"],\"articleSection\":[\"Capital Humano\"],\"inLanguage\":\"es\",\"potentialAction\":[{\"@type\":\"CommentAction\",\"name\":\"Comment\",\"target\":[\"https:\\\/\\\/coparmexjal.org.mx\\\/entorno-empresarial\\\/empoderar-a-traves-de-flexibilidad-proposito-y-bienestar-un-llamado-al-engagement\\\/#respond\"]}]},{\"@type\":\"WebPage\",\"@id\":\"https:\\\/\\\/coparmexjal.org.mx\\\/entorno-empresarial\\\/empoderar-a-traves-de-flexibilidad-proposito-y-bienestar-un-llamado-al-engagement\\\/\",\"url\":\"https:\\\/\\\/coparmexjal.org.mx\\\/entorno-empresarial\\\/empoderar-a-traves-de-flexibilidad-proposito-y-bienestar-un-llamado-al-engagement\\\/\",\"name\":\"Empoderar a trav\u00e9s de Flexibilidad, Prop\u00f3sito y Bienestar: un llamado al Engagement - Entorno Empresarial\",\"isPartOf\":{\"@id\":\"https:\\\/\\\/coparmexjal.org.mx\\\/entorno-empresarial\\\/#website\"},\"primaryImageOfPage\":{\"@id\":\"https:\\\/\\\/coparmexjal.org.mx\\\/entorno-empresarial\\\/empoderar-a-traves-de-flexibilidad-proposito-y-bienestar-un-llamado-al-engagement\\\/#primaryimage\"},\"image\":{\"@id\":\"https:\\\/\\\/coparmexjal.org.mx\\\/entorno-empresarial\\\/empoderar-a-traves-de-flexibilidad-proposito-y-bienestar-un-llamado-al-engagement\\\/#primaryimage\"},\"thumbnailUrl\":\"https:\\\/\\\/coparmexjal.org.mx\\\/entorno-empresarial\\\/wp-content\\\/uploads\\\/2023\\\/03\\\/colaboradores.jpg\",\"datePublished\":\"2023-03-13T19:51:59+00:00\",\"dateModified\":\"2023-03-23T20:09:50+00:00\",\"breadcrumb\":{\"@id\":\"https:\\\/\\\/coparmexjal.org.mx\\\/entorno-empresarial\\\/empoderar-a-traves-de-flexibilidad-proposito-y-bienestar-un-llamado-al-engagement\\\/#breadcrumb\"},\"inLanguage\":\"es\",\"potentialAction\":[{\"@type\":\"ReadAction\",\"target\":[\"https:\\\/\\\/coparmexjal.org.mx\\\/entorno-empresarial\\\/empoderar-a-traves-de-flexibilidad-proposito-y-bienestar-un-llamado-al-engagement\\\/\"]}]},{\"@type\":\"ImageObject\",\"inLanguage\":\"es\",\"@id\":\"https:\\\/\\\/coparmexjal.org.mx\\\/entorno-empresarial\\\/empoderar-a-traves-de-flexibilidad-proposito-y-bienestar-un-llamado-al-engagement\\\/#primaryimage\",\"url\":\"https:\\\/\\\/coparmexjal.org.mx\\\/entorno-empresarial\\\/wp-content\\\/uploads\\\/2023\\\/03\\\/colaboradores.jpg\",\"contentUrl\":\"https:\\\/\\\/coparmexjal.org.mx\\\/entorno-empresarial\\\/wp-content\\\/uploads\\\/2023\\\/03\\\/colaboradores.jpg\",\"width\":640,\"height\":427},{\"@type\":\"BreadcrumbList\",\"@id\":\"https:\\\/\\\/coparmexjal.org.mx\\\/entorno-empresarial\\\/empoderar-a-traves-de-flexibilidad-proposito-y-bienestar-un-llamado-al-engagement\\\/#breadcrumb\",\"itemListElement\":[{\"@type\":\"ListItem\",\"position\":1,\"name\":\"Inicio\",\"item\":\"https:\\\/\\\/coparmexjal.org.mx\\\/entorno-empresarial\\\/\"},{\"@type\":\"ListItem\",\"position\":2,\"name\":\"Empoderar a trav\u00e9s de Flexibilidad, Prop\u00f3sito y Bienestar: un llamado al Engagement\"}]},{\"@type\":\"WebSite\",\"@id\":\"https:\\\/\\\/coparmexjal.org.mx\\\/entorno-empresarial\\\/#website\",\"url\":\"https:\\\/\\\/coparmexjal.org.mx\\\/entorno-empresarial\\\/\",\"name\":\"Revista Entorno Empresarial\",\"description\":\"Coparmex Jalisco\",\"publisher\":{\"@id\":\"https:\\\/\\\/coparmexjal.org.mx\\\/entorno-empresarial\\\/#organization\"},\"potentialAction\":[{\"@type\":\"SearchAction\",\"target\":{\"@type\":\"EntryPoint\",\"urlTemplate\":\"https:\\\/\\\/coparmexjal.org.mx\\\/entorno-empresarial\\\/?s={search_term_string}\"},\"query-input\":{\"@type\":\"PropertyValueSpecification\",\"valueRequired\":true,\"valueName\":\"search_term_string\"}}],\"inLanguage\":\"es\"},{\"@type\":\"Organization\",\"@id\":\"https:\\\/\\\/coparmexjal.org.mx\\\/entorno-empresarial\\\/#organization\",\"name\":\"Coparmex Jalisco\",\"url\":\"https:\\\/\\\/coparmexjal.org.mx\\\/entorno-empresarial\\\/\",\"logo\":{\"@type\":\"ImageObject\",\"inLanguage\":\"es\",\"@id\":\"https:\\\/\\\/coparmexjal.org.mx\\\/entorno-empresarial\\\/#\\\/schema\\\/logo\\\/image\\\/\",\"url\":\"https:\\\/\\\/coparmexjal.org.mx\\\/entorno-empresarial\\\/wp-content\\\/uploads\\\/2020\\\/02\\\/logo-amp.png\",\"contentUrl\":\"https:\\\/\\\/coparmexjal.org.mx\\\/entorno-empresarial\\\/wp-content\\\/uploads\\\/2020\\\/02\\\/logo-amp.png\",\"width\":120,\"height\":90,\"caption\":\"Coparmex Jalisco\"},\"image\":{\"@id\":\"https:\\\/\\\/coparmexjal.org.mx\\\/entorno-empresarial\\\/#\\\/schema\\\/logo\\\/image\\\/\"},\"sameAs\":[\"https:\\\/\\\/facebook.com\\\/comcoparmex\",\"https:\\\/\\\/x.com\\\/comcoparmex\",\"http:\\\/\\\/instagram.com\\\/coparmexjalisco\",\"https:\\\/\\\/mx.linkedin.com\\\/company\\\/coparmex-jalisco\",\"https:\\\/\\\/www.youtube.com\\\/c\\\/CoparmexJaliscomx\"]},{\"@type\":\"Person\",\"@id\":\"https:\\\/\\\/coparmexjal.org.mx\\\/entorno-empresarial\\\/#\\\/schema\\\/person\\\/932a6fb8f817ea08e95183e2d2014fa1\",\"name\":\"Lucas Melman\",\"image\":{\"@type\":\"ImageObject\",\"inLanguage\":\"es\",\"@id\":\"https:\\\/\\\/secure.gravatar.com\\\/avatar\\\/08409d2123e944ce161dd8df65191fc1016ad185291396cb1fb1969f66d86d3f?s=96&d=mm&r=g\",\"url\":\"https:\\\/\\\/secure.gravatar.com\\\/avatar\\\/08409d2123e944ce161dd8df65191fc1016ad185291396cb1fb1969f66d86d3f?s=96&d=mm&r=g\",\"contentUrl\":\"https:\\\/\\\/secure.gravatar.com\\\/avatar\\\/08409d2123e944ce161dd8df65191fc1016ad185291396cb1fb1969f66d86d3f?s=96&d=mm&r=g\",\"caption\":\"Lucas Melman\"},\"description\":\"Acerca de Betterfly Betterfly es el primer unicornio social latinoamericano. Fundada en 2018 para, inicialmente, transformar h\u00e1bitos saludables en donaciones de alimento para combatir la desnutrici\u00f3n en el mundo, en 2020, cambi\u00f3 su nombre a Betterfly y se desarroll\u00f3 como la primera plataforma de beneficios digital que combina bienestar, protecci\u00f3n financiera y prop\u00f3sito social. Ofrecida a organizaciones para que sus colaboradores accedan a servicios, de forma flexible, como telemedicina, educaci\u00f3n financiera, apps de fitness y meditaci\u00f3n, entre otros, adem\u00e1s de un seguro de vida que premia a quienes adoptan h\u00e1bitos saludables. Actualmente tiene operaciones en siete pa\u00edses de Latinoam\u00e9rica y Espa\u00f1a. Para m\u00e1s informaci\u00f3n consulta betterfly.com \\\/ @betterfly_mex\",\"url\":\"https:\\\/\\\/coparmexjal.org.mx\\\/entorno-empresarial\\\/author\\\/lucasmelman\\\/\"}]}<\/script>\n<!-- \/ Yoast SEO plugin. -->","yoast_head_json":{"title":"Empoderar a trav\u00e9s de Flexibilidad, Prop\u00f3sito y Bienestar: un llamado al Engagement - Entorno Empresarial","robots":{"index":"index","follow":"follow","max-snippet":"max-snippet:-1","max-image-preview":"max-image-preview:large","max-video-preview":"max-video-preview:-1"},"canonical":"https:\/\/coparmexjal.org.mx\/entorno-empresarial\/empoderar-a-traves-de-flexibilidad-proposito-y-bienestar-un-llamado-al-engagement\/","og_locale":"es_MX","og_type":"article","og_title":"Empoderar a trav\u00e9s de Flexibilidad, Prop\u00f3sito y Bienestar: un llamado al Engagement - Entorno Empresarial","og_description":"La competencia laboral se ha vuelto m\u00e1s intensa que nunca donde las organizaciones est\u00e1n luchando por atraer y despertar el deseo de permanencia de los","og_url":"https:\/\/coparmexjal.org.mx\/entorno-empresarial\/empoderar-a-traves-de-flexibilidad-proposito-y-bienestar-un-llamado-al-engagement\/","og_site_name":"Entorno Empresarial","article_publisher":"https:\/\/facebook.com\/comcoparmex","article_published_time":"2023-03-13T19:51:59+00:00","article_modified_time":"2023-03-23T20:09:50+00:00","og_image":[{"width":640,"height":427,"url":"https:\/\/coparmexjal.org.mx\/entorno-empresarial\/wp-content\/uploads\/2023\/03\/colaboradores.jpg","type":"image\/jpeg"}],"author":"Lucas Melman","twitter_card":"summary_large_image","twitter_creator":"@comcoparmex","twitter_site":"@comcoparmex","twitter_misc":{"Escrito por":"Lucas Melman","Tiempo de lectura":"4 minutos"},"schema":{"@context":"https:\/\/schema.org","@graph":[{"@type":"Article","@id":"https:\/\/coparmexjal.org.mx\/entorno-empresarial\/empoderar-a-traves-de-flexibilidad-proposito-y-bienestar-un-llamado-al-engagement\/#article","isPartOf":{"@id":"https:\/\/coparmexjal.org.mx\/entorno-empresarial\/empoderar-a-traves-de-flexibilidad-proposito-y-bienestar-un-llamado-al-engagement\/"},"author":{"name":"Lucas Melman","@id":"https:\/\/coparmexjal.org.mx\/entorno-empresarial\/#\/schema\/person\/932a6fb8f817ea08e95183e2d2014fa1"},"headline":"Empoderar a trav\u00e9s de Flexibilidad, Prop\u00f3sito y Bienestar: un llamado al Engagement","datePublished":"2023-03-13T19:51:59+00:00","dateModified":"2023-03-23T20:09:50+00:00","mainEntityOfPage":{"@id":"https:\/\/coparmexjal.org.mx\/entorno-empresarial\/empoderar-a-traves-de-flexibilidad-proposito-y-bienestar-un-llamado-al-engagement\/"},"wordCount":866,"commentCount":0,"publisher":{"@id":"https:\/\/coparmexjal.org.mx\/entorno-empresarial\/#organization"},"image":{"@id":"https:\/\/coparmexjal.org.mx\/entorno-empresarial\/empoderar-a-traves-de-flexibilidad-proposito-y-bienestar-un-llamado-al-engagement\/#primaryimage"},"thumbnailUrl":"https:\/\/coparmexjal.org.mx\/entorno-empresarial\/wp-content\/uploads\/2023\/03\/colaboradores.jpg","keywords":["beneficios","beneficios laborales","compensaciones","engagement"],"articleSection":["Capital Humano"],"inLanguage":"es","potentialAction":[{"@type":"CommentAction","name":"Comment","target":["https:\/\/coparmexjal.org.mx\/entorno-empresarial\/empoderar-a-traves-de-flexibilidad-proposito-y-bienestar-un-llamado-al-engagement\/#respond"]}]},{"@type":"WebPage","@id":"https:\/\/coparmexjal.org.mx\/entorno-empresarial\/empoderar-a-traves-de-flexibilidad-proposito-y-bienestar-un-llamado-al-engagement\/","url":"https:\/\/coparmexjal.org.mx\/entorno-empresarial\/empoderar-a-traves-de-flexibilidad-proposito-y-bienestar-un-llamado-al-engagement\/","name":"Empoderar a trav\u00e9s de Flexibilidad, Prop\u00f3sito y Bienestar: un llamado al Engagement - Entorno Empresarial","isPartOf":{"@id":"https:\/\/coparmexjal.org.mx\/entorno-empresarial\/#website"},"primaryImageOfPage":{"@id":"https:\/\/coparmexjal.org.mx\/entorno-empresarial\/empoderar-a-traves-de-flexibilidad-proposito-y-bienestar-un-llamado-al-engagement\/#primaryimage"},"image":{"@id":"https:\/\/coparmexjal.org.mx\/entorno-empresarial\/empoderar-a-traves-de-flexibilidad-proposito-y-bienestar-un-llamado-al-engagement\/#primaryimage"},"thumbnailUrl":"https:\/\/coparmexjal.org.mx\/entorno-empresarial\/wp-content\/uploads\/2023\/03\/colaboradores.jpg","datePublished":"2023-03-13T19:51:59+00:00","dateModified":"2023-03-23T20:09:50+00:00","breadcrumb":{"@id":"https:\/\/coparmexjal.org.mx\/entorno-empresarial\/empoderar-a-traves-de-flexibilidad-proposito-y-bienestar-un-llamado-al-engagement\/#breadcrumb"},"inLanguage":"es","potentialAction":[{"@type":"ReadAction","target":["https:\/\/coparmexjal.org.mx\/entorno-empresarial\/empoderar-a-traves-de-flexibilidad-proposito-y-bienestar-un-llamado-al-engagement\/"]}]},{"@type":"ImageObject","inLanguage":"es","@id":"https:\/\/coparmexjal.org.mx\/entorno-empresarial\/empoderar-a-traves-de-flexibilidad-proposito-y-bienestar-un-llamado-al-engagement\/#primaryimage","url":"https:\/\/coparmexjal.org.mx\/entorno-empresarial\/wp-content\/uploads\/2023\/03\/colaboradores.jpg","contentUrl":"https:\/\/coparmexjal.org.mx\/entorno-empresarial\/wp-content\/uploads\/2023\/03\/colaboradores.jpg","width":640,"height":427},{"@type":"BreadcrumbList","@id":"https:\/\/coparmexjal.org.mx\/entorno-empresarial\/empoderar-a-traves-de-flexibilidad-proposito-y-bienestar-un-llamado-al-engagement\/#breadcrumb","itemListElement":[{"@type":"ListItem","position":1,"name":"Inicio","item":"https:\/\/coparmexjal.org.mx\/entorno-empresarial\/"},{"@type":"ListItem","position":2,"name":"Empoderar a trav\u00e9s de Flexibilidad, Prop\u00f3sito y Bienestar: un llamado al Engagement"}]},{"@type":"WebSite","@id":"https:\/\/coparmexjal.org.mx\/entorno-empresarial\/#website","url":"https:\/\/coparmexjal.org.mx\/entorno-empresarial\/","name":"Revista Entorno Empresarial","description":"Coparmex Jalisco","publisher":{"@id":"https:\/\/coparmexjal.org.mx\/entorno-empresarial\/#organization"},"potentialAction":[{"@type":"SearchAction","target":{"@type":"EntryPoint","urlTemplate":"https:\/\/coparmexjal.org.mx\/entorno-empresarial\/?s={search_term_string}"},"query-input":{"@type":"PropertyValueSpecification","valueRequired":true,"valueName":"search_term_string"}}],"inLanguage":"es"},{"@type":"Organization","@id":"https:\/\/coparmexjal.org.mx\/entorno-empresarial\/#organization","name":"Coparmex Jalisco","url":"https:\/\/coparmexjal.org.mx\/entorno-empresarial\/","logo":{"@type":"ImageObject","inLanguage":"es","@id":"https:\/\/coparmexjal.org.mx\/entorno-empresarial\/#\/schema\/logo\/image\/","url":"https:\/\/coparmexjal.org.mx\/entorno-empresarial\/wp-content\/uploads\/2020\/02\/logo-amp.png","contentUrl":"https:\/\/coparmexjal.org.mx\/entorno-empresarial\/wp-content\/uploads\/2020\/02\/logo-amp.png","width":120,"height":90,"caption":"Coparmex Jalisco"},"image":{"@id":"https:\/\/coparmexjal.org.mx\/entorno-empresarial\/#\/schema\/logo\/image\/"},"sameAs":["https:\/\/facebook.com\/comcoparmex","https:\/\/x.com\/comcoparmex","http:\/\/instagram.com\/coparmexjalisco","https:\/\/mx.linkedin.com\/company\/coparmex-jalisco","https:\/\/www.youtube.com\/c\/CoparmexJaliscomx"]},{"@type":"Person","@id":"https:\/\/coparmexjal.org.mx\/entorno-empresarial\/#\/schema\/person\/932a6fb8f817ea08e95183e2d2014fa1","name":"Lucas Melman","image":{"@type":"ImageObject","inLanguage":"es","@id":"https:\/\/secure.gravatar.com\/avatar\/08409d2123e944ce161dd8df65191fc1016ad185291396cb1fb1969f66d86d3f?s=96&d=mm&r=g","url":"https:\/\/secure.gravatar.com\/avatar\/08409d2123e944ce161dd8df65191fc1016ad185291396cb1fb1969f66d86d3f?s=96&d=mm&r=g","contentUrl":"https:\/\/secure.gravatar.com\/avatar\/08409d2123e944ce161dd8df65191fc1016ad185291396cb1fb1969f66d86d3f?s=96&d=mm&r=g","caption":"Lucas Melman"},"description":"Acerca de Betterfly Betterfly es el primer unicornio social latinoamericano. Fundada en 2018 para, inicialmente, transformar h\u00e1bitos saludables en donaciones de alimento para combatir la desnutrici\u00f3n en el mundo, en 2020, cambi\u00f3 su nombre a Betterfly y se desarroll\u00f3 como la primera plataforma de beneficios digital que combina bienestar, protecci\u00f3n financiera y prop\u00f3sito social. Ofrecida a organizaciones para que sus colaboradores accedan a servicios, de forma flexible, como telemedicina, educaci\u00f3n financiera, apps de fitness y meditaci\u00f3n, entre otros, adem\u00e1s de un seguro de vida que premia a quienes adoptan h\u00e1bitos saludables. Actualmente tiene operaciones en siete pa\u00edses de Latinoam\u00e9rica y Espa\u00f1a. Para m\u00e1s informaci\u00f3n consulta betterfly.com \/ @betterfly_mex","url":"https:\/\/coparmexjal.org.mx\/entorno-empresarial\/author\/lucasmelman\/"}]}},"_links":{"self":[{"href":"https:\/\/coparmexjal.org.mx\/entorno-empresarial\/wp-json\/wp\/v2\/posts\/6955","targetHints":{"allow":["GET"]}}],"collection":[{"href":"https:\/\/coparmexjal.org.mx\/entorno-empresarial\/wp-json\/wp\/v2\/posts"}],"about":[{"href":"https:\/\/coparmexjal.org.mx\/entorno-empresarial\/wp-json\/wp\/v2\/types\/post"}],"author":[{"embeddable":true,"href":"https:\/\/coparmexjal.org.mx\/entorno-empresarial\/wp-json\/wp\/v2\/users\/127"}],"replies":[{"embeddable":true,"href":"https:\/\/coparmexjal.org.mx\/entorno-empresarial\/wp-json\/wp\/v2\/comments?post=6955"}],"version-history":[{"count":2,"href":"https:\/\/coparmexjal.org.mx\/entorno-empresarial\/wp-json\/wp\/v2\/posts\/6955\/revisions"}],"predecessor-version":[{"id":6961,"href":"https:\/\/coparmexjal.org.mx\/entorno-empresarial\/wp-json\/wp\/v2\/posts\/6955\/revisions\/6961"}],"wp:featuredmedia":[{"embeddable":true,"href":"https:\/\/coparmexjal.org.mx\/entorno-empresarial\/wp-json\/wp\/v2\/media\/6956"}],"wp:attachment":[{"href":"https:\/\/coparmexjal.org.mx\/entorno-empresarial\/wp-json\/wp\/v2\/media?parent=6955"}],"wp:term":[{"taxonomy":"category","embeddable":true,"href":"https:\/\/coparmexjal.org.mx\/entorno-empresarial\/wp-json\/wp\/v2\/categories?post=6955"},{"taxonomy":"post_tag","embeddable":true,"href":"https:\/\/coparmexjal.org.mx\/entorno-empresarial\/wp-json\/wp\/v2\/tags?post=6955"}],"curies":[{"name":"wp","href":"https:\/\/api.w.org\/{rel}","templated":true}]}}