{"id":6924,"date":"2023-02-06T11:20:00","date_gmt":"2023-02-06T17:20:00","guid":{"rendered":"https:\/\/coparmexjal.org.mx\/entorno-empresarial\/?p=6924"},"modified":"2023-02-10T20:21:32","modified_gmt":"2023-02-11T02:21:32","slug":"salario-y-cuotas-imss-por-incremento-vacacional","status":"publish","type":"post","link":"https:\/\/coparmexjal.org.mx\/entorno-empresarial\/salario-y-cuotas-imss-por-incremento-vacacional\/","title":{"rendered":"<strong>Efecto en el salario base de cotizaci\u00f3n y en las cuotas de seguridad social por el incremento al periodo vacacional a partir de 2023<\/strong>"},"content":{"rendered":"\n<p>Mediante la publicaci\u00f3n en el Diario Oficinal de la Federaci\u00f3n, el 27 de diciembre de 2022, de decreto por el que se reform\u00f3 la Ley Federal del Trabajo, para incrementar el n\u00famero de d\u00edas que deber\u00e1n disfrutar los trabajadores a partir del 1 de enero de 2023, uno de los efectos a considerar es el correspondiente a la integraci\u00f3n del salario base de cotizaci\u00f3n, para efectos del pago de las aportaciones de seguridad social, en t\u00e9rminos de lo que disponen las leyes de la materia, debido al incremento que se reflejar\u00e1 en la prima vacacional.<\/p>\n\n\n\n<p>Lo anterior debido a que<ins>,<\/ins> en t\u00e9rminos generales, los d\u00edas que tendr\u00e1n derecho a disfrutar los trabajadores ser\u00e1n de seis adicionales a los que les correspond\u00edan antes de la reforma, lo que provocar\u00e1 que sea mayor la retribuci\u00f3n que percibir\u00e1n a partir de este a\u00f1o.<\/p>\n\n\n\n<p>Ciertamente, en el ambiente laboral existen diversas opiniones sobre el n\u00famero de d\u00edas que le corresponder\u00e1n disfrutar a los trabajadores en este a\u00f1o en el que ocurre el cambio, dado que, como es natural y com\u00fan, los trabajadores cumplir\u00e1n a\u00f1os de labores durante 2023, habiendo transcurrido parte de ese a\u00f1o de \u201cdevengo\u201d del periodo vacacional, en una \u00e9poca en la que se ten\u00eda un beneficio menor que el actual, y que l\u00f3gicamente se ha interpretado en el sentido de que el periodo a disfrutar deber\u00eda ser determinado de manera proporcional, sin embargo, en otras opiniones, incluyendo la de las autoridades laborales, el periodo a disfrutar deber\u00eda ser el que entr\u00f3 en vigor a partir de este a\u00f1o, sin que se tenga que determinar proporci\u00f3n alguna.<\/p>\n\n\n\n<p>Luego entonces, el pago de la prima vacacional que como m\u00ednimo corresponde al 25% del periodo vacacional a disfrutar, ser\u00e1 por el equivalente a un importe mayor al que habr\u00eda sido considerado para determinar los salarios base de cotizaci\u00f3n, ya sea que se tomen en cuenta las vacaciones correspondientes de manera proporcional, o bien, de acuerdo al periodo que la Ley actual contempla.<\/p>\n\n\n\n<p>De conformidad con el art\u00edculo 30 de la Ley del Seguro Social, cuando el trabajador percibe remuneraciones peri\u00f3dicas de cuant\u00eda previamente conocida, como es el caso de la prima vacacional, dichas remuneraciones deben considerarse en la integraci\u00f3n del salario base de cotizaci\u00f3n, por lo que, el efecto de la prima vacacional que se habr\u00eda devengado antes de la entrada en vigor de la reforma laboral, ya estar\u00eda incorporado al efectuar las aportaciones causadas durante 2022; pero a partir de enero de 2023, ya durante la vigencia de la reforma aprobada, los patrones deber\u00e1n tomar en cuenta el importe que corresponda a la prima vacacional, por el incremento aprobado en el n\u00famero de d\u00edas, para determinar correctamente el salario base de cotizaci\u00f3n y de esta forma cubrir adecuadamente las aportaciones causadas durante 2023.<\/p>\n\n\n\n<p>En el caso que el patr\u00f3n considere que lo correcto es determinar el periodo de vacaciones en proporci\u00f3n de los d\u00edas devengados, la modificaci\u00f3n salarial realizada a partir de 2023, en la que se incluya el efecto del nuevo periodo, ser\u00eda suficiente para liquidar las aportaciones causadas; sin embargo, en el caso que la prima se pague en funci\u00f3n de la totalidad de los d\u00edas que ahora establece la Ley Federal del Trabajo, originar\u00e1 que el trabajador perciba un monto superior del que las cuotas cubiertas tendr\u00edan reconocidas, por lo que, dichos montos podr\u00edan representar un ingreso obtenido por los trabajadores, por el que se deber\u00e1n calcular aportaciones adicionales. Ser\u00e1 conveniente obtener la opini\u00f3n profesional y la asesor\u00eda de expertos en la materia laboral, para dimensionar las consecuencias de adoptar una u otra postura.<\/p>\n","protected":false},"excerpt":{"rendered":"<p>Mediante la publicaci\u00f3n en el Diario Oficinal de la Federaci\u00f3n, el 27 de diciembre de 2022, de decreto por el que se reform\u00f3 la Ley Federal del Trabajo, para incrementar el n\u00famero de d\u00edas que deber\u00e1n disfrutar los trabajadores a partir del 1 de enero de 2023, uno de los efectos a considerar es el correspondiente a la integraci\u00f3n del salario base de cotizaci\u00f3n, para efectos del pago de las aportaciones de seguridad social, en t\u00e9rminos de lo que disponen las leyes de la materia, debido al incremento que se reflejar\u00e1 en la prima vacacional.<\/p>\n","protected":false},"author":115,"featured_media":6925,"comment_status":"open","ping_status":"open","sticky":false,"template":"","format":"standard","meta":{"footnotes":""},"categories":[152,1182],"tags":[711,203,1316,1317],"class_list":["post-6924","post","type-post","status-publish","format-standard","has-post-thumbnail","hentry","category-empresas","category-fiscal","tag-ley-federal-del-trabajo","tag-salario","tag-seguridad-social","tag-vacaciones"],"yoast_head":"<!-- This site is optimized with the Yoast SEO plugin v27.4 - https:\/\/yoast.com\/product\/yoast-seo-wordpress\/ -->\n<title>Efecto en el salario base de cotizaci\u00f3n y en las cuotas de seguridad social por el incremento al periodo vacacional a partir de 2023 - Entorno Empresarial<\/title>\n<meta name=\"description\" content=\"Existen diversas opiniones sobre el n\u00famero de d\u00edas que le corresponder\u00e1n disfrutar a los trabajadores en este a\u00f1o en el que ocurre el cambio.\" \/>\n<meta name=\"robots\" content=\"index, follow, max-snippet:-1, max-image-preview:large, max-video-preview:-1\" \/>\n<link rel=\"canonical\" href=\"https:\/\/coparmexjal.org.mx\/entorno-empresarial\/salario-y-cuotas-imss-por-incremento-vacacional\/\" \/>\n<meta property=\"og:locale\" content=\"es_MX\" \/>\n<meta property=\"og:type\" content=\"article\" \/>\n<meta property=\"og:title\" content=\"Efecto en el salario base de cotizaci\u00f3n y en las cuotas de seguridad social por el incremento al periodo vacacional a partir de 2023 - Entorno Empresarial\" \/>\n<meta property=\"og:description\" content=\"Existen diversas opiniones sobre el n\u00famero de d\u00edas que le corresponder\u00e1n disfrutar a los trabajadores en este a\u00f1o en el que ocurre el cambio.\" \/>\n<meta property=\"og:url\" content=\"https:\/\/coparmexjal.org.mx\/entorno-empresarial\/salario-y-cuotas-imss-por-incremento-vacacional\/\" \/>\n<meta property=\"og:site_name\" content=\"Entorno Empresarial\" \/>\n<meta property=\"article:publisher\" content=\"https:\/\/facebook.com\/comcoparmex\" \/>\n<meta property=\"article:published_time\" content=\"2023-02-06T17:20:00+00:00\" \/>\n<meta property=\"article:modified_time\" content=\"2023-02-11T02:21:32+00:00\" \/>\n<meta property=\"og:image\" content=\"https:\/\/coparmexjal.org.mx\/entorno-empresarial\/wp-content\/uploads\/2023\/02\/mujer-sombrero-sentado-playa-sillas-hermosa-playa-tropical-mujer-relajandose-playa-tropical-isla-koh-nangyuan.jpg\" \/>\n\t<meta property=\"og:image:width\" content=\"1000\" \/>\n\t<meta property=\"og:image:height\" content=\"667\" \/>\n\t<meta property=\"og:image:type\" content=\"image\/jpeg\" \/>\n<meta name=\"author\" content=\"CPC Jos\u00e9 Guadalupe Rodr\u00edguez Renter\u00eda\" \/>\n<meta name=\"twitter:card\" content=\"summary_large_image\" \/>\n<meta name=\"twitter:creator\" content=\"@comcoparmex\" \/>\n<meta name=\"twitter:site\" content=\"@comcoparmex\" \/>\n<meta name=\"twitter:label1\" content=\"Escrito por\" \/>\n\t<meta name=\"twitter:data1\" content=\"CPC Jos\u00e9 Guadalupe Rodr\u00edguez Renter\u00eda\" \/>\n\t<meta name=\"twitter:label2\" content=\"Tiempo de lectura\" \/>\n\t<meta name=\"twitter:data2\" content=\"3 minutos\" \/>\n<script type=\"application\/ld+json\" class=\"yoast-schema-graph\">{\"@context\":\"https:\\\/\\\/schema.org\",\"@graph\":[{\"@type\":\"Article\",\"@id\":\"https:\\\/\\\/coparmexjal.org.mx\\\/entorno-empresarial\\\/salario-y-cuotas-imss-por-incremento-vacacional\\\/#article\",\"isPartOf\":{\"@id\":\"https:\\\/\\\/coparmexjal.org.mx\\\/entorno-empresarial\\\/salario-y-cuotas-imss-por-incremento-vacacional\\\/\"},\"author\":{\"name\":\"CPC Jos\u00e9 Guadalupe Rodr\u00edguez Renter\u00eda\",\"@id\":\"https:\\\/\\\/coparmexjal.org.mx\\\/entorno-empresarial\\\/#\\\/schema\\\/person\\\/7c3c9a151a97f5ba66442b845e469ee4\"},\"headline\":\"Efecto en el salario base de cotizaci\u00f3n y en las cuotas de seguridad social por el incremento al periodo vacacional a partir de 2023\",\"datePublished\":\"2023-02-06T17:20:00+00:00\",\"dateModified\":\"2023-02-11T02:21:32+00:00\",\"mainEntityOfPage\":{\"@id\":\"https:\\\/\\\/coparmexjal.org.mx\\\/entorno-empresarial\\\/salario-y-cuotas-imss-por-incremento-vacacional\\\/\"},\"wordCount\":663,\"commentCount\":0,\"publisher\":{\"@id\":\"https:\\\/\\\/coparmexjal.org.mx\\\/entorno-empresarial\\\/#organization\"},\"image\":{\"@id\":\"https:\\\/\\\/coparmexjal.org.mx\\\/entorno-empresarial\\\/salario-y-cuotas-imss-por-incremento-vacacional\\\/#primaryimage\"},\"thumbnailUrl\":\"https:\\\/\\\/coparmexjal.org.mx\\\/entorno-empresarial\\\/wp-content\\\/uploads\\\/2023\\\/02\\\/mujer-sombrero-sentado-playa-sillas-hermosa-playa-tropical-mujer-relajandose-playa-tropical-isla-koh-nangyuan.jpg\",\"keywords\":[\"Ley Federal del Trabajo\",\"salario\",\"seguridad social\",\"vacaciones\"],\"articleSection\":[\"Empresas\",\"Fiscal\"],\"inLanguage\":\"es\",\"potentialAction\":[{\"@type\":\"CommentAction\",\"name\":\"Comment\",\"target\":[\"https:\\\/\\\/coparmexjal.org.mx\\\/entorno-empresarial\\\/salario-y-cuotas-imss-por-incremento-vacacional\\\/#respond\"]}]},{\"@type\":\"WebPage\",\"@id\":\"https:\\\/\\\/coparmexjal.org.mx\\\/entorno-empresarial\\\/salario-y-cuotas-imss-por-incremento-vacacional\\\/\",\"url\":\"https:\\\/\\\/coparmexjal.org.mx\\\/entorno-empresarial\\\/salario-y-cuotas-imss-por-incremento-vacacional\\\/\",\"name\":\"Efecto en el salario base de cotizaci\u00f3n y en las cuotas de seguridad social por el incremento al periodo vacacional a partir de 2023 - Entorno Empresarial\",\"isPartOf\":{\"@id\":\"https:\\\/\\\/coparmexjal.org.mx\\\/entorno-empresarial\\\/#website\"},\"primaryImageOfPage\":{\"@id\":\"https:\\\/\\\/coparmexjal.org.mx\\\/entorno-empresarial\\\/salario-y-cuotas-imss-por-incremento-vacacional\\\/#primaryimage\"},\"image\":{\"@id\":\"https:\\\/\\\/coparmexjal.org.mx\\\/entorno-empresarial\\\/salario-y-cuotas-imss-por-incremento-vacacional\\\/#primaryimage\"},\"thumbnailUrl\":\"https:\\\/\\\/coparmexjal.org.mx\\\/entorno-empresarial\\\/wp-content\\\/uploads\\\/2023\\\/02\\\/mujer-sombrero-sentado-playa-sillas-hermosa-playa-tropical-mujer-relajandose-playa-tropical-isla-koh-nangyuan.jpg\",\"datePublished\":\"2023-02-06T17:20:00+00:00\",\"dateModified\":\"2023-02-11T02:21:32+00:00\",\"description\":\"Existen diversas opiniones sobre el n\u00famero de d\u00edas que le corresponder\u00e1n disfrutar a los trabajadores en este a\u00f1o en el que ocurre el cambio.\",\"breadcrumb\":{\"@id\":\"https:\\\/\\\/coparmexjal.org.mx\\\/entorno-empresarial\\\/salario-y-cuotas-imss-por-incremento-vacacional\\\/#breadcrumb\"},\"inLanguage\":\"es\",\"potentialAction\":[{\"@type\":\"ReadAction\",\"target\":[\"https:\\\/\\\/coparmexjal.org.mx\\\/entorno-empresarial\\\/salario-y-cuotas-imss-por-incremento-vacacional\\\/\"]}]},{\"@type\":\"ImageObject\",\"inLanguage\":\"es\",\"@id\":\"https:\\\/\\\/coparmexjal.org.mx\\\/entorno-empresarial\\\/salario-y-cuotas-imss-por-incremento-vacacional\\\/#primaryimage\",\"url\":\"https:\\\/\\\/coparmexjal.org.mx\\\/entorno-empresarial\\\/wp-content\\\/uploads\\\/2023\\\/02\\\/mujer-sombrero-sentado-playa-sillas-hermosa-playa-tropical-mujer-relajandose-playa-tropical-isla-koh-nangyuan.jpg\",\"contentUrl\":\"https:\\\/\\\/coparmexjal.org.mx\\\/entorno-empresarial\\\/wp-content\\\/uploads\\\/2023\\\/02\\\/mujer-sombrero-sentado-playa-sillas-hermosa-playa-tropical-mujer-relajandose-playa-tropical-isla-koh-nangyuan.jpg\",\"width\":1000,\"height\":667},{\"@type\":\"BreadcrumbList\",\"@id\":\"https:\\\/\\\/coparmexjal.org.mx\\\/entorno-empresarial\\\/salario-y-cuotas-imss-por-incremento-vacacional\\\/#breadcrumb\",\"itemListElement\":[{\"@type\":\"ListItem\",\"position\":1,\"name\":\"Inicio\",\"item\":\"https:\\\/\\\/coparmexjal.org.mx\\\/entorno-empresarial\\\/\"},{\"@type\":\"ListItem\",\"position\":2,\"name\":\"Efecto en el salario base de cotizaci\u00f3n y en las cuotas de seguridad social por el incremento al periodo vacacional a partir de 2023\"}]},{\"@type\":\"WebSite\",\"@id\":\"https:\\\/\\\/coparmexjal.org.mx\\\/entorno-empresarial\\\/#website\",\"url\":\"https:\\\/\\\/coparmexjal.org.mx\\\/entorno-empresarial\\\/\",\"name\":\"Revista Entorno Empresarial\",\"description\":\"Coparmex Jalisco\",\"publisher\":{\"@id\":\"https:\\\/\\\/coparmexjal.org.mx\\\/entorno-empresarial\\\/#organization\"},\"potentialAction\":[{\"@type\":\"SearchAction\",\"target\":{\"@type\":\"EntryPoint\",\"urlTemplate\":\"https:\\\/\\\/coparmexjal.org.mx\\\/entorno-empresarial\\\/?s={search_term_string}\"},\"query-input\":{\"@type\":\"PropertyValueSpecification\",\"valueRequired\":true,\"valueName\":\"search_term_string\"}}],\"inLanguage\":\"es\"},{\"@type\":\"Organization\",\"@id\":\"https:\\\/\\\/coparmexjal.org.mx\\\/entorno-empresarial\\\/#organization\",\"name\":\"Coparmex Jalisco\",\"url\":\"https:\\\/\\\/coparmexjal.org.mx\\\/entorno-empresarial\\\/\",\"logo\":{\"@type\":\"ImageObject\",\"inLanguage\":\"es\",\"@id\":\"https:\\\/\\\/coparmexjal.org.mx\\\/entorno-empresarial\\\/#\\\/schema\\\/logo\\\/image\\\/\",\"url\":\"https:\\\/\\\/coparmexjal.org.mx\\\/entorno-empresarial\\\/wp-content\\\/uploads\\\/2020\\\/02\\\/logo-amp.png\",\"contentUrl\":\"https:\\\/\\\/coparmexjal.org.mx\\\/entorno-empresarial\\\/wp-content\\\/uploads\\\/2020\\\/02\\\/logo-amp.png\",\"width\":120,\"height\":90,\"caption\":\"Coparmex Jalisco\"},\"image\":{\"@id\":\"https:\\\/\\\/coparmexjal.org.mx\\\/entorno-empresarial\\\/#\\\/schema\\\/logo\\\/image\\\/\"},\"sameAs\":[\"https:\\\/\\\/facebook.com\\\/comcoparmex\",\"https:\\\/\\\/x.com\\\/comcoparmex\",\"http:\\\/\\\/instagram.com\\\/coparmexjalisco\",\"https:\\\/\\\/mx.linkedin.com\\\/company\\\/coparmex-jalisco\",\"https:\\\/\\\/www.youtube.com\\\/c\\\/CoparmexJaliscomx\"]},{\"@type\":\"Person\",\"@id\":\"https:\\\/\\\/coparmexjal.org.mx\\\/entorno-empresarial\\\/#\\\/schema\\\/person\\\/7c3c9a151a97f5ba66442b845e469ee4\",\"name\":\"CPC Jos\u00e9 Guadalupe Rodr\u00edguez Renter\u00eda\",\"image\":{\"@type\":\"ImageObject\",\"inLanguage\":\"es\",\"@id\":\"https:\\\/\\\/secure.gravatar.com\\\/avatar\\\/0c9168c34871362e170f1bc543e019fa22cc03a4f45a8e946a5d7f5b9dafaf1d?s=96&d=mm&r=g\",\"url\":\"https:\\\/\\\/secure.gravatar.com\\\/avatar\\\/0c9168c34871362e170f1bc543e019fa22cc03a4f45a8e946a5d7f5b9dafaf1d?s=96&d=mm&r=g\",\"contentUrl\":\"https:\\\/\\\/secure.gravatar.com\\\/avatar\\\/0c9168c34871362e170f1bc543e019fa22cc03a4f45a8e946a5d7f5b9dafaf1d?s=96&d=mm&r=g\",\"caption\":\"CPC Jos\u00e9 Guadalupe Rodr\u00edguez Renter\u00eda\"},\"url\":\"https:\\\/\\\/coparmexjal.org.mx\\\/entorno-empresarial\\\/author\\\/joseguadaluperodriguezrenteria\\\/\"}]}<\/script>\n<!-- \/ Yoast SEO plugin. -->","yoast_head_json":{"title":"Efecto en el salario base de cotizaci\u00f3n y en las cuotas de seguridad social por el incremento al periodo vacacional a partir de 2023 - Entorno Empresarial","description":"Existen diversas opiniones sobre el n\u00famero de d\u00edas que le corresponder\u00e1n disfrutar a los trabajadores en este a\u00f1o en el que ocurre el cambio.","robots":{"index":"index","follow":"follow","max-snippet":"max-snippet:-1","max-image-preview":"max-image-preview:large","max-video-preview":"max-video-preview:-1"},"canonical":"https:\/\/coparmexjal.org.mx\/entorno-empresarial\/salario-y-cuotas-imss-por-incremento-vacacional\/","og_locale":"es_MX","og_type":"article","og_title":"Efecto en el salario base de cotizaci\u00f3n y en las cuotas de seguridad social por el incremento al periodo vacacional a partir de 2023 - Entorno Empresarial","og_description":"Existen diversas opiniones sobre el n\u00famero de d\u00edas que le corresponder\u00e1n disfrutar a los trabajadores en este a\u00f1o en el que ocurre el cambio.","og_url":"https:\/\/coparmexjal.org.mx\/entorno-empresarial\/salario-y-cuotas-imss-por-incremento-vacacional\/","og_site_name":"Entorno Empresarial","article_publisher":"https:\/\/facebook.com\/comcoparmex","article_published_time":"2023-02-06T17:20:00+00:00","article_modified_time":"2023-02-11T02:21:32+00:00","og_image":[{"width":1000,"height":667,"url":"https:\/\/coparmexjal.org.mx\/entorno-empresarial\/wp-content\/uploads\/2023\/02\/mujer-sombrero-sentado-playa-sillas-hermosa-playa-tropical-mujer-relajandose-playa-tropical-isla-koh-nangyuan.jpg","type":"image\/jpeg"}],"author":"CPC Jos\u00e9 Guadalupe Rodr\u00edguez Renter\u00eda","twitter_card":"summary_large_image","twitter_creator":"@comcoparmex","twitter_site":"@comcoparmex","twitter_misc":{"Escrito por":"CPC Jos\u00e9 Guadalupe Rodr\u00edguez Renter\u00eda","Tiempo de lectura":"3 minutos"},"schema":{"@context":"https:\/\/schema.org","@graph":[{"@type":"Article","@id":"https:\/\/coparmexjal.org.mx\/entorno-empresarial\/salario-y-cuotas-imss-por-incremento-vacacional\/#article","isPartOf":{"@id":"https:\/\/coparmexjal.org.mx\/entorno-empresarial\/salario-y-cuotas-imss-por-incremento-vacacional\/"},"author":{"name":"CPC Jos\u00e9 Guadalupe Rodr\u00edguez Renter\u00eda","@id":"https:\/\/coparmexjal.org.mx\/entorno-empresarial\/#\/schema\/person\/7c3c9a151a97f5ba66442b845e469ee4"},"headline":"Efecto en el salario base de cotizaci\u00f3n y en las cuotas de seguridad social por el incremento al periodo vacacional a partir de 2023","datePublished":"2023-02-06T17:20:00+00:00","dateModified":"2023-02-11T02:21:32+00:00","mainEntityOfPage":{"@id":"https:\/\/coparmexjal.org.mx\/entorno-empresarial\/salario-y-cuotas-imss-por-incremento-vacacional\/"},"wordCount":663,"commentCount":0,"publisher":{"@id":"https:\/\/coparmexjal.org.mx\/entorno-empresarial\/#organization"},"image":{"@id":"https:\/\/coparmexjal.org.mx\/entorno-empresarial\/salario-y-cuotas-imss-por-incremento-vacacional\/#primaryimage"},"thumbnailUrl":"https:\/\/coparmexjal.org.mx\/entorno-empresarial\/wp-content\/uploads\/2023\/02\/mujer-sombrero-sentado-playa-sillas-hermosa-playa-tropical-mujer-relajandose-playa-tropical-isla-koh-nangyuan.jpg","keywords":["Ley Federal del Trabajo","salario","seguridad social","vacaciones"],"articleSection":["Empresas","Fiscal"],"inLanguage":"es","potentialAction":[{"@type":"CommentAction","name":"Comment","target":["https:\/\/coparmexjal.org.mx\/entorno-empresarial\/salario-y-cuotas-imss-por-incremento-vacacional\/#respond"]}]},{"@type":"WebPage","@id":"https:\/\/coparmexjal.org.mx\/entorno-empresarial\/salario-y-cuotas-imss-por-incremento-vacacional\/","url":"https:\/\/coparmexjal.org.mx\/entorno-empresarial\/salario-y-cuotas-imss-por-incremento-vacacional\/","name":"Efecto en el salario base de cotizaci\u00f3n y en las cuotas de seguridad social por el incremento al periodo vacacional a partir de 2023 - Entorno Empresarial","isPartOf":{"@id":"https:\/\/coparmexjal.org.mx\/entorno-empresarial\/#website"},"primaryImageOfPage":{"@id":"https:\/\/coparmexjal.org.mx\/entorno-empresarial\/salario-y-cuotas-imss-por-incremento-vacacional\/#primaryimage"},"image":{"@id":"https:\/\/coparmexjal.org.mx\/entorno-empresarial\/salario-y-cuotas-imss-por-incremento-vacacional\/#primaryimage"},"thumbnailUrl":"https:\/\/coparmexjal.org.mx\/entorno-empresarial\/wp-content\/uploads\/2023\/02\/mujer-sombrero-sentado-playa-sillas-hermosa-playa-tropical-mujer-relajandose-playa-tropical-isla-koh-nangyuan.jpg","datePublished":"2023-02-06T17:20:00+00:00","dateModified":"2023-02-11T02:21:32+00:00","description":"Existen diversas opiniones sobre el n\u00famero de d\u00edas que le corresponder\u00e1n disfrutar a los trabajadores en este a\u00f1o en el que ocurre el cambio.","breadcrumb":{"@id":"https:\/\/coparmexjal.org.mx\/entorno-empresarial\/salario-y-cuotas-imss-por-incremento-vacacional\/#breadcrumb"},"inLanguage":"es","potentialAction":[{"@type":"ReadAction","target":["https:\/\/coparmexjal.org.mx\/entorno-empresarial\/salario-y-cuotas-imss-por-incremento-vacacional\/"]}]},{"@type":"ImageObject","inLanguage":"es","@id":"https:\/\/coparmexjal.org.mx\/entorno-empresarial\/salario-y-cuotas-imss-por-incremento-vacacional\/#primaryimage","url":"https:\/\/coparmexjal.org.mx\/entorno-empresarial\/wp-content\/uploads\/2023\/02\/mujer-sombrero-sentado-playa-sillas-hermosa-playa-tropical-mujer-relajandose-playa-tropical-isla-koh-nangyuan.jpg","contentUrl":"https:\/\/coparmexjal.org.mx\/entorno-empresarial\/wp-content\/uploads\/2023\/02\/mujer-sombrero-sentado-playa-sillas-hermosa-playa-tropical-mujer-relajandose-playa-tropical-isla-koh-nangyuan.jpg","width":1000,"height":667},{"@type":"BreadcrumbList","@id":"https:\/\/coparmexjal.org.mx\/entorno-empresarial\/salario-y-cuotas-imss-por-incremento-vacacional\/#breadcrumb","itemListElement":[{"@type":"ListItem","position":1,"name":"Inicio","item":"https:\/\/coparmexjal.org.mx\/entorno-empresarial\/"},{"@type":"ListItem","position":2,"name":"Efecto en el salario base de cotizaci\u00f3n y en las cuotas de seguridad social por el incremento al periodo vacacional a partir de 2023"}]},{"@type":"WebSite","@id":"https:\/\/coparmexjal.org.mx\/entorno-empresarial\/#website","url":"https:\/\/coparmexjal.org.mx\/entorno-empresarial\/","name":"Revista Entorno Empresarial","description":"Coparmex Jalisco","publisher":{"@id":"https:\/\/coparmexjal.org.mx\/entorno-empresarial\/#organization"},"potentialAction":[{"@type":"SearchAction","target":{"@type":"EntryPoint","urlTemplate":"https:\/\/coparmexjal.org.mx\/entorno-empresarial\/?s={search_term_string}"},"query-input":{"@type":"PropertyValueSpecification","valueRequired":true,"valueName":"search_term_string"}}],"inLanguage":"es"},{"@type":"Organization","@id":"https:\/\/coparmexjal.org.mx\/entorno-empresarial\/#organization","name":"Coparmex Jalisco","url":"https:\/\/coparmexjal.org.mx\/entorno-empresarial\/","logo":{"@type":"ImageObject","inLanguage":"es","@id":"https:\/\/coparmexjal.org.mx\/entorno-empresarial\/#\/schema\/logo\/image\/","url":"https:\/\/coparmexjal.org.mx\/entorno-empresarial\/wp-content\/uploads\/2020\/02\/logo-amp.png","contentUrl":"https:\/\/coparmexjal.org.mx\/entorno-empresarial\/wp-content\/uploads\/2020\/02\/logo-amp.png","width":120,"height":90,"caption":"Coparmex Jalisco"},"image":{"@id":"https:\/\/coparmexjal.org.mx\/entorno-empresarial\/#\/schema\/logo\/image\/"},"sameAs":["https:\/\/facebook.com\/comcoparmex","https:\/\/x.com\/comcoparmex","http:\/\/instagram.com\/coparmexjalisco","https:\/\/mx.linkedin.com\/company\/coparmex-jalisco","https:\/\/www.youtube.com\/c\/CoparmexJaliscomx"]},{"@type":"Person","@id":"https:\/\/coparmexjal.org.mx\/entorno-empresarial\/#\/schema\/person\/7c3c9a151a97f5ba66442b845e469ee4","name":"CPC Jos\u00e9 Guadalupe Rodr\u00edguez Renter\u00eda","image":{"@type":"ImageObject","inLanguage":"es","@id":"https:\/\/secure.gravatar.com\/avatar\/0c9168c34871362e170f1bc543e019fa22cc03a4f45a8e946a5d7f5b9dafaf1d?s=96&d=mm&r=g","url":"https:\/\/secure.gravatar.com\/avatar\/0c9168c34871362e170f1bc543e019fa22cc03a4f45a8e946a5d7f5b9dafaf1d?s=96&d=mm&r=g","contentUrl":"https:\/\/secure.gravatar.com\/avatar\/0c9168c34871362e170f1bc543e019fa22cc03a4f45a8e946a5d7f5b9dafaf1d?s=96&d=mm&r=g","caption":"CPC Jos\u00e9 Guadalupe Rodr\u00edguez Renter\u00eda"},"url":"https:\/\/coparmexjal.org.mx\/entorno-empresarial\/author\/joseguadaluperodriguezrenteria\/"}]}},"_links":{"self":[{"href":"https:\/\/coparmexjal.org.mx\/entorno-empresarial\/wp-json\/wp\/v2\/posts\/6924","targetHints":{"allow":["GET"]}}],"collection":[{"href":"https:\/\/coparmexjal.org.mx\/entorno-empresarial\/wp-json\/wp\/v2\/posts"}],"about":[{"href":"https:\/\/coparmexjal.org.mx\/entorno-empresarial\/wp-json\/wp\/v2\/types\/post"}],"author":[{"embeddable":true,"href":"https:\/\/coparmexjal.org.mx\/entorno-empresarial\/wp-json\/wp\/v2\/users\/115"}],"replies":[{"embeddable":true,"href":"https:\/\/coparmexjal.org.mx\/entorno-empresarial\/wp-json\/wp\/v2\/comments?post=6924"}],"version-history":[{"count":1,"href":"https:\/\/coparmexjal.org.mx\/entorno-empresarial\/wp-json\/wp\/v2\/posts\/6924\/revisions"}],"predecessor-version":[{"id":6926,"href":"https:\/\/coparmexjal.org.mx\/entorno-empresarial\/wp-json\/wp\/v2\/posts\/6924\/revisions\/6926"}],"wp:featuredmedia":[{"embeddable":true,"href":"https:\/\/coparmexjal.org.mx\/entorno-empresarial\/wp-json\/wp\/v2\/media\/6925"}],"wp:attachment":[{"href":"https:\/\/coparmexjal.org.mx\/entorno-empresarial\/wp-json\/wp\/v2\/media?parent=6924"}],"wp:term":[{"taxonomy":"category","embeddable":true,"href":"https:\/\/coparmexjal.org.mx\/entorno-empresarial\/wp-json\/wp\/v2\/categories?post=6924"},{"taxonomy":"post_tag","embeddable":true,"href":"https:\/\/coparmexjal.org.mx\/entorno-empresarial\/wp-json\/wp\/v2\/tags?post=6924"}],"curies":[{"name":"wp","href":"https:\/\/api.w.org\/{rel}","templated":true}]}}