{"id":6905,"date":"2023-01-05T15:49:08","date_gmt":"2023-01-05T21:49:08","guid":{"rendered":"https:\/\/coparmexjal.org.mx\/entorno-empresarial\/?p=6905"},"modified":"2023-01-05T15:49:14","modified_gmt":"2023-01-05T21:49:14","slug":"el-sector-empresarial-de-jalisco-lider-en-generacion-de-empleo-durante-el-2022","status":"publish","type":"post","link":"https:\/\/coparmexjal.org.mx\/entorno-empresarial\/el-sector-empresarial-de-jalisco-lider-en-generacion-de-empleo-durante-el-2022\/","title":{"rendered":"<strong>El sector empresarial de Jalisco, l\u00edder en generaci\u00f3n de empleo durante el 2022<\/strong>"},"content":{"rendered":"\n<ul class=\"wp-block-list\">\n<li>El estado fue el primer lugar en la creaci\u00f3n de nuevos empleos con m\u00e1s de 82 mil puestos<\/li>\n<\/ul>\n\n\n\n<p>El 2022 fue el a\u00f1o que dej\u00f3 la Reactivaci\u00f3n Econ\u00f3mica para pasar al Fortalecimiento de las Empresas, reafirmando su compromiso con el empleo y buscando recuperar las vacantes que se perdieron durante los meses m\u00e1s complicados de la pandemia. Ante esos esfuerzos, Jalisco se posiciona como el estado l\u00edder en la creaci\u00f3n de nuevos empleos, con 82 mil 963 puestos creados durante el 2022, cifra muy acorde al ajuste de la Expectativa del Empleo que Coparmex Jalisco dio a conocer a mediados del a\u00f1o pasado.<\/p>\n\n\n\n<p>El avance en la recuperaci\u00f3n de empleo, fue m\u00e1s evidente durante el primer y tercer trimestre del a\u00f1o, resultado de la eliminaci\u00f3n de restricciones sanitarias, mayor n\u00famero de personas vacunadas, mismo que permiti\u00f3 que las y los colaboradores se incorporaran a sus fuentes de trabajo, as\u00ed como algunos efectos de corte que se dan dentro de los ciclos de la agroindustria. Cabe destacar que tambi\u00e9n se reflej\u00f3 el empleo en la atracci\u00f3n de inversiones que se concretaron.&nbsp;<\/p>\n\n\n\n<p><strong>Gr\u00e1fica 1. Desagregado mensual de generaci\u00f3n de empleo en Jalisco 2022<\/strong><\/p>\n\n\n\n<figure class=\"wp-block-image size-full\"><img fetchpriority=\"high\" decoding=\"async\" width=\"602\" height=\"216\" src=\"https:\/\/coparmexjal.org.mx\/entorno-empresarial\/wp-content\/uploads\/2023\/01\/image.png\" alt=\"\" class=\"wp-image-6906\" srcset=\"https:\/\/coparmexjal.org.mx\/entorno-empresarial\/wp-content\/uploads\/2023\/01\/image.png 602w, https:\/\/coparmexjal.org.mx\/entorno-empresarial\/wp-content\/uploads\/2023\/01\/image-300x108.png 300w, https:\/\/coparmexjal.org.mx\/entorno-empresarial\/wp-content\/uploads\/2023\/01\/image-600x216.png 600w\" sizes=\"(max-width: 602px) 100vw, 602px\" \/><\/figure>\n\n\n\n<p>Es de reconocer a la iniciativa privada la suma de esfuerzos que han permitido colocar a la entidad en el primer lugar de generaci\u00f3n de empleo, esto representa a nivel nacional que, el 11 por ciento de empleos generado durante el 2022 fue&nbsp;en Jalisco, acumulando&nbsp;1 mill\u00f3n 932 mil 962 colaboradores asegurados.&nbsp;<\/p>\n\n\n\n<p>Entre los primeros lugares destaca Ciudad de M\u00e9xico con 82 mil 390 y el Estado de M\u00e9xico con 82 mil 319 que se colocaron en el segundo y tercer lugar respectivamente, as\u00ed como Nuevo Le\u00f3n que ocup\u00f3 el cuarto lugar con 76 mil 407.&nbsp;<\/p>\n\n\n\n<p>A pesar de que en noviembre se vislumbraba un n\u00famero m\u00e1s positivo, durante el mes de diciembre se genera un efecto de desaceleraci\u00f3n, en el que este a\u00f1o destac\u00f3 por una p\u00e9rdida de 27 mil 548 empleos.&nbsp;<\/p>\n\n\n\n<p><strong>Impulso laboral<\/strong><\/p>\n\n\n\n<p>Cabe mencionar que, durante el 2022, desde el sector empresarial se impulsaron acciones en favor de mejorar las condiciones laborales, lo que se reflej\u00f3 en el aumento en los d\u00edas de vacaciones duplicando de 6 a 12 el periodo de descanso; as\u00ed como la Cultura Salarial en la que se increment\u00f3 un 20 por ciento el salario m\u00ednimo, propuestas donde la iniciativa privada ha sido clave con propuestas, destacando el esfuerzo y compromiso para que las y los colaboradores tengan mejores oportunidades.&nbsp; Este 2023, este organismo se seguir\u00e1 pronunciando por impulsar estrategias que abonen a la calidad de los empleos y con el cumplimiento de las responsabilidades patronales, que sigan posicionando a la entidad dentro de los primeros lugares de empleo y productividad en el pa\u00eds.<\/p>\n","protected":false},"excerpt":{"rendered":"<p>El 2022 fue el a\u00f1o que dej\u00f3 la Reactivaci\u00f3n Econ\u00f3mica para pasar al Fortalecimiento de las Empresas, reafirmando su compromiso con el empleo y buscando<\/p>\n","protected":false},"author":2,"featured_media":6907,"comment_status":"open","ping_status":"open","sticky":false,"template":"","format":"standard","meta":{"footnotes":""},"categories":[348],"tags":[405,260,441],"class_list":["post-6905","post","type-post","status-publish","format-standard","has-post-thumbnail","hentry","category-noticias","tag-coparmex-jalisco","tag-economia","tag-empleo"],"yoast_head":"<!-- This site is optimized with the Yoast SEO plugin v27.5 - https:\/\/yoast.com\/product\/yoast-seo-wordpress\/ -->\n<title>El sector empresarial de Jalisco, l\u00edder en generaci\u00f3n de empleo durante el 2022 - Entorno Empresarial<\/title>\n<meta name=\"robots\" content=\"index, follow, max-snippet:-1, max-image-preview:large, max-video-preview:-1\" \/>\n<link rel=\"canonical\" href=\"https:\/\/coparmexjal.org.mx\/entorno-empresarial\/el-sector-empresarial-de-jalisco-lider-en-generacion-de-empleo-durante-el-2022\/\" \/>\n<meta property=\"og:locale\" content=\"es_MX\" \/>\n<meta property=\"og:type\" content=\"article\" \/>\n<meta property=\"og:title\" content=\"El sector empresarial de Jalisco, l\u00edder en generaci\u00f3n de empleo durante el 2022 - Entorno Empresarial\" \/>\n<meta property=\"og:description\" content=\"El 2022 fue el a\u00f1o que dej\u00f3 la Reactivaci\u00f3n Econ\u00f3mica para pasar al Fortalecimiento de las Empresas, reafirmando su compromiso con el empleo y buscando\" \/>\n<meta property=\"og:url\" content=\"https:\/\/coparmexjal.org.mx\/entorno-empresarial\/el-sector-empresarial-de-jalisco-lider-en-generacion-de-empleo-durante-el-2022\/\" \/>\n<meta property=\"og:site_name\" content=\"Entorno Empresarial\" \/>\n<meta property=\"article:publisher\" content=\"https:\/\/facebook.com\/comcoparmex\" \/>\n<meta property=\"article:published_time\" content=\"2023-01-05T21:49:08+00:00\" \/>\n<meta property=\"article:modified_time\" content=\"2023-01-05T21:49:14+00:00\" \/>\n<meta property=\"og:image\" content=\"https:\/\/coparmexjal.org.mx\/entorno-empresarial\/wp-content\/uploads\/2023\/01\/de-las-empresas-socias-manifiestan-que-han-tenido-problemas-en-tramites-gubernamentales-\u00bfTe-ha-pasado-1.jpg\" \/>\n\t<meta property=\"og:image:width\" content=\"940\" \/>\n\t<meta property=\"og:image:height\" content=\"788\" \/>\n\t<meta property=\"og:image:type\" content=\"image\/jpeg\" \/>\n<meta name=\"author\" content=\"Coparmex Jalisco\" \/>\n<meta name=\"twitter:card\" content=\"summary_large_image\" \/>\n<meta name=\"twitter:creator\" content=\"@comcoparmex\" \/>\n<meta name=\"twitter:site\" content=\"@comcoparmex\" \/>\n<meta name=\"twitter:label1\" content=\"Escrito por\" \/>\n\t<meta name=\"twitter:data1\" content=\"Coparmex Jalisco\" \/>\n\t<meta name=\"twitter:label2\" content=\"Tiempo de lectura\" \/>\n\t<meta name=\"twitter:data2\" content=\"3 minutos\" \/>\n<script type=\"application\/ld+json\" class=\"yoast-schema-graph\">{\"@context\":\"https:\\\/\\\/schema.org\",\"@graph\":[{\"@type\":\"Article\",\"@id\":\"https:\\\/\\\/coparmexjal.org.mx\\\/entorno-empresarial\\\/el-sector-empresarial-de-jalisco-lider-en-generacion-de-empleo-durante-el-2022\\\/#article\",\"isPartOf\":{\"@id\":\"https:\\\/\\\/coparmexjal.org.mx\\\/entorno-empresarial\\\/el-sector-empresarial-de-jalisco-lider-en-generacion-de-empleo-durante-el-2022\\\/\"},\"author\":{\"name\":\"Coparmex Jalisco\",\"@id\":\"https:\\\/\\\/coparmexjal.org.mx\\\/entorno-empresarial\\\/#\\\/schema\\\/person\\\/7d1d56a9587bfb3a725cd3dbfbdb9d44\"},\"headline\":\"El sector empresarial de Jalisco, l\u00edder en generaci\u00f3n de empleo durante el 2022\",\"datePublished\":\"2023-01-05T21:49:08+00:00\",\"dateModified\":\"2023-01-05T21:49:14+00:00\",\"mainEntityOfPage\":{\"@id\":\"https:\\\/\\\/coparmexjal.org.mx\\\/entorno-empresarial\\\/el-sector-empresarial-de-jalisco-lider-en-generacion-de-empleo-durante-el-2022\\\/\"},\"wordCount\":480,\"commentCount\":0,\"publisher\":{\"@id\":\"https:\\\/\\\/coparmexjal.org.mx\\\/entorno-empresarial\\\/#organization\"},\"image\":{\"@id\":\"https:\\\/\\\/coparmexjal.org.mx\\\/entorno-empresarial\\\/el-sector-empresarial-de-jalisco-lider-en-generacion-de-empleo-durante-el-2022\\\/#primaryimage\"},\"thumbnailUrl\":\"https:\\\/\\\/coparmexjal.org.mx\\\/entorno-empresarial\\\/wp-content\\\/uploads\\\/2023\\\/01\\\/de-las-empresas-socias-manifiestan-que-han-tenido-problemas-en-tramites-gubernamentales-\u00bfTe-ha-pasado-1.jpg\",\"keywords\":[\"coparmex jalisco\",\"econom\u00eda\",\"empleo\"],\"articleSection\":[\"Noticias\"],\"inLanguage\":\"es\",\"potentialAction\":[{\"@type\":\"CommentAction\",\"name\":\"Comment\",\"target\":[\"https:\\\/\\\/coparmexjal.org.mx\\\/entorno-empresarial\\\/el-sector-empresarial-de-jalisco-lider-en-generacion-de-empleo-durante-el-2022\\\/#respond\"]}]},{\"@type\":\"WebPage\",\"@id\":\"https:\\\/\\\/coparmexjal.org.mx\\\/entorno-empresarial\\\/el-sector-empresarial-de-jalisco-lider-en-generacion-de-empleo-durante-el-2022\\\/\",\"url\":\"https:\\\/\\\/coparmexjal.org.mx\\\/entorno-empresarial\\\/el-sector-empresarial-de-jalisco-lider-en-generacion-de-empleo-durante-el-2022\\\/\",\"name\":\"El sector empresarial de Jalisco, l\u00edder en generaci\u00f3n de empleo durante el 2022 - Entorno Empresarial\",\"isPartOf\":{\"@id\":\"https:\\\/\\\/coparmexjal.org.mx\\\/entorno-empresarial\\\/#website\"},\"primaryImageOfPage\":{\"@id\":\"https:\\\/\\\/coparmexjal.org.mx\\\/entorno-empresarial\\\/el-sector-empresarial-de-jalisco-lider-en-generacion-de-empleo-durante-el-2022\\\/#primaryimage\"},\"image\":{\"@id\":\"https:\\\/\\\/coparmexjal.org.mx\\\/entorno-empresarial\\\/el-sector-empresarial-de-jalisco-lider-en-generacion-de-empleo-durante-el-2022\\\/#primaryimage\"},\"thumbnailUrl\":\"https:\\\/\\\/coparmexjal.org.mx\\\/entorno-empresarial\\\/wp-content\\\/uploads\\\/2023\\\/01\\\/de-las-empresas-socias-manifiestan-que-han-tenido-problemas-en-tramites-gubernamentales-\u00bfTe-ha-pasado-1.jpg\",\"datePublished\":\"2023-01-05T21:49:08+00:00\",\"dateModified\":\"2023-01-05T21:49:14+00:00\",\"breadcrumb\":{\"@id\":\"https:\\\/\\\/coparmexjal.org.mx\\\/entorno-empresarial\\\/el-sector-empresarial-de-jalisco-lider-en-generacion-de-empleo-durante-el-2022\\\/#breadcrumb\"},\"inLanguage\":\"es\",\"potentialAction\":[{\"@type\":\"ReadAction\",\"target\":[\"https:\\\/\\\/coparmexjal.org.mx\\\/entorno-empresarial\\\/el-sector-empresarial-de-jalisco-lider-en-generacion-de-empleo-durante-el-2022\\\/\"]}]},{\"@type\":\"ImageObject\",\"inLanguage\":\"es\",\"@id\":\"https:\\\/\\\/coparmexjal.org.mx\\\/entorno-empresarial\\\/el-sector-empresarial-de-jalisco-lider-en-generacion-de-empleo-durante-el-2022\\\/#primaryimage\",\"url\":\"https:\\\/\\\/coparmexjal.org.mx\\\/entorno-empresarial\\\/wp-content\\\/uploads\\\/2023\\\/01\\\/de-las-empresas-socias-manifiestan-que-han-tenido-problemas-en-tramites-gubernamentales-\u00bfTe-ha-pasado-1.jpg\",\"contentUrl\":\"https:\\\/\\\/coparmexjal.org.mx\\\/entorno-empresarial\\\/wp-content\\\/uploads\\\/2023\\\/01\\\/de-las-empresas-socias-manifiestan-que-han-tenido-problemas-en-tramites-gubernamentales-\u00bfTe-ha-pasado-1.jpg\",\"width\":940,\"height\":788},{\"@type\":\"BreadcrumbList\",\"@id\":\"https:\\\/\\\/coparmexjal.org.mx\\\/entorno-empresarial\\\/el-sector-empresarial-de-jalisco-lider-en-generacion-de-empleo-durante-el-2022\\\/#breadcrumb\",\"itemListElement\":[{\"@type\":\"ListItem\",\"position\":1,\"name\":\"Inicio\",\"item\":\"https:\\\/\\\/coparmexjal.org.mx\\\/entorno-empresarial\\\/\"},{\"@type\":\"ListItem\",\"position\":2,\"name\":\"El sector empresarial de Jalisco, l\u00edder en generaci\u00f3n de empleo durante el 2022\"}]},{\"@type\":\"WebSite\",\"@id\":\"https:\\\/\\\/coparmexjal.org.mx\\\/entorno-empresarial\\\/#website\",\"url\":\"https:\\\/\\\/coparmexjal.org.mx\\\/entorno-empresarial\\\/\",\"name\":\"Revista Entorno Empresarial\",\"description\":\"Coparmex Jalisco\",\"publisher\":{\"@id\":\"https:\\\/\\\/coparmexjal.org.mx\\\/entorno-empresarial\\\/#organization\"},\"potentialAction\":[{\"@type\":\"SearchAction\",\"target\":{\"@type\":\"EntryPoint\",\"urlTemplate\":\"https:\\\/\\\/coparmexjal.org.mx\\\/entorno-empresarial\\\/?s={search_term_string}\"},\"query-input\":{\"@type\":\"PropertyValueSpecification\",\"valueRequired\":true,\"valueName\":\"search_term_string\"}}],\"inLanguage\":\"es\"},{\"@type\":\"Organization\",\"@id\":\"https:\\\/\\\/coparmexjal.org.mx\\\/entorno-empresarial\\\/#organization\",\"name\":\"Coparmex Jalisco\",\"url\":\"https:\\\/\\\/coparmexjal.org.mx\\\/entorno-empresarial\\\/\",\"logo\":{\"@type\":\"ImageObject\",\"inLanguage\":\"es\",\"@id\":\"https:\\\/\\\/coparmexjal.org.mx\\\/entorno-empresarial\\\/#\\\/schema\\\/logo\\\/image\\\/\",\"url\":\"https:\\\/\\\/coparmexjal.org.mx\\\/entorno-empresarial\\\/wp-content\\\/uploads\\\/2020\\\/02\\\/logo-amp.png\",\"contentUrl\":\"https:\\\/\\\/coparmexjal.org.mx\\\/entorno-empresarial\\\/wp-content\\\/uploads\\\/2020\\\/02\\\/logo-amp.png\",\"width\":120,\"height\":90,\"caption\":\"Coparmex Jalisco\"},\"image\":{\"@id\":\"https:\\\/\\\/coparmexjal.org.mx\\\/entorno-empresarial\\\/#\\\/schema\\\/logo\\\/image\\\/\"},\"sameAs\":[\"https:\\\/\\\/facebook.com\\\/comcoparmex\",\"https:\\\/\\\/x.com\\\/comcoparmex\",\"http:\\\/\\\/instagram.com\\\/coparmexjalisco\",\"https:\\\/\\\/mx.linkedin.com\\\/company\\\/coparmex-jalisco\",\"https:\\\/\\\/www.youtube.com\\\/c\\\/CoparmexJaliscomx\"]},{\"@type\":\"Person\",\"@id\":\"https:\\\/\\\/coparmexjal.org.mx\\\/entorno-empresarial\\\/#\\\/schema\\\/person\\\/7d1d56a9587bfb3a725cd3dbfbdb9d44\",\"name\":\"Coparmex Jalisco\",\"image\":{\"@type\":\"ImageObject\",\"inLanguage\":\"es\",\"@id\":\"https:\\\/\\\/coparmexjal.org.mx\\\/entorno-empresarial\\\/wp-content\\\/uploads\\\/2020\\\/06\\\/favicon-150x133.png\",\"url\":\"https:\\\/\\\/coparmexjal.org.mx\\\/entorno-empresarial\\\/wp-content\\\/uploads\\\/2020\\\/06\\\/favicon-150x133.png\",\"contentUrl\":\"https:\\\/\\\/coparmexjal.org.mx\\\/entorno-empresarial\\\/wp-content\\\/uploads\\\/2020\\\/06\\\/favicon-150x133.png\",\"caption\":\"Coparmex Jalisco\"},\"url\":\"https:\\\/\\\/coparmexjal.org.mx\\\/entorno-empresarial\\\/author\\\/coparmexjalisco\\\/\"}]}<\/script>\n<!-- \/ Yoast SEO plugin. -->","yoast_head_json":{"title":"El sector empresarial de Jalisco, l\u00edder en generaci\u00f3n de empleo durante el 2022 - Entorno Empresarial","robots":{"index":"index","follow":"follow","max-snippet":"max-snippet:-1","max-image-preview":"max-image-preview:large","max-video-preview":"max-video-preview:-1"},"canonical":"https:\/\/coparmexjal.org.mx\/entorno-empresarial\/el-sector-empresarial-de-jalisco-lider-en-generacion-de-empleo-durante-el-2022\/","og_locale":"es_MX","og_type":"article","og_title":"El sector empresarial de Jalisco, l\u00edder en generaci\u00f3n de empleo durante el 2022 - Entorno Empresarial","og_description":"El 2022 fue el a\u00f1o que dej\u00f3 la Reactivaci\u00f3n Econ\u00f3mica para pasar al Fortalecimiento de las Empresas, reafirmando su compromiso con el empleo y buscando","og_url":"https:\/\/coparmexjal.org.mx\/entorno-empresarial\/el-sector-empresarial-de-jalisco-lider-en-generacion-de-empleo-durante-el-2022\/","og_site_name":"Entorno Empresarial","article_publisher":"https:\/\/facebook.com\/comcoparmex","article_published_time":"2023-01-05T21:49:08+00:00","article_modified_time":"2023-01-05T21:49:14+00:00","og_image":[{"width":940,"height":788,"url":"https:\/\/coparmexjal.org.mx\/entorno-empresarial\/wp-content\/uploads\/2023\/01\/de-las-empresas-socias-manifiestan-que-han-tenido-problemas-en-tramites-gubernamentales-\u00bfTe-ha-pasado-1.jpg","type":"image\/jpeg"}],"author":"Coparmex Jalisco","twitter_card":"summary_large_image","twitter_creator":"@comcoparmex","twitter_site":"@comcoparmex","twitter_misc":{"Escrito por":"Coparmex Jalisco","Tiempo de lectura":"3 minutos"},"schema":{"@context":"https:\/\/schema.org","@graph":[{"@type":"Article","@id":"https:\/\/coparmexjal.org.mx\/entorno-empresarial\/el-sector-empresarial-de-jalisco-lider-en-generacion-de-empleo-durante-el-2022\/#article","isPartOf":{"@id":"https:\/\/coparmexjal.org.mx\/entorno-empresarial\/el-sector-empresarial-de-jalisco-lider-en-generacion-de-empleo-durante-el-2022\/"},"author":{"name":"Coparmex Jalisco","@id":"https:\/\/coparmexjal.org.mx\/entorno-empresarial\/#\/schema\/person\/7d1d56a9587bfb3a725cd3dbfbdb9d44"},"headline":"El sector empresarial de Jalisco, l\u00edder en generaci\u00f3n de empleo durante el 2022","datePublished":"2023-01-05T21:49:08+00:00","dateModified":"2023-01-05T21:49:14+00:00","mainEntityOfPage":{"@id":"https:\/\/coparmexjal.org.mx\/entorno-empresarial\/el-sector-empresarial-de-jalisco-lider-en-generacion-de-empleo-durante-el-2022\/"},"wordCount":480,"commentCount":0,"publisher":{"@id":"https:\/\/coparmexjal.org.mx\/entorno-empresarial\/#organization"},"image":{"@id":"https:\/\/coparmexjal.org.mx\/entorno-empresarial\/el-sector-empresarial-de-jalisco-lider-en-generacion-de-empleo-durante-el-2022\/#primaryimage"},"thumbnailUrl":"https:\/\/coparmexjal.org.mx\/entorno-empresarial\/wp-content\/uploads\/2023\/01\/de-las-empresas-socias-manifiestan-que-han-tenido-problemas-en-tramites-gubernamentales-\u00bfTe-ha-pasado-1.jpg","keywords":["coparmex jalisco","econom\u00eda","empleo"],"articleSection":["Noticias"],"inLanguage":"es","potentialAction":[{"@type":"CommentAction","name":"Comment","target":["https:\/\/coparmexjal.org.mx\/entorno-empresarial\/el-sector-empresarial-de-jalisco-lider-en-generacion-de-empleo-durante-el-2022\/#respond"]}]},{"@type":"WebPage","@id":"https:\/\/coparmexjal.org.mx\/entorno-empresarial\/el-sector-empresarial-de-jalisco-lider-en-generacion-de-empleo-durante-el-2022\/","url":"https:\/\/coparmexjal.org.mx\/entorno-empresarial\/el-sector-empresarial-de-jalisco-lider-en-generacion-de-empleo-durante-el-2022\/","name":"El sector empresarial de Jalisco, l\u00edder en generaci\u00f3n de empleo durante el 2022 - Entorno Empresarial","isPartOf":{"@id":"https:\/\/coparmexjal.org.mx\/entorno-empresarial\/#website"},"primaryImageOfPage":{"@id":"https:\/\/coparmexjal.org.mx\/entorno-empresarial\/el-sector-empresarial-de-jalisco-lider-en-generacion-de-empleo-durante-el-2022\/#primaryimage"},"image":{"@id":"https:\/\/coparmexjal.org.mx\/entorno-empresarial\/el-sector-empresarial-de-jalisco-lider-en-generacion-de-empleo-durante-el-2022\/#primaryimage"},"thumbnailUrl":"https:\/\/coparmexjal.org.mx\/entorno-empresarial\/wp-content\/uploads\/2023\/01\/de-las-empresas-socias-manifiestan-que-han-tenido-problemas-en-tramites-gubernamentales-\u00bfTe-ha-pasado-1.jpg","datePublished":"2023-01-05T21:49:08+00:00","dateModified":"2023-01-05T21:49:14+00:00","breadcrumb":{"@id":"https:\/\/coparmexjal.org.mx\/entorno-empresarial\/el-sector-empresarial-de-jalisco-lider-en-generacion-de-empleo-durante-el-2022\/#breadcrumb"},"inLanguage":"es","potentialAction":[{"@type":"ReadAction","target":["https:\/\/coparmexjal.org.mx\/entorno-empresarial\/el-sector-empresarial-de-jalisco-lider-en-generacion-de-empleo-durante-el-2022\/"]}]},{"@type":"ImageObject","inLanguage":"es","@id":"https:\/\/coparmexjal.org.mx\/entorno-empresarial\/el-sector-empresarial-de-jalisco-lider-en-generacion-de-empleo-durante-el-2022\/#primaryimage","url":"https:\/\/coparmexjal.org.mx\/entorno-empresarial\/wp-content\/uploads\/2023\/01\/de-las-empresas-socias-manifiestan-que-han-tenido-problemas-en-tramites-gubernamentales-\u00bfTe-ha-pasado-1.jpg","contentUrl":"https:\/\/coparmexjal.org.mx\/entorno-empresarial\/wp-content\/uploads\/2023\/01\/de-las-empresas-socias-manifiestan-que-han-tenido-problemas-en-tramites-gubernamentales-\u00bfTe-ha-pasado-1.jpg","width":940,"height":788},{"@type":"BreadcrumbList","@id":"https:\/\/coparmexjal.org.mx\/entorno-empresarial\/el-sector-empresarial-de-jalisco-lider-en-generacion-de-empleo-durante-el-2022\/#breadcrumb","itemListElement":[{"@type":"ListItem","position":1,"name":"Inicio","item":"https:\/\/coparmexjal.org.mx\/entorno-empresarial\/"},{"@type":"ListItem","position":2,"name":"El sector empresarial de Jalisco, l\u00edder en generaci\u00f3n de empleo durante el 2022"}]},{"@type":"WebSite","@id":"https:\/\/coparmexjal.org.mx\/entorno-empresarial\/#website","url":"https:\/\/coparmexjal.org.mx\/entorno-empresarial\/","name":"Revista Entorno Empresarial","description":"Coparmex Jalisco","publisher":{"@id":"https:\/\/coparmexjal.org.mx\/entorno-empresarial\/#organization"},"potentialAction":[{"@type":"SearchAction","target":{"@type":"EntryPoint","urlTemplate":"https:\/\/coparmexjal.org.mx\/entorno-empresarial\/?s={search_term_string}"},"query-input":{"@type":"PropertyValueSpecification","valueRequired":true,"valueName":"search_term_string"}}],"inLanguage":"es"},{"@type":"Organization","@id":"https:\/\/coparmexjal.org.mx\/entorno-empresarial\/#organization","name":"Coparmex Jalisco","url":"https:\/\/coparmexjal.org.mx\/entorno-empresarial\/","logo":{"@type":"ImageObject","inLanguage":"es","@id":"https:\/\/coparmexjal.org.mx\/entorno-empresarial\/#\/schema\/logo\/image\/","url":"https:\/\/coparmexjal.org.mx\/entorno-empresarial\/wp-content\/uploads\/2020\/02\/logo-amp.png","contentUrl":"https:\/\/coparmexjal.org.mx\/entorno-empresarial\/wp-content\/uploads\/2020\/02\/logo-amp.png","width":120,"height":90,"caption":"Coparmex Jalisco"},"image":{"@id":"https:\/\/coparmexjal.org.mx\/entorno-empresarial\/#\/schema\/logo\/image\/"},"sameAs":["https:\/\/facebook.com\/comcoparmex","https:\/\/x.com\/comcoparmex","http:\/\/instagram.com\/coparmexjalisco","https:\/\/mx.linkedin.com\/company\/coparmex-jalisco","https:\/\/www.youtube.com\/c\/CoparmexJaliscomx"]},{"@type":"Person","@id":"https:\/\/coparmexjal.org.mx\/entorno-empresarial\/#\/schema\/person\/7d1d56a9587bfb3a725cd3dbfbdb9d44","name":"Coparmex Jalisco","image":{"@type":"ImageObject","inLanguage":"es","@id":"https:\/\/coparmexjal.org.mx\/entorno-empresarial\/wp-content\/uploads\/2020\/06\/favicon-150x133.png","url":"https:\/\/coparmexjal.org.mx\/entorno-empresarial\/wp-content\/uploads\/2020\/06\/favicon-150x133.png","contentUrl":"https:\/\/coparmexjal.org.mx\/entorno-empresarial\/wp-content\/uploads\/2020\/06\/favicon-150x133.png","caption":"Coparmex Jalisco"},"url":"https:\/\/coparmexjal.org.mx\/entorno-empresarial\/author\/coparmexjalisco\/"}]}},"_links":{"self":[{"href":"https:\/\/coparmexjal.org.mx\/entorno-empresarial\/wp-json\/wp\/v2\/posts\/6905","targetHints":{"allow":["GET"]}}],"collection":[{"href":"https:\/\/coparmexjal.org.mx\/entorno-empresarial\/wp-json\/wp\/v2\/posts"}],"about":[{"href":"https:\/\/coparmexjal.org.mx\/entorno-empresarial\/wp-json\/wp\/v2\/types\/post"}],"author":[{"embeddable":true,"href":"https:\/\/coparmexjal.org.mx\/entorno-empresarial\/wp-json\/wp\/v2\/users\/2"}],"replies":[{"embeddable":true,"href":"https:\/\/coparmexjal.org.mx\/entorno-empresarial\/wp-json\/wp\/v2\/comments?post=6905"}],"version-history":[{"count":1,"href":"https:\/\/coparmexjal.org.mx\/entorno-empresarial\/wp-json\/wp\/v2\/posts\/6905\/revisions"}],"predecessor-version":[{"id":6908,"href":"https:\/\/coparmexjal.org.mx\/entorno-empresarial\/wp-json\/wp\/v2\/posts\/6905\/revisions\/6908"}],"wp:featuredmedia":[{"embeddable":true,"href":"https:\/\/coparmexjal.org.mx\/entorno-empresarial\/wp-json\/wp\/v2\/media\/6907"}],"wp:attachment":[{"href":"https:\/\/coparmexjal.org.mx\/entorno-empresarial\/wp-json\/wp\/v2\/media?parent=6905"}],"wp:term":[{"taxonomy":"category","embeddable":true,"href":"https:\/\/coparmexjal.org.mx\/entorno-empresarial\/wp-json\/wp\/v2\/categories?post=6905"},{"taxonomy":"post_tag","embeddable":true,"href":"https:\/\/coparmexjal.org.mx\/entorno-empresarial\/wp-json\/wp\/v2\/tags?post=6905"}],"curies":[{"name":"wp","href":"https:\/\/api.w.org\/{rel}","templated":true}]}}