{"id":6823,"date":"2022-09-27T15:06:47","date_gmt":"2022-09-27T20:06:47","guid":{"rendered":"https:\/\/coparmexjal.org.mx\/entorno-empresarial\/?p=6823"},"modified":"2022-09-27T15:06:56","modified_gmt":"2022-09-27T20:06:56","slug":"cuantos-colchones-caben-en-un-camion","status":"publish","type":"post","link":"https:\/\/coparmexjal.org.mx\/entorno-empresarial\/cuantos-colchones-caben-en-un-camion\/","title":{"rendered":"\u00bfCu\u00e1ntos colchones caben en un cami\u00f3n?"},"content":{"rendered":"\n<p><\/p>\n\n\n\n<p>\u00bfTe imaginas una forma en la que en un solo cami\u00f3n quepan 1000 colchones?<\/p>\n\n\n\n<p><\/p>\n\n\n\n<p>El pasado jueves 25 de agosto visitamos a Colchones Wendy una empresa con m\u00e1s de 70 a\u00f1os en el mercado y m\u00e1s de 1200 colaboradores, quienes en su sesi\u00f3n de Insight Circles nos demostraron que la innovaci\u00f3n no tiene l\u00edmites.<\/p>\n\n\n\n<p><\/p>\n\n\n\n<p>Gracias a su tecnolog\u00eda de vac\u00edo, pueden empaquetar un colch\u00f3n en una peque\u00f1a caja que cualquier persona puede cargar f\u00e1cilmente. Gracias a esto caben hasta 1000 colchones en un cami\u00f3n.<\/p>\n\n\n\n<p><\/p>\n\n\n\n<p>Los colchones son un objeto tan com\u00fan que nunca pensamos en a\u00f1os de evoluci\u00f3n y toda la tecnolog\u00eda que implica su fabricaci\u00f3n.<\/p>\n\n\n\n<p><\/p>\n\n\n\n<p>Como parte de la sesi\u00f3n, el equipo de Colchones Wendy nos dio un recorrido por su f\u00e1brica, comenzando por la secci\u00f3n metal mec\u00e1nica, pasando por el \u00e1rea donde forran los resortes con varias capas de espumas y tela, para terminar con el empaque y embalaje.<\/p>\n\n\n\n<p><\/p>\n\n\n\n<p>Despu\u00e9s del recorrido nos platicaron un poco m\u00e1s sobre la tecnolog\u00eda de sus productos, su sistema de compensaciones y su sistema interno de gesti\u00f3n, dentro de todo esto resaltan varios puntos como su sistema de calidad que cumple con las normas m\u00e1s altas a nivel mundial y cuenta con su propia patente de resortes. Tambi\u00e9n nos permitieron ver su novedoso sistema de empaque.<\/p>\n\n\n\n<p><\/p>\n\n\n\n<p>La empresa con su sistema desarrollado por el departamento de TI para tener control de procesos, capaz de tener la informaci\u00f3n; no de forma r\u00e1pida; si no de forma inmediata.<\/p>\n\n\n\n<p><\/p>\n\n\n\n<p>En colchones Wendy est\u00e1n siempre en b\u00fasqueda de ser mejores y han logrado demostrarlo obteniendo reconocimientos como el primer lugar dentro de las 50 empresas m\u00e1s innovadoras y estando dentro de las 100 empresas mexicanas \u201ctop\u201d de la revista expansi\u00f3n.<\/p>\n\n\n\n<p><\/p>\n\n\n\n<p>No cabe duda que la cultura de innovaci\u00f3n y mejora continua est\u00e1 marcada dentro de su organizaci\u00f3n y les ha permitido continuar siendo cada vez mejores. Agradecemos a Colchones Wendy por abrirnos sus puertas y permitirnos vivir, aprender y mejorar con ellos durante esta sesi\u00f3n.<\/p>\n\n\n\n<p><\/p>\n\n\n<div class=\"wp-block-image\">\n<figure class=\"aligncenter size-large is-resized\"><a href=\"https:\/\/coparmexjal.org.mx\/cpx\/programas-innovacion\/\"><img fetchpriority=\"high\" decoding=\"async\" src=\"https:\/\/coparmexjal.org.mx\/entorno-empresarial\/wp-content\/uploads\/2022\/09\/banner-insight-1024x510.jpg\" alt=\"\" class=\"wp-image-6824\" width=\"597\" height=\"297\" srcset=\"https:\/\/coparmexjal.org.mx\/entorno-empresarial\/wp-content\/uploads\/2022\/09\/banner-insight-1024x510.jpg 1024w, https:\/\/coparmexjal.org.mx\/entorno-empresarial\/wp-content\/uploads\/2022\/09\/banner-insight-300x149.jpg 300w, https:\/\/coparmexjal.org.mx\/entorno-empresarial\/wp-content\/uploads\/2022\/09\/banner-insight-768x382.jpg 768w, https:\/\/coparmexjal.org.mx\/entorno-empresarial\/wp-content\/uploads\/2022\/09\/banner-insight.jpg 1232w\" sizes=\"(max-width: 597px) 100vw, 597px\" \/><\/a><\/figure><\/div>","protected":false},"excerpt":{"rendered":"<p>\u00bfTe imaginas una forma en la que en un solo cami\u00f3n quepan 1000 colchones? El pasado jueves 25 de agosto visitamos a Colchones Wendy una<\/p>\n","protected":false},"author":85,"featured_media":6830,"comment_status":"open","ping_status":"open","sticky":false,"template":"","format":"standard","meta":{"footnotes":""},"categories":[152,495],"tags":[1286,285,957,1108,513,600],"class_list":["post-6823","post","type-post","status-publish","format-standard","has-post-thumbnail","hentry","category-empresas","category-innovacion","tag-colchones-wendy","tag-innovacion","tag-innovacion-empresarial","tag-insight-circles","tag-mejora-continua","tag-tecnologia-y-innovacion"],"yoast_head":"<!-- This site is optimized with the Yoast SEO plugin v27.5 - https:\/\/yoast.com\/product\/yoast-seo-wordpress\/ -->\n<title>\u00bfCu\u00e1ntos colchones caben en un cami\u00f3n? - Entorno Empresarial<\/title>\n<meta name=\"robots\" content=\"index, follow, max-snippet:-1, max-image-preview:large, max-video-preview:-1\" \/>\n<link rel=\"canonical\" href=\"https:\/\/coparmexjal.org.mx\/entorno-empresarial\/cuantos-colchones-caben-en-un-camion\/\" \/>\n<meta property=\"og:locale\" content=\"es_MX\" \/>\n<meta property=\"og:type\" content=\"article\" \/>\n<meta property=\"og:title\" content=\"\u00bfCu\u00e1ntos colchones caben en un cami\u00f3n? - Entorno Empresarial\" \/>\n<meta property=\"og:description\" content=\"\u00bfTe imaginas una forma en la que en un solo cami\u00f3n quepan 1000 colchones? El pasado jueves 25 de agosto visitamos a Colchones Wendy una\" \/>\n<meta property=\"og:url\" content=\"https:\/\/coparmexjal.org.mx\/entorno-empresarial\/cuantos-colchones-caben-en-un-camion\/\" \/>\n<meta property=\"og:site_name\" content=\"Entorno Empresarial\" \/>\n<meta property=\"article:publisher\" content=\"https:\/\/facebook.com\/comcoparmex\" \/>\n<meta property=\"article:published_time\" content=\"2022-09-27T20:06:47+00:00\" \/>\n<meta property=\"article:modified_time\" content=\"2022-09-27T20:06:56+00:00\" \/>\n<meta property=\"og:image\" content=\"https:\/\/coparmexjal.org.mx\/entorno-empresarial\/wp-content\/uploads\/2022\/09\/IMG_9475.JPG.jpg\" \/>\n\t<meta property=\"og:image:width\" content=\"1200\" \/>\n\t<meta property=\"og:image:height\" content=\"800\" \/>\n\t<meta property=\"og:image:type\" content=\"image\/jpeg\" \/>\n<meta name=\"author\" content=\"Gerardo Jim\u00e9nez\" \/>\n<meta name=\"twitter:card\" content=\"summary_large_image\" \/>\n<meta name=\"twitter:creator\" content=\"@comcoparmex\" \/>\n<meta name=\"twitter:site\" content=\"@comcoparmex\" \/>\n<meta name=\"twitter:label1\" content=\"Escrito por\" \/>\n\t<meta name=\"twitter:data1\" content=\"Gerardo Jim\u00e9nez\" \/>\n\t<meta name=\"twitter:label2\" content=\"Tiempo de lectura\" \/>\n\t<meta name=\"twitter:data2\" content=\"2 minutos\" \/>\n<script type=\"application\/ld+json\" class=\"yoast-schema-graph\">{\"@context\":\"https:\\\/\\\/schema.org\",\"@graph\":[{\"@type\":\"Article\",\"@id\":\"https:\\\/\\\/coparmexjal.org.mx\\\/entorno-empresarial\\\/cuantos-colchones-caben-en-un-camion\\\/#article\",\"isPartOf\":{\"@id\":\"https:\\\/\\\/coparmexjal.org.mx\\\/entorno-empresarial\\\/cuantos-colchones-caben-en-un-camion\\\/\"},\"author\":{\"name\":\"Gerardo Jim\u00e9nez\",\"@id\":\"https:\\\/\\\/coparmexjal.org.mx\\\/entorno-empresarial\\\/#\\\/schema\\\/person\\\/c7657b8b82a5114876f78633ab593347\"},\"headline\":\"\u00bfCu\u00e1ntos colchones caben en un cami\u00f3n?\",\"datePublished\":\"2022-09-27T20:06:47+00:00\",\"dateModified\":\"2022-09-27T20:06:56+00:00\",\"mainEntityOfPage\":{\"@id\":\"https:\\\/\\\/coparmexjal.org.mx\\\/entorno-empresarial\\\/cuantos-colchones-caben-en-un-camion\\\/\"},\"wordCount\":367,\"commentCount\":0,\"publisher\":{\"@id\":\"https:\\\/\\\/coparmexjal.org.mx\\\/entorno-empresarial\\\/#organization\"},\"image\":{\"@id\":\"https:\\\/\\\/coparmexjal.org.mx\\\/entorno-empresarial\\\/cuantos-colchones-caben-en-un-camion\\\/#primaryimage\"},\"thumbnailUrl\":\"https:\\\/\\\/coparmexjal.org.mx\\\/entorno-empresarial\\\/wp-content\\\/uploads\\\/2022\\\/09\\\/IMG_9475.JPG.jpg\",\"keywords\":[\"Colchones Wendy\",\"innovaci\u00f3n\",\"Innovaci\u00f3n empresarial\",\"Insight Circles\",\"mejora continua\",\"tecnolog\u00eda y innovaci\u00f3n\"],\"articleSection\":[\"Empresas\",\"Innovaci\u00f3n\"],\"inLanguage\":\"es\",\"potentialAction\":[{\"@type\":\"CommentAction\",\"name\":\"Comment\",\"target\":[\"https:\\\/\\\/coparmexjal.org.mx\\\/entorno-empresarial\\\/cuantos-colchones-caben-en-un-camion\\\/#respond\"]}]},{\"@type\":\"WebPage\",\"@id\":\"https:\\\/\\\/coparmexjal.org.mx\\\/entorno-empresarial\\\/cuantos-colchones-caben-en-un-camion\\\/\",\"url\":\"https:\\\/\\\/coparmexjal.org.mx\\\/entorno-empresarial\\\/cuantos-colchones-caben-en-un-camion\\\/\",\"name\":\"\u00bfCu\u00e1ntos colchones caben en un cami\u00f3n? - Entorno Empresarial\",\"isPartOf\":{\"@id\":\"https:\\\/\\\/coparmexjal.org.mx\\\/entorno-empresarial\\\/#website\"},\"primaryImageOfPage\":{\"@id\":\"https:\\\/\\\/coparmexjal.org.mx\\\/entorno-empresarial\\\/cuantos-colchones-caben-en-un-camion\\\/#primaryimage\"},\"image\":{\"@id\":\"https:\\\/\\\/coparmexjal.org.mx\\\/entorno-empresarial\\\/cuantos-colchones-caben-en-un-camion\\\/#primaryimage\"},\"thumbnailUrl\":\"https:\\\/\\\/coparmexjal.org.mx\\\/entorno-empresarial\\\/wp-content\\\/uploads\\\/2022\\\/09\\\/IMG_9475.JPG.jpg\",\"datePublished\":\"2022-09-27T20:06:47+00:00\",\"dateModified\":\"2022-09-27T20:06:56+00:00\",\"breadcrumb\":{\"@id\":\"https:\\\/\\\/coparmexjal.org.mx\\\/entorno-empresarial\\\/cuantos-colchones-caben-en-un-camion\\\/#breadcrumb\"},\"inLanguage\":\"es\",\"potentialAction\":[{\"@type\":\"ReadAction\",\"target\":[\"https:\\\/\\\/coparmexjal.org.mx\\\/entorno-empresarial\\\/cuantos-colchones-caben-en-un-camion\\\/\"]}]},{\"@type\":\"ImageObject\",\"inLanguage\":\"es\",\"@id\":\"https:\\\/\\\/coparmexjal.org.mx\\\/entorno-empresarial\\\/cuantos-colchones-caben-en-un-camion\\\/#primaryimage\",\"url\":\"https:\\\/\\\/coparmexjal.org.mx\\\/entorno-empresarial\\\/wp-content\\\/uploads\\\/2022\\\/09\\\/IMG_9475.JPG.jpg\",\"contentUrl\":\"https:\\\/\\\/coparmexjal.org.mx\\\/entorno-empresarial\\\/wp-content\\\/uploads\\\/2022\\\/09\\\/IMG_9475.JPG.jpg\",\"width\":1200,\"height\":800},{\"@type\":\"BreadcrumbList\",\"@id\":\"https:\\\/\\\/coparmexjal.org.mx\\\/entorno-empresarial\\\/cuantos-colchones-caben-en-un-camion\\\/#breadcrumb\",\"itemListElement\":[{\"@type\":\"ListItem\",\"position\":1,\"name\":\"Inicio\",\"item\":\"https:\\\/\\\/coparmexjal.org.mx\\\/entorno-empresarial\\\/\"},{\"@type\":\"ListItem\",\"position\":2,\"name\":\"\u00bfCu\u00e1ntos colchones caben en un cami\u00f3n?\"}]},{\"@type\":\"WebSite\",\"@id\":\"https:\\\/\\\/coparmexjal.org.mx\\\/entorno-empresarial\\\/#website\",\"url\":\"https:\\\/\\\/coparmexjal.org.mx\\\/entorno-empresarial\\\/\",\"name\":\"Revista Entorno Empresarial\",\"description\":\"Coparmex Jalisco\",\"publisher\":{\"@id\":\"https:\\\/\\\/coparmexjal.org.mx\\\/entorno-empresarial\\\/#organization\"},\"potentialAction\":[{\"@type\":\"SearchAction\",\"target\":{\"@type\":\"EntryPoint\",\"urlTemplate\":\"https:\\\/\\\/coparmexjal.org.mx\\\/entorno-empresarial\\\/?s={search_term_string}\"},\"query-input\":{\"@type\":\"PropertyValueSpecification\",\"valueRequired\":true,\"valueName\":\"search_term_string\"}}],\"inLanguage\":\"es\"},{\"@type\":\"Organization\",\"@id\":\"https:\\\/\\\/coparmexjal.org.mx\\\/entorno-empresarial\\\/#organization\",\"name\":\"Coparmex Jalisco\",\"url\":\"https:\\\/\\\/coparmexjal.org.mx\\\/entorno-empresarial\\\/\",\"logo\":{\"@type\":\"ImageObject\",\"inLanguage\":\"es\",\"@id\":\"https:\\\/\\\/coparmexjal.org.mx\\\/entorno-empresarial\\\/#\\\/schema\\\/logo\\\/image\\\/\",\"url\":\"https:\\\/\\\/coparmexjal.org.mx\\\/entorno-empresarial\\\/wp-content\\\/uploads\\\/2020\\\/02\\\/logo-amp.png\",\"contentUrl\":\"https:\\\/\\\/coparmexjal.org.mx\\\/entorno-empresarial\\\/wp-content\\\/uploads\\\/2020\\\/02\\\/logo-amp.png\",\"width\":120,\"height\":90,\"caption\":\"Coparmex Jalisco\"},\"image\":{\"@id\":\"https:\\\/\\\/coparmexjal.org.mx\\\/entorno-empresarial\\\/#\\\/schema\\\/logo\\\/image\\\/\"},\"sameAs\":[\"https:\\\/\\\/facebook.com\\\/comcoparmex\",\"https:\\\/\\\/x.com\\\/comcoparmex\",\"http:\\\/\\\/instagram.com\\\/coparmexjalisco\",\"https:\\\/\\\/mx.linkedin.com\\\/company\\\/coparmex-jalisco\",\"https:\\\/\\\/www.youtube.com\\\/c\\\/CoparmexJaliscomx\"]},{\"@type\":\"Person\",\"@id\":\"https:\\\/\\\/coparmexjal.org.mx\\\/entorno-empresarial\\\/#\\\/schema\\\/person\\\/c7657b8b82a5114876f78633ab593347\",\"name\":\"Gerardo Jim\u00e9nez\",\"image\":{\"@type\":\"ImageObject\",\"inLanguage\":\"es\",\"@id\":\"https:\\\/\\\/coparmexjal.org.mx\\\/entorno-empresarial\\\/wp-content\\\/uploads\\\/2021\\\/01\\\/Gerardo-Jimenez-2-150x150.png\",\"url\":\"https:\\\/\\\/coparmexjal.org.mx\\\/entorno-empresarial\\\/wp-content\\\/uploads\\\/2021\\\/01\\\/Gerardo-Jimenez-2-150x150.png\",\"contentUrl\":\"https:\\\/\\\/coparmexjal.org.mx\\\/entorno-empresarial\\\/wp-content\\\/uploads\\\/2021\\\/01\\\/Gerardo-Jimenez-2-150x150.png\",\"caption\":\"Gerardo Jim\u00e9nez\"},\"description\":\"Especialista en desarrollo pyme en Coparmex Jalisco\",\"sameAs\":[\"https:\\\/\\\/www.linkedin.com\\\/in\\\/gerardo-daniel-jim\u00e9nez-l\u00f3pez-607913159\\\/\"],\"url\":\"https:\\\/\\\/coparmexjal.org.mx\\\/entorno-empresarial\\\/author\\\/gerardojimenez\\\/\"}]}<\/script>\n<!-- \/ Yoast SEO plugin. -->","yoast_head_json":{"title":"\u00bfCu\u00e1ntos colchones caben en un cami\u00f3n? - Entorno Empresarial","robots":{"index":"index","follow":"follow","max-snippet":"max-snippet:-1","max-image-preview":"max-image-preview:large","max-video-preview":"max-video-preview:-1"},"canonical":"https:\/\/coparmexjal.org.mx\/entorno-empresarial\/cuantos-colchones-caben-en-un-camion\/","og_locale":"es_MX","og_type":"article","og_title":"\u00bfCu\u00e1ntos colchones caben en un cami\u00f3n? - Entorno Empresarial","og_description":"\u00bfTe imaginas una forma en la que en un solo cami\u00f3n quepan 1000 colchones? El pasado jueves 25 de agosto visitamos a Colchones Wendy una","og_url":"https:\/\/coparmexjal.org.mx\/entorno-empresarial\/cuantos-colchones-caben-en-un-camion\/","og_site_name":"Entorno Empresarial","article_publisher":"https:\/\/facebook.com\/comcoparmex","article_published_time":"2022-09-27T20:06:47+00:00","article_modified_time":"2022-09-27T20:06:56+00:00","og_image":[{"width":1200,"height":800,"url":"https:\/\/coparmexjal.org.mx\/entorno-empresarial\/wp-content\/uploads\/2022\/09\/IMG_9475.JPG.jpg","type":"image\/jpeg"}],"author":"Gerardo Jim\u00e9nez","twitter_card":"summary_large_image","twitter_creator":"@comcoparmex","twitter_site":"@comcoparmex","twitter_misc":{"Escrito por":"Gerardo Jim\u00e9nez","Tiempo de lectura":"2 minutos"},"schema":{"@context":"https:\/\/schema.org","@graph":[{"@type":"Article","@id":"https:\/\/coparmexjal.org.mx\/entorno-empresarial\/cuantos-colchones-caben-en-un-camion\/#article","isPartOf":{"@id":"https:\/\/coparmexjal.org.mx\/entorno-empresarial\/cuantos-colchones-caben-en-un-camion\/"},"author":{"name":"Gerardo Jim\u00e9nez","@id":"https:\/\/coparmexjal.org.mx\/entorno-empresarial\/#\/schema\/person\/c7657b8b82a5114876f78633ab593347"},"headline":"\u00bfCu\u00e1ntos colchones caben en un cami\u00f3n?","datePublished":"2022-09-27T20:06:47+00:00","dateModified":"2022-09-27T20:06:56+00:00","mainEntityOfPage":{"@id":"https:\/\/coparmexjal.org.mx\/entorno-empresarial\/cuantos-colchones-caben-en-un-camion\/"},"wordCount":367,"commentCount":0,"publisher":{"@id":"https:\/\/coparmexjal.org.mx\/entorno-empresarial\/#organization"},"image":{"@id":"https:\/\/coparmexjal.org.mx\/entorno-empresarial\/cuantos-colchones-caben-en-un-camion\/#primaryimage"},"thumbnailUrl":"https:\/\/coparmexjal.org.mx\/entorno-empresarial\/wp-content\/uploads\/2022\/09\/IMG_9475.JPG.jpg","keywords":["Colchones Wendy","innovaci\u00f3n","Innovaci\u00f3n empresarial","Insight Circles","mejora continua","tecnolog\u00eda y innovaci\u00f3n"],"articleSection":["Empresas","Innovaci\u00f3n"],"inLanguage":"es","potentialAction":[{"@type":"CommentAction","name":"Comment","target":["https:\/\/coparmexjal.org.mx\/entorno-empresarial\/cuantos-colchones-caben-en-un-camion\/#respond"]}]},{"@type":"WebPage","@id":"https:\/\/coparmexjal.org.mx\/entorno-empresarial\/cuantos-colchones-caben-en-un-camion\/","url":"https:\/\/coparmexjal.org.mx\/entorno-empresarial\/cuantos-colchones-caben-en-un-camion\/","name":"\u00bfCu\u00e1ntos colchones caben en un cami\u00f3n? - Entorno Empresarial","isPartOf":{"@id":"https:\/\/coparmexjal.org.mx\/entorno-empresarial\/#website"},"primaryImageOfPage":{"@id":"https:\/\/coparmexjal.org.mx\/entorno-empresarial\/cuantos-colchones-caben-en-un-camion\/#primaryimage"},"image":{"@id":"https:\/\/coparmexjal.org.mx\/entorno-empresarial\/cuantos-colchones-caben-en-un-camion\/#primaryimage"},"thumbnailUrl":"https:\/\/coparmexjal.org.mx\/entorno-empresarial\/wp-content\/uploads\/2022\/09\/IMG_9475.JPG.jpg","datePublished":"2022-09-27T20:06:47+00:00","dateModified":"2022-09-27T20:06:56+00:00","breadcrumb":{"@id":"https:\/\/coparmexjal.org.mx\/entorno-empresarial\/cuantos-colchones-caben-en-un-camion\/#breadcrumb"},"inLanguage":"es","potentialAction":[{"@type":"ReadAction","target":["https:\/\/coparmexjal.org.mx\/entorno-empresarial\/cuantos-colchones-caben-en-un-camion\/"]}]},{"@type":"ImageObject","inLanguage":"es","@id":"https:\/\/coparmexjal.org.mx\/entorno-empresarial\/cuantos-colchones-caben-en-un-camion\/#primaryimage","url":"https:\/\/coparmexjal.org.mx\/entorno-empresarial\/wp-content\/uploads\/2022\/09\/IMG_9475.JPG.jpg","contentUrl":"https:\/\/coparmexjal.org.mx\/entorno-empresarial\/wp-content\/uploads\/2022\/09\/IMG_9475.JPG.jpg","width":1200,"height":800},{"@type":"BreadcrumbList","@id":"https:\/\/coparmexjal.org.mx\/entorno-empresarial\/cuantos-colchones-caben-en-un-camion\/#breadcrumb","itemListElement":[{"@type":"ListItem","position":1,"name":"Inicio","item":"https:\/\/coparmexjal.org.mx\/entorno-empresarial\/"},{"@type":"ListItem","position":2,"name":"\u00bfCu\u00e1ntos colchones caben en un cami\u00f3n?"}]},{"@type":"WebSite","@id":"https:\/\/coparmexjal.org.mx\/entorno-empresarial\/#website","url":"https:\/\/coparmexjal.org.mx\/entorno-empresarial\/","name":"Revista Entorno Empresarial","description":"Coparmex Jalisco","publisher":{"@id":"https:\/\/coparmexjal.org.mx\/entorno-empresarial\/#organization"},"potentialAction":[{"@type":"SearchAction","target":{"@type":"EntryPoint","urlTemplate":"https:\/\/coparmexjal.org.mx\/entorno-empresarial\/?s={search_term_string}"},"query-input":{"@type":"PropertyValueSpecification","valueRequired":true,"valueName":"search_term_string"}}],"inLanguage":"es"},{"@type":"Organization","@id":"https:\/\/coparmexjal.org.mx\/entorno-empresarial\/#organization","name":"Coparmex Jalisco","url":"https:\/\/coparmexjal.org.mx\/entorno-empresarial\/","logo":{"@type":"ImageObject","inLanguage":"es","@id":"https:\/\/coparmexjal.org.mx\/entorno-empresarial\/#\/schema\/logo\/image\/","url":"https:\/\/coparmexjal.org.mx\/entorno-empresarial\/wp-content\/uploads\/2020\/02\/logo-amp.png","contentUrl":"https:\/\/coparmexjal.org.mx\/entorno-empresarial\/wp-content\/uploads\/2020\/02\/logo-amp.png","width":120,"height":90,"caption":"Coparmex Jalisco"},"image":{"@id":"https:\/\/coparmexjal.org.mx\/entorno-empresarial\/#\/schema\/logo\/image\/"},"sameAs":["https:\/\/facebook.com\/comcoparmex","https:\/\/x.com\/comcoparmex","http:\/\/instagram.com\/coparmexjalisco","https:\/\/mx.linkedin.com\/company\/coparmex-jalisco","https:\/\/www.youtube.com\/c\/CoparmexJaliscomx"]},{"@type":"Person","@id":"https:\/\/coparmexjal.org.mx\/entorno-empresarial\/#\/schema\/person\/c7657b8b82a5114876f78633ab593347","name":"Gerardo Jim\u00e9nez","image":{"@type":"ImageObject","inLanguage":"es","@id":"https:\/\/coparmexjal.org.mx\/entorno-empresarial\/wp-content\/uploads\/2021\/01\/Gerardo-Jimenez-2-150x150.png","url":"https:\/\/coparmexjal.org.mx\/entorno-empresarial\/wp-content\/uploads\/2021\/01\/Gerardo-Jimenez-2-150x150.png","contentUrl":"https:\/\/coparmexjal.org.mx\/entorno-empresarial\/wp-content\/uploads\/2021\/01\/Gerardo-Jimenez-2-150x150.png","caption":"Gerardo Jim\u00e9nez"},"description":"Especialista en desarrollo pyme en Coparmex Jalisco","sameAs":["https:\/\/www.linkedin.com\/in\/gerardo-daniel-jim\u00e9nez-l\u00f3pez-607913159\/"],"url":"https:\/\/coparmexjal.org.mx\/entorno-empresarial\/author\/gerardojimenez\/"}]}},"_links":{"self":[{"href":"https:\/\/coparmexjal.org.mx\/entorno-empresarial\/wp-json\/wp\/v2\/posts\/6823","targetHints":{"allow":["GET"]}}],"collection":[{"href":"https:\/\/coparmexjal.org.mx\/entorno-empresarial\/wp-json\/wp\/v2\/posts"}],"about":[{"href":"https:\/\/coparmexjal.org.mx\/entorno-empresarial\/wp-json\/wp\/v2\/types\/post"}],"author":[{"embeddable":true,"href":"https:\/\/coparmexjal.org.mx\/entorno-empresarial\/wp-json\/wp\/v2\/users\/85"}],"replies":[{"embeddable":true,"href":"https:\/\/coparmexjal.org.mx\/entorno-empresarial\/wp-json\/wp\/v2\/comments?post=6823"}],"version-history":[{"count":3,"href":"https:\/\/coparmexjal.org.mx\/entorno-empresarial\/wp-json\/wp\/v2\/posts\/6823\/revisions"}],"predecessor-version":[{"id":6834,"href":"https:\/\/coparmexjal.org.mx\/entorno-empresarial\/wp-json\/wp\/v2\/posts\/6823\/revisions\/6834"}],"wp:featuredmedia":[{"embeddable":true,"href":"https:\/\/coparmexjal.org.mx\/entorno-empresarial\/wp-json\/wp\/v2\/media\/6830"}],"wp:attachment":[{"href":"https:\/\/coparmexjal.org.mx\/entorno-empresarial\/wp-json\/wp\/v2\/media?parent=6823"}],"wp:term":[{"taxonomy":"category","embeddable":true,"href":"https:\/\/coparmexjal.org.mx\/entorno-empresarial\/wp-json\/wp\/v2\/categories?post=6823"},{"taxonomy":"post_tag","embeddable":true,"href":"https:\/\/coparmexjal.org.mx\/entorno-empresarial\/wp-json\/wp\/v2\/tags?post=6823"}],"curies":[{"name":"wp","href":"https:\/\/api.w.org\/{rel}","templated":true}]}}