{"id":6802,"date":"2022-09-01T13:57:29","date_gmt":"2022-09-01T18:57:29","guid":{"rendered":"https:\/\/coparmexjal.org.mx\/entorno-empresarial\/?p=6802"},"modified":"2022-09-01T14:05:59","modified_gmt":"2022-09-01T19:05:59","slug":"con-areas-de-oportunidad-se-llega-al-iv-informe-del-gobierno-de-la-republica","status":"publish","type":"post","link":"https:\/\/coparmexjal.org.mx\/entorno-empresarial\/con-areas-de-oportunidad-se-llega-al-iv-informe-del-gobierno-de-la-republica\/","title":{"rendered":"Con \u00e1reas de oportunidad se llega al IV Informe del Gobierno de la Rep\u00fablica"},"content":{"rendered":"\n<p>A 4 a\u00f1os del inicio de la actual administraci\u00f3n federal, en Coparmex Jalisco, realizamos un balance sobre los aciertos, \u00e1reas de oportunidad y riesgos que se identifican desde el sector empresarial, recordando que lo que no se mide no se puede mejorar. Desde luego, con el objetivo de sumar a trav\u00e9s de ejercicios de medici\u00f3n como pieza clave para la mejora de cualquier organizaci\u00f3n y la rendici\u00f3n de cuentas que debe imperar en el quehacer p\u00fablico.<\/p>\n\n\n\n<p>Desde el Centro Empresarial, se considera oportuno reconocer aquellos aciertos que impulsan el desarrollo de las personas y que impactan en una mejor calidad de vida, por ejemplo:<\/p>\n\n\n\n<ul class=\"wp-block-list\"><li>Incrementos al salario m\u00ednimo, mismos que han permitido que el ingreso de las personas supere en aproximadamente 20 por ciento el valor de la l\u00ednea de pobreza por ingresos, tal como se manifiesta en CONEVAL.<\/li><\/ul>\n\n\n\n<ul class=\"wp-block-list\"><li>Reforma al sistema de pensiones, poniendo al centro a las y los colaboradores para acceder a una pensi\u00f3n m\u00ednima garantizada.<\/li><\/ul>\n\n\n\n<ul class=\"wp-block-list\"><li>Reforma en materia de subcontrataci\u00f3n: <em>outsourcing<\/em>, regulando a aquellas empresas que hab\u00edan distorsionado esta pr\u00e1ctica.<\/li><\/ul>\n\n\n\n<ul class=\"wp-block-list\"><li>Ajustes en distintas leyes como lo es la eliminaci\u00f3n del fuero constitucional, reformas al Poder Judicial de la Federaci\u00f3n para combatir el nepotismo, as\u00ed como los cambios para acceder sin intermediarios a los cr\u00e9ditos de vivienda que otorga el Infonavit y Fovissste.<\/li><\/ul>\n\n\n\n<ul class=\"wp-block-list\"><li>Las finanzas p\u00fablicas y la estabilidad macroecon\u00f3mica juegan un papel importante, en este sentido, se ha mantenido un aparente control del endeudamiento, la estabilidad y fortalecimiento del peso y el cuidado de las calificaciones de riesgo.<\/li><\/ul>\n\n\n\n<ul class=\"wp-block-list\"><li>Uso de herramientas tecnol\u00f3gicas para agilizar el tr\u00e1mite de incapacidades por Covid, a trav\u00e9s de herramientas digitales.<\/li><\/ul>\n\n\n\n<p><strong>\u00c1reas de mejora y retrocesos<\/strong><\/p>\n\n\n\n<p>Aunque los niveles de inversi\u00f3n presentaron un ligero incremento al corte del segundo trimestre del a\u00f1o, es importante mencionar que tambi\u00e9n se han perdido oportunidades de inversi\u00f3n que suman a la competitividad y el empleo en nuestro pa\u00eds, resultado del cambio inesperado en las reglas de operaci\u00f3n, consultas p\u00fablicas que han generado desconfianza y las constantes afectaciones al estado de derecho, as\u00ed como la descalificaci\u00f3n y polarizaci\u00f3n hacia el sector empresarial, escatimando los esfuerzos y resiliencia de la iniciativa privada.<\/p>\n\n\n\n<p>La seguridad atraviesa por una severa crisis que m\u00e1s all\u00e1 de la afectaci\u00f3n al crecimiento del pa\u00eds y la econom\u00eda, comienza a convertirse en una crisis social por el n\u00famero de vidas que se han perdido, con 145 mil v\u00edctimas desde el inicio de la administraci\u00f3n, siendo la cifra m\u00e1s alta de los \u00faltimos 3 sexenios; al mismo tiempo, la extorsi\u00f3n va en aumento, tan solo en 2022 se han registrado 6 mil 248 v\u00edctimas de extorsi\u00f3n, poco m\u00e1s de una extorsi\u00f3n por hora.<\/p>\n\n\n\n<p>Adicional al incremento en la violencia, no se observa una estrategia clara en materia de seguridad, aun con la presencia de la Guardia Nacional en gran parte del pa\u00eds.<\/p>\n\n\n\n<p>En temas de salud, un problema que se ha visto durante toda la administraci\u00f3n es el desabasto de medicamentos, as\u00ed lo muestra el \u00faltimo informe de las organizaciones <em>#CeroDesabasto<\/em> y <em>Nosotrxs,<\/em> reportaron que, al corte del primer trimestre de 2022, el IMSS ha negado m\u00e1s recetas que todas las del a\u00f1o 2019.<\/p>\n\n\n\n<p>El fortalecimiento de las instituciones es clave para la consolidaci\u00f3n democr\u00e1tica, por ello es de preocupar la reforma pol\u00edtico electoral que actualmente se encuentra en discusi\u00f3n dentro del legislativo, as\u00ed como la desacreditaci\u00f3n y debilitamiento de los organismos aut\u00f3nomos y reguladores.<\/p>\n\n\n\n<p>La corrupci\u00f3n, ha sido una de las insignias que el Presidente de la Rep\u00fablica ha impulsado desde su campa\u00f1a, desafortunadamente se observa un nulo avance en este tema as\u00ed lo muestra la edici\u00f3n m\u00e1s reciente del estudio \u201cPercepci\u00f3n de la Corrupci\u00f3n\u201d de Transparencia Internacional, situando a M\u00e9xico en la posici\u00f3n 124 de 180 pa\u00edses evaluados, y peor evaluado dentro de la OCDE. A esto se agrega que el 80% de las compras son a trav\u00e9s de mecanismos de adjudicaci\u00f3n directa, adem\u00e1s de que no se visibiliza el apoyo al Sistema Nacional Anticorrupci\u00f3n.<\/p>\n\n\n\n<p>La situaci\u00f3n de PEMEX y CFE pone en riesgo las finanzas p\u00fablicas y no garantiza un modelo energ\u00e9tico sustentable, lo cual ahuyenta la inversi\u00f3n y con ello el empleo.<\/p>\n\n\n\n<p>Sobre las obras emblem\u00e1ticas como lo es el Aeropuerto Felipe \u00c1ngeles, la Refiner\u00eda de Dos Bocas, el Tren Maya y la ejecuci\u00f3n de algunos programas p\u00fablicos se han visto envueltos en temas de opacidad, incremento de costos y falta de resultados, situaciones que dejan dudas sobre el uso de recursos y su impacto en la sociedad.<\/p>\n\n\n\n<p>Por \u00faltimo, estamos atentos a los pendientes para Jalisco con la conclusi\u00f3n de obras en los tramos carreteros a Puerto Vallarta, lo dicho para la ejecuci\u00f3n de la l\u00ednea 4 del Tren Ligero, as\u00ed como las obras hidr\u00e1ulicas en la Presa El Zapotillo, confiamos en que se destinen las partidas y presupuestos necesarios para su ejecuci\u00f3n.<\/p>\n\n\n\n<p><strong>Llamado a la acci\u00f3n<\/strong><\/p>\n\n\n\n<p>A poco m\u00e1s de dos a\u00f1os de concluir la presente administraci\u00f3n federal, se identifican avances; desde luego, existen \u00e1reas de mejora y pendientes por resolver. En ese sentido, Coparmex Jalisco hace un llamado a privilegiar el dialogo, el respeto a los disensos y por supuesto priorizar a los grupos con mayor vulnerabilidad.<\/p>\n\n\n\n<p>Es tiempo de generar estrategias que permitan la paz y el \u00f3ptimo desarrollo de las actividades productivas, los retos no son menores, esta instituci\u00f3n se mantendr\u00e1 abierta a la colaboraci\u00f3n y el trabajo coordinado para avanzar al bienestar, la justicia y la paz.<\/p>\n","protected":false},"excerpt":{"rendered":"<p>A 4 a\u00f1os del inicio de la actual administraci\u00f3n federal, en Coparmex Jalisco, realizamos un balance sobre los aciertos, \u00e1reas de oportunidad y riesgos que<\/p>\n","protected":false},"author":2,"featured_media":6803,"comment_status":"open","ping_status":"open","sticky":false,"template":"","format":"standard","meta":{"footnotes":""},"categories":[348],"tags":[260,169,1274,700,1273],"class_list":["post-6802","post","type-post","status-publish","format-standard","has-post-thumbnail","hentry","category-noticias","tag-economia","tag-empresa","tag-gobierno-de-la-republica","tag-gobierno-federal","tag-informe-de-gobierno"],"yoast_head":"<!-- This site is optimized with the Yoast SEO plugin v27.5 - https:\/\/yoast.com\/product\/yoast-seo-wordpress\/ -->\n<title>Con \u00e1reas de oportunidad se llega al IV Informe del Gobierno de la Rep\u00fablica - Entorno Empresarial<\/title>\n<meta name=\"robots\" content=\"index, follow, max-snippet:-1, max-image-preview:large, max-video-preview:-1\" \/>\n<link rel=\"canonical\" href=\"https:\/\/coparmexjal.org.mx\/entorno-empresarial\/con-areas-de-oportunidad-se-llega-al-iv-informe-del-gobierno-de-la-republica\/\" \/>\n<meta property=\"og:locale\" content=\"es_MX\" \/>\n<meta property=\"og:type\" content=\"article\" \/>\n<meta property=\"og:title\" content=\"Con \u00e1reas de oportunidad se llega al IV Informe del Gobierno de la Rep\u00fablica - Entorno Empresarial\" \/>\n<meta property=\"og:description\" content=\"A 4 a\u00f1os del inicio de la actual administraci\u00f3n federal, en Coparmex Jalisco, realizamos un balance sobre los aciertos, \u00e1reas de oportunidad y riesgos que\" \/>\n<meta property=\"og:url\" content=\"https:\/\/coparmexjal.org.mx\/entorno-empresarial\/con-areas-de-oportunidad-se-llega-al-iv-informe-del-gobierno-de-la-republica\/\" \/>\n<meta property=\"og:site_name\" content=\"Entorno Empresarial\" \/>\n<meta property=\"article:publisher\" content=\"https:\/\/facebook.com\/comcoparmex\" \/>\n<meta property=\"article:published_time\" content=\"2022-09-01T18:57:29+00:00\" \/>\n<meta property=\"article:modified_time\" content=\"2022-09-01T19:05:59+00:00\" \/>\n<meta property=\"og:image\" content=\"https:\/\/coparmexjal.org.mx\/entorno-empresarial\/wp-content\/uploads\/2022\/09\/12-04-2019-FOTO-01-CONFERENCIA-DE-PRENSA-MATUTINA-770x593-1.jpeg\" \/>\n\t<meta property=\"og:image:width\" content=\"770\" \/>\n\t<meta property=\"og:image:height\" content=\"593\" \/>\n\t<meta property=\"og:image:type\" content=\"image\/jpeg\" \/>\n<meta name=\"author\" content=\"Coparmex Jalisco\" \/>\n<meta name=\"twitter:card\" content=\"summary_large_image\" \/>\n<meta name=\"twitter:creator\" content=\"@comcoparmex\" \/>\n<meta name=\"twitter:site\" content=\"@comcoparmex\" \/>\n<meta name=\"twitter:label1\" content=\"Escrito por\" \/>\n\t<meta name=\"twitter:data1\" content=\"Coparmex Jalisco\" \/>\n\t<meta name=\"twitter:label2\" content=\"Tiempo de lectura\" \/>\n\t<meta name=\"twitter:data2\" content=\"5 minutos\" \/>\n<script type=\"application\/ld+json\" class=\"yoast-schema-graph\">{\"@context\":\"https:\\\/\\\/schema.org\",\"@graph\":[{\"@type\":\"Article\",\"@id\":\"https:\\\/\\\/coparmexjal.org.mx\\\/entorno-empresarial\\\/con-areas-de-oportunidad-se-llega-al-iv-informe-del-gobierno-de-la-republica\\\/#article\",\"isPartOf\":{\"@id\":\"https:\\\/\\\/coparmexjal.org.mx\\\/entorno-empresarial\\\/con-areas-de-oportunidad-se-llega-al-iv-informe-del-gobierno-de-la-republica\\\/\"},\"author\":{\"name\":\"Coparmex Jalisco\",\"@id\":\"https:\\\/\\\/coparmexjal.org.mx\\\/entorno-empresarial\\\/#\\\/schema\\\/person\\\/7d1d56a9587bfb3a725cd3dbfbdb9d44\"},\"headline\":\"Con \u00e1reas de oportunidad se llega al IV Informe del Gobierno de la Rep\u00fablica\",\"datePublished\":\"2022-09-01T18:57:29+00:00\",\"dateModified\":\"2022-09-01T19:05:59+00:00\",\"mainEntityOfPage\":{\"@id\":\"https:\\\/\\\/coparmexjal.org.mx\\\/entorno-empresarial\\\/con-areas-de-oportunidad-se-llega-al-iv-informe-del-gobierno-de-la-republica\\\/\"},\"wordCount\":981,\"commentCount\":0,\"publisher\":{\"@id\":\"https:\\\/\\\/coparmexjal.org.mx\\\/entorno-empresarial\\\/#organization\"},\"image\":{\"@id\":\"https:\\\/\\\/coparmexjal.org.mx\\\/entorno-empresarial\\\/con-areas-de-oportunidad-se-llega-al-iv-informe-del-gobierno-de-la-republica\\\/#primaryimage\"},\"thumbnailUrl\":\"https:\\\/\\\/coparmexjal.org.mx\\\/entorno-empresarial\\\/wp-content\\\/uploads\\\/2022\\\/09\\\/12-04-2019-FOTO-01-CONFERENCIA-DE-PRENSA-MATUTINA-770x593-1.jpeg\",\"keywords\":[\"econom\u00eda\",\"empresa\",\"Gobierno de la Republica\",\"Gobierno Federal\",\"Informe de Gobierno\"],\"articleSection\":[\"Noticias\"],\"inLanguage\":\"es\",\"potentialAction\":[{\"@type\":\"CommentAction\",\"name\":\"Comment\",\"target\":[\"https:\\\/\\\/coparmexjal.org.mx\\\/entorno-empresarial\\\/con-areas-de-oportunidad-se-llega-al-iv-informe-del-gobierno-de-la-republica\\\/#respond\"]}]},{\"@type\":\"WebPage\",\"@id\":\"https:\\\/\\\/coparmexjal.org.mx\\\/entorno-empresarial\\\/con-areas-de-oportunidad-se-llega-al-iv-informe-del-gobierno-de-la-republica\\\/\",\"url\":\"https:\\\/\\\/coparmexjal.org.mx\\\/entorno-empresarial\\\/con-areas-de-oportunidad-se-llega-al-iv-informe-del-gobierno-de-la-republica\\\/\",\"name\":\"Con \u00e1reas de oportunidad se llega al IV Informe del Gobierno de la Rep\u00fablica - Entorno Empresarial\",\"isPartOf\":{\"@id\":\"https:\\\/\\\/coparmexjal.org.mx\\\/entorno-empresarial\\\/#website\"},\"primaryImageOfPage\":{\"@id\":\"https:\\\/\\\/coparmexjal.org.mx\\\/entorno-empresarial\\\/con-areas-de-oportunidad-se-llega-al-iv-informe-del-gobierno-de-la-republica\\\/#primaryimage\"},\"image\":{\"@id\":\"https:\\\/\\\/coparmexjal.org.mx\\\/entorno-empresarial\\\/con-areas-de-oportunidad-se-llega-al-iv-informe-del-gobierno-de-la-republica\\\/#primaryimage\"},\"thumbnailUrl\":\"https:\\\/\\\/coparmexjal.org.mx\\\/entorno-empresarial\\\/wp-content\\\/uploads\\\/2022\\\/09\\\/12-04-2019-FOTO-01-CONFERENCIA-DE-PRENSA-MATUTINA-770x593-1.jpeg\",\"datePublished\":\"2022-09-01T18:57:29+00:00\",\"dateModified\":\"2022-09-01T19:05:59+00:00\",\"breadcrumb\":{\"@id\":\"https:\\\/\\\/coparmexjal.org.mx\\\/entorno-empresarial\\\/con-areas-de-oportunidad-se-llega-al-iv-informe-del-gobierno-de-la-republica\\\/#breadcrumb\"},\"inLanguage\":\"es\",\"potentialAction\":[{\"@type\":\"ReadAction\",\"target\":[\"https:\\\/\\\/coparmexjal.org.mx\\\/entorno-empresarial\\\/con-areas-de-oportunidad-se-llega-al-iv-informe-del-gobierno-de-la-republica\\\/\"]}]},{\"@type\":\"ImageObject\",\"inLanguage\":\"es\",\"@id\":\"https:\\\/\\\/coparmexjal.org.mx\\\/entorno-empresarial\\\/con-areas-de-oportunidad-se-llega-al-iv-informe-del-gobierno-de-la-republica\\\/#primaryimage\",\"url\":\"https:\\\/\\\/coparmexjal.org.mx\\\/entorno-empresarial\\\/wp-content\\\/uploads\\\/2022\\\/09\\\/12-04-2019-FOTO-01-CONFERENCIA-DE-PRENSA-MATUTINA-770x593-1.jpeg\",\"contentUrl\":\"https:\\\/\\\/coparmexjal.org.mx\\\/entorno-empresarial\\\/wp-content\\\/uploads\\\/2022\\\/09\\\/12-04-2019-FOTO-01-CONFERENCIA-DE-PRENSA-MATUTINA-770x593-1.jpeg\",\"width\":770,\"height\":593,\"caption\":\"Imagen del portal: https:\\\/\\\/lopezobrador.org.mx\"},{\"@type\":\"BreadcrumbList\",\"@id\":\"https:\\\/\\\/coparmexjal.org.mx\\\/entorno-empresarial\\\/con-areas-de-oportunidad-se-llega-al-iv-informe-del-gobierno-de-la-republica\\\/#breadcrumb\",\"itemListElement\":[{\"@type\":\"ListItem\",\"position\":1,\"name\":\"Inicio\",\"item\":\"https:\\\/\\\/coparmexjal.org.mx\\\/entorno-empresarial\\\/\"},{\"@type\":\"ListItem\",\"position\":2,\"name\":\"Con \u00e1reas de oportunidad se llega al IV Informe del Gobierno de la Rep\u00fablica\"}]},{\"@type\":\"WebSite\",\"@id\":\"https:\\\/\\\/coparmexjal.org.mx\\\/entorno-empresarial\\\/#website\",\"url\":\"https:\\\/\\\/coparmexjal.org.mx\\\/entorno-empresarial\\\/\",\"name\":\"Revista Entorno Empresarial\",\"description\":\"Coparmex Jalisco\",\"publisher\":{\"@id\":\"https:\\\/\\\/coparmexjal.org.mx\\\/entorno-empresarial\\\/#organization\"},\"potentialAction\":[{\"@type\":\"SearchAction\",\"target\":{\"@type\":\"EntryPoint\",\"urlTemplate\":\"https:\\\/\\\/coparmexjal.org.mx\\\/entorno-empresarial\\\/?s={search_term_string}\"},\"query-input\":{\"@type\":\"PropertyValueSpecification\",\"valueRequired\":true,\"valueName\":\"search_term_string\"}}],\"inLanguage\":\"es\"},{\"@type\":\"Organization\",\"@id\":\"https:\\\/\\\/coparmexjal.org.mx\\\/entorno-empresarial\\\/#organization\",\"name\":\"Coparmex Jalisco\",\"url\":\"https:\\\/\\\/coparmexjal.org.mx\\\/entorno-empresarial\\\/\",\"logo\":{\"@type\":\"ImageObject\",\"inLanguage\":\"es\",\"@id\":\"https:\\\/\\\/coparmexjal.org.mx\\\/entorno-empresarial\\\/#\\\/schema\\\/logo\\\/image\\\/\",\"url\":\"https:\\\/\\\/coparmexjal.org.mx\\\/entorno-empresarial\\\/wp-content\\\/uploads\\\/2020\\\/02\\\/logo-amp.png\",\"contentUrl\":\"https:\\\/\\\/coparmexjal.org.mx\\\/entorno-empresarial\\\/wp-content\\\/uploads\\\/2020\\\/02\\\/logo-amp.png\",\"width\":120,\"height\":90,\"caption\":\"Coparmex Jalisco\"},\"image\":{\"@id\":\"https:\\\/\\\/coparmexjal.org.mx\\\/entorno-empresarial\\\/#\\\/schema\\\/logo\\\/image\\\/\"},\"sameAs\":[\"https:\\\/\\\/facebook.com\\\/comcoparmex\",\"https:\\\/\\\/x.com\\\/comcoparmex\",\"http:\\\/\\\/instagram.com\\\/coparmexjalisco\",\"https:\\\/\\\/mx.linkedin.com\\\/company\\\/coparmex-jalisco\",\"https:\\\/\\\/www.youtube.com\\\/c\\\/CoparmexJaliscomx\"]},{\"@type\":\"Person\",\"@id\":\"https:\\\/\\\/coparmexjal.org.mx\\\/entorno-empresarial\\\/#\\\/schema\\\/person\\\/7d1d56a9587bfb3a725cd3dbfbdb9d44\",\"name\":\"Coparmex Jalisco\",\"image\":{\"@type\":\"ImageObject\",\"inLanguage\":\"es\",\"@id\":\"https:\\\/\\\/coparmexjal.org.mx\\\/entorno-empresarial\\\/wp-content\\\/uploads\\\/2020\\\/06\\\/favicon-150x133.png\",\"url\":\"https:\\\/\\\/coparmexjal.org.mx\\\/entorno-empresarial\\\/wp-content\\\/uploads\\\/2020\\\/06\\\/favicon-150x133.png\",\"contentUrl\":\"https:\\\/\\\/coparmexjal.org.mx\\\/entorno-empresarial\\\/wp-content\\\/uploads\\\/2020\\\/06\\\/favicon-150x133.png\",\"caption\":\"Coparmex Jalisco\"},\"url\":\"https:\\\/\\\/coparmexjal.org.mx\\\/entorno-empresarial\\\/author\\\/coparmexjalisco\\\/\"}]}<\/script>\n<!-- \/ Yoast SEO plugin. -->","yoast_head_json":{"title":"Con \u00e1reas de oportunidad se llega al IV Informe del Gobierno de la Rep\u00fablica - Entorno Empresarial","robots":{"index":"index","follow":"follow","max-snippet":"max-snippet:-1","max-image-preview":"max-image-preview:large","max-video-preview":"max-video-preview:-1"},"canonical":"https:\/\/coparmexjal.org.mx\/entorno-empresarial\/con-areas-de-oportunidad-se-llega-al-iv-informe-del-gobierno-de-la-republica\/","og_locale":"es_MX","og_type":"article","og_title":"Con \u00e1reas de oportunidad se llega al IV Informe del Gobierno de la Rep\u00fablica - Entorno Empresarial","og_description":"A 4 a\u00f1os del inicio de la actual administraci\u00f3n federal, en Coparmex Jalisco, realizamos un balance sobre los aciertos, \u00e1reas de oportunidad y riesgos que","og_url":"https:\/\/coparmexjal.org.mx\/entorno-empresarial\/con-areas-de-oportunidad-se-llega-al-iv-informe-del-gobierno-de-la-republica\/","og_site_name":"Entorno Empresarial","article_publisher":"https:\/\/facebook.com\/comcoparmex","article_published_time":"2022-09-01T18:57:29+00:00","article_modified_time":"2022-09-01T19:05:59+00:00","og_image":[{"width":770,"height":593,"url":"https:\/\/coparmexjal.org.mx\/entorno-empresarial\/wp-content\/uploads\/2022\/09\/12-04-2019-FOTO-01-CONFERENCIA-DE-PRENSA-MATUTINA-770x593-1.jpeg","type":"image\/jpeg"}],"author":"Coparmex Jalisco","twitter_card":"summary_large_image","twitter_creator":"@comcoparmex","twitter_site":"@comcoparmex","twitter_misc":{"Escrito por":"Coparmex Jalisco","Tiempo de lectura":"5 minutos"},"schema":{"@context":"https:\/\/schema.org","@graph":[{"@type":"Article","@id":"https:\/\/coparmexjal.org.mx\/entorno-empresarial\/con-areas-de-oportunidad-se-llega-al-iv-informe-del-gobierno-de-la-republica\/#article","isPartOf":{"@id":"https:\/\/coparmexjal.org.mx\/entorno-empresarial\/con-areas-de-oportunidad-se-llega-al-iv-informe-del-gobierno-de-la-republica\/"},"author":{"name":"Coparmex Jalisco","@id":"https:\/\/coparmexjal.org.mx\/entorno-empresarial\/#\/schema\/person\/7d1d56a9587bfb3a725cd3dbfbdb9d44"},"headline":"Con \u00e1reas de oportunidad se llega al IV Informe del Gobierno de la Rep\u00fablica","datePublished":"2022-09-01T18:57:29+00:00","dateModified":"2022-09-01T19:05:59+00:00","mainEntityOfPage":{"@id":"https:\/\/coparmexjal.org.mx\/entorno-empresarial\/con-areas-de-oportunidad-se-llega-al-iv-informe-del-gobierno-de-la-republica\/"},"wordCount":981,"commentCount":0,"publisher":{"@id":"https:\/\/coparmexjal.org.mx\/entorno-empresarial\/#organization"},"image":{"@id":"https:\/\/coparmexjal.org.mx\/entorno-empresarial\/con-areas-de-oportunidad-se-llega-al-iv-informe-del-gobierno-de-la-republica\/#primaryimage"},"thumbnailUrl":"https:\/\/coparmexjal.org.mx\/entorno-empresarial\/wp-content\/uploads\/2022\/09\/12-04-2019-FOTO-01-CONFERENCIA-DE-PRENSA-MATUTINA-770x593-1.jpeg","keywords":["econom\u00eda","empresa","Gobierno de la Republica","Gobierno Federal","Informe de Gobierno"],"articleSection":["Noticias"],"inLanguage":"es","potentialAction":[{"@type":"CommentAction","name":"Comment","target":["https:\/\/coparmexjal.org.mx\/entorno-empresarial\/con-areas-de-oportunidad-se-llega-al-iv-informe-del-gobierno-de-la-republica\/#respond"]}]},{"@type":"WebPage","@id":"https:\/\/coparmexjal.org.mx\/entorno-empresarial\/con-areas-de-oportunidad-se-llega-al-iv-informe-del-gobierno-de-la-republica\/","url":"https:\/\/coparmexjal.org.mx\/entorno-empresarial\/con-areas-de-oportunidad-se-llega-al-iv-informe-del-gobierno-de-la-republica\/","name":"Con \u00e1reas de oportunidad se llega al IV Informe del Gobierno de la Rep\u00fablica - Entorno Empresarial","isPartOf":{"@id":"https:\/\/coparmexjal.org.mx\/entorno-empresarial\/#website"},"primaryImageOfPage":{"@id":"https:\/\/coparmexjal.org.mx\/entorno-empresarial\/con-areas-de-oportunidad-se-llega-al-iv-informe-del-gobierno-de-la-republica\/#primaryimage"},"image":{"@id":"https:\/\/coparmexjal.org.mx\/entorno-empresarial\/con-areas-de-oportunidad-se-llega-al-iv-informe-del-gobierno-de-la-republica\/#primaryimage"},"thumbnailUrl":"https:\/\/coparmexjal.org.mx\/entorno-empresarial\/wp-content\/uploads\/2022\/09\/12-04-2019-FOTO-01-CONFERENCIA-DE-PRENSA-MATUTINA-770x593-1.jpeg","datePublished":"2022-09-01T18:57:29+00:00","dateModified":"2022-09-01T19:05:59+00:00","breadcrumb":{"@id":"https:\/\/coparmexjal.org.mx\/entorno-empresarial\/con-areas-de-oportunidad-se-llega-al-iv-informe-del-gobierno-de-la-republica\/#breadcrumb"},"inLanguage":"es","potentialAction":[{"@type":"ReadAction","target":["https:\/\/coparmexjal.org.mx\/entorno-empresarial\/con-areas-de-oportunidad-se-llega-al-iv-informe-del-gobierno-de-la-republica\/"]}]},{"@type":"ImageObject","inLanguage":"es","@id":"https:\/\/coparmexjal.org.mx\/entorno-empresarial\/con-areas-de-oportunidad-se-llega-al-iv-informe-del-gobierno-de-la-republica\/#primaryimage","url":"https:\/\/coparmexjal.org.mx\/entorno-empresarial\/wp-content\/uploads\/2022\/09\/12-04-2019-FOTO-01-CONFERENCIA-DE-PRENSA-MATUTINA-770x593-1.jpeg","contentUrl":"https:\/\/coparmexjal.org.mx\/entorno-empresarial\/wp-content\/uploads\/2022\/09\/12-04-2019-FOTO-01-CONFERENCIA-DE-PRENSA-MATUTINA-770x593-1.jpeg","width":770,"height":593,"caption":"Imagen del portal: https:\/\/lopezobrador.org.mx"},{"@type":"BreadcrumbList","@id":"https:\/\/coparmexjal.org.mx\/entorno-empresarial\/con-areas-de-oportunidad-se-llega-al-iv-informe-del-gobierno-de-la-republica\/#breadcrumb","itemListElement":[{"@type":"ListItem","position":1,"name":"Inicio","item":"https:\/\/coparmexjal.org.mx\/entorno-empresarial\/"},{"@type":"ListItem","position":2,"name":"Con \u00e1reas de oportunidad se llega al IV Informe del Gobierno de la Rep\u00fablica"}]},{"@type":"WebSite","@id":"https:\/\/coparmexjal.org.mx\/entorno-empresarial\/#website","url":"https:\/\/coparmexjal.org.mx\/entorno-empresarial\/","name":"Revista Entorno Empresarial","description":"Coparmex Jalisco","publisher":{"@id":"https:\/\/coparmexjal.org.mx\/entorno-empresarial\/#organization"},"potentialAction":[{"@type":"SearchAction","target":{"@type":"EntryPoint","urlTemplate":"https:\/\/coparmexjal.org.mx\/entorno-empresarial\/?s={search_term_string}"},"query-input":{"@type":"PropertyValueSpecification","valueRequired":true,"valueName":"search_term_string"}}],"inLanguage":"es"},{"@type":"Organization","@id":"https:\/\/coparmexjal.org.mx\/entorno-empresarial\/#organization","name":"Coparmex Jalisco","url":"https:\/\/coparmexjal.org.mx\/entorno-empresarial\/","logo":{"@type":"ImageObject","inLanguage":"es","@id":"https:\/\/coparmexjal.org.mx\/entorno-empresarial\/#\/schema\/logo\/image\/","url":"https:\/\/coparmexjal.org.mx\/entorno-empresarial\/wp-content\/uploads\/2020\/02\/logo-amp.png","contentUrl":"https:\/\/coparmexjal.org.mx\/entorno-empresarial\/wp-content\/uploads\/2020\/02\/logo-amp.png","width":120,"height":90,"caption":"Coparmex Jalisco"},"image":{"@id":"https:\/\/coparmexjal.org.mx\/entorno-empresarial\/#\/schema\/logo\/image\/"},"sameAs":["https:\/\/facebook.com\/comcoparmex","https:\/\/x.com\/comcoparmex","http:\/\/instagram.com\/coparmexjalisco","https:\/\/mx.linkedin.com\/company\/coparmex-jalisco","https:\/\/www.youtube.com\/c\/CoparmexJaliscomx"]},{"@type":"Person","@id":"https:\/\/coparmexjal.org.mx\/entorno-empresarial\/#\/schema\/person\/7d1d56a9587bfb3a725cd3dbfbdb9d44","name":"Coparmex Jalisco","image":{"@type":"ImageObject","inLanguage":"es","@id":"https:\/\/coparmexjal.org.mx\/entorno-empresarial\/wp-content\/uploads\/2020\/06\/favicon-150x133.png","url":"https:\/\/coparmexjal.org.mx\/entorno-empresarial\/wp-content\/uploads\/2020\/06\/favicon-150x133.png","contentUrl":"https:\/\/coparmexjal.org.mx\/entorno-empresarial\/wp-content\/uploads\/2020\/06\/favicon-150x133.png","caption":"Coparmex Jalisco"},"url":"https:\/\/coparmexjal.org.mx\/entorno-empresarial\/author\/coparmexjalisco\/"}]}},"_links":{"self":[{"href":"https:\/\/coparmexjal.org.mx\/entorno-empresarial\/wp-json\/wp\/v2\/posts\/6802","targetHints":{"allow":["GET"]}}],"collection":[{"href":"https:\/\/coparmexjal.org.mx\/entorno-empresarial\/wp-json\/wp\/v2\/posts"}],"about":[{"href":"https:\/\/coparmexjal.org.mx\/entorno-empresarial\/wp-json\/wp\/v2\/types\/post"}],"author":[{"embeddable":true,"href":"https:\/\/coparmexjal.org.mx\/entorno-empresarial\/wp-json\/wp\/v2\/users\/2"}],"replies":[{"embeddable":true,"href":"https:\/\/coparmexjal.org.mx\/entorno-empresarial\/wp-json\/wp\/v2\/comments?post=6802"}],"version-history":[{"count":2,"href":"https:\/\/coparmexjal.org.mx\/entorno-empresarial\/wp-json\/wp\/v2\/posts\/6802\/revisions"}],"predecessor-version":[{"id":6805,"href":"https:\/\/coparmexjal.org.mx\/entorno-empresarial\/wp-json\/wp\/v2\/posts\/6802\/revisions\/6805"}],"wp:featuredmedia":[{"embeddable":true,"href":"https:\/\/coparmexjal.org.mx\/entorno-empresarial\/wp-json\/wp\/v2\/media\/6803"}],"wp:attachment":[{"href":"https:\/\/coparmexjal.org.mx\/entorno-empresarial\/wp-json\/wp\/v2\/media?parent=6802"}],"wp:term":[{"taxonomy":"category","embeddable":true,"href":"https:\/\/coparmexjal.org.mx\/entorno-empresarial\/wp-json\/wp\/v2\/categories?post=6802"},{"taxonomy":"post_tag","embeddable":true,"href":"https:\/\/coparmexjal.org.mx\/entorno-empresarial\/wp-json\/wp\/v2\/tags?post=6802"}],"curies":[{"name":"wp","href":"https:\/\/api.w.org\/{rel}","templated":true}]}}