{"id":6782,"date":"2022-08-18T17:40:08","date_gmt":"2022-08-18T22:40:08","guid":{"rendered":"https:\/\/coparmexjal.org.mx\/entorno-empresarial\/?p=6782"},"modified":"2022-08-18T17:40:14","modified_gmt":"2022-08-18T22:40:14","slug":"inician-examenes-para-los-aspirantes-a-conciliadores-del-centro-de-conciliacion-laboral","status":"publish","type":"post","link":"https:\/\/coparmexjal.org.mx\/entorno-empresarial\/inician-examenes-para-los-aspirantes-a-conciliadores-del-centro-de-conciliacion-laboral\/","title":{"rendered":"Inician ex\u00e1menes para los aspirantes a Conciliadores del Centro de Conciliaci\u00f3n Laboral"},"content":{"rendered":"\n<p>Como parte de los trabajos de seguimiento y vigilancia a la implementaci\u00f3n de la Reforma Laboral, Coparmex Jalisco como enlace del sector privado y miembro permanente de la Junta de Gobierno del Centro de Conciliaci\u00f3n Local, ha participado de forma activa con el fin de lograr un proceso transparente que garantice los mejores perfiles.<\/p>\n\n\n\n<p>La apertura del Gobierno de Jalisco ha permitido que desde la instituci\u00f3n tengamos la siguiente participaci\u00f3n.<\/p>\n\n\n\n<ol class=\"wp-block-list\" type=\"1\"><li>Revisi\u00f3n de la convocatoria y observaciones para nutrir los tiempos de registro, habilidades y porcentaje de ponderadores, con el fin de encontrar perfiles con capacidad, experiencia y autonom\u00eda, y al mismo tiempo lograr una mayor participaci\u00f3n de aspirantes.<\/li><li>Para garantizar un n\u00famero importante de aspirantes se apoy\u00f3 con la difusi\u00f3n a trav\u00e9s de los canales de comunicaci\u00f3n institucionales.<\/li><li>Para el proceso de evaluaciones y aplicaci\u00f3n de ex\u00e1menes que arranca hoy 18 de agosto, por parte de las autoridades del Centro de Conciliaci\u00f3n se dio la apertura como observadores virtuales y presenciales en las pruebas que se realizar\u00e1n en la Universidad Tecnol\u00f3gica de Jalisco (UTJ) de Ciudad Creativa Digital.<\/li><li>Posteriormente, se dar\u00e1 seguimiento a la parte de entrevistas de los aspirantes siguiendo con la ruta de trabajo abierto que se ha tenido, existiendo grandes oportunidades de transparencia en dicho proceso para la elecci\u00f3n de los mejores perfiles.<\/li><\/ol>\n\n\n\n<p>Coparmex Jalisco emitir\u00e1 un balance del proceso de evaluaci\u00f3n una vez concluido, en donde se estar\u00e1 informando sobre la experiencia de pruebas, as\u00ed como del mecanismo de entrevistas. La apertura y comunicaci\u00f3n del Gobierno ha sido clave para el avance en la implementaci\u00f3n del nuevo sistema, por lo que continuaremos abiertos al trabajo colaborativo.<\/p>\n\n\n\n<p>De la misma manera el Centro Empresarial continuar\u00e1 atento para dar seguimiento a la convocatoria para jueces laborales que estar\u00e1 siendo publicada en los pr\u00f3ximos d\u00edas.<\/p>\n","protected":false},"excerpt":{"rendered":"<p>Como parte de los trabajos de seguimiento y vigilancia a la implementaci\u00f3n de la Reforma Laboral, Coparmex Jalisco como enlace del sector privado y miembro<\/p>\n","protected":false},"author":2,"featured_media":6783,"comment_status":"open","ping_status":"open","sticky":false,"template":"","format":"standard","meta":{"footnotes":""},"categories":[348],"tags":[1264,405,173],"class_list":["post-6782","post","type-post","status-publish","format-standard","has-post-thumbnail","hentry","category-noticias","tag-conciliadores","tag-coparmex-jalisco","tag-empresas"],"yoast_head":"<!-- This site is optimized with the Yoast SEO plugin v27.5 - https:\/\/yoast.com\/product\/yoast-seo-wordpress\/ -->\n<title>Inician ex\u00e1menes para los aspirantes a Conciliadores del Centro de Conciliaci\u00f3n Laboral - Entorno Empresarial<\/title>\n<meta name=\"robots\" content=\"index, follow, max-snippet:-1, max-image-preview:large, max-video-preview:-1\" \/>\n<link rel=\"canonical\" href=\"https:\/\/coparmexjal.org.mx\/entorno-empresarial\/inician-examenes-para-los-aspirantes-a-conciliadores-del-centro-de-conciliacion-laboral\/\" \/>\n<meta property=\"og:locale\" content=\"es_MX\" \/>\n<meta property=\"og:type\" content=\"article\" \/>\n<meta property=\"og:title\" content=\"Inician ex\u00e1menes para los aspirantes a Conciliadores del Centro de Conciliaci\u00f3n Laboral - Entorno Empresarial\" \/>\n<meta property=\"og:description\" content=\"Como parte de los trabajos de seguimiento y vigilancia a la implementaci\u00f3n de la Reforma Laboral, Coparmex Jalisco como enlace del sector privado y miembro\" \/>\n<meta property=\"og:url\" content=\"https:\/\/coparmexjal.org.mx\/entorno-empresarial\/inician-examenes-para-los-aspirantes-a-conciliadores-del-centro-de-conciliacion-laboral\/\" \/>\n<meta property=\"og:site_name\" content=\"Entorno Empresarial\" \/>\n<meta property=\"article:publisher\" content=\"https:\/\/facebook.com\/comcoparmex\" \/>\n<meta property=\"article:published_time\" content=\"2022-08-18T22:40:08+00:00\" \/>\n<meta property=\"article:modified_time\" content=\"2022-08-18T22:40:14+00:00\" \/>\n<meta property=\"og:image\" content=\"https:\/\/coparmexjal.org.mx\/entorno-empresarial\/wp-content\/uploads\/2022\/08\/220818-Examen-de-Conciliadores.jpeg\" \/>\n\t<meta property=\"og:image:width\" content=\"1069\" \/>\n\t<meta property=\"og:image:height\" content=\"800\" \/>\n\t<meta property=\"og:image:type\" content=\"image\/jpeg\" \/>\n<meta name=\"author\" content=\"Coparmex Jalisco\" \/>\n<meta name=\"twitter:card\" content=\"summary_large_image\" \/>\n<meta name=\"twitter:creator\" content=\"@comcoparmex\" \/>\n<meta name=\"twitter:site\" content=\"@comcoparmex\" \/>\n<meta name=\"twitter:label1\" content=\"Escrito por\" \/>\n\t<meta name=\"twitter:data1\" content=\"Coparmex Jalisco\" \/>\n\t<meta name=\"twitter:label2\" content=\"Tiempo de lectura\" \/>\n\t<meta name=\"twitter:data2\" content=\"2 minutos\" \/>\n<script type=\"application\/ld+json\" class=\"yoast-schema-graph\">{\"@context\":\"https:\\\/\\\/schema.org\",\"@graph\":[{\"@type\":\"Article\",\"@id\":\"https:\\\/\\\/coparmexjal.org.mx\\\/entorno-empresarial\\\/inician-examenes-para-los-aspirantes-a-conciliadores-del-centro-de-conciliacion-laboral\\\/#article\",\"isPartOf\":{\"@id\":\"https:\\\/\\\/coparmexjal.org.mx\\\/entorno-empresarial\\\/inician-examenes-para-los-aspirantes-a-conciliadores-del-centro-de-conciliacion-laboral\\\/\"},\"author\":{\"name\":\"Coparmex Jalisco\",\"@id\":\"https:\\\/\\\/coparmexjal.org.mx\\\/entorno-empresarial\\\/#\\\/schema\\\/person\\\/7d1d56a9587bfb3a725cd3dbfbdb9d44\"},\"headline\":\"Inician ex\u00e1menes para los aspirantes a Conciliadores del Centro de Conciliaci\u00f3n Laboral\",\"datePublished\":\"2022-08-18T22:40:08+00:00\",\"dateModified\":\"2022-08-18T22:40:14+00:00\",\"mainEntityOfPage\":{\"@id\":\"https:\\\/\\\/coparmexjal.org.mx\\\/entorno-empresarial\\\/inician-examenes-para-los-aspirantes-a-conciliadores-del-centro-de-conciliacion-laboral\\\/\"},\"wordCount\":331,\"commentCount\":0,\"publisher\":{\"@id\":\"https:\\\/\\\/coparmexjal.org.mx\\\/entorno-empresarial\\\/#organization\"},\"image\":{\"@id\":\"https:\\\/\\\/coparmexjal.org.mx\\\/entorno-empresarial\\\/inician-examenes-para-los-aspirantes-a-conciliadores-del-centro-de-conciliacion-laboral\\\/#primaryimage\"},\"thumbnailUrl\":\"https:\\\/\\\/coparmexjal.org.mx\\\/entorno-empresarial\\\/wp-content\\\/uploads\\\/2022\\\/08\\\/220818-Examen-de-Conciliadores.jpeg\",\"keywords\":[\"conciliadores\",\"coparmex jalisco\",\"empresas\"],\"articleSection\":[\"Noticias\"],\"inLanguage\":\"es\",\"potentialAction\":[{\"@type\":\"CommentAction\",\"name\":\"Comment\",\"target\":[\"https:\\\/\\\/coparmexjal.org.mx\\\/entorno-empresarial\\\/inician-examenes-para-los-aspirantes-a-conciliadores-del-centro-de-conciliacion-laboral\\\/#respond\"]}]},{\"@type\":\"WebPage\",\"@id\":\"https:\\\/\\\/coparmexjal.org.mx\\\/entorno-empresarial\\\/inician-examenes-para-los-aspirantes-a-conciliadores-del-centro-de-conciliacion-laboral\\\/\",\"url\":\"https:\\\/\\\/coparmexjal.org.mx\\\/entorno-empresarial\\\/inician-examenes-para-los-aspirantes-a-conciliadores-del-centro-de-conciliacion-laboral\\\/\",\"name\":\"Inician ex\u00e1menes para los aspirantes a Conciliadores del Centro de Conciliaci\u00f3n Laboral - Entorno Empresarial\",\"isPartOf\":{\"@id\":\"https:\\\/\\\/coparmexjal.org.mx\\\/entorno-empresarial\\\/#website\"},\"primaryImageOfPage\":{\"@id\":\"https:\\\/\\\/coparmexjal.org.mx\\\/entorno-empresarial\\\/inician-examenes-para-los-aspirantes-a-conciliadores-del-centro-de-conciliacion-laboral\\\/#primaryimage\"},\"image\":{\"@id\":\"https:\\\/\\\/coparmexjal.org.mx\\\/entorno-empresarial\\\/inician-examenes-para-los-aspirantes-a-conciliadores-del-centro-de-conciliacion-laboral\\\/#primaryimage\"},\"thumbnailUrl\":\"https:\\\/\\\/coparmexjal.org.mx\\\/entorno-empresarial\\\/wp-content\\\/uploads\\\/2022\\\/08\\\/220818-Examen-de-Conciliadores.jpeg\",\"datePublished\":\"2022-08-18T22:40:08+00:00\",\"dateModified\":\"2022-08-18T22:40:14+00:00\",\"breadcrumb\":{\"@id\":\"https:\\\/\\\/coparmexjal.org.mx\\\/entorno-empresarial\\\/inician-examenes-para-los-aspirantes-a-conciliadores-del-centro-de-conciliacion-laboral\\\/#breadcrumb\"},\"inLanguage\":\"es\",\"potentialAction\":[{\"@type\":\"ReadAction\",\"target\":[\"https:\\\/\\\/coparmexjal.org.mx\\\/entorno-empresarial\\\/inician-examenes-para-los-aspirantes-a-conciliadores-del-centro-de-conciliacion-laboral\\\/\"]}]},{\"@type\":\"ImageObject\",\"inLanguage\":\"es\",\"@id\":\"https:\\\/\\\/coparmexjal.org.mx\\\/entorno-empresarial\\\/inician-examenes-para-los-aspirantes-a-conciliadores-del-centro-de-conciliacion-laboral\\\/#primaryimage\",\"url\":\"https:\\\/\\\/coparmexjal.org.mx\\\/entorno-empresarial\\\/wp-content\\\/uploads\\\/2022\\\/08\\\/220818-Examen-de-Conciliadores.jpeg\",\"contentUrl\":\"https:\\\/\\\/coparmexjal.org.mx\\\/entorno-empresarial\\\/wp-content\\\/uploads\\\/2022\\\/08\\\/220818-Examen-de-Conciliadores.jpeg\",\"width\":1069,\"height\":800},{\"@type\":\"BreadcrumbList\",\"@id\":\"https:\\\/\\\/coparmexjal.org.mx\\\/entorno-empresarial\\\/inician-examenes-para-los-aspirantes-a-conciliadores-del-centro-de-conciliacion-laboral\\\/#breadcrumb\",\"itemListElement\":[{\"@type\":\"ListItem\",\"position\":1,\"name\":\"Inicio\",\"item\":\"https:\\\/\\\/coparmexjal.org.mx\\\/entorno-empresarial\\\/\"},{\"@type\":\"ListItem\",\"position\":2,\"name\":\"Inician ex\u00e1menes para los aspirantes a Conciliadores del Centro de Conciliaci\u00f3n Laboral\"}]},{\"@type\":\"WebSite\",\"@id\":\"https:\\\/\\\/coparmexjal.org.mx\\\/entorno-empresarial\\\/#website\",\"url\":\"https:\\\/\\\/coparmexjal.org.mx\\\/entorno-empresarial\\\/\",\"name\":\"Revista Entorno Empresarial\",\"description\":\"Coparmex Jalisco\",\"publisher\":{\"@id\":\"https:\\\/\\\/coparmexjal.org.mx\\\/entorno-empresarial\\\/#organization\"},\"potentialAction\":[{\"@type\":\"SearchAction\",\"target\":{\"@type\":\"EntryPoint\",\"urlTemplate\":\"https:\\\/\\\/coparmexjal.org.mx\\\/entorno-empresarial\\\/?s={search_term_string}\"},\"query-input\":{\"@type\":\"PropertyValueSpecification\",\"valueRequired\":true,\"valueName\":\"search_term_string\"}}],\"inLanguage\":\"es\"},{\"@type\":\"Organization\",\"@id\":\"https:\\\/\\\/coparmexjal.org.mx\\\/entorno-empresarial\\\/#organization\",\"name\":\"Coparmex Jalisco\",\"url\":\"https:\\\/\\\/coparmexjal.org.mx\\\/entorno-empresarial\\\/\",\"logo\":{\"@type\":\"ImageObject\",\"inLanguage\":\"es\",\"@id\":\"https:\\\/\\\/coparmexjal.org.mx\\\/entorno-empresarial\\\/#\\\/schema\\\/logo\\\/image\\\/\",\"url\":\"https:\\\/\\\/coparmexjal.org.mx\\\/entorno-empresarial\\\/wp-content\\\/uploads\\\/2020\\\/02\\\/logo-amp.png\",\"contentUrl\":\"https:\\\/\\\/coparmexjal.org.mx\\\/entorno-empresarial\\\/wp-content\\\/uploads\\\/2020\\\/02\\\/logo-amp.png\",\"width\":120,\"height\":90,\"caption\":\"Coparmex Jalisco\"},\"image\":{\"@id\":\"https:\\\/\\\/coparmexjal.org.mx\\\/entorno-empresarial\\\/#\\\/schema\\\/logo\\\/image\\\/\"},\"sameAs\":[\"https:\\\/\\\/facebook.com\\\/comcoparmex\",\"https:\\\/\\\/x.com\\\/comcoparmex\",\"http:\\\/\\\/instagram.com\\\/coparmexjalisco\",\"https:\\\/\\\/mx.linkedin.com\\\/company\\\/coparmex-jalisco\",\"https:\\\/\\\/www.youtube.com\\\/c\\\/CoparmexJaliscomx\"]},{\"@type\":\"Person\",\"@id\":\"https:\\\/\\\/coparmexjal.org.mx\\\/entorno-empresarial\\\/#\\\/schema\\\/person\\\/7d1d56a9587bfb3a725cd3dbfbdb9d44\",\"name\":\"Coparmex Jalisco\",\"image\":{\"@type\":\"ImageObject\",\"inLanguage\":\"es\",\"@id\":\"https:\\\/\\\/coparmexjal.org.mx\\\/entorno-empresarial\\\/wp-content\\\/uploads\\\/2020\\\/06\\\/favicon-150x133.png\",\"url\":\"https:\\\/\\\/coparmexjal.org.mx\\\/entorno-empresarial\\\/wp-content\\\/uploads\\\/2020\\\/06\\\/favicon-150x133.png\",\"contentUrl\":\"https:\\\/\\\/coparmexjal.org.mx\\\/entorno-empresarial\\\/wp-content\\\/uploads\\\/2020\\\/06\\\/favicon-150x133.png\",\"caption\":\"Coparmex Jalisco\"},\"url\":\"https:\\\/\\\/coparmexjal.org.mx\\\/entorno-empresarial\\\/author\\\/coparmexjalisco\\\/\"}]}<\/script>\n<!-- \/ Yoast SEO plugin. -->","yoast_head_json":{"title":"Inician ex\u00e1menes para los aspirantes a Conciliadores del Centro de Conciliaci\u00f3n Laboral - Entorno Empresarial","robots":{"index":"index","follow":"follow","max-snippet":"max-snippet:-1","max-image-preview":"max-image-preview:large","max-video-preview":"max-video-preview:-1"},"canonical":"https:\/\/coparmexjal.org.mx\/entorno-empresarial\/inician-examenes-para-los-aspirantes-a-conciliadores-del-centro-de-conciliacion-laboral\/","og_locale":"es_MX","og_type":"article","og_title":"Inician ex\u00e1menes para los aspirantes a Conciliadores del Centro de Conciliaci\u00f3n Laboral - Entorno Empresarial","og_description":"Como parte de los trabajos de seguimiento y vigilancia a la implementaci\u00f3n de la Reforma Laboral, Coparmex Jalisco como enlace del sector privado y miembro","og_url":"https:\/\/coparmexjal.org.mx\/entorno-empresarial\/inician-examenes-para-los-aspirantes-a-conciliadores-del-centro-de-conciliacion-laboral\/","og_site_name":"Entorno Empresarial","article_publisher":"https:\/\/facebook.com\/comcoparmex","article_published_time":"2022-08-18T22:40:08+00:00","article_modified_time":"2022-08-18T22:40:14+00:00","og_image":[{"width":1069,"height":800,"url":"https:\/\/coparmexjal.org.mx\/entorno-empresarial\/wp-content\/uploads\/2022\/08\/220818-Examen-de-Conciliadores.jpeg","type":"image\/jpeg"}],"author":"Coparmex Jalisco","twitter_card":"summary_large_image","twitter_creator":"@comcoparmex","twitter_site":"@comcoparmex","twitter_misc":{"Escrito por":"Coparmex Jalisco","Tiempo de lectura":"2 minutos"},"schema":{"@context":"https:\/\/schema.org","@graph":[{"@type":"Article","@id":"https:\/\/coparmexjal.org.mx\/entorno-empresarial\/inician-examenes-para-los-aspirantes-a-conciliadores-del-centro-de-conciliacion-laboral\/#article","isPartOf":{"@id":"https:\/\/coparmexjal.org.mx\/entorno-empresarial\/inician-examenes-para-los-aspirantes-a-conciliadores-del-centro-de-conciliacion-laboral\/"},"author":{"name":"Coparmex Jalisco","@id":"https:\/\/coparmexjal.org.mx\/entorno-empresarial\/#\/schema\/person\/7d1d56a9587bfb3a725cd3dbfbdb9d44"},"headline":"Inician ex\u00e1menes para los aspirantes a Conciliadores del Centro de Conciliaci\u00f3n Laboral","datePublished":"2022-08-18T22:40:08+00:00","dateModified":"2022-08-18T22:40:14+00:00","mainEntityOfPage":{"@id":"https:\/\/coparmexjal.org.mx\/entorno-empresarial\/inician-examenes-para-los-aspirantes-a-conciliadores-del-centro-de-conciliacion-laboral\/"},"wordCount":331,"commentCount":0,"publisher":{"@id":"https:\/\/coparmexjal.org.mx\/entorno-empresarial\/#organization"},"image":{"@id":"https:\/\/coparmexjal.org.mx\/entorno-empresarial\/inician-examenes-para-los-aspirantes-a-conciliadores-del-centro-de-conciliacion-laboral\/#primaryimage"},"thumbnailUrl":"https:\/\/coparmexjal.org.mx\/entorno-empresarial\/wp-content\/uploads\/2022\/08\/220818-Examen-de-Conciliadores.jpeg","keywords":["conciliadores","coparmex jalisco","empresas"],"articleSection":["Noticias"],"inLanguage":"es","potentialAction":[{"@type":"CommentAction","name":"Comment","target":["https:\/\/coparmexjal.org.mx\/entorno-empresarial\/inician-examenes-para-los-aspirantes-a-conciliadores-del-centro-de-conciliacion-laboral\/#respond"]}]},{"@type":"WebPage","@id":"https:\/\/coparmexjal.org.mx\/entorno-empresarial\/inician-examenes-para-los-aspirantes-a-conciliadores-del-centro-de-conciliacion-laboral\/","url":"https:\/\/coparmexjal.org.mx\/entorno-empresarial\/inician-examenes-para-los-aspirantes-a-conciliadores-del-centro-de-conciliacion-laboral\/","name":"Inician ex\u00e1menes para los aspirantes a Conciliadores del Centro de Conciliaci\u00f3n Laboral - Entorno Empresarial","isPartOf":{"@id":"https:\/\/coparmexjal.org.mx\/entorno-empresarial\/#website"},"primaryImageOfPage":{"@id":"https:\/\/coparmexjal.org.mx\/entorno-empresarial\/inician-examenes-para-los-aspirantes-a-conciliadores-del-centro-de-conciliacion-laboral\/#primaryimage"},"image":{"@id":"https:\/\/coparmexjal.org.mx\/entorno-empresarial\/inician-examenes-para-los-aspirantes-a-conciliadores-del-centro-de-conciliacion-laboral\/#primaryimage"},"thumbnailUrl":"https:\/\/coparmexjal.org.mx\/entorno-empresarial\/wp-content\/uploads\/2022\/08\/220818-Examen-de-Conciliadores.jpeg","datePublished":"2022-08-18T22:40:08+00:00","dateModified":"2022-08-18T22:40:14+00:00","breadcrumb":{"@id":"https:\/\/coparmexjal.org.mx\/entorno-empresarial\/inician-examenes-para-los-aspirantes-a-conciliadores-del-centro-de-conciliacion-laboral\/#breadcrumb"},"inLanguage":"es","potentialAction":[{"@type":"ReadAction","target":["https:\/\/coparmexjal.org.mx\/entorno-empresarial\/inician-examenes-para-los-aspirantes-a-conciliadores-del-centro-de-conciliacion-laboral\/"]}]},{"@type":"ImageObject","inLanguage":"es","@id":"https:\/\/coparmexjal.org.mx\/entorno-empresarial\/inician-examenes-para-los-aspirantes-a-conciliadores-del-centro-de-conciliacion-laboral\/#primaryimage","url":"https:\/\/coparmexjal.org.mx\/entorno-empresarial\/wp-content\/uploads\/2022\/08\/220818-Examen-de-Conciliadores.jpeg","contentUrl":"https:\/\/coparmexjal.org.mx\/entorno-empresarial\/wp-content\/uploads\/2022\/08\/220818-Examen-de-Conciliadores.jpeg","width":1069,"height":800},{"@type":"BreadcrumbList","@id":"https:\/\/coparmexjal.org.mx\/entorno-empresarial\/inician-examenes-para-los-aspirantes-a-conciliadores-del-centro-de-conciliacion-laboral\/#breadcrumb","itemListElement":[{"@type":"ListItem","position":1,"name":"Inicio","item":"https:\/\/coparmexjal.org.mx\/entorno-empresarial\/"},{"@type":"ListItem","position":2,"name":"Inician ex\u00e1menes para los aspirantes a Conciliadores del Centro de Conciliaci\u00f3n Laboral"}]},{"@type":"WebSite","@id":"https:\/\/coparmexjal.org.mx\/entorno-empresarial\/#website","url":"https:\/\/coparmexjal.org.mx\/entorno-empresarial\/","name":"Revista Entorno Empresarial","description":"Coparmex Jalisco","publisher":{"@id":"https:\/\/coparmexjal.org.mx\/entorno-empresarial\/#organization"},"potentialAction":[{"@type":"SearchAction","target":{"@type":"EntryPoint","urlTemplate":"https:\/\/coparmexjal.org.mx\/entorno-empresarial\/?s={search_term_string}"},"query-input":{"@type":"PropertyValueSpecification","valueRequired":true,"valueName":"search_term_string"}}],"inLanguage":"es"},{"@type":"Organization","@id":"https:\/\/coparmexjal.org.mx\/entorno-empresarial\/#organization","name":"Coparmex Jalisco","url":"https:\/\/coparmexjal.org.mx\/entorno-empresarial\/","logo":{"@type":"ImageObject","inLanguage":"es","@id":"https:\/\/coparmexjal.org.mx\/entorno-empresarial\/#\/schema\/logo\/image\/","url":"https:\/\/coparmexjal.org.mx\/entorno-empresarial\/wp-content\/uploads\/2020\/02\/logo-amp.png","contentUrl":"https:\/\/coparmexjal.org.mx\/entorno-empresarial\/wp-content\/uploads\/2020\/02\/logo-amp.png","width":120,"height":90,"caption":"Coparmex Jalisco"},"image":{"@id":"https:\/\/coparmexjal.org.mx\/entorno-empresarial\/#\/schema\/logo\/image\/"},"sameAs":["https:\/\/facebook.com\/comcoparmex","https:\/\/x.com\/comcoparmex","http:\/\/instagram.com\/coparmexjalisco","https:\/\/mx.linkedin.com\/company\/coparmex-jalisco","https:\/\/www.youtube.com\/c\/CoparmexJaliscomx"]},{"@type":"Person","@id":"https:\/\/coparmexjal.org.mx\/entorno-empresarial\/#\/schema\/person\/7d1d56a9587bfb3a725cd3dbfbdb9d44","name":"Coparmex Jalisco","image":{"@type":"ImageObject","inLanguage":"es","@id":"https:\/\/coparmexjal.org.mx\/entorno-empresarial\/wp-content\/uploads\/2020\/06\/favicon-150x133.png","url":"https:\/\/coparmexjal.org.mx\/entorno-empresarial\/wp-content\/uploads\/2020\/06\/favicon-150x133.png","contentUrl":"https:\/\/coparmexjal.org.mx\/entorno-empresarial\/wp-content\/uploads\/2020\/06\/favicon-150x133.png","caption":"Coparmex Jalisco"},"url":"https:\/\/coparmexjal.org.mx\/entorno-empresarial\/author\/coparmexjalisco\/"}]}},"_links":{"self":[{"href":"https:\/\/coparmexjal.org.mx\/entorno-empresarial\/wp-json\/wp\/v2\/posts\/6782","targetHints":{"allow":["GET"]}}],"collection":[{"href":"https:\/\/coparmexjal.org.mx\/entorno-empresarial\/wp-json\/wp\/v2\/posts"}],"about":[{"href":"https:\/\/coparmexjal.org.mx\/entorno-empresarial\/wp-json\/wp\/v2\/types\/post"}],"author":[{"embeddable":true,"href":"https:\/\/coparmexjal.org.mx\/entorno-empresarial\/wp-json\/wp\/v2\/users\/2"}],"replies":[{"embeddable":true,"href":"https:\/\/coparmexjal.org.mx\/entorno-empresarial\/wp-json\/wp\/v2\/comments?post=6782"}],"version-history":[{"count":1,"href":"https:\/\/coparmexjal.org.mx\/entorno-empresarial\/wp-json\/wp\/v2\/posts\/6782\/revisions"}],"predecessor-version":[{"id":6784,"href":"https:\/\/coparmexjal.org.mx\/entorno-empresarial\/wp-json\/wp\/v2\/posts\/6782\/revisions\/6784"}],"wp:featuredmedia":[{"embeddable":true,"href":"https:\/\/coparmexjal.org.mx\/entorno-empresarial\/wp-json\/wp\/v2\/media\/6783"}],"wp:attachment":[{"href":"https:\/\/coparmexjal.org.mx\/entorno-empresarial\/wp-json\/wp\/v2\/media?parent=6782"}],"wp:term":[{"taxonomy":"category","embeddable":true,"href":"https:\/\/coparmexjal.org.mx\/entorno-empresarial\/wp-json\/wp\/v2\/categories?post=6782"},{"taxonomy":"post_tag","embeddable":true,"href":"https:\/\/coparmexjal.org.mx\/entorno-empresarial\/wp-json\/wp\/v2\/tags?post=6782"}],"curies":[{"name":"wp","href":"https:\/\/api.w.org\/{rel}","templated":true}]}}