{"id":6776,"date":"2022-08-16T16:37:14","date_gmt":"2022-08-16T21:37:14","guid":{"rendered":"https:\/\/coparmexjal.org.mx\/entorno-empresarial\/?p=6776"},"modified":"2022-08-16T16:37:24","modified_gmt":"2022-08-16T21:37:24","slug":"desarrollan-jovenes-empresarios-foro-en-defensa-de-la-democracia","status":"publish","type":"post","link":"https:\/\/coparmexjal.org.mx\/entorno-empresarial\/desarrollan-jovenes-empresarios-foro-en-defensa-de-la-democracia\/","title":{"rendered":"Desarrollan J\u00f3venes Empresarios, foro en Defensa de la Democracia"},"content":{"rendered":"\n<ul class=\"wp-block-list\"><li>Entre los ponentes destacaron legisladores de seis partidos pol\u00edticos para argumentar hacia d\u00f3nde se encamina la propuesta de la Reforma Electoral <\/li><\/ul>\n\n\n\n<ul class=\"wp-block-list\"><li>Asimismo, se realiz\u00f3 un panel con Paula Ram\u00edrez, Presidenta del Instituto Electoral y de Participaci\u00f3n Ciudadana en Jalisco y Leonardo Valdez Zurita, Ex Consejero Presidente del que fuera el Instituto Federal Electoral para visualizar el impacto y quehacer de las instituciones electorales <\/li><\/ul>\n\n\n\n<p>Con el objetivo de intercambiar posturas, encontrar coincidencias y sumar a las y los j\u00f3venes en la discusi\u00f3n de la Iniciativa de Reforma Pol\u00edtico Electoral que actualmente se est\u00e1 discutiendo en el Congreso de la Uni\u00f3n, la Comisi\u00f3n de Empresarios J\u00f3venes de Coparmex Jalisco, realiz\u00f3 un foro denominado: J\u00f3venes en Defensa de la Democracia.<\/p>\n\n\n\n<p>El foro se dividi\u00f3 en dos paneles, el primero con la postura de legisladores de 6 partidos pol\u00edticos, con la participaci\u00f3n de las diputadas Laura Haro por el Partido Revolucionario Institucional y Claudia Delgadillo por el Partido Verde Ecologista; as\u00ed como los diputados Juan Carlos Romero, del Partido Acci\u00f3n Nacional; Alberto Villa de Partido Movimiento de Regeneraci\u00f3n Nacional; Luis Espinoza del Partido Revoluci\u00f3n Democr\u00e1tica y el Senador Clemente Casta\u00f1eda de Movimiento Ciudadano.<\/p>\n\n\n\n<p>Algunos de los factores que han propiciado reformas electorales recae en se\u00f1alamientos por fraudes recurrentes e imposiciones que han mermado en la confianza y certidumbre en los procesos electorales de ah\u00ed la necesidad de impulsar instituciones aut\u00f3nomas y separadas del gobierno central. Este punto tuvo coincidencias en las participaciones de todas las representaciones partidistas.<\/p>\n\n\n\n<p>La politizaci\u00f3n y la injerencia pol\u00edtica en decisiones de car\u00e1cter t\u00e9cnico no garantizaba autonom\u00eda ni procesos objetivos, de ah\u00ed la necesidad de la creaci\u00f3n de una autoridad electoral, as\u00ed lo expres\u00f3 la representante del Partido Revolucionario Institucional.<\/p>\n\n\n\n<p><strong>Confianza a las instituciones<\/strong><\/p>\n\n\n\n<p>Desde la representaci\u00f3n de la fracci\u00f3n del Partido Acci\u00f3n Nacional se hizo \u00e9nfasis en promover la participaci\u00f3n ciudadana ya que durante los \u00faltimos tres periodos electorales se ha observado una disminuci\u00f3n en los comicios electorales.<\/p>\n\n\n\n<p>La desconfianza y el desinter\u00e9s son algunos de los aspectos que la reforma pretende tomar en consideraci\u00f3n de acuerdo a la postura de la representaci\u00f3n del Partido Verde Ecologista de M\u00e9xico. En este mismo sentido se hizo un llamado a la participaci\u00f3n dentro de los Foros de Parlamento Abierto que estar\u00e1n pr\u00f3ximos a realizarse.<\/p>\n\n\n\n<p>Para avanzar en una verdadera reforma pol\u00edtica la exigencia de un cambio tiene que venir desde la propia sociedad y no solo de deseos pol\u00edticos, as\u00ed lo expres\u00f3 el representante de Movimiento Ciudadano.<\/p>\n\n\n\n<p>Por la representaci\u00f3n del Partido Movimiento de Regeneraci\u00f3n Nacional se hizo \u00e9nfasis en que es necesario empujar mayores espacios de dialogo con la sociedad para encontrar coincidencias.<\/p>\n\n\n\n<figure class=\"wp-block-image size-large is-style-default\"><img fetchpriority=\"high\" decoding=\"async\" width=\"1024\" height=\"683\" src=\"https:\/\/coparmexjal.org.mx\/entorno-empresarial\/wp-content\/uploads\/2022\/08\/5-1024x683.jpeg\" alt=\"\" class=\"wp-image-6777\" srcset=\"https:\/\/coparmexjal.org.mx\/entorno-empresarial\/wp-content\/uploads\/2022\/08\/5-1024x683.jpeg 1024w, https:\/\/coparmexjal.org.mx\/entorno-empresarial\/wp-content\/uploads\/2022\/08\/5-300x200.jpeg 300w, https:\/\/coparmexjal.org.mx\/entorno-empresarial\/wp-content\/uploads\/2022\/08\/5-768x512.jpeg 768w, https:\/\/coparmexjal.org.mx\/entorno-empresarial\/wp-content\/uploads\/2022\/08\/5.jpeg 1200w\" sizes=\"(max-width: 1024px) 100vw, 1024px\" \/><figcaption>Carlos Villase\u00f1or, Presidente de Coparmex Jalisco, Paula Ram\u00edrez, Presidenta del Instituto Electoral y de Participaci\u00f3n Ciudadana en Jalisco y Armando Casta\u00f1o, Presidente de la Comisi\u00f3n de J\u00f3venes Empresarios de Coparmex Jalisco.<\/figcaption><\/figure>\n\n\n\n<p><strong>Retroceso en temas democr\u00e1ticos<\/strong><\/p>\n\n\n\n<p>Las representaciones pol\u00edticas distintas al Partido Movimiento de Regeneraci\u00f3n Nacional y Verde Ecologista de M\u00e9xico, coincidieron en que de aprobarse ser\u00eda un retroceso al regresar a un sistema que pone en riesgo la participaci\u00f3n ciudadana y atenta contra la democracia, donde el desarrollo de las elecciones quedar\u00eda Centralizado en el gobierno en turno, sin voz de una instituci\u00f3n aut\u00f3noma..<\/p>\n\n\n\n<p>Diversas posturas coincidieron a que este tema aumenta la polarizaci\u00f3n ya creciente en M\u00e9xico, as\u00ed como la incidencia que pudieran tener el poder legislativo y ejecutivo en la elecci\u00f3n de Consejeros.<\/p>\n\n\n\n<p>Otro de los puntos que fue abordado es la eliminaci\u00f3n de diputados sin una formula o argumento claro se dejar\u00eda de lado la competencia pol\u00edtica y se aumenta la sobre representatividad.<\/p>\n\n\n\n<p><strong>\u00c1reas a mejorar en materia electoral<\/strong><\/p>\n\n\n\n<p>La mayor\u00eda de las representaciones pol\u00edticas coincidieron que las iniciativas y leyes son perfectibles, de ah\u00ed la necesidad de abrir al dialogo. Algunos de los puntos que mencionaron como importantes para atender son los siguientes:<\/p>\n\n\n\n<p>Por parte del PAN, se platic\u00f3 que los niveles de inseguridad y la injerencia de grupos delincuenciales hace a\u00fan m\u00e1s necesario el fortalecer instituciones electorales no debilitarlas, regular el voto electr\u00f3nico, abrir la discusi\u00f3n a las candidaturas abiertas y que se tome en consideraci\u00f3n a la parte local, ya que es ah\u00ed donde sucede la mayor parte de la operatividad de una elecci\u00f3n.<\/p>\n\n\n\n<p>La representante del PRI, hizo menci\u00f3n a la creaci\u00f3n de condiciones que promuevan la libertad de expresi\u00f3n, el impulsar mecanismos que blinden las candidaturas del crimen organizado, as\u00ed como los sistemas para un \u00f3ptimo voto electr\u00f3nico.<\/p>\n\n\n\n<p>Desde la Representaci\u00f3n de MC se habl\u00f3 de no politizar los nombramientos de Consejeros, sino garantizar mayor autonom\u00eda y capacidad, transitar a espacios de debate pol\u00edtico que ayuden a regular el tema de propaganda pol\u00edtica.<\/p>\n\n\n\n<p><strong>Sin condiciones para una reforma<\/strong><\/p>\n\n\n\n<p>Aunque fueron muchas las posturas en com\u00fan respecto a que se pueden hacer cambios, al mismo tiempo se mencion\u00f3 que actualmente no existen las condiciones para una reforma en materia pol\u00edtico electoral, primero se debe de garantizar el consenso, evaluar lo que ha funcionado y sobre todo eliminar la polarizaci\u00f3n en el tema.<\/p>\n\n\n\n<p>Por su parte, en el panel institucional destacaron la importancia de la autonom\u00eda y presencia de las instituciones electorales en el ejercicio democr\u00e1tico, haciendo \u00e9nfasis en una l\u00ednea hist\u00f3rica sobre los pasos, logros y avances que se han logrado desde los Organismos P\u00fablicos para caminar hacia el fortalecimiento de la democracia y la participaci\u00f3n de los ciudadanos. <\/p>\n\n\n\n<p>El presidente de Coparmex Jalisco y de la Comisi\u00f3n de J\u00f3venes Empresarios hicieron un llamado al consenso a la creaci\u00f3n de coincidencias y sobre ellas generar propuestas que abonen a la democracia, as\u00ed como un llamado en\u00e9rgico a las y los j\u00f3venes a involucrarse de forma m\u00e1s activa en los asuntos p\u00fablicos donde la Participaci\u00f3n Ciudadana y la autonom\u00eda de las instituciones es un papel clave para y el fortalecimiento democr\u00e1tico.<\/p>\n","protected":false},"excerpt":{"rendered":"<p>Entre los ponentes destacaron legisladores de seis partidos pol\u00edticos para argumentar hacia d\u00f3nde se encamina la propuesta de la Reforma Electoral Asimismo, se realiz\u00f3 un<\/p>\n","protected":false},"author":2,"featured_media":6780,"comment_status":"open","ping_status":"open","sticky":false,"template":"","format":"standard","meta":{"footnotes":""},"categories":[348],"tags":[405,1262,1263,568],"class_list":["post-6776","post","type-post","status-publish","format-standard","has-post-thumbnail","hentry","category-noticias","tag-coparmex-jalisco","tag-democracia","tag-electoral","tag-jovenes"],"yoast_head":"<!-- This site is optimized with the Yoast SEO plugin v27.5 - https:\/\/yoast.com\/product\/yoast-seo-wordpress\/ -->\n<title>Desarrollan J\u00f3venes Empresarios, foro en Defensa de la Democracia - Entorno Empresarial<\/title>\n<meta name=\"robots\" content=\"index, follow, max-snippet:-1, max-image-preview:large, max-video-preview:-1\" \/>\n<link rel=\"canonical\" href=\"https:\/\/coparmexjal.org.mx\/entorno-empresarial\/desarrollan-jovenes-empresarios-foro-en-defensa-de-la-democracia\/\" \/>\n<meta property=\"og:locale\" content=\"es_MX\" \/>\n<meta property=\"og:type\" content=\"article\" \/>\n<meta property=\"og:title\" content=\"Desarrollan J\u00f3venes Empresarios, foro en Defensa de la Democracia - Entorno Empresarial\" \/>\n<meta property=\"og:description\" content=\"Entre los ponentes destacaron legisladores de seis partidos pol\u00edticos para argumentar hacia d\u00f3nde se encamina la propuesta de la Reforma Electoral Asimismo, se realiz\u00f3 un\" \/>\n<meta property=\"og:url\" content=\"https:\/\/coparmexjal.org.mx\/entorno-empresarial\/desarrollan-jovenes-empresarios-foro-en-defensa-de-la-democracia\/\" \/>\n<meta property=\"og:site_name\" content=\"Entorno Empresarial\" \/>\n<meta property=\"article:publisher\" content=\"https:\/\/facebook.com\/comcoparmex\" \/>\n<meta property=\"article:published_time\" content=\"2022-08-16T21:37:14+00:00\" \/>\n<meta property=\"article:modified_time\" content=\"2022-08-16T21:37:24+00:00\" \/>\n<meta property=\"og:image\" content=\"https:\/\/coparmexjal.org.mx\/entorno-empresarial\/wp-content\/uploads\/2022\/08\/1.jpeg\" \/>\n\t<meta property=\"og:image:width\" content=\"1200\" \/>\n\t<meta property=\"og:image:height\" content=\"800\" \/>\n\t<meta property=\"og:image:type\" content=\"image\/jpeg\" \/>\n<meta name=\"author\" content=\"Coparmex Jalisco\" \/>\n<meta name=\"twitter:card\" content=\"summary_large_image\" \/>\n<meta name=\"twitter:creator\" content=\"@comcoparmex\" \/>\n<meta name=\"twitter:site\" content=\"@comcoparmex\" \/>\n<meta name=\"twitter:label1\" content=\"Escrito por\" \/>\n\t<meta name=\"twitter:data1\" content=\"Coparmex Jalisco\" \/>\n\t<meta name=\"twitter:label2\" content=\"Tiempo de lectura\" \/>\n\t<meta name=\"twitter:data2\" content=\"5 minutos\" \/>\n<script type=\"application\/ld+json\" class=\"yoast-schema-graph\">{\"@context\":\"https:\\\/\\\/schema.org\",\"@graph\":[{\"@type\":\"Article\",\"@id\":\"https:\\\/\\\/coparmexjal.org.mx\\\/entorno-empresarial\\\/desarrollan-jovenes-empresarios-foro-en-defensa-de-la-democracia\\\/#article\",\"isPartOf\":{\"@id\":\"https:\\\/\\\/coparmexjal.org.mx\\\/entorno-empresarial\\\/desarrollan-jovenes-empresarios-foro-en-defensa-de-la-democracia\\\/\"},\"author\":{\"name\":\"Coparmex Jalisco\",\"@id\":\"https:\\\/\\\/coparmexjal.org.mx\\\/entorno-empresarial\\\/#\\\/schema\\\/person\\\/7d1d56a9587bfb3a725cd3dbfbdb9d44\"},\"headline\":\"Desarrollan J\u00f3venes Empresarios, foro en Defensa de la Democracia\",\"datePublished\":\"2022-08-16T21:37:14+00:00\",\"dateModified\":\"2022-08-16T21:37:24+00:00\",\"mainEntityOfPage\":{\"@id\":\"https:\\\/\\\/coparmexjal.org.mx\\\/entorno-empresarial\\\/desarrollan-jovenes-empresarios-foro-en-defensa-de-la-democracia\\\/\"},\"wordCount\":1057,\"commentCount\":0,\"publisher\":{\"@id\":\"https:\\\/\\\/coparmexjal.org.mx\\\/entorno-empresarial\\\/#organization\"},\"image\":{\"@id\":\"https:\\\/\\\/coparmexjal.org.mx\\\/entorno-empresarial\\\/desarrollan-jovenes-empresarios-foro-en-defensa-de-la-democracia\\\/#primaryimage\"},\"thumbnailUrl\":\"https:\\\/\\\/coparmexjal.org.mx\\\/entorno-empresarial\\\/wp-content\\\/uploads\\\/2022\\\/08\\\/1.jpeg\",\"keywords\":[\"coparmex jalisco\",\"Democracia\",\"Electoral\",\"j\u00f3venes\"],\"articleSection\":[\"Noticias\"],\"inLanguage\":\"es\",\"potentialAction\":[{\"@type\":\"CommentAction\",\"name\":\"Comment\",\"target\":[\"https:\\\/\\\/coparmexjal.org.mx\\\/entorno-empresarial\\\/desarrollan-jovenes-empresarios-foro-en-defensa-de-la-democracia\\\/#respond\"]}]},{\"@type\":\"WebPage\",\"@id\":\"https:\\\/\\\/coparmexjal.org.mx\\\/entorno-empresarial\\\/desarrollan-jovenes-empresarios-foro-en-defensa-de-la-democracia\\\/\",\"url\":\"https:\\\/\\\/coparmexjal.org.mx\\\/entorno-empresarial\\\/desarrollan-jovenes-empresarios-foro-en-defensa-de-la-democracia\\\/\",\"name\":\"Desarrollan J\u00f3venes Empresarios, foro en Defensa de la Democracia - Entorno Empresarial\",\"isPartOf\":{\"@id\":\"https:\\\/\\\/coparmexjal.org.mx\\\/entorno-empresarial\\\/#website\"},\"primaryImageOfPage\":{\"@id\":\"https:\\\/\\\/coparmexjal.org.mx\\\/entorno-empresarial\\\/desarrollan-jovenes-empresarios-foro-en-defensa-de-la-democracia\\\/#primaryimage\"},\"image\":{\"@id\":\"https:\\\/\\\/coparmexjal.org.mx\\\/entorno-empresarial\\\/desarrollan-jovenes-empresarios-foro-en-defensa-de-la-democracia\\\/#primaryimage\"},\"thumbnailUrl\":\"https:\\\/\\\/coparmexjal.org.mx\\\/entorno-empresarial\\\/wp-content\\\/uploads\\\/2022\\\/08\\\/1.jpeg\",\"datePublished\":\"2022-08-16T21:37:14+00:00\",\"dateModified\":\"2022-08-16T21:37:24+00:00\",\"breadcrumb\":{\"@id\":\"https:\\\/\\\/coparmexjal.org.mx\\\/entorno-empresarial\\\/desarrollan-jovenes-empresarios-foro-en-defensa-de-la-democracia\\\/#breadcrumb\"},\"inLanguage\":\"es\",\"potentialAction\":[{\"@type\":\"ReadAction\",\"target\":[\"https:\\\/\\\/coparmexjal.org.mx\\\/entorno-empresarial\\\/desarrollan-jovenes-empresarios-foro-en-defensa-de-la-democracia\\\/\"]}]},{\"@type\":\"ImageObject\",\"inLanguage\":\"es\",\"@id\":\"https:\\\/\\\/coparmexjal.org.mx\\\/entorno-empresarial\\\/desarrollan-jovenes-empresarios-foro-en-defensa-de-la-democracia\\\/#primaryimage\",\"url\":\"https:\\\/\\\/coparmexjal.org.mx\\\/entorno-empresarial\\\/wp-content\\\/uploads\\\/2022\\\/08\\\/1.jpeg\",\"contentUrl\":\"https:\\\/\\\/coparmexjal.org.mx\\\/entorno-empresarial\\\/wp-content\\\/uploads\\\/2022\\\/08\\\/1.jpeg\",\"width\":1200,\"height\":800},{\"@type\":\"BreadcrumbList\",\"@id\":\"https:\\\/\\\/coparmexjal.org.mx\\\/entorno-empresarial\\\/desarrollan-jovenes-empresarios-foro-en-defensa-de-la-democracia\\\/#breadcrumb\",\"itemListElement\":[{\"@type\":\"ListItem\",\"position\":1,\"name\":\"Inicio\",\"item\":\"https:\\\/\\\/coparmexjal.org.mx\\\/entorno-empresarial\\\/\"},{\"@type\":\"ListItem\",\"position\":2,\"name\":\"Desarrollan J\u00f3venes Empresarios, foro en Defensa de la Democracia\"}]},{\"@type\":\"WebSite\",\"@id\":\"https:\\\/\\\/coparmexjal.org.mx\\\/entorno-empresarial\\\/#website\",\"url\":\"https:\\\/\\\/coparmexjal.org.mx\\\/entorno-empresarial\\\/\",\"name\":\"Revista Entorno Empresarial\",\"description\":\"Coparmex Jalisco\",\"publisher\":{\"@id\":\"https:\\\/\\\/coparmexjal.org.mx\\\/entorno-empresarial\\\/#organization\"},\"potentialAction\":[{\"@type\":\"SearchAction\",\"target\":{\"@type\":\"EntryPoint\",\"urlTemplate\":\"https:\\\/\\\/coparmexjal.org.mx\\\/entorno-empresarial\\\/?s={search_term_string}\"},\"query-input\":{\"@type\":\"PropertyValueSpecification\",\"valueRequired\":true,\"valueName\":\"search_term_string\"}}],\"inLanguage\":\"es\"},{\"@type\":\"Organization\",\"@id\":\"https:\\\/\\\/coparmexjal.org.mx\\\/entorno-empresarial\\\/#organization\",\"name\":\"Coparmex Jalisco\",\"url\":\"https:\\\/\\\/coparmexjal.org.mx\\\/entorno-empresarial\\\/\",\"logo\":{\"@type\":\"ImageObject\",\"inLanguage\":\"es\",\"@id\":\"https:\\\/\\\/coparmexjal.org.mx\\\/entorno-empresarial\\\/#\\\/schema\\\/logo\\\/image\\\/\",\"url\":\"https:\\\/\\\/coparmexjal.org.mx\\\/entorno-empresarial\\\/wp-content\\\/uploads\\\/2020\\\/02\\\/logo-amp.png\",\"contentUrl\":\"https:\\\/\\\/coparmexjal.org.mx\\\/entorno-empresarial\\\/wp-content\\\/uploads\\\/2020\\\/02\\\/logo-amp.png\",\"width\":120,\"height\":90,\"caption\":\"Coparmex Jalisco\"},\"image\":{\"@id\":\"https:\\\/\\\/coparmexjal.org.mx\\\/entorno-empresarial\\\/#\\\/schema\\\/logo\\\/image\\\/\"},\"sameAs\":[\"https:\\\/\\\/facebook.com\\\/comcoparmex\",\"https:\\\/\\\/x.com\\\/comcoparmex\",\"http:\\\/\\\/instagram.com\\\/coparmexjalisco\",\"https:\\\/\\\/mx.linkedin.com\\\/company\\\/coparmex-jalisco\",\"https:\\\/\\\/www.youtube.com\\\/c\\\/CoparmexJaliscomx\"]},{\"@type\":\"Person\",\"@id\":\"https:\\\/\\\/coparmexjal.org.mx\\\/entorno-empresarial\\\/#\\\/schema\\\/person\\\/7d1d56a9587bfb3a725cd3dbfbdb9d44\",\"name\":\"Coparmex Jalisco\",\"image\":{\"@type\":\"ImageObject\",\"inLanguage\":\"es\",\"@id\":\"https:\\\/\\\/coparmexjal.org.mx\\\/entorno-empresarial\\\/wp-content\\\/uploads\\\/2020\\\/06\\\/favicon-150x133.png\",\"url\":\"https:\\\/\\\/coparmexjal.org.mx\\\/entorno-empresarial\\\/wp-content\\\/uploads\\\/2020\\\/06\\\/favicon-150x133.png\",\"contentUrl\":\"https:\\\/\\\/coparmexjal.org.mx\\\/entorno-empresarial\\\/wp-content\\\/uploads\\\/2020\\\/06\\\/favicon-150x133.png\",\"caption\":\"Coparmex Jalisco\"},\"url\":\"https:\\\/\\\/coparmexjal.org.mx\\\/entorno-empresarial\\\/author\\\/coparmexjalisco\\\/\"}]}<\/script>\n<!-- \/ Yoast SEO plugin. -->","yoast_head_json":{"title":"Desarrollan J\u00f3venes Empresarios, foro en Defensa de la Democracia - Entorno Empresarial","robots":{"index":"index","follow":"follow","max-snippet":"max-snippet:-1","max-image-preview":"max-image-preview:large","max-video-preview":"max-video-preview:-1"},"canonical":"https:\/\/coparmexjal.org.mx\/entorno-empresarial\/desarrollan-jovenes-empresarios-foro-en-defensa-de-la-democracia\/","og_locale":"es_MX","og_type":"article","og_title":"Desarrollan J\u00f3venes Empresarios, foro en Defensa de la Democracia - Entorno Empresarial","og_description":"Entre los ponentes destacaron legisladores de seis partidos pol\u00edticos para argumentar hacia d\u00f3nde se encamina la propuesta de la Reforma Electoral Asimismo, se realiz\u00f3 un","og_url":"https:\/\/coparmexjal.org.mx\/entorno-empresarial\/desarrollan-jovenes-empresarios-foro-en-defensa-de-la-democracia\/","og_site_name":"Entorno Empresarial","article_publisher":"https:\/\/facebook.com\/comcoparmex","article_published_time":"2022-08-16T21:37:14+00:00","article_modified_time":"2022-08-16T21:37:24+00:00","og_image":[{"width":1200,"height":800,"url":"https:\/\/coparmexjal.org.mx\/entorno-empresarial\/wp-content\/uploads\/2022\/08\/1.jpeg","type":"image\/jpeg"}],"author":"Coparmex Jalisco","twitter_card":"summary_large_image","twitter_creator":"@comcoparmex","twitter_site":"@comcoparmex","twitter_misc":{"Escrito por":"Coparmex Jalisco","Tiempo de lectura":"5 minutos"},"schema":{"@context":"https:\/\/schema.org","@graph":[{"@type":"Article","@id":"https:\/\/coparmexjal.org.mx\/entorno-empresarial\/desarrollan-jovenes-empresarios-foro-en-defensa-de-la-democracia\/#article","isPartOf":{"@id":"https:\/\/coparmexjal.org.mx\/entorno-empresarial\/desarrollan-jovenes-empresarios-foro-en-defensa-de-la-democracia\/"},"author":{"name":"Coparmex Jalisco","@id":"https:\/\/coparmexjal.org.mx\/entorno-empresarial\/#\/schema\/person\/7d1d56a9587bfb3a725cd3dbfbdb9d44"},"headline":"Desarrollan J\u00f3venes Empresarios, foro en Defensa de la Democracia","datePublished":"2022-08-16T21:37:14+00:00","dateModified":"2022-08-16T21:37:24+00:00","mainEntityOfPage":{"@id":"https:\/\/coparmexjal.org.mx\/entorno-empresarial\/desarrollan-jovenes-empresarios-foro-en-defensa-de-la-democracia\/"},"wordCount":1057,"commentCount":0,"publisher":{"@id":"https:\/\/coparmexjal.org.mx\/entorno-empresarial\/#organization"},"image":{"@id":"https:\/\/coparmexjal.org.mx\/entorno-empresarial\/desarrollan-jovenes-empresarios-foro-en-defensa-de-la-democracia\/#primaryimage"},"thumbnailUrl":"https:\/\/coparmexjal.org.mx\/entorno-empresarial\/wp-content\/uploads\/2022\/08\/1.jpeg","keywords":["coparmex jalisco","Democracia","Electoral","j\u00f3venes"],"articleSection":["Noticias"],"inLanguage":"es","potentialAction":[{"@type":"CommentAction","name":"Comment","target":["https:\/\/coparmexjal.org.mx\/entorno-empresarial\/desarrollan-jovenes-empresarios-foro-en-defensa-de-la-democracia\/#respond"]}]},{"@type":"WebPage","@id":"https:\/\/coparmexjal.org.mx\/entorno-empresarial\/desarrollan-jovenes-empresarios-foro-en-defensa-de-la-democracia\/","url":"https:\/\/coparmexjal.org.mx\/entorno-empresarial\/desarrollan-jovenes-empresarios-foro-en-defensa-de-la-democracia\/","name":"Desarrollan J\u00f3venes Empresarios, foro en Defensa de la Democracia - Entorno Empresarial","isPartOf":{"@id":"https:\/\/coparmexjal.org.mx\/entorno-empresarial\/#website"},"primaryImageOfPage":{"@id":"https:\/\/coparmexjal.org.mx\/entorno-empresarial\/desarrollan-jovenes-empresarios-foro-en-defensa-de-la-democracia\/#primaryimage"},"image":{"@id":"https:\/\/coparmexjal.org.mx\/entorno-empresarial\/desarrollan-jovenes-empresarios-foro-en-defensa-de-la-democracia\/#primaryimage"},"thumbnailUrl":"https:\/\/coparmexjal.org.mx\/entorno-empresarial\/wp-content\/uploads\/2022\/08\/1.jpeg","datePublished":"2022-08-16T21:37:14+00:00","dateModified":"2022-08-16T21:37:24+00:00","breadcrumb":{"@id":"https:\/\/coparmexjal.org.mx\/entorno-empresarial\/desarrollan-jovenes-empresarios-foro-en-defensa-de-la-democracia\/#breadcrumb"},"inLanguage":"es","potentialAction":[{"@type":"ReadAction","target":["https:\/\/coparmexjal.org.mx\/entorno-empresarial\/desarrollan-jovenes-empresarios-foro-en-defensa-de-la-democracia\/"]}]},{"@type":"ImageObject","inLanguage":"es","@id":"https:\/\/coparmexjal.org.mx\/entorno-empresarial\/desarrollan-jovenes-empresarios-foro-en-defensa-de-la-democracia\/#primaryimage","url":"https:\/\/coparmexjal.org.mx\/entorno-empresarial\/wp-content\/uploads\/2022\/08\/1.jpeg","contentUrl":"https:\/\/coparmexjal.org.mx\/entorno-empresarial\/wp-content\/uploads\/2022\/08\/1.jpeg","width":1200,"height":800},{"@type":"BreadcrumbList","@id":"https:\/\/coparmexjal.org.mx\/entorno-empresarial\/desarrollan-jovenes-empresarios-foro-en-defensa-de-la-democracia\/#breadcrumb","itemListElement":[{"@type":"ListItem","position":1,"name":"Inicio","item":"https:\/\/coparmexjal.org.mx\/entorno-empresarial\/"},{"@type":"ListItem","position":2,"name":"Desarrollan J\u00f3venes Empresarios, foro en Defensa de la Democracia"}]},{"@type":"WebSite","@id":"https:\/\/coparmexjal.org.mx\/entorno-empresarial\/#website","url":"https:\/\/coparmexjal.org.mx\/entorno-empresarial\/","name":"Revista Entorno Empresarial","description":"Coparmex Jalisco","publisher":{"@id":"https:\/\/coparmexjal.org.mx\/entorno-empresarial\/#organization"},"potentialAction":[{"@type":"SearchAction","target":{"@type":"EntryPoint","urlTemplate":"https:\/\/coparmexjal.org.mx\/entorno-empresarial\/?s={search_term_string}"},"query-input":{"@type":"PropertyValueSpecification","valueRequired":true,"valueName":"search_term_string"}}],"inLanguage":"es"},{"@type":"Organization","@id":"https:\/\/coparmexjal.org.mx\/entorno-empresarial\/#organization","name":"Coparmex Jalisco","url":"https:\/\/coparmexjal.org.mx\/entorno-empresarial\/","logo":{"@type":"ImageObject","inLanguage":"es","@id":"https:\/\/coparmexjal.org.mx\/entorno-empresarial\/#\/schema\/logo\/image\/","url":"https:\/\/coparmexjal.org.mx\/entorno-empresarial\/wp-content\/uploads\/2020\/02\/logo-amp.png","contentUrl":"https:\/\/coparmexjal.org.mx\/entorno-empresarial\/wp-content\/uploads\/2020\/02\/logo-amp.png","width":120,"height":90,"caption":"Coparmex Jalisco"},"image":{"@id":"https:\/\/coparmexjal.org.mx\/entorno-empresarial\/#\/schema\/logo\/image\/"},"sameAs":["https:\/\/facebook.com\/comcoparmex","https:\/\/x.com\/comcoparmex","http:\/\/instagram.com\/coparmexjalisco","https:\/\/mx.linkedin.com\/company\/coparmex-jalisco","https:\/\/www.youtube.com\/c\/CoparmexJaliscomx"]},{"@type":"Person","@id":"https:\/\/coparmexjal.org.mx\/entorno-empresarial\/#\/schema\/person\/7d1d56a9587bfb3a725cd3dbfbdb9d44","name":"Coparmex Jalisco","image":{"@type":"ImageObject","inLanguage":"es","@id":"https:\/\/coparmexjal.org.mx\/entorno-empresarial\/wp-content\/uploads\/2020\/06\/favicon-150x133.png","url":"https:\/\/coparmexjal.org.mx\/entorno-empresarial\/wp-content\/uploads\/2020\/06\/favicon-150x133.png","contentUrl":"https:\/\/coparmexjal.org.mx\/entorno-empresarial\/wp-content\/uploads\/2020\/06\/favicon-150x133.png","caption":"Coparmex Jalisco"},"url":"https:\/\/coparmexjal.org.mx\/entorno-empresarial\/author\/coparmexjalisco\/"}]}},"_links":{"self":[{"href":"https:\/\/coparmexjal.org.mx\/entorno-empresarial\/wp-json\/wp\/v2\/posts\/6776","targetHints":{"allow":["GET"]}}],"collection":[{"href":"https:\/\/coparmexjal.org.mx\/entorno-empresarial\/wp-json\/wp\/v2\/posts"}],"about":[{"href":"https:\/\/coparmexjal.org.mx\/entorno-empresarial\/wp-json\/wp\/v2\/types\/post"}],"author":[{"embeddable":true,"href":"https:\/\/coparmexjal.org.mx\/entorno-empresarial\/wp-json\/wp\/v2\/users\/2"}],"replies":[{"embeddable":true,"href":"https:\/\/coparmexjal.org.mx\/entorno-empresarial\/wp-json\/wp\/v2\/comments?post=6776"}],"version-history":[{"count":2,"href":"https:\/\/coparmexjal.org.mx\/entorno-empresarial\/wp-json\/wp\/v2\/posts\/6776\/revisions"}],"predecessor-version":[{"id":6781,"href":"https:\/\/coparmexjal.org.mx\/entorno-empresarial\/wp-json\/wp\/v2\/posts\/6776\/revisions\/6781"}],"wp:featuredmedia":[{"embeddable":true,"href":"https:\/\/coparmexjal.org.mx\/entorno-empresarial\/wp-json\/wp\/v2\/media\/6780"}],"wp:attachment":[{"href":"https:\/\/coparmexjal.org.mx\/entorno-empresarial\/wp-json\/wp\/v2\/media?parent=6776"}],"wp:term":[{"taxonomy":"category","embeddable":true,"href":"https:\/\/coparmexjal.org.mx\/entorno-empresarial\/wp-json\/wp\/v2\/categories?post=6776"},{"taxonomy":"post_tag","embeddable":true,"href":"https:\/\/coparmexjal.org.mx\/entorno-empresarial\/wp-json\/wp\/v2\/tags?post=6776"}],"curies":[{"name":"wp","href":"https:\/\/api.w.org\/{rel}","templated":true}]}}