{"id":6762,"date":"2022-08-05T11:35:00","date_gmt":"2022-08-05T16:35:00","guid":{"rendered":"https:\/\/coparmexjal.org.mx\/entorno-empresarial\/?p=6762"},"modified":"2022-08-09T11:35:08","modified_gmt":"2022-08-09T16:35:08","slug":"de-lwow-a-leon","status":"publish","type":"post","link":"https:\/\/coparmexjal.org.mx\/entorno-empresarial\/de-lwow-a-leon\/","title":{"rendered":"De Lw\u00f3w a Le\u00f3n. Un testimonio de hero\u00edsmo, fe, valor y nobleza."},"content":{"rendered":"\n<ul class=\"wp-block-list\"><li>La historia de un hombre que trajo a M\u00e9xico a cientos de polacos durante la Segunda Guerra Mundial, un relato que ayuda a entender el actual conflicto en Ucrania.<\/li><\/ul>\n\n\n\n<p>Esta obra es un apasionante relato que ofrece una historia personal repleta de acontecimientos tr\u00e1gicos y, a la vez, rica en situaciones afortunadas que son las que permitieron a Wladyslaw Rattinger, Slaw, sobrevivir y ayudar a m\u00e1s de 700 polacos, de los cuales muchos eran ni\u00f1os hu\u00e9rfanos, a llegar y establecerse en la ciudad de Le\u00f3n, en el estado de Guanajuato, durante la Segunda Guerra Mundial. Hechos que se van entretejiendo en una narraci\u00f3n contada al ritmo de una novela pero\u00a0que bien podr\u00eda ser un reportaje period\u00edstico, ya que nos va conduciendo por las entra\u00f1as de lo que fue la invasi\u00f3n nazi a Polonia, la ocupaci\u00f3n sovi\u00e9tica y las terribles consecuencias que tuvo para esa parte del mundo y su gente.<\/p>\n\n\n\n<p>Andrzej Rattinger, el hijo mayor de Slaw, se dio a la tarea de transcribir los testimonios que grab\u00f3 hacia el final de su vida, de leer decenas de libros para corroborar datos, analizar minuciosamente mapas antiguos y actuales y, as\u00ed, comprender mejor el recorrido de vida de su padre.<\/p>\n\n\n\n<p>Slaw naci\u00f3 en Lw\u00f3w, que ir\u00f3nicamente quiere decir \u201cle\u00f3n\u201d en polaco. Se localiza entre el camino entre Europa Central y el Medio Oriente, lo que en la Edad Media se conoc\u00eda como el \u201cCamino de la Sal\u201d, y fue una de las ciudades m\u00e1s importantes de la Mancomunidad Polaco-Lituana en el siglo XVIII y, despu\u00e9s de la Segunda Guerra Mundial, con el desplazamiento de las fronteras polacas y ucranianas como resultado del Tratado de Yalta, se convirti\u00f3 en ciudad ucraniana y desde entonces se le conoce como Lviv.<\/p>\n\n\n\n<p>Este texto de gran actualidad, dada la invasi\u00f3n rusa a Ucrania nos da muchas de las claves para comprender la obsesi\u00f3n de la potencia por una de las rep\u00fablicas que fue una de sus aliadas.<\/p>\n\n\n\n<p>A los ocho a\u00f1os, Slaw vivi\u00f3 su primera experiencia de terror en la guerra polaco-sovi\u00e9tica, con los t\u00e1rtaros y los cosacos corriendo a galope por las calles atacando a civiles. En la Segunda Guerra Mundial, aunque fue prisionero, escap\u00f3 y sobrevivi\u00f3 de milagro.<\/p>\n\n\n\n<p>\u201cRusia hab\u00eda apu\u00f1alado a Polonia por la espalda. Pero no fue sino hasta despu\u00e9s de la guerra que me enter\u00e9 de las verdaderas dimensiones de la traici\u00f3n sovi\u00e9tica\u201d, nos cuenta Rattinger.<\/p>\n\n\n\n<p>Mientras los rusos destru\u00edan el pa\u00eds poco a poco, a Slaw se le present\u00f3 la oportunidad de unirse a la resistencia. Ah\u00ed empez\u00f3 el verdadero calvario y la sucesi\u00f3n de traslados, de situaciones dif\u00edciles y otras afortunadas que fueron las que lo trajeron a M\u00e9xico en una misi\u00f3n que el ej\u00e9rcito le asign\u00f3.<\/p>\n\n\n\n<p>En M\u00e9xico continu\u00f3 su vida, form\u00f3 una familia, tuvo diversos trabajos en Le\u00f3n, la Ciudad de M\u00e9xico y Guadalajara, busc\u00f3 y logr\u00f3 adaptarse al pa\u00eds que lo acogi\u00f3 a pesar de que no conoc\u00eda el idioma y la cultura, hizo grandes amigos y solo regres\u00f3 a Polonia cuando cay\u00f3 el sistema comunista, ya demasiado tarde para encontrar a su madre viva.<\/p>\n\n\n\n<p>Este es un testimonio de una vida rica que nos alienta a no perder la esperanza en el ser humano a pesar de que se desarrolla de nuevo una guerra en esa zona del mundo. Nos queda la ilusi\u00f3n de que, mientras haya personas como Slaw, el mundo todav\u00eda puede tener una esperanza de paz.<\/p>\n","protected":false},"excerpt":{"rendered":"<p>La historia de un hombre que trajo a M\u00e9xico a cientos de polacos durante la Segunda Guerra Mundial, un relato que ayuda a entender el actual conflicto en Ucrania.<\/p>\n","protected":false},"author":8,"featured_media":6763,"comment_status":"open","ping_status":"open","sticky":false,"template":"","format":"standard","meta":{"footnotes":""},"categories":[159],"tags":[1256,1253,423,1252,1251,1255,1254],"class_list":["post-6762","post","type-post","status-publish","format-standard","has-post-thumbnail","hentry","category-letras","tag-historia","tag-invasion-rusa","tag-lid-editorial","tag-polacos","tag-segunda-guerra-mundial","tag-testimonio","tag-ucrania"],"yoast_head":"<!-- This site is optimized with the Yoast SEO plugin v27.5 - https:\/\/yoast.com\/product\/yoast-seo-wordpress\/ -->\n<title>De Lw\u00f3w a Le\u00f3n. Un testimonio de hero\u00edsmo, fe, valor y nobleza.<\/title>\n<meta name=\"description\" content=\"Un hombre que trajo a M\u00e9xico a cientos de polacos durante la II Guerra Mundial, un relato que ayuda a entender el actual conflicto en Ucrania.\" \/>\n<meta name=\"robots\" content=\"index, follow, max-snippet:-1, max-image-preview:large, max-video-preview:-1\" \/>\n<link rel=\"canonical\" href=\"https:\/\/coparmexjal.org.mx\/entorno-empresarial\/de-lwow-a-leon\/\" \/>\n<meta property=\"og:locale\" content=\"es_MX\" \/>\n<meta property=\"og:type\" content=\"article\" \/>\n<meta property=\"og:title\" content=\"De Lw\u00f3w a Le\u00f3n. Un testimonio de hero\u00edsmo, fe, valor y nobleza.\" \/>\n<meta property=\"og:description\" content=\"Un hombre que trajo a M\u00e9xico a cientos de polacos durante la II Guerra Mundial, un relato que ayuda a entender el actual conflicto en Ucrania.\" \/>\n<meta property=\"og:url\" content=\"https:\/\/coparmexjal.org.mx\/entorno-empresarial\/de-lwow-a-leon\/\" \/>\n<meta property=\"og:site_name\" content=\"Entorno Empresarial\" \/>\n<meta property=\"article:publisher\" content=\"https:\/\/facebook.com\/comcoparmex\" \/>\n<meta property=\"article:published_time\" content=\"2022-08-05T16:35:00+00:00\" \/>\n<meta property=\"article:modified_time\" content=\"2022-08-09T16:35:08+00:00\" \/>\n<meta property=\"og:image\" content=\"https:\/\/coparmexjal.org.mx\/entorno-empresarial\/wp-content\/uploads\/2022\/08\/book.jpg\" \/>\n\t<meta property=\"og:image:width\" content=\"720\" \/>\n\t<meta property=\"og:image:height\" content=\"480\" \/>\n\t<meta property=\"og:image:type\" content=\"image\/jpeg\" \/>\n<meta name=\"author\" content=\"Bertha In\u00e9s Herrer\u00edas Franco\" \/>\n<meta name=\"twitter:card\" content=\"summary_large_image\" \/>\n<meta name=\"twitter:creator\" content=\"@comcoparmex\" \/>\n<meta name=\"twitter:site\" content=\"@comcoparmex\" \/>\n<meta name=\"twitter:label1\" content=\"Escrito por\" \/>\n\t<meta name=\"twitter:data1\" content=\"Bertha In\u00e9s Herrer\u00edas Franco\" \/>\n\t<meta name=\"twitter:label2\" content=\"Tiempo de lectura\" \/>\n\t<meta name=\"twitter:data2\" content=\"3 minutos\" \/>\n<script type=\"application\/ld+json\" class=\"yoast-schema-graph\">{\"@context\":\"https:\\\/\\\/schema.org\",\"@graph\":[{\"@type\":\"Article\",\"@id\":\"https:\\\/\\\/coparmexjal.org.mx\\\/entorno-empresarial\\\/de-lwow-a-leon\\\/#article\",\"isPartOf\":{\"@id\":\"https:\\\/\\\/coparmexjal.org.mx\\\/entorno-empresarial\\\/de-lwow-a-leon\\\/\"},\"author\":{\"name\":\"Bertha In\u00e9s Herrer\u00edas Franco\",\"@id\":\"https:\\\/\\\/coparmexjal.org.mx\\\/entorno-empresarial\\\/#\\\/schema\\\/person\\\/a5631197d27621bced2324279987e56a\"},\"headline\":\"De Lw\u00f3w a Le\u00f3n. Un testimonio de hero\u00edsmo, fe, valor y nobleza.\",\"datePublished\":\"2022-08-05T16:35:00+00:00\",\"dateModified\":\"2022-08-09T16:35:08+00:00\",\"mainEntityOfPage\":{\"@id\":\"https:\\\/\\\/coparmexjal.org.mx\\\/entorno-empresarial\\\/de-lwow-a-leon\\\/\"},\"wordCount\":624,\"commentCount\":0,\"publisher\":{\"@id\":\"https:\\\/\\\/coparmexjal.org.mx\\\/entorno-empresarial\\\/#organization\"},\"image\":{\"@id\":\"https:\\\/\\\/coparmexjal.org.mx\\\/entorno-empresarial\\\/de-lwow-a-leon\\\/#primaryimage\"},\"thumbnailUrl\":\"https:\\\/\\\/coparmexjal.org.mx\\\/entorno-empresarial\\\/wp-content\\\/uploads\\\/2022\\\/08\\\/book.jpg\",\"keywords\":[\"historia\",\"invasi\u00f3n rusa\",\"LID Editorial\",\"polacos\",\"Segunda Guerra Mundial\",\"testimonio\",\"Ucrania\"],\"articleSection\":[\"Letras\"],\"inLanguage\":\"es\",\"potentialAction\":[{\"@type\":\"CommentAction\",\"name\":\"Comment\",\"target\":[\"https:\\\/\\\/coparmexjal.org.mx\\\/entorno-empresarial\\\/de-lwow-a-leon\\\/#respond\"]}]},{\"@type\":\"WebPage\",\"@id\":\"https:\\\/\\\/coparmexjal.org.mx\\\/entorno-empresarial\\\/de-lwow-a-leon\\\/\",\"url\":\"https:\\\/\\\/coparmexjal.org.mx\\\/entorno-empresarial\\\/de-lwow-a-leon\\\/\",\"name\":\"De Lw\u00f3w a Le\u00f3n. Un testimonio de hero\u00edsmo, fe, valor y nobleza.\",\"isPartOf\":{\"@id\":\"https:\\\/\\\/coparmexjal.org.mx\\\/entorno-empresarial\\\/#website\"},\"primaryImageOfPage\":{\"@id\":\"https:\\\/\\\/coparmexjal.org.mx\\\/entorno-empresarial\\\/de-lwow-a-leon\\\/#primaryimage\"},\"image\":{\"@id\":\"https:\\\/\\\/coparmexjal.org.mx\\\/entorno-empresarial\\\/de-lwow-a-leon\\\/#primaryimage\"},\"thumbnailUrl\":\"https:\\\/\\\/coparmexjal.org.mx\\\/entorno-empresarial\\\/wp-content\\\/uploads\\\/2022\\\/08\\\/book.jpg\",\"datePublished\":\"2022-08-05T16:35:00+00:00\",\"dateModified\":\"2022-08-09T16:35:08+00:00\",\"description\":\"Un hombre que trajo a M\u00e9xico a cientos de polacos durante la II Guerra Mundial, un relato que ayuda a entender el actual conflicto en Ucrania.\",\"breadcrumb\":{\"@id\":\"https:\\\/\\\/coparmexjal.org.mx\\\/entorno-empresarial\\\/de-lwow-a-leon\\\/#breadcrumb\"},\"inLanguage\":\"es\",\"potentialAction\":[{\"@type\":\"ReadAction\",\"target\":[\"https:\\\/\\\/coparmexjal.org.mx\\\/entorno-empresarial\\\/de-lwow-a-leon\\\/\"]}]},{\"@type\":\"ImageObject\",\"inLanguage\":\"es\",\"@id\":\"https:\\\/\\\/coparmexjal.org.mx\\\/entorno-empresarial\\\/de-lwow-a-leon\\\/#primaryimage\",\"url\":\"https:\\\/\\\/coparmexjal.org.mx\\\/entorno-empresarial\\\/wp-content\\\/uploads\\\/2022\\\/08\\\/book.jpg\",\"contentUrl\":\"https:\\\/\\\/coparmexjal.org.mx\\\/entorno-empresarial\\\/wp-content\\\/uploads\\\/2022\\\/08\\\/book.jpg\",\"width\":720,\"height\":480},{\"@type\":\"BreadcrumbList\",\"@id\":\"https:\\\/\\\/coparmexjal.org.mx\\\/entorno-empresarial\\\/de-lwow-a-leon\\\/#breadcrumb\",\"itemListElement\":[{\"@type\":\"ListItem\",\"position\":1,\"name\":\"Inicio\",\"item\":\"https:\\\/\\\/coparmexjal.org.mx\\\/entorno-empresarial\\\/\"},{\"@type\":\"ListItem\",\"position\":2,\"name\":\"De Lw\u00f3w a Le\u00f3n. Un testimonio de hero\u00edsmo, fe, valor y nobleza.\"}]},{\"@type\":\"WebSite\",\"@id\":\"https:\\\/\\\/coparmexjal.org.mx\\\/entorno-empresarial\\\/#website\",\"url\":\"https:\\\/\\\/coparmexjal.org.mx\\\/entorno-empresarial\\\/\",\"name\":\"Revista Entorno Empresarial\",\"description\":\"Coparmex Jalisco\",\"publisher\":{\"@id\":\"https:\\\/\\\/coparmexjal.org.mx\\\/entorno-empresarial\\\/#organization\"},\"potentialAction\":[{\"@type\":\"SearchAction\",\"target\":{\"@type\":\"EntryPoint\",\"urlTemplate\":\"https:\\\/\\\/coparmexjal.org.mx\\\/entorno-empresarial\\\/?s={search_term_string}\"},\"query-input\":{\"@type\":\"PropertyValueSpecification\",\"valueRequired\":true,\"valueName\":\"search_term_string\"}}],\"inLanguage\":\"es\"},{\"@type\":\"Organization\",\"@id\":\"https:\\\/\\\/coparmexjal.org.mx\\\/entorno-empresarial\\\/#organization\",\"name\":\"Coparmex Jalisco\",\"url\":\"https:\\\/\\\/coparmexjal.org.mx\\\/entorno-empresarial\\\/\",\"logo\":{\"@type\":\"ImageObject\",\"inLanguage\":\"es\",\"@id\":\"https:\\\/\\\/coparmexjal.org.mx\\\/entorno-empresarial\\\/#\\\/schema\\\/logo\\\/image\\\/\",\"url\":\"https:\\\/\\\/coparmexjal.org.mx\\\/entorno-empresarial\\\/wp-content\\\/uploads\\\/2020\\\/02\\\/logo-amp.png\",\"contentUrl\":\"https:\\\/\\\/coparmexjal.org.mx\\\/entorno-empresarial\\\/wp-content\\\/uploads\\\/2020\\\/02\\\/logo-amp.png\",\"width\":120,\"height\":90,\"caption\":\"Coparmex Jalisco\"},\"image\":{\"@id\":\"https:\\\/\\\/coparmexjal.org.mx\\\/entorno-empresarial\\\/#\\\/schema\\\/logo\\\/image\\\/\"},\"sameAs\":[\"https:\\\/\\\/facebook.com\\\/comcoparmex\",\"https:\\\/\\\/x.com\\\/comcoparmex\",\"http:\\\/\\\/instagram.com\\\/coparmexjalisco\",\"https:\\\/\\\/mx.linkedin.com\\\/company\\\/coparmex-jalisco\",\"https:\\\/\\\/www.youtube.com\\\/c\\\/CoparmexJaliscomx\"]},{\"@type\":\"Person\",\"@id\":\"https:\\\/\\\/coparmexjal.org.mx\\\/entorno-empresarial\\\/#\\\/schema\\\/person\\\/a5631197d27621bced2324279987e56a\",\"name\":\"Bertha In\u00e9s Herrer\u00edas Franco\",\"image\":{\"@type\":\"ImageObject\",\"inLanguage\":\"es\",\"@id\":\"https:\\\/\\\/coparmexjal.org.mx\\\/entorno-empresarial\\\/wp-content\\\/uploads\\\/2020\\\/06\\\/lid-150x150.jpg\",\"url\":\"https:\\\/\\\/coparmexjal.org.mx\\\/entorno-empresarial\\\/wp-content\\\/uploads\\\/2020\\\/06\\\/lid-150x150.jpg\",\"contentUrl\":\"https:\\\/\\\/coparmexjal.org.mx\\\/entorno-empresarial\\\/wp-content\\\/uploads\\\/2020\\\/06\\\/lid-150x150.jpg\",\"caption\":\"Bertha In\u00e9s Herrer\u00edas Franco\"},\"description\":\"Gerente de comunicaci\u00f3n de LID Editorial Mexicana\",\"sameAs\":[\"https:\\\/\\\/www.lideditorial.com\"],\"url\":\"https:\\\/\\\/coparmexjal.org.mx\\\/entorno-empresarial\\\/author\\\/bertha-herrerias\\\/\"}]}<\/script>\n<!-- \/ Yoast SEO plugin. -->","yoast_head_json":{"title":"De Lw\u00f3w a Le\u00f3n. Un testimonio de hero\u00edsmo, fe, valor y nobleza.","description":"Un hombre que trajo a M\u00e9xico a cientos de polacos durante la II Guerra Mundial, un relato que ayuda a entender el actual conflicto en Ucrania.","robots":{"index":"index","follow":"follow","max-snippet":"max-snippet:-1","max-image-preview":"max-image-preview:large","max-video-preview":"max-video-preview:-1"},"canonical":"https:\/\/coparmexjal.org.mx\/entorno-empresarial\/de-lwow-a-leon\/","og_locale":"es_MX","og_type":"article","og_title":"De Lw\u00f3w a Le\u00f3n. Un testimonio de hero\u00edsmo, fe, valor y nobleza.","og_description":"Un hombre que trajo a M\u00e9xico a cientos de polacos durante la II Guerra Mundial, un relato que ayuda a entender el actual conflicto en Ucrania.","og_url":"https:\/\/coparmexjal.org.mx\/entorno-empresarial\/de-lwow-a-leon\/","og_site_name":"Entorno Empresarial","article_publisher":"https:\/\/facebook.com\/comcoparmex","article_published_time":"2022-08-05T16:35:00+00:00","article_modified_time":"2022-08-09T16:35:08+00:00","og_image":[{"width":720,"height":480,"url":"https:\/\/coparmexjal.org.mx\/entorno-empresarial\/wp-content\/uploads\/2022\/08\/book.jpg","type":"image\/jpeg"}],"author":"Bertha In\u00e9s Herrer\u00edas Franco","twitter_card":"summary_large_image","twitter_creator":"@comcoparmex","twitter_site":"@comcoparmex","twitter_misc":{"Escrito por":"Bertha In\u00e9s Herrer\u00edas Franco","Tiempo de lectura":"3 minutos"},"schema":{"@context":"https:\/\/schema.org","@graph":[{"@type":"Article","@id":"https:\/\/coparmexjal.org.mx\/entorno-empresarial\/de-lwow-a-leon\/#article","isPartOf":{"@id":"https:\/\/coparmexjal.org.mx\/entorno-empresarial\/de-lwow-a-leon\/"},"author":{"name":"Bertha In\u00e9s Herrer\u00edas Franco","@id":"https:\/\/coparmexjal.org.mx\/entorno-empresarial\/#\/schema\/person\/a5631197d27621bced2324279987e56a"},"headline":"De Lw\u00f3w a Le\u00f3n. Un testimonio de hero\u00edsmo, fe, valor y nobleza.","datePublished":"2022-08-05T16:35:00+00:00","dateModified":"2022-08-09T16:35:08+00:00","mainEntityOfPage":{"@id":"https:\/\/coparmexjal.org.mx\/entorno-empresarial\/de-lwow-a-leon\/"},"wordCount":624,"commentCount":0,"publisher":{"@id":"https:\/\/coparmexjal.org.mx\/entorno-empresarial\/#organization"},"image":{"@id":"https:\/\/coparmexjal.org.mx\/entorno-empresarial\/de-lwow-a-leon\/#primaryimage"},"thumbnailUrl":"https:\/\/coparmexjal.org.mx\/entorno-empresarial\/wp-content\/uploads\/2022\/08\/book.jpg","keywords":["historia","invasi\u00f3n rusa","LID Editorial","polacos","Segunda Guerra Mundial","testimonio","Ucrania"],"articleSection":["Letras"],"inLanguage":"es","potentialAction":[{"@type":"CommentAction","name":"Comment","target":["https:\/\/coparmexjal.org.mx\/entorno-empresarial\/de-lwow-a-leon\/#respond"]}]},{"@type":"WebPage","@id":"https:\/\/coparmexjal.org.mx\/entorno-empresarial\/de-lwow-a-leon\/","url":"https:\/\/coparmexjal.org.mx\/entorno-empresarial\/de-lwow-a-leon\/","name":"De Lw\u00f3w a Le\u00f3n. Un testimonio de hero\u00edsmo, fe, valor y nobleza.","isPartOf":{"@id":"https:\/\/coparmexjal.org.mx\/entorno-empresarial\/#website"},"primaryImageOfPage":{"@id":"https:\/\/coparmexjal.org.mx\/entorno-empresarial\/de-lwow-a-leon\/#primaryimage"},"image":{"@id":"https:\/\/coparmexjal.org.mx\/entorno-empresarial\/de-lwow-a-leon\/#primaryimage"},"thumbnailUrl":"https:\/\/coparmexjal.org.mx\/entorno-empresarial\/wp-content\/uploads\/2022\/08\/book.jpg","datePublished":"2022-08-05T16:35:00+00:00","dateModified":"2022-08-09T16:35:08+00:00","description":"Un hombre que trajo a M\u00e9xico a cientos de polacos durante la II Guerra Mundial, un relato que ayuda a entender el actual conflicto en Ucrania.","breadcrumb":{"@id":"https:\/\/coparmexjal.org.mx\/entorno-empresarial\/de-lwow-a-leon\/#breadcrumb"},"inLanguage":"es","potentialAction":[{"@type":"ReadAction","target":["https:\/\/coparmexjal.org.mx\/entorno-empresarial\/de-lwow-a-leon\/"]}]},{"@type":"ImageObject","inLanguage":"es","@id":"https:\/\/coparmexjal.org.mx\/entorno-empresarial\/de-lwow-a-leon\/#primaryimage","url":"https:\/\/coparmexjal.org.mx\/entorno-empresarial\/wp-content\/uploads\/2022\/08\/book.jpg","contentUrl":"https:\/\/coparmexjal.org.mx\/entorno-empresarial\/wp-content\/uploads\/2022\/08\/book.jpg","width":720,"height":480},{"@type":"BreadcrumbList","@id":"https:\/\/coparmexjal.org.mx\/entorno-empresarial\/de-lwow-a-leon\/#breadcrumb","itemListElement":[{"@type":"ListItem","position":1,"name":"Inicio","item":"https:\/\/coparmexjal.org.mx\/entorno-empresarial\/"},{"@type":"ListItem","position":2,"name":"De Lw\u00f3w a Le\u00f3n. Un testimonio de hero\u00edsmo, fe, valor y nobleza."}]},{"@type":"WebSite","@id":"https:\/\/coparmexjal.org.mx\/entorno-empresarial\/#website","url":"https:\/\/coparmexjal.org.mx\/entorno-empresarial\/","name":"Revista Entorno Empresarial","description":"Coparmex Jalisco","publisher":{"@id":"https:\/\/coparmexjal.org.mx\/entorno-empresarial\/#organization"},"potentialAction":[{"@type":"SearchAction","target":{"@type":"EntryPoint","urlTemplate":"https:\/\/coparmexjal.org.mx\/entorno-empresarial\/?s={search_term_string}"},"query-input":{"@type":"PropertyValueSpecification","valueRequired":true,"valueName":"search_term_string"}}],"inLanguage":"es"},{"@type":"Organization","@id":"https:\/\/coparmexjal.org.mx\/entorno-empresarial\/#organization","name":"Coparmex Jalisco","url":"https:\/\/coparmexjal.org.mx\/entorno-empresarial\/","logo":{"@type":"ImageObject","inLanguage":"es","@id":"https:\/\/coparmexjal.org.mx\/entorno-empresarial\/#\/schema\/logo\/image\/","url":"https:\/\/coparmexjal.org.mx\/entorno-empresarial\/wp-content\/uploads\/2020\/02\/logo-amp.png","contentUrl":"https:\/\/coparmexjal.org.mx\/entorno-empresarial\/wp-content\/uploads\/2020\/02\/logo-amp.png","width":120,"height":90,"caption":"Coparmex Jalisco"},"image":{"@id":"https:\/\/coparmexjal.org.mx\/entorno-empresarial\/#\/schema\/logo\/image\/"},"sameAs":["https:\/\/facebook.com\/comcoparmex","https:\/\/x.com\/comcoparmex","http:\/\/instagram.com\/coparmexjalisco","https:\/\/mx.linkedin.com\/company\/coparmex-jalisco","https:\/\/www.youtube.com\/c\/CoparmexJaliscomx"]},{"@type":"Person","@id":"https:\/\/coparmexjal.org.mx\/entorno-empresarial\/#\/schema\/person\/a5631197d27621bced2324279987e56a","name":"Bertha In\u00e9s Herrer\u00edas Franco","image":{"@type":"ImageObject","inLanguage":"es","@id":"https:\/\/coparmexjal.org.mx\/entorno-empresarial\/wp-content\/uploads\/2020\/06\/lid-150x150.jpg","url":"https:\/\/coparmexjal.org.mx\/entorno-empresarial\/wp-content\/uploads\/2020\/06\/lid-150x150.jpg","contentUrl":"https:\/\/coparmexjal.org.mx\/entorno-empresarial\/wp-content\/uploads\/2020\/06\/lid-150x150.jpg","caption":"Bertha In\u00e9s Herrer\u00edas Franco"},"description":"Gerente de comunicaci\u00f3n de LID Editorial Mexicana","sameAs":["https:\/\/www.lideditorial.com"],"url":"https:\/\/coparmexjal.org.mx\/entorno-empresarial\/author\/bertha-herrerias\/"}]}},"_links":{"self":[{"href":"https:\/\/coparmexjal.org.mx\/entorno-empresarial\/wp-json\/wp\/v2\/posts\/6762","targetHints":{"allow":["GET"]}}],"collection":[{"href":"https:\/\/coparmexjal.org.mx\/entorno-empresarial\/wp-json\/wp\/v2\/posts"}],"about":[{"href":"https:\/\/coparmexjal.org.mx\/entorno-empresarial\/wp-json\/wp\/v2\/types\/post"}],"author":[{"embeddable":true,"href":"https:\/\/coparmexjal.org.mx\/entorno-empresarial\/wp-json\/wp\/v2\/users\/8"}],"replies":[{"embeddable":true,"href":"https:\/\/coparmexjal.org.mx\/entorno-empresarial\/wp-json\/wp\/v2\/comments?post=6762"}],"version-history":[{"count":1,"href":"https:\/\/coparmexjal.org.mx\/entorno-empresarial\/wp-json\/wp\/v2\/posts\/6762\/revisions"}],"predecessor-version":[{"id":6764,"href":"https:\/\/coparmexjal.org.mx\/entorno-empresarial\/wp-json\/wp\/v2\/posts\/6762\/revisions\/6764"}],"wp:featuredmedia":[{"embeddable":true,"href":"https:\/\/coparmexjal.org.mx\/entorno-empresarial\/wp-json\/wp\/v2\/media\/6763"}],"wp:attachment":[{"href":"https:\/\/coparmexjal.org.mx\/entorno-empresarial\/wp-json\/wp\/v2\/media?parent=6762"}],"wp:term":[{"taxonomy":"category","embeddable":true,"href":"https:\/\/coparmexjal.org.mx\/entorno-empresarial\/wp-json\/wp\/v2\/categories?post=6762"},{"taxonomy":"post_tag","embeddable":true,"href":"https:\/\/coparmexjal.org.mx\/entorno-empresarial\/wp-json\/wp\/v2\/tags?post=6762"}],"curies":[{"name":"wp","href":"https:\/\/api.w.org\/{rel}","templated":true}]}}