{"id":6750,"date":"2022-08-01T11:19:38","date_gmt":"2022-08-01T16:19:38","guid":{"rendered":"https:\/\/coparmexjal.org.mx\/entorno-empresarial\/?p=6750"},"modified":"2022-08-01T11:19:46","modified_gmt":"2022-08-01T16:19:46","slug":"plasmando-ideas-con-innovacion","status":"publish","type":"post","link":"https:\/\/coparmexjal.org.mx\/entorno-empresarial\/plasmando-ideas-con-innovacion\/","title":{"rendered":"<strong>Plasmando ideas con innovaci\u00f3n<\/strong>"},"content":{"rendered":"\n<p>Como parte de la segunda generaci\u00f3n del programa Insight Circles y siendo la \u00faltima sesi\u00f3n, el equipo de Pintarr\u00f3n Alfra nos recibi\u00f3 en sus instalaciones el pasado 19 de mayo donde nos platicaron c\u00f3mo han llegado a ser la empresa que son hoy y\u00a0 superar los retos que se le han presentado a lo largo de sus 40 a\u00f1os de trayectoria.<\/p>\n\n\n\n<p><\/p>\n\n\n\n<p>Pintarr\u00f3n Alfra es una empresa mexicana fundada en 1979 dedicada a la fabricaci\u00f3n y distribuci\u00f3n de productos de comunicaci\u00f3n visual, con sus m\u00e1s de 40 a\u00f1os de experiencia han logrado hacerse presente a nivel nacional con m\u00e1s de 1,000 puntos de venta en el pa\u00eds y de manera internacional estando presente en 14 pa\u00edses, con un portafolio de m\u00e1s de 400 productos los cuales se ofrecen con una garant\u00eda del 100%.<\/p>\n\n\n\n<p><\/p>\n\n\n\n<p>Alfra ha logrado una posici\u00f3n \u00fanica en el mercado gracias a sus pintarrones y es que estos surgieron gracias a la idea de su fundador Genaro Aldrete de crear una superficie donde se pueda escribir y borrar, que a la vez sea una superficie limpia y pulcra donde plasmar ideas. Despu\u00e9s de viajar por diferentes lugares del mundo para encontrar esta superficie, logr\u00f3 dise\u00f1ar un pizarr\u00f3n blanco que poco m\u00e1s tarde pasar\u00eda a ser llamado \u201cPintarr\u00f3n\u201d y que se convirti\u00f3 en su patente registrada.<\/p>\n\n\n\n<p><\/p>\n\n\n\n<p>Pero no bast\u00f3 con productos innovadores para llegar a ser la empresa de hoy en d\u00eda, una buena organizaci\u00f3n y una cultura fuerte aunada a cinco valores:<\/p>\n\n\n\n<ul class=\"wp-block-list\"><li>Marca (marcas y patentes)<\/li><li>Soporte (servicio post-venta y enfoque estrat\u00e9gico)<\/li><li>Proveedur\u00eda (proveedores exclusivos)<\/li><li>Capital humano (acompa\u00f1amiento a los colaboradores internos y externos)<\/li><\/ul>\n\n\n\n<p><\/p>\n\n\n\n<p>Tambi\u00e9n nos hablaron de c\u00f3mo lleg\u00f3 la pandemia y Pintarr\u00f3n Alfra enfrent\u00f3 grandes retos que lograron convertir en oportunidades de incursionar en nuevas lineas de negocio.<\/p>\n\n\n\n<p><\/p>\n\n\n\n<p>Entre sus procesos de innovaci\u00f3n, en Pintarr\u00f3n Alfra se establecieron dos diferentes; un modelo \u201cfast track\u201d y un modelo est\u00e1ndar, dentro de los cuales los proyectos son clasificados acorde a su periodo de entrega.<\/p>\n\n\n\n<p><\/p>\n\n\n\n<p>Sin embargo en Pintarr\u00f3n Alfra no dan por hecho la calidad, tanto que cuidan que sus entregas sean r\u00e1pidas adem\u00e1s manejan est\u00e1ndares internacionales en temas laborales, de seguridad industrial y salud en el trabajo, esto con el fin de que todo se haga bien y a la primera.<\/p>\n\n\n\n<p><\/p>\n\n\n\n<p>Agradecemos al equipo de Pintarr\u00f3n Alfra habernos abierto sus puertas y\u00a0 compartido sus conocimientos que sabemos ser\u00e1n aprovechados por todos los participantes del programa, adem\u00e1s de permitirnos aprender de su experiencia como una empresa l\u00edder del mercado.<\/p>\n\n\n\n<p><\/p>\n\n\n<div class=\"wp-block-image\">\n<figure class=\"aligncenter size-large is-resized\"><a href=\"https:\/\/coparmexjal.org.mx\/cpx\/programas-innovacion\/\"><img fetchpriority=\"high\" decoding=\"async\" src=\"https:\/\/coparmexjal.org.mx\/entorno-empresarial\/wp-content\/uploads\/2022\/08\/banner-insight-1024x510.jpg\" alt=\"\" class=\"wp-image-6752\" width=\"561\" height=\"279\" srcset=\"https:\/\/coparmexjal.org.mx\/entorno-empresarial\/wp-content\/uploads\/2022\/08\/banner-insight-1024x510.jpg 1024w, https:\/\/coparmexjal.org.mx\/entorno-empresarial\/wp-content\/uploads\/2022\/08\/banner-insight-300x149.jpg 300w, https:\/\/coparmexjal.org.mx\/entorno-empresarial\/wp-content\/uploads\/2022\/08\/banner-insight-768x382.jpg 768w, https:\/\/coparmexjal.org.mx\/entorno-empresarial\/wp-content\/uploads\/2022\/08\/banner-insight.jpg 1232w\" sizes=\"(max-width: 561px) 100vw, 561px\" \/><\/a><\/figure><\/div>","protected":false},"excerpt":{"rendered":"<p>Como parte de la segunda generaci\u00f3n del programa Insight Circles y siendo la \u00faltima sesi\u00f3n, el equipo de Pintarr\u00f3n Alfra nos recibi\u00f3 en sus instalaciones<\/p>\n","protected":false},"author":85,"featured_media":6751,"comment_status":"open","ping_status":"open","sticky":false,"template":"","format":"standard","meta":{"footnotes":""},"categories":[152,495],"tags":[1248,551,1128,1250,285,1108,1249],"class_list":["post-6750","post","type-post","status-publish","format-standard","has-post-thumbnail","hentry","category-empresas","category-innovacion","tag-alfra","tag-cultura-de-innovacion","tag-cultura-empresarial","tag-fast-track","tag-innovacion","tag-insight-circles","tag-pintarron-alfra"],"yoast_head":"<!-- This site is optimized with the Yoast SEO plugin v27.5 - https:\/\/yoast.com\/product\/yoast-seo-wordpress\/ -->\n<title>Plasmando ideas con innovaci\u00f3n - Entorno Empresarial<\/title>\n<meta name=\"robots\" content=\"index, follow, max-snippet:-1, max-image-preview:large, max-video-preview:-1\" \/>\n<link rel=\"canonical\" href=\"https:\/\/coparmexjal.org.mx\/entorno-empresarial\/plasmando-ideas-con-innovacion\/\" \/>\n<meta property=\"og:locale\" content=\"es_MX\" \/>\n<meta property=\"og:type\" content=\"article\" \/>\n<meta property=\"og:title\" content=\"Plasmando ideas con innovaci\u00f3n - Entorno Empresarial\" \/>\n<meta property=\"og:description\" content=\"Como parte de la segunda generaci\u00f3n del programa Insight Circles y siendo la \u00faltima sesi\u00f3n, el equipo de Pintarr\u00f3n Alfra nos recibi\u00f3 en sus instalaciones\" \/>\n<meta property=\"og:url\" content=\"https:\/\/coparmexjal.org.mx\/entorno-empresarial\/plasmando-ideas-con-innovacion\/\" \/>\n<meta property=\"og:site_name\" content=\"Entorno Empresarial\" \/>\n<meta property=\"article:publisher\" content=\"https:\/\/facebook.com\/comcoparmex\" \/>\n<meta property=\"article:published_time\" content=\"2022-08-01T16:19:38+00:00\" \/>\n<meta property=\"article:modified_time\" content=\"2022-08-01T16:19:46+00:00\" \/>\n<meta property=\"og:image\" content=\"https:\/\/coparmexjal.org.mx\/entorno-empresarial\/wp-content\/uploads\/2022\/08\/20220519_161527.jpg\" \/>\n\t<meta property=\"og:image:width\" content=\"1067\" \/>\n\t<meta property=\"og:image:height\" content=\"800\" \/>\n\t<meta property=\"og:image:type\" content=\"image\/jpeg\" \/>\n<meta name=\"author\" content=\"Gerardo Jim\u00e9nez\" \/>\n<meta name=\"twitter:card\" content=\"summary_large_image\" \/>\n<meta name=\"twitter:creator\" content=\"@comcoparmex\" \/>\n<meta name=\"twitter:site\" content=\"@comcoparmex\" \/>\n<meta name=\"twitter:label1\" content=\"Escrito por\" \/>\n\t<meta name=\"twitter:data1\" content=\"Gerardo Jim\u00e9nez\" \/>\n\t<meta name=\"twitter:label2\" content=\"Tiempo de lectura\" \/>\n\t<meta name=\"twitter:data2\" content=\"3 minutos\" \/>\n<script type=\"application\/ld+json\" class=\"yoast-schema-graph\">{\"@context\":\"https:\\\/\\\/schema.org\",\"@graph\":[{\"@type\":\"Article\",\"@id\":\"https:\\\/\\\/coparmexjal.org.mx\\\/entorno-empresarial\\\/plasmando-ideas-con-innovacion\\\/#article\",\"isPartOf\":{\"@id\":\"https:\\\/\\\/coparmexjal.org.mx\\\/entorno-empresarial\\\/plasmando-ideas-con-innovacion\\\/\"},\"author\":{\"name\":\"Gerardo Jim\u00e9nez\",\"@id\":\"https:\\\/\\\/coparmexjal.org.mx\\\/entorno-empresarial\\\/#\\\/schema\\\/person\\\/c7657b8b82a5114876f78633ab593347\"},\"headline\":\"Plasmando ideas con innovaci\u00f3n\",\"datePublished\":\"2022-08-01T16:19:38+00:00\",\"dateModified\":\"2022-08-01T16:19:46+00:00\",\"mainEntityOfPage\":{\"@id\":\"https:\\\/\\\/coparmexjal.org.mx\\\/entorno-empresarial\\\/plasmando-ideas-con-innovacion\\\/\"},\"wordCount\":449,\"commentCount\":0,\"publisher\":{\"@id\":\"https:\\\/\\\/coparmexjal.org.mx\\\/entorno-empresarial\\\/#organization\"},\"image\":{\"@id\":\"https:\\\/\\\/coparmexjal.org.mx\\\/entorno-empresarial\\\/plasmando-ideas-con-innovacion\\\/#primaryimage\"},\"thumbnailUrl\":\"https:\\\/\\\/coparmexjal.org.mx\\\/entorno-empresarial\\\/wp-content\\\/uploads\\\/2022\\\/08\\\/20220519_161527.jpg\",\"keywords\":[\"Alfra\",\"cultura de innovaci\u00f3n\",\"cultura empresarial\",\"fast track\",\"innovaci\u00f3n\",\"Insight Circles\",\"Pintarr\u00f3n Alfra\"],\"articleSection\":[\"Empresas\",\"Innovaci\u00f3n\"],\"inLanguage\":\"es\",\"potentialAction\":[{\"@type\":\"CommentAction\",\"name\":\"Comment\",\"target\":[\"https:\\\/\\\/coparmexjal.org.mx\\\/entorno-empresarial\\\/plasmando-ideas-con-innovacion\\\/#respond\"]}]},{\"@type\":\"WebPage\",\"@id\":\"https:\\\/\\\/coparmexjal.org.mx\\\/entorno-empresarial\\\/plasmando-ideas-con-innovacion\\\/\",\"url\":\"https:\\\/\\\/coparmexjal.org.mx\\\/entorno-empresarial\\\/plasmando-ideas-con-innovacion\\\/\",\"name\":\"Plasmando ideas con innovaci\u00f3n - Entorno Empresarial\",\"isPartOf\":{\"@id\":\"https:\\\/\\\/coparmexjal.org.mx\\\/entorno-empresarial\\\/#website\"},\"primaryImageOfPage\":{\"@id\":\"https:\\\/\\\/coparmexjal.org.mx\\\/entorno-empresarial\\\/plasmando-ideas-con-innovacion\\\/#primaryimage\"},\"image\":{\"@id\":\"https:\\\/\\\/coparmexjal.org.mx\\\/entorno-empresarial\\\/plasmando-ideas-con-innovacion\\\/#primaryimage\"},\"thumbnailUrl\":\"https:\\\/\\\/coparmexjal.org.mx\\\/entorno-empresarial\\\/wp-content\\\/uploads\\\/2022\\\/08\\\/20220519_161527.jpg\",\"datePublished\":\"2022-08-01T16:19:38+00:00\",\"dateModified\":\"2022-08-01T16:19:46+00:00\",\"breadcrumb\":{\"@id\":\"https:\\\/\\\/coparmexjal.org.mx\\\/entorno-empresarial\\\/plasmando-ideas-con-innovacion\\\/#breadcrumb\"},\"inLanguage\":\"es\",\"potentialAction\":[{\"@type\":\"ReadAction\",\"target\":[\"https:\\\/\\\/coparmexjal.org.mx\\\/entorno-empresarial\\\/plasmando-ideas-con-innovacion\\\/\"]}]},{\"@type\":\"ImageObject\",\"inLanguage\":\"es\",\"@id\":\"https:\\\/\\\/coparmexjal.org.mx\\\/entorno-empresarial\\\/plasmando-ideas-con-innovacion\\\/#primaryimage\",\"url\":\"https:\\\/\\\/coparmexjal.org.mx\\\/entorno-empresarial\\\/wp-content\\\/uploads\\\/2022\\\/08\\\/20220519_161527.jpg\",\"contentUrl\":\"https:\\\/\\\/coparmexjal.org.mx\\\/entorno-empresarial\\\/wp-content\\\/uploads\\\/2022\\\/08\\\/20220519_161527.jpg\",\"width\":1067,\"height\":800},{\"@type\":\"BreadcrumbList\",\"@id\":\"https:\\\/\\\/coparmexjal.org.mx\\\/entorno-empresarial\\\/plasmando-ideas-con-innovacion\\\/#breadcrumb\",\"itemListElement\":[{\"@type\":\"ListItem\",\"position\":1,\"name\":\"Inicio\",\"item\":\"https:\\\/\\\/coparmexjal.org.mx\\\/entorno-empresarial\\\/\"},{\"@type\":\"ListItem\",\"position\":2,\"name\":\"Plasmando ideas con innovaci\u00f3n\"}]},{\"@type\":\"WebSite\",\"@id\":\"https:\\\/\\\/coparmexjal.org.mx\\\/entorno-empresarial\\\/#website\",\"url\":\"https:\\\/\\\/coparmexjal.org.mx\\\/entorno-empresarial\\\/\",\"name\":\"Revista Entorno Empresarial\",\"description\":\"Coparmex Jalisco\",\"publisher\":{\"@id\":\"https:\\\/\\\/coparmexjal.org.mx\\\/entorno-empresarial\\\/#organization\"},\"potentialAction\":[{\"@type\":\"SearchAction\",\"target\":{\"@type\":\"EntryPoint\",\"urlTemplate\":\"https:\\\/\\\/coparmexjal.org.mx\\\/entorno-empresarial\\\/?s={search_term_string}\"},\"query-input\":{\"@type\":\"PropertyValueSpecification\",\"valueRequired\":true,\"valueName\":\"search_term_string\"}}],\"inLanguage\":\"es\"},{\"@type\":\"Organization\",\"@id\":\"https:\\\/\\\/coparmexjal.org.mx\\\/entorno-empresarial\\\/#organization\",\"name\":\"Coparmex Jalisco\",\"url\":\"https:\\\/\\\/coparmexjal.org.mx\\\/entorno-empresarial\\\/\",\"logo\":{\"@type\":\"ImageObject\",\"inLanguage\":\"es\",\"@id\":\"https:\\\/\\\/coparmexjal.org.mx\\\/entorno-empresarial\\\/#\\\/schema\\\/logo\\\/image\\\/\",\"url\":\"https:\\\/\\\/coparmexjal.org.mx\\\/entorno-empresarial\\\/wp-content\\\/uploads\\\/2020\\\/02\\\/logo-amp.png\",\"contentUrl\":\"https:\\\/\\\/coparmexjal.org.mx\\\/entorno-empresarial\\\/wp-content\\\/uploads\\\/2020\\\/02\\\/logo-amp.png\",\"width\":120,\"height\":90,\"caption\":\"Coparmex Jalisco\"},\"image\":{\"@id\":\"https:\\\/\\\/coparmexjal.org.mx\\\/entorno-empresarial\\\/#\\\/schema\\\/logo\\\/image\\\/\"},\"sameAs\":[\"https:\\\/\\\/facebook.com\\\/comcoparmex\",\"https:\\\/\\\/x.com\\\/comcoparmex\",\"http:\\\/\\\/instagram.com\\\/coparmexjalisco\",\"https:\\\/\\\/mx.linkedin.com\\\/company\\\/coparmex-jalisco\",\"https:\\\/\\\/www.youtube.com\\\/c\\\/CoparmexJaliscomx\"]},{\"@type\":\"Person\",\"@id\":\"https:\\\/\\\/coparmexjal.org.mx\\\/entorno-empresarial\\\/#\\\/schema\\\/person\\\/c7657b8b82a5114876f78633ab593347\",\"name\":\"Gerardo Jim\u00e9nez\",\"image\":{\"@type\":\"ImageObject\",\"inLanguage\":\"es\",\"@id\":\"https:\\\/\\\/coparmexjal.org.mx\\\/entorno-empresarial\\\/wp-content\\\/uploads\\\/2021\\\/01\\\/Gerardo-Jimenez-2-150x150.png\",\"url\":\"https:\\\/\\\/coparmexjal.org.mx\\\/entorno-empresarial\\\/wp-content\\\/uploads\\\/2021\\\/01\\\/Gerardo-Jimenez-2-150x150.png\",\"contentUrl\":\"https:\\\/\\\/coparmexjal.org.mx\\\/entorno-empresarial\\\/wp-content\\\/uploads\\\/2021\\\/01\\\/Gerardo-Jimenez-2-150x150.png\",\"caption\":\"Gerardo Jim\u00e9nez\"},\"description\":\"Especialista en desarrollo pyme en Coparmex Jalisco\",\"sameAs\":[\"https:\\\/\\\/www.linkedin.com\\\/in\\\/gerardo-daniel-jim\u00e9nez-l\u00f3pez-607913159\\\/\"],\"url\":\"https:\\\/\\\/coparmexjal.org.mx\\\/entorno-empresarial\\\/author\\\/gerardojimenez\\\/\"}]}<\/script>\n<!-- \/ Yoast SEO plugin. -->","yoast_head_json":{"title":"Plasmando ideas con innovaci\u00f3n - Entorno Empresarial","robots":{"index":"index","follow":"follow","max-snippet":"max-snippet:-1","max-image-preview":"max-image-preview:large","max-video-preview":"max-video-preview:-1"},"canonical":"https:\/\/coparmexjal.org.mx\/entorno-empresarial\/plasmando-ideas-con-innovacion\/","og_locale":"es_MX","og_type":"article","og_title":"Plasmando ideas con innovaci\u00f3n - Entorno Empresarial","og_description":"Como parte de la segunda generaci\u00f3n del programa Insight Circles y siendo la \u00faltima sesi\u00f3n, el equipo de Pintarr\u00f3n Alfra nos recibi\u00f3 en sus instalaciones","og_url":"https:\/\/coparmexjal.org.mx\/entorno-empresarial\/plasmando-ideas-con-innovacion\/","og_site_name":"Entorno Empresarial","article_publisher":"https:\/\/facebook.com\/comcoparmex","article_published_time":"2022-08-01T16:19:38+00:00","article_modified_time":"2022-08-01T16:19:46+00:00","og_image":[{"width":1067,"height":800,"url":"https:\/\/coparmexjal.org.mx\/entorno-empresarial\/wp-content\/uploads\/2022\/08\/20220519_161527.jpg","type":"image\/jpeg"}],"author":"Gerardo Jim\u00e9nez","twitter_card":"summary_large_image","twitter_creator":"@comcoparmex","twitter_site":"@comcoparmex","twitter_misc":{"Escrito por":"Gerardo Jim\u00e9nez","Tiempo de lectura":"3 minutos"},"schema":{"@context":"https:\/\/schema.org","@graph":[{"@type":"Article","@id":"https:\/\/coparmexjal.org.mx\/entorno-empresarial\/plasmando-ideas-con-innovacion\/#article","isPartOf":{"@id":"https:\/\/coparmexjal.org.mx\/entorno-empresarial\/plasmando-ideas-con-innovacion\/"},"author":{"name":"Gerardo Jim\u00e9nez","@id":"https:\/\/coparmexjal.org.mx\/entorno-empresarial\/#\/schema\/person\/c7657b8b82a5114876f78633ab593347"},"headline":"Plasmando ideas con innovaci\u00f3n","datePublished":"2022-08-01T16:19:38+00:00","dateModified":"2022-08-01T16:19:46+00:00","mainEntityOfPage":{"@id":"https:\/\/coparmexjal.org.mx\/entorno-empresarial\/plasmando-ideas-con-innovacion\/"},"wordCount":449,"commentCount":0,"publisher":{"@id":"https:\/\/coparmexjal.org.mx\/entorno-empresarial\/#organization"},"image":{"@id":"https:\/\/coparmexjal.org.mx\/entorno-empresarial\/plasmando-ideas-con-innovacion\/#primaryimage"},"thumbnailUrl":"https:\/\/coparmexjal.org.mx\/entorno-empresarial\/wp-content\/uploads\/2022\/08\/20220519_161527.jpg","keywords":["Alfra","cultura de innovaci\u00f3n","cultura empresarial","fast track","innovaci\u00f3n","Insight Circles","Pintarr\u00f3n Alfra"],"articleSection":["Empresas","Innovaci\u00f3n"],"inLanguage":"es","potentialAction":[{"@type":"CommentAction","name":"Comment","target":["https:\/\/coparmexjal.org.mx\/entorno-empresarial\/plasmando-ideas-con-innovacion\/#respond"]}]},{"@type":"WebPage","@id":"https:\/\/coparmexjal.org.mx\/entorno-empresarial\/plasmando-ideas-con-innovacion\/","url":"https:\/\/coparmexjal.org.mx\/entorno-empresarial\/plasmando-ideas-con-innovacion\/","name":"Plasmando ideas con innovaci\u00f3n - Entorno Empresarial","isPartOf":{"@id":"https:\/\/coparmexjal.org.mx\/entorno-empresarial\/#website"},"primaryImageOfPage":{"@id":"https:\/\/coparmexjal.org.mx\/entorno-empresarial\/plasmando-ideas-con-innovacion\/#primaryimage"},"image":{"@id":"https:\/\/coparmexjal.org.mx\/entorno-empresarial\/plasmando-ideas-con-innovacion\/#primaryimage"},"thumbnailUrl":"https:\/\/coparmexjal.org.mx\/entorno-empresarial\/wp-content\/uploads\/2022\/08\/20220519_161527.jpg","datePublished":"2022-08-01T16:19:38+00:00","dateModified":"2022-08-01T16:19:46+00:00","breadcrumb":{"@id":"https:\/\/coparmexjal.org.mx\/entorno-empresarial\/plasmando-ideas-con-innovacion\/#breadcrumb"},"inLanguage":"es","potentialAction":[{"@type":"ReadAction","target":["https:\/\/coparmexjal.org.mx\/entorno-empresarial\/plasmando-ideas-con-innovacion\/"]}]},{"@type":"ImageObject","inLanguage":"es","@id":"https:\/\/coparmexjal.org.mx\/entorno-empresarial\/plasmando-ideas-con-innovacion\/#primaryimage","url":"https:\/\/coparmexjal.org.mx\/entorno-empresarial\/wp-content\/uploads\/2022\/08\/20220519_161527.jpg","contentUrl":"https:\/\/coparmexjal.org.mx\/entorno-empresarial\/wp-content\/uploads\/2022\/08\/20220519_161527.jpg","width":1067,"height":800},{"@type":"BreadcrumbList","@id":"https:\/\/coparmexjal.org.mx\/entorno-empresarial\/plasmando-ideas-con-innovacion\/#breadcrumb","itemListElement":[{"@type":"ListItem","position":1,"name":"Inicio","item":"https:\/\/coparmexjal.org.mx\/entorno-empresarial\/"},{"@type":"ListItem","position":2,"name":"Plasmando ideas con innovaci\u00f3n"}]},{"@type":"WebSite","@id":"https:\/\/coparmexjal.org.mx\/entorno-empresarial\/#website","url":"https:\/\/coparmexjal.org.mx\/entorno-empresarial\/","name":"Revista Entorno Empresarial","description":"Coparmex Jalisco","publisher":{"@id":"https:\/\/coparmexjal.org.mx\/entorno-empresarial\/#organization"},"potentialAction":[{"@type":"SearchAction","target":{"@type":"EntryPoint","urlTemplate":"https:\/\/coparmexjal.org.mx\/entorno-empresarial\/?s={search_term_string}"},"query-input":{"@type":"PropertyValueSpecification","valueRequired":true,"valueName":"search_term_string"}}],"inLanguage":"es"},{"@type":"Organization","@id":"https:\/\/coparmexjal.org.mx\/entorno-empresarial\/#organization","name":"Coparmex Jalisco","url":"https:\/\/coparmexjal.org.mx\/entorno-empresarial\/","logo":{"@type":"ImageObject","inLanguage":"es","@id":"https:\/\/coparmexjal.org.mx\/entorno-empresarial\/#\/schema\/logo\/image\/","url":"https:\/\/coparmexjal.org.mx\/entorno-empresarial\/wp-content\/uploads\/2020\/02\/logo-amp.png","contentUrl":"https:\/\/coparmexjal.org.mx\/entorno-empresarial\/wp-content\/uploads\/2020\/02\/logo-amp.png","width":120,"height":90,"caption":"Coparmex Jalisco"},"image":{"@id":"https:\/\/coparmexjal.org.mx\/entorno-empresarial\/#\/schema\/logo\/image\/"},"sameAs":["https:\/\/facebook.com\/comcoparmex","https:\/\/x.com\/comcoparmex","http:\/\/instagram.com\/coparmexjalisco","https:\/\/mx.linkedin.com\/company\/coparmex-jalisco","https:\/\/www.youtube.com\/c\/CoparmexJaliscomx"]},{"@type":"Person","@id":"https:\/\/coparmexjal.org.mx\/entorno-empresarial\/#\/schema\/person\/c7657b8b82a5114876f78633ab593347","name":"Gerardo Jim\u00e9nez","image":{"@type":"ImageObject","inLanguage":"es","@id":"https:\/\/coparmexjal.org.mx\/entorno-empresarial\/wp-content\/uploads\/2021\/01\/Gerardo-Jimenez-2-150x150.png","url":"https:\/\/coparmexjal.org.mx\/entorno-empresarial\/wp-content\/uploads\/2021\/01\/Gerardo-Jimenez-2-150x150.png","contentUrl":"https:\/\/coparmexjal.org.mx\/entorno-empresarial\/wp-content\/uploads\/2021\/01\/Gerardo-Jimenez-2-150x150.png","caption":"Gerardo Jim\u00e9nez"},"description":"Especialista en desarrollo pyme en Coparmex Jalisco","sameAs":["https:\/\/www.linkedin.com\/in\/gerardo-daniel-jim\u00e9nez-l\u00f3pez-607913159\/"],"url":"https:\/\/coparmexjal.org.mx\/entorno-empresarial\/author\/gerardojimenez\/"}]}},"_links":{"self":[{"href":"https:\/\/coparmexjal.org.mx\/entorno-empresarial\/wp-json\/wp\/v2\/posts\/6750","targetHints":{"allow":["GET"]}}],"collection":[{"href":"https:\/\/coparmexjal.org.mx\/entorno-empresarial\/wp-json\/wp\/v2\/posts"}],"about":[{"href":"https:\/\/coparmexjal.org.mx\/entorno-empresarial\/wp-json\/wp\/v2\/types\/post"}],"author":[{"embeddable":true,"href":"https:\/\/coparmexjal.org.mx\/entorno-empresarial\/wp-json\/wp\/v2\/users\/85"}],"replies":[{"embeddable":true,"href":"https:\/\/coparmexjal.org.mx\/entorno-empresarial\/wp-json\/wp\/v2\/comments?post=6750"}],"version-history":[{"count":1,"href":"https:\/\/coparmexjal.org.mx\/entorno-empresarial\/wp-json\/wp\/v2\/posts\/6750\/revisions"}],"predecessor-version":[{"id":6753,"href":"https:\/\/coparmexjal.org.mx\/entorno-empresarial\/wp-json\/wp\/v2\/posts\/6750\/revisions\/6753"}],"wp:featuredmedia":[{"embeddable":true,"href":"https:\/\/coparmexjal.org.mx\/entorno-empresarial\/wp-json\/wp\/v2\/media\/6751"}],"wp:attachment":[{"href":"https:\/\/coparmexjal.org.mx\/entorno-empresarial\/wp-json\/wp\/v2\/media?parent=6750"}],"wp:term":[{"taxonomy":"category","embeddable":true,"href":"https:\/\/coparmexjal.org.mx\/entorno-empresarial\/wp-json\/wp\/v2\/categories?post=6750"},{"taxonomy":"post_tag","embeddable":true,"href":"https:\/\/coparmexjal.org.mx\/entorno-empresarial\/wp-json\/wp\/v2\/tags?post=6750"}],"curies":[{"name":"wp","href":"https:\/\/api.w.org\/{rel}","templated":true}]}}