{"id":6712,"date":"2022-07-04T15:15:27","date_gmt":"2022-07-04T20:15:27","guid":{"rendered":"https:\/\/coparmexjal.org.mx\/entorno-empresarial\/?p=6712"},"modified":"2022-07-04T15:15:33","modified_gmt":"2022-07-04T20:15:33","slug":"quinta-resolucion-de-modificaciones-miscelanea-fiscal","status":"publish","type":"post","link":"https:\/\/coparmexjal.org.mx\/entorno-empresarial\/quinta-resolucion-de-modificaciones-miscelanea-fiscal\/","title":{"rendered":"Primera versi\u00f3n anticipada de la quinta resoluci\u00f3n de modificaciones a la Resoluci\u00f3n Miscel\u00e1nea Fiscal para 2022"},"content":{"rendered":"\n<p>En d\u00edas previos el Servicio de Administraci\u00f3n Tributaria dio a conocer en su portal de internet la primera versi\u00f3n anticipada de la quinta resoluci\u00f3n de modificaciones a la Resoluci\u00f3n Miscel\u00e1nea Fiscal (RMF) para 2022, misma que se transcribe m\u00e1s a delante y en t\u00e9rminos generales consiste en lo siguiente:<\/p>\n\n\n\n<p>El anexo 29 de la RMF ser\u00e1 aplicable para la versi\u00f3n 3.3 de CFDI hasta el 31 de diciembre de 2022, cabe se\u00f1alar que dicho anexo contempla aspectos normativos y tecnol\u00f3gicos. Por otra parte, del 1 de enero al 31 de diciembre 2022 los contribuyentes obligados a expedir CFDI podr\u00e1n emitirlos en su versi\u00f3n 3.3 y para el CFDI de retenciones e informaci\u00f3n de pagos podr\u00e1n optar por emitirlos en su versi\u00f3n 1.0.&nbsp;&nbsp;<\/p>\n\n\n\n<p>La publicaci\u00f3n en comento consiste en lo siguiente:<\/p>\n\n\n\n<p>\u201cCon fundamento en los art\u00edculos 16 y 31 de la Ley Org\u00e1nica de la Administraci\u00f3n P\u00fablica Federal; 33, fracci\u00f3n I, inciso g) del C\u00f3digo Fiscal de la Federaci\u00f3n; 14, fracci\u00f3n III de la Ley del Servicio de Administraci\u00f3n Tributaria, y 8 del Reglamento Interior del Servicio de Administraci\u00f3n Tributaria se resuelve:<\/p>\n\n\n\n<p><strong>PRIMERO<\/strong>. Se reforman los Transitorios Quinto y D\u00e9cimo S\u00e9ptimo de la Resoluci\u00f3n Miscel\u00e1nea Fiscal para 2022 y sus modificaciones posteriores, para quedar de la siguiente manera:<\/p>\n\n\n\n<p><strong>Quinto<\/strong>. El Anexo 29 publicado en el DOF el 10 de mayo de 2021, ser\u00e1 aplicable para la versi\u00f3n 3.3 de CFDI hasta el 31 de diciembre de 2022, excepto lo previsto en la fracci\u00f3n VI de dicho Anexo.<\/p>\n\n\n\n<p><strong>D\u00e9cimo S\u00e9ptimo<\/strong>. Para los efectos de los art\u00edculos 29 y 29-A del CFF, los contribuyentes obligados a expedir CFDI podr\u00e1n optar por emitirlos en su versi\u00f3n 3.3 y para el CFDI que ampara retenciones e informaci\u00f3n de pagos podr\u00e1n optar por emitirlos en su versi\u00f3n 1.0, conforme al Anexo 20, publicado en el DOF el 28 de julio de 2017, durante el periodo comprendido del 1 de enero al 31 de diciembre de 2022. Lo anterior tambi\u00e9n ser\u00e1 aplicable a los complementos y complementos concepto, compatibles con dichas versiones.<\/p>\n\n\n\n<p><strong>Transitorios Primero.<\/strong> La presente Resoluci\u00f3n entrar\u00e1 en vigor el d\u00eda siguiente al de su publicaci\u00f3n en el DOF y su contenido surtir\u00e1 sus efectos en t\u00e9rminos de la regla 1.8., tercer p\u00e1rrafo de la RMF para 2022.\u201d<\/p>\n\n\n\n<p>Por lo anterior, ser\u00e1 importante que esta informaci\u00f3n se publique en el Diario Oficial de la Federaci\u00f3n, para confirmar si existe o no alg\u00fan ajuste o cambio a la misma. Desde luego, esta informaci\u00f3n ser\u00e1 de vital importancia para que los contribuyentes puedan cumplir con sus obligaciones en tiempo y forma, adem\u00e1s, para adaptar lo necesario en el funcionamiento de sus operaciones, principalmente en lo que se refiere a temas tecnol\u00f3gicos y de sus sistemas operativos.<\/p>\n","protected":false},"excerpt":{"rendered":"<p>En d\u00edas previos el Servicio de Administraci\u00f3n Tributaria dio a conocer en su portal de internet la primera versi\u00f3n anticipada de la quinta resoluci\u00f3n de<\/p>\n","protected":false},"author":123,"featured_media":6714,"comment_status":"open","ping_status":"open","sticky":false,"template":"","format":"standard","meta":{"footnotes":""},"categories":[1182],"tags":[262,1245,445],"class_list":["post-6712","post","type-post","status-publish","format-standard","has-post-thumbnail","hentry","category-fiscal","tag-fiscal","tag-rmf","tag-sat"],"yoast_head":"<!-- This site is optimized with the Yoast SEO plugin v27.5 - https:\/\/yoast.com\/product\/yoast-seo-wordpress\/ -->\n<title>Quinta resoluci\u00f3n de modificaciones a la Resoluci\u00f3n Miscel\u00e1nea Fiscal<\/title>\n<meta name=\"description\" content=\"El SAT dio a conocer la primera versi\u00f3n anticipada de la quinta resoluci\u00f3n de modificaciones a la Resoluci\u00f3n Miscel\u00e1nea Fiscal para 2022\" \/>\n<meta name=\"robots\" content=\"index, follow, max-snippet:-1, max-image-preview:large, max-video-preview:-1\" \/>\n<link rel=\"canonical\" href=\"https:\/\/coparmexjal.org.mx\/entorno-empresarial\/quinta-resolucion-de-modificaciones-miscelanea-fiscal\/\" \/>\n<meta property=\"og:locale\" content=\"es_MX\" \/>\n<meta property=\"og:type\" content=\"article\" \/>\n<meta property=\"og:title\" content=\"Quinta resoluci\u00f3n de modificaciones a la Resoluci\u00f3n Miscel\u00e1nea Fiscal\" \/>\n<meta property=\"og:description\" content=\"El SAT dio a conocer la primera versi\u00f3n anticipada de la quinta resoluci\u00f3n de modificaciones a la Resoluci\u00f3n Miscel\u00e1nea Fiscal para 2022\" \/>\n<meta property=\"og:url\" content=\"https:\/\/coparmexjal.org.mx\/entorno-empresarial\/quinta-resolucion-de-modificaciones-miscelanea-fiscal\/\" \/>\n<meta property=\"og:site_name\" content=\"Entorno Empresarial\" \/>\n<meta property=\"article:publisher\" content=\"https:\/\/facebook.com\/comcoparmex\" \/>\n<meta property=\"article:published_time\" content=\"2022-07-04T20:15:27+00:00\" \/>\n<meta property=\"article:modified_time\" content=\"2022-07-04T20:15:33+00:00\" \/>\n<meta property=\"og:image\" content=\"https:\/\/coparmexjal.org.mx\/entorno-empresarial\/wp-content\/uploads\/2022\/07\/sat.jpeg\" \/>\n\t<meta property=\"og:image:width\" content=\"1440\" \/>\n\t<meta property=\"og:image:height\" content=\"810\" \/>\n\t<meta property=\"og:image:type\" content=\"image\/jpeg\" \/>\n<meta name=\"author\" content=\"C.P.C. Aldo Salda\u00f1a\" \/>\n<meta name=\"twitter:card\" content=\"summary_large_image\" \/>\n<meta name=\"twitter:creator\" content=\"@comcoparmex\" \/>\n<meta name=\"twitter:site\" content=\"@comcoparmex\" \/>\n<meta name=\"twitter:label1\" content=\"Escrito por\" \/>\n\t<meta name=\"twitter:data1\" content=\"C.P.C. Aldo Salda\u00f1a\" \/>\n\t<meta name=\"twitter:label2\" content=\"Tiempo de lectura\" \/>\n\t<meta name=\"twitter:data2\" content=\"3 minutos\" \/>\n<script type=\"application\/ld+json\" class=\"yoast-schema-graph\">{\"@context\":\"https:\\\/\\\/schema.org\",\"@graph\":[{\"@type\":\"Article\",\"@id\":\"https:\\\/\\\/coparmexjal.org.mx\\\/entorno-empresarial\\\/quinta-resolucion-de-modificaciones-miscelanea-fiscal\\\/#article\",\"isPartOf\":{\"@id\":\"https:\\\/\\\/coparmexjal.org.mx\\\/entorno-empresarial\\\/quinta-resolucion-de-modificaciones-miscelanea-fiscal\\\/\"},\"author\":{\"name\":\"C.P.C. Aldo Salda\u00f1a\",\"@id\":\"https:\\\/\\\/coparmexjal.org.mx\\\/entorno-empresarial\\\/#\\\/schema\\\/person\\\/e13e27b41f9939d34a5f6fe977e8d017\"},\"headline\":\"Primera versi\u00f3n anticipada de la quinta resoluci\u00f3n de modificaciones a la Resoluci\u00f3n Miscel\u00e1nea Fiscal para 2022\",\"datePublished\":\"2022-07-04T20:15:27+00:00\",\"dateModified\":\"2022-07-04T20:15:33+00:00\",\"mainEntityOfPage\":{\"@id\":\"https:\\\/\\\/coparmexjal.org.mx\\\/entorno-empresarial\\\/quinta-resolucion-de-modificaciones-miscelanea-fiscal\\\/\"},\"wordCount\":489,\"commentCount\":0,\"publisher\":{\"@id\":\"https:\\\/\\\/coparmexjal.org.mx\\\/entorno-empresarial\\\/#organization\"},\"image\":{\"@id\":\"https:\\\/\\\/coparmexjal.org.mx\\\/entorno-empresarial\\\/quinta-resolucion-de-modificaciones-miscelanea-fiscal\\\/#primaryimage\"},\"thumbnailUrl\":\"https:\\\/\\\/coparmexjal.org.mx\\\/entorno-empresarial\\\/wp-content\\\/uploads\\\/2022\\\/07\\\/sat.jpeg\",\"keywords\":[\"fiscal\",\"rmf\",\"sat\"],\"articleSection\":[\"Fiscal\"],\"inLanguage\":\"es\",\"potentialAction\":[{\"@type\":\"CommentAction\",\"name\":\"Comment\",\"target\":[\"https:\\\/\\\/coparmexjal.org.mx\\\/entorno-empresarial\\\/quinta-resolucion-de-modificaciones-miscelanea-fiscal\\\/#respond\"]}]},{\"@type\":\"WebPage\",\"@id\":\"https:\\\/\\\/coparmexjal.org.mx\\\/entorno-empresarial\\\/quinta-resolucion-de-modificaciones-miscelanea-fiscal\\\/\",\"url\":\"https:\\\/\\\/coparmexjal.org.mx\\\/entorno-empresarial\\\/quinta-resolucion-de-modificaciones-miscelanea-fiscal\\\/\",\"name\":\"Quinta resoluci\u00f3n de modificaciones a la Resoluci\u00f3n Miscel\u00e1nea Fiscal\",\"isPartOf\":{\"@id\":\"https:\\\/\\\/coparmexjal.org.mx\\\/entorno-empresarial\\\/#website\"},\"primaryImageOfPage\":{\"@id\":\"https:\\\/\\\/coparmexjal.org.mx\\\/entorno-empresarial\\\/quinta-resolucion-de-modificaciones-miscelanea-fiscal\\\/#primaryimage\"},\"image\":{\"@id\":\"https:\\\/\\\/coparmexjal.org.mx\\\/entorno-empresarial\\\/quinta-resolucion-de-modificaciones-miscelanea-fiscal\\\/#primaryimage\"},\"thumbnailUrl\":\"https:\\\/\\\/coparmexjal.org.mx\\\/entorno-empresarial\\\/wp-content\\\/uploads\\\/2022\\\/07\\\/sat.jpeg\",\"datePublished\":\"2022-07-04T20:15:27+00:00\",\"dateModified\":\"2022-07-04T20:15:33+00:00\",\"description\":\"El SAT dio a conocer la primera versi\u00f3n anticipada de la quinta resoluci\u00f3n de modificaciones a la Resoluci\u00f3n Miscel\u00e1nea Fiscal para 2022\",\"breadcrumb\":{\"@id\":\"https:\\\/\\\/coparmexjal.org.mx\\\/entorno-empresarial\\\/quinta-resolucion-de-modificaciones-miscelanea-fiscal\\\/#breadcrumb\"},\"inLanguage\":\"es\",\"potentialAction\":[{\"@type\":\"ReadAction\",\"target\":[\"https:\\\/\\\/coparmexjal.org.mx\\\/entorno-empresarial\\\/quinta-resolucion-de-modificaciones-miscelanea-fiscal\\\/\"]}]},{\"@type\":\"ImageObject\",\"inLanguage\":\"es\",\"@id\":\"https:\\\/\\\/coparmexjal.org.mx\\\/entorno-empresarial\\\/quinta-resolucion-de-modificaciones-miscelanea-fiscal\\\/#primaryimage\",\"url\":\"https:\\\/\\\/coparmexjal.org.mx\\\/entorno-empresarial\\\/wp-content\\\/uploads\\\/2022\\\/07\\\/sat.jpeg\",\"contentUrl\":\"https:\\\/\\\/coparmexjal.org.mx\\\/entorno-empresarial\\\/wp-content\\\/uploads\\\/2022\\\/07\\\/sat.jpeg\",\"width\":1440,\"height\":810},{\"@type\":\"BreadcrumbList\",\"@id\":\"https:\\\/\\\/coparmexjal.org.mx\\\/entorno-empresarial\\\/quinta-resolucion-de-modificaciones-miscelanea-fiscal\\\/#breadcrumb\",\"itemListElement\":[{\"@type\":\"ListItem\",\"position\":1,\"name\":\"Inicio\",\"item\":\"https:\\\/\\\/coparmexjal.org.mx\\\/entorno-empresarial\\\/\"},{\"@type\":\"ListItem\",\"position\":2,\"name\":\"Primera versi\u00f3n anticipada de la quinta resoluci\u00f3n de modificaciones a la Resoluci\u00f3n Miscel\u00e1nea Fiscal para 2022\"}]},{\"@type\":\"WebSite\",\"@id\":\"https:\\\/\\\/coparmexjal.org.mx\\\/entorno-empresarial\\\/#website\",\"url\":\"https:\\\/\\\/coparmexjal.org.mx\\\/entorno-empresarial\\\/\",\"name\":\"Revista Entorno Empresarial\",\"description\":\"Coparmex Jalisco\",\"publisher\":{\"@id\":\"https:\\\/\\\/coparmexjal.org.mx\\\/entorno-empresarial\\\/#organization\"},\"potentialAction\":[{\"@type\":\"SearchAction\",\"target\":{\"@type\":\"EntryPoint\",\"urlTemplate\":\"https:\\\/\\\/coparmexjal.org.mx\\\/entorno-empresarial\\\/?s={search_term_string}\"},\"query-input\":{\"@type\":\"PropertyValueSpecification\",\"valueRequired\":true,\"valueName\":\"search_term_string\"}}],\"inLanguage\":\"es\"},{\"@type\":\"Organization\",\"@id\":\"https:\\\/\\\/coparmexjal.org.mx\\\/entorno-empresarial\\\/#organization\",\"name\":\"Coparmex Jalisco\",\"url\":\"https:\\\/\\\/coparmexjal.org.mx\\\/entorno-empresarial\\\/\",\"logo\":{\"@type\":\"ImageObject\",\"inLanguage\":\"es\",\"@id\":\"https:\\\/\\\/coparmexjal.org.mx\\\/entorno-empresarial\\\/#\\\/schema\\\/logo\\\/image\\\/\",\"url\":\"https:\\\/\\\/coparmexjal.org.mx\\\/entorno-empresarial\\\/wp-content\\\/uploads\\\/2020\\\/02\\\/logo-amp.png\",\"contentUrl\":\"https:\\\/\\\/coparmexjal.org.mx\\\/entorno-empresarial\\\/wp-content\\\/uploads\\\/2020\\\/02\\\/logo-amp.png\",\"width\":120,\"height\":90,\"caption\":\"Coparmex Jalisco\"},\"image\":{\"@id\":\"https:\\\/\\\/coparmexjal.org.mx\\\/entorno-empresarial\\\/#\\\/schema\\\/logo\\\/image\\\/\"},\"sameAs\":[\"https:\\\/\\\/facebook.com\\\/comcoparmex\",\"https:\\\/\\\/x.com\\\/comcoparmex\",\"http:\\\/\\\/instagram.com\\\/coparmexjalisco\",\"https:\\\/\\\/mx.linkedin.com\\\/company\\\/coparmex-jalisco\",\"https:\\\/\\\/www.youtube.com\\\/c\\\/CoparmexJaliscomx\"]},{\"@type\":\"Person\",\"@id\":\"https:\\\/\\\/coparmexjal.org.mx\\\/entorno-empresarial\\\/#\\\/schema\\\/person\\\/e13e27b41f9939d34a5f6fe977e8d017\",\"name\":\"C.P.C. Aldo Salda\u00f1a\",\"image\":{\"@type\":\"ImageObject\",\"inLanguage\":\"es\",\"@id\":\"https:\\\/\\\/secure.gravatar.com\\\/avatar\\\/1ccbabf7210d5e9616e125a033cf6ca4f1b353f0ed114484be164b7f8f0d1185?s=96&d=mm&r=g\",\"url\":\"https:\\\/\\\/secure.gravatar.com\\\/avatar\\\/1ccbabf7210d5e9616e125a033cf6ca4f1b353f0ed114484be164b7f8f0d1185?s=96&d=mm&r=g\",\"contentUrl\":\"https:\\\/\\\/secure.gravatar.com\\\/avatar\\\/1ccbabf7210d5e9616e125a033cf6ca4f1b353f0ed114484be164b7f8f0d1185?s=96&d=mm&r=g\",\"caption\":\"C.P.C. Aldo Salda\u00f1a\"},\"description\":\"Miembro de la Comisi\u00f3n de Asuntos Fiscales\",\"url\":\"https:\\\/\\\/coparmexjal.org.mx\\\/entorno-empresarial\\\/author\\\/aldosaldana\\\/\"}]}<\/script>\n<!-- \/ Yoast SEO plugin. -->","yoast_head_json":{"title":"Quinta resoluci\u00f3n de modificaciones a la Resoluci\u00f3n Miscel\u00e1nea Fiscal","description":"El SAT dio a conocer la primera versi\u00f3n anticipada de la quinta resoluci\u00f3n de modificaciones a la Resoluci\u00f3n Miscel\u00e1nea Fiscal para 2022","robots":{"index":"index","follow":"follow","max-snippet":"max-snippet:-1","max-image-preview":"max-image-preview:large","max-video-preview":"max-video-preview:-1"},"canonical":"https:\/\/coparmexjal.org.mx\/entorno-empresarial\/quinta-resolucion-de-modificaciones-miscelanea-fiscal\/","og_locale":"es_MX","og_type":"article","og_title":"Quinta resoluci\u00f3n de modificaciones a la Resoluci\u00f3n Miscel\u00e1nea Fiscal","og_description":"El SAT dio a conocer la primera versi\u00f3n anticipada de la quinta resoluci\u00f3n de modificaciones a la Resoluci\u00f3n Miscel\u00e1nea Fiscal para 2022","og_url":"https:\/\/coparmexjal.org.mx\/entorno-empresarial\/quinta-resolucion-de-modificaciones-miscelanea-fiscal\/","og_site_name":"Entorno Empresarial","article_publisher":"https:\/\/facebook.com\/comcoparmex","article_published_time":"2022-07-04T20:15:27+00:00","article_modified_time":"2022-07-04T20:15:33+00:00","og_image":[{"width":1440,"height":810,"url":"https:\/\/coparmexjal.org.mx\/entorno-empresarial\/wp-content\/uploads\/2022\/07\/sat.jpeg","type":"image\/jpeg"}],"author":"C.P.C. Aldo Salda\u00f1a","twitter_card":"summary_large_image","twitter_creator":"@comcoparmex","twitter_site":"@comcoparmex","twitter_misc":{"Escrito por":"C.P.C. Aldo Salda\u00f1a","Tiempo de lectura":"3 minutos"},"schema":{"@context":"https:\/\/schema.org","@graph":[{"@type":"Article","@id":"https:\/\/coparmexjal.org.mx\/entorno-empresarial\/quinta-resolucion-de-modificaciones-miscelanea-fiscal\/#article","isPartOf":{"@id":"https:\/\/coparmexjal.org.mx\/entorno-empresarial\/quinta-resolucion-de-modificaciones-miscelanea-fiscal\/"},"author":{"name":"C.P.C. Aldo Salda\u00f1a","@id":"https:\/\/coparmexjal.org.mx\/entorno-empresarial\/#\/schema\/person\/e13e27b41f9939d34a5f6fe977e8d017"},"headline":"Primera versi\u00f3n anticipada de la quinta resoluci\u00f3n de modificaciones a la Resoluci\u00f3n Miscel\u00e1nea Fiscal para 2022","datePublished":"2022-07-04T20:15:27+00:00","dateModified":"2022-07-04T20:15:33+00:00","mainEntityOfPage":{"@id":"https:\/\/coparmexjal.org.mx\/entorno-empresarial\/quinta-resolucion-de-modificaciones-miscelanea-fiscal\/"},"wordCount":489,"commentCount":0,"publisher":{"@id":"https:\/\/coparmexjal.org.mx\/entorno-empresarial\/#organization"},"image":{"@id":"https:\/\/coparmexjal.org.mx\/entorno-empresarial\/quinta-resolucion-de-modificaciones-miscelanea-fiscal\/#primaryimage"},"thumbnailUrl":"https:\/\/coparmexjal.org.mx\/entorno-empresarial\/wp-content\/uploads\/2022\/07\/sat.jpeg","keywords":["fiscal","rmf","sat"],"articleSection":["Fiscal"],"inLanguage":"es","potentialAction":[{"@type":"CommentAction","name":"Comment","target":["https:\/\/coparmexjal.org.mx\/entorno-empresarial\/quinta-resolucion-de-modificaciones-miscelanea-fiscal\/#respond"]}]},{"@type":"WebPage","@id":"https:\/\/coparmexjal.org.mx\/entorno-empresarial\/quinta-resolucion-de-modificaciones-miscelanea-fiscal\/","url":"https:\/\/coparmexjal.org.mx\/entorno-empresarial\/quinta-resolucion-de-modificaciones-miscelanea-fiscal\/","name":"Quinta resoluci\u00f3n de modificaciones a la Resoluci\u00f3n Miscel\u00e1nea Fiscal","isPartOf":{"@id":"https:\/\/coparmexjal.org.mx\/entorno-empresarial\/#website"},"primaryImageOfPage":{"@id":"https:\/\/coparmexjal.org.mx\/entorno-empresarial\/quinta-resolucion-de-modificaciones-miscelanea-fiscal\/#primaryimage"},"image":{"@id":"https:\/\/coparmexjal.org.mx\/entorno-empresarial\/quinta-resolucion-de-modificaciones-miscelanea-fiscal\/#primaryimage"},"thumbnailUrl":"https:\/\/coparmexjal.org.mx\/entorno-empresarial\/wp-content\/uploads\/2022\/07\/sat.jpeg","datePublished":"2022-07-04T20:15:27+00:00","dateModified":"2022-07-04T20:15:33+00:00","description":"El SAT dio a conocer la primera versi\u00f3n anticipada de la quinta resoluci\u00f3n de modificaciones a la Resoluci\u00f3n Miscel\u00e1nea Fiscal para 2022","breadcrumb":{"@id":"https:\/\/coparmexjal.org.mx\/entorno-empresarial\/quinta-resolucion-de-modificaciones-miscelanea-fiscal\/#breadcrumb"},"inLanguage":"es","potentialAction":[{"@type":"ReadAction","target":["https:\/\/coparmexjal.org.mx\/entorno-empresarial\/quinta-resolucion-de-modificaciones-miscelanea-fiscal\/"]}]},{"@type":"ImageObject","inLanguage":"es","@id":"https:\/\/coparmexjal.org.mx\/entorno-empresarial\/quinta-resolucion-de-modificaciones-miscelanea-fiscal\/#primaryimage","url":"https:\/\/coparmexjal.org.mx\/entorno-empresarial\/wp-content\/uploads\/2022\/07\/sat.jpeg","contentUrl":"https:\/\/coparmexjal.org.mx\/entorno-empresarial\/wp-content\/uploads\/2022\/07\/sat.jpeg","width":1440,"height":810},{"@type":"BreadcrumbList","@id":"https:\/\/coparmexjal.org.mx\/entorno-empresarial\/quinta-resolucion-de-modificaciones-miscelanea-fiscal\/#breadcrumb","itemListElement":[{"@type":"ListItem","position":1,"name":"Inicio","item":"https:\/\/coparmexjal.org.mx\/entorno-empresarial\/"},{"@type":"ListItem","position":2,"name":"Primera versi\u00f3n anticipada de la quinta resoluci\u00f3n de modificaciones a la Resoluci\u00f3n Miscel\u00e1nea Fiscal para 2022"}]},{"@type":"WebSite","@id":"https:\/\/coparmexjal.org.mx\/entorno-empresarial\/#website","url":"https:\/\/coparmexjal.org.mx\/entorno-empresarial\/","name":"Revista Entorno Empresarial","description":"Coparmex Jalisco","publisher":{"@id":"https:\/\/coparmexjal.org.mx\/entorno-empresarial\/#organization"},"potentialAction":[{"@type":"SearchAction","target":{"@type":"EntryPoint","urlTemplate":"https:\/\/coparmexjal.org.mx\/entorno-empresarial\/?s={search_term_string}"},"query-input":{"@type":"PropertyValueSpecification","valueRequired":true,"valueName":"search_term_string"}}],"inLanguage":"es"},{"@type":"Organization","@id":"https:\/\/coparmexjal.org.mx\/entorno-empresarial\/#organization","name":"Coparmex Jalisco","url":"https:\/\/coparmexjal.org.mx\/entorno-empresarial\/","logo":{"@type":"ImageObject","inLanguage":"es","@id":"https:\/\/coparmexjal.org.mx\/entorno-empresarial\/#\/schema\/logo\/image\/","url":"https:\/\/coparmexjal.org.mx\/entorno-empresarial\/wp-content\/uploads\/2020\/02\/logo-amp.png","contentUrl":"https:\/\/coparmexjal.org.mx\/entorno-empresarial\/wp-content\/uploads\/2020\/02\/logo-amp.png","width":120,"height":90,"caption":"Coparmex Jalisco"},"image":{"@id":"https:\/\/coparmexjal.org.mx\/entorno-empresarial\/#\/schema\/logo\/image\/"},"sameAs":["https:\/\/facebook.com\/comcoparmex","https:\/\/x.com\/comcoparmex","http:\/\/instagram.com\/coparmexjalisco","https:\/\/mx.linkedin.com\/company\/coparmex-jalisco","https:\/\/www.youtube.com\/c\/CoparmexJaliscomx"]},{"@type":"Person","@id":"https:\/\/coparmexjal.org.mx\/entorno-empresarial\/#\/schema\/person\/e13e27b41f9939d34a5f6fe977e8d017","name":"C.P.C. Aldo Salda\u00f1a","image":{"@type":"ImageObject","inLanguage":"es","@id":"https:\/\/secure.gravatar.com\/avatar\/1ccbabf7210d5e9616e125a033cf6ca4f1b353f0ed114484be164b7f8f0d1185?s=96&d=mm&r=g","url":"https:\/\/secure.gravatar.com\/avatar\/1ccbabf7210d5e9616e125a033cf6ca4f1b353f0ed114484be164b7f8f0d1185?s=96&d=mm&r=g","contentUrl":"https:\/\/secure.gravatar.com\/avatar\/1ccbabf7210d5e9616e125a033cf6ca4f1b353f0ed114484be164b7f8f0d1185?s=96&d=mm&r=g","caption":"C.P.C. Aldo Salda\u00f1a"},"description":"Miembro de la Comisi\u00f3n de Asuntos Fiscales","url":"https:\/\/coparmexjal.org.mx\/entorno-empresarial\/author\/aldosaldana\/"}]}},"_links":{"self":[{"href":"https:\/\/coparmexjal.org.mx\/entorno-empresarial\/wp-json\/wp\/v2\/posts\/6712","targetHints":{"allow":["GET"]}}],"collection":[{"href":"https:\/\/coparmexjal.org.mx\/entorno-empresarial\/wp-json\/wp\/v2\/posts"}],"about":[{"href":"https:\/\/coparmexjal.org.mx\/entorno-empresarial\/wp-json\/wp\/v2\/types\/post"}],"author":[{"embeddable":true,"href":"https:\/\/coparmexjal.org.mx\/entorno-empresarial\/wp-json\/wp\/v2\/users\/123"}],"replies":[{"embeddable":true,"href":"https:\/\/coparmexjal.org.mx\/entorno-empresarial\/wp-json\/wp\/v2\/comments?post=6712"}],"version-history":[{"count":1,"href":"https:\/\/coparmexjal.org.mx\/entorno-empresarial\/wp-json\/wp\/v2\/posts\/6712\/revisions"}],"predecessor-version":[{"id":6713,"href":"https:\/\/coparmexjal.org.mx\/entorno-empresarial\/wp-json\/wp\/v2\/posts\/6712\/revisions\/6713"}],"wp:featuredmedia":[{"embeddable":true,"href":"https:\/\/coparmexjal.org.mx\/entorno-empresarial\/wp-json\/wp\/v2\/media\/6714"}],"wp:attachment":[{"href":"https:\/\/coparmexjal.org.mx\/entorno-empresarial\/wp-json\/wp\/v2\/media?parent=6712"}],"wp:term":[{"taxonomy":"category","embeddable":true,"href":"https:\/\/coparmexjal.org.mx\/entorno-empresarial\/wp-json\/wp\/v2\/categories?post=6712"},{"taxonomy":"post_tag","embeddable":true,"href":"https:\/\/coparmexjal.org.mx\/entorno-empresarial\/wp-json\/wp\/v2\/tags?post=6712"}],"curies":[{"name":"wp","href":"https:\/\/api.w.org\/{rel}","templated":true}]}}