{"id":6707,"date":"2022-06-22T17:47:36","date_gmt":"2022-06-22T22:47:36","guid":{"rendered":"https:\/\/coparmexjal.org.mx\/entorno-empresarial\/?p=6707"},"modified":"2022-06-22T17:47:41","modified_gmt":"2022-06-22T22:47:41","slug":"facturacion-4-0-ya-esta-aqui-y-completamente-en-linea-en-mexico","status":"publish","type":"post","link":"https:\/\/coparmexjal.org.mx\/entorno-empresarial\/facturacion-4-0-ya-esta-aqui-y-completamente-en-linea-en-mexico\/","title":{"rendered":"<strong>Facturaci\u00f3n 4.0 ya est\u00e1 aqu\u00ed y completamente en l\u00ednea en M\u00e9xico<\/strong>"},"content":{"rendered":"\n<p><\/p>\n\n\n\n<p>La nueva versi\u00f3n de la facturaci\u00f3n electr\u00f3nica 4.0 ya se ha convertido en realidad en M\u00e9xico puesto que en este a\u00f1o se ha hecho vigente este nuevo formato de facturaci\u00f3n electr\u00f3nica y para el 1ro de enero de 2023 ser\u00e1 obligatoria para todos los contribuyentes que necesiten emitir la factura electr\u00f3nica.<\/p>\n\n\n\n<p><\/p>\n\n\n\n<p>El cambio fundamental de esta nueva versi\u00f3n de facturaci\u00f3n es la obligatoriedad y validaci\u00f3n de que los campos referidos al Emisor y Receptor de la factura sean los correctos. Para esto el Servicio de Administraci\u00f3n Tributario SAT ha requerido que estos campos coincidan con el documento Constancia de Situaci\u00f3n Fiscal que la misma entidad expide y donde se encuentran estos datos para ser validados.<\/p>\n\n\n\n<p><\/p>\n\n\n\n<p>Los campos fundamentales para validar contra la Constancia de Situaci\u00f3n Fiscal son el RFC, Raz\u00f3n Social, C\u00f3digo Postal y R\u00e9gimen Fiscal del contribuyente, siendo este \u00faltimo el que se hace realmente nuevo para validar si los receptores de facturas tienen registrados su r\u00e9gimen fiscal correcto.<\/p>\n\n\n\n<p><\/p>\n\n\n\n<p>Ahora las empresas para poder facturar deben de solicitar y validar estos campos a sus clientes y empleados, ya que si estuvieran incorrectos la factura dar\u00eda error y por tanto no se podr\u00eda timbrar, no se podr\u00eda comprobar esta operaci\u00f3n y adem\u00e1s no podr\u00eda ser deducible este movimiento para el receptor de la factura.<\/p>\n\n\n\n<p><\/p>\n\n\n\n<p>La nueva versi\u00f3n 4.0 adem\u00e1s requiere que estos campos est\u00e9n escritos en may\u00fasculas, que la raz\u00f3n social no incluya el r\u00e9gimen capital que se pone como sufijo, o sea S.A. de C.V., S. de R.L. de C.V., S.A.S, S.C., A.C., etc. Para el caso de facturas al cliente gen\u00e9rico su c\u00f3digo postal debe coincidir con el c\u00f3digo postal de la empresa que emite la factura, y en el caso de la emisi\u00f3n de la factura global ahora es necesario tambi\u00e9n se\u00f1alar la periodicidad de los tickets o remisiones que contempla, o sea: el per\u00edodo, mes y a\u00f1o que corresponde.<\/p>\n\n\n\n<p><\/p>\n\n\n\n<p>En relaci\u00f3n con los complementos de pago, que se utilizan al recibir un pago de un cliente de una factura por adelantado o de cr\u00e9dito, tambi\u00e9n sufrieron cambios ya que ahora el XML que se genera por este pago debe reflejar los impuestos que corresponde a este pago, sea de IVA, ISR, IEPS y retenciones. Esto requiere que se hagan c\u00e1lculos extras por el emisor de la factura en cuanto a proporciones de impuestos que corresponden al pago y de redondeos en cuanto a la base e impuesto que se paga en cada caso, sobretodo en el caso de que los pagos se realicen en una moneda diferente a la factura que se est\u00e1 pagando.<\/p>\n\n\n\n<p><\/p>\n\n\n\n<p>Todos estos cambios han tra\u00eddo m\u00e1s complicaciones al momento de generar facturas electr\u00f3nicas y si bien existe la p\u00e1gina del para la facturaci\u00f3n gratis la misma no resulta nada c\u00f3moda para los clientes ya que no guarda los cat\u00e1logos que utilizamos ni tiene forma de reutilizar cotizaciones o facturas anteriores para la nueva factura que un usuario quiera generar.<\/p>\n\n\n\n<p><\/p>\n\n\n\n<p>Es por esto que ahora m\u00e1s que nunca se hace necesario el uso de un <a href=\"https:\/\/villanett.com\/inicio\/facturar-en-linea.aspx\">sistema para facturar en l\u00ednea en M\u00e9xico<\/a> que nos facilite el proceso y sea completamente en l\u00ednea para el mayor beneficio de los usuarios finales. Un tipo de p\u00e1gina como esta que proporciona la empresa Villanett en Jalisco ayuda en la emisi\u00f3n de la facturaci\u00f3n electr\u00f3nica 4.0 al garantizar la captura y almacenamiento de datos de clientes, productos, generaci\u00f3n de cotizaciones y emisi\u00f3n de factura electr\u00f3nica y complemento de pago que se puede usar por Internet, ya sea desde una computadora, una Tablet o un celular inteligente.<\/p>\n\n\n\n<p><\/p>\n\n\n\n<p>Sigue quedando de la parte de la empresa la captura y validaci\u00f3n de los datos de Emisor y Receptor por eso es recomendable siempre validar esta informaci\u00f3n contra la constancia fiscal emitida por el SAT.<\/p>\n\n\n\n<p><\/p>\n\n\n\n<p>De todas formas hay otros medios de <a href=\"https:\/\/villanett.com\/calculadora\/rfc-curp.aspx\">consultar el RFC de las personas f\u00edsicas<\/a> a trav\u00e9s de Internet que puede servir como un primer acercamiento, pero siempre es recomendable utilizar la constancia de situaci\u00f3n fiscal.<\/p>\n\n\n\n<p><\/p>\n\n\n\n<p>La validaci\u00f3n final de que los datos del emisor y receptor sean los correctos se realiza al momento de dar click en Facturar en nuestra aplicaci\u00f3n, ya que es ah\u00ed cuando el proveedor autorizado de certificaci\u00f3n valida la informaci\u00f3n y levanta un error en caso de ser incorrecta.<\/p>\n\n\n\n<p><\/p>\n\n\n\n<p>Por \u00faltimo nos sumamos al llamado del SAT en no abandonar este proceso de migraci\u00f3n a la nueva versi\u00f3n de facturaci\u00f3n electr\u00f3nica, informarnos de los nuevos cambios y adoptar lo m\u00e1s pronto posible la versi\u00f3n 4.0, para tener tiempo de validar errores que pudieran salir y garantizar que nuestras facturas se emitan correctamente.<\/p>\n\n\n\n<p><\/p>\n","protected":false},"excerpt":{"rendered":"<p>La nueva versi\u00f3n de la facturaci\u00f3n electr\u00f3nica 4.0 ya se ha convertido en realidad en M\u00e9xico puesto que en este a\u00f1o se ha hecho vigente<\/p>\n","protected":false},"author":114,"featured_media":6708,"comment_status":"open","ping_status":"open","sticky":false,"template":"","format":"standard","meta":{"footnotes":""},"categories":[152,1182,154],"tags":[1242,1244,445,1243],"class_list":["post-6707","post","type-post","status-publish","format-standard","has-post-thumbnail","hentry","category-empresas","category-fiscal","category-tecnologia","tag-facturacion-4-0","tag-facturacion-electronica","tag-sat","tag-villanett"],"yoast_head":"<!-- This site is optimized with the Yoast SEO plugin v27.5 - https:\/\/yoast.com\/product\/yoast-seo-wordpress\/ -->\n<title>Facturaci\u00f3n 4.0 ya est\u00e1 aqu\u00ed y completamente en l\u00ednea en M\u00e9xico - Entorno Empresarial<\/title>\n<meta name=\"robots\" content=\"index, follow, max-snippet:-1, max-image-preview:large, max-video-preview:-1\" \/>\n<link rel=\"canonical\" href=\"https:\/\/coparmexjal.org.mx\/entorno-empresarial\/facturacion-4-0-ya-esta-aqui-y-completamente-en-linea-en-mexico\/\" \/>\n<meta property=\"og:locale\" content=\"es_MX\" \/>\n<meta property=\"og:type\" content=\"article\" \/>\n<meta property=\"og:title\" content=\"Facturaci\u00f3n 4.0 ya est\u00e1 aqu\u00ed y completamente en l\u00ednea en M\u00e9xico - Entorno Empresarial\" \/>\n<meta property=\"og:description\" content=\"La nueva versi\u00f3n de la facturaci\u00f3n electr\u00f3nica 4.0 ya se ha convertido en realidad en M\u00e9xico puesto que en este a\u00f1o se ha hecho vigente\" \/>\n<meta property=\"og:url\" content=\"https:\/\/coparmexjal.org.mx\/entorno-empresarial\/facturacion-4-0-ya-esta-aqui-y-completamente-en-linea-en-mexico\/\" \/>\n<meta property=\"og:site_name\" content=\"Entorno Empresarial\" \/>\n<meta property=\"article:publisher\" content=\"https:\/\/facebook.com\/comcoparmex\" \/>\n<meta property=\"article:published_time\" content=\"2022-06-22T22:47:36+00:00\" \/>\n<meta property=\"article:modified_time\" content=\"2022-06-22T22:47:41+00:00\" \/>\n<meta property=\"og:image\" content=\"https:\/\/coparmexjal.org.mx\/entorno-empresarial\/wp-content\/uploads\/2022\/06\/software4.jpg\" \/>\n\t<meta property=\"og:image:width\" content=\"1200\" \/>\n\t<meta property=\"og:image:height\" content=\"800\" \/>\n\t<meta property=\"og:image:type\" content=\"image\/jpeg\" \/>\n<meta name=\"author\" content=\"Daniel P\u00e9rez Villa\" \/>\n<meta name=\"twitter:card\" content=\"summary_large_image\" \/>\n<meta name=\"twitter:creator\" content=\"@comcoparmex\" \/>\n<meta name=\"twitter:site\" content=\"@comcoparmex\" \/>\n<meta name=\"twitter:label1\" content=\"Escrito por\" \/>\n\t<meta name=\"twitter:data1\" content=\"Daniel P\u00e9rez Villa\" \/>\n\t<meta name=\"twitter:label2\" content=\"Tiempo de lectura\" \/>\n\t<meta name=\"twitter:data2\" content=\"4 minutos\" \/>\n<script type=\"application\/ld+json\" class=\"yoast-schema-graph\">{\"@context\":\"https:\\\/\\\/schema.org\",\"@graph\":[{\"@type\":\"Article\",\"@id\":\"https:\\\/\\\/coparmexjal.org.mx\\\/entorno-empresarial\\\/facturacion-4-0-ya-esta-aqui-y-completamente-en-linea-en-mexico\\\/#article\",\"isPartOf\":{\"@id\":\"https:\\\/\\\/coparmexjal.org.mx\\\/entorno-empresarial\\\/facturacion-4-0-ya-esta-aqui-y-completamente-en-linea-en-mexico\\\/\"},\"author\":{\"name\":\"Daniel P\u00e9rez Villa\",\"@id\":\"https:\\\/\\\/coparmexjal.org.mx\\\/entorno-empresarial\\\/#\\\/schema\\\/person\\\/bb42598ed7c5a5ae8f20677533b7ab55\"},\"headline\":\"Facturaci\u00f3n 4.0 ya est\u00e1 aqu\u00ed y completamente en l\u00ednea en M\u00e9xico\",\"datePublished\":\"2022-06-22T22:47:36+00:00\",\"dateModified\":\"2022-06-22T22:47:41+00:00\",\"mainEntityOfPage\":{\"@id\":\"https:\\\/\\\/coparmexjal.org.mx\\\/entorno-empresarial\\\/facturacion-4-0-ya-esta-aqui-y-completamente-en-linea-en-mexico\\\/\"},\"wordCount\":851,\"commentCount\":2,\"publisher\":{\"@id\":\"https:\\\/\\\/coparmexjal.org.mx\\\/entorno-empresarial\\\/#organization\"},\"image\":{\"@id\":\"https:\\\/\\\/coparmexjal.org.mx\\\/entorno-empresarial\\\/facturacion-4-0-ya-esta-aqui-y-completamente-en-linea-en-mexico\\\/#primaryimage\"},\"thumbnailUrl\":\"https:\\\/\\\/coparmexjal.org.mx\\\/entorno-empresarial\\\/wp-content\\\/uploads\\\/2022\\\/06\\\/software4.jpg\",\"keywords\":[\"Facturaci\u00f3n 4.0\",\"facturaci\u00f3n electr\u00f3nica\",\"sat\",\"Villanett\"],\"articleSection\":[\"Empresas\",\"Fiscal\",\"Tecnolog\u00eda\"],\"inLanguage\":\"es\",\"potentialAction\":[{\"@type\":\"CommentAction\",\"name\":\"Comment\",\"target\":[\"https:\\\/\\\/coparmexjal.org.mx\\\/entorno-empresarial\\\/facturacion-4-0-ya-esta-aqui-y-completamente-en-linea-en-mexico\\\/#respond\"]}]},{\"@type\":\"WebPage\",\"@id\":\"https:\\\/\\\/coparmexjal.org.mx\\\/entorno-empresarial\\\/facturacion-4-0-ya-esta-aqui-y-completamente-en-linea-en-mexico\\\/\",\"url\":\"https:\\\/\\\/coparmexjal.org.mx\\\/entorno-empresarial\\\/facturacion-4-0-ya-esta-aqui-y-completamente-en-linea-en-mexico\\\/\",\"name\":\"Facturaci\u00f3n 4.0 ya est\u00e1 aqu\u00ed y completamente en l\u00ednea en M\u00e9xico - Entorno Empresarial\",\"isPartOf\":{\"@id\":\"https:\\\/\\\/coparmexjal.org.mx\\\/entorno-empresarial\\\/#website\"},\"primaryImageOfPage\":{\"@id\":\"https:\\\/\\\/coparmexjal.org.mx\\\/entorno-empresarial\\\/facturacion-4-0-ya-esta-aqui-y-completamente-en-linea-en-mexico\\\/#primaryimage\"},\"image\":{\"@id\":\"https:\\\/\\\/coparmexjal.org.mx\\\/entorno-empresarial\\\/facturacion-4-0-ya-esta-aqui-y-completamente-en-linea-en-mexico\\\/#primaryimage\"},\"thumbnailUrl\":\"https:\\\/\\\/coparmexjal.org.mx\\\/entorno-empresarial\\\/wp-content\\\/uploads\\\/2022\\\/06\\\/software4.jpg\",\"datePublished\":\"2022-06-22T22:47:36+00:00\",\"dateModified\":\"2022-06-22T22:47:41+00:00\",\"breadcrumb\":{\"@id\":\"https:\\\/\\\/coparmexjal.org.mx\\\/entorno-empresarial\\\/facturacion-4-0-ya-esta-aqui-y-completamente-en-linea-en-mexico\\\/#breadcrumb\"},\"inLanguage\":\"es\",\"potentialAction\":[{\"@type\":\"ReadAction\",\"target\":[\"https:\\\/\\\/coparmexjal.org.mx\\\/entorno-empresarial\\\/facturacion-4-0-ya-esta-aqui-y-completamente-en-linea-en-mexico\\\/\"]}]},{\"@type\":\"ImageObject\",\"inLanguage\":\"es\",\"@id\":\"https:\\\/\\\/coparmexjal.org.mx\\\/entorno-empresarial\\\/facturacion-4-0-ya-esta-aqui-y-completamente-en-linea-en-mexico\\\/#primaryimage\",\"url\":\"https:\\\/\\\/coparmexjal.org.mx\\\/entorno-empresarial\\\/wp-content\\\/uploads\\\/2022\\\/06\\\/software4.jpg\",\"contentUrl\":\"https:\\\/\\\/coparmexjal.org.mx\\\/entorno-empresarial\\\/wp-content\\\/uploads\\\/2022\\\/06\\\/software4.jpg\",\"width\":1200,\"height\":800},{\"@type\":\"BreadcrumbList\",\"@id\":\"https:\\\/\\\/coparmexjal.org.mx\\\/entorno-empresarial\\\/facturacion-4-0-ya-esta-aqui-y-completamente-en-linea-en-mexico\\\/#breadcrumb\",\"itemListElement\":[{\"@type\":\"ListItem\",\"position\":1,\"name\":\"Inicio\",\"item\":\"https:\\\/\\\/coparmexjal.org.mx\\\/entorno-empresarial\\\/\"},{\"@type\":\"ListItem\",\"position\":2,\"name\":\"Facturaci\u00f3n 4.0 ya est\u00e1 aqu\u00ed y completamente en l\u00ednea en M\u00e9xico\"}]},{\"@type\":\"WebSite\",\"@id\":\"https:\\\/\\\/coparmexjal.org.mx\\\/entorno-empresarial\\\/#website\",\"url\":\"https:\\\/\\\/coparmexjal.org.mx\\\/entorno-empresarial\\\/\",\"name\":\"Revista Entorno Empresarial\",\"description\":\"Coparmex Jalisco\",\"publisher\":{\"@id\":\"https:\\\/\\\/coparmexjal.org.mx\\\/entorno-empresarial\\\/#organization\"},\"potentialAction\":[{\"@type\":\"SearchAction\",\"target\":{\"@type\":\"EntryPoint\",\"urlTemplate\":\"https:\\\/\\\/coparmexjal.org.mx\\\/entorno-empresarial\\\/?s={search_term_string}\"},\"query-input\":{\"@type\":\"PropertyValueSpecification\",\"valueRequired\":true,\"valueName\":\"search_term_string\"}}],\"inLanguage\":\"es\"},{\"@type\":\"Organization\",\"@id\":\"https:\\\/\\\/coparmexjal.org.mx\\\/entorno-empresarial\\\/#organization\",\"name\":\"Coparmex Jalisco\",\"url\":\"https:\\\/\\\/coparmexjal.org.mx\\\/entorno-empresarial\\\/\",\"logo\":{\"@type\":\"ImageObject\",\"inLanguage\":\"es\",\"@id\":\"https:\\\/\\\/coparmexjal.org.mx\\\/entorno-empresarial\\\/#\\\/schema\\\/logo\\\/image\\\/\",\"url\":\"https:\\\/\\\/coparmexjal.org.mx\\\/entorno-empresarial\\\/wp-content\\\/uploads\\\/2020\\\/02\\\/logo-amp.png\",\"contentUrl\":\"https:\\\/\\\/coparmexjal.org.mx\\\/entorno-empresarial\\\/wp-content\\\/uploads\\\/2020\\\/02\\\/logo-amp.png\",\"width\":120,\"height\":90,\"caption\":\"Coparmex Jalisco\"},\"image\":{\"@id\":\"https:\\\/\\\/coparmexjal.org.mx\\\/entorno-empresarial\\\/#\\\/schema\\\/logo\\\/image\\\/\"},\"sameAs\":[\"https:\\\/\\\/facebook.com\\\/comcoparmex\",\"https:\\\/\\\/x.com\\\/comcoparmex\",\"http:\\\/\\\/instagram.com\\\/coparmexjalisco\",\"https:\\\/\\\/mx.linkedin.com\\\/company\\\/coparmex-jalisco\",\"https:\\\/\\\/www.youtube.com\\\/c\\\/CoparmexJaliscomx\"]},{\"@type\":\"Person\",\"@id\":\"https:\\\/\\\/coparmexjal.org.mx\\\/entorno-empresarial\\\/#\\\/schema\\\/person\\\/bb42598ed7c5a5ae8f20677533b7ab55\",\"name\":\"Daniel P\u00e9rez Villa\",\"image\":{\"@type\":\"ImageObject\",\"inLanguage\":\"es\",\"@id\":\"https:\\\/\\\/coparmexjal.org.mx\\\/entorno-empresarial\\\/wp-content\\\/uploads\\\/2022\\\/01\\\/villanett-simbolo-500-150x150.png\",\"url\":\"https:\\\/\\\/coparmexjal.org.mx\\\/entorno-empresarial\\\/wp-content\\\/uploads\\\/2022\\\/01\\\/villanett-simbolo-500-150x150.png\",\"contentUrl\":\"https:\\\/\\\/coparmexjal.org.mx\\\/entorno-empresarial\\\/wp-content\\\/uploads\\\/2022\\\/01\\\/villanett-simbolo-500-150x150.png\",\"caption\":\"Daniel P\u00e9rez Villa\"},\"url\":\"https:\\\/\\\/coparmexjal.org.mx\\\/entorno-empresarial\\\/author\\\/danielperez\\\/\"}]}<\/script>\n<!-- \/ Yoast SEO plugin. -->","yoast_head_json":{"title":"Facturaci\u00f3n 4.0 ya est\u00e1 aqu\u00ed y completamente en l\u00ednea en M\u00e9xico - Entorno Empresarial","robots":{"index":"index","follow":"follow","max-snippet":"max-snippet:-1","max-image-preview":"max-image-preview:large","max-video-preview":"max-video-preview:-1"},"canonical":"https:\/\/coparmexjal.org.mx\/entorno-empresarial\/facturacion-4-0-ya-esta-aqui-y-completamente-en-linea-en-mexico\/","og_locale":"es_MX","og_type":"article","og_title":"Facturaci\u00f3n 4.0 ya est\u00e1 aqu\u00ed y completamente en l\u00ednea en M\u00e9xico - Entorno Empresarial","og_description":"La nueva versi\u00f3n de la facturaci\u00f3n electr\u00f3nica 4.0 ya se ha convertido en realidad en M\u00e9xico puesto que en este a\u00f1o se ha hecho vigente","og_url":"https:\/\/coparmexjal.org.mx\/entorno-empresarial\/facturacion-4-0-ya-esta-aqui-y-completamente-en-linea-en-mexico\/","og_site_name":"Entorno Empresarial","article_publisher":"https:\/\/facebook.com\/comcoparmex","article_published_time":"2022-06-22T22:47:36+00:00","article_modified_time":"2022-06-22T22:47:41+00:00","og_image":[{"width":1200,"height":800,"url":"https:\/\/coparmexjal.org.mx\/entorno-empresarial\/wp-content\/uploads\/2022\/06\/software4.jpg","type":"image\/jpeg"}],"author":"Daniel P\u00e9rez Villa","twitter_card":"summary_large_image","twitter_creator":"@comcoparmex","twitter_site":"@comcoparmex","twitter_misc":{"Escrito por":"Daniel P\u00e9rez Villa","Tiempo de lectura":"4 minutos"},"schema":{"@context":"https:\/\/schema.org","@graph":[{"@type":"Article","@id":"https:\/\/coparmexjal.org.mx\/entorno-empresarial\/facturacion-4-0-ya-esta-aqui-y-completamente-en-linea-en-mexico\/#article","isPartOf":{"@id":"https:\/\/coparmexjal.org.mx\/entorno-empresarial\/facturacion-4-0-ya-esta-aqui-y-completamente-en-linea-en-mexico\/"},"author":{"name":"Daniel P\u00e9rez Villa","@id":"https:\/\/coparmexjal.org.mx\/entorno-empresarial\/#\/schema\/person\/bb42598ed7c5a5ae8f20677533b7ab55"},"headline":"Facturaci\u00f3n 4.0 ya est\u00e1 aqu\u00ed y completamente en l\u00ednea en M\u00e9xico","datePublished":"2022-06-22T22:47:36+00:00","dateModified":"2022-06-22T22:47:41+00:00","mainEntityOfPage":{"@id":"https:\/\/coparmexjal.org.mx\/entorno-empresarial\/facturacion-4-0-ya-esta-aqui-y-completamente-en-linea-en-mexico\/"},"wordCount":851,"commentCount":2,"publisher":{"@id":"https:\/\/coparmexjal.org.mx\/entorno-empresarial\/#organization"},"image":{"@id":"https:\/\/coparmexjal.org.mx\/entorno-empresarial\/facturacion-4-0-ya-esta-aqui-y-completamente-en-linea-en-mexico\/#primaryimage"},"thumbnailUrl":"https:\/\/coparmexjal.org.mx\/entorno-empresarial\/wp-content\/uploads\/2022\/06\/software4.jpg","keywords":["Facturaci\u00f3n 4.0","facturaci\u00f3n electr\u00f3nica","sat","Villanett"],"articleSection":["Empresas","Fiscal","Tecnolog\u00eda"],"inLanguage":"es","potentialAction":[{"@type":"CommentAction","name":"Comment","target":["https:\/\/coparmexjal.org.mx\/entorno-empresarial\/facturacion-4-0-ya-esta-aqui-y-completamente-en-linea-en-mexico\/#respond"]}]},{"@type":"WebPage","@id":"https:\/\/coparmexjal.org.mx\/entorno-empresarial\/facturacion-4-0-ya-esta-aqui-y-completamente-en-linea-en-mexico\/","url":"https:\/\/coparmexjal.org.mx\/entorno-empresarial\/facturacion-4-0-ya-esta-aqui-y-completamente-en-linea-en-mexico\/","name":"Facturaci\u00f3n 4.0 ya est\u00e1 aqu\u00ed y completamente en l\u00ednea en M\u00e9xico - Entorno Empresarial","isPartOf":{"@id":"https:\/\/coparmexjal.org.mx\/entorno-empresarial\/#website"},"primaryImageOfPage":{"@id":"https:\/\/coparmexjal.org.mx\/entorno-empresarial\/facturacion-4-0-ya-esta-aqui-y-completamente-en-linea-en-mexico\/#primaryimage"},"image":{"@id":"https:\/\/coparmexjal.org.mx\/entorno-empresarial\/facturacion-4-0-ya-esta-aqui-y-completamente-en-linea-en-mexico\/#primaryimage"},"thumbnailUrl":"https:\/\/coparmexjal.org.mx\/entorno-empresarial\/wp-content\/uploads\/2022\/06\/software4.jpg","datePublished":"2022-06-22T22:47:36+00:00","dateModified":"2022-06-22T22:47:41+00:00","breadcrumb":{"@id":"https:\/\/coparmexjal.org.mx\/entorno-empresarial\/facturacion-4-0-ya-esta-aqui-y-completamente-en-linea-en-mexico\/#breadcrumb"},"inLanguage":"es","potentialAction":[{"@type":"ReadAction","target":["https:\/\/coparmexjal.org.mx\/entorno-empresarial\/facturacion-4-0-ya-esta-aqui-y-completamente-en-linea-en-mexico\/"]}]},{"@type":"ImageObject","inLanguage":"es","@id":"https:\/\/coparmexjal.org.mx\/entorno-empresarial\/facturacion-4-0-ya-esta-aqui-y-completamente-en-linea-en-mexico\/#primaryimage","url":"https:\/\/coparmexjal.org.mx\/entorno-empresarial\/wp-content\/uploads\/2022\/06\/software4.jpg","contentUrl":"https:\/\/coparmexjal.org.mx\/entorno-empresarial\/wp-content\/uploads\/2022\/06\/software4.jpg","width":1200,"height":800},{"@type":"BreadcrumbList","@id":"https:\/\/coparmexjal.org.mx\/entorno-empresarial\/facturacion-4-0-ya-esta-aqui-y-completamente-en-linea-en-mexico\/#breadcrumb","itemListElement":[{"@type":"ListItem","position":1,"name":"Inicio","item":"https:\/\/coparmexjal.org.mx\/entorno-empresarial\/"},{"@type":"ListItem","position":2,"name":"Facturaci\u00f3n 4.0 ya est\u00e1 aqu\u00ed y completamente en l\u00ednea en M\u00e9xico"}]},{"@type":"WebSite","@id":"https:\/\/coparmexjal.org.mx\/entorno-empresarial\/#website","url":"https:\/\/coparmexjal.org.mx\/entorno-empresarial\/","name":"Revista Entorno Empresarial","description":"Coparmex Jalisco","publisher":{"@id":"https:\/\/coparmexjal.org.mx\/entorno-empresarial\/#organization"},"potentialAction":[{"@type":"SearchAction","target":{"@type":"EntryPoint","urlTemplate":"https:\/\/coparmexjal.org.mx\/entorno-empresarial\/?s={search_term_string}"},"query-input":{"@type":"PropertyValueSpecification","valueRequired":true,"valueName":"search_term_string"}}],"inLanguage":"es"},{"@type":"Organization","@id":"https:\/\/coparmexjal.org.mx\/entorno-empresarial\/#organization","name":"Coparmex Jalisco","url":"https:\/\/coparmexjal.org.mx\/entorno-empresarial\/","logo":{"@type":"ImageObject","inLanguage":"es","@id":"https:\/\/coparmexjal.org.mx\/entorno-empresarial\/#\/schema\/logo\/image\/","url":"https:\/\/coparmexjal.org.mx\/entorno-empresarial\/wp-content\/uploads\/2020\/02\/logo-amp.png","contentUrl":"https:\/\/coparmexjal.org.mx\/entorno-empresarial\/wp-content\/uploads\/2020\/02\/logo-amp.png","width":120,"height":90,"caption":"Coparmex Jalisco"},"image":{"@id":"https:\/\/coparmexjal.org.mx\/entorno-empresarial\/#\/schema\/logo\/image\/"},"sameAs":["https:\/\/facebook.com\/comcoparmex","https:\/\/x.com\/comcoparmex","http:\/\/instagram.com\/coparmexjalisco","https:\/\/mx.linkedin.com\/company\/coparmex-jalisco","https:\/\/www.youtube.com\/c\/CoparmexJaliscomx"]},{"@type":"Person","@id":"https:\/\/coparmexjal.org.mx\/entorno-empresarial\/#\/schema\/person\/bb42598ed7c5a5ae8f20677533b7ab55","name":"Daniel P\u00e9rez Villa","image":{"@type":"ImageObject","inLanguage":"es","@id":"https:\/\/coparmexjal.org.mx\/entorno-empresarial\/wp-content\/uploads\/2022\/01\/villanett-simbolo-500-150x150.png","url":"https:\/\/coparmexjal.org.mx\/entorno-empresarial\/wp-content\/uploads\/2022\/01\/villanett-simbolo-500-150x150.png","contentUrl":"https:\/\/coparmexjal.org.mx\/entorno-empresarial\/wp-content\/uploads\/2022\/01\/villanett-simbolo-500-150x150.png","caption":"Daniel P\u00e9rez Villa"},"url":"https:\/\/coparmexjal.org.mx\/entorno-empresarial\/author\/danielperez\/"}]}},"_links":{"self":[{"href":"https:\/\/coparmexjal.org.mx\/entorno-empresarial\/wp-json\/wp\/v2\/posts\/6707","targetHints":{"allow":["GET"]}}],"collection":[{"href":"https:\/\/coparmexjal.org.mx\/entorno-empresarial\/wp-json\/wp\/v2\/posts"}],"about":[{"href":"https:\/\/coparmexjal.org.mx\/entorno-empresarial\/wp-json\/wp\/v2\/types\/post"}],"author":[{"embeddable":true,"href":"https:\/\/coparmexjal.org.mx\/entorno-empresarial\/wp-json\/wp\/v2\/users\/114"}],"replies":[{"embeddable":true,"href":"https:\/\/coparmexjal.org.mx\/entorno-empresarial\/wp-json\/wp\/v2\/comments?post=6707"}],"version-history":[{"count":1,"href":"https:\/\/coparmexjal.org.mx\/entorno-empresarial\/wp-json\/wp\/v2\/posts\/6707\/revisions"}],"predecessor-version":[{"id":6709,"href":"https:\/\/coparmexjal.org.mx\/entorno-empresarial\/wp-json\/wp\/v2\/posts\/6707\/revisions\/6709"}],"wp:featuredmedia":[{"embeddable":true,"href":"https:\/\/coparmexjal.org.mx\/entorno-empresarial\/wp-json\/wp\/v2\/media\/6708"}],"wp:attachment":[{"href":"https:\/\/coparmexjal.org.mx\/entorno-empresarial\/wp-json\/wp\/v2\/media?parent=6707"}],"wp:term":[{"taxonomy":"category","embeddable":true,"href":"https:\/\/coparmexjal.org.mx\/entorno-empresarial\/wp-json\/wp\/v2\/categories?post=6707"},{"taxonomy":"post_tag","embeddable":true,"href":"https:\/\/coparmexjal.org.mx\/entorno-empresarial\/wp-json\/wp\/v2\/tags?post=6707"}],"curies":[{"name":"wp","href":"https:\/\/api.w.org\/{rel}","templated":true}]}}