{"id":6632,"date":"2022-05-24T20:47:35","date_gmt":"2022-05-25T01:47:35","guid":{"rendered":"https:\/\/coparmexjal.org.mx\/entorno-empresarial\/?p=6632"},"modified":"2022-05-24T20:47:39","modified_gmt":"2022-05-25T01:47:39","slug":"ratifican-por-unanimidad-a-carlos-villasenor-franco-al-frente-de-coparmex-jalisco","status":"publish","type":"post","link":"https:\/\/coparmexjal.org.mx\/entorno-empresarial\/ratifican-por-unanimidad-a-carlos-villasenor-franco-al-frente-de-coparmex-jalisco\/","title":{"rendered":"Ratifican por unanimidad a Carlos Villase\u00f1or Franco al frente de Coparmex Jalisco"},"content":{"rendered":"\n<ul class=\"wp-block-list\"><li>Julio Garc\u00eda Brise\u00f1o fue reconocido con el \u201cPremio de Trascendencia Empresarial, Carlos Guti\u00e9rrez Nieto 2022\u201d<\/li><\/ul>\n\n\n\n<p>Esta ma\u00f1ana, Coparmex Jalisco celebr\u00f3 el #PuntoEmpresarial, evento para llevar a cabo la renovaci\u00f3n de compromisos del Consejo Directivo y formalizar la ratificaci\u00f3n de Carlos Villase\u00f1or Franco al frente del organismo, para el periodo 2022-2023, que cabe mencionar, fue ratificado por unanimidad.<\/p>\n\n\n\n<p>El evento dio inicio con la conferencia del columnista Jorge Su\u00e1rez V\u00e9lez, denominada: \u201cM\u00e9xico ante un mundo que ya cambi\u00f3\u201d, con un p\u00fablico de casi 500 empresarias y empresarios de la entidad.<\/p>\n\n\n\n<p>Posteriormente se hizo entrega del \u201cPremio de Trascendencia Empresarial Carlos Guti\u00e9rrez Nieto 2022\u201d, galard\u00f3n que se entreg\u00f3 a Julio Garc\u00eda Brise\u00f1o, por su generosidad, pasi\u00f3n y compromiso social; la entrega se hizo luego de un mensaje emotivo por parte de sus hijas, esposa y nietos, quienes reconocieron al igual que la comunidad de Coparmex, la gran trayectoria que tiene como l\u00edder empresarial y por ser director de una de las empresas m\u00e1s emblem\u00e1ticas de Jalisco: Laboratorios Julio.<\/p>\n\n\n\n<p>Luego de la premiaci\u00f3n, Carlos Villase\u00f1or agradeci\u00f3 la confianza ante su ratificaci\u00f3n: \u201cme es grato ver como el trabajo que hemos realizado a lo largo de estos dos a\u00f1os, tiene efectos positivos en la operaci\u00f3n de cada una de las empresas que d\u00eda a d\u00eda conf\u00edan y apuestan por Jalisco, empresas lideradas por mujeres y hombres comprometidos con el empleo, el desarrollo, pero, sobre todo, con el progreso social\u201d.<\/p>\n\n\n\n<p>\u201cLa representatividad y relevancia empresarial la vemos reflejada dentro de Coparmex con m\u00e1s de 1500 empresas que generan m\u00e1s de 400 mil empleos, nos hemos convertido en un organismo de relevancia y propuestas, no solo en nuestro estado, sino, a nivel nacional e internacional\u201d, asegur\u00f3.<\/p>\n\n\n\n<p>Por su parte, Jos\u00e9 Medina Mora, Presidente de Coparmex Nacional, se\u00f1al\u00f3 que: &#8220;ante los grandes desaf\u00edos que enfrenta el pa\u00eds, M\u00e9xico los necesita a todos y M\u00e9xico los necesita unidos&#8221;.<\/p>\n\n\n\n<p>Finalmente, el Gobernador de la entidad, Enrique Alfaro Ram\u00edrez, reconoci\u00f3 que las y los empresarios de Jalisco han demostrado su fortaleza ante la crisis, refiri\u00e9ndose a la Pandemia de los \u00faltimos dos a\u00f1os, adem\u00e1s reconoci\u00f3 el liderazgo de Villase\u00f1or Franco y la capacidad de trabajar en conjunto con las autoridades para impulsar al sector productivo. Coparmex es un organismo de puertas abiertas, donde la participaci\u00f3n activa de las y los empresarios es fundamental para lograr el desarrollo de mejores unidades econ\u00f3micas que promuevan el empleo, la competitividad y la productividad, poniendo al centro a las personas en cada una de las decisiones, recordado que a la empresa la hacen todas y todos.&nbsp;<\/p>\n","protected":false},"excerpt":{"rendered":"<p>Julio Garc\u00eda Brise\u00f1o fue reconocido con el \u201cPremio de Trascendencia Empresarial, Carlos Guti\u00e9rrez Nieto 2022\u201d Esta ma\u00f1ana, Coparmex Jalisco celebr\u00f3 el #PuntoEmpresarial, evento para llevar<\/p>\n","protected":false},"author":2,"featured_media":6633,"comment_status":"open","ping_status":"open","sticky":false,"template":"","format":"standard","meta":{"footnotes":""},"categories":[348],"tags":[405,173,1221],"class_list":["post-6632","post","type-post","status-publish","format-standard","has-post-thumbnail","hentry","category-noticias","tag-coparmex-jalisco","tag-empresas","tag-punto-empresarial"],"yoast_head":"<!-- This site is optimized with the Yoast SEO plugin v27.5 - https:\/\/yoast.com\/product\/yoast-seo-wordpress\/ -->\n<title>Ratifican por unanimidad a Carlos Villase\u00f1or Franco al frente de Coparmex Jalisco - Entorno Empresarial<\/title>\n<meta name=\"robots\" content=\"index, follow, max-snippet:-1, max-image-preview:large, max-video-preview:-1\" \/>\n<link rel=\"canonical\" href=\"https:\/\/coparmexjal.org.mx\/entorno-empresarial\/ratifican-por-unanimidad-a-carlos-villasenor-franco-al-frente-de-coparmex-jalisco\/\" \/>\n<meta property=\"og:locale\" content=\"es_MX\" \/>\n<meta property=\"og:type\" content=\"article\" \/>\n<meta property=\"og:title\" content=\"Ratifican por unanimidad a Carlos Villase\u00f1or Franco al frente de Coparmex Jalisco - Entorno Empresarial\" \/>\n<meta property=\"og:description\" content=\"Julio Garc\u00eda Brise\u00f1o fue reconocido con el \u201cPremio de Trascendencia Empresarial, Carlos Guti\u00e9rrez Nieto 2022\u201d Esta ma\u00f1ana, Coparmex Jalisco celebr\u00f3 el #PuntoEmpresarial, evento para llevar\" \/>\n<meta property=\"og:url\" content=\"https:\/\/coparmexjal.org.mx\/entorno-empresarial\/ratifican-por-unanimidad-a-carlos-villasenor-franco-al-frente-de-coparmex-jalisco\/\" \/>\n<meta property=\"og:site_name\" content=\"Entorno Empresarial\" \/>\n<meta property=\"article:publisher\" content=\"https:\/\/facebook.com\/comcoparmex\" \/>\n<meta property=\"article:published_time\" content=\"2022-05-25T01:47:35+00:00\" \/>\n<meta property=\"article:modified_time\" content=\"2022-05-25T01:47:39+00:00\" \/>\n<meta property=\"og:image\" content=\"https:\/\/coparmexjal.org.mx\/entorno-empresarial\/wp-content\/uploads\/2022\/05\/Carlos-Villasenor.jpg\" \/>\n\t<meta property=\"og:image:width\" content=\"1200\" \/>\n\t<meta property=\"og:image:height\" content=\"800\" \/>\n\t<meta property=\"og:image:type\" content=\"image\/jpeg\" \/>\n<meta name=\"author\" content=\"Coparmex Jalisco\" \/>\n<meta name=\"twitter:card\" content=\"summary_large_image\" \/>\n<meta name=\"twitter:creator\" content=\"@comcoparmex\" \/>\n<meta name=\"twitter:site\" content=\"@comcoparmex\" \/>\n<meta name=\"twitter:label1\" content=\"Escrito por\" \/>\n\t<meta name=\"twitter:data1\" content=\"Coparmex Jalisco\" \/>\n\t<meta name=\"twitter:label2\" content=\"Tiempo de lectura\" \/>\n\t<meta name=\"twitter:data2\" content=\"2 minutos\" \/>\n<script type=\"application\/ld+json\" class=\"yoast-schema-graph\">{\"@context\":\"https:\\\/\\\/schema.org\",\"@graph\":[{\"@type\":\"Article\",\"@id\":\"https:\\\/\\\/coparmexjal.org.mx\\\/entorno-empresarial\\\/ratifican-por-unanimidad-a-carlos-villasenor-franco-al-frente-de-coparmex-jalisco\\\/#article\",\"isPartOf\":{\"@id\":\"https:\\\/\\\/coparmexjal.org.mx\\\/entorno-empresarial\\\/ratifican-por-unanimidad-a-carlos-villasenor-franco-al-frente-de-coparmex-jalisco\\\/\"},\"author\":{\"name\":\"Coparmex Jalisco\",\"@id\":\"https:\\\/\\\/coparmexjal.org.mx\\\/entorno-empresarial\\\/#\\\/schema\\\/person\\\/7d1d56a9587bfb3a725cd3dbfbdb9d44\"},\"headline\":\"Ratifican por unanimidad a Carlos Villase\u00f1or Franco al frente de Coparmex Jalisco\",\"datePublished\":\"2022-05-25T01:47:35+00:00\",\"dateModified\":\"2022-05-25T01:47:39+00:00\",\"mainEntityOfPage\":{\"@id\":\"https:\\\/\\\/coparmexjal.org.mx\\\/entorno-empresarial\\\/ratifican-por-unanimidad-a-carlos-villasenor-franco-al-frente-de-coparmex-jalisco\\\/\"},\"wordCount\":472,\"commentCount\":0,\"publisher\":{\"@id\":\"https:\\\/\\\/coparmexjal.org.mx\\\/entorno-empresarial\\\/#organization\"},\"image\":{\"@id\":\"https:\\\/\\\/coparmexjal.org.mx\\\/entorno-empresarial\\\/ratifican-por-unanimidad-a-carlos-villasenor-franco-al-frente-de-coparmex-jalisco\\\/#primaryimage\"},\"thumbnailUrl\":\"https:\\\/\\\/coparmexjal.org.mx\\\/entorno-empresarial\\\/wp-content\\\/uploads\\\/2022\\\/05\\\/Carlos-Villasenor.jpg\",\"keywords\":[\"coparmex jalisco\",\"empresas\",\"Punto Empresarial\"],\"articleSection\":[\"Noticias\"],\"inLanguage\":\"es\",\"potentialAction\":[{\"@type\":\"CommentAction\",\"name\":\"Comment\",\"target\":[\"https:\\\/\\\/coparmexjal.org.mx\\\/entorno-empresarial\\\/ratifican-por-unanimidad-a-carlos-villasenor-franco-al-frente-de-coparmex-jalisco\\\/#respond\"]}]},{\"@type\":\"WebPage\",\"@id\":\"https:\\\/\\\/coparmexjal.org.mx\\\/entorno-empresarial\\\/ratifican-por-unanimidad-a-carlos-villasenor-franco-al-frente-de-coparmex-jalisco\\\/\",\"url\":\"https:\\\/\\\/coparmexjal.org.mx\\\/entorno-empresarial\\\/ratifican-por-unanimidad-a-carlos-villasenor-franco-al-frente-de-coparmex-jalisco\\\/\",\"name\":\"Ratifican por unanimidad a Carlos Villase\u00f1or Franco al frente de Coparmex Jalisco - Entorno Empresarial\",\"isPartOf\":{\"@id\":\"https:\\\/\\\/coparmexjal.org.mx\\\/entorno-empresarial\\\/#website\"},\"primaryImageOfPage\":{\"@id\":\"https:\\\/\\\/coparmexjal.org.mx\\\/entorno-empresarial\\\/ratifican-por-unanimidad-a-carlos-villasenor-franco-al-frente-de-coparmex-jalisco\\\/#primaryimage\"},\"image\":{\"@id\":\"https:\\\/\\\/coparmexjal.org.mx\\\/entorno-empresarial\\\/ratifican-por-unanimidad-a-carlos-villasenor-franco-al-frente-de-coparmex-jalisco\\\/#primaryimage\"},\"thumbnailUrl\":\"https:\\\/\\\/coparmexjal.org.mx\\\/entorno-empresarial\\\/wp-content\\\/uploads\\\/2022\\\/05\\\/Carlos-Villasenor.jpg\",\"datePublished\":\"2022-05-25T01:47:35+00:00\",\"dateModified\":\"2022-05-25T01:47:39+00:00\",\"breadcrumb\":{\"@id\":\"https:\\\/\\\/coparmexjal.org.mx\\\/entorno-empresarial\\\/ratifican-por-unanimidad-a-carlos-villasenor-franco-al-frente-de-coparmex-jalisco\\\/#breadcrumb\"},\"inLanguage\":\"es\",\"potentialAction\":[{\"@type\":\"ReadAction\",\"target\":[\"https:\\\/\\\/coparmexjal.org.mx\\\/entorno-empresarial\\\/ratifican-por-unanimidad-a-carlos-villasenor-franco-al-frente-de-coparmex-jalisco\\\/\"]}]},{\"@type\":\"ImageObject\",\"inLanguage\":\"es\",\"@id\":\"https:\\\/\\\/coparmexjal.org.mx\\\/entorno-empresarial\\\/ratifican-por-unanimidad-a-carlos-villasenor-franco-al-frente-de-coparmex-jalisco\\\/#primaryimage\",\"url\":\"https:\\\/\\\/coparmexjal.org.mx\\\/entorno-empresarial\\\/wp-content\\\/uploads\\\/2022\\\/05\\\/Carlos-Villasenor.jpg\",\"contentUrl\":\"https:\\\/\\\/coparmexjal.org.mx\\\/entorno-empresarial\\\/wp-content\\\/uploads\\\/2022\\\/05\\\/Carlos-Villasenor.jpg\",\"width\":1200,\"height\":800},{\"@type\":\"BreadcrumbList\",\"@id\":\"https:\\\/\\\/coparmexjal.org.mx\\\/entorno-empresarial\\\/ratifican-por-unanimidad-a-carlos-villasenor-franco-al-frente-de-coparmex-jalisco\\\/#breadcrumb\",\"itemListElement\":[{\"@type\":\"ListItem\",\"position\":1,\"name\":\"Inicio\",\"item\":\"https:\\\/\\\/coparmexjal.org.mx\\\/entorno-empresarial\\\/\"},{\"@type\":\"ListItem\",\"position\":2,\"name\":\"Ratifican por unanimidad a Carlos Villase\u00f1or Franco al frente de Coparmex Jalisco\"}]},{\"@type\":\"WebSite\",\"@id\":\"https:\\\/\\\/coparmexjal.org.mx\\\/entorno-empresarial\\\/#website\",\"url\":\"https:\\\/\\\/coparmexjal.org.mx\\\/entorno-empresarial\\\/\",\"name\":\"Revista Entorno Empresarial\",\"description\":\"Coparmex Jalisco\",\"publisher\":{\"@id\":\"https:\\\/\\\/coparmexjal.org.mx\\\/entorno-empresarial\\\/#organization\"},\"potentialAction\":[{\"@type\":\"SearchAction\",\"target\":{\"@type\":\"EntryPoint\",\"urlTemplate\":\"https:\\\/\\\/coparmexjal.org.mx\\\/entorno-empresarial\\\/?s={search_term_string}\"},\"query-input\":{\"@type\":\"PropertyValueSpecification\",\"valueRequired\":true,\"valueName\":\"search_term_string\"}}],\"inLanguage\":\"es\"},{\"@type\":\"Organization\",\"@id\":\"https:\\\/\\\/coparmexjal.org.mx\\\/entorno-empresarial\\\/#organization\",\"name\":\"Coparmex Jalisco\",\"url\":\"https:\\\/\\\/coparmexjal.org.mx\\\/entorno-empresarial\\\/\",\"logo\":{\"@type\":\"ImageObject\",\"inLanguage\":\"es\",\"@id\":\"https:\\\/\\\/coparmexjal.org.mx\\\/entorno-empresarial\\\/#\\\/schema\\\/logo\\\/image\\\/\",\"url\":\"https:\\\/\\\/coparmexjal.org.mx\\\/entorno-empresarial\\\/wp-content\\\/uploads\\\/2020\\\/02\\\/logo-amp.png\",\"contentUrl\":\"https:\\\/\\\/coparmexjal.org.mx\\\/entorno-empresarial\\\/wp-content\\\/uploads\\\/2020\\\/02\\\/logo-amp.png\",\"width\":120,\"height\":90,\"caption\":\"Coparmex Jalisco\"},\"image\":{\"@id\":\"https:\\\/\\\/coparmexjal.org.mx\\\/entorno-empresarial\\\/#\\\/schema\\\/logo\\\/image\\\/\"},\"sameAs\":[\"https:\\\/\\\/facebook.com\\\/comcoparmex\",\"https:\\\/\\\/x.com\\\/comcoparmex\",\"http:\\\/\\\/instagram.com\\\/coparmexjalisco\",\"https:\\\/\\\/mx.linkedin.com\\\/company\\\/coparmex-jalisco\",\"https:\\\/\\\/www.youtube.com\\\/c\\\/CoparmexJaliscomx\"]},{\"@type\":\"Person\",\"@id\":\"https:\\\/\\\/coparmexjal.org.mx\\\/entorno-empresarial\\\/#\\\/schema\\\/person\\\/7d1d56a9587bfb3a725cd3dbfbdb9d44\",\"name\":\"Coparmex Jalisco\",\"image\":{\"@type\":\"ImageObject\",\"inLanguage\":\"es\",\"@id\":\"https:\\\/\\\/coparmexjal.org.mx\\\/entorno-empresarial\\\/wp-content\\\/uploads\\\/2020\\\/06\\\/favicon-150x133.png\",\"url\":\"https:\\\/\\\/coparmexjal.org.mx\\\/entorno-empresarial\\\/wp-content\\\/uploads\\\/2020\\\/06\\\/favicon-150x133.png\",\"contentUrl\":\"https:\\\/\\\/coparmexjal.org.mx\\\/entorno-empresarial\\\/wp-content\\\/uploads\\\/2020\\\/06\\\/favicon-150x133.png\",\"caption\":\"Coparmex Jalisco\"},\"url\":\"https:\\\/\\\/coparmexjal.org.mx\\\/entorno-empresarial\\\/author\\\/coparmexjalisco\\\/\"}]}<\/script>\n<!-- \/ Yoast SEO plugin. -->","yoast_head_json":{"title":"Ratifican por unanimidad a Carlos Villase\u00f1or Franco al frente de Coparmex Jalisco - Entorno Empresarial","robots":{"index":"index","follow":"follow","max-snippet":"max-snippet:-1","max-image-preview":"max-image-preview:large","max-video-preview":"max-video-preview:-1"},"canonical":"https:\/\/coparmexjal.org.mx\/entorno-empresarial\/ratifican-por-unanimidad-a-carlos-villasenor-franco-al-frente-de-coparmex-jalisco\/","og_locale":"es_MX","og_type":"article","og_title":"Ratifican por unanimidad a Carlos Villase\u00f1or Franco al frente de Coparmex Jalisco - Entorno Empresarial","og_description":"Julio Garc\u00eda Brise\u00f1o fue reconocido con el \u201cPremio de Trascendencia Empresarial, Carlos Guti\u00e9rrez Nieto 2022\u201d Esta ma\u00f1ana, Coparmex Jalisco celebr\u00f3 el #PuntoEmpresarial, evento para llevar","og_url":"https:\/\/coparmexjal.org.mx\/entorno-empresarial\/ratifican-por-unanimidad-a-carlos-villasenor-franco-al-frente-de-coparmex-jalisco\/","og_site_name":"Entorno Empresarial","article_publisher":"https:\/\/facebook.com\/comcoparmex","article_published_time":"2022-05-25T01:47:35+00:00","article_modified_time":"2022-05-25T01:47:39+00:00","og_image":[{"width":1200,"height":800,"url":"https:\/\/coparmexjal.org.mx\/entorno-empresarial\/wp-content\/uploads\/2022\/05\/Carlos-Villasenor.jpg","type":"image\/jpeg"}],"author":"Coparmex Jalisco","twitter_card":"summary_large_image","twitter_creator":"@comcoparmex","twitter_site":"@comcoparmex","twitter_misc":{"Escrito por":"Coparmex Jalisco","Tiempo de lectura":"2 minutos"},"schema":{"@context":"https:\/\/schema.org","@graph":[{"@type":"Article","@id":"https:\/\/coparmexjal.org.mx\/entorno-empresarial\/ratifican-por-unanimidad-a-carlos-villasenor-franco-al-frente-de-coparmex-jalisco\/#article","isPartOf":{"@id":"https:\/\/coparmexjal.org.mx\/entorno-empresarial\/ratifican-por-unanimidad-a-carlos-villasenor-franco-al-frente-de-coparmex-jalisco\/"},"author":{"name":"Coparmex Jalisco","@id":"https:\/\/coparmexjal.org.mx\/entorno-empresarial\/#\/schema\/person\/7d1d56a9587bfb3a725cd3dbfbdb9d44"},"headline":"Ratifican por unanimidad a Carlos Villase\u00f1or Franco al frente de Coparmex Jalisco","datePublished":"2022-05-25T01:47:35+00:00","dateModified":"2022-05-25T01:47:39+00:00","mainEntityOfPage":{"@id":"https:\/\/coparmexjal.org.mx\/entorno-empresarial\/ratifican-por-unanimidad-a-carlos-villasenor-franco-al-frente-de-coparmex-jalisco\/"},"wordCount":472,"commentCount":0,"publisher":{"@id":"https:\/\/coparmexjal.org.mx\/entorno-empresarial\/#organization"},"image":{"@id":"https:\/\/coparmexjal.org.mx\/entorno-empresarial\/ratifican-por-unanimidad-a-carlos-villasenor-franco-al-frente-de-coparmex-jalisco\/#primaryimage"},"thumbnailUrl":"https:\/\/coparmexjal.org.mx\/entorno-empresarial\/wp-content\/uploads\/2022\/05\/Carlos-Villasenor.jpg","keywords":["coparmex jalisco","empresas","Punto Empresarial"],"articleSection":["Noticias"],"inLanguage":"es","potentialAction":[{"@type":"CommentAction","name":"Comment","target":["https:\/\/coparmexjal.org.mx\/entorno-empresarial\/ratifican-por-unanimidad-a-carlos-villasenor-franco-al-frente-de-coparmex-jalisco\/#respond"]}]},{"@type":"WebPage","@id":"https:\/\/coparmexjal.org.mx\/entorno-empresarial\/ratifican-por-unanimidad-a-carlos-villasenor-franco-al-frente-de-coparmex-jalisco\/","url":"https:\/\/coparmexjal.org.mx\/entorno-empresarial\/ratifican-por-unanimidad-a-carlos-villasenor-franco-al-frente-de-coparmex-jalisco\/","name":"Ratifican por unanimidad a Carlos Villase\u00f1or Franco al frente de Coparmex Jalisco - Entorno Empresarial","isPartOf":{"@id":"https:\/\/coparmexjal.org.mx\/entorno-empresarial\/#website"},"primaryImageOfPage":{"@id":"https:\/\/coparmexjal.org.mx\/entorno-empresarial\/ratifican-por-unanimidad-a-carlos-villasenor-franco-al-frente-de-coparmex-jalisco\/#primaryimage"},"image":{"@id":"https:\/\/coparmexjal.org.mx\/entorno-empresarial\/ratifican-por-unanimidad-a-carlos-villasenor-franco-al-frente-de-coparmex-jalisco\/#primaryimage"},"thumbnailUrl":"https:\/\/coparmexjal.org.mx\/entorno-empresarial\/wp-content\/uploads\/2022\/05\/Carlos-Villasenor.jpg","datePublished":"2022-05-25T01:47:35+00:00","dateModified":"2022-05-25T01:47:39+00:00","breadcrumb":{"@id":"https:\/\/coparmexjal.org.mx\/entorno-empresarial\/ratifican-por-unanimidad-a-carlos-villasenor-franco-al-frente-de-coparmex-jalisco\/#breadcrumb"},"inLanguage":"es","potentialAction":[{"@type":"ReadAction","target":["https:\/\/coparmexjal.org.mx\/entorno-empresarial\/ratifican-por-unanimidad-a-carlos-villasenor-franco-al-frente-de-coparmex-jalisco\/"]}]},{"@type":"ImageObject","inLanguage":"es","@id":"https:\/\/coparmexjal.org.mx\/entorno-empresarial\/ratifican-por-unanimidad-a-carlos-villasenor-franco-al-frente-de-coparmex-jalisco\/#primaryimage","url":"https:\/\/coparmexjal.org.mx\/entorno-empresarial\/wp-content\/uploads\/2022\/05\/Carlos-Villasenor.jpg","contentUrl":"https:\/\/coparmexjal.org.mx\/entorno-empresarial\/wp-content\/uploads\/2022\/05\/Carlos-Villasenor.jpg","width":1200,"height":800},{"@type":"BreadcrumbList","@id":"https:\/\/coparmexjal.org.mx\/entorno-empresarial\/ratifican-por-unanimidad-a-carlos-villasenor-franco-al-frente-de-coparmex-jalisco\/#breadcrumb","itemListElement":[{"@type":"ListItem","position":1,"name":"Inicio","item":"https:\/\/coparmexjal.org.mx\/entorno-empresarial\/"},{"@type":"ListItem","position":2,"name":"Ratifican por unanimidad a Carlos Villase\u00f1or Franco al frente de Coparmex Jalisco"}]},{"@type":"WebSite","@id":"https:\/\/coparmexjal.org.mx\/entorno-empresarial\/#website","url":"https:\/\/coparmexjal.org.mx\/entorno-empresarial\/","name":"Revista Entorno Empresarial","description":"Coparmex Jalisco","publisher":{"@id":"https:\/\/coparmexjal.org.mx\/entorno-empresarial\/#organization"},"potentialAction":[{"@type":"SearchAction","target":{"@type":"EntryPoint","urlTemplate":"https:\/\/coparmexjal.org.mx\/entorno-empresarial\/?s={search_term_string}"},"query-input":{"@type":"PropertyValueSpecification","valueRequired":true,"valueName":"search_term_string"}}],"inLanguage":"es"},{"@type":"Organization","@id":"https:\/\/coparmexjal.org.mx\/entorno-empresarial\/#organization","name":"Coparmex Jalisco","url":"https:\/\/coparmexjal.org.mx\/entorno-empresarial\/","logo":{"@type":"ImageObject","inLanguage":"es","@id":"https:\/\/coparmexjal.org.mx\/entorno-empresarial\/#\/schema\/logo\/image\/","url":"https:\/\/coparmexjal.org.mx\/entorno-empresarial\/wp-content\/uploads\/2020\/02\/logo-amp.png","contentUrl":"https:\/\/coparmexjal.org.mx\/entorno-empresarial\/wp-content\/uploads\/2020\/02\/logo-amp.png","width":120,"height":90,"caption":"Coparmex Jalisco"},"image":{"@id":"https:\/\/coparmexjal.org.mx\/entorno-empresarial\/#\/schema\/logo\/image\/"},"sameAs":["https:\/\/facebook.com\/comcoparmex","https:\/\/x.com\/comcoparmex","http:\/\/instagram.com\/coparmexjalisco","https:\/\/mx.linkedin.com\/company\/coparmex-jalisco","https:\/\/www.youtube.com\/c\/CoparmexJaliscomx"]},{"@type":"Person","@id":"https:\/\/coparmexjal.org.mx\/entorno-empresarial\/#\/schema\/person\/7d1d56a9587bfb3a725cd3dbfbdb9d44","name":"Coparmex Jalisco","image":{"@type":"ImageObject","inLanguage":"es","@id":"https:\/\/coparmexjal.org.mx\/entorno-empresarial\/wp-content\/uploads\/2020\/06\/favicon-150x133.png","url":"https:\/\/coparmexjal.org.mx\/entorno-empresarial\/wp-content\/uploads\/2020\/06\/favicon-150x133.png","contentUrl":"https:\/\/coparmexjal.org.mx\/entorno-empresarial\/wp-content\/uploads\/2020\/06\/favicon-150x133.png","caption":"Coparmex Jalisco"},"url":"https:\/\/coparmexjal.org.mx\/entorno-empresarial\/author\/coparmexjalisco\/"}]}},"_links":{"self":[{"href":"https:\/\/coparmexjal.org.mx\/entorno-empresarial\/wp-json\/wp\/v2\/posts\/6632","targetHints":{"allow":["GET"]}}],"collection":[{"href":"https:\/\/coparmexjal.org.mx\/entorno-empresarial\/wp-json\/wp\/v2\/posts"}],"about":[{"href":"https:\/\/coparmexjal.org.mx\/entorno-empresarial\/wp-json\/wp\/v2\/types\/post"}],"author":[{"embeddable":true,"href":"https:\/\/coparmexjal.org.mx\/entorno-empresarial\/wp-json\/wp\/v2\/users\/2"}],"replies":[{"embeddable":true,"href":"https:\/\/coparmexjal.org.mx\/entorno-empresarial\/wp-json\/wp\/v2\/comments?post=6632"}],"version-history":[{"count":1,"href":"https:\/\/coparmexjal.org.mx\/entorno-empresarial\/wp-json\/wp\/v2\/posts\/6632\/revisions"}],"predecessor-version":[{"id":6634,"href":"https:\/\/coparmexjal.org.mx\/entorno-empresarial\/wp-json\/wp\/v2\/posts\/6632\/revisions\/6634"}],"wp:featuredmedia":[{"embeddable":true,"href":"https:\/\/coparmexjal.org.mx\/entorno-empresarial\/wp-json\/wp\/v2\/media\/6633"}],"wp:attachment":[{"href":"https:\/\/coparmexjal.org.mx\/entorno-empresarial\/wp-json\/wp\/v2\/media?parent=6632"}],"wp:term":[{"taxonomy":"category","embeddable":true,"href":"https:\/\/coparmexjal.org.mx\/entorno-empresarial\/wp-json\/wp\/v2\/categories?post=6632"},{"taxonomy":"post_tag","embeddable":true,"href":"https:\/\/coparmexjal.org.mx\/entorno-empresarial\/wp-json\/wp\/v2\/tags?post=6632"}],"curies":[{"name":"wp","href":"https:\/\/api.w.org\/{rel}","templated":true}]}}