{"id":6613,"date":"2022-05-17T18:41:00","date_gmt":"2022-05-17T23:41:00","guid":{"rendered":"https:\/\/coparmexjal.org.mx\/entorno-empresarial\/?p=6613"},"modified":"2022-05-17T18:41:20","modified_gmt":"2022-05-17T23:41:20","slug":"urge-garantizar-una-operacion-eficiente-del-centro-de-conciliacion-laboral","status":"publish","type":"post","link":"https:\/\/coparmexjal.org.mx\/entorno-empresarial\/urge-garantizar-una-operacion-eficiente-del-centro-de-conciliacion-laboral\/","title":{"rendered":"Urge garantizar una operaci\u00f3n eficiente del Centro de Conciliaci\u00f3n Laboral"},"content":{"rendered":"\n<ul class=\"wp-block-list\"><li>Pide Coparmex Jalisco perfiles competentes, capacitaci\u00f3n constante, instalaciones adecuadas y presupuesto digno para la operaci\u00f3n del Centro<\/li><\/ul>\n\n\n\n<p>La conciliaci\u00f3n es el primer paso para avanzar a un modelo de justicia laboral que propicie el entendimiento, el dialogo y, sobre todo: la paz; por ello y a prop\u00f3sito de la instalaci\u00f3n de la Junta de Gobierno del Centro de Conciliaci\u00f3n Laboral del Estado de Jalisco y la entrada en vigor de las disposiciones comprendidas en la Reforma Laboral programadas para el pr\u00f3ximo 03 de octubre del presente a\u00f1o, es necesario que a la brevedad se trabaje en los siguientes puntos:<\/p>\n\n\n\n<ol class=\"wp-block-list\" type=\"1\"><li>Garantizar un mecanismo de selecci\u00f3n y seguimiento de conciliadores que establezca la definici\u00f3n clara de los perfiles, ex\u00e1menes que contemplen casos pr\u00e1cticos, as\u00ed como la integraci\u00f3n de un sistema de evaluaci\u00f3n del desempe\u00f1o para medir su rendimiento. A la par de estos requerimientos, es <strong>vital que la convocatoria para conciliadores y jueces sea abierta y que garantice la igualdad de oportunidades <\/strong>para participar.<\/li><\/ol>\n\n\n\n<ul class=\"wp-block-list\"><li>Luego de la selecci\u00f3n de perfiles, se debe dise\u00f1ar un plan de capacitaci\u00f3n de funcionarios que contemple las buenas practicas que se han realizado en otros estados donde ya est\u00e9 en ejecuci\u00f3n el sistema, o incluso de otras partes del mundo.<\/li><\/ul>\n\n\n\n<ul class=\"wp-block-list\"><li>Instalaciones dignas que permitan el \u00f3ptimo desarrollo de las actividades de las y los funcionarios que vayan a laborar en el Centro de Conciliaci\u00f3n a trav\u00e9s de medios tecnol\u00f3gicos y espacios de trabajo adecuados para desarrollar de mejor manera la conciliaci\u00f3n.<\/li><\/ul>\n\n\n\n<ul class=\"wp-block-list\"><li>Presupuesto acorde a las necesidades de contrataci\u00f3n, capacitaci\u00f3n, certificaci\u00f3n, seguimiento, infraestructura y \u00f3ptima operaci\u00f3n del Centro.<\/li><\/ul>\n\n\n\n<ul class=\"wp-block-list\"><li>Una vez que los Centros est\u00e9n operando se deben apostar por conciliar 7 de cada 10 asuntos.<\/li><\/ul>\n\n\n\n<p>A poco menos de <strong>20 semanas para que inicie la implementaci\u00f3n de la reforma en la entidad<\/strong>, y ante la reciente visita de la Secretaria del Trabajo y Previsi\u00f3n Social, Luisa Mar\u00eda Alcalde, este organismo dar\u00e1 seguimiento y estar\u00e1 atento a los avances respecto al plan de trabajo y proyecto para la construcci\u00f3n de la Ciudad Laboral y a la calendarizaci\u00f3n para la elecci\u00f3n del equipo. Que, como se dijo en la visita, deber\u00e1n cumplir con el prop\u00f3sito de los 3 ejes rectores de la Reforma: justicia laboral, libertad sindical y negociaci\u00f3n colectiva aut\u00e9ntica.<\/p>\n\n\n\n<p>Coparmex Jalisco llevar\u00e1 estos puntos a la Junta de Gobierno del Centro de Conciliaci\u00f3n Laboral, de la cual formamos parte, esperando la apertura de espacios de participaci\u00f3n y dialogo para avanzar y sumar en la implementaci\u00f3n de la Conciliaci\u00f3n Laboral.<\/p>\n","protected":false},"excerpt":{"rendered":"<p>Pide Coparmex Jalisco perfiles competentes, capacitaci\u00f3n constante, instalaciones adecuadas y presupuesto digno para la operaci\u00f3n del Centro La conciliaci\u00f3n es el primer paso para avanzar<\/p>\n","protected":false},"author":2,"featured_media":6614,"comment_status":"open","ping_status":"open","sticky":false,"template":"","format":"standard","meta":{"footnotes":""},"categories":[348],"tags":[1031,1217,173],"class_list":["post-6613","post","type-post","status-publish","format-standard","has-post-thumbnail","hentry","category-noticias","tag-centro-de-conciliacion","tag-conciliacion-laboral","tag-empresas"],"yoast_head":"<!-- This site is optimized with the Yoast SEO plugin v27.4 - https:\/\/yoast.com\/product\/yoast-seo-wordpress\/ -->\n<title>Urge garantizar una operaci\u00f3n eficiente del Centro de Conciliaci\u00f3n Laboral - Entorno Empresarial<\/title>\n<meta name=\"robots\" content=\"index, follow, max-snippet:-1, max-image-preview:large, max-video-preview:-1\" \/>\n<link rel=\"canonical\" href=\"https:\/\/coparmexjal.org.mx\/entorno-empresarial\/urge-garantizar-una-operacion-eficiente-del-centro-de-conciliacion-laboral\/\" \/>\n<meta property=\"og:locale\" content=\"es_MX\" \/>\n<meta property=\"og:type\" content=\"article\" \/>\n<meta property=\"og:title\" content=\"Urge garantizar una operaci\u00f3n eficiente del Centro de Conciliaci\u00f3n Laboral - Entorno Empresarial\" \/>\n<meta property=\"og:description\" content=\"Pide Coparmex Jalisco perfiles competentes, capacitaci\u00f3n constante, instalaciones adecuadas y presupuesto digno para la operaci\u00f3n del Centro La conciliaci\u00f3n es el primer paso para avanzar\" \/>\n<meta property=\"og:url\" content=\"https:\/\/coparmexjal.org.mx\/entorno-empresarial\/urge-garantizar-una-operacion-eficiente-del-centro-de-conciliacion-laboral\/\" \/>\n<meta property=\"og:site_name\" content=\"Entorno Empresarial\" \/>\n<meta property=\"article:publisher\" content=\"https:\/\/facebook.com\/comcoparmex\" \/>\n<meta property=\"article:published_time\" content=\"2022-05-17T23:41:00+00:00\" \/>\n<meta property=\"article:modified_time\" content=\"2022-05-17T23:41:20+00:00\" \/>\n<meta property=\"og:image\" content=\"https:\/\/coparmexjal.org.mx\/entorno-empresarial\/wp-content\/uploads\/2022\/05\/52050690170_6ded2ece17_z.jpg\" \/>\n\t<meta property=\"og:image:width\" content=\"640\" \/>\n\t<meta property=\"og:image:height\" content=\"427\" \/>\n\t<meta property=\"og:image:type\" content=\"image\/jpeg\" \/>\n<meta name=\"author\" content=\"Coparmex Jalisco\" \/>\n<meta name=\"twitter:card\" content=\"summary_large_image\" \/>\n<meta name=\"twitter:creator\" content=\"@comcoparmex\" \/>\n<meta name=\"twitter:site\" content=\"@comcoparmex\" \/>\n<meta name=\"twitter:label1\" content=\"Escrito por\" \/>\n\t<meta name=\"twitter:data1\" content=\"Coparmex Jalisco\" \/>\n\t<meta name=\"twitter:label2\" content=\"Tiempo de lectura\" \/>\n\t<meta name=\"twitter:data2\" content=\"2 minutos\" \/>\n<script type=\"application\/ld+json\" class=\"yoast-schema-graph\">{\"@context\":\"https:\\\/\\\/schema.org\",\"@graph\":[{\"@type\":\"Article\",\"@id\":\"https:\\\/\\\/coparmexjal.org.mx\\\/entorno-empresarial\\\/urge-garantizar-una-operacion-eficiente-del-centro-de-conciliacion-laboral\\\/#article\",\"isPartOf\":{\"@id\":\"https:\\\/\\\/coparmexjal.org.mx\\\/entorno-empresarial\\\/urge-garantizar-una-operacion-eficiente-del-centro-de-conciliacion-laboral\\\/\"},\"author\":{\"name\":\"Coparmex Jalisco\",\"@id\":\"https:\\\/\\\/coparmexjal.org.mx\\\/entorno-empresarial\\\/#\\\/schema\\\/person\\\/7d1d56a9587bfb3a725cd3dbfbdb9d44\"},\"headline\":\"Urge garantizar una operaci\u00f3n eficiente del Centro de Conciliaci\u00f3n Laboral\",\"datePublished\":\"2022-05-17T23:41:00+00:00\",\"dateModified\":\"2022-05-17T23:41:20+00:00\",\"mainEntityOfPage\":{\"@id\":\"https:\\\/\\\/coparmexjal.org.mx\\\/entorno-empresarial\\\/urge-garantizar-una-operacion-eficiente-del-centro-de-conciliacion-laboral\\\/\"},\"wordCount\":460,\"commentCount\":0,\"publisher\":{\"@id\":\"https:\\\/\\\/coparmexjal.org.mx\\\/entorno-empresarial\\\/#organization\"},\"image\":{\"@id\":\"https:\\\/\\\/coparmexjal.org.mx\\\/entorno-empresarial\\\/urge-garantizar-una-operacion-eficiente-del-centro-de-conciliacion-laboral\\\/#primaryimage\"},\"thumbnailUrl\":\"https:\\\/\\\/coparmexjal.org.mx\\\/entorno-empresarial\\\/wp-content\\\/uploads\\\/2022\\\/05\\\/52050690170_6ded2ece17_z.jpg\",\"keywords\":[\"Centro de Conciliaci\u00f3n\",\"Conciliaci\u00f3n Laboral\",\"empresas\"],\"articleSection\":[\"Noticias\"],\"inLanguage\":\"es\",\"potentialAction\":[{\"@type\":\"CommentAction\",\"name\":\"Comment\",\"target\":[\"https:\\\/\\\/coparmexjal.org.mx\\\/entorno-empresarial\\\/urge-garantizar-una-operacion-eficiente-del-centro-de-conciliacion-laboral\\\/#respond\"]}]},{\"@type\":\"WebPage\",\"@id\":\"https:\\\/\\\/coparmexjal.org.mx\\\/entorno-empresarial\\\/urge-garantizar-una-operacion-eficiente-del-centro-de-conciliacion-laboral\\\/\",\"url\":\"https:\\\/\\\/coparmexjal.org.mx\\\/entorno-empresarial\\\/urge-garantizar-una-operacion-eficiente-del-centro-de-conciliacion-laboral\\\/\",\"name\":\"Urge garantizar una operaci\u00f3n eficiente del Centro de Conciliaci\u00f3n Laboral - Entorno Empresarial\",\"isPartOf\":{\"@id\":\"https:\\\/\\\/coparmexjal.org.mx\\\/entorno-empresarial\\\/#website\"},\"primaryImageOfPage\":{\"@id\":\"https:\\\/\\\/coparmexjal.org.mx\\\/entorno-empresarial\\\/urge-garantizar-una-operacion-eficiente-del-centro-de-conciliacion-laboral\\\/#primaryimage\"},\"image\":{\"@id\":\"https:\\\/\\\/coparmexjal.org.mx\\\/entorno-empresarial\\\/urge-garantizar-una-operacion-eficiente-del-centro-de-conciliacion-laboral\\\/#primaryimage\"},\"thumbnailUrl\":\"https:\\\/\\\/coparmexjal.org.mx\\\/entorno-empresarial\\\/wp-content\\\/uploads\\\/2022\\\/05\\\/52050690170_6ded2ece17_z.jpg\",\"datePublished\":\"2022-05-17T23:41:00+00:00\",\"dateModified\":\"2022-05-17T23:41:20+00:00\",\"breadcrumb\":{\"@id\":\"https:\\\/\\\/coparmexjal.org.mx\\\/entorno-empresarial\\\/urge-garantizar-una-operacion-eficiente-del-centro-de-conciliacion-laboral\\\/#breadcrumb\"},\"inLanguage\":\"es\",\"potentialAction\":[{\"@type\":\"ReadAction\",\"target\":[\"https:\\\/\\\/coparmexjal.org.mx\\\/entorno-empresarial\\\/urge-garantizar-una-operacion-eficiente-del-centro-de-conciliacion-laboral\\\/\"]}]},{\"@type\":\"ImageObject\",\"inLanguage\":\"es\",\"@id\":\"https:\\\/\\\/coparmexjal.org.mx\\\/entorno-empresarial\\\/urge-garantizar-una-operacion-eficiente-del-centro-de-conciliacion-laboral\\\/#primaryimage\",\"url\":\"https:\\\/\\\/coparmexjal.org.mx\\\/entorno-empresarial\\\/wp-content\\\/uploads\\\/2022\\\/05\\\/52050690170_6ded2ece17_z.jpg\",\"contentUrl\":\"https:\\\/\\\/coparmexjal.org.mx\\\/entorno-empresarial\\\/wp-content\\\/uploads\\\/2022\\\/05\\\/52050690170_6ded2ece17_z.jpg\",\"width\":640,\"height\":427},{\"@type\":\"BreadcrumbList\",\"@id\":\"https:\\\/\\\/coparmexjal.org.mx\\\/entorno-empresarial\\\/urge-garantizar-una-operacion-eficiente-del-centro-de-conciliacion-laboral\\\/#breadcrumb\",\"itemListElement\":[{\"@type\":\"ListItem\",\"position\":1,\"name\":\"Inicio\",\"item\":\"https:\\\/\\\/coparmexjal.org.mx\\\/entorno-empresarial\\\/\"},{\"@type\":\"ListItem\",\"position\":2,\"name\":\"Urge garantizar una operaci\u00f3n eficiente del Centro de Conciliaci\u00f3n Laboral\"}]},{\"@type\":\"WebSite\",\"@id\":\"https:\\\/\\\/coparmexjal.org.mx\\\/entorno-empresarial\\\/#website\",\"url\":\"https:\\\/\\\/coparmexjal.org.mx\\\/entorno-empresarial\\\/\",\"name\":\"Revista Entorno Empresarial\",\"description\":\"Coparmex Jalisco\",\"publisher\":{\"@id\":\"https:\\\/\\\/coparmexjal.org.mx\\\/entorno-empresarial\\\/#organization\"},\"potentialAction\":[{\"@type\":\"SearchAction\",\"target\":{\"@type\":\"EntryPoint\",\"urlTemplate\":\"https:\\\/\\\/coparmexjal.org.mx\\\/entorno-empresarial\\\/?s={search_term_string}\"},\"query-input\":{\"@type\":\"PropertyValueSpecification\",\"valueRequired\":true,\"valueName\":\"search_term_string\"}}],\"inLanguage\":\"es\"},{\"@type\":\"Organization\",\"@id\":\"https:\\\/\\\/coparmexjal.org.mx\\\/entorno-empresarial\\\/#organization\",\"name\":\"Coparmex Jalisco\",\"url\":\"https:\\\/\\\/coparmexjal.org.mx\\\/entorno-empresarial\\\/\",\"logo\":{\"@type\":\"ImageObject\",\"inLanguage\":\"es\",\"@id\":\"https:\\\/\\\/coparmexjal.org.mx\\\/entorno-empresarial\\\/#\\\/schema\\\/logo\\\/image\\\/\",\"url\":\"https:\\\/\\\/coparmexjal.org.mx\\\/entorno-empresarial\\\/wp-content\\\/uploads\\\/2020\\\/02\\\/logo-amp.png\",\"contentUrl\":\"https:\\\/\\\/coparmexjal.org.mx\\\/entorno-empresarial\\\/wp-content\\\/uploads\\\/2020\\\/02\\\/logo-amp.png\",\"width\":120,\"height\":90,\"caption\":\"Coparmex Jalisco\"},\"image\":{\"@id\":\"https:\\\/\\\/coparmexjal.org.mx\\\/entorno-empresarial\\\/#\\\/schema\\\/logo\\\/image\\\/\"},\"sameAs\":[\"https:\\\/\\\/facebook.com\\\/comcoparmex\",\"https:\\\/\\\/x.com\\\/comcoparmex\",\"http:\\\/\\\/instagram.com\\\/coparmexjalisco\",\"https:\\\/\\\/mx.linkedin.com\\\/company\\\/coparmex-jalisco\",\"https:\\\/\\\/www.youtube.com\\\/c\\\/CoparmexJaliscomx\"]},{\"@type\":\"Person\",\"@id\":\"https:\\\/\\\/coparmexjal.org.mx\\\/entorno-empresarial\\\/#\\\/schema\\\/person\\\/7d1d56a9587bfb3a725cd3dbfbdb9d44\",\"name\":\"Coparmex Jalisco\",\"image\":{\"@type\":\"ImageObject\",\"inLanguage\":\"es\",\"@id\":\"https:\\\/\\\/coparmexjal.org.mx\\\/entorno-empresarial\\\/wp-content\\\/uploads\\\/2020\\\/06\\\/favicon-150x133.png\",\"url\":\"https:\\\/\\\/coparmexjal.org.mx\\\/entorno-empresarial\\\/wp-content\\\/uploads\\\/2020\\\/06\\\/favicon-150x133.png\",\"contentUrl\":\"https:\\\/\\\/coparmexjal.org.mx\\\/entorno-empresarial\\\/wp-content\\\/uploads\\\/2020\\\/06\\\/favicon-150x133.png\",\"caption\":\"Coparmex Jalisco\"},\"url\":\"https:\\\/\\\/coparmexjal.org.mx\\\/entorno-empresarial\\\/author\\\/coparmexjalisco\\\/\"}]}<\/script>\n<!-- \/ Yoast SEO plugin. -->","yoast_head_json":{"title":"Urge garantizar una operaci\u00f3n eficiente del Centro de Conciliaci\u00f3n Laboral - Entorno Empresarial","robots":{"index":"index","follow":"follow","max-snippet":"max-snippet:-1","max-image-preview":"max-image-preview:large","max-video-preview":"max-video-preview:-1"},"canonical":"https:\/\/coparmexjal.org.mx\/entorno-empresarial\/urge-garantizar-una-operacion-eficiente-del-centro-de-conciliacion-laboral\/","og_locale":"es_MX","og_type":"article","og_title":"Urge garantizar una operaci\u00f3n eficiente del Centro de Conciliaci\u00f3n Laboral - Entorno Empresarial","og_description":"Pide Coparmex Jalisco perfiles competentes, capacitaci\u00f3n constante, instalaciones adecuadas y presupuesto digno para la operaci\u00f3n del Centro La conciliaci\u00f3n es el primer paso para avanzar","og_url":"https:\/\/coparmexjal.org.mx\/entorno-empresarial\/urge-garantizar-una-operacion-eficiente-del-centro-de-conciliacion-laboral\/","og_site_name":"Entorno Empresarial","article_publisher":"https:\/\/facebook.com\/comcoparmex","article_published_time":"2022-05-17T23:41:00+00:00","article_modified_time":"2022-05-17T23:41:20+00:00","og_image":[{"width":640,"height":427,"url":"https:\/\/coparmexjal.org.mx\/entorno-empresarial\/wp-content\/uploads\/2022\/05\/52050690170_6ded2ece17_z.jpg","type":"image\/jpeg"}],"author":"Coparmex Jalisco","twitter_card":"summary_large_image","twitter_creator":"@comcoparmex","twitter_site":"@comcoparmex","twitter_misc":{"Escrito por":"Coparmex Jalisco","Tiempo de lectura":"2 minutos"},"schema":{"@context":"https:\/\/schema.org","@graph":[{"@type":"Article","@id":"https:\/\/coparmexjal.org.mx\/entorno-empresarial\/urge-garantizar-una-operacion-eficiente-del-centro-de-conciliacion-laboral\/#article","isPartOf":{"@id":"https:\/\/coparmexjal.org.mx\/entorno-empresarial\/urge-garantizar-una-operacion-eficiente-del-centro-de-conciliacion-laboral\/"},"author":{"name":"Coparmex Jalisco","@id":"https:\/\/coparmexjal.org.mx\/entorno-empresarial\/#\/schema\/person\/7d1d56a9587bfb3a725cd3dbfbdb9d44"},"headline":"Urge garantizar una operaci\u00f3n eficiente del Centro de Conciliaci\u00f3n Laboral","datePublished":"2022-05-17T23:41:00+00:00","dateModified":"2022-05-17T23:41:20+00:00","mainEntityOfPage":{"@id":"https:\/\/coparmexjal.org.mx\/entorno-empresarial\/urge-garantizar-una-operacion-eficiente-del-centro-de-conciliacion-laboral\/"},"wordCount":460,"commentCount":0,"publisher":{"@id":"https:\/\/coparmexjal.org.mx\/entorno-empresarial\/#organization"},"image":{"@id":"https:\/\/coparmexjal.org.mx\/entorno-empresarial\/urge-garantizar-una-operacion-eficiente-del-centro-de-conciliacion-laboral\/#primaryimage"},"thumbnailUrl":"https:\/\/coparmexjal.org.mx\/entorno-empresarial\/wp-content\/uploads\/2022\/05\/52050690170_6ded2ece17_z.jpg","keywords":["Centro de Conciliaci\u00f3n","Conciliaci\u00f3n Laboral","empresas"],"articleSection":["Noticias"],"inLanguage":"es","potentialAction":[{"@type":"CommentAction","name":"Comment","target":["https:\/\/coparmexjal.org.mx\/entorno-empresarial\/urge-garantizar-una-operacion-eficiente-del-centro-de-conciliacion-laboral\/#respond"]}]},{"@type":"WebPage","@id":"https:\/\/coparmexjal.org.mx\/entorno-empresarial\/urge-garantizar-una-operacion-eficiente-del-centro-de-conciliacion-laboral\/","url":"https:\/\/coparmexjal.org.mx\/entorno-empresarial\/urge-garantizar-una-operacion-eficiente-del-centro-de-conciliacion-laboral\/","name":"Urge garantizar una operaci\u00f3n eficiente del Centro de Conciliaci\u00f3n Laboral - Entorno Empresarial","isPartOf":{"@id":"https:\/\/coparmexjal.org.mx\/entorno-empresarial\/#website"},"primaryImageOfPage":{"@id":"https:\/\/coparmexjal.org.mx\/entorno-empresarial\/urge-garantizar-una-operacion-eficiente-del-centro-de-conciliacion-laboral\/#primaryimage"},"image":{"@id":"https:\/\/coparmexjal.org.mx\/entorno-empresarial\/urge-garantizar-una-operacion-eficiente-del-centro-de-conciliacion-laboral\/#primaryimage"},"thumbnailUrl":"https:\/\/coparmexjal.org.mx\/entorno-empresarial\/wp-content\/uploads\/2022\/05\/52050690170_6ded2ece17_z.jpg","datePublished":"2022-05-17T23:41:00+00:00","dateModified":"2022-05-17T23:41:20+00:00","breadcrumb":{"@id":"https:\/\/coparmexjal.org.mx\/entorno-empresarial\/urge-garantizar-una-operacion-eficiente-del-centro-de-conciliacion-laboral\/#breadcrumb"},"inLanguage":"es","potentialAction":[{"@type":"ReadAction","target":["https:\/\/coparmexjal.org.mx\/entorno-empresarial\/urge-garantizar-una-operacion-eficiente-del-centro-de-conciliacion-laboral\/"]}]},{"@type":"ImageObject","inLanguage":"es","@id":"https:\/\/coparmexjal.org.mx\/entorno-empresarial\/urge-garantizar-una-operacion-eficiente-del-centro-de-conciliacion-laboral\/#primaryimage","url":"https:\/\/coparmexjal.org.mx\/entorno-empresarial\/wp-content\/uploads\/2022\/05\/52050690170_6ded2ece17_z.jpg","contentUrl":"https:\/\/coparmexjal.org.mx\/entorno-empresarial\/wp-content\/uploads\/2022\/05\/52050690170_6ded2ece17_z.jpg","width":640,"height":427},{"@type":"BreadcrumbList","@id":"https:\/\/coparmexjal.org.mx\/entorno-empresarial\/urge-garantizar-una-operacion-eficiente-del-centro-de-conciliacion-laboral\/#breadcrumb","itemListElement":[{"@type":"ListItem","position":1,"name":"Inicio","item":"https:\/\/coparmexjal.org.mx\/entorno-empresarial\/"},{"@type":"ListItem","position":2,"name":"Urge garantizar una operaci\u00f3n eficiente del Centro de Conciliaci\u00f3n Laboral"}]},{"@type":"WebSite","@id":"https:\/\/coparmexjal.org.mx\/entorno-empresarial\/#website","url":"https:\/\/coparmexjal.org.mx\/entorno-empresarial\/","name":"Revista Entorno Empresarial","description":"Coparmex Jalisco","publisher":{"@id":"https:\/\/coparmexjal.org.mx\/entorno-empresarial\/#organization"},"potentialAction":[{"@type":"SearchAction","target":{"@type":"EntryPoint","urlTemplate":"https:\/\/coparmexjal.org.mx\/entorno-empresarial\/?s={search_term_string}"},"query-input":{"@type":"PropertyValueSpecification","valueRequired":true,"valueName":"search_term_string"}}],"inLanguage":"es"},{"@type":"Organization","@id":"https:\/\/coparmexjal.org.mx\/entorno-empresarial\/#organization","name":"Coparmex Jalisco","url":"https:\/\/coparmexjal.org.mx\/entorno-empresarial\/","logo":{"@type":"ImageObject","inLanguage":"es","@id":"https:\/\/coparmexjal.org.mx\/entorno-empresarial\/#\/schema\/logo\/image\/","url":"https:\/\/coparmexjal.org.mx\/entorno-empresarial\/wp-content\/uploads\/2020\/02\/logo-amp.png","contentUrl":"https:\/\/coparmexjal.org.mx\/entorno-empresarial\/wp-content\/uploads\/2020\/02\/logo-amp.png","width":120,"height":90,"caption":"Coparmex Jalisco"},"image":{"@id":"https:\/\/coparmexjal.org.mx\/entorno-empresarial\/#\/schema\/logo\/image\/"},"sameAs":["https:\/\/facebook.com\/comcoparmex","https:\/\/x.com\/comcoparmex","http:\/\/instagram.com\/coparmexjalisco","https:\/\/mx.linkedin.com\/company\/coparmex-jalisco","https:\/\/www.youtube.com\/c\/CoparmexJaliscomx"]},{"@type":"Person","@id":"https:\/\/coparmexjal.org.mx\/entorno-empresarial\/#\/schema\/person\/7d1d56a9587bfb3a725cd3dbfbdb9d44","name":"Coparmex Jalisco","image":{"@type":"ImageObject","inLanguage":"es","@id":"https:\/\/coparmexjal.org.mx\/entorno-empresarial\/wp-content\/uploads\/2020\/06\/favicon-150x133.png","url":"https:\/\/coparmexjal.org.mx\/entorno-empresarial\/wp-content\/uploads\/2020\/06\/favicon-150x133.png","contentUrl":"https:\/\/coparmexjal.org.mx\/entorno-empresarial\/wp-content\/uploads\/2020\/06\/favicon-150x133.png","caption":"Coparmex Jalisco"},"url":"https:\/\/coparmexjal.org.mx\/entorno-empresarial\/author\/coparmexjalisco\/"}]}},"_links":{"self":[{"href":"https:\/\/coparmexjal.org.mx\/entorno-empresarial\/wp-json\/wp\/v2\/posts\/6613","targetHints":{"allow":["GET"]}}],"collection":[{"href":"https:\/\/coparmexjal.org.mx\/entorno-empresarial\/wp-json\/wp\/v2\/posts"}],"about":[{"href":"https:\/\/coparmexjal.org.mx\/entorno-empresarial\/wp-json\/wp\/v2\/types\/post"}],"author":[{"embeddable":true,"href":"https:\/\/coparmexjal.org.mx\/entorno-empresarial\/wp-json\/wp\/v2\/users\/2"}],"replies":[{"embeddable":true,"href":"https:\/\/coparmexjal.org.mx\/entorno-empresarial\/wp-json\/wp\/v2\/comments?post=6613"}],"version-history":[{"count":1,"href":"https:\/\/coparmexjal.org.mx\/entorno-empresarial\/wp-json\/wp\/v2\/posts\/6613\/revisions"}],"predecessor-version":[{"id":6616,"href":"https:\/\/coparmexjal.org.mx\/entorno-empresarial\/wp-json\/wp\/v2\/posts\/6613\/revisions\/6616"}],"wp:featuredmedia":[{"embeddable":true,"href":"https:\/\/coparmexjal.org.mx\/entorno-empresarial\/wp-json\/wp\/v2\/media\/6614"}],"wp:attachment":[{"href":"https:\/\/coparmexjal.org.mx\/entorno-empresarial\/wp-json\/wp\/v2\/media?parent=6613"}],"wp:term":[{"taxonomy":"category","embeddable":true,"href":"https:\/\/coparmexjal.org.mx\/entorno-empresarial\/wp-json\/wp\/v2\/categories?post=6613"},{"taxonomy":"post_tag","embeddable":true,"href":"https:\/\/coparmexjal.org.mx\/entorno-empresarial\/wp-json\/wp\/v2\/tags?post=6613"}],"curies":[{"name":"wp","href":"https:\/\/api.w.org\/{rel}","templated":true}]}}