{"id":6586,"date":"2022-05-10T13:54:10","date_gmt":"2022-05-10T18:54:10","guid":{"rendered":"https:\/\/coparmexjal.org.mx\/entorno-empresarial\/?p=6586"},"modified":"2022-05-10T13:54:19","modified_gmt":"2022-05-10T18:54:19","slug":"gobierno-de-jalisco-anuncia-ajustes-sobre-uso-de-cubrebocas-en-espacios-publicos-y-privados","status":"publish","type":"post","link":"https:\/\/coparmexjal.org.mx\/entorno-empresarial\/gobierno-de-jalisco-anuncia-ajustes-sobre-uso-de-cubrebocas-en-espacios-publicos-y-privados\/","title":{"rendered":"Gobierno de Jalisco anuncia ajustes sobre uso de cubrebocas en espacios p\u00fablicos y privados"},"content":{"rendered":"\n<ul class=\"wp-block-list\"><li><strong>Se reserva su uso al interior del transporte p\u00fablico y en instalaciones de atenci\u00f3n m\u00e9dica<\/strong><\/li><\/ul>\n\n\n\n<p>Ante la tendencia a la baja de casos de Covid19 en la entidad y el control en las hospitalizaciones, el Gobierno de Jalisco public\u00f3 el acuerdo DIELAG ACU 024\/2022, destacando los siguientes puntos:<\/p>\n\n\n\n<p>1. Es obligatorio el uso correcto de cubrebocas, cubriendo boca y nariz, para todas las personas que se encuentren en el <strong>transporte p\u00fablico, <\/strong>as\u00ed como al interior de las instalaciones para los usuarios del mismo, como son centrales de autobuses, aeropuertos y estaciones del transporte p\u00fablico; as\u00ed como en<strong> instalaciones de atenci\u00f3n a la salud, <\/strong>tanto p\u00fablicos como privados, como son Hospitales, Centros de Salud, cl\u00ednicas o consultorios, farmacias, laboratorios de an\u00e1lisis cl\u00ednicos o cualquier lugar de prestaci\u00f3n de servicios m\u00e9dicos.<\/p>\n\n\n\n<p>2. Es importante mencionar que dentro del mismo acuerdo se menciona que el uso del cubrebocas podr\u00e1 requerirse en aquellos<strong> establecimientos p\u00fablicos o privados que as\u00ed lo consideren pertinente, en atenci\u00f3n a las recomendaciones emitidas por la Organizaci\u00f3n Mundial de la Salud.<\/strong><\/p>\n\n\n\n<p>3. En seguimiento a la protecci\u00f3n de <strong>sectores vulnerables<\/strong>, el mismo acuerdo establece la recomendaci\u00f3n de su uso en espacios p\u00fablicos a toda persona mayor de 60 a\u00f1os de edad, en estado de embarazo o puerperio inmediato, con diagn\u00f3stico de hipertensi\u00f3n arterial, diabetes mellitus, enfermedad card\u00edaca o pulmonar cr\u00f3nicas, inmunosupresi\u00f3n (adquirida o provocada), as\u00ed como insuficiencia renal o hep\u00e1tica.<\/p>\n\n\n\n<p>Recordemos que la pandemia a\u00fan contin\u00faa, por lo que se hace la invitaci\u00f3n voluntaria al vacunarse o en su caso completar el esquema de vacunaci\u00f3n con el objetivo de continuar con el control de casos y hospitalizaciones.<\/p>\n\n\n\n<p>Coparmex Jalisco invita a la poblaci\u00f3n a seguir atendiendo los canales de comunicaci\u00f3n oficiales de las autoridades y estar atentos a cualquier ajuste en la estrategia sanitaria.<\/p>\n","protected":false},"excerpt":{"rendered":"<p>Se reserva su uso al interior del transporte p\u00fablico y en instalaciones de atenci\u00f3n m\u00e9dica Ante la tendencia a la baja de casos de Covid19<\/p>\n","protected":false},"author":2,"featured_media":6587,"comment_status":"open","ping_status":"open","sticky":false,"template":"","format":"standard","meta":{"footnotes":""},"categories":[348],"tags":[431,1211,173,490],"class_list":["post-6586","post","type-post","status-publish","format-standard","has-post-thumbnail","hentry","category-noticias","tag-covid-19","tag-cubrebocas","tag-empresas","tag-pandemia"],"yoast_head":"<!-- This site is optimized with the Yoast SEO plugin v27.5 - https:\/\/yoast.com\/product\/yoast-seo-wordpress\/ -->\n<title>Gobierno de Jalisco anuncia ajustes sobre uso de cubrebocas en espacios p\u00fablicos y privados - Entorno Empresarial<\/title>\n<meta name=\"description\" content=\"Se reserva su uso al interior del transporte p\u00fablico y en instalaciones de atenci\u00f3n m\u00e9dica\" \/>\n<meta name=\"robots\" content=\"index, follow, max-snippet:-1, max-image-preview:large, max-video-preview:-1\" \/>\n<link rel=\"canonical\" href=\"https:\/\/coparmexjal.org.mx\/entorno-empresarial\/gobierno-de-jalisco-anuncia-ajustes-sobre-uso-de-cubrebocas-en-espacios-publicos-y-privados\/\" \/>\n<meta property=\"og:locale\" content=\"es_MX\" \/>\n<meta property=\"og:type\" content=\"article\" \/>\n<meta property=\"og:title\" content=\"Gobierno de Jalisco anuncia ajustes sobre uso de cubrebocas en espacios p\u00fablicos y privados - Entorno Empresarial\" \/>\n<meta property=\"og:description\" content=\"Se reserva su uso al interior del transporte p\u00fablico y en instalaciones de atenci\u00f3n m\u00e9dica\" \/>\n<meta property=\"og:url\" content=\"https:\/\/coparmexjal.org.mx\/entorno-empresarial\/gobierno-de-jalisco-anuncia-ajustes-sobre-uso-de-cubrebocas-en-espacios-publicos-y-privados\/\" \/>\n<meta property=\"og:site_name\" content=\"Entorno Empresarial\" \/>\n<meta property=\"article:publisher\" content=\"https:\/\/facebook.com\/comcoparmex\" \/>\n<meta property=\"article:published_time\" content=\"2022-05-10T18:54:10+00:00\" \/>\n<meta property=\"article:modified_time\" content=\"2022-05-10T18:54:19+00:00\" \/>\n<meta property=\"og:image\" content=\"https:\/\/coparmexjal.org.mx\/entorno-empresarial\/wp-content\/uploads\/2022\/05\/WhatsApp-Image-2022-05-10-at-12.06.56-PM.jpeg\" \/>\n\t<meta property=\"og:image:width\" content=\"1280\" \/>\n\t<meta property=\"og:image:height\" content=\"720\" \/>\n\t<meta property=\"og:image:type\" content=\"image\/jpeg\" \/>\n<meta name=\"author\" content=\"Coparmex Jalisco\" \/>\n<meta name=\"twitter:card\" content=\"summary_large_image\" \/>\n<meta name=\"twitter:creator\" content=\"@comcoparmex\" \/>\n<meta name=\"twitter:site\" content=\"@comcoparmex\" \/>\n<meta name=\"twitter:label1\" content=\"Escrito por\" \/>\n\t<meta name=\"twitter:data1\" content=\"Coparmex Jalisco\" \/>\n\t<meta name=\"twitter:label2\" content=\"Tiempo de lectura\" \/>\n\t<meta name=\"twitter:data2\" content=\"2 minutos\" \/>\n<script type=\"application\/ld+json\" class=\"yoast-schema-graph\">{\"@context\":\"https:\\\/\\\/schema.org\",\"@graph\":[{\"@type\":\"Article\",\"@id\":\"https:\\\/\\\/coparmexjal.org.mx\\\/entorno-empresarial\\\/gobierno-de-jalisco-anuncia-ajustes-sobre-uso-de-cubrebocas-en-espacios-publicos-y-privados\\\/#article\",\"isPartOf\":{\"@id\":\"https:\\\/\\\/coparmexjal.org.mx\\\/entorno-empresarial\\\/gobierno-de-jalisco-anuncia-ajustes-sobre-uso-de-cubrebocas-en-espacios-publicos-y-privados\\\/\"},\"author\":{\"name\":\"Coparmex Jalisco\",\"@id\":\"https:\\\/\\\/coparmexjal.org.mx\\\/entorno-empresarial\\\/#\\\/schema\\\/person\\\/7d1d56a9587bfb3a725cd3dbfbdb9d44\"},\"headline\":\"Gobierno de Jalisco anuncia ajustes sobre uso de cubrebocas en espacios p\u00fablicos y privados\",\"datePublished\":\"2022-05-10T18:54:10+00:00\",\"dateModified\":\"2022-05-10T18:54:19+00:00\",\"mainEntityOfPage\":{\"@id\":\"https:\\\/\\\/coparmexjal.org.mx\\\/entorno-empresarial\\\/gobierno-de-jalisco-anuncia-ajustes-sobre-uso-de-cubrebocas-en-espacios-publicos-y-privados\\\/\"},\"wordCount\":335,\"commentCount\":0,\"publisher\":{\"@id\":\"https:\\\/\\\/coparmexjal.org.mx\\\/entorno-empresarial\\\/#organization\"},\"image\":{\"@id\":\"https:\\\/\\\/coparmexjal.org.mx\\\/entorno-empresarial\\\/gobierno-de-jalisco-anuncia-ajustes-sobre-uso-de-cubrebocas-en-espacios-publicos-y-privados\\\/#primaryimage\"},\"thumbnailUrl\":\"https:\\\/\\\/coparmexjal.org.mx\\\/entorno-empresarial\\\/wp-content\\\/uploads\\\/2022\\\/05\\\/WhatsApp-Image-2022-05-10-at-12.06.56-PM.jpeg\",\"keywords\":[\"covid-19\",\"cubrebocas\",\"empresas\",\"Pandemia\"],\"articleSection\":[\"Noticias\"],\"inLanguage\":\"es\",\"potentialAction\":[{\"@type\":\"CommentAction\",\"name\":\"Comment\",\"target\":[\"https:\\\/\\\/coparmexjal.org.mx\\\/entorno-empresarial\\\/gobierno-de-jalisco-anuncia-ajustes-sobre-uso-de-cubrebocas-en-espacios-publicos-y-privados\\\/#respond\"]}]},{\"@type\":\"WebPage\",\"@id\":\"https:\\\/\\\/coparmexjal.org.mx\\\/entorno-empresarial\\\/gobierno-de-jalisco-anuncia-ajustes-sobre-uso-de-cubrebocas-en-espacios-publicos-y-privados\\\/\",\"url\":\"https:\\\/\\\/coparmexjal.org.mx\\\/entorno-empresarial\\\/gobierno-de-jalisco-anuncia-ajustes-sobre-uso-de-cubrebocas-en-espacios-publicos-y-privados\\\/\",\"name\":\"Gobierno de Jalisco anuncia ajustes sobre uso de cubrebocas en espacios p\u00fablicos y privados - Entorno Empresarial\",\"isPartOf\":{\"@id\":\"https:\\\/\\\/coparmexjal.org.mx\\\/entorno-empresarial\\\/#website\"},\"primaryImageOfPage\":{\"@id\":\"https:\\\/\\\/coparmexjal.org.mx\\\/entorno-empresarial\\\/gobierno-de-jalisco-anuncia-ajustes-sobre-uso-de-cubrebocas-en-espacios-publicos-y-privados\\\/#primaryimage\"},\"image\":{\"@id\":\"https:\\\/\\\/coparmexjal.org.mx\\\/entorno-empresarial\\\/gobierno-de-jalisco-anuncia-ajustes-sobre-uso-de-cubrebocas-en-espacios-publicos-y-privados\\\/#primaryimage\"},\"thumbnailUrl\":\"https:\\\/\\\/coparmexjal.org.mx\\\/entorno-empresarial\\\/wp-content\\\/uploads\\\/2022\\\/05\\\/WhatsApp-Image-2022-05-10-at-12.06.56-PM.jpeg\",\"datePublished\":\"2022-05-10T18:54:10+00:00\",\"dateModified\":\"2022-05-10T18:54:19+00:00\",\"description\":\"Se reserva su uso al interior del transporte p\u00fablico y en instalaciones de atenci\u00f3n m\u00e9dica\",\"breadcrumb\":{\"@id\":\"https:\\\/\\\/coparmexjal.org.mx\\\/entorno-empresarial\\\/gobierno-de-jalisco-anuncia-ajustes-sobre-uso-de-cubrebocas-en-espacios-publicos-y-privados\\\/#breadcrumb\"},\"inLanguage\":\"es\",\"potentialAction\":[{\"@type\":\"ReadAction\",\"target\":[\"https:\\\/\\\/coparmexjal.org.mx\\\/entorno-empresarial\\\/gobierno-de-jalisco-anuncia-ajustes-sobre-uso-de-cubrebocas-en-espacios-publicos-y-privados\\\/\"]}]},{\"@type\":\"ImageObject\",\"inLanguage\":\"es\",\"@id\":\"https:\\\/\\\/coparmexjal.org.mx\\\/entorno-empresarial\\\/gobierno-de-jalisco-anuncia-ajustes-sobre-uso-de-cubrebocas-en-espacios-publicos-y-privados\\\/#primaryimage\",\"url\":\"https:\\\/\\\/coparmexjal.org.mx\\\/entorno-empresarial\\\/wp-content\\\/uploads\\\/2022\\\/05\\\/WhatsApp-Image-2022-05-10-at-12.06.56-PM.jpeg\",\"contentUrl\":\"https:\\\/\\\/coparmexjal.org.mx\\\/entorno-empresarial\\\/wp-content\\\/uploads\\\/2022\\\/05\\\/WhatsApp-Image-2022-05-10-at-12.06.56-PM.jpeg\",\"width\":1280,\"height\":720},{\"@type\":\"BreadcrumbList\",\"@id\":\"https:\\\/\\\/coparmexjal.org.mx\\\/entorno-empresarial\\\/gobierno-de-jalisco-anuncia-ajustes-sobre-uso-de-cubrebocas-en-espacios-publicos-y-privados\\\/#breadcrumb\",\"itemListElement\":[{\"@type\":\"ListItem\",\"position\":1,\"name\":\"Inicio\",\"item\":\"https:\\\/\\\/coparmexjal.org.mx\\\/entorno-empresarial\\\/\"},{\"@type\":\"ListItem\",\"position\":2,\"name\":\"Gobierno de Jalisco anuncia ajustes sobre uso de cubrebocas en espacios p\u00fablicos y privados\"}]},{\"@type\":\"WebSite\",\"@id\":\"https:\\\/\\\/coparmexjal.org.mx\\\/entorno-empresarial\\\/#website\",\"url\":\"https:\\\/\\\/coparmexjal.org.mx\\\/entorno-empresarial\\\/\",\"name\":\"Revista Entorno Empresarial\",\"description\":\"Coparmex Jalisco\",\"publisher\":{\"@id\":\"https:\\\/\\\/coparmexjal.org.mx\\\/entorno-empresarial\\\/#organization\"},\"potentialAction\":[{\"@type\":\"SearchAction\",\"target\":{\"@type\":\"EntryPoint\",\"urlTemplate\":\"https:\\\/\\\/coparmexjal.org.mx\\\/entorno-empresarial\\\/?s={search_term_string}\"},\"query-input\":{\"@type\":\"PropertyValueSpecification\",\"valueRequired\":true,\"valueName\":\"search_term_string\"}}],\"inLanguage\":\"es\"},{\"@type\":\"Organization\",\"@id\":\"https:\\\/\\\/coparmexjal.org.mx\\\/entorno-empresarial\\\/#organization\",\"name\":\"Coparmex Jalisco\",\"url\":\"https:\\\/\\\/coparmexjal.org.mx\\\/entorno-empresarial\\\/\",\"logo\":{\"@type\":\"ImageObject\",\"inLanguage\":\"es\",\"@id\":\"https:\\\/\\\/coparmexjal.org.mx\\\/entorno-empresarial\\\/#\\\/schema\\\/logo\\\/image\\\/\",\"url\":\"https:\\\/\\\/coparmexjal.org.mx\\\/entorno-empresarial\\\/wp-content\\\/uploads\\\/2020\\\/02\\\/logo-amp.png\",\"contentUrl\":\"https:\\\/\\\/coparmexjal.org.mx\\\/entorno-empresarial\\\/wp-content\\\/uploads\\\/2020\\\/02\\\/logo-amp.png\",\"width\":120,\"height\":90,\"caption\":\"Coparmex Jalisco\"},\"image\":{\"@id\":\"https:\\\/\\\/coparmexjal.org.mx\\\/entorno-empresarial\\\/#\\\/schema\\\/logo\\\/image\\\/\"},\"sameAs\":[\"https:\\\/\\\/facebook.com\\\/comcoparmex\",\"https:\\\/\\\/x.com\\\/comcoparmex\",\"http:\\\/\\\/instagram.com\\\/coparmexjalisco\",\"https:\\\/\\\/mx.linkedin.com\\\/company\\\/coparmex-jalisco\",\"https:\\\/\\\/www.youtube.com\\\/c\\\/CoparmexJaliscomx\"]},{\"@type\":\"Person\",\"@id\":\"https:\\\/\\\/coparmexjal.org.mx\\\/entorno-empresarial\\\/#\\\/schema\\\/person\\\/7d1d56a9587bfb3a725cd3dbfbdb9d44\",\"name\":\"Coparmex Jalisco\",\"image\":{\"@type\":\"ImageObject\",\"inLanguage\":\"es\",\"@id\":\"https:\\\/\\\/coparmexjal.org.mx\\\/entorno-empresarial\\\/wp-content\\\/uploads\\\/2020\\\/06\\\/favicon-150x133.png\",\"url\":\"https:\\\/\\\/coparmexjal.org.mx\\\/entorno-empresarial\\\/wp-content\\\/uploads\\\/2020\\\/06\\\/favicon-150x133.png\",\"contentUrl\":\"https:\\\/\\\/coparmexjal.org.mx\\\/entorno-empresarial\\\/wp-content\\\/uploads\\\/2020\\\/06\\\/favicon-150x133.png\",\"caption\":\"Coparmex Jalisco\"},\"url\":\"https:\\\/\\\/coparmexjal.org.mx\\\/entorno-empresarial\\\/author\\\/coparmexjalisco\\\/\"}]}<\/script>\n<!-- \/ Yoast SEO plugin. -->","yoast_head_json":{"title":"Gobierno de Jalisco anuncia ajustes sobre uso de cubrebocas en espacios p\u00fablicos y privados - Entorno Empresarial","description":"Se reserva su uso al interior del transporte p\u00fablico y en instalaciones de atenci\u00f3n m\u00e9dica","robots":{"index":"index","follow":"follow","max-snippet":"max-snippet:-1","max-image-preview":"max-image-preview:large","max-video-preview":"max-video-preview:-1"},"canonical":"https:\/\/coparmexjal.org.mx\/entorno-empresarial\/gobierno-de-jalisco-anuncia-ajustes-sobre-uso-de-cubrebocas-en-espacios-publicos-y-privados\/","og_locale":"es_MX","og_type":"article","og_title":"Gobierno de Jalisco anuncia ajustes sobre uso de cubrebocas en espacios p\u00fablicos y privados - Entorno Empresarial","og_description":"Se reserva su uso al interior del transporte p\u00fablico y en instalaciones de atenci\u00f3n m\u00e9dica","og_url":"https:\/\/coparmexjal.org.mx\/entorno-empresarial\/gobierno-de-jalisco-anuncia-ajustes-sobre-uso-de-cubrebocas-en-espacios-publicos-y-privados\/","og_site_name":"Entorno Empresarial","article_publisher":"https:\/\/facebook.com\/comcoparmex","article_published_time":"2022-05-10T18:54:10+00:00","article_modified_time":"2022-05-10T18:54:19+00:00","og_image":[{"width":1280,"height":720,"url":"https:\/\/coparmexjal.org.mx\/entorno-empresarial\/wp-content\/uploads\/2022\/05\/WhatsApp-Image-2022-05-10-at-12.06.56-PM.jpeg","type":"image\/jpeg"}],"author":"Coparmex Jalisco","twitter_card":"summary_large_image","twitter_creator":"@comcoparmex","twitter_site":"@comcoparmex","twitter_misc":{"Escrito por":"Coparmex Jalisco","Tiempo de lectura":"2 minutos"},"schema":{"@context":"https:\/\/schema.org","@graph":[{"@type":"Article","@id":"https:\/\/coparmexjal.org.mx\/entorno-empresarial\/gobierno-de-jalisco-anuncia-ajustes-sobre-uso-de-cubrebocas-en-espacios-publicos-y-privados\/#article","isPartOf":{"@id":"https:\/\/coparmexjal.org.mx\/entorno-empresarial\/gobierno-de-jalisco-anuncia-ajustes-sobre-uso-de-cubrebocas-en-espacios-publicos-y-privados\/"},"author":{"name":"Coparmex Jalisco","@id":"https:\/\/coparmexjal.org.mx\/entorno-empresarial\/#\/schema\/person\/7d1d56a9587bfb3a725cd3dbfbdb9d44"},"headline":"Gobierno de Jalisco anuncia ajustes sobre uso de cubrebocas en espacios p\u00fablicos y privados","datePublished":"2022-05-10T18:54:10+00:00","dateModified":"2022-05-10T18:54:19+00:00","mainEntityOfPage":{"@id":"https:\/\/coparmexjal.org.mx\/entorno-empresarial\/gobierno-de-jalisco-anuncia-ajustes-sobre-uso-de-cubrebocas-en-espacios-publicos-y-privados\/"},"wordCount":335,"commentCount":0,"publisher":{"@id":"https:\/\/coparmexjal.org.mx\/entorno-empresarial\/#organization"},"image":{"@id":"https:\/\/coparmexjal.org.mx\/entorno-empresarial\/gobierno-de-jalisco-anuncia-ajustes-sobre-uso-de-cubrebocas-en-espacios-publicos-y-privados\/#primaryimage"},"thumbnailUrl":"https:\/\/coparmexjal.org.mx\/entorno-empresarial\/wp-content\/uploads\/2022\/05\/WhatsApp-Image-2022-05-10-at-12.06.56-PM.jpeg","keywords":["covid-19","cubrebocas","empresas","Pandemia"],"articleSection":["Noticias"],"inLanguage":"es","potentialAction":[{"@type":"CommentAction","name":"Comment","target":["https:\/\/coparmexjal.org.mx\/entorno-empresarial\/gobierno-de-jalisco-anuncia-ajustes-sobre-uso-de-cubrebocas-en-espacios-publicos-y-privados\/#respond"]}]},{"@type":"WebPage","@id":"https:\/\/coparmexjal.org.mx\/entorno-empresarial\/gobierno-de-jalisco-anuncia-ajustes-sobre-uso-de-cubrebocas-en-espacios-publicos-y-privados\/","url":"https:\/\/coparmexjal.org.mx\/entorno-empresarial\/gobierno-de-jalisco-anuncia-ajustes-sobre-uso-de-cubrebocas-en-espacios-publicos-y-privados\/","name":"Gobierno de Jalisco anuncia ajustes sobre uso de cubrebocas en espacios p\u00fablicos y privados - Entorno Empresarial","isPartOf":{"@id":"https:\/\/coparmexjal.org.mx\/entorno-empresarial\/#website"},"primaryImageOfPage":{"@id":"https:\/\/coparmexjal.org.mx\/entorno-empresarial\/gobierno-de-jalisco-anuncia-ajustes-sobre-uso-de-cubrebocas-en-espacios-publicos-y-privados\/#primaryimage"},"image":{"@id":"https:\/\/coparmexjal.org.mx\/entorno-empresarial\/gobierno-de-jalisco-anuncia-ajustes-sobre-uso-de-cubrebocas-en-espacios-publicos-y-privados\/#primaryimage"},"thumbnailUrl":"https:\/\/coparmexjal.org.mx\/entorno-empresarial\/wp-content\/uploads\/2022\/05\/WhatsApp-Image-2022-05-10-at-12.06.56-PM.jpeg","datePublished":"2022-05-10T18:54:10+00:00","dateModified":"2022-05-10T18:54:19+00:00","description":"Se reserva su uso al interior del transporte p\u00fablico y en instalaciones de atenci\u00f3n m\u00e9dica","breadcrumb":{"@id":"https:\/\/coparmexjal.org.mx\/entorno-empresarial\/gobierno-de-jalisco-anuncia-ajustes-sobre-uso-de-cubrebocas-en-espacios-publicos-y-privados\/#breadcrumb"},"inLanguage":"es","potentialAction":[{"@type":"ReadAction","target":["https:\/\/coparmexjal.org.mx\/entorno-empresarial\/gobierno-de-jalisco-anuncia-ajustes-sobre-uso-de-cubrebocas-en-espacios-publicos-y-privados\/"]}]},{"@type":"ImageObject","inLanguage":"es","@id":"https:\/\/coparmexjal.org.mx\/entorno-empresarial\/gobierno-de-jalisco-anuncia-ajustes-sobre-uso-de-cubrebocas-en-espacios-publicos-y-privados\/#primaryimage","url":"https:\/\/coparmexjal.org.mx\/entorno-empresarial\/wp-content\/uploads\/2022\/05\/WhatsApp-Image-2022-05-10-at-12.06.56-PM.jpeg","contentUrl":"https:\/\/coparmexjal.org.mx\/entorno-empresarial\/wp-content\/uploads\/2022\/05\/WhatsApp-Image-2022-05-10-at-12.06.56-PM.jpeg","width":1280,"height":720},{"@type":"BreadcrumbList","@id":"https:\/\/coparmexjal.org.mx\/entorno-empresarial\/gobierno-de-jalisco-anuncia-ajustes-sobre-uso-de-cubrebocas-en-espacios-publicos-y-privados\/#breadcrumb","itemListElement":[{"@type":"ListItem","position":1,"name":"Inicio","item":"https:\/\/coparmexjal.org.mx\/entorno-empresarial\/"},{"@type":"ListItem","position":2,"name":"Gobierno de Jalisco anuncia ajustes sobre uso de cubrebocas en espacios p\u00fablicos y privados"}]},{"@type":"WebSite","@id":"https:\/\/coparmexjal.org.mx\/entorno-empresarial\/#website","url":"https:\/\/coparmexjal.org.mx\/entorno-empresarial\/","name":"Revista Entorno Empresarial","description":"Coparmex Jalisco","publisher":{"@id":"https:\/\/coparmexjal.org.mx\/entorno-empresarial\/#organization"},"potentialAction":[{"@type":"SearchAction","target":{"@type":"EntryPoint","urlTemplate":"https:\/\/coparmexjal.org.mx\/entorno-empresarial\/?s={search_term_string}"},"query-input":{"@type":"PropertyValueSpecification","valueRequired":true,"valueName":"search_term_string"}}],"inLanguage":"es"},{"@type":"Organization","@id":"https:\/\/coparmexjal.org.mx\/entorno-empresarial\/#organization","name":"Coparmex Jalisco","url":"https:\/\/coparmexjal.org.mx\/entorno-empresarial\/","logo":{"@type":"ImageObject","inLanguage":"es","@id":"https:\/\/coparmexjal.org.mx\/entorno-empresarial\/#\/schema\/logo\/image\/","url":"https:\/\/coparmexjal.org.mx\/entorno-empresarial\/wp-content\/uploads\/2020\/02\/logo-amp.png","contentUrl":"https:\/\/coparmexjal.org.mx\/entorno-empresarial\/wp-content\/uploads\/2020\/02\/logo-amp.png","width":120,"height":90,"caption":"Coparmex Jalisco"},"image":{"@id":"https:\/\/coparmexjal.org.mx\/entorno-empresarial\/#\/schema\/logo\/image\/"},"sameAs":["https:\/\/facebook.com\/comcoparmex","https:\/\/x.com\/comcoparmex","http:\/\/instagram.com\/coparmexjalisco","https:\/\/mx.linkedin.com\/company\/coparmex-jalisco","https:\/\/www.youtube.com\/c\/CoparmexJaliscomx"]},{"@type":"Person","@id":"https:\/\/coparmexjal.org.mx\/entorno-empresarial\/#\/schema\/person\/7d1d56a9587bfb3a725cd3dbfbdb9d44","name":"Coparmex Jalisco","image":{"@type":"ImageObject","inLanguage":"es","@id":"https:\/\/coparmexjal.org.mx\/entorno-empresarial\/wp-content\/uploads\/2020\/06\/favicon-150x133.png","url":"https:\/\/coparmexjal.org.mx\/entorno-empresarial\/wp-content\/uploads\/2020\/06\/favicon-150x133.png","contentUrl":"https:\/\/coparmexjal.org.mx\/entorno-empresarial\/wp-content\/uploads\/2020\/06\/favicon-150x133.png","caption":"Coparmex Jalisco"},"url":"https:\/\/coparmexjal.org.mx\/entorno-empresarial\/author\/coparmexjalisco\/"}]}},"_links":{"self":[{"href":"https:\/\/coparmexjal.org.mx\/entorno-empresarial\/wp-json\/wp\/v2\/posts\/6586","targetHints":{"allow":["GET"]}}],"collection":[{"href":"https:\/\/coparmexjal.org.mx\/entorno-empresarial\/wp-json\/wp\/v2\/posts"}],"about":[{"href":"https:\/\/coparmexjal.org.mx\/entorno-empresarial\/wp-json\/wp\/v2\/types\/post"}],"author":[{"embeddable":true,"href":"https:\/\/coparmexjal.org.mx\/entorno-empresarial\/wp-json\/wp\/v2\/users\/2"}],"replies":[{"embeddable":true,"href":"https:\/\/coparmexjal.org.mx\/entorno-empresarial\/wp-json\/wp\/v2\/comments?post=6586"}],"version-history":[{"count":1,"href":"https:\/\/coparmexjal.org.mx\/entorno-empresarial\/wp-json\/wp\/v2\/posts\/6586\/revisions"}],"predecessor-version":[{"id":6588,"href":"https:\/\/coparmexjal.org.mx\/entorno-empresarial\/wp-json\/wp\/v2\/posts\/6586\/revisions\/6588"}],"wp:featuredmedia":[{"embeddable":true,"href":"https:\/\/coparmexjal.org.mx\/entorno-empresarial\/wp-json\/wp\/v2\/media\/6587"}],"wp:attachment":[{"href":"https:\/\/coparmexjal.org.mx\/entorno-empresarial\/wp-json\/wp\/v2\/media?parent=6586"}],"wp:term":[{"taxonomy":"category","embeddable":true,"href":"https:\/\/coparmexjal.org.mx\/entorno-empresarial\/wp-json\/wp\/v2\/categories?post=6586"},{"taxonomy":"post_tag","embeddable":true,"href":"https:\/\/coparmexjal.org.mx\/entorno-empresarial\/wp-json\/wp\/v2\/tags?post=6586"}],"curies":[{"name":"wp","href":"https:\/\/api.w.org\/{rel}","templated":true}]}}