{"id":6569,"date":"2022-04-29T16:21:39","date_gmt":"2022-04-29T21:21:39","guid":{"rendered":"https:\/\/coparmexjal.org.mx\/entorno-empresarial\/?p=6569"},"modified":"2022-04-29T16:26:21","modified_gmt":"2022-04-29T21:26:21","slug":"retos-que-enfrentan-los-directores-comerciales","status":"publish","type":"post","link":"https:\/\/coparmexjal.org.mx\/entorno-empresarial\/retos-que-enfrentan-los-directores-comerciales\/","title":{"rendered":"Retos que enfrentan los directores comerciales"},"content":{"rendered":"\n<p>Todos los directores comerciales enfrentan retos a\u00f1o tras a\u00f1o, m\u00e1s a\u00fan en \u00e9poca de pandemia por eso es fundamental tomar decisiones acertadas y tener un gran equipo de trabajo donde todo funcione correctamente.<\/p>\n\n\n\n<p><\/p>\n\n\n\n<p>Definir la estrategia comercial de la empresa es sin duda uno de los retos m\u00e1s grandes hoy en d\u00eda, son tiempos de duda con mucha incertidumbre.<\/p>\n\n\n\n<p><\/p>\n\n\n\n<p>Dirigir una empresa no es nada f\u00e1cil, sobre todo cuando eres director comercial debes ver aspectos que otros no, anticiparte ante cualquier amenaza para la empresa y llegar a tiempo a las tendencias; Mantener un equipo de trabajo en calma, un buen ambiente laboral y tenerlo bajo control en la adversidad, viendo por el \u00f3ptimo estado de la empresa. Es indispensable conocer la etapa de vida en la que se encuentra la empresa para saber de qu\u00e9 manera podemos ayudarla y aprovechar su ciclo de vida.<\/p>\n\n\n\n<p><\/p>\n\n\n\n<p>La direcci\u00f3n comercial es una de las partes m\u00e1s importantes dentro de cualquier empresa, sobre todo en las crisis por eso una buena direcci\u00f3n refleja buenos resultados en ventas.<br>Los Equipos de ventas deben estar comprometidos donde aseguren la rentabilidad del negocio y las metas establecidas antes de comenzar el a\u00f1o.<\/p>\n\n\n\n<p><\/p>\n\n\n\n<p>Digitalizaci\u00f3n<\/p>\n\n\n\n<p><\/p>\n\n\n\n<p>La organizaci\u00f3n tiene que estar presente en los medios digitales y generar contenido para todas las apps sin importar el formato.<\/p>\n\n\n\n<p><\/p>\n\n\n\n<p>Las redes sociales hoy en d\u00eda son la herramienta m\u00e1s efectiva, m\u00e1s econ\u00f3mica y m\u00e1s r\u00e1pida para llegar al consumidor final. Un contenido interactivo y de ventas es importante ya que con el paso del tiempo tendr\u00e1s una audiencia.<\/p>\n\n\n\n<p><\/p>\n\n\n\n<p>La gesti\u00f3n del cambio continuo y la innovaci\u00f3n no queda de lado, con el objetivo de dar respuesta a las nuevas necesidades del mercado. Seguramente se presentar\u00e1n obst\u00e1culos y grandes problemas en la organizaci\u00f3n, de ti depender\u00e1 sobrepasarlos. Mantener y mejorar procesos, sistematizarlos para conseguir los resultados esperados y de ser posible superarlos.<\/p>\n\n\n\n<p><\/p>\n","protected":false},"excerpt":{"rendered":"<p>Todos los directores comerciales enfrentan retos a\u00f1o tras a\u00f1o, m\u00e1s a\u00fan en \u00e9poca de pandemia por eso es fundamental tomar decisiones acertadas y tener un<\/p>\n","protected":false},"author":119,"featured_media":6581,"comment_status":"open","ping_status":"open","sticky":false,"template":"","format":"standard","meta":{"footnotes":""},"categories":[152],"tags":[243,1059,909,1209],"class_list":["post-6569","post","type-post","status-publish","format-standard","has-post-thumbnail","hentry","category-empresas","tag-digitalizacion","tag-direccion-comercial","tag-director-general","tag-estrategia-comercial"],"yoast_head":"<!-- This site is optimized with the Yoast SEO plugin v27.5 - https:\/\/yoast.com\/product\/yoast-seo-wordpress\/ -->\n<title>Retos que enfrentan los directores comerciales - Entorno Empresarial<\/title>\n<meta name=\"robots\" content=\"index, follow, max-snippet:-1, max-image-preview:large, max-video-preview:-1\" \/>\n<link rel=\"canonical\" href=\"https:\/\/coparmexjal.org.mx\/entorno-empresarial\/retos-que-enfrentan-los-directores-comerciales\/\" \/>\n<meta property=\"og:locale\" content=\"es_MX\" \/>\n<meta property=\"og:type\" content=\"article\" \/>\n<meta property=\"og:title\" content=\"Retos que enfrentan los directores comerciales - Entorno Empresarial\" \/>\n<meta property=\"og:description\" content=\"Todos los directores comerciales enfrentan retos a\u00f1o tras a\u00f1o, m\u00e1s a\u00fan en \u00e9poca de pandemia por eso es fundamental tomar decisiones acertadas y tener un\" \/>\n<meta property=\"og:url\" content=\"https:\/\/coparmexjal.org.mx\/entorno-empresarial\/retos-que-enfrentan-los-directores-comerciales\/\" \/>\n<meta property=\"og:site_name\" content=\"Entorno Empresarial\" \/>\n<meta property=\"article:publisher\" content=\"https:\/\/facebook.com\/comcoparmex\" \/>\n<meta property=\"article:published_time\" content=\"2022-04-29T21:21:39+00:00\" \/>\n<meta property=\"article:modified_time\" content=\"2022-04-29T21:26:21+00:00\" \/>\n<meta property=\"og:image\" content=\"https:\/\/coparmexjal.org.mx\/entorno-empresarial\/wp-content\/uploads\/2022\/04\/3-1.jpg\" \/>\n\t<meta property=\"og:image:width\" content=\"1162\" \/>\n\t<meta property=\"og:image:height\" content=\"800\" \/>\n\t<meta property=\"og:image:type\" content=\"image\/jpeg\" \/>\n<meta name=\"author\" content=\"Carlos Armando Ramos Molina\" \/>\n<meta name=\"twitter:card\" content=\"summary_large_image\" \/>\n<meta name=\"twitter:creator\" content=\"@comcoparmex\" \/>\n<meta name=\"twitter:site\" content=\"@comcoparmex\" \/>\n<meta name=\"twitter:label1\" content=\"Escrito por\" \/>\n\t<meta name=\"twitter:data1\" content=\"Carlos Armando Ramos Molina\" \/>\n\t<meta name=\"twitter:label2\" content=\"Tiempo de lectura\" \/>\n\t<meta name=\"twitter:data2\" content=\"2 minutos\" \/>\n<script type=\"application\/ld+json\" class=\"yoast-schema-graph\">{\"@context\":\"https:\\\/\\\/schema.org\",\"@graph\":[{\"@type\":\"Article\",\"@id\":\"https:\\\/\\\/coparmexjal.org.mx\\\/entorno-empresarial\\\/retos-que-enfrentan-los-directores-comerciales\\\/#article\",\"isPartOf\":{\"@id\":\"https:\\\/\\\/coparmexjal.org.mx\\\/entorno-empresarial\\\/retos-que-enfrentan-los-directores-comerciales\\\/\"},\"author\":{\"name\":\"Carlos Armando Ramos Molina\",\"@id\":\"https:\\\/\\\/coparmexjal.org.mx\\\/entorno-empresarial\\\/#\\\/schema\\\/person\\\/c9258c394a0413d1980a4dbb994ba7c1\"},\"headline\":\"Retos que enfrentan los directores comerciales\",\"datePublished\":\"2022-04-29T21:21:39+00:00\",\"dateModified\":\"2022-04-29T21:26:21+00:00\",\"mainEntityOfPage\":{\"@id\":\"https:\\\/\\\/coparmexjal.org.mx\\\/entorno-empresarial\\\/retos-que-enfrentan-los-directores-comerciales\\\/\"},\"wordCount\":341,\"commentCount\":0,\"publisher\":{\"@id\":\"https:\\\/\\\/coparmexjal.org.mx\\\/entorno-empresarial\\\/#organization\"},\"image\":{\"@id\":\"https:\\\/\\\/coparmexjal.org.mx\\\/entorno-empresarial\\\/retos-que-enfrentan-los-directores-comerciales\\\/#primaryimage\"},\"thumbnailUrl\":\"https:\\\/\\\/coparmexjal.org.mx\\\/entorno-empresarial\\\/wp-content\\\/uploads\\\/2022\\\/04\\\/3-1.jpg\",\"keywords\":[\"digitalizaci\u00f3n\",\"Direcci\u00f3n Comercial\",\"Director General\",\"Estrategia Comercial\"],\"articleSection\":[\"Empresas\"],\"inLanguage\":\"es\",\"potentialAction\":[{\"@type\":\"CommentAction\",\"name\":\"Comment\",\"target\":[\"https:\\\/\\\/coparmexjal.org.mx\\\/entorno-empresarial\\\/retos-que-enfrentan-los-directores-comerciales\\\/#respond\"]}]},{\"@type\":\"WebPage\",\"@id\":\"https:\\\/\\\/coparmexjal.org.mx\\\/entorno-empresarial\\\/retos-que-enfrentan-los-directores-comerciales\\\/\",\"url\":\"https:\\\/\\\/coparmexjal.org.mx\\\/entorno-empresarial\\\/retos-que-enfrentan-los-directores-comerciales\\\/\",\"name\":\"Retos que enfrentan los directores comerciales - Entorno Empresarial\",\"isPartOf\":{\"@id\":\"https:\\\/\\\/coparmexjal.org.mx\\\/entorno-empresarial\\\/#website\"},\"primaryImageOfPage\":{\"@id\":\"https:\\\/\\\/coparmexjal.org.mx\\\/entorno-empresarial\\\/retos-que-enfrentan-los-directores-comerciales\\\/#primaryimage\"},\"image\":{\"@id\":\"https:\\\/\\\/coparmexjal.org.mx\\\/entorno-empresarial\\\/retos-que-enfrentan-los-directores-comerciales\\\/#primaryimage\"},\"thumbnailUrl\":\"https:\\\/\\\/coparmexjal.org.mx\\\/entorno-empresarial\\\/wp-content\\\/uploads\\\/2022\\\/04\\\/3-1.jpg\",\"datePublished\":\"2022-04-29T21:21:39+00:00\",\"dateModified\":\"2022-04-29T21:26:21+00:00\",\"breadcrumb\":{\"@id\":\"https:\\\/\\\/coparmexjal.org.mx\\\/entorno-empresarial\\\/retos-que-enfrentan-los-directores-comerciales\\\/#breadcrumb\"},\"inLanguage\":\"es\",\"potentialAction\":[{\"@type\":\"ReadAction\",\"target\":[\"https:\\\/\\\/coparmexjal.org.mx\\\/entorno-empresarial\\\/retos-que-enfrentan-los-directores-comerciales\\\/\"]}]},{\"@type\":\"ImageObject\",\"inLanguage\":\"es\",\"@id\":\"https:\\\/\\\/coparmexjal.org.mx\\\/entorno-empresarial\\\/retos-que-enfrentan-los-directores-comerciales\\\/#primaryimage\",\"url\":\"https:\\\/\\\/coparmexjal.org.mx\\\/entorno-empresarial\\\/wp-content\\\/uploads\\\/2022\\\/04\\\/3-1.jpg\",\"contentUrl\":\"https:\\\/\\\/coparmexjal.org.mx\\\/entorno-empresarial\\\/wp-content\\\/uploads\\\/2022\\\/04\\\/3-1.jpg\",\"width\":1162,\"height\":800},{\"@type\":\"BreadcrumbList\",\"@id\":\"https:\\\/\\\/coparmexjal.org.mx\\\/entorno-empresarial\\\/retos-que-enfrentan-los-directores-comerciales\\\/#breadcrumb\",\"itemListElement\":[{\"@type\":\"ListItem\",\"position\":1,\"name\":\"Inicio\",\"item\":\"https:\\\/\\\/coparmexjal.org.mx\\\/entorno-empresarial\\\/\"},{\"@type\":\"ListItem\",\"position\":2,\"name\":\"Retos que enfrentan los directores comerciales\"}]},{\"@type\":\"WebSite\",\"@id\":\"https:\\\/\\\/coparmexjal.org.mx\\\/entorno-empresarial\\\/#website\",\"url\":\"https:\\\/\\\/coparmexjal.org.mx\\\/entorno-empresarial\\\/\",\"name\":\"Revista Entorno Empresarial\",\"description\":\"Coparmex Jalisco\",\"publisher\":{\"@id\":\"https:\\\/\\\/coparmexjal.org.mx\\\/entorno-empresarial\\\/#organization\"},\"potentialAction\":[{\"@type\":\"SearchAction\",\"target\":{\"@type\":\"EntryPoint\",\"urlTemplate\":\"https:\\\/\\\/coparmexjal.org.mx\\\/entorno-empresarial\\\/?s={search_term_string}\"},\"query-input\":{\"@type\":\"PropertyValueSpecification\",\"valueRequired\":true,\"valueName\":\"search_term_string\"}}],\"inLanguage\":\"es\"},{\"@type\":\"Organization\",\"@id\":\"https:\\\/\\\/coparmexjal.org.mx\\\/entorno-empresarial\\\/#organization\",\"name\":\"Coparmex Jalisco\",\"url\":\"https:\\\/\\\/coparmexjal.org.mx\\\/entorno-empresarial\\\/\",\"logo\":{\"@type\":\"ImageObject\",\"inLanguage\":\"es\",\"@id\":\"https:\\\/\\\/coparmexjal.org.mx\\\/entorno-empresarial\\\/#\\\/schema\\\/logo\\\/image\\\/\",\"url\":\"https:\\\/\\\/coparmexjal.org.mx\\\/entorno-empresarial\\\/wp-content\\\/uploads\\\/2020\\\/02\\\/logo-amp.png\",\"contentUrl\":\"https:\\\/\\\/coparmexjal.org.mx\\\/entorno-empresarial\\\/wp-content\\\/uploads\\\/2020\\\/02\\\/logo-amp.png\",\"width\":120,\"height\":90,\"caption\":\"Coparmex Jalisco\"},\"image\":{\"@id\":\"https:\\\/\\\/coparmexjal.org.mx\\\/entorno-empresarial\\\/#\\\/schema\\\/logo\\\/image\\\/\"},\"sameAs\":[\"https:\\\/\\\/facebook.com\\\/comcoparmex\",\"https:\\\/\\\/x.com\\\/comcoparmex\",\"http:\\\/\\\/instagram.com\\\/coparmexjalisco\",\"https:\\\/\\\/mx.linkedin.com\\\/company\\\/coparmex-jalisco\",\"https:\\\/\\\/www.youtube.com\\\/c\\\/CoparmexJaliscomx\"]},{\"@type\":\"Person\",\"@id\":\"https:\\\/\\\/coparmexjal.org.mx\\\/entorno-empresarial\\\/#\\\/schema\\\/person\\\/c9258c394a0413d1980a4dbb994ba7c1\",\"name\":\"Carlos Armando Ramos Molina\",\"image\":{\"@type\":\"ImageObject\",\"inLanguage\":\"es\",\"@id\":\"https:\\\/\\\/secure.gravatar.com\\\/avatar\\\/906867e8a059b2b4ed4bb47bbf6520bb1268d8537541235a7229b54ef01894f9?s=96&d=mm&r=g\",\"url\":\"https:\\\/\\\/secure.gravatar.com\\\/avatar\\\/906867e8a059b2b4ed4bb47bbf6520bb1268d8537541235a7229b54ef01894f9?s=96&d=mm&r=g\",\"contentUrl\":\"https:\\\/\\\/secure.gravatar.com\\\/avatar\\\/906867e8a059b2b4ed4bb47bbf6520bb1268d8537541235a7229b54ef01894f9?s=96&d=mm&r=g\",\"caption\":\"Carlos Armando Ramos Molina\"},\"url\":\"https:\\\/\\\/coparmexjal.org.mx\\\/entorno-empresarial\\\/author\\\/carlos-armando-ramos-molina\\\/\"}]}<\/script>\n<!-- \/ Yoast SEO plugin. -->","yoast_head_json":{"title":"Retos que enfrentan los directores comerciales - Entorno Empresarial","robots":{"index":"index","follow":"follow","max-snippet":"max-snippet:-1","max-image-preview":"max-image-preview:large","max-video-preview":"max-video-preview:-1"},"canonical":"https:\/\/coparmexjal.org.mx\/entorno-empresarial\/retos-que-enfrentan-los-directores-comerciales\/","og_locale":"es_MX","og_type":"article","og_title":"Retos que enfrentan los directores comerciales - Entorno Empresarial","og_description":"Todos los directores comerciales enfrentan retos a\u00f1o tras a\u00f1o, m\u00e1s a\u00fan en \u00e9poca de pandemia por eso es fundamental tomar decisiones acertadas y tener un","og_url":"https:\/\/coparmexjal.org.mx\/entorno-empresarial\/retos-que-enfrentan-los-directores-comerciales\/","og_site_name":"Entorno Empresarial","article_publisher":"https:\/\/facebook.com\/comcoparmex","article_published_time":"2022-04-29T21:21:39+00:00","article_modified_time":"2022-04-29T21:26:21+00:00","og_image":[{"width":1162,"height":800,"url":"https:\/\/coparmexjal.org.mx\/entorno-empresarial\/wp-content\/uploads\/2022\/04\/3-1.jpg","type":"image\/jpeg"}],"author":"Carlos Armando Ramos Molina","twitter_card":"summary_large_image","twitter_creator":"@comcoparmex","twitter_site":"@comcoparmex","twitter_misc":{"Escrito por":"Carlos Armando Ramos Molina","Tiempo de lectura":"2 minutos"},"schema":{"@context":"https:\/\/schema.org","@graph":[{"@type":"Article","@id":"https:\/\/coparmexjal.org.mx\/entorno-empresarial\/retos-que-enfrentan-los-directores-comerciales\/#article","isPartOf":{"@id":"https:\/\/coparmexjal.org.mx\/entorno-empresarial\/retos-que-enfrentan-los-directores-comerciales\/"},"author":{"name":"Carlos Armando Ramos Molina","@id":"https:\/\/coparmexjal.org.mx\/entorno-empresarial\/#\/schema\/person\/c9258c394a0413d1980a4dbb994ba7c1"},"headline":"Retos que enfrentan los directores comerciales","datePublished":"2022-04-29T21:21:39+00:00","dateModified":"2022-04-29T21:26:21+00:00","mainEntityOfPage":{"@id":"https:\/\/coparmexjal.org.mx\/entorno-empresarial\/retos-que-enfrentan-los-directores-comerciales\/"},"wordCount":341,"commentCount":0,"publisher":{"@id":"https:\/\/coparmexjal.org.mx\/entorno-empresarial\/#organization"},"image":{"@id":"https:\/\/coparmexjal.org.mx\/entorno-empresarial\/retos-que-enfrentan-los-directores-comerciales\/#primaryimage"},"thumbnailUrl":"https:\/\/coparmexjal.org.mx\/entorno-empresarial\/wp-content\/uploads\/2022\/04\/3-1.jpg","keywords":["digitalizaci\u00f3n","Direcci\u00f3n Comercial","Director General","Estrategia Comercial"],"articleSection":["Empresas"],"inLanguage":"es","potentialAction":[{"@type":"CommentAction","name":"Comment","target":["https:\/\/coparmexjal.org.mx\/entorno-empresarial\/retos-que-enfrentan-los-directores-comerciales\/#respond"]}]},{"@type":"WebPage","@id":"https:\/\/coparmexjal.org.mx\/entorno-empresarial\/retos-que-enfrentan-los-directores-comerciales\/","url":"https:\/\/coparmexjal.org.mx\/entorno-empresarial\/retos-que-enfrentan-los-directores-comerciales\/","name":"Retos que enfrentan los directores comerciales - Entorno Empresarial","isPartOf":{"@id":"https:\/\/coparmexjal.org.mx\/entorno-empresarial\/#website"},"primaryImageOfPage":{"@id":"https:\/\/coparmexjal.org.mx\/entorno-empresarial\/retos-que-enfrentan-los-directores-comerciales\/#primaryimage"},"image":{"@id":"https:\/\/coparmexjal.org.mx\/entorno-empresarial\/retos-que-enfrentan-los-directores-comerciales\/#primaryimage"},"thumbnailUrl":"https:\/\/coparmexjal.org.mx\/entorno-empresarial\/wp-content\/uploads\/2022\/04\/3-1.jpg","datePublished":"2022-04-29T21:21:39+00:00","dateModified":"2022-04-29T21:26:21+00:00","breadcrumb":{"@id":"https:\/\/coparmexjal.org.mx\/entorno-empresarial\/retos-que-enfrentan-los-directores-comerciales\/#breadcrumb"},"inLanguage":"es","potentialAction":[{"@type":"ReadAction","target":["https:\/\/coparmexjal.org.mx\/entorno-empresarial\/retos-que-enfrentan-los-directores-comerciales\/"]}]},{"@type":"ImageObject","inLanguage":"es","@id":"https:\/\/coparmexjal.org.mx\/entorno-empresarial\/retos-que-enfrentan-los-directores-comerciales\/#primaryimage","url":"https:\/\/coparmexjal.org.mx\/entorno-empresarial\/wp-content\/uploads\/2022\/04\/3-1.jpg","contentUrl":"https:\/\/coparmexjal.org.mx\/entorno-empresarial\/wp-content\/uploads\/2022\/04\/3-1.jpg","width":1162,"height":800},{"@type":"BreadcrumbList","@id":"https:\/\/coparmexjal.org.mx\/entorno-empresarial\/retos-que-enfrentan-los-directores-comerciales\/#breadcrumb","itemListElement":[{"@type":"ListItem","position":1,"name":"Inicio","item":"https:\/\/coparmexjal.org.mx\/entorno-empresarial\/"},{"@type":"ListItem","position":2,"name":"Retos que enfrentan los directores comerciales"}]},{"@type":"WebSite","@id":"https:\/\/coparmexjal.org.mx\/entorno-empresarial\/#website","url":"https:\/\/coparmexjal.org.mx\/entorno-empresarial\/","name":"Revista Entorno Empresarial","description":"Coparmex Jalisco","publisher":{"@id":"https:\/\/coparmexjal.org.mx\/entorno-empresarial\/#organization"},"potentialAction":[{"@type":"SearchAction","target":{"@type":"EntryPoint","urlTemplate":"https:\/\/coparmexjal.org.mx\/entorno-empresarial\/?s={search_term_string}"},"query-input":{"@type":"PropertyValueSpecification","valueRequired":true,"valueName":"search_term_string"}}],"inLanguage":"es"},{"@type":"Organization","@id":"https:\/\/coparmexjal.org.mx\/entorno-empresarial\/#organization","name":"Coparmex Jalisco","url":"https:\/\/coparmexjal.org.mx\/entorno-empresarial\/","logo":{"@type":"ImageObject","inLanguage":"es","@id":"https:\/\/coparmexjal.org.mx\/entorno-empresarial\/#\/schema\/logo\/image\/","url":"https:\/\/coparmexjal.org.mx\/entorno-empresarial\/wp-content\/uploads\/2020\/02\/logo-amp.png","contentUrl":"https:\/\/coparmexjal.org.mx\/entorno-empresarial\/wp-content\/uploads\/2020\/02\/logo-amp.png","width":120,"height":90,"caption":"Coparmex Jalisco"},"image":{"@id":"https:\/\/coparmexjal.org.mx\/entorno-empresarial\/#\/schema\/logo\/image\/"},"sameAs":["https:\/\/facebook.com\/comcoparmex","https:\/\/x.com\/comcoparmex","http:\/\/instagram.com\/coparmexjalisco","https:\/\/mx.linkedin.com\/company\/coparmex-jalisco","https:\/\/www.youtube.com\/c\/CoparmexJaliscomx"]},{"@type":"Person","@id":"https:\/\/coparmexjal.org.mx\/entorno-empresarial\/#\/schema\/person\/c9258c394a0413d1980a4dbb994ba7c1","name":"Carlos Armando Ramos Molina","image":{"@type":"ImageObject","inLanguage":"es","@id":"https:\/\/secure.gravatar.com\/avatar\/906867e8a059b2b4ed4bb47bbf6520bb1268d8537541235a7229b54ef01894f9?s=96&d=mm&r=g","url":"https:\/\/secure.gravatar.com\/avatar\/906867e8a059b2b4ed4bb47bbf6520bb1268d8537541235a7229b54ef01894f9?s=96&d=mm&r=g","contentUrl":"https:\/\/secure.gravatar.com\/avatar\/906867e8a059b2b4ed4bb47bbf6520bb1268d8537541235a7229b54ef01894f9?s=96&d=mm&r=g","caption":"Carlos Armando Ramos Molina"},"url":"https:\/\/coparmexjal.org.mx\/entorno-empresarial\/author\/carlos-armando-ramos-molina\/"}]}},"_links":{"self":[{"href":"https:\/\/coparmexjal.org.mx\/entorno-empresarial\/wp-json\/wp\/v2\/posts\/6569","targetHints":{"allow":["GET"]}}],"collection":[{"href":"https:\/\/coparmexjal.org.mx\/entorno-empresarial\/wp-json\/wp\/v2\/posts"}],"about":[{"href":"https:\/\/coparmexjal.org.mx\/entorno-empresarial\/wp-json\/wp\/v2\/types\/post"}],"author":[{"embeddable":true,"href":"https:\/\/coparmexjal.org.mx\/entorno-empresarial\/wp-json\/wp\/v2\/users\/119"}],"replies":[{"embeddable":true,"href":"https:\/\/coparmexjal.org.mx\/entorno-empresarial\/wp-json\/wp\/v2\/comments?post=6569"}],"version-history":[{"count":3,"href":"https:\/\/coparmexjal.org.mx\/entorno-empresarial\/wp-json\/wp\/v2\/posts\/6569\/revisions"}],"predecessor-version":[{"id":6584,"href":"https:\/\/coparmexjal.org.mx\/entorno-empresarial\/wp-json\/wp\/v2\/posts\/6569\/revisions\/6584"}],"wp:featuredmedia":[{"embeddable":true,"href":"https:\/\/coparmexjal.org.mx\/entorno-empresarial\/wp-json\/wp\/v2\/media\/6581"}],"wp:attachment":[{"href":"https:\/\/coparmexjal.org.mx\/entorno-empresarial\/wp-json\/wp\/v2\/media?parent=6569"}],"wp:term":[{"taxonomy":"category","embeddable":true,"href":"https:\/\/coparmexjal.org.mx\/entorno-empresarial\/wp-json\/wp\/v2\/categories?post=6569"},{"taxonomy":"post_tag","embeddable":true,"href":"https:\/\/coparmexjal.org.mx\/entorno-empresarial\/wp-json\/wp\/v2\/tags?post=6569"}],"curies":[{"name":"wp","href":"https:\/\/api.w.org\/{rel}","templated":true}]}}