{"id":6508,"date":"2022-03-24T11:52:43","date_gmt":"2022-03-24T17:52:43","guid":{"rendered":"https:\/\/coparmexjal.org.mx\/entorno-empresarial\/?p=6508"},"modified":"2022-03-24T11:52:47","modified_gmt":"2022-03-24T17:52:47","slug":"a-dos-anos-de-pandemia-estima-coparmex-jalisco-un-impacto-economico-de-264-mil-millones-de-pesos","status":"publish","type":"post","link":"https:\/\/coparmexjal.org.mx\/entorno-empresarial\/a-dos-anos-de-pandemia-estima-coparmex-jalisco-un-impacto-economico-de-264-mil-millones-de-pesos\/","title":{"rendered":"A dos a\u00f1os de pandemia, estima Coparmex Jalisco un impacto econ\u00f3mico de 264 mil millones de pesos"},"content":{"rendered":"\n<ul class=\"wp-block-list\"><li>El c\u00e1lculo de la contingencia sanitaria responde a las bajas en ventas de hasta un 70% e incremento de costos que tuvieron algunas unidades econ\u00f3micas durante los meses de mayores restricciones<\/li><\/ul>\n\n\n\n<ul class=\"wp-block-list\"><li>Las empresas adaptaron mecanismos operativos como el trabajo remoto, innovaci\u00f3n de procesos y uso de tecnolog\u00edas<\/li><\/ul>\n\n\n\n<p>A dos a\u00f1os de haberse identificado los primeros casos de COVID-19 en el estado de Jalisco y el inicio de las medidas de distanciamiento social, las empresas y las y los colaboradores han visto transformaciones e impactos en el empleo, ingresos, modelo de negocios; pero, sobre todo, una oportunidad para hacer cambios e impulsar la productividad, la innovaci\u00f3n y una cultura de mayor compromiso social.<\/p>\n\n\n\n<p><strong>Cambios en la operaci\u00f3n y modelo de negocio<\/strong><\/p>\n\n\n\n<p>Uno de los principales ajustes al interior de las empresas fue la implementaci\u00f3n de modelos de trabajo remoto, identificando que antes del mes de marzo de 2020 solo un 20% utilizaba esta forma de trabajar, de forma espor\u00e1dica y con ciertos d\u00edas de la semana, mientras que despu\u00e9s de marzo 2020 el porcentaje fue creciendo hasta llegar al 85%, actualmente siguen en esta modalidad entre un 35 a 40%.<\/p>\n\n\n\n<p>El trabajo remoto trajo consigo mecanismos de seguimiento como: video conferencias, aplicaci\u00f3n de reportes y bit\u00e1coras digitales, creando con ello un ajuste en los perfiles laborales como lo es en programaci\u00f3n, redes, ciberseguridad y mercadotecnia.<\/p>\n\n\n\n<p>Este ajuste en modelos de negocio se vio reflejado en nuevos procesos en \u00e1reas de ventas, producci\u00f3n, recursos humanos, log\u00edstica, transporte y mantenimiento.<\/p>\n\n\n\n<p>Las herramientas que las unidades tuvieron que desarrollar, comprar o aprender para el cumplimiento de estas nuevas funciones fueron:<\/p>\n\n\n\n<figure class=\"wp-block-table\"><table><tbody><tr><td>Plataformas o aplicaciones para video conferencias<\/td><td>34%<\/td><\/tr><tr><td>Plataformas de publicidad en l\u00ednea y mejoramiento de p\u00e1ginas web<\/td><td>28%<\/td><\/tr><tr><td>Plataformas de trabajo colaborativo en la nube<\/td><td>15%<\/td><\/tr><tr><td>Pagos<\/td><td>21%<\/td><\/tr><\/tbody><\/table><\/figure>\n\n\n\n<p>El <strong>87% <\/strong>de las empresas adecuaron sus procesos y modelos de negocio en un mes aproximadamente, lo que habla de una gran capacidad de respuesta y resiliencia del sector empresarial de Jalisco.<\/p>\n\n\n\n<p><strong>Afectaciones econ\u00f3micas<\/strong><\/p>\n\n\n\n<p>Aunque se observ\u00f3 una r\u00e1pida adaptaci\u00f3n y una percepci\u00f3n de mayor competitividad e innovaci\u00f3n al interior de las empresas, es importante se\u00f1alar que los ajustes en la operatividad, la actualizaci\u00f3n y el cumplimento de las medidas de contenci\u00f3n, conllevaron un incremento de costos y algunos casos perdidas econ\u00f3micas.<\/p>\n\n\n\n<p>El c\u00e1lculo preliminar del impacto econ\u00f3mico en las empresas, resultado de la contingencia sanitaria es de <strong>264 mil millones de pesos<\/strong>, que responde a las bajas en ventas de hasta un 70% e incremento de costos que se tuvieron durante los meses de mayores restricciones y efecto de bot\u00f3n de emergencia.<\/p>\n\n\n\n<figure class=\"wp-block-table\"><table><tbody><tr><td>Adaptaci\u00f3n de medidas<\/td><td>$2,000,000,000 (Dos mil millones de pesos)<\/td><\/tr><tr><td>Baja de ventas<\/td><td>$ 261,000,000,000 (Doscientos sesenta y un mil millones de pesos)<\/td><\/tr><tr><td>Impacto en salario<\/td><td>$1,000,000,000 (Mil millones de pesos)<\/td><\/tr><\/tbody><\/table><\/figure>\n\n\n\n<p><strong>Qu\u00e9 sigue para el sector empresarial<\/strong><\/p>\n\n\n\n<p>El reto con el ajuste de medidas que entraron en vigor el pasado 17 de marzo de este a\u00f1o, conlleva mayor responsabilidad e involucramiento de las empresas en la contenci\u00f3n y prevenci\u00f3n de futuros incrementos de casos, por esa raz\u00f3n, en Coparmex Jalisco se hacen las siguientes recomendaciones y buenas pr\u00e1cticas.<\/p>\n\n\n\n<ul class=\"wp-block-list\"><li>Alianzas entre los organismos empresariales y las autoridades sanitarias para colocar centros de vacunaci\u00f3n<\/li><li>Campa\u00f1as informativas y de sensibilizaci\u00f3n sobre el uso de la vacuna<\/li><li>Generar programas de incentivos y beneficios al personal vacunado<\/li><li>Prevenci\u00f3n de enfermedades y cuidado de la salud<\/li><li>Vigilancia del uso del cubre boca<\/li><li>Continuaci\u00f3n de los modelos de trabajo remoto<\/li><\/ul>\n\n\n\n<p>El aprendizaje e innovaci\u00f3n que las empresas han tenido que implementar durante estos dos a\u00f1os, dar\u00e1n como resultado el cuidado de salud y al mismo tiempo la promoci\u00f3n de la competitividad y sostenibilidad de las unidades de negocio.<\/p>\n","protected":false},"excerpt":{"rendered":"<p>El c\u00e1lculo de la contingencia sanitaria responde a las bajas en ventas de hasta un 70% e incremento de costos que tuvieron algunas unidades econ\u00f3micas<\/p>\n","protected":false},"author":2,"featured_media":6511,"comment_status":"open","ping_status":"open","sticky":false,"template":"","format":"standard","meta":{"footnotes":""},"categories":[348],"tags":[431,173,1192,490],"class_list":["post-6508","post","type-post","status-publish","format-standard","has-post-thumbnail","hentry","category-noticias","tag-covid-19","tag-empresas","tag-impacto-economico","tag-pandemia"],"yoast_head":"<!-- This site is optimized with the Yoast SEO plugin v27.5 - https:\/\/yoast.com\/product\/yoast-seo-wordpress\/ -->\n<title>A dos a\u00f1os de pandemia, estima Coparmex Jalisco un impacto econ\u00f3mico de 264 mil millones de pesos - Entorno Empresarial<\/title>\n<meta name=\"description\" content=\"El c\u00e1lculo de la contingencia sanitaria responde a las bajas en ventas de hasta un 70% e incremento de costos que tuvieron algunas unidades econ\u00f3micas durante los meses de mayores restricciones\" \/>\n<meta name=\"robots\" content=\"index, follow, max-snippet:-1, max-image-preview:large, max-video-preview:-1\" \/>\n<link rel=\"canonical\" href=\"https:\/\/coparmexjal.org.mx\/entorno-empresarial\/a-dos-anos-de-pandemia-estima-coparmex-jalisco-un-impacto-economico-de-264-mil-millones-de-pesos\/\" \/>\n<meta property=\"og:locale\" content=\"es_MX\" \/>\n<meta property=\"og:type\" content=\"article\" \/>\n<meta property=\"og:title\" content=\"A dos a\u00f1os de pandemia, estima Coparmex Jalisco un impacto econ\u00f3mico de 264 mil millones de pesos - Entorno Empresarial\" \/>\n<meta property=\"og:description\" content=\"El c\u00e1lculo de la contingencia sanitaria responde a las bajas en ventas de hasta un 70% e incremento de costos que tuvieron algunas unidades econ\u00f3micas durante los meses de mayores restricciones\" \/>\n<meta property=\"og:url\" content=\"https:\/\/coparmexjal.org.mx\/entorno-empresarial\/a-dos-anos-de-pandemia-estima-coparmex-jalisco-un-impacto-economico-de-264-mil-millones-de-pesos\/\" \/>\n<meta property=\"og:site_name\" content=\"Entorno Empresarial\" \/>\n<meta property=\"article:publisher\" content=\"https:\/\/facebook.com\/comcoparmex\" \/>\n<meta property=\"article:published_time\" content=\"2022-03-24T17:52:43+00:00\" \/>\n<meta property=\"article:modified_time\" content=\"2022-03-24T17:52:47+00:00\" \/>\n<meta property=\"og:image\" content=\"https:\/\/coparmexjal.org.mx\/entorno-empresarial\/wp-content\/uploads\/2022\/03\/Amarillo-Verde-Escala-de-Grises-Llamativo-Simple-Rayas-Frase-Foto-Futbol-Americano-Post-de-Facebook.png\" \/>\n\t<meta property=\"og:image:width\" content=\"940\" \/>\n\t<meta property=\"og:image:height\" content=\"788\" \/>\n\t<meta property=\"og:image:type\" content=\"image\/png\" \/>\n<meta name=\"author\" content=\"Coparmex Jalisco\" \/>\n<meta name=\"twitter:card\" content=\"summary_large_image\" \/>\n<meta name=\"twitter:creator\" content=\"@comcoparmex\" \/>\n<meta name=\"twitter:site\" content=\"@comcoparmex\" \/>\n<meta name=\"twitter:label1\" content=\"Escrito por\" \/>\n\t<meta name=\"twitter:data1\" content=\"Coparmex Jalisco\" \/>\n\t<meta name=\"twitter:label2\" content=\"Tiempo de lectura\" \/>\n\t<meta name=\"twitter:data2\" content=\"3 minutos\" \/>\n<script type=\"application\/ld+json\" class=\"yoast-schema-graph\">{\"@context\":\"https:\\\/\\\/schema.org\",\"@graph\":[{\"@type\":\"Article\",\"@id\":\"https:\\\/\\\/coparmexjal.org.mx\\\/entorno-empresarial\\\/a-dos-anos-de-pandemia-estima-coparmex-jalisco-un-impacto-economico-de-264-mil-millones-de-pesos\\\/#article\",\"isPartOf\":{\"@id\":\"https:\\\/\\\/coparmexjal.org.mx\\\/entorno-empresarial\\\/a-dos-anos-de-pandemia-estima-coparmex-jalisco-un-impacto-economico-de-264-mil-millones-de-pesos\\\/\"},\"author\":{\"name\":\"Coparmex Jalisco\",\"@id\":\"https:\\\/\\\/coparmexjal.org.mx\\\/entorno-empresarial\\\/#\\\/schema\\\/person\\\/7d1d56a9587bfb3a725cd3dbfbdb9d44\"},\"headline\":\"A dos a\u00f1os de pandemia, estima Coparmex Jalisco un impacto econ\u00f3mico de 264 mil millones de pesos\",\"datePublished\":\"2022-03-24T17:52:43+00:00\",\"dateModified\":\"2022-03-24T17:52:47+00:00\",\"mainEntityOfPage\":{\"@id\":\"https:\\\/\\\/coparmexjal.org.mx\\\/entorno-empresarial\\\/a-dos-anos-de-pandemia-estima-coparmex-jalisco-un-impacto-economico-de-264-mil-millones-de-pesos\\\/\"},\"wordCount\":651,\"commentCount\":0,\"publisher\":{\"@id\":\"https:\\\/\\\/coparmexjal.org.mx\\\/entorno-empresarial\\\/#organization\"},\"image\":{\"@id\":\"https:\\\/\\\/coparmexjal.org.mx\\\/entorno-empresarial\\\/a-dos-anos-de-pandemia-estima-coparmex-jalisco-un-impacto-economico-de-264-mil-millones-de-pesos\\\/#primaryimage\"},\"thumbnailUrl\":\"https:\\\/\\\/coparmexjal.org.mx\\\/entorno-empresarial\\\/wp-content\\\/uploads\\\/2022\\\/03\\\/Amarillo-Verde-Escala-de-Grises-Llamativo-Simple-Rayas-Frase-Foto-Futbol-Americano-Post-de-Facebook.png\",\"keywords\":[\"covid-19\",\"empresas\",\"Impacto Econ\u00f3mico\",\"Pandemia\"],\"articleSection\":[\"Noticias\"],\"inLanguage\":\"es\",\"potentialAction\":[{\"@type\":\"CommentAction\",\"name\":\"Comment\",\"target\":[\"https:\\\/\\\/coparmexjal.org.mx\\\/entorno-empresarial\\\/a-dos-anos-de-pandemia-estima-coparmex-jalisco-un-impacto-economico-de-264-mil-millones-de-pesos\\\/#respond\"]}]},{\"@type\":\"WebPage\",\"@id\":\"https:\\\/\\\/coparmexjal.org.mx\\\/entorno-empresarial\\\/a-dos-anos-de-pandemia-estima-coparmex-jalisco-un-impacto-economico-de-264-mil-millones-de-pesos\\\/\",\"url\":\"https:\\\/\\\/coparmexjal.org.mx\\\/entorno-empresarial\\\/a-dos-anos-de-pandemia-estima-coparmex-jalisco-un-impacto-economico-de-264-mil-millones-de-pesos\\\/\",\"name\":\"A dos a\u00f1os de pandemia, estima Coparmex Jalisco un impacto econ\u00f3mico de 264 mil millones de pesos - Entorno Empresarial\",\"isPartOf\":{\"@id\":\"https:\\\/\\\/coparmexjal.org.mx\\\/entorno-empresarial\\\/#website\"},\"primaryImageOfPage\":{\"@id\":\"https:\\\/\\\/coparmexjal.org.mx\\\/entorno-empresarial\\\/a-dos-anos-de-pandemia-estima-coparmex-jalisco-un-impacto-economico-de-264-mil-millones-de-pesos\\\/#primaryimage\"},\"image\":{\"@id\":\"https:\\\/\\\/coparmexjal.org.mx\\\/entorno-empresarial\\\/a-dos-anos-de-pandemia-estima-coparmex-jalisco-un-impacto-economico-de-264-mil-millones-de-pesos\\\/#primaryimage\"},\"thumbnailUrl\":\"https:\\\/\\\/coparmexjal.org.mx\\\/entorno-empresarial\\\/wp-content\\\/uploads\\\/2022\\\/03\\\/Amarillo-Verde-Escala-de-Grises-Llamativo-Simple-Rayas-Frase-Foto-Futbol-Americano-Post-de-Facebook.png\",\"datePublished\":\"2022-03-24T17:52:43+00:00\",\"dateModified\":\"2022-03-24T17:52:47+00:00\",\"description\":\"El c\u00e1lculo de la contingencia sanitaria responde a las bajas en ventas de hasta un 70% e incremento de costos que tuvieron algunas unidades econ\u00f3micas durante los meses de mayores restricciones\",\"breadcrumb\":{\"@id\":\"https:\\\/\\\/coparmexjal.org.mx\\\/entorno-empresarial\\\/a-dos-anos-de-pandemia-estima-coparmex-jalisco-un-impacto-economico-de-264-mil-millones-de-pesos\\\/#breadcrumb\"},\"inLanguage\":\"es\",\"potentialAction\":[{\"@type\":\"ReadAction\",\"target\":[\"https:\\\/\\\/coparmexjal.org.mx\\\/entorno-empresarial\\\/a-dos-anos-de-pandemia-estima-coparmex-jalisco-un-impacto-economico-de-264-mil-millones-de-pesos\\\/\"]}]},{\"@type\":\"ImageObject\",\"inLanguage\":\"es\",\"@id\":\"https:\\\/\\\/coparmexjal.org.mx\\\/entorno-empresarial\\\/a-dos-anos-de-pandemia-estima-coparmex-jalisco-un-impacto-economico-de-264-mil-millones-de-pesos\\\/#primaryimage\",\"url\":\"https:\\\/\\\/coparmexjal.org.mx\\\/entorno-empresarial\\\/wp-content\\\/uploads\\\/2022\\\/03\\\/Amarillo-Verde-Escala-de-Grises-Llamativo-Simple-Rayas-Frase-Foto-Futbol-Americano-Post-de-Facebook.png\",\"contentUrl\":\"https:\\\/\\\/coparmexjal.org.mx\\\/entorno-empresarial\\\/wp-content\\\/uploads\\\/2022\\\/03\\\/Amarillo-Verde-Escala-de-Grises-Llamativo-Simple-Rayas-Frase-Foto-Futbol-Americano-Post-de-Facebook.png\",\"width\":940,\"height\":788},{\"@type\":\"BreadcrumbList\",\"@id\":\"https:\\\/\\\/coparmexjal.org.mx\\\/entorno-empresarial\\\/a-dos-anos-de-pandemia-estima-coparmex-jalisco-un-impacto-economico-de-264-mil-millones-de-pesos\\\/#breadcrumb\",\"itemListElement\":[{\"@type\":\"ListItem\",\"position\":1,\"name\":\"Inicio\",\"item\":\"https:\\\/\\\/coparmexjal.org.mx\\\/entorno-empresarial\\\/\"},{\"@type\":\"ListItem\",\"position\":2,\"name\":\"A dos a\u00f1os de pandemia, estima Coparmex Jalisco un impacto econ\u00f3mico de 264 mil millones de pesos\"}]},{\"@type\":\"WebSite\",\"@id\":\"https:\\\/\\\/coparmexjal.org.mx\\\/entorno-empresarial\\\/#website\",\"url\":\"https:\\\/\\\/coparmexjal.org.mx\\\/entorno-empresarial\\\/\",\"name\":\"Revista Entorno Empresarial\",\"description\":\"Coparmex Jalisco\",\"publisher\":{\"@id\":\"https:\\\/\\\/coparmexjal.org.mx\\\/entorno-empresarial\\\/#organization\"},\"potentialAction\":[{\"@type\":\"SearchAction\",\"target\":{\"@type\":\"EntryPoint\",\"urlTemplate\":\"https:\\\/\\\/coparmexjal.org.mx\\\/entorno-empresarial\\\/?s={search_term_string}\"},\"query-input\":{\"@type\":\"PropertyValueSpecification\",\"valueRequired\":true,\"valueName\":\"search_term_string\"}}],\"inLanguage\":\"es\"},{\"@type\":\"Organization\",\"@id\":\"https:\\\/\\\/coparmexjal.org.mx\\\/entorno-empresarial\\\/#organization\",\"name\":\"Coparmex Jalisco\",\"url\":\"https:\\\/\\\/coparmexjal.org.mx\\\/entorno-empresarial\\\/\",\"logo\":{\"@type\":\"ImageObject\",\"inLanguage\":\"es\",\"@id\":\"https:\\\/\\\/coparmexjal.org.mx\\\/entorno-empresarial\\\/#\\\/schema\\\/logo\\\/image\\\/\",\"url\":\"https:\\\/\\\/coparmexjal.org.mx\\\/entorno-empresarial\\\/wp-content\\\/uploads\\\/2020\\\/02\\\/logo-amp.png\",\"contentUrl\":\"https:\\\/\\\/coparmexjal.org.mx\\\/entorno-empresarial\\\/wp-content\\\/uploads\\\/2020\\\/02\\\/logo-amp.png\",\"width\":120,\"height\":90,\"caption\":\"Coparmex Jalisco\"},\"image\":{\"@id\":\"https:\\\/\\\/coparmexjal.org.mx\\\/entorno-empresarial\\\/#\\\/schema\\\/logo\\\/image\\\/\"},\"sameAs\":[\"https:\\\/\\\/facebook.com\\\/comcoparmex\",\"https:\\\/\\\/x.com\\\/comcoparmex\",\"http:\\\/\\\/instagram.com\\\/coparmexjalisco\",\"https:\\\/\\\/mx.linkedin.com\\\/company\\\/coparmex-jalisco\",\"https:\\\/\\\/www.youtube.com\\\/c\\\/CoparmexJaliscomx\"]},{\"@type\":\"Person\",\"@id\":\"https:\\\/\\\/coparmexjal.org.mx\\\/entorno-empresarial\\\/#\\\/schema\\\/person\\\/7d1d56a9587bfb3a725cd3dbfbdb9d44\",\"name\":\"Coparmex Jalisco\",\"image\":{\"@type\":\"ImageObject\",\"inLanguage\":\"es\",\"@id\":\"https:\\\/\\\/coparmexjal.org.mx\\\/entorno-empresarial\\\/wp-content\\\/uploads\\\/2020\\\/06\\\/favicon-150x133.png\",\"url\":\"https:\\\/\\\/coparmexjal.org.mx\\\/entorno-empresarial\\\/wp-content\\\/uploads\\\/2020\\\/06\\\/favicon-150x133.png\",\"contentUrl\":\"https:\\\/\\\/coparmexjal.org.mx\\\/entorno-empresarial\\\/wp-content\\\/uploads\\\/2020\\\/06\\\/favicon-150x133.png\",\"caption\":\"Coparmex Jalisco\"},\"url\":\"https:\\\/\\\/coparmexjal.org.mx\\\/entorno-empresarial\\\/author\\\/coparmexjalisco\\\/\"}]}<\/script>\n<!-- \/ Yoast SEO plugin. -->","yoast_head_json":{"title":"A dos a\u00f1os de pandemia, estima Coparmex Jalisco un impacto econ\u00f3mico de 264 mil millones de pesos - Entorno Empresarial","description":"El c\u00e1lculo de la contingencia sanitaria responde a las bajas en ventas de hasta un 70% e incremento de costos que tuvieron algunas unidades econ\u00f3micas durante los meses de mayores restricciones","robots":{"index":"index","follow":"follow","max-snippet":"max-snippet:-1","max-image-preview":"max-image-preview:large","max-video-preview":"max-video-preview:-1"},"canonical":"https:\/\/coparmexjal.org.mx\/entorno-empresarial\/a-dos-anos-de-pandemia-estima-coparmex-jalisco-un-impacto-economico-de-264-mil-millones-de-pesos\/","og_locale":"es_MX","og_type":"article","og_title":"A dos a\u00f1os de pandemia, estima Coparmex Jalisco un impacto econ\u00f3mico de 264 mil millones de pesos - Entorno Empresarial","og_description":"El c\u00e1lculo de la contingencia sanitaria responde a las bajas en ventas de hasta un 70% e incremento de costos que tuvieron algunas unidades econ\u00f3micas durante los meses de mayores restricciones","og_url":"https:\/\/coparmexjal.org.mx\/entorno-empresarial\/a-dos-anos-de-pandemia-estima-coparmex-jalisco-un-impacto-economico-de-264-mil-millones-de-pesos\/","og_site_name":"Entorno Empresarial","article_publisher":"https:\/\/facebook.com\/comcoparmex","article_published_time":"2022-03-24T17:52:43+00:00","article_modified_time":"2022-03-24T17:52:47+00:00","og_image":[{"width":940,"height":788,"url":"https:\/\/coparmexjal.org.mx\/entorno-empresarial\/wp-content\/uploads\/2022\/03\/Amarillo-Verde-Escala-de-Grises-Llamativo-Simple-Rayas-Frase-Foto-Futbol-Americano-Post-de-Facebook.png","type":"image\/png"}],"author":"Coparmex Jalisco","twitter_card":"summary_large_image","twitter_creator":"@comcoparmex","twitter_site":"@comcoparmex","twitter_misc":{"Escrito por":"Coparmex Jalisco","Tiempo de lectura":"3 minutos"},"schema":{"@context":"https:\/\/schema.org","@graph":[{"@type":"Article","@id":"https:\/\/coparmexjal.org.mx\/entorno-empresarial\/a-dos-anos-de-pandemia-estima-coparmex-jalisco-un-impacto-economico-de-264-mil-millones-de-pesos\/#article","isPartOf":{"@id":"https:\/\/coparmexjal.org.mx\/entorno-empresarial\/a-dos-anos-de-pandemia-estima-coparmex-jalisco-un-impacto-economico-de-264-mil-millones-de-pesos\/"},"author":{"name":"Coparmex Jalisco","@id":"https:\/\/coparmexjal.org.mx\/entorno-empresarial\/#\/schema\/person\/7d1d56a9587bfb3a725cd3dbfbdb9d44"},"headline":"A dos a\u00f1os de pandemia, estima Coparmex Jalisco un impacto econ\u00f3mico de 264 mil millones de pesos","datePublished":"2022-03-24T17:52:43+00:00","dateModified":"2022-03-24T17:52:47+00:00","mainEntityOfPage":{"@id":"https:\/\/coparmexjal.org.mx\/entorno-empresarial\/a-dos-anos-de-pandemia-estima-coparmex-jalisco-un-impacto-economico-de-264-mil-millones-de-pesos\/"},"wordCount":651,"commentCount":0,"publisher":{"@id":"https:\/\/coparmexjal.org.mx\/entorno-empresarial\/#organization"},"image":{"@id":"https:\/\/coparmexjal.org.mx\/entorno-empresarial\/a-dos-anos-de-pandemia-estima-coparmex-jalisco-un-impacto-economico-de-264-mil-millones-de-pesos\/#primaryimage"},"thumbnailUrl":"https:\/\/coparmexjal.org.mx\/entorno-empresarial\/wp-content\/uploads\/2022\/03\/Amarillo-Verde-Escala-de-Grises-Llamativo-Simple-Rayas-Frase-Foto-Futbol-Americano-Post-de-Facebook.png","keywords":["covid-19","empresas","Impacto Econ\u00f3mico","Pandemia"],"articleSection":["Noticias"],"inLanguage":"es","potentialAction":[{"@type":"CommentAction","name":"Comment","target":["https:\/\/coparmexjal.org.mx\/entorno-empresarial\/a-dos-anos-de-pandemia-estima-coparmex-jalisco-un-impacto-economico-de-264-mil-millones-de-pesos\/#respond"]}]},{"@type":"WebPage","@id":"https:\/\/coparmexjal.org.mx\/entorno-empresarial\/a-dos-anos-de-pandemia-estima-coparmex-jalisco-un-impacto-economico-de-264-mil-millones-de-pesos\/","url":"https:\/\/coparmexjal.org.mx\/entorno-empresarial\/a-dos-anos-de-pandemia-estima-coparmex-jalisco-un-impacto-economico-de-264-mil-millones-de-pesos\/","name":"A dos a\u00f1os de pandemia, estima Coparmex Jalisco un impacto econ\u00f3mico de 264 mil millones de pesos - Entorno Empresarial","isPartOf":{"@id":"https:\/\/coparmexjal.org.mx\/entorno-empresarial\/#website"},"primaryImageOfPage":{"@id":"https:\/\/coparmexjal.org.mx\/entorno-empresarial\/a-dos-anos-de-pandemia-estima-coparmex-jalisco-un-impacto-economico-de-264-mil-millones-de-pesos\/#primaryimage"},"image":{"@id":"https:\/\/coparmexjal.org.mx\/entorno-empresarial\/a-dos-anos-de-pandemia-estima-coparmex-jalisco-un-impacto-economico-de-264-mil-millones-de-pesos\/#primaryimage"},"thumbnailUrl":"https:\/\/coparmexjal.org.mx\/entorno-empresarial\/wp-content\/uploads\/2022\/03\/Amarillo-Verde-Escala-de-Grises-Llamativo-Simple-Rayas-Frase-Foto-Futbol-Americano-Post-de-Facebook.png","datePublished":"2022-03-24T17:52:43+00:00","dateModified":"2022-03-24T17:52:47+00:00","description":"El c\u00e1lculo de la contingencia sanitaria responde a las bajas en ventas de hasta un 70% e incremento de costos que tuvieron algunas unidades econ\u00f3micas durante los meses de mayores restricciones","breadcrumb":{"@id":"https:\/\/coparmexjal.org.mx\/entorno-empresarial\/a-dos-anos-de-pandemia-estima-coparmex-jalisco-un-impacto-economico-de-264-mil-millones-de-pesos\/#breadcrumb"},"inLanguage":"es","potentialAction":[{"@type":"ReadAction","target":["https:\/\/coparmexjal.org.mx\/entorno-empresarial\/a-dos-anos-de-pandemia-estima-coparmex-jalisco-un-impacto-economico-de-264-mil-millones-de-pesos\/"]}]},{"@type":"ImageObject","inLanguage":"es","@id":"https:\/\/coparmexjal.org.mx\/entorno-empresarial\/a-dos-anos-de-pandemia-estima-coparmex-jalisco-un-impacto-economico-de-264-mil-millones-de-pesos\/#primaryimage","url":"https:\/\/coparmexjal.org.mx\/entorno-empresarial\/wp-content\/uploads\/2022\/03\/Amarillo-Verde-Escala-de-Grises-Llamativo-Simple-Rayas-Frase-Foto-Futbol-Americano-Post-de-Facebook.png","contentUrl":"https:\/\/coparmexjal.org.mx\/entorno-empresarial\/wp-content\/uploads\/2022\/03\/Amarillo-Verde-Escala-de-Grises-Llamativo-Simple-Rayas-Frase-Foto-Futbol-Americano-Post-de-Facebook.png","width":940,"height":788},{"@type":"BreadcrumbList","@id":"https:\/\/coparmexjal.org.mx\/entorno-empresarial\/a-dos-anos-de-pandemia-estima-coparmex-jalisco-un-impacto-economico-de-264-mil-millones-de-pesos\/#breadcrumb","itemListElement":[{"@type":"ListItem","position":1,"name":"Inicio","item":"https:\/\/coparmexjal.org.mx\/entorno-empresarial\/"},{"@type":"ListItem","position":2,"name":"A dos a\u00f1os de pandemia, estima Coparmex Jalisco un impacto econ\u00f3mico de 264 mil millones de pesos"}]},{"@type":"WebSite","@id":"https:\/\/coparmexjal.org.mx\/entorno-empresarial\/#website","url":"https:\/\/coparmexjal.org.mx\/entorno-empresarial\/","name":"Revista Entorno Empresarial","description":"Coparmex Jalisco","publisher":{"@id":"https:\/\/coparmexjal.org.mx\/entorno-empresarial\/#organization"},"potentialAction":[{"@type":"SearchAction","target":{"@type":"EntryPoint","urlTemplate":"https:\/\/coparmexjal.org.mx\/entorno-empresarial\/?s={search_term_string}"},"query-input":{"@type":"PropertyValueSpecification","valueRequired":true,"valueName":"search_term_string"}}],"inLanguage":"es"},{"@type":"Organization","@id":"https:\/\/coparmexjal.org.mx\/entorno-empresarial\/#organization","name":"Coparmex Jalisco","url":"https:\/\/coparmexjal.org.mx\/entorno-empresarial\/","logo":{"@type":"ImageObject","inLanguage":"es","@id":"https:\/\/coparmexjal.org.mx\/entorno-empresarial\/#\/schema\/logo\/image\/","url":"https:\/\/coparmexjal.org.mx\/entorno-empresarial\/wp-content\/uploads\/2020\/02\/logo-amp.png","contentUrl":"https:\/\/coparmexjal.org.mx\/entorno-empresarial\/wp-content\/uploads\/2020\/02\/logo-amp.png","width":120,"height":90,"caption":"Coparmex Jalisco"},"image":{"@id":"https:\/\/coparmexjal.org.mx\/entorno-empresarial\/#\/schema\/logo\/image\/"},"sameAs":["https:\/\/facebook.com\/comcoparmex","https:\/\/x.com\/comcoparmex","http:\/\/instagram.com\/coparmexjalisco","https:\/\/mx.linkedin.com\/company\/coparmex-jalisco","https:\/\/www.youtube.com\/c\/CoparmexJaliscomx"]},{"@type":"Person","@id":"https:\/\/coparmexjal.org.mx\/entorno-empresarial\/#\/schema\/person\/7d1d56a9587bfb3a725cd3dbfbdb9d44","name":"Coparmex Jalisco","image":{"@type":"ImageObject","inLanguage":"es","@id":"https:\/\/coparmexjal.org.mx\/entorno-empresarial\/wp-content\/uploads\/2020\/06\/favicon-150x133.png","url":"https:\/\/coparmexjal.org.mx\/entorno-empresarial\/wp-content\/uploads\/2020\/06\/favicon-150x133.png","contentUrl":"https:\/\/coparmexjal.org.mx\/entorno-empresarial\/wp-content\/uploads\/2020\/06\/favicon-150x133.png","caption":"Coparmex Jalisco"},"url":"https:\/\/coparmexjal.org.mx\/entorno-empresarial\/author\/coparmexjalisco\/"}]}},"_links":{"self":[{"href":"https:\/\/coparmexjal.org.mx\/entorno-empresarial\/wp-json\/wp\/v2\/posts\/6508","targetHints":{"allow":["GET"]}}],"collection":[{"href":"https:\/\/coparmexjal.org.mx\/entorno-empresarial\/wp-json\/wp\/v2\/posts"}],"about":[{"href":"https:\/\/coparmexjal.org.mx\/entorno-empresarial\/wp-json\/wp\/v2\/types\/post"}],"author":[{"embeddable":true,"href":"https:\/\/coparmexjal.org.mx\/entorno-empresarial\/wp-json\/wp\/v2\/users\/2"}],"replies":[{"embeddable":true,"href":"https:\/\/coparmexjal.org.mx\/entorno-empresarial\/wp-json\/wp\/v2\/comments?post=6508"}],"version-history":[{"count":1,"href":"https:\/\/coparmexjal.org.mx\/entorno-empresarial\/wp-json\/wp\/v2\/posts\/6508\/revisions"}],"predecessor-version":[{"id":6510,"href":"https:\/\/coparmexjal.org.mx\/entorno-empresarial\/wp-json\/wp\/v2\/posts\/6508\/revisions\/6510"}],"wp:featuredmedia":[{"embeddable":true,"href":"https:\/\/coparmexjal.org.mx\/entorno-empresarial\/wp-json\/wp\/v2\/media\/6511"}],"wp:attachment":[{"href":"https:\/\/coparmexjal.org.mx\/entorno-empresarial\/wp-json\/wp\/v2\/media?parent=6508"}],"wp:term":[{"taxonomy":"category","embeddable":true,"href":"https:\/\/coparmexjal.org.mx\/entorno-empresarial\/wp-json\/wp\/v2\/categories?post=6508"},{"taxonomy":"post_tag","embeddable":true,"href":"https:\/\/coparmexjal.org.mx\/entorno-empresarial\/wp-json\/wp\/v2\/tags?post=6508"}],"curies":[{"name":"wp","href":"https:\/\/api.w.org\/{rel}","templated":true}]}}