{"id":6462,"date":"2022-03-07T11:12:54","date_gmt":"2022-03-07T17:12:54","guid":{"rendered":"https:\/\/coparmexjal.org.mx\/entorno-empresarial\/?p=6462"},"modified":"2022-03-07T11:12:58","modified_gmt":"2022-03-07T17:12:58","slug":"celebran-centros-empresariales-de-jalisco-colima-y-manzanillo-reinicio-de-trabajos-en-carretera-transvolcanica","status":"publish","type":"post","link":"https:\/\/coparmexjal.org.mx\/entorno-empresarial\/celebran-centros-empresariales-de-jalisco-colima-y-manzanillo-reinicio-de-trabajos-en-carretera-transvolcanica\/","title":{"rendered":"Celebran Centros Empresariales de Jalisco, Colima y Manzanillo, reinicio de trabajos en carretera transvolc\u00e1nica"},"content":{"rendered":"\n<ul class=\"wp-block-list\"><li>De concluirse el tramo carretero representar\u00e1 una reducci\u00f3n de tiempo para los automovilistas de 40 minutos en su recorrido de Manzanillo a Guadalajara<\/li><li>70% de lo que entra y sale por contenedores en el \u00e1rea de pacifico pasa por el puerto de Manzanillo y un 46% a nivel nacional<\/li><\/ul>\n\n\n\n<p>El desarrollo de infraestructura y mejora en las v\u00edas de comunicaci\u00f3n es un detonante de progreso no solo en el aspecto econ\u00f3mico, sino en lo social, cultural y tur\u00edstico; la problem\u00e1tica reclamada en los \u00faltimos meses derivada por la pausa en la ampliaci\u00f3n de la carretera Guadalajara-Colima, en el Tramo de la Monta\u00f1a conocido como <em>carretera Transvolc\u00e1nica<\/em>, gener\u00f3 incertidumbre en temas de impacto econ\u00f3mico, debido a que en Manzanillo se encuentra el principal puerto de carga en el Pac\u00edfico mexicano, y esta v\u00eda es la que conecta al puerto con diferentes rutas terrestres del pa\u00eds.<\/p>\n\n\n\n<p>En d\u00edas pasados, el Gobierno Federal, anunci\u00f3 la conclusi\u00f3n de los trabajos en este camino por parte de la Secretar\u00eda de Infraestructura Comunicaciones y Transportes (SICT), con ello, se promover\u00e1 la conectividad, la apertura de nuevos mercados que ayudan al crecimiento de las empresas y la promoci\u00f3n tur\u00edstica entre los estados involucrados, pero sobre todo la creaci\u00f3n de nuevos empleos.<\/p>\n\n\n\n<p>\u201cDurante los \u00faltimos presupuestos federales, hemos visto como el tema de infraestructura carretera ha ido quedando relegado de las prioridades del gobierno; por esa raz\u00f3n, el d\u00eda de hoy en conjunto con los Centros empresariales de Jalisco, Colima y Manzanillo, celebramos el reinicio de los trabajos en la carretera transvolc\u00e1nica. Sin duda traer\u00e1 relevancia econ\u00f3mica para el estado de Colima\u201d, asegur\u00f3, Eduardo S\u00e1nchez Garc\u00eda, Presidente de Coparmex Colima.<\/p>\n\n\n\n<p>Este tramo carretero ha afectado por casi 10 a\u00f1os a las y los colimenses y jaliscienses que deben circular por la v\u00eda, ya que los mismos comenzaron en 2012, y se ten\u00eda previsto que dichos trabajos concluyeran en marzo de 2018, mismos que se encontraban detenidos debido a un amparo por el Comisariado Ejidal del Poblado de \u201cSan Marcos\u201d Municipio de Tonila, Jalisco, en contra de la SICT, el Banco Nacional de Obras y Servicios P\u00fablicos, entre otras autoridades responsables, por un conflicto agrario derivado de un convenio de ocupaci\u00f3n previa para la expropiaci\u00f3n y liberaci\u00f3n del derecho de v\u00eda.<\/p>\n\n\n\n<p>\u201cHoy, el puerto de Manzanillo es la puerta que conecta a M\u00e9xico con Asia, por esta ruta transita gran parte de las mercanc\u00edas, no solo de la regi\u00f3n, sino de todo el pa\u00eds, lo que se traduce en 3.2 millones de contenedores y 7 mil salidas de transporte terrestre diarias, esto solo en el a\u00f1o 2021\u201d, asegur\u00f3 Miguel \u00c1ngel Castro Palomino, Presidente de Coparmex Manzanillo.<\/p>\n\n\n\n<p>Es decir, 70% de lo que entra y sale por contenedores en el \u00e1rea del pacifico pasa por el puerto y un 46% a nivel nacional lo que genera un efecto positivo en el crecimiento de distintos sectores de la econom\u00eda y por lo tanto en el empleo y bienestar de las familias que dependen de este sector.<\/p>\n\n\n\n<p>Otro punto importante es la representatividad tur\u00edstica de la regi\u00f3n, que de contar con mejores y m\u00e1s v\u00edas de comunicaci\u00f3n sumar\u00e1 a la activaci\u00f3n del sector, que ha sido uno de los m\u00e1s afectados durante el desarrollo de la pandemia, mismo que tiene una transcendencia importante, aportando cerca de 9% del Producto Interno Bruto.<\/p>\n\n\n\n<p>La ampliaci\u00f3n de la carretera Guadalajara-Colima, atravesando con ayuda de puentes en los valles de la geograf\u00eda local, representar\u00e1 una reducci\u00f3n de tiempo para los automovilistas de 40 minutos en su recorrido de Manzanillo a Guadalajara.<\/p>\n\n\n\n<p>\u201cLos presidentes de los Centros Empresariales, celebramos el anuncio a la conclusi\u00f3n de los trabajos, con el fin de sumar al desarrollo de la regi\u00f3n, a la mejora de las condiciones sociales y cuidar el empleo, atender el problema para concluir los trabajos de la carretera dar\u00e1 buenos resultados en tiempos at\u00edpicos que nos ha tocado hacer frente\u201d, recalc\u00f3, Carlos Villase\u00f1or Franco, Presidente de Coparmex Jalisco.<\/p>\n\n\n\n<p>Los Centros Empresariales, dar\u00e1n seguimiento al cumplimiento de lo anunciado por el Gobierno Federal, para que se concluyan los trabajos y no se vuelva a detener la obra.<\/p>\n","protected":false},"excerpt":{"rendered":"<p>Presidentes de Coparmex Manzanillo, Jalisco y Colima<\/p>\n","protected":false},"author":2,"featured_media":6463,"comment_status":"open","ping_status":"open","sticky":false,"template":"","format":"standard","meta":{"footnotes":""},"categories":[348],"tags":[1177,1179,405,1178,1180],"class_list":["post-6462","post","type-post","status-publish","format-standard","has-post-thumbnail","hentry","category-noticias","tag-carretera-transvolcanica","tag-colima","tag-coparmex-jalisco","tag-manzanillo","tag-puerto-de-manzanillo"],"yoast_head":"<!-- This site is optimized with the Yoast SEO plugin v27.5 - https:\/\/yoast.com\/product\/yoast-seo-wordpress\/ -->\n<title>Celebran Centros Empresariales de Jalisco, Colima y Manzanillo, reinicio de trabajos en carretera transvolc\u00e1nica - Entorno Empresarial<\/title>\n<meta name=\"robots\" content=\"index, follow, max-snippet:-1, max-image-preview:large, max-video-preview:-1\" \/>\n<link rel=\"canonical\" href=\"https:\/\/coparmexjal.org.mx\/entorno-empresarial\/celebran-centros-empresariales-de-jalisco-colima-y-manzanillo-reinicio-de-trabajos-en-carretera-transvolcanica\/\" \/>\n<meta property=\"og:locale\" content=\"es_MX\" \/>\n<meta property=\"og:type\" content=\"article\" \/>\n<meta property=\"og:title\" content=\"Celebran Centros Empresariales de Jalisco, Colima y Manzanillo, reinicio de trabajos en carretera transvolc\u00e1nica - Entorno Empresarial\" \/>\n<meta property=\"og:description\" content=\"Presidentes de Coparmex Manzanillo, Jalisco y Colima\" \/>\n<meta property=\"og:url\" content=\"https:\/\/coparmexjal.org.mx\/entorno-empresarial\/celebran-centros-empresariales-de-jalisco-colima-y-manzanillo-reinicio-de-trabajos-en-carretera-transvolcanica\/\" \/>\n<meta property=\"og:site_name\" content=\"Entorno Empresarial\" \/>\n<meta property=\"article:publisher\" content=\"https:\/\/facebook.com\/comcoparmex\" \/>\n<meta property=\"article:published_time\" content=\"2022-03-07T17:12:54+00:00\" \/>\n<meta property=\"article:modified_time\" content=\"2022-03-07T17:12:58+00:00\" \/>\n<meta property=\"og:image\" content=\"https:\/\/coparmexjal.org.mx\/entorno-empresarial\/wp-content\/uploads\/2022\/03\/Presidentes-SUR.jpeg\" \/>\n\t<meta property=\"og:image:width\" content=\"994\" \/>\n\t<meta property=\"og:image:height\" content=\"800\" \/>\n\t<meta property=\"og:image:type\" content=\"image\/jpeg\" \/>\n<meta name=\"author\" content=\"Coparmex Jalisco\" \/>\n<meta name=\"twitter:card\" content=\"summary_large_image\" \/>\n<meta name=\"twitter:creator\" content=\"@comcoparmex\" \/>\n<meta name=\"twitter:site\" content=\"@comcoparmex\" \/>\n<meta name=\"twitter:label1\" content=\"Escrito por\" \/>\n\t<meta name=\"twitter:data1\" content=\"Coparmex Jalisco\" \/>\n\t<meta name=\"twitter:label2\" content=\"Tiempo de lectura\" \/>\n\t<meta name=\"twitter:data2\" content=\"4 minutos\" \/>\n<script type=\"application\/ld+json\" class=\"yoast-schema-graph\">{\"@context\":\"https:\\\/\\\/schema.org\",\"@graph\":[{\"@type\":\"Article\",\"@id\":\"https:\\\/\\\/coparmexjal.org.mx\\\/entorno-empresarial\\\/celebran-centros-empresariales-de-jalisco-colima-y-manzanillo-reinicio-de-trabajos-en-carretera-transvolcanica\\\/#article\",\"isPartOf\":{\"@id\":\"https:\\\/\\\/coparmexjal.org.mx\\\/entorno-empresarial\\\/celebran-centros-empresariales-de-jalisco-colima-y-manzanillo-reinicio-de-trabajos-en-carretera-transvolcanica\\\/\"},\"author\":{\"name\":\"Coparmex Jalisco\",\"@id\":\"https:\\\/\\\/coparmexjal.org.mx\\\/entorno-empresarial\\\/#\\\/schema\\\/person\\\/7d1d56a9587bfb3a725cd3dbfbdb9d44\"},\"headline\":\"Celebran Centros Empresariales de Jalisco, Colima y Manzanillo, reinicio de trabajos en carretera transvolc\u00e1nica\",\"datePublished\":\"2022-03-07T17:12:54+00:00\",\"dateModified\":\"2022-03-07T17:12:58+00:00\",\"mainEntityOfPage\":{\"@id\":\"https:\\\/\\\/coparmexjal.org.mx\\\/entorno-empresarial\\\/celebran-centros-empresariales-de-jalisco-colima-y-manzanillo-reinicio-de-trabajos-en-carretera-transvolcanica\\\/\"},\"wordCount\":735,\"commentCount\":0,\"publisher\":{\"@id\":\"https:\\\/\\\/coparmexjal.org.mx\\\/entorno-empresarial\\\/#organization\"},\"image\":{\"@id\":\"https:\\\/\\\/coparmexjal.org.mx\\\/entorno-empresarial\\\/celebran-centros-empresariales-de-jalisco-colima-y-manzanillo-reinicio-de-trabajos-en-carretera-transvolcanica\\\/#primaryimage\"},\"thumbnailUrl\":\"https:\\\/\\\/coparmexjal.org.mx\\\/entorno-empresarial\\\/wp-content\\\/uploads\\\/2022\\\/03\\\/Presidentes-SUR.jpeg\",\"keywords\":[\"Carretera Transvolc\u00e1nica\",\"Colima\",\"coparmex jalisco\",\"Manzanillo\",\"Puerto de Manzanillo\"],\"articleSection\":[\"Noticias\"],\"inLanguage\":\"es\",\"potentialAction\":[{\"@type\":\"CommentAction\",\"name\":\"Comment\",\"target\":[\"https:\\\/\\\/coparmexjal.org.mx\\\/entorno-empresarial\\\/celebran-centros-empresariales-de-jalisco-colima-y-manzanillo-reinicio-de-trabajos-en-carretera-transvolcanica\\\/#respond\"]}]},{\"@type\":\"WebPage\",\"@id\":\"https:\\\/\\\/coparmexjal.org.mx\\\/entorno-empresarial\\\/celebran-centros-empresariales-de-jalisco-colima-y-manzanillo-reinicio-de-trabajos-en-carretera-transvolcanica\\\/\",\"url\":\"https:\\\/\\\/coparmexjal.org.mx\\\/entorno-empresarial\\\/celebran-centros-empresariales-de-jalisco-colima-y-manzanillo-reinicio-de-trabajos-en-carretera-transvolcanica\\\/\",\"name\":\"Celebran Centros Empresariales de Jalisco, Colima y Manzanillo, reinicio de trabajos en carretera transvolc\u00e1nica - Entorno Empresarial\",\"isPartOf\":{\"@id\":\"https:\\\/\\\/coparmexjal.org.mx\\\/entorno-empresarial\\\/#website\"},\"primaryImageOfPage\":{\"@id\":\"https:\\\/\\\/coparmexjal.org.mx\\\/entorno-empresarial\\\/celebran-centros-empresariales-de-jalisco-colima-y-manzanillo-reinicio-de-trabajos-en-carretera-transvolcanica\\\/#primaryimage\"},\"image\":{\"@id\":\"https:\\\/\\\/coparmexjal.org.mx\\\/entorno-empresarial\\\/celebran-centros-empresariales-de-jalisco-colima-y-manzanillo-reinicio-de-trabajos-en-carretera-transvolcanica\\\/#primaryimage\"},\"thumbnailUrl\":\"https:\\\/\\\/coparmexjal.org.mx\\\/entorno-empresarial\\\/wp-content\\\/uploads\\\/2022\\\/03\\\/Presidentes-SUR.jpeg\",\"datePublished\":\"2022-03-07T17:12:54+00:00\",\"dateModified\":\"2022-03-07T17:12:58+00:00\",\"breadcrumb\":{\"@id\":\"https:\\\/\\\/coparmexjal.org.mx\\\/entorno-empresarial\\\/celebran-centros-empresariales-de-jalisco-colima-y-manzanillo-reinicio-de-trabajos-en-carretera-transvolcanica\\\/#breadcrumb\"},\"inLanguage\":\"es\",\"potentialAction\":[{\"@type\":\"ReadAction\",\"target\":[\"https:\\\/\\\/coparmexjal.org.mx\\\/entorno-empresarial\\\/celebran-centros-empresariales-de-jalisco-colima-y-manzanillo-reinicio-de-trabajos-en-carretera-transvolcanica\\\/\"]}]},{\"@type\":\"ImageObject\",\"inLanguage\":\"es\",\"@id\":\"https:\\\/\\\/coparmexjal.org.mx\\\/entorno-empresarial\\\/celebran-centros-empresariales-de-jalisco-colima-y-manzanillo-reinicio-de-trabajos-en-carretera-transvolcanica\\\/#primaryimage\",\"url\":\"https:\\\/\\\/coparmexjal.org.mx\\\/entorno-empresarial\\\/wp-content\\\/uploads\\\/2022\\\/03\\\/Presidentes-SUR.jpeg\",\"contentUrl\":\"https:\\\/\\\/coparmexjal.org.mx\\\/entorno-empresarial\\\/wp-content\\\/uploads\\\/2022\\\/03\\\/Presidentes-SUR.jpeg\",\"width\":994,\"height\":800},{\"@type\":\"BreadcrumbList\",\"@id\":\"https:\\\/\\\/coparmexjal.org.mx\\\/entorno-empresarial\\\/celebran-centros-empresariales-de-jalisco-colima-y-manzanillo-reinicio-de-trabajos-en-carretera-transvolcanica\\\/#breadcrumb\",\"itemListElement\":[{\"@type\":\"ListItem\",\"position\":1,\"name\":\"Inicio\",\"item\":\"https:\\\/\\\/coparmexjal.org.mx\\\/entorno-empresarial\\\/\"},{\"@type\":\"ListItem\",\"position\":2,\"name\":\"Celebran Centros Empresariales de Jalisco, Colima y Manzanillo, reinicio de trabajos en carretera transvolc\u00e1nica\"}]},{\"@type\":\"WebSite\",\"@id\":\"https:\\\/\\\/coparmexjal.org.mx\\\/entorno-empresarial\\\/#website\",\"url\":\"https:\\\/\\\/coparmexjal.org.mx\\\/entorno-empresarial\\\/\",\"name\":\"Revista Entorno Empresarial\",\"description\":\"Coparmex Jalisco\",\"publisher\":{\"@id\":\"https:\\\/\\\/coparmexjal.org.mx\\\/entorno-empresarial\\\/#organization\"},\"potentialAction\":[{\"@type\":\"SearchAction\",\"target\":{\"@type\":\"EntryPoint\",\"urlTemplate\":\"https:\\\/\\\/coparmexjal.org.mx\\\/entorno-empresarial\\\/?s={search_term_string}\"},\"query-input\":{\"@type\":\"PropertyValueSpecification\",\"valueRequired\":true,\"valueName\":\"search_term_string\"}}],\"inLanguage\":\"es\"},{\"@type\":\"Organization\",\"@id\":\"https:\\\/\\\/coparmexjal.org.mx\\\/entorno-empresarial\\\/#organization\",\"name\":\"Coparmex Jalisco\",\"url\":\"https:\\\/\\\/coparmexjal.org.mx\\\/entorno-empresarial\\\/\",\"logo\":{\"@type\":\"ImageObject\",\"inLanguage\":\"es\",\"@id\":\"https:\\\/\\\/coparmexjal.org.mx\\\/entorno-empresarial\\\/#\\\/schema\\\/logo\\\/image\\\/\",\"url\":\"https:\\\/\\\/coparmexjal.org.mx\\\/entorno-empresarial\\\/wp-content\\\/uploads\\\/2020\\\/02\\\/logo-amp.png\",\"contentUrl\":\"https:\\\/\\\/coparmexjal.org.mx\\\/entorno-empresarial\\\/wp-content\\\/uploads\\\/2020\\\/02\\\/logo-amp.png\",\"width\":120,\"height\":90,\"caption\":\"Coparmex Jalisco\"},\"image\":{\"@id\":\"https:\\\/\\\/coparmexjal.org.mx\\\/entorno-empresarial\\\/#\\\/schema\\\/logo\\\/image\\\/\"},\"sameAs\":[\"https:\\\/\\\/facebook.com\\\/comcoparmex\",\"https:\\\/\\\/x.com\\\/comcoparmex\",\"http:\\\/\\\/instagram.com\\\/coparmexjalisco\",\"https:\\\/\\\/mx.linkedin.com\\\/company\\\/coparmex-jalisco\",\"https:\\\/\\\/www.youtube.com\\\/c\\\/CoparmexJaliscomx\"]},{\"@type\":\"Person\",\"@id\":\"https:\\\/\\\/coparmexjal.org.mx\\\/entorno-empresarial\\\/#\\\/schema\\\/person\\\/7d1d56a9587bfb3a725cd3dbfbdb9d44\",\"name\":\"Coparmex Jalisco\",\"image\":{\"@type\":\"ImageObject\",\"inLanguage\":\"es\",\"@id\":\"https:\\\/\\\/coparmexjal.org.mx\\\/entorno-empresarial\\\/wp-content\\\/uploads\\\/2020\\\/06\\\/favicon-150x133.png\",\"url\":\"https:\\\/\\\/coparmexjal.org.mx\\\/entorno-empresarial\\\/wp-content\\\/uploads\\\/2020\\\/06\\\/favicon-150x133.png\",\"contentUrl\":\"https:\\\/\\\/coparmexjal.org.mx\\\/entorno-empresarial\\\/wp-content\\\/uploads\\\/2020\\\/06\\\/favicon-150x133.png\",\"caption\":\"Coparmex Jalisco\"},\"url\":\"https:\\\/\\\/coparmexjal.org.mx\\\/entorno-empresarial\\\/author\\\/coparmexjalisco\\\/\"}]}<\/script>\n<!-- \/ Yoast SEO plugin. -->","yoast_head_json":{"title":"Celebran Centros Empresariales de Jalisco, Colima y Manzanillo, reinicio de trabajos en carretera transvolc\u00e1nica - Entorno Empresarial","robots":{"index":"index","follow":"follow","max-snippet":"max-snippet:-1","max-image-preview":"max-image-preview:large","max-video-preview":"max-video-preview:-1"},"canonical":"https:\/\/coparmexjal.org.mx\/entorno-empresarial\/celebran-centros-empresariales-de-jalisco-colima-y-manzanillo-reinicio-de-trabajos-en-carretera-transvolcanica\/","og_locale":"es_MX","og_type":"article","og_title":"Celebran Centros Empresariales de Jalisco, Colima y Manzanillo, reinicio de trabajos en carretera transvolc\u00e1nica - Entorno Empresarial","og_description":"Presidentes de Coparmex Manzanillo, Jalisco y Colima","og_url":"https:\/\/coparmexjal.org.mx\/entorno-empresarial\/celebran-centros-empresariales-de-jalisco-colima-y-manzanillo-reinicio-de-trabajos-en-carretera-transvolcanica\/","og_site_name":"Entorno Empresarial","article_publisher":"https:\/\/facebook.com\/comcoparmex","article_published_time":"2022-03-07T17:12:54+00:00","article_modified_time":"2022-03-07T17:12:58+00:00","og_image":[{"width":994,"height":800,"url":"https:\/\/coparmexjal.org.mx\/entorno-empresarial\/wp-content\/uploads\/2022\/03\/Presidentes-SUR.jpeg","type":"image\/jpeg"}],"author":"Coparmex Jalisco","twitter_card":"summary_large_image","twitter_creator":"@comcoparmex","twitter_site":"@comcoparmex","twitter_misc":{"Escrito por":"Coparmex Jalisco","Tiempo de lectura":"4 minutos"},"schema":{"@context":"https:\/\/schema.org","@graph":[{"@type":"Article","@id":"https:\/\/coparmexjal.org.mx\/entorno-empresarial\/celebran-centros-empresariales-de-jalisco-colima-y-manzanillo-reinicio-de-trabajos-en-carretera-transvolcanica\/#article","isPartOf":{"@id":"https:\/\/coparmexjal.org.mx\/entorno-empresarial\/celebran-centros-empresariales-de-jalisco-colima-y-manzanillo-reinicio-de-trabajos-en-carretera-transvolcanica\/"},"author":{"name":"Coparmex Jalisco","@id":"https:\/\/coparmexjal.org.mx\/entorno-empresarial\/#\/schema\/person\/7d1d56a9587bfb3a725cd3dbfbdb9d44"},"headline":"Celebran Centros Empresariales de Jalisco, Colima y Manzanillo, reinicio de trabajos en carretera transvolc\u00e1nica","datePublished":"2022-03-07T17:12:54+00:00","dateModified":"2022-03-07T17:12:58+00:00","mainEntityOfPage":{"@id":"https:\/\/coparmexjal.org.mx\/entorno-empresarial\/celebran-centros-empresariales-de-jalisco-colima-y-manzanillo-reinicio-de-trabajos-en-carretera-transvolcanica\/"},"wordCount":735,"commentCount":0,"publisher":{"@id":"https:\/\/coparmexjal.org.mx\/entorno-empresarial\/#organization"},"image":{"@id":"https:\/\/coparmexjal.org.mx\/entorno-empresarial\/celebran-centros-empresariales-de-jalisco-colima-y-manzanillo-reinicio-de-trabajos-en-carretera-transvolcanica\/#primaryimage"},"thumbnailUrl":"https:\/\/coparmexjal.org.mx\/entorno-empresarial\/wp-content\/uploads\/2022\/03\/Presidentes-SUR.jpeg","keywords":["Carretera Transvolc\u00e1nica","Colima","coparmex jalisco","Manzanillo","Puerto de Manzanillo"],"articleSection":["Noticias"],"inLanguage":"es","potentialAction":[{"@type":"CommentAction","name":"Comment","target":["https:\/\/coparmexjal.org.mx\/entorno-empresarial\/celebran-centros-empresariales-de-jalisco-colima-y-manzanillo-reinicio-de-trabajos-en-carretera-transvolcanica\/#respond"]}]},{"@type":"WebPage","@id":"https:\/\/coparmexjal.org.mx\/entorno-empresarial\/celebran-centros-empresariales-de-jalisco-colima-y-manzanillo-reinicio-de-trabajos-en-carretera-transvolcanica\/","url":"https:\/\/coparmexjal.org.mx\/entorno-empresarial\/celebran-centros-empresariales-de-jalisco-colima-y-manzanillo-reinicio-de-trabajos-en-carretera-transvolcanica\/","name":"Celebran Centros Empresariales de Jalisco, Colima y Manzanillo, reinicio de trabajos en carretera transvolc\u00e1nica - Entorno Empresarial","isPartOf":{"@id":"https:\/\/coparmexjal.org.mx\/entorno-empresarial\/#website"},"primaryImageOfPage":{"@id":"https:\/\/coparmexjal.org.mx\/entorno-empresarial\/celebran-centros-empresariales-de-jalisco-colima-y-manzanillo-reinicio-de-trabajos-en-carretera-transvolcanica\/#primaryimage"},"image":{"@id":"https:\/\/coparmexjal.org.mx\/entorno-empresarial\/celebran-centros-empresariales-de-jalisco-colima-y-manzanillo-reinicio-de-trabajos-en-carretera-transvolcanica\/#primaryimage"},"thumbnailUrl":"https:\/\/coparmexjal.org.mx\/entorno-empresarial\/wp-content\/uploads\/2022\/03\/Presidentes-SUR.jpeg","datePublished":"2022-03-07T17:12:54+00:00","dateModified":"2022-03-07T17:12:58+00:00","breadcrumb":{"@id":"https:\/\/coparmexjal.org.mx\/entorno-empresarial\/celebran-centros-empresariales-de-jalisco-colima-y-manzanillo-reinicio-de-trabajos-en-carretera-transvolcanica\/#breadcrumb"},"inLanguage":"es","potentialAction":[{"@type":"ReadAction","target":["https:\/\/coparmexjal.org.mx\/entorno-empresarial\/celebran-centros-empresariales-de-jalisco-colima-y-manzanillo-reinicio-de-trabajos-en-carretera-transvolcanica\/"]}]},{"@type":"ImageObject","inLanguage":"es","@id":"https:\/\/coparmexjal.org.mx\/entorno-empresarial\/celebran-centros-empresariales-de-jalisco-colima-y-manzanillo-reinicio-de-trabajos-en-carretera-transvolcanica\/#primaryimage","url":"https:\/\/coparmexjal.org.mx\/entorno-empresarial\/wp-content\/uploads\/2022\/03\/Presidentes-SUR.jpeg","contentUrl":"https:\/\/coparmexjal.org.mx\/entorno-empresarial\/wp-content\/uploads\/2022\/03\/Presidentes-SUR.jpeg","width":994,"height":800},{"@type":"BreadcrumbList","@id":"https:\/\/coparmexjal.org.mx\/entorno-empresarial\/celebran-centros-empresariales-de-jalisco-colima-y-manzanillo-reinicio-de-trabajos-en-carretera-transvolcanica\/#breadcrumb","itemListElement":[{"@type":"ListItem","position":1,"name":"Inicio","item":"https:\/\/coparmexjal.org.mx\/entorno-empresarial\/"},{"@type":"ListItem","position":2,"name":"Celebran Centros Empresariales de Jalisco, Colima y Manzanillo, reinicio de trabajos en carretera transvolc\u00e1nica"}]},{"@type":"WebSite","@id":"https:\/\/coparmexjal.org.mx\/entorno-empresarial\/#website","url":"https:\/\/coparmexjal.org.mx\/entorno-empresarial\/","name":"Revista Entorno Empresarial","description":"Coparmex Jalisco","publisher":{"@id":"https:\/\/coparmexjal.org.mx\/entorno-empresarial\/#organization"},"potentialAction":[{"@type":"SearchAction","target":{"@type":"EntryPoint","urlTemplate":"https:\/\/coparmexjal.org.mx\/entorno-empresarial\/?s={search_term_string}"},"query-input":{"@type":"PropertyValueSpecification","valueRequired":true,"valueName":"search_term_string"}}],"inLanguage":"es"},{"@type":"Organization","@id":"https:\/\/coparmexjal.org.mx\/entorno-empresarial\/#organization","name":"Coparmex Jalisco","url":"https:\/\/coparmexjal.org.mx\/entorno-empresarial\/","logo":{"@type":"ImageObject","inLanguage":"es","@id":"https:\/\/coparmexjal.org.mx\/entorno-empresarial\/#\/schema\/logo\/image\/","url":"https:\/\/coparmexjal.org.mx\/entorno-empresarial\/wp-content\/uploads\/2020\/02\/logo-amp.png","contentUrl":"https:\/\/coparmexjal.org.mx\/entorno-empresarial\/wp-content\/uploads\/2020\/02\/logo-amp.png","width":120,"height":90,"caption":"Coparmex Jalisco"},"image":{"@id":"https:\/\/coparmexjal.org.mx\/entorno-empresarial\/#\/schema\/logo\/image\/"},"sameAs":["https:\/\/facebook.com\/comcoparmex","https:\/\/x.com\/comcoparmex","http:\/\/instagram.com\/coparmexjalisco","https:\/\/mx.linkedin.com\/company\/coparmex-jalisco","https:\/\/www.youtube.com\/c\/CoparmexJaliscomx"]},{"@type":"Person","@id":"https:\/\/coparmexjal.org.mx\/entorno-empresarial\/#\/schema\/person\/7d1d56a9587bfb3a725cd3dbfbdb9d44","name":"Coparmex Jalisco","image":{"@type":"ImageObject","inLanguage":"es","@id":"https:\/\/coparmexjal.org.mx\/entorno-empresarial\/wp-content\/uploads\/2020\/06\/favicon-150x133.png","url":"https:\/\/coparmexjal.org.mx\/entorno-empresarial\/wp-content\/uploads\/2020\/06\/favicon-150x133.png","contentUrl":"https:\/\/coparmexjal.org.mx\/entorno-empresarial\/wp-content\/uploads\/2020\/06\/favicon-150x133.png","caption":"Coparmex Jalisco"},"url":"https:\/\/coparmexjal.org.mx\/entorno-empresarial\/author\/coparmexjalisco\/"}]}},"_links":{"self":[{"href":"https:\/\/coparmexjal.org.mx\/entorno-empresarial\/wp-json\/wp\/v2\/posts\/6462","targetHints":{"allow":["GET"]}}],"collection":[{"href":"https:\/\/coparmexjal.org.mx\/entorno-empresarial\/wp-json\/wp\/v2\/posts"}],"about":[{"href":"https:\/\/coparmexjal.org.mx\/entorno-empresarial\/wp-json\/wp\/v2\/types\/post"}],"author":[{"embeddable":true,"href":"https:\/\/coparmexjal.org.mx\/entorno-empresarial\/wp-json\/wp\/v2\/users\/2"}],"replies":[{"embeddable":true,"href":"https:\/\/coparmexjal.org.mx\/entorno-empresarial\/wp-json\/wp\/v2\/comments?post=6462"}],"version-history":[{"count":1,"href":"https:\/\/coparmexjal.org.mx\/entorno-empresarial\/wp-json\/wp\/v2\/posts\/6462\/revisions"}],"predecessor-version":[{"id":6464,"href":"https:\/\/coparmexjal.org.mx\/entorno-empresarial\/wp-json\/wp\/v2\/posts\/6462\/revisions\/6464"}],"wp:featuredmedia":[{"embeddable":true,"href":"https:\/\/coparmexjal.org.mx\/entorno-empresarial\/wp-json\/wp\/v2\/media\/6463"}],"wp:attachment":[{"href":"https:\/\/coparmexjal.org.mx\/entorno-empresarial\/wp-json\/wp\/v2\/media?parent=6462"}],"wp:term":[{"taxonomy":"category","embeddable":true,"href":"https:\/\/coparmexjal.org.mx\/entorno-empresarial\/wp-json\/wp\/v2\/categories?post=6462"},{"taxonomy":"post_tag","embeddable":true,"href":"https:\/\/coparmexjal.org.mx\/entorno-empresarial\/wp-json\/wp\/v2\/tags?post=6462"}],"curies":[{"name":"wp","href":"https:\/\/api.w.org\/{rel}","templated":true}]}}