{"id":6444,"date":"2022-02-28T19:20:38","date_gmt":"2022-03-01T01:20:38","guid":{"rendered":"https:\/\/coparmexjal.org.mx\/entorno-empresarial\/?p=6444"},"modified":"2022-02-28T19:20:44","modified_gmt":"2022-03-01T01:20:44","slug":"el-emprendimiento-fortalece-la-economia","status":"publish","type":"post","link":"https:\/\/coparmexjal.org.mx\/entorno-empresarial\/el-emprendimiento-fortalece-la-economia\/","title":{"rendered":"El emprendimiento fortalece la econom\u00eda"},"content":{"rendered":"\n<ul class=\"wp-block-list\"><li>Resultados de la Encuesta a Emprendedores: derrama econ\u00f3mica, empleo, impacto en las familias y creaci\u00f3n de pol\u00edticas p\u00fablicas<\/li><\/ul>\n\n\n\n<p>La informalidad laboral es uno de los mayores desaf\u00edos para el fortalecimiento de las econom\u00edas y la promoci\u00f3n del desarrollo hacia el progreso social, desencadena una serie de situaciones que merma en la vinculaci\u00f3n con mercados laborales formales como: poca experiencia, niveles educativos bajos, ausencia de pol\u00edticas p\u00fablicas para el desarrollo de negocios y programas acad\u00e9micos dispares entre el perfil profesional y las necesidades actuales de las unidades econ\u00f3micas y el acceso a prestaciones fundamentales como lo son la seguridad social y vivienda.<\/p>\n\n\n\n<p>con el objetivo de encontrar indicadores que permitan tomar mejores decisiones y sumar personas a la formalidad, Coparmex Jalisco, ha trabajado en herramientas para mitigar la informalidad como lo son: El Premio Emprendedor y la Ley de Fomento al Emprendimiento. Enfatizando que el <s>e<\/s>mprendimiento es una palanca de desarrollo econ\u00f3mico, que promueve la conversi\u00f3n de ideas en modelos de negocio, apostando por el potencial personal, del producto o servicio y como generador de empleos.<\/p>\n\n\n\n<p><strong>Indicadores<\/strong><\/p>\n\n\n\n<p>Durante la recuperaci\u00f3n econ\u00f3mica del 2021 se observ\u00f3 que la informalidad en Jalisco tuvo un incremento del 6% en comparaci\u00f3n con los datos del cuarto trimestre del 2020. Aun as\u00ed, el estado se encuentra dentro de las 10 entidades con menor tasa de desempleo, y en relaci\u00f3n con la tendencia nacional, Jalisco destaca por presentar una tendencia a la baja en la tasa, caso contrario del panorama nacional que va en aumento.<\/p>\n\n\n\n<p>La informalidad laboral es uno de los mayores desaf\u00edos para el fortalecimiento de las econom\u00edas y la promoci\u00f3n del desarrollo hacia el progreso social, desencadena una serie de situaciones que merma en la vinculaci\u00f3n con mercados laborales formales como: poca experiencia, niveles educativos bajos, ausencia de pol\u00edticas p\u00fablicas para el desarrollo de negocios y programas acad\u00e9micos dispares entre el perfil profesional y las necesidades actuales de las unidades econ\u00f3micas y el acceso a prestaciones fundamentales como lo son la seguridad social y vivienda.<\/p>\n\n\n\n<p>con el objetivo de encontrar indicadores que permitan tomar mejores decisiones y sumar personas a la formalidad, Coparmex Jalisco, ha trabajado en herramientas para mitigar la informalidad como lo son: El Premio Emprendedor y la Ley de Fomento al Emprendimiento. Enfatizando que el <s>e<\/s>mprendimiento es una palanca de desarrollo econ\u00f3mico, que promueve la conversi\u00f3n de ideas en modelos de negocio, apostando por el potencial personal, del producto o servicio y como generador de empleos.<\/p>\n\n\n\n<p><strong>Indicadores<\/strong><\/p>\n\n\n\n<p>Durante la recuperaci\u00f3n econ\u00f3mica del 2021 se observ\u00f3 que la informalidad en Jalisco tuvo un incremento del 6% en comparaci\u00f3n con los datos del cuarto trimestre del 2020. Aun as\u00ed, el estado se encuentra dentro de las 10 entidades con menor tasa de desempleo, y en relaci\u00f3n con la tendencia nacional, Jalisco destaca por presentar una tendencia a la baja en la tasa, caso contrario del panorama nacional que va en aumento.<\/p>\n\n\n\n<figure class=\"wp-block-image size-full\"><img fetchpriority=\"high\" decoding=\"async\" width=\"478\" height=\"296\" src=\"https:\/\/coparmexjal.org.mx\/entorno-empresarial\/wp-content\/uploads\/2022\/02\/image-1.png\" alt=\"\" class=\"wp-image-6445\" srcset=\"https:\/\/coparmexjal.org.mx\/entorno-empresarial\/wp-content\/uploads\/2022\/02\/image-1.png 478w, https:\/\/coparmexjal.org.mx\/entorno-empresarial\/wp-content\/uploads\/2022\/02\/image-1-300x186.png 300w\" sizes=\"(max-width: 478px) 100vw, 478px\" \/><\/figure>\n\n\n\n<p>Los jaliscienses que se incorporaron al mercado laboral en el \u00faltimo a\u00f1o, lo realizaron en mayor medida en el sector formal, sin embargo, la informalidad contin\u00faa ganando terreno, por ello, la necesidad de incentivar a las y los emprendedores para lograr consolidarlos como empresas, y con ello generar m\u00e1s y mejores empleos.<\/p>\n\n\n\n<figure class=\"wp-block-image size-full\"><img decoding=\"async\" width=\"529\" height=\"317\" src=\"https:\/\/coparmexjal.org.mx\/entorno-empresarial\/wp-content\/uploads\/2022\/02\/image-2.png\" alt=\"\" class=\"wp-image-6446\" srcset=\"https:\/\/coparmexjal.org.mx\/entorno-empresarial\/wp-content\/uploads\/2022\/02\/image-2.png 529w, https:\/\/coparmexjal.org.mx\/entorno-empresarial\/wp-content\/uploads\/2022\/02\/image-2-300x180.png 300w\" sizes=\"(max-width: 529px) 100vw, 529px\" \/><\/figure>\n\n\n\n<p>Las mujeres han seguido una ligera tendencia ascendente en la informalidad los \u00faltimos 6 semestres, por su parte los hombres han tenido variaciones, siendo el primer trimestre del 2021 donde se registraron m\u00e1s. El 60 % de las personas en informalidad en el Estado en el \u00faltimo trimestre del 2021 son hombres, mientras que el restante son mujeres.<\/p>\n\n\n\n<figure class=\"wp-block-image size-full\"><img decoding=\"async\" width=\"480\" height=\"288\" src=\"https:\/\/coparmexjal.org.mx\/entorno-empresarial\/wp-content\/uploads\/2022\/02\/image-3.png\" alt=\"\" class=\"wp-image-6447\" srcset=\"https:\/\/coparmexjal.org.mx\/entorno-empresarial\/wp-content\/uploads\/2022\/02\/image-3.png 480w, https:\/\/coparmexjal.org.mx\/entorno-empresarial\/wp-content\/uploads\/2022\/02\/image-3-300x180.png 300w\" sizes=\"(max-width: 480px) 100vw, 480px\" \/><\/figure>\n\n\n\n<p><strong>Programas y presupuestos federales ausentes<\/strong><\/p>\n\n\n\n<p>Las personas que se arriesgan a emprender, sortean desaf\u00edos desde varios frentes, como falta de financiamiento, poca capacitaci\u00f3n en el tema que los vuelva innovadores, y particularmente pol\u00edticas p\u00fablicas que estimulen al emprendedor y que faciliten su posicionamiento en el mercado.<\/p>\n\n\n\n<p>Con informaci\u00f3n del Estudio sobre La Demograf\u00eda De Los Negocios (EDN) 2021, en Jalisco el EDN del 2020, ten\u00eda una proporci\u00f3n de nacimientos de 11.14 por ciento (lugar 20 a nivel nacional) y para el EDN 2021 bajo tres posiciones, es decir que se encuentra en la tabla media baja de empresas que nacieron en el 2020 y 2021.<\/p>\n\n\n\n<p>De acuerdo con el prontuario del presupuesto de egresos de la Federaci\u00f3n de M\u00e9xico 2021. En el presupuesto de la Secretaria de Econom\u00eda se le asign\u00f3 a la coordinaci\u00f3n General del Programa Nacional de Financiamiento al Microempresario 11.35 mdp en el 2020 y para el 2021 no tuvo presupuesto.<\/p>\n\n\n\n<p>El Fondo Nacional del Emprendedor no tiene dinero asignado desde el 2020. El instituto de pol\u00edticas de Fomento para los Emprendedores y Micro, Peque\u00f1as y Medianas empresas en 2020 tuvo 131.17 mdp y para el 2021 ya no recibi\u00f3. Asimismo, hay que agregar la desaparici\u00f3n del Instituto Nacional del Emprendedor (INADEM).<\/p>\n\n\n\n<p><strong>Acciones en Jalisco<\/strong><\/p>\n\n\n\n<p>De acuerdo con el presupuesto de egresos en Jalisco 2022, se asignaron mediante los programas <em>Jalisco Crece<\/em> y <em>Desarrollo Empresarial Micros y Peque\u00f1as Empresas<\/em> 115mdp.<\/p>\n\n\n\n<p>Tambi\u00e9n el presupuesto de ciencia y tecnolog\u00eda contempla programas que terminan por fortalecer el emprendimiento como los centros de innovaci\u00f3n.<\/p>\n\n\n\n<p>Los emprendedores generan una derrama econ\u00f3mica de <strong>49 mil millones de pesos<\/strong> en el estado en t\u00e9rminos de empleo e impacto en las familias de las y los colaboradores.<\/p>\n\n\n\n<p><strong>Emprendimiento y pandemia<\/strong><\/p>\n\n\n\n<p>Las emprendedores lograron adaptar sus operaciones a las medidas dictadas por la autoridad sanitaria, 63% ha tenido un impacto negativo de la pandemia en su emprendimiento y 87% consider\u00f3 que al t\u00e9rmino de la pandemia ser\u00e1n empresas m\u00e1s competitivas y con mejoras en sus procesos.<\/p>\n\n\n\n<p><strong>Emprendimiento Coparmex<\/strong><\/p>\n\n\n\n<p>Desde este organismo, tenemos la clara convicci\u00f3n de generar insumos que faciliten al emprendedor el desarrollo de sus ideas, por ello, el a\u00f1o pasado se concluy\u00f3 una encuesta para conocer el perfil del emprendedor, obst\u00e1culos que enfrenta, \u00e1reas en que se desarrolla y qu\u00e9 elementos de apoyo se deben fortalecer. El objetivo es crear pol\u00edticas p\u00fablicas y un ecosistema acorde a sus necesidades. Destacando los siguientes resultados:<\/p>\n\n\n\n<ul class=\"wp-block-list\"><li>M\u00e1s del 50% de quienes respondieron se encuentran entre los 21 y 40 a\u00f1os y el 89% tiene un grado acad\u00e9mico de licenciatura o superior.<\/li><\/ul>\n\n\n\n<ul class=\"wp-block-list\"><li>El sector industrial es clave en el emprendimiento, ocupando el 40%, le sigue los servicios con un 31% y el Comercio con el 29%.<\/li><\/ul>\n\n\n\n<ul class=\"wp-block-list\"><li>El tiempo promedio desde que inici\u00f3 su operaci\u00f3n hasta la consolidaci\u00f3n del negocio es superior a los 5 a\u00f1os.<\/li><\/ul>\n\n\n\n<ul class=\"wp-block-list\"><li>La mayor parte de los negocios de emprendedores genera hasta 5 empleos, con ventas mensuales promedio de 100 mil pesos.<\/li><\/ul>\n\n\n\n<p>Algunos de los elementos de apoyo que requieren los emprendedores para la consolidaci\u00f3n de sus proyectos son: inversi\u00f3n o financiamiento, asesor\u00eda y mentor\u00eda y exposici\u00f3n de la marca.<\/p>\n\n\n\n<p>El 72% manifest\u00f3 que iniciaron con recursos propios, 12% solicitaron pr\u00e9stamos y 16% lo hizo de manera h\u00edbrida.<\/p>\n\n\n\n<p><s>Q<\/s>uienes se vieron en la necesidad de cerrar lo hicieron por: problemas de tiempo, inversi\u00f3n y financiamiento, creaci\u00f3n de un nuevo proyecto, falta de acceso a tecnolog\u00eda, desconocimiento de competencias y poca viabilidad en el producto o servicio.<\/p>\n\n\n\n<p>Partiendo de estos puntos, se cae en la urgencia de sumar en la materia, por ello, Coparmex Jalisco a\u00f1o con a\u00f1o realiza la convocatoria del Premio Emprendedor, esta ser\u00e1 la edici\u00f3n 17. Adem\u00e1s de un premio, es un proceso de transformaci\u00f3n con empresarios de \u00e9xito, en busca de disminuir la desigualdad a trav\u00e9s de la generaci\u00f3n de m\u00e1s y mejores empresas que generen riqueza social y econ\u00f3mica.<\/p>\n\n\n\n<p>Este organismo invita a participar, registra tu proyecto en <a href=\"http:\/\/www.premioemprendedor.org.mx\">www.premioemprendedor.org.mx<\/a>.<\/p>\n\n\n\n<p>La mejor forma de alcanzar esta meta, es detectar emprendedores talentosos con el empuje y la motivaci\u00f3n suficiente para convertir su emprendimiento en una empresa con potencial de crecimiento, inspirando en ellos los valores de trascendencia y responsabilidad social.<\/p>\n","protected":false},"excerpt":{"rendered":"<p>Carlos Villase\u00f1or Franco, presidente de Coparmex Jalisco<\/p>\n","protected":false},"author":2,"featured_media":6450,"comment_status":"open","ping_status":"open","sticky":false,"template":"","format":"standard","meta":{"footnotes":""},"categories":[348],"tags":[405,260,252,169,601],"class_list":["post-6444","post","type-post","status-publish","format-standard","has-post-thumbnail","hentry","category-noticias","tag-coparmex-jalisco","tag-economia","tag-emprendimiento","tag-empresa","tag-premio-emprendedor"],"yoast_head":"<!-- This site is optimized with the Yoast SEO plugin v27.5 - https:\/\/yoast.com\/product\/yoast-seo-wordpress\/ -->\n<title>El emprendimiento fortalece la econom\u00eda - Entorno Empresarial<\/title>\n<meta name=\"description\" content=\"Resultados de la Encuesta a Emprendedores: derrama econ\u00f3mica, empleo, impacto en las familias y creaci\u00f3n de pol\u00edticas p\u00fablica\" \/>\n<meta name=\"robots\" content=\"index, follow, max-snippet:-1, max-image-preview:large, max-video-preview:-1\" \/>\n<link rel=\"canonical\" href=\"https:\/\/coparmexjal.org.mx\/entorno-empresarial\/el-emprendimiento-fortalece-la-economia\/\" \/>\n<meta property=\"og:locale\" content=\"es_MX\" \/>\n<meta property=\"og:type\" content=\"article\" \/>\n<meta property=\"og:title\" content=\"El emprendimiento fortalece la econom\u00eda - Entorno Empresarial\" \/>\n<meta property=\"og:description\" content=\"Resultados de la Encuesta a Emprendedores: derrama econ\u00f3mica, empleo, impacto en las familias y creaci\u00f3n de pol\u00edticas p\u00fablica\" \/>\n<meta property=\"og:url\" content=\"https:\/\/coparmexjal.org.mx\/entorno-empresarial\/el-emprendimiento-fortalece-la-economia\/\" \/>\n<meta property=\"og:site_name\" content=\"Entorno Empresarial\" \/>\n<meta property=\"article:publisher\" content=\"https:\/\/facebook.com\/comcoparmex\" \/>\n<meta property=\"article:published_time\" content=\"2022-03-01T01:20:38+00:00\" \/>\n<meta property=\"article:modified_time\" content=\"2022-03-01T01:20:44+00:00\" \/>\n<meta property=\"og:image\" content=\"https:\/\/coparmexjal.org.mx\/entorno-empresarial\/wp-content\/uploads\/2022\/02\/WhatsApp-Image-2022-02-28-at-4.05.04-PM-e1646097578249.jpeg\" \/>\n\t<meta property=\"og:image:width\" content=\"702\" \/>\n\t<meta property=\"og:image:height\" content=\"544\" \/>\n\t<meta property=\"og:image:type\" content=\"image\/jpeg\" \/>\n<meta name=\"author\" content=\"Coparmex Jalisco\" \/>\n<meta name=\"twitter:card\" content=\"summary_large_image\" \/>\n<meta name=\"twitter:creator\" content=\"@comcoparmex\" \/>\n<meta name=\"twitter:site\" content=\"@comcoparmex\" \/>\n<meta name=\"twitter:label1\" content=\"Escrito por\" \/>\n\t<meta name=\"twitter:data1\" content=\"Coparmex Jalisco\" \/>\n\t<meta name=\"twitter:label2\" content=\"Tiempo de lectura\" \/>\n\t<meta name=\"twitter:data2\" content=\"7 minutos\" \/>\n<script type=\"application\/ld+json\" class=\"yoast-schema-graph\">{\"@context\":\"https:\\\/\\\/schema.org\",\"@graph\":[{\"@type\":\"Article\",\"@id\":\"https:\\\/\\\/coparmexjal.org.mx\\\/entorno-empresarial\\\/el-emprendimiento-fortalece-la-economia\\\/#article\",\"isPartOf\":{\"@id\":\"https:\\\/\\\/coparmexjal.org.mx\\\/entorno-empresarial\\\/el-emprendimiento-fortalece-la-economia\\\/\"},\"author\":{\"name\":\"Coparmex Jalisco\",\"@id\":\"https:\\\/\\\/coparmexjal.org.mx\\\/entorno-empresarial\\\/#\\\/schema\\\/person\\\/7d1d56a9587bfb3a725cd3dbfbdb9d44\"},\"headline\":\"El emprendimiento fortalece la econom\u00eda\",\"datePublished\":\"2022-03-01T01:20:38+00:00\",\"dateModified\":\"2022-03-01T01:20:44+00:00\",\"mainEntityOfPage\":{\"@id\":\"https:\\\/\\\/coparmexjal.org.mx\\\/entorno-empresarial\\\/el-emprendimiento-fortalece-la-economia\\\/\"},\"wordCount\":1329,\"commentCount\":0,\"publisher\":{\"@id\":\"https:\\\/\\\/coparmexjal.org.mx\\\/entorno-empresarial\\\/#organization\"},\"image\":{\"@id\":\"https:\\\/\\\/coparmexjal.org.mx\\\/entorno-empresarial\\\/el-emprendimiento-fortalece-la-economia\\\/#primaryimage\"},\"thumbnailUrl\":\"https:\\\/\\\/coparmexjal.org.mx\\\/entorno-empresarial\\\/wp-content\\\/uploads\\\/2022\\\/02\\\/WhatsApp-Image-2022-02-28-at-4.05.04-PM-e1646097578249.jpeg\",\"keywords\":[\"coparmex jalisco\",\"econom\u00eda\",\"emprendimiento\",\"empresa\",\"Premio Emprendedor\"],\"articleSection\":[\"Noticias\"],\"inLanguage\":\"es\",\"potentialAction\":[{\"@type\":\"CommentAction\",\"name\":\"Comment\",\"target\":[\"https:\\\/\\\/coparmexjal.org.mx\\\/entorno-empresarial\\\/el-emprendimiento-fortalece-la-economia\\\/#respond\"]}]},{\"@type\":\"WebPage\",\"@id\":\"https:\\\/\\\/coparmexjal.org.mx\\\/entorno-empresarial\\\/el-emprendimiento-fortalece-la-economia\\\/\",\"url\":\"https:\\\/\\\/coparmexjal.org.mx\\\/entorno-empresarial\\\/el-emprendimiento-fortalece-la-economia\\\/\",\"name\":\"El emprendimiento fortalece la econom\u00eda - Entorno Empresarial\",\"isPartOf\":{\"@id\":\"https:\\\/\\\/coparmexjal.org.mx\\\/entorno-empresarial\\\/#website\"},\"primaryImageOfPage\":{\"@id\":\"https:\\\/\\\/coparmexjal.org.mx\\\/entorno-empresarial\\\/el-emprendimiento-fortalece-la-economia\\\/#primaryimage\"},\"image\":{\"@id\":\"https:\\\/\\\/coparmexjal.org.mx\\\/entorno-empresarial\\\/el-emprendimiento-fortalece-la-economia\\\/#primaryimage\"},\"thumbnailUrl\":\"https:\\\/\\\/coparmexjal.org.mx\\\/entorno-empresarial\\\/wp-content\\\/uploads\\\/2022\\\/02\\\/WhatsApp-Image-2022-02-28-at-4.05.04-PM-e1646097578249.jpeg\",\"datePublished\":\"2022-03-01T01:20:38+00:00\",\"dateModified\":\"2022-03-01T01:20:44+00:00\",\"description\":\"Resultados de la Encuesta a Emprendedores: derrama econ\u00f3mica, empleo, impacto en las familias y creaci\u00f3n de pol\u00edticas p\u00fablica\",\"breadcrumb\":{\"@id\":\"https:\\\/\\\/coparmexjal.org.mx\\\/entorno-empresarial\\\/el-emprendimiento-fortalece-la-economia\\\/#breadcrumb\"},\"inLanguage\":\"es\",\"potentialAction\":[{\"@type\":\"ReadAction\",\"target\":[\"https:\\\/\\\/coparmexjal.org.mx\\\/entorno-empresarial\\\/el-emprendimiento-fortalece-la-economia\\\/\"]}]},{\"@type\":\"ImageObject\",\"inLanguage\":\"es\",\"@id\":\"https:\\\/\\\/coparmexjal.org.mx\\\/entorno-empresarial\\\/el-emprendimiento-fortalece-la-economia\\\/#primaryimage\",\"url\":\"https:\\\/\\\/coparmexjal.org.mx\\\/entorno-empresarial\\\/wp-content\\\/uploads\\\/2022\\\/02\\\/WhatsApp-Image-2022-02-28-at-4.05.04-PM-e1646097578249.jpeg\",\"contentUrl\":\"https:\\\/\\\/coparmexjal.org.mx\\\/entorno-empresarial\\\/wp-content\\\/uploads\\\/2022\\\/02\\\/WhatsApp-Image-2022-02-28-at-4.05.04-PM-e1646097578249.jpeg\",\"width\":702,\"height\":544},{\"@type\":\"BreadcrumbList\",\"@id\":\"https:\\\/\\\/coparmexjal.org.mx\\\/entorno-empresarial\\\/el-emprendimiento-fortalece-la-economia\\\/#breadcrumb\",\"itemListElement\":[{\"@type\":\"ListItem\",\"position\":1,\"name\":\"Inicio\",\"item\":\"https:\\\/\\\/coparmexjal.org.mx\\\/entorno-empresarial\\\/\"},{\"@type\":\"ListItem\",\"position\":2,\"name\":\"El emprendimiento fortalece la econom\u00eda\"}]},{\"@type\":\"WebSite\",\"@id\":\"https:\\\/\\\/coparmexjal.org.mx\\\/entorno-empresarial\\\/#website\",\"url\":\"https:\\\/\\\/coparmexjal.org.mx\\\/entorno-empresarial\\\/\",\"name\":\"Revista Entorno Empresarial\",\"description\":\"Coparmex Jalisco\",\"publisher\":{\"@id\":\"https:\\\/\\\/coparmexjal.org.mx\\\/entorno-empresarial\\\/#organization\"},\"potentialAction\":[{\"@type\":\"SearchAction\",\"target\":{\"@type\":\"EntryPoint\",\"urlTemplate\":\"https:\\\/\\\/coparmexjal.org.mx\\\/entorno-empresarial\\\/?s={search_term_string}\"},\"query-input\":{\"@type\":\"PropertyValueSpecification\",\"valueRequired\":true,\"valueName\":\"search_term_string\"}}],\"inLanguage\":\"es\"},{\"@type\":\"Organization\",\"@id\":\"https:\\\/\\\/coparmexjal.org.mx\\\/entorno-empresarial\\\/#organization\",\"name\":\"Coparmex Jalisco\",\"url\":\"https:\\\/\\\/coparmexjal.org.mx\\\/entorno-empresarial\\\/\",\"logo\":{\"@type\":\"ImageObject\",\"inLanguage\":\"es\",\"@id\":\"https:\\\/\\\/coparmexjal.org.mx\\\/entorno-empresarial\\\/#\\\/schema\\\/logo\\\/image\\\/\",\"url\":\"https:\\\/\\\/coparmexjal.org.mx\\\/entorno-empresarial\\\/wp-content\\\/uploads\\\/2020\\\/02\\\/logo-amp.png\",\"contentUrl\":\"https:\\\/\\\/coparmexjal.org.mx\\\/entorno-empresarial\\\/wp-content\\\/uploads\\\/2020\\\/02\\\/logo-amp.png\",\"width\":120,\"height\":90,\"caption\":\"Coparmex Jalisco\"},\"image\":{\"@id\":\"https:\\\/\\\/coparmexjal.org.mx\\\/entorno-empresarial\\\/#\\\/schema\\\/logo\\\/image\\\/\"},\"sameAs\":[\"https:\\\/\\\/facebook.com\\\/comcoparmex\",\"https:\\\/\\\/x.com\\\/comcoparmex\",\"http:\\\/\\\/instagram.com\\\/coparmexjalisco\",\"https:\\\/\\\/mx.linkedin.com\\\/company\\\/coparmex-jalisco\",\"https:\\\/\\\/www.youtube.com\\\/c\\\/CoparmexJaliscomx\"]},{\"@type\":\"Person\",\"@id\":\"https:\\\/\\\/coparmexjal.org.mx\\\/entorno-empresarial\\\/#\\\/schema\\\/person\\\/7d1d56a9587bfb3a725cd3dbfbdb9d44\",\"name\":\"Coparmex Jalisco\",\"image\":{\"@type\":\"ImageObject\",\"inLanguage\":\"es\",\"@id\":\"https:\\\/\\\/coparmexjal.org.mx\\\/entorno-empresarial\\\/wp-content\\\/uploads\\\/2020\\\/06\\\/favicon-150x133.png\",\"url\":\"https:\\\/\\\/coparmexjal.org.mx\\\/entorno-empresarial\\\/wp-content\\\/uploads\\\/2020\\\/06\\\/favicon-150x133.png\",\"contentUrl\":\"https:\\\/\\\/coparmexjal.org.mx\\\/entorno-empresarial\\\/wp-content\\\/uploads\\\/2020\\\/06\\\/favicon-150x133.png\",\"caption\":\"Coparmex Jalisco\"},\"url\":\"https:\\\/\\\/coparmexjal.org.mx\\\/entorno-empresarial\\\/author\\\/coparmexjalisco\\\/\"}]}<\/script>\n<!-- \/ Yoast SEO plugin. -->","yoast_head_json":{"title":"El emprendimiento fortalece la econom\u00eda - Entorno Empresarial","description":"Resultados de la Encuesta a Emprendedores: derrama econ\u00f3mica, empleo, impacto en las familias y creaci\u00f3n de pol\u00edticas p\u00fablica","robots":{"index":"index","follow":"follow","max-snippet":"max-snippet:-1","max-image-preview":"max-image-preview:large","max-video-preview":"max-video-preview:-1"},"canonical":"https:\/\/coparmexjal.org.mx\/entorno-empresarial\/el-emprendimiento-fortalece-la-economia\/","og_locale":"es_MX","og_type":"article","og_title":"El emprendimiento fortalece la econom\u00eda - Entorno Empresarial","og_description":"Resultados de la Encuesta a Emprendedores: derrama econ\u00f3mica, empleo, impacto en las familias y creaci\u00f3n de pol\u00edticas p\u00fablica","og_url":"https:\/\/coparmexjal.org.mx\/entorno-empresarial\/el-emprendimiento-fortalece-la-economia\/","og_site_name":"Entorno Empresarial","article_publisher":"https:\/\/facebook.com\/comcoparmex","article_published_time":"2022-03-01T01:20:38+00:00","article_modified_time":"2022-03-01T01:20:44+00:00","og_image":[{"width":702,"height":544,"url":"https:\/\/coparmexjal.org.mx\/entorno-empresarial\/wp-content\/uploads\/2022\/02\/WhatsApp-Image-2022-02-28-at-4.05.04-PM-e1646097578249.jpeg","type":"image\/jpeg"}],"author":"Coparmex Jalisco","twitter_card":"summary_large_image","twitter_creator":"@comcoparmex","twitter_site":"@comcoparmex","twitter_misc":{"Escrito por":"Coparmex Jalisco","Tiempo de lectura":"7 minutos"},"schema":{"@context":"https:\/\/schema.org","@graph":[{"@type":"Article","@id":"https:\/\/coparmexjal.org.mx\/entorno-empresarial\/el-emprendimiento-fortalece-la-economia\/#article","isPartOf":{"@id":"https:\/\/coparmexjal.org.mx\/entorno-empresarial\/el-emprendimiento-fortalece-la-economia\/"},"author":{"name":"Coparmex Jalisco","@id":"https:\/\/coparmexjal.org.mx\/entorno-empresarial\/#\/schema\/person\/7d1d56a9587bfb3a725cd3dbfbdb9d44"},"headline":"El emprendimiento fortalece la econom\u00eda","datePublished":"2022-03-01T01:20:38+00:00","dateModified":"2022-03-01T01:20:44+00:00","mainEntityOfPage":{"@id":"https:\/\/coparmexjal.org.mx\/entorno-empresarial\/el-emprendimiento-fortalece-la-economia\/"},"wordCount":1329,"commentCount":0,"publisher":{"@id":"https:\/\/coparmexjal.org.mx\/entorno-empresarial\/#organization"},"image":{"@id":"https:\/\/coparmexjal.org.mx\/entorno-empresarial\/el-emprendimiento-fortalece-la-economia\/#primaryimage"},"thumbnailUrl":"https:\/\/coparmexjal.org.mx\/entorno-empresarial\/wp-content\/uploads\/2022\/02\/WhatsApp-Image-2022-02-28-at-4.05.04-PM-e1646097578249.jpeg","keywords":["coparmex jalisco","econom\u00eda","emprendimiento","empresa","Premio Emprendedor"],"articleSection":["Noticias"],"inLanguage":"es","potentialAction":[{"@type":"CommentAction","name":"Comment","target":["https:\/\/coparmexjal.org.mx\/entorno-empresarial\/el-emprendimiento-fortalece-la-economia\/#respond"]}]},{"@type":"WebPage","@id":"https:\/\/coparmexjal.org.mx\/entorno-empresarial\/el-emprendimiento-fortalece-la-economia\/","url":"https:\/\/coparmexjal.org.mx\/entorno-empresarial\/el-emprendimiento-fortalece-la-economia\/","name":"El emprendimiento fortalece la econom\u00eda - Entorno Empresarial","isPartOf":{"@id":"https:\/\/coparmexjal.org.mx\/entorno-empresarial\/#website"},"primaryImageOfPage":{"@id":"https:\/\/coparmexjal.org.mx\/entorno-empresarial\/el-emprendimiento-fortalece-la-economia\/#primaryimage"},"image":{"@id":"https:\/\/coparmexjal.org.mx\/entorno-empresarial\/el-emprendimiento-fortalece-la-economia\/#primaryimage"},"thumbnailUrl":"https:\/\/coparmexjal.org.mx\/entorno-empresarial\/wp-content\/uploads\/2022\/02\/WhatsApp-Image-2022-02-28-at-4.05.04-PM-e1646097578249.jpeg","datePublished":"2022-03-01T01:20:38+00:00","dateModified":"2022-03-01T01:20:44+00:00","description":"Resultados de la Encuesta a Emprendedores: derrama econ\u00f3mica, empleo, impacto en las familias y creaci\u00f3n de pol\u00edticas p\u00fablica","breadcrumb":{"@id":"https:\/\/coparmexjal.org.mx\/entorno-empresarial\/el-emprendimiento-fortalece-la-economia\/#breadcrumb"},"inLanguage":"es","potentialAction":[{"@type":"ReadAction","target":["https:\/\/coparmexjal.org.mx\/entorno-empresarial\/el-emprendimiento-fortalece-la-economia\/"]}]},{"@type":"ImageObject","inLanguage":"es","@id":"https:\/\/coparmexjal.org.mx\/entorno-empresarial\/el-emprendimiento-fortalece-la-economia\/#primaryimage","url":"https:\/\/coparmexjal.org.mx\/entorno-empresarial\/wp-content\/uploads\/2022\/02\/WhatsApp-Image-2022-02-28-at-4.05.04-PM-e1646097578249.jpeg","contentUrl":"https:\/\/coparmexjal.org.mx\/entorno-empresarial\/wp-content\/uploads\/2022\/02\/WhatsApp-Image-2022-02-28-at-4.05.04-PM-e1646097578249.jpeg","width":702,"height":544},{"@type":"BreadcrumbList","@id":"https:\/\/coparmexjal.org.mx\/entorno-empresarial\/el-emprendimiento-fortalece-la-economia\/#breadcrumb","itemListElement":[{"@type":"ListItem","position":1,"name":"Inicio","item":"https:\/\/coparmexjal.org.mx\/entorno-empresarial\/"},{"@type":"ListItem","position":2,"name":"El emprendimiento fortalece la econom\u00eda"}]},{"@type":"WebSite","@id":"https:\/\/coparmexjal.org.mx\/entorno-empresarial\/#website","url":"https:\/\/coparmexjal.org.mx\/entorno-empresarial\/","name":"Revista Entorno Empresarial","description":"Coparmex Jalisco","publisher":{"@id":"https:\/\/coparmexjal.org.mx\/entorno-empresarial\/#organization"},"potentialAction":[{"@type":"SearchAction","target":{"@type":"EntryPoint","urlTemplate":"https:\/\/coparmexjal.org.mx\/entorno-empresarial\/?s={search_term_string}"},"query-input":{"@type":"PropertyValueSpecification","valueRequired":true,"valueName":"search_term_string"}}],"inLanguage":"es"},{"@type":"Organization","@id":"https:\/\/coparmexjal.org.mx\/entorno-empresarial\/#organization","name":"Coparmex Jalisco","url":"https:\/\/coparmexjal.org.mx\/entorno-empresarial\/","logo":{"@type":"ImageObject","inLanguage":"es","@id":"https:\/\/coparmexjal.org.mx\/entorno-empresarial\/#\/schema\/logo\/image\/","url":"https:\/\/coparmexjal.org.mx\/entorno-empresarial\/wp-content\/uploads\/2020\/02\/logo-amp.png","contentUrl":"https:\/\/coparmexjal.org.mx\/entorno-empresarial\/wp-content\/uploads\/2020\/02\/logo-amp.png","width":120,"height":90,"caption":"Coparmex Jalisco"},"image":{"@id":"https:\/\/coparmexjal.org.mx\/entorno-empresarial\/#\/schema\/logo\/image\/"},"sameAs":["https:\/\/facebook.com\/comcoparmex","https:\/\/x.com\/comcoparmex","http:\/\/instagram.com\/coparmexjalisco","https:\/\/mx.linkedin.com\/company\/coparmex-jalisco","https:\/\/www.youtube.com\/c\/CoparmexJaliscomx"]},{"@type":"Person","@id":"https:\/\/coparmexjal.org.mx\/entorno-empresarial\/#\/schema\/person\/7d1d56a9587bfb3a725cd3dbfbdb9d44","name":"Coparmex Jalisco","image":{"@type":"ImageObject","inLanguage":"es","@id":"https:\/\/coparmexjal.org.mx\/entorno-empresarial\/wp-content\/uploads\/2020\/06\/favicon-150x133.png","url":"https:\/\/coparmexjal.org.mx\/entorno-empresarial\/wp-content\/uploads\/2020\/06\/favicon-150x133.png","contentUrl":"https:\/\/coparmexjal.org.mx\/entorno-empresarial\/wp-content\/uploads\/2020\/06\/favicon-150x133.png","caption":"Coparmex Jalisco"},"url":"https:\/\/coparmexjal.org.mx\/entorno-empresarial\/author\/coparmexjalisco\/"}]}},"_links":{"self":[{"href":"https:\/\/coparmexjal.org.mx\/entorno-empresarial\/wp-json\/wp\/v2\/posts\/6444","targetHints":{"allow":["GET"]}}],"collection":[{"href":"https:\/\/coparmexjal.org.mx\/entorno-empresarial\/wp-json\/wp\/v2\/posts"}],"about":[{"href":"https:\/\/coparmexjal.org.mx\/entorno-empresarial\/wp-json\/wp\/v2\/types\/post"}],"author":[{"embeddable":true,"href":"https:\/\/coparmexjal.org.mx\/entorno-empresarial\/wp-json\/wp\/v2\/users\/2"}],"replies":[{"embeddable":true,"href":"https:\/\/coparmexjal.org.mx\/entorno-empresarial\/wp-json\/wp\/v2\/comments?post=6444"}],"version-history":[{"count":1,"href":"https:\/\/coparmexjal.org.mx\/entorno-empresarial\/wp-json\/wp\/v2\/posts\/6444\/revisions"}],"predecessor-version":[{"id":6449,"href":"https:\/\/coparmexjal.org.mx\/entorno-empresarial\/wp-json\/wp\/v2\/posts\/6444\/revisions\/6449"}],"wp:featuredmedia":[{"embeddable":true,"href":"https:\/\/coparmexjal.org.mx\/entorno-empresarial\/wp-json\/wp\/v2\/media\/6450"}],"wp:attachment":[{"href":"https:\/\/coparmexjal.org.mx\/entorno-empresarial\/wp-json\/wp\/v2\/media?parent=6444"}],"wp:term":[{"taxonomy":"category","embeddable":true,"href":"https:\/\/coparmexjal.org.mx\/entorno-empresarial\/wp-json\/wp\/v2\/categories?post=6444"},{"taxonomy":"post_tag","embeddable":true,"href":"https:\/\/coparmexjal.org.mx\/entorno-empresarial\/wp-json\/wp\/v2\/tags?post=6444"}],"curies":[{"name":"wp","href":"https:\/\/api.w.org\/{rel}","templated":true}]}}